{"id":46341,"date":"2021-12-17T13:23:21","date_gmt":"2021-12-17T12:23:21","guid":{"rendered":"https:\/\/exaudi.org\/?p=46341"},"modified":"2021-12-17T17:01:36","modified_gmt":"2021-12-17T16:01:36","slug":"i-primi-rifugiati-di-cipro-accolti-dal-santo-padre","status":"publish","type":"post","link":"https:\/\/exaudi.org\/it\/i-primi-rifugiati-di-cipro-accolti-dal-santo-padre\/","title":{"rendered":"I primi rifugiati di Cipro accolti dal Santo Padre"},"content":{"rendered":"<p>Un compleanno ancora una volta festeggiato con sobriet\u00e0 e all\u2019insegna della solidariet\u00e0 concreta. Nessuna torta, niente candeline ma la vicinanza agli ultimi, agli &#8220;scartati&#8221;. Questa mattina, infatti, nel giorno in cui <a href=\"https:\/\/exaudi.org\/it\/buon-compleanno-papa-francesco\/\">compie 85 anni<\/a>, Papa Francesco ha ricevuto al Palazzo Apostolico un primo gruppo di una decina di rifugiati giunti in Italia ieri grazie a un accordo tra la Santa Sede, le Autorit\u00e0 italiane e quelle cipriote, come gi\u00e0 anticipato durante il recente viaggio apostolico a Cipro e in Grecia.<\/p>\n<p>Il gruppo di rifugiati sar\u00e0 sostenuto direttamente dal Santo Padre, mentre la <a href=\"https:\/\/www.santegidio.org\/\">Comunit\u00e0 di Sant\u2019Egidio<\/a> si occuper\u00e0 del loro inserimento. Lo aveva recentemente annunciato lo stesso presidente della Comunit\u00e0 Marco Impagliazzo. Il programma di integrazione previsto durer\u00e0 un anno,<\/p>\n<h2>Un ragazzo: &#8220;Ci hai salvato!&#8221;<\/h2>\n<figure id=\"attachment_46394\" aria-describedby=\"caption-attachment-46394\" style=\"width: 300px\" class=\"wp-caption alignleft\"><img loading=\"lazy\" decoding=\"async\" class=\"size-medium wp-image-46394\" src=\"https:\/\/exaudi.org\/wp-content\/uploads\/2021\/12\/rifugiati-1-1-300x200.jpg\" alt=\"\" width=\"300\" height=\"200\" srcset=\"https:\/\/exaudi.org\/wp-content\/uploads\/2021\/12\/rifugiati-1-1-300x200.jpg 300w, https:\/\/exaudi.org\/wp-content\/uploads\/2021\/12\/rifugiati-1-1-1024x683.jpg 1024w, https:\/\/exaudi.org\/wp-content\/uploads\/2021\/12\/rifugiati-1-1-770x513.jpg 770w, https:\/\/exaudi.org\/wp-content\/uploads\/2021\/12\/rifugiati-1-1-1536x1024.jpg 1536w, https:\/\/exaudi.org\/wp-content\/uploads\/2021\/12\/rifugiati-1-1-2048x1366.jpg 2048w, https:\/\/exaudi.org\/wp-content\/uploads\/2021\/12\/rifugiati-1-1-360x240.jpg?crop=1 360w, https:\/\/exaudi.org\/wp-content\/uploads\/2021\/12\/rifugiati-1-1-500x333.jpg 500w, https:\/\/exaudi.org\/wp-content\/uploads\/2021\/12\/rifugiati-1-1-1155x770.jpg 1155w, https:\/\/exaudi.org\/wp-content\/uploads\/2021\/12\/rifugiati-1-1-370x247.jpg 370w, https:\/\/exaudi.org\/wp-content\/uploads\/2021\/12\/rifugiati-1-1-293x195.jpg 293w, https:\/\/exaudi.org\/wp-content\/uploads\/2021\/12\/rifugiati-1-1-1400x934.jpg 1400w, https:\/\/exaudi.org\/wp-content\/uploads\/2021\/12\/rifugiati-1-1-120x80.jpg 120w, https:\/\/exaudi.org\/wp-content\/uploads\/2021\/12\/rifugiati-1-1-240x160.jpg 240w, https:\/\/exaudi.org\/wp-content\/uploads\/2021\/12\/rifugiati-1-1-390x260.jpg 390w\" sizes=\"auto, (max-width: 300px) 100vw, 300px\" \/><figcaption id=\"caption-attachment-46394\" class=\"wp-caption-text\">(C) Vatican Media<\/figcaption><\/figure>\n<p>Il Papa ha accolto i rifugiati nella sala del tronetto e ha ascoltato le loro storie, e quelle del loro viaggio dal Congo Brazzaville, dalla Repubblica Democratica del Congo, dal Camerun, dalla Somalia e dalla Siria. Alcuni di loro sono medici e tecnici informatici. \u201cCi hai salvato!\u201d ha detto, commosso, un ragazzo congolese, rivolgendosi a lui. Il Papa ha rivolto loro individualmente alcune parole di benvenuto e di affetto, e li ha ringraziati della visita.<\/p>\n<h2>Un quadro in dono<\/h2>\n<p>Nell\u2019augurargli \u201clunga vita e tanta salute\u201d per il suo compleanno, i rifugiati hanno offerto in dono al Papa un quadro di un rifugiato afgano, raffigurante il tentativo di attraversare il Mediterraneo da parte di alcuni migranti.<\/p>\n<p>Durante l&#8217;incontro Papa Francesco si \u00e8 informato riguardo a una bambina che aveva incontrato nel campo profughi di Mavrouni, a Lesbo, durante il suo ultimo viaggio in Grecia. La bambina verr\u00e0 in Italia nei prossimi giorni insieme alla famiglia per curarsi. Dopo una foto insieme, il Santo Padre ha salutato il gruppo di rifugiati e chiesto a tutti di pregare per lui.<\/p>\n","protected":false},"excerpt":{"rendered":"<p>I primi profughi giunti dopo il viaggio nell&#8217;isola hanno donato al Papa un quadro<\/p>\n","protected":false},"author":17,"featured_media":46391,"comment_status":"closed","ping_status":"closed","sticky":false,"template":"","format":"standard","meta":{"_acf_changed":false,"_crdt_document":"","inline_featured_image":false,"footnotes":""},"categories":[67],"tags":[251,509,640,4952],"class_list":["post-46341","post","type-post","status-publish","format-standard","has-post-thumbnail","hentry","category-leone-xiv","tag-papa-francesco","tag-profughi","tag-rifugiati","tag-trending-it"],"acf":[],"yoast_head":"<!-- This site is optimized with the Yoast SEO plugin v27.5 - https:\/\/yoast.com\/product\/yoast-seo-wordpress\/ -->\n<title>I primi rifugiati di Cipro accolti dal Santo Padre &#8211; Exaudi<\/title>\n<meta name=\"description\" content=\"Il Papa ha accolto i primi rifugiati provenienti da Cipro dopo il viaggio nell&#039;isola. I profughi hanno donato un quadro al S. Padre\" \/>\n<meta name=\"robots\" content=\"index, follow, max-snippet:-1, max-image-preview:large, max-video-preview:-1\" \/>\n<link rel=\"canonical\" href=\"https:\/\/exaudi.org\/it\/i-primi-rifugiati-di-cipro-accolti-dal-santo-padre\/\" \/>\n<meta property=\"og:locale\" content=\"it_IT\" \/>\n<meta property=\"og:type\" content=\"article\" \/>\n<meta property=\"og:title\" content=\"I primi rifugiati di Cipro accolti dal Santo Padre &#8211; Exaudi\" \/>\n<meta property=\"og:description\" content=\"Il Papa ha accolto i primi rifugiati provenienti da Cipro dopo il viaggio nell&#039;isola. I profughi hanno donato un quadro al S. Padre\" \/>\n<meta property=\"og:url\" content=\"https:\/\/exaudi.org\/it\/i-primi-rifugiati-di-cipro-accolti-dal-santo-padre\/\" \/>\n<meta property=\"og:site_name\" content=\"Exaudi\" \/>\n<meta property=\"article:publisher\" content=\"https:\/\/www.facebook.com\/ExaudiNews\" \/>\n<meta property=\"article:author\" content=\"https:\/\/www.facebook.com\/ExaudiNotizie\/\" \/>\n<meta property=\"article:published_time\" content=\"2021-12-17T12:23:21+00:00\" \/>\n<meta property=\"article:modified_time\" content=\"2021-12-17T16:01:36+00:00\" \/>\n<meta property=\"og:image\" content=\"https:\/\/exaudi.org\/wp-content\/uploads\/2021\/12\/rifugiati-1.jpg\" \/>\n\t<meta property=\"og:image:width\" content=\"2200\" \/>\n\t<meta property=\"og:image:height\" content=\"1467\" \/>\n\t<meta property=\"og:image:type\" content=\"image\/jpeg\" \/>\n<meta name=\"author\" content=\"Exaudi Redazione\" \/>\n<meta name=\"twitter:card\" content=\"summary_large_image\" \/>\n<meta name=\"twitter:creator\" content=\"@Exaudi_Notizie\" \/>\n<meta name=\"twitter:site\" content=\"@Exaudi_News\" \/>\n<meta name=\"twitter:label1\" content=\"Scritto da\" \/>\n\t<meta name=\"twitter:data1\" content=\"Exaudi Redazione\" \/>\n\t<meta name=\"twitter:label2\" content=\"Tempo di lettura stimato\" \/>\n\t<meta name=\"twitter:data2\" content=\"2 minuti\" \/>\n<script type=\"application\/ld+json\" class=\"yoast-schema-graph\">{\"@context\":\"https:\\\/\\\/schema.org\",\"@graph\":[{\"@type\":\"Article\",\"@id\":\"https:\\\/\\\/exaudi.org\\\/it\\\/i-primi-rifugiati-di-cipro-accolti-dal-santo-padre\\\/#article\",\"isPartOf\":{\"@id\":\"https:\\\/\\\/exaudi.org\\\/it\\\/i-primi-rifugiati-di-cipro-accolti-dal-santo-padre\\\/\"},\"author\":{\"name\":\"Exaudi Redazione\",\"@id\":\"https:\\\/\\\/exaudi.org\\\/#\\\/schema\\\/person\\\/e1ab6ed07c01774724dd96f925f3a5f0\"},\"headline\":\"I primi rifugiati di Cipro accolti dal Santo Padre\",\"datePublished\":\"2021-12-17T12:23:21+00:00\",\"dateModified\":\"2021-12-17T16:01:36+00:00\",\"mainEntityOfPage\":{\"@id\":\"https:\\\/\\\/exaudi.org\\\/it\\\/i-primi-rifugiati-di-cipro-accolti-dal-santo-padre\\\/\"},\"wordCount\":322,\"image\":{\"@id\":\"https:\\\/\\\/exaudi.org\\\/it\\\/i-primi-rifugiati-di-cipro-accolti-dal-santo-padre\\\/#primaryimage\"},\"thumbnailUrl\":\"https:\\\/\\\/exaudi.org\\\/wp-content\\\/uploads\\\/2021\\\/12\\\/rifugiati-1.jpg\",\"keywords\":[\"Papa Francesco\",\"profughi\",\"rifugiati\",\"Trending\"],\"articleSection\":[\"Leone XIV\"],\"inLanguage\":\"it-IT\"},{\"@type\":\"WebPage\",\"@id\":\"https:\\\/\\\/exaudi.org\\\/it\\\/i-primi-rifugiati-di-cipro-accolti-dal-santo-padre\\\/\",\"url\":\"https:\\\/\\\/exaudi.org\\\/it\\\/i-primi-rifugiati-di-cipro-accolti-dal-santo-padre\\\/\",\"name\":\"I primi rifugiati di Cipro accolti dal Santo Padre &#8211; Exaudi\",\"isPartOf\":{\"@id\":\"https:\\\/\\\/exaudi.org\\\/#website\"},\"primaryImageOfPage\":{\"@id\":\"https:\\\/\\\/exaudi.org\\\/it\\\/i-primi-rifugiati-di-cipro-accolti-dal-santo-padre\\\/#primaryimage\"},\"image\":{\"@id\":\"https:\\\/\\\/exaudi.org\\\/it\\\/i-primi-rifugiati-di-cipro-accolti-dal-santo-padre\\\/#primaryimage\"},\"thumbnailUrl\":\"https:\\\/\\\/exaudi.org\\\/wp-content\\\/uploads\\\/2021\\\/12\\\/rifugiati-1.jpg\",\"datePublished\":\"2021-12-17T12:23:21+00:00\",\"dateModified\":\"2021-12-17T16:01:36+00:00\",\"author\":{\"@id\":\"https:\\\/\\\/exaudi.org\\\/#\\\/schema\\\/person\\\/e1ab6ed07c01774724dd96f925f3a5f0\"},\"description\":\"Il Papa ha accolto i primi rifugiati provenienti da Cipro dopo il viaggio nell'isola. I profughi hanno donato un quadro al S. Padre\",\"breadcrumb\":{\"@id\":\"https:\\\/\\\/exaudi.org\\\/it\\\/i-primi-rifugiati-di-cipro-accolti-dal-santo-padre\\\/#breadcrumb\"},\"inLanguage\":\"it-IT\",\"potentialAction\":[{\"@type\":\"ReadAction\",\"target\":[\"https:\\\/\\\/exaudi.org\\\/it\\\/i-primi-rifugiati-di-cipro-accolti-dal-santo-padre\\\/\"]}]},{\"@type\":\"ImageObject\",\"inLanguage\":\"it-IT\",\"@id\":\"https:\\\/\\\/exaudi.org\\\/it\\\/i-primi-rifugiati-di-cipro-accolti-dal-santo-padre\\\/#primaryimage\",\"url\":\"https:\\\/\\\/exaudi.org\\\/wp-content\\\/uploads\\\/2021\\\/12\\\/rifugiati-1.jpg\",\"contentUrl\":\"https:\\\/\\\/exaudi.org\\\/wp-content\\\/uploads\\\/2021\\\/12\\\/rifugiati-1.jpg\",\"width\":2200,\"height\":1467,\"caption\":\"Il dono dei rifugiati al S. Padre (C) Vatican Media\"},{\"@type\":\"BreadcrumbList\",\"@id\":\"https:\\\/\\\/exaudi.org\\\/it\\\/i-primi-rifugiati-di-cipro-accolti-dal-santo-padre\\\/#breadcrumb\",\"itemListElement\":[{\"@type\":\"ListItem\",\"position\":1,\"name\":\"Portada\",\"item\":\"https:\\\/\\\/exaudi.org\\\/it\\\/\"},{\"@type\":\"ListItem\",\"position\":2,\"name\":\"I primi rifugiati di Cipro accolti dal Santo Padre\"}]},{\"@type\":\"WebSite\",\"@id\":\"https:\\\/\\\/exaudi.org\\\/#website\",\"url\":\"https:\\\/\\\/exaudi.org\\\/\",\"name\":\"Exaudi\",\"description\":\"News\",\"potentialAction\":[{\"@type\":\"SearchAction\",\"target\":{\"@type\":\"EntryPoint\",\"urlTemplate\":\"https:\\\/\\\/exaudi.org\\\/?s={search_term_string}\"},\"query-input\":{\"@type\":\"PropertyValueSpecification\",\"valueRequired\":true,\"valueName\":\"search_term_string\"}}],\"inLanguage\":\"it-IT\"},{\"@type\":\"Person\",\"@id\":\"https:\\\/\\\/exaudi.org\\\/#\\\/schema\\\/person\\\/e1ab6ed07c01774724dd96f925f3a5f0\",\"name\":\"Exaudi Redazione\",\"image\":{\"@type\":\"ImageObject\",\"inLanguage\":\"it-IT\",\"@id\":\"https:\\\/\\\/secure.gravatar.com\\\/avatar\\\/ad6774b3ada023bf5b939d64f45c94b3adf91502dd883507d469b4308a943bb3?s=96&d=mm&r=g\",\"url\":\"https:\\\/\\\/secure.gravatar.com\\\/avatar\\\/ad6774b3ada023bf5b939d64f45c94b3adf91502dd883507d469b4308a943bb3?s=96&d=mm&r=g\",\"contentUrl\":\"https:\\\/\\\/secure.gravatar.com\\\/avatar\\\/ad6774b3ada023bf5b939d64f45c94b3adf91502dd883507d469b4308a943bb3?s=96&d=mm&r=g\",\"caption\":\"Exaudi Redazione\"},\"description\":\"Che cosa \u00e8 Exaudi News? Exaudi News \u00e8 un agenzia cattolica internazionale che informa, istruisce e trasforma quotidianamente in spagnolo, inglese e italiano. Attraverso notizie, articoli di analisi e trasmissioni in diretta degli eventi del Papa, Exaudi cerca di rafforzare l'unit\u00e0 dei cristiani e di contribuire all'evangelizzazione del mondo, sempre guidato dalla dottrina sociale della Chiesa. Lavoriamo per portare la verit\u00e0 e i valori cristiani in ogni angolo del pianeta. Aiutaci a trasformare il mondo con Exaudi! Noi di Exaudi crediamo che l'evangelizzazione e l'informazione di qualit\u00e0 possano cambiare la vita. Per continuare la nostra missione ed espandere la nostra portata, abbiamo bisogno del tuo aiuto. Stiamo anche cercando persone motivate che vogliano unirsi al nostro team. Grazie al vostro sostegno raggiungeremo pi\u00f9 persone, diffonderemo il messaggio di Cristo e rafforzeremo l'unit\u00e0 dei cristiani. Vuoi unirti alla nostra missione? Per maggiori informazioni su come contribuire, visita Exaudi.org\\\/it o contattaci direttamente: info@exaudi.org Exaudi: informa, forma e trasforma.\",\"sameAs\":[\"https:\\\/\\\/www.facebook.com\\\/ExaudiNotizie\\\/\",\"https:\\\/\\\/www.instagram.com\\\/Exaudi_notizie\\\/\",\"https:\\\/\\\/x.com\\\/Exaudi_Notizie\",\"https:\\\/\\\/www.youtube.com\\\/@exaudicatholicnews\"],\"url\":\"https:\\\/\\\/exaudi.org\\\/it\\\/author\\\/dlvedi-org\\\/\"}]}<\/script>\n<!-- \/ Yoast SEO plugin. -->","yoast_head_json":{"title":"I primi rifugiati di Cipro accolti dal Santo Padre &#8211; Exaudi","description":"Il Papa ha accolto i primi rifugiati provenienti da Cipro dopo il viaggio nell'isola. I profughi hanno donato un quadro al S. Padre","robots":{"index":"index","follow":"follow","max-snippet":"max-snippet:-1","max-image-preview":"max-image-preview:large","max-video-preview":"max-video-preview:-1"},"canonical":"https:\/\/exaudi.org\/it\/i-primi-rifugiati-di-cipro-accolti-dal-santo-padre\/","og_locale":"it_IT","og_type":"article","og_title":"I primi rifugiati di Cipro accolti dal Santo Padre &#8211; Exaudi","og_description":"Il Papa ha accolto i primi rifugiati provenienti da Cipro dopo il viaggio nell'isola. I profughi hanno donato un quadro al S. Padre","og_url":"https:\/\/exaudi.org\/it\/i-primi-rifugiati-di-cipro-accolti-dal-santo-padre\/","og_site_name":"Exaudi","article_publisher":"https:\/\/www.facebook.com\/ExaudiNews","article_author":"https:\/\/www.facebook.com\/ExaudiNotizie\/","article_published_time":"2021-12-17T12:23:21+00:00","article_modified_time":"2021-12-17T16:01:36+00:00","og_image":[{"width":2200,"height":1467,"url":"https:\/\/exaudi.org\/wp-content\/uploads\/2021\/12\/rifugiati-1.jpg","type":"image\/jpeg"}],"author":"Exaudi Redazione","twitter_card":"summary_large_image","twitter_creator":"@Exaudi_Notizie","twitter_site":"@Exaudi_News","twitter_misc":{"Scritto da":"Exaudi Redazione","Tempo di lettura stimato":"2 minuti"},"schema":{"@context":"https:\/\/schema.org","@graph":[{"@type":"Article","@id":"https:\/\/exaudi.org\/it\/i-primi-rifugiati-di-cipro-accolti-dal-santo-padre\/#article","isPartOf":{"@id":"https:\/\/exaudi.org\/it\/i-primi-rifugiati-di-cipro-accolti-dal-santo-padre\/"},"author":{"name":"Exaudi Redazione","@id":"https:\/\/exaudi.org\/#\/schema\/person\/e1ab6ed07c01774724dd96f925f3a5f0"},"headline":"I primi rifugiati di Cipro accolti dal Santo Padre","datePublished":"2021-12-17T12:23:21+00:00","dateModified":"2021-12-17T16:01:36+00:00","mainEntityOfPage":{"@id":"https:\/\/exaudi.org\/it\/i-primi-rifugiati-di-cipro-accolti-dal-santo-padre\/"},"wordCount":322,"image":{"@id":"https:\/\/exaudi.org\/it\/i-primi-rifugiati-di-cipro-accolti-dal-santo-padre\/#primaryimage"},"thumbnailUrl":"https:\/\/exaudi.org\/wp-content\/uploads\/2021\/12\/rifugiati-1.jpg","keywords":["Papa Francesco","profughi","rifugiati","Trending"],"articleSection":["Leone XIV"],"inLanguage":"it-IT"},{"@type":"WebPage","@id":"https:\/\/exaudi.org\/it\/i-primi-rifugiati-di-cipro-accolti-dal-santo-padre\/","url":"https:\/\/exaudi.org\/it\/i-primi-rifugiati-di-cipro-accolti-dal-santo-padre\/","name":"I primi rifugiati di Cipro accolti dal Santo Padre &#8211; Exaudi","isPartOf":{"@id":"https:\/\/exaudi.org\/#website"},"primaryImageOfPage":{"@id":"https:\/\/exaudi.org\/it\/i-primi-rifugiati-di-cipro-accolti-dal-santo-padre\/#primaryimage"},"image":{"@id":"https:\/\/exaudi.org\/it\/i-primi-rifugiati-di-cipro-accolti-dal-santo-padre\/#primaryimage"},"thumbnailUrl":"https:\/\/exaudi.org\/wp-content\/uploads\/2021\/12\/rifugiati-1.jpg","datePublished":"2021-12-17T12:23:21+00:00","dateModified":"2021-12-17T16:01:36+00:00","author":{"@id":"https:\/\/exaudi.org\/#\/schema\/person\/e1ab6ed07c01774724dd96f925f3a5f0"},"description":"Il Papa ha accolto i primi rifugiati provenienti da Cipro dopo il viaggio nell'isola. I profughi hanno donato un quadro al S. Padre","breadcrumb":{"@id":"https:\/\/exaudi.org\/it\/i-primi-rifugiati-di-cipro-accolti-dal-santo-padre\/#breadcrumb"},"inLanguage":"it-IT","potentialAction":[{"@type":"ReadAction","target":["https:\/\/exaudi.org\/it\/i-primi-rifugiati-di-cipro-accolti-dal-santo-padre\/"]}]},{"@type":"ImageObject","inLanguage":"it-IT","@id":"https:\/\/exaudi.org\/it\/i-primi-rifugiati-di-cipro-accolti-dal-santo-padre\/#primaryimage","url":"https:\/\/exaudi.org\/wp-content\/uploads\/2021\/12\/rifugiati-1.jpg","contentUrl":"https:\/\/exaudi.org\/wp-content\/uploads\/2021\/12\/rifugiati-1.jpg","width":2200,"height":1467,"caption":"Il dono dei rifugiati al S. Padre (C) Vatican Media"},{"@type":"BreadcrumbList","@id":"https:\/\/exaudi.org\/it\/i-primi-rifugiati-di-cipro-accolti-dal-santo-padre\/#breadcrumb","itemListElement":[{"@type":"ListItem","position":1,"name":"Portada","item":"https:\/\/exaudi.org\/it\/"},{"@type":"ListItem","position":2,"name":"I primi rifugiati di Cipro accolti dal Santo Padre"}]},{"@type":"WebSite","@id":"https:\/\/exaudi.org\/#website","url":"https:\/\/exaudi.org\/","name":"Exaudi","description":"News","potentialAction":[{"@type":"SearchAction","target":{"@type":"EntryPoint","urlTemplate":"https:\/\/exaudi.org\/?s={search_term_string}"},"query-input":{"@type":"PropertyValueSpecification","valueRequired":true,"valueName":"search_term_string"}}],"inLanguage":"it-IT"},{"@type":"Person","@id":"https:\/\/exaudi.org\/#\/schema\/person\/e1ab6ed07c01774724dd96f925f3a5f0","name":"Exaudi Redazione","image":{"@type":"ImageObject","inLanguage":"it-IT","@id":"https:\/\/secure.gravatar.com\/avatar\/ad6774b3ada023bf5b939d64f45c94b3adf91502dd883507d469b4308a943bb3?s=96&d=mm&r=g","url":"https:\/\/secure.gravatar.com\/avatar\/ad6774b3ada023bf5b939d64f45c94b3adf91502dd883507d469b4308a943bb3?s=96&d=mm&r=g","contentUrl":"https:\/\/secure.gravatar.com\/avatar\/ad6774b3ada023bf5b939d64f45c94b3adf91502dd883507d469b4308a943bb3?s=96&d=mm&r=g","caption":"Exaudi Redazione"},"description":"Che cosa \u00e8 Exaudi News? Exaudi News \u00e8 un agenzia cattolica internazionale che informa, istruisce e trasforma quotidianamente in spagnolo, inglese e italiano. Attraverso notizie, articoli di analisi e trasmissioni in diretta degli eventi del Papa, Exaudi cerca di rafforzare l'unit\u00e0 dei cristiani e di contribuire all'evangelizzazione del mondo, sempre guidato dalla dottrina sociale della Chiesa. Lavoriamo per portare la verit\u00e0 e i valori cristiani in ogni angolo del pianeta. Aiutaci a trasformare il mondo con Exaudi! Noi di Exaudi crediamo che l'evangelizzazione e l'informazione di qualit\u00e0 possano cambiare la vita. Per continuare la nostra missione ed espandere la nostra portata, abbiamo bisogno del tuo aiuto. Stiamo anche cercando persone motivate che vogliano unirsi al nostro team. Grazie al vostro sostegno raggiungeremo pi\u00f9 persone, diffonderemo il messaggio di Cristo e rafforzeremo l'unit\u00e0 dei cristiani. Vuoi unirti alla nostra missione? Per maggiori informazioni su come contribuire, visita Exaudi.org\/it o contattaci direttamente: info@exaudi.org Exaudi: informa, forma e trasforma.","sameAs":["https:\/\/www.facebook.com\/ExaudiNotizie\/","https:\/\/www.instagram.com\/Exaudi_notizie\/","https:\/\/x.com\/Exaudi_Notizie","https:\/\/www.youtube.com\/@exaudicatholicnews"],"url":"https:\/\/exaudi.org\/it\/author\/dlvedi-org\/"}]}},"jetpack_featured_media_url":"https:\/\/exaudi.org\/wp-content\/uploads\/2021\/12\/rifugiati-1.jpg","jetpack_shortlink":"https:\/\/wp.me\/pgKjF2-c3r","_links":{"self":[{"href":"https:\/\/exaudi.org\/it\/wp-json\/wp\/v2\/posts\/46341","targetHints":{"allow":["GET"]}}],"collection":[{"href":"https:\/\/exaudi.org\/it\/wp-json\/wp\/v2\/posts"}],"about":[{"href":"https:\/\/exaudi.org\/it\/wp-json\/wp\/v2\/types\/post"}],"author":[{"embeddable":true,"href":"https:\/\/exaudi.org\/it\/wp-json\/wp\/v2\/users\/17"}],"replies":[{"embeddable":true,"href":"https:\/\/exaudi.org\/it\/wp-json\/wp\/v2\/comments?post=46341"}],"version-history":[{"count":0,"href":"https:\/\/exaudi.org\/it\/wp-json\/wp\/v2\/posts\/46341\/revisions"}],"wp:featuredmedia":[{"embeddable":true,"href":"https:\/\/exaudi.org\/it\/wp-json\/wp\/v2\/media\/46391"}],"wp:attachment":[{"href":"https:\/\/exaudi.org\/it\/wp-json\/wp\/v2\/media?parent=46341"}],"wp:term":[{"taxonomy":"category","embeddable":true,"href":"https:\/\/exaudi.org\/it\/wp-json\/wp\/v2\/categories?post=46341"},{"taxonomy":"post_tag","embeddable":true,"href":"https:\/\/exaudi.org\/it\/wp-json\/wp\/v2\/tags?post=46341"}],"curies":[{"name":"wp","href":"https:\/\/api.w.org\/{rel}","templated":true}]}}