{"id":45897,"date":"2021-12-15T11:44:39","date_gmt":"2021-12-15T10:44:39","guid":{"rendered":"https:\/\/exaudi.org\/?p=45897"},"modified":"2021-12-15T11:44:39","modified_gmt":"2021-12-15T10:44:39","slug":"silenzio-e-ascolto-lesempio-prezioso-di-san-giuseppe","status":"publish","type":"post","link":"https:\/\/exaudi.org\/it\/silenzio-e-ascolto-lesempio-prezioso-di-san-giuseppe\/","title":{"rendered":"Silenzio e ascolto, l\u2019esempio prezioso di San Giuseppe"},"content":{"rendered":"<p>San Giuseppe uomo del silenzio. Intorno a questo tema si \u00e8 sviluppata la riflessione di Papa Francesco nel corso dell\u2019udienza generale. Il Pontefice ha cos\u00ec continuato la catechesi sul Santo Patriarca. Ecco le sue parole:<\/p>\n<p>Cari fratelli e care sorelle, buongiorno! Continuiamo il nostro cammino di riflessione su San Giuseppe. Dopo aver illustrato l\u2019ambiente in cui \u00e8 vissuto, il suo ruolo nella storia della salvezza e il suo essere <a href=\"https:\/\/exaudi.org\/it\/fidanzati-e-sposi-sono-chiamati-a-testimoniare-lamore-maturo\/\">giusto e sposo di Maria<\/a>, oggi vorrei prendere in esame un altro aspetto importante della sua figura: il silenzio. Tante volte oggi ci vuole il silenzio. Il silenzio \u00e8 importante, a me colpisce un versetto del Libro della Sapienza che \u00e8 stato letto pensando al Natale e dice: \u201cQuando la notte era nel pi\u00f9 profondo silenzio, l\u00ec la tua parola \u00e8 discesa sulla terra\u201d. Nel momento di pi\u00f9 silenzio Dio si \u00e8 manifestato.<\/p>\n<h2>Cos\u00ec diminuisce il \u201cpappagallismo\u201d<\/h2>\n<p>\u00c8 importante pensare al silenzio in quest\u2019epoca che esso sembra non abbia tanto valore. I Vangeli non ci riportano nessuna parola di Giuseppe di Nazaret, niente, non ha mai parlato. Ci\u00f2 non significa che egli fosse taciturno, no, c\u2019\u00e8 un motivo pi\u00f9 profondo. Con questo suo silenzio, Giuseppe conferma quello che scrive Sant\u2019Agostino: \u00abNella misura in cui cresce in noi la Parola \u2013 il Verbo fatto uomo \u2013 diminuiscono le parole\u00bb. Nella misura che Ges\u00f9 &#8211; la vita spirituale &#8211; cresce, le parole diminuiscono. Questo che possiamo definire il \u201cpappagallismo\u201d parlare come pappagalli, continuamente, diminuisce un po\u2019.<\/p>\n<p>Lo stesso Giovanni Battista, che \u00e8 \u00abla voce che grida nel deserto: \u201cPreparate la via del Signore\u201d\u00bb, dice nei confronti del Verbo: \u00abEgli deve crescere e io devo diminuire\u00bb. Questo vuol dire che Lui deve parlare e io stare zitto e Giuseppe con il suo silenzio ci invita a lasciare spazio alla Presenza della Parola fatta carne, a Ges\u00f9<\/p>\n<h2>Un silenzio pieno di ascolto<\/h2>\n<p>Il silenzio di Giuseppe non \u00e8 mutismo; \u00e8 un silenzio pieno di ascolto, un silenzio operoso, un silenzio che fa emergere la sua grande interiorit\u00e0. \u00abUna parola pronunci\u00f2 il Padre, e fu suo Figlio \u2013 commenta San Giovanni della Croce, \u2013 ed essa parla sempre in eterno silenzio, e nel silenzio deve essere ascoltata dall\u2019anima\u00bb. Ges\u00f9 \u00e8 cresciuto a questa \u201cscuola\u201d, nella casa di Nazaret, con l\u2019esempio quotidiano di Maria e Giuseppe. E non meraviglia il fatto che Lui stesso, cercher\u00e0 spazi di silenzio nelle sue giornate e inviter\u00e0 i suoi discepoli a fare tale esperienza per esempio: \u00abVenite in disparte, in un luogo solitario, e riposatevi un po\u2019\u00bb.<\/p>\n<h2>Dimensione contemplativa<\/h2>\n<p>Come sarebbe bello se ognuno di noi, sull\u2019esempio di San Giuseppe, riuscisse a recuperare questa dimensione contemplativa della vita spalancata proprio dal silenzio. Ma tutti noi sappiamo per esperienza che non \u00e8 facile: il silenzio un po\u2019 ci spaventa, perch\u00e9 ci chiede di entrare dentro noi stessi e di incontrare la parte pi\u00f9 vera di noi. E tanta gente ha paura del silenzio, deve parlare, parlare, parlare o ascoltare, radio, televisione \u2026, ma il silenzio non pu\u00f2 accettarlo perch\u00e9 ha paura. Il filosofo Pascal osservava che \u00abtutta l\u2019infelicit\u00e0 degli uomini proviene da una cosa sola: dal non saper restare tranquilli in una camera\u00bb.<\/p>\n<h2>Coltivare spazi di silenzio<\/h2>\n<p>Cari fratelli e sorelle, impariamo da San Giuseppe a coltivare spazi di silenzio, in cui possa emergere un\u2019altra Parola cio\u00e8 Ges\u00f9, la Parola: quella dello Spirito Santo che abita in noi e che porta Ges\u00f9. Non \u00e8 facile riconoscere questa Voce, che molto spesso \u00e8 confusa insieme alle mille voci di preoccupazioni, tentazioni, desideri, speranze che ci abitano; ma senza questo allenamento che viene proprio dalla pratica del silenzio, pu\u00f2 ammalarsi anche il nostro parlare. Senza la pratica del silenzio si ammala il nostro parlare. Esso, invece di far splendere la verit\u00e0, pu\u00f2 diventare un\u2019arma pericolosa. Infatti, le nostre parole possono diventare adulazione, vanagloria, bugia, maldicenza, calunnia. \u00c8 un dato di esperienza che, come ci ricorda il Libro del Siracide, \u00abne uccide pi\u00f9 la lingua che la spada\u00bb.<\/p>\n<h2>La calunnia uccide<\/h2>\n<p>Ges\u00f9 lo ha detto chiaramente: chi parla male del fratello e della sorella, chi calunnia il prossimo, \u00e8 omicida. Uccide con la lingua. Noi non crediamo a questo ma \u00e8 la verit\u00e0. Pensiamo un po\u2019 alle volte che abbiamo ucciso con la lingua, ci vergogneremmo! Ma ci far\u00e0 tanto bene, tanto bene. La sapienza biblica afferma che \u00abmorte e vita sono in potere della lingua: chi ne fa buon uso, ne manger\u00e0 i frutti\u00bb.<\/p>\n<p>E l\u2019apostolo Giacomo, nella sua Lettera, sviluppa questo antico tema del potere, positivo e negativo, della parola con esempi folgoranti e dice cos\u00ec: \u00abSe uno non sbaglia nel parlare, \u00e8 un uomo perfetto, capace di tenere a freno anche tutto il corpo. [\u2026] anche la lingua \u00e8 un piccolo membro, eppure si vanta di grandi cose. [\u2026] Con essa benediciamo il Signore e Padre; e con essa malediciamo gli uomini, che sono fatti a somiglianza di Dio. Dalla medesima bocca escono benedizioni e maledizioni\u201d.<\/p>\n<p>Questo \u00e8 il motivo per cui dobbiamo imparare da Giuseppe a coltivare il silenzio: quello spazio di interiorit\u00e0 nelle nostre giornate in cui diamo la possibilit\u00e0 allo Spirito di rigenerarci, di consolarci, di correggerci. Non dico di cadere in un mutismo, no, ma di coltivare il silenzio. Ognuno guardi dentro se stesso: tante volte stiamo facendo un lavoro e quando finiamo subito cerchiamo il telefonino per fare un\u2019altra cosa, sempre stiamo cos\u00ec. E questo non aiuta, questo ci fa scivolare nella superficialit\u00e0. La profondit\u00e0 del cuore cresce col silenzio, silenzio che non \u00e8 mutismo, come ho detto, ma che lascia spazio alla saggezza, alla riflessione e allo Spirito Santo.<\/p>\n<h2>Mordersi la lingua<\/h2>\n<p>Noi a volte abbiamo paura dei momenti di silenzio, ma non dobbiamo avere paura! Ci far\u00e0 tanto bene il silenzio. E il beneficio del cuore che ne avremo guarir\u00e0 anche la nostra lingua, le nostre parole e soprattutto le nostre scelte. Infatti, Giuseppe ha unito al silenzio l\u2019azione. Egli non ha parlato, ma ha fatto, e ci ha mostrato cos\u00ec quello che un giorno Ges\u00f9 disse ai suoi discepoli: \u00abNon chi dice Signore, Signore entrer\u00e0 nel regno dei cieli, ma chi fa la volont\u00e0 del Padre mio che \u00e8 nei cieli\u00bb. Parole feconde quando parliamo e noi abbiamo il ricordo di quella canzone \u201cParole, parole, parole\u2026\u201d e niente di sostanziale. Silenzio, parlare giusto, qualche volta mordersi un po\u2019 la lingua, che fa bene, invece di dire stupidaggini.<\/p>\n<p>Concludiamo con una preghiera: San Giuseppe, uomo del silenzio, tu che nel Vangelo non hai pronunciato nessuna parola, insegnaci a digiunare dalle parole vane, a riscoprire il valore delle parole che edificano, incoraggiano, consolano, sostengono. Fatti vicino a coloro che soffrono a causa delle parole che feriscono, come le calunnie e le maldicenze, e aiutaci a unire sempre alle parole i fatti. Amen.<\/p>\n<h2>L\u2019appello per Haiti<\/h2>\n<p>Al termine dell\u2019udienza, dopo i consueti saluti nelle varie lingue, il S. Padre ha rivolto il seguente appello per Haiti: \u201cNelle scorse ore \u00e8 avvenuta una devastante esplosione a Cap-Heitien, nel nord di Haiti, nella quale hanno perso la vita numerose persone, tra cui molti bambini. Povero Haiti, una dietro l\u2019altra, \u00e8 un popolo in sofferenza. Preghiamo, preghiamo per Haiti, \u00e8 gente buona, gente brava, gente religiosa ma sta soffrendo tanto. Sono vicino agli abitanti di quella citt\u00e0 e ai familiari delle vittime, come pure ai feriti. Vi invito a unirvi alla preghiera per questi nostri fratelli e sorelle, cos\u00ec duramente provati\u201d.<\/p>\n","protected":false},"excerpt":{"rendered":"<p>Il Papa invita a lasciare spazio alla Parola che \u00e8 Ges\u00f9, Verbo incarnato <\/p>\n","protected":false},"author":17,"featured_media":45898,"comment_status":"closed","ping_status":"closed","sticky":false,"template":"","format":"standard","meta":{"_acf_changed":false,"_crdt_document":"","inline_featured_image":false,"footnotes":""},"categories":[111],"tags":[2487,251,961,5216],"class_list":["post-45897","post","type-post","status-publish","format-standard","has-post-thumbnail","hentry","category-udienza-generale","tag-featured-3","tag-papa-francesco","tag-san-giuseppe","tag-silenzio"],"acf":[],"yoast_head":"<!-- This site is optimized with the Yoast SEO plugin v27.4 - https:\/\/yoast.com\/product\/yoast-seo-wordpress\/ -->\n<title>Silenzio e ascolto, l\u2019esempio prezioso di San Giuseppe &#8211; Exaudi<\/title>\n<meta name=\"description\" content=\"San Giuseppe uomo del silenzio e dell&#039;ascolto: continua la catechesi di Papa Francesco sulla figura del Santo Patriarca nell&#039;udienza generale\" \/>\n<meta name=\"robots\" content=\"index, follow, max-snippet:-1, max-image-preview:large, max-video-preview:-1\" \/>\n<link rel=\"canonical\" href=\"https:\/\/exaudi.org\/it\/silenzio-e-ascolto-lesempio-prezioso-di-san-giuseppe\/\" \/>\n<meta property=\"og:locale\" content=\"it_IT\" \/>\n<meta property=\"og:type\" content=\"article\" \/>\n<meta property=\"og:title\" content=\"Silenzio e ascolto, l\u2019esempio prezioso di San Giuseppe &#8211; Exaudi\" \/>\n<meta property=\"og:description\" content=\"San Giuseppe uomo del silenzio e dell&#039;ascolto: continua la catechesi di Papa Francesco sulla figura del Santo Patriarca nell&#039;udienza generale\" \/>\n<meta property=\"og:url\" content=\"https:\/\/exaudi.org\/it\/silenzio-e-ascolto-lesempio-prezioso-di-san-giuseppe\/\" \/>\n<meta property=\"og:site_name\" content=\"Exaudi\" \/>\n<meta property=\"article:publisher\" content=\"https:\/\/www.facebook.com\/ExaudiNews\" \/>\n<meta property=\"article:author\" content=\"https:\/\/www.facebook.com\/ExaudiNotizie\/\" \/>\n<meta property=\"article:published_time\" content=\"2021-12-15T10:44:39+00:00\" \/>\n<meta property=\"og:image\" content=\"https:\/\/exaudi.org\/wp-content\/uploads\/2021\/12\/Presepe-aula-Paolo-VI-scaled.jpg\" \/>\n\t<meta property=\"og:image:width\" content=\"2560\" \/>\n\t<meta property=\"og:image:height\" content=\"1707\" \/>\n\t<meta property=\"og:image:type\" content=\"image\/jpeg\" \/>\n<meta name=\"author\" content=\"Exaudi Redazione\" \/>\n<meta name=\"twitter:card\" content=\"summary_large_image\" \/>\n<meta name=\"twitter:creator\" content=\"@Exaudi_Notizie\" \/>\n<meta name=\"twitter:site\" content=\"@Exaudi_News\" \/>\n<meta name=\"twitter:label1\" content=\"Scritto da\" \/>\n\t<meta name=\"twitter:data1\" content=\"Exaudi Redazione\" \/>\n\t<meta name=\"twitter:label2\" content=\"Tempo di lettura stimato\" \/>\n\t<meta name=\"twitter:data2\" content=\"6 minuti\" \/>\n<script type=\"application\/ld+json\" class=\"yoast-schema-graph\">{\"@context\":\"https:\\\/\\\/schema.org\",\"@graph\":[{\"@type\":\"Article\",\"@id\":\"https:\\\/\\\/exaudi.org\\\/it\\\/silenzio-e-ascolto-lesempio-prezioso-di-san-giuseppe\\\/#article\",\"isPartOf\":{\"@id\":\"https:\\\/\\\/exaudi.org\\\/it\\\/silenzio-e-ascolto-lesempio-prezioso-di-san-giuseppe\\\/\"},\"author\":{\"name\":\"Exaudi Redazione\",\"@id\":\"https:\\\/\\\/exaudi.org\\\/#\\\/schema\\\/person\\\/e1ab6ed07c01774724dd96f925f3a5f0\"},\"headline\":\"Silenzio e ascolto, l\u2019esempio prezioso di San Giuseppe\",\"datePublished\":\"2021-12-15T10:44:39+00:00\",\"mainEntityOfPage\":{\"@id\":\"https:\\\/\\\/exaudi.org\\\/it\\\/silenzio-e-ascolto-lesempio-prezioso-di-san-giuseppe\\\/\"},\"wordCount\":1214,\"image\":{\"@id\":\"https:\\\/\\\/exaudi.org\\\/it\\\/silenzio-e-ascolto-lesempio-prezioso-di-san-giuseppe\\\/#primaryimage\"},\"thumbnailUrl\":\"https:\\\/\\\/exaudi.org\\\/wp-content\\\/uploads\\\/2021\\\/12\\\/Presepe-aula-Paolo-VI-scaled.jpg\",\"keywords\":[\"Featured\",\"Papa Francesco\",\"San Giuseppe\",\"silenzio\"],\"articleSection\":[\"Udienza generale\"],\"inLanguage\":\"it-IT\"},{\"@type\":\"WebPage\",\"@id\":\"https:\\\/\\\/exaudi.org\\\/it\\\/silenzio-e-ascolto-lesempio-prezioso-di-san-giuseppe\\\/\",\"url\":\"https:\\\/\\\/exaudi.org\\\/it\\\/silenzio-e-ascolto-lesempio-prezioso-di-san-giuseppe\\\/\",\"name\":\"Silenzio e ascolto, l\u2019esempio prezioso di San Giuseppe &#8211; Exaudi\",\"isPartOf\":{\"@id\":\"https:\\\/\\\/exaudi.org\\\/#website\"},\"primaryImageOfPage\":{\"@id\":\"https:\\\/\\\/exaudi.org\\\/it\\\/silenzio-e-ascolto-lesempio-prezioso-di-san-giuseppe\\\/#primaryimage\"},\"image\":{\"@id\":\"https:\\\/\\\/exaudi.org\\\/it\\\/silenzio-e-ascolto-lesempio-prezioso-di-san-giuseppe\\\/#primaryimage\"},\"thumbnailUrl\":\"https:\\\/\\\/exaudi.org\\\/wp-content\\\/uploads\\\/2021\\\/12\\\/Presepe-aula-Paolo-VI-scaled.jpg\",\"datePublished\":\"2021-12-15T10:44:39+00:00\",\"author\":{\"@id\":\"https:\\\/\\\/exaudi.org\\\/#\\\/schema\\\/person\\\/e1ab6ed07c01774724dd96f925f3a5f0\"},\"description\":\"San Giuseppe uomo del silenzio e dell'ascolto: continua la catechesi di Papa Francesco sulla figura del Santo Patriarca nell'udienza generale\",\"breadcrumb\":{\"@id\":\"https:\\\/\\\/exaudi.org\\\/it\\\/silenzio-e-ascolto-lesempio-prezioso-di-san-giuseppe\\\/#breadcrumb\"},\"inLanguage\":\"it-IT\",\"potentialAction\":[{\"@type\":\"ReadAction\",\"target\":[\"https:\\\/\\\/exaudi.org\\\/it\\\/silenzio-e-ascolto-lesempio-prezioso-di-san-giuseppe\\\/\"]}]},{\"@type\":\"ImageObject\",\"inLanguage\":\"it-IT\",\"@id\":\"https:\\\/\\\/exaudi.org\\\/it\\\/silenzio-e-ascolto-lesempio-prezioso-di-san-giuseppe\\\/#primaryimage\",\"url\":\"https:\\\/\\\/exaudi.org\\\/wp-content\\\/uploads\\\/2021\\\/12\\\/Presepe-aula-Paolo-VI-scaled.jpg\",\"contentUrl\":\"https:\\\/\\\/exaudi.org\\\/wp-content\\\/uploads\\\/2021\\\/12\\\/Presepe-aula-Paolo-VI-scaled.jpg\",\"width\":2560,\"height\":1707,\"caption\":\"(C) Vatican Media\"},{\"@type\":\"BreadcrumbList\",\"@id\":\"https:\\\/\\\/exaudi.org\\\/it\\\/silenzio-e-ascolto-lesempio-prezioso-di-san-giuseppe\\\/#breadcrumb\",\"itemListElement\":[{\"@type\":\"ListItem\",\"position\":1,\"name\":\"Portada\",\"item\":\"https:\\\/\\\/exaudi.org\\\/it\\\/\"},{\"@type\":\"ListItem\",\"position\":2,\"name\":\"Silenzio e ascolto, l\u2019esempio prezioso di San Giuseppe\"}]},{\"@type\":\"WebSite\",\"@id\":\"https:\\\/\\\/exaudi.org\\\/#website\",\"url\":\"https:\\\/\\\/exaudi.org\\\/\",\"name\":\"Exaudi\",\"description\":\"News\",\"potentialAction\":[{\"@type\":\"SearchAction\",\"target\":{\"@type\":\"EntryPoint\",\"urlTemplate\":\"https:\\\/\\\/exaudi.org\\\/?s={search_term_string}\"},\"query-input\":{\"@type\":\"PropertyValueSpecification\",\"valueRequired\":true,\"valueName\":\"search_term_string\"}}],\"inLanguage\":\"it-IT\"},{\"@type\":\"Person\",\"@id\":\"https:\\\/\\\/exaudi.org\\\/#\\\/schema\\\/person\\\/e1ab6ed07c01774724dd96f925f3a5f0\",\"name\":\"Exaudi Redazione\",\"image\":{\"@type\":\"ImageObject\",\"inLanguage\":\"it-IT\",\"@id\":\"https:\\\/\\\/secure.gravatar.com\\\/avatar\\\/ad6774b3ada023bf5b939d64f45c94b3adf91502dd883507d469b4308a943bb3?s=96&d=mm&r=g\",\"url\":\"https:\\\/\\\/secure.gravatar.com\\\/avatar\\\/ad6774b3ada023bf5b939d64f45c94b3adf91502dd883507d469b4308a943bb3?s=96&d=mm&r=g\",\"contentUrl\":\"https:\\\/\\\/secure.gravatar.com\\\/avatar\\\/ad6774b3ada023bf5b939d64f45c94b3adf91502dd883507d469b4308a943bb3?s=96&d=mm&r=g\",\"caption\":\"Exaudi Redazione\"},\"description\":\"Che cosa \u00e8 Exaudi News? Exaudi News \u00e8 un agenzia cattolica internazionale che informa, istruisce e trasforma quotidianamente in spagnolo, inglese e italiano. Attraverso notizie, articoli di analisi e trasmissioni in diretta degli eventi del Papa, Exaudi cerca di rafforzare l'unit\u00e0 dei cristiani e di contribuire all'evangelizzazione del mondo, sempre guidato dalla dottrina sociale della Chiesa. Lavoriamo per portare la verit\u00e0 e i valori cristiani in ogni angolo del pianeta. Aiutaci a trasformare il mondo con Exaudi! Noi di Exaudi crediamo che l'evangelizzazione e l'informazione di qualit\u00e0 possano cambiare la vita. Per continuare la nostra missione ed espandere la nostra portata, abbiamo bisogno del tuo aiuto. Stiamo anche cercando persone motivate che vogliano unirsi al nostro team. Grazie al vostro sostegno raggiungeremo pi\u00f9 persone, diffonderemo il messaggio di Cristo e rafforzeremo l'unit\u00e0 dei cristiani. Vuoi unirti alla nostra missione? Per maggiori informazioni su come contribuire, visita Exaudi.org\\\/it o contattaci direttamente: info@exaudi.org Exaudi: informa, forma e trasforma.\",\"sameAs\":[\"https:\\\/\\\/www.facebook.com\\\/ExaudiNotizie\\\/\",\"https:\\\/\\\/www.instagram.com\\\/Exaudi_notizie\\\/\",\"https:\\\/\\\/x.com\\\/Exaudi_Notizie\",\"https:\\\/\\\/www.youtube.com\\\/@exaudicatholicnews\"],\"url\":\"https:\\\/\\\/exaudi.org\\\/it\\\/author\\\/dlvedi-org\\\/\"}]}<\/script>\n<!-- \/ Yoast SEO plugin. -->","yoast_head_json":{"title":"Silenzio e ascolto, l\u2019esempio prezioso di San Giuseppe &#8211; Exaudi","description":"San Giuseppe uomo del silenzio e dell'ascolto: continua la catechesi di Papa Francesco sulla figura del Santo Patriarca nell'udienza generale","robots":{"index":"index","follow":"follow","max-snippet":"max-snippet:-1","max-image-preview":"max-image-preview:large","max-video-preview":"max-video-preview:-1"},"canonical":"https:\/\/exaudi.org\/it\/silenzio-e-ascolto-lesempio-prezioso-di-san-giuseppe\/","og_locale":"it_IT","og_type":"article","og_title":"Silenzio e ascolto, l\u2019esempio prezioso di San Giuseppe &#8211; Exaudi","og_description":"San Giuseppe uomo del silenzio e dell'ascolto: continua la catechesi di Papa Francesco sulla figura del Santo Patriarca nell'udienza generale","og_url":"https:\/\/exaudi.org\/it\/silenzio-e-ascolto-lesempio-prezioso-di-san-giuseppe\/","og_site_name":"Exaudi","article_publisher":"https:\/\/www.facebook.com\/ExaudiNews","article_author":"https:\/\/www.facebook.com\/ExaudiNotizie\/","article_published_time":"2021-12-15T10:44:39+00:00","og_image":[{"width":2560,"height":1707,"url":"https:\/\/exaudi.org\/wp-content\/uploads\/2021\/12\/Presepe-aula-Paolo-VI-scaled.jpg","type":"image\/jpeg"}],"author":"Exaudi Redazione","twitter_card":"summary_large_image","twitter_creator":"@Exaudi_Notizie","twitter_site":"@Exaudi_News","twitter_misc":{"Scritto da":"Exaudi Redazione","Tempo di lettura stimato":"6 minuti"},"schema":{"@context":"https:\/\/schema.org","@graph":[{"@type":"Article","@id":"https:\/\/exaudi.org\/it\/silenzio-e-ascolto-lesempio-prezioso-di-san-giuseppe\/#article","isPartOf":{"@id":"https:\/\/exaudi.org\/it\/silenzio-e-ascolto-lesempio-prezioso-di-san-giuseppe\/"},"author":{"name":"Exaudi Redazione","@id":"https:\/\/exaudi.org\/#\/schema\/person\/e1ab6ed07c01774724dd96f925f3a5f0"},"headline":"Silenzio e ascolto, l\u2019esempio prezioso di San Giuseppe","datePublished":"2021-12-15T10:44:39+00:00","mainEntityOfPage":{"@id":"https:\/\/exaudi.org\/it\/silenzio-e-ascolto-lesempio-prezioso-di-san-giuseppe\/"},"wordCount":1214,"image":{"@id":"https:\/\/exaudi.org\/it\/silenzio-e-ascolto-lesempio-prezioso-di-san-giuseppe\/#primaryimage"},"thumbnailUrl":"https:\/\/exaudi.org\/wp-content\/uploads\/2021\/12\/Presepe-aula-Paolo-VI-scaled.jpg","keywords":["Featured","Papa Francesco","San Giuseppe","silenzio"],"articleSection":["Udienza generale"],"inLanguage":"it-IT"},{"@type":"WebPage","@id":"https:\/\/exaudi.org\/it\/silenzio-e-ascolto-lesempio-prezioso-di-san-giuseppe\/","url":"https:\/\/exaudi.org\/it\/silenzio-e-ascolto-lesempio-prezioso-di-san-giuseppe\/","name":"Silenzio e ascolto, l\u2019esempio prezioso di San Giuseppe &#8211; Exaudi","isPartOf":{"@id":"https:\/\/exaudi.org\/#website"},"primaryImageOfPage":{"@id":"https:\/\/exaudi.org\/it\/silenzio-e-ascolto-lesempio-prezioso-di-san-giuseppe\/#primaryimage"},"image":{"@id":"https:\/\/exaudi.org\/it\/silenzio-e-ascolto-lesempio-prezioso-di-san-giuseppe\/#primaryimage"},"thumbnailUrl":"https:\/\/exaudi.org\/wp-content\/uploads\/2021\/12\/Presepe-aula-Paolo-VI-scaled.jpg","datePublished":"2021-12-15T10:44:39+00:00","author":{"@id":"https:\/\/exaudi.org\/#\/schema\/person\/e1ab6ed07c01774724dd96f925f3a5f0"},"description":"San Giuseppe uomo del silenzio e dell'ascolto: continua la catechesi di Papa Francesco sulla figura del Santo Patriarca nell'udienza generale","breadcrumb":{"@id":"https:\/\/exaudi.org\/it\/silenzio-e-ascolto-lesempio-prezioso-di-san-giuseppe\/#breadcrumb"},"inLanguage":"it-IT","potentialAction":[{"@type":"ReadAction","target":["https:\/\/exaudi.org\/it\/silenzio-e-ascolto-lesempio-prezioso-di-san-giuseppe\/"]}]},{"@type":"ImageObject","inLanguage":"it-IT","@id":"https:\/\/exaudi.org\/it\/silenzio-e-ascolto-lesempio-prezioso-di-san-giuseppe\/#primaryimage","url":"https:\/\/exaudi.org\/wp-content\/uploads\/2021\/12\/Presepe-aula-Paolo-VI-scaled.jpg","contentUrl":"https:\/\/exaudi.org\/wp-content\/uploads\/2021\/12\/Presepe-aula-Paolo-VI-scaled.jpg","width":2560,"height":1707,"caption":"(C) Vatican Media"},{"@type":"BreadcrumbList","@id":"https:\/\/exaudi.org\/it\/silenzio-e-ascolto-lesempio-prezioso-di-san-giuseppe\/#breadcrumb","itemListElement":[{"@type":"ListItem","position":1,"name":"Portada","item":"https:\/\/exaudi.org\/it\/"},{"@type":"ListItem","position":2,"name":"Silenzio e ascolto, l\u2019esempio prezioso di San Giuseppe"}]},{"@type":"WebSite","@id":"https:\/\/exaudi.org\/#website","url":"https:\/\/exaudi.org\/","name":"Exaudi","description":"News","potentialAction":[{"@type":"SearchAction","target":{"@type":"EntryPoint","urlTemplate":"https:\/\/exaudi.org\/?s={search_term_string}"},"query-input":{"@type":"PropertyValueSpecification","valueRequired":true,"valueName":"search_term_string"}}],"inLanguage":"it-IT"},{"@type":"Person","@id":"https:\/\/exaudi.org\/#\/schema\/person\/e1ab6ed07c01774724dd96f925f3a5f0","name":"Exaudi Redazione","image":{"@type":"ImageObject","inLanguage":"it-IT","@id":"https:\/\/secure.gravatar.com\/avatar\/ad6774b3ada023bf5b939d64f45c94b3adf91502dd883507d469b4308a943bb3?s=96&d=mm&r=g","url":"https:\/\/secure.gravatar.com\/avatar\/ad6774b3ada023bf5b939d64f45c94b3adf91502dd883507d469b4308a943bb3?s=96&d=mm&r=g","contentUrl":"https:\/\/secure.gravatar.com\/avatar\/ad6774b3ada023bf5b939d64f45c94b3adf91502dd883507d469b4308a943bb3?s=96&d=mm&r=g","caption":"Exaudi Redazione"},"description":"Che cosa \u00e8 Exaudi News? Exaudi News \u00e8 un agenzia cattolica internazionale che informa, istruisce e trasforma quotidianamente in spagnolo, inglese e italiano. Attraverso notizie, articoli di analisi e trasmissioni in diretta degli eventi del Papa, Exaudi cerca di rafforzare l'unit\u00e0 dei cristiani e di contribuire all'evangelizzazione del mondo, sempre guidato dalla dottrina sociale della Chiesa. Lavoriamo per portare la verit\u00e0 e i valori cristiani in ogni angolo del pianeta. Aiutaci a trasformare il mondo con Exaudi! Noi di Exaudi crediamo che l'evangelizzazione e l'informazione di qualit\u00e0 possano cambiare la vita. Per continuare la nostra missione ed espandere la nostra portata, abbiamo bisogno del tuo aiuto. Stiamo anche cercando persone motivate che vogliano unirsi al nostro team. Grazie al vostro sostegno raggiungeremo pi\u00f9 persone, diffonderemo il messaggio di Cristo e rafforzeremo l'unit\u00e0 dei cristiani. Vuoi unirti alla nostra missione? Per maggiori informazioni su come contribuire, visita Exaudi.org\/it o contattaci direttamente: info@exaudi.org Exaudi: informa, forma e trasforma.","sameAs":["https:\/\/www.facebook.com\/ExaudiNotizie\/","https:\/\/www.instagram.com\/Exaudi_notizie\/","https:\/\/x.com\/Exaudi_Notizie","https:\/\/www.youtube.com\/@exaudicatholicnews"],"url":"https:\/\/exaudi.org\/it\/author\/dlvedi-org\/"}]}},"jetpack_featured_media_url":"https:\/\/exaudi.org\/wp-content\/uploads\/2021\/12\/Presepe-aula-Paolo-VI-scaled.jpg","jetpack_shortlink":"https:\/\/wp.me\/pgKjF2-bWh","_links":{"self":[{"href":"https:\/\/exaudi.org\/it\/wp-json\/wp\/v2\/posts\/45897","targetHints":{"allow":["GET"]}}],"collection":[{"href":"https:\/\/exaudi.org\/it\/wp-json\/wp\/v2\/posts"}],"about":[{"href":"https:\/\/exaudi.org\/it\/wp-json\/wp\/v2\/types\/post"}],"author":[{"embeddable":true,"href":"https:\/\/exaudi.org\/it\/wp-json\/wp\/v2\/users\/17"}],"replies":[{"embeddable":true,"href":"https:\/\/exaudi.org\/it\/wp-json\/wp\/v2\/comments?post=45897"}],"version-history":[{"count":0,"href":"https:\/\/exaudi.org\/it\/wp-json\/wp\/v2\/posts\/45897\/revisions"}],"wp:featuredmedia":[{"embeddable":true,"href":"https:\/\/exaudi.org\/it\/wp-json\/wp\/v2\/media\/45898"}],"wp:attachment":[{"href":"https:\/\/exaudi.org\/it\/wp-json\/wp\/v2\/media?parent=45897"}],"wp:term":[{"taxonomy":"category","embeddable":true,"href":"https:\/\/exaudi.org\/it\/wp-json\/wp\/v2\/categories?post=45897"},{"taxonomy":"post_tag","embeddable":true,"href":"https:\/\/exaudi.org\/it\/wp-json\/wp\/v2\/tags?post=45897"}],"curies":[{"name":"wp","href":"https:\/\/api.w.org\/{rel}","templated":true}]}}