{"id":45688,"date":"2021-12-13T16:56:54","date_gmt":"2021-12-13T15:56:54","guid":{"rendered":"https:\/\/exaudi.org\/?p=45688"},"modified":"2021-12-13T16:59:04","modified_gmt":"2021-12-13T15:59:04","slug":"auguri-francesco-il-papa-festeggia-52-anni-di-sacerdozio","status":"publish","type":"post","link":"https:\/\/exaudi.org\/it\/auguri-francesco-il-papa-festeggia-52-anni-di-sacerdozio\/","title":{"rendered":"Auguri Francesco! Il Papa festeggia 52 anni di sacerdozio"},"content":{"rendered":"<p>Auguri Francesco! Il Papa festeggia oggi 52 anni di sacerdozio. Il 13 dicembre 1969 Jorge Mario Bergoglio ricevette l\u2019ordinazione sacerdotale dalle mani di mons. Ram\u00f3n Jos\u00e9 Castellano, arcivescovo emerito di Cordoba. Era un sabato, vigilia della III domenica di Avvento, domenica Gaudete o della gioia.<\/p>\n<h2>La vocazione del Papa<\/h2>\n<p>Nella <a href=\"https:\/\/www.vatican.va\/content\/francesco\/it\/speeches\/2013\/may\/documents\/papa-francesco_20130518_veglia-pentecoste.html\">veglia di Pentecoste del 2013<\/a>, rispondendo alla domanda di un giovane su \u201ccome raggiunse la certezza della fede nella sua vita?\u201d, Francesco confess\u00f2 che il giorno di San Matteo, 21 settembre, \u00e8 \u201cmolto importante\u201d per lui, concretamente, quello del 1953.<\/p>\n<p>\u201cAvevo quasi 17 anni. Era il \u2018Giorno dello studente\u2019, per noi il primo giorno di primavera \u2013 per voi qui \u00e8 il primo giorno di autunno. Prima di andare alla festa, passai dalla parrocchia che frequentavo, trovai un sacerdote che non conoscevo e sentii il bisogno di confessarmi. Quella per me fu un\u2019esperienza di incontro: trovai qualcuno che mi aspettava. Ma non so cosa successe, non lo ricordo, non so perch\u00e9 quel sacerdote che non conoscevo era l\u00ec, perch\u00e9 sentii quel desiderio di confessarmi ma la verit\u00e0 \u00e8 che qualcuno mi aspettava. Mi stava aspettando da tempo\u201d raccont\u00f2.<\/p>\n<p>\u201cDopo la confessione sentii che qualcosa era cambiato. Non ero pi\u00f9 lo stesso. Avevo sentito come una voce, una chiamata: ero convinto che dovevo essere sacerdote\u201d sottoline\u00f2.<\/p>\n<h2>\u201cEccomi! Sono un sacerdote\u201d<\/h2>\n<p>Allo stesso modo, il 21 maggio 2017, in un incontro nella parrocchia romana di San Pier Damiani, fu riproposta la domanda: \u201cCome comprese la sua vocazione sacerdotale?\u201d Dopo aver ricordato che \u201cognuno di noi ha un posto nella vita\u201d, il Pontefice raccont\u00f2: \u201cE un giorno sentii \u2013 ma improvvisamente \u2013 avevo 16 anni e sentii che il Signore voleva che fossi sacerdote. Eccomi! Sono un sacerdote. Questa \u00e8 la risposta. Si sente nel cuore: quando un ragazzo sente nel suo cuore simpatia e poi la simpatia continua, e sente amore per una ragazza, e poi si fidanzano e poi si sposano, cos\u00ec si sente nel cuore quando il Signore dice: \u2018Devi seguire la strada per essere sacerdote\u2019. E questo ho provato. Come si sentono le cose buone della vita. Perch\u00e9 \u00e8 buono\u201d.<\/p>\n<p>D\u2019accordo con il <a href=\"https:\/\/www.vatican.va\/content\/francesco\/it\/biography\/documents\/papa-francesco-biografia-bergoglio.html\">Vaticano<\/a>, prima della sua ordinazione, l\u2019attuale Vescovo di Roma si diplom\u00f2 come tecnico chimico e scelse poi la strada del sacerdozio entrando nel seminario diocesano di Villa Devoto. L\u201911 marzo 1958 pass\u00f2 al noviziato della Compagnia di Ges\u00f9.<\/p>\n<h2>Francesco, sacerdote e gesuita<\/h2>\n<p>Complet\u00f2 gli studi in Cile e nel 1963, al rientro in Argentina, si diplom\u00f2 in Filosofia al Colegio San Jos\u00e9 de San Miguel. Tra 1964 e 1965 fu professore di letteratura e psicologia nel Colegio de la Inmaculada di Santa Fe e nel 1966 insegn\u00f2 le stesse materie al Colegio del Salvador di Buenos Aires. Dal 1967 al 1970 studi\u00f2 teologia al Colegio San Jos\u00e9, e ottenne la licenza.<\/p>\n<p>Dopo essere stato ordinato sacerdote, il Papa prosegu\u00ec la preparazione nella Compagnia di Ges\u00f9 dal 1970 al 1971 in Spagna, ad Alcal\u00e1 de Henares e il 22 aprile 1973 fece la professione perpetua.<\/p>\n<p>Tanti auguri Francesco!<\/p>\n<p>&nbsp;<\/p>\n<p>&nbsp;<\/p>\n","protected":false},"excerpt":{"rendered":"<p>Jorge Mario Bergoglio fu ordinato in Argentina il 13 dicembre 1969: grazie per la sua fedelt\u00e0, S. Padre!<\/p>\n","protected":false},"author":5,"featured_media":45558,"comment_status":"closed","ping_status":"closed","sticky":false,"template":"","format":"standard","meta":{"_acf_changed":false,"_crdt_document":"","inline_featured_image":false,"footnotes":""},"categories":[67],"tags":[2487,251],"class_list":["post-45688","post","type-post","status-publish","format-standard","has-post-thumbnail","hentry","category-leone-xiv","tag-featured-3","tag-papa-francesco"],"acf":[],"yoast_head":"<!-- This site is optimized with the Yoast SEO plugin v27.4 - https:\/\/yoast.com\/product\/yoast-seo-wordpress\/ -->\n<title>Auguri Francesco! Il Papa festeggia 52 anni di sacerdozio &#8211; Exaudi<\/title>\n<meta name=\"description\" content=\"Auguri Francesco! Il Santo Padre festeggia oggi 52 anni di sacerdozio. Fu ordinato il 13 dicembre 1969 da mons. Castellano\" \/>\n<meta name=\"robots\" content=\"index, follow, max-snippet:-1, max-image-preview:large, max-video-preview:-1\" \/>\n<link rel=\"canonical\" href=\"https:\/\/exaudi.org\/it\/auguri-francesco-il-papa-festeggia-52-anni-di-sacerdozio\/\" \/>\n<meta property=\"og:locale\" content=\"it_IT\" \/>\n<meta property=\"og:type\" content=\"article\" \/>\n<meta property=\"og:title\" content=\"Auguri Francesco! Il Papa festeggia 52 anni di sacerdozio &#8211; Exaudi\" \/>\n<meta property=\"og:description\" content=\"Auguri Francesco! Il Santo Padre festeggia oggi 52 anni di sacerdozio. Fu ordinato il 13 dicembre 1969 da mons. Castellano\" \/>\n<meta property=\"og:url\" content=\"https:\/\/exaudi.org\/it\/auguri-francesco-il-papa-festeggia-52-anni-di-sacerdozio\/\" \/>\n<meta property=\"og:site_name\" content=\"Exaudi\" \/>\n<meta property=\"article:publisher\" content=\"https:\/\/www.facebook.com\/ExaudiNews\" \/>\n<meta property=\"article:published_time\" content=\"2021-12-13T15:56:54+00:00\" \/>\n<meta property=\"article:modified_time\" content=\"2021-12-13T15:59:04+00:00\" \/>\n<meta property=\"og:image\" content=\"https:\/\/exaudi.org\/wp-content\/uploads\/2021\/12\/Papa-Francisco-Jesuitas-COlombia.jpeg\" \/>\n\t<meta property=\"og:image:width\" content=\"793\" \/>\n\t<meta property=\"og:image:height\" content=\"719\" \/>\n\t<meta property=\"og:image:type\" content=\"image\/jpeg\" \/>\n<meta name=\"author\" content=\"Larissa I. L\u00f3pez\" \/>\n<meta name=\"twitter:card\" content=\"summary_large_image\" \/>\n<meta name=\"twitter:creator\" content=\"@Exaudi_News\" \/>\n<meta name=\"twitter:site\" content=\"@Exaudi_News\" \/>\n<meta name=\"twitter:label1\" content=\"Scritto da\" \/>\n\t<meta name=\"twitter:data1\" content=\"Larissa I. L\u00f3pez\" \/>\n\t<meta name=\"twitter:label2\" content=\"Tempo di lettura stimato\" \/>\n\t<meta name=\"twitter:data2\" content=\"3 minuti\" \/>\n<script type=\"application\/ld+json\" class=\"yoast-schema-graph\">{\"@context\":\"https:\\\/\\\/schema.org\",\"@graph\":[{\"@type\":\"Article\",\"@id\":\"https:\\\/\\\/exaudi.org\\\/it\\\/auguri-francesco-il-papa-festeggia-52-anni-di-sacerdozio\\\/#article\",\"isPartOf\":{\"@id\":\"https:\\\/\\\/exaudi.org\\\/it\\\/auguri-francesco-il-papa-festeggia-52-anni-di-sacerdozio\\\/\"},\"author\":{\"name\":\"Larissa I. L\u00f3pez\",\"@id\":\"https:\\\/\\\/exaudi.org\\\/#\\\/schema\\\/person\\\/7d2f77db033c2c0929edfab6dbe8c588\"},\"headline\":\"Auguri Francesco! Il Papa festeggia 52 anni di sacerdozio\",\"datePublished\":\"2021-12-13T15:56:54+00:00\",\"dateModified\":\"2021-12-13T15:59:04+00:00\",\"mainEntityOfPage\":{\"@id\":\"https:\\\/\\\/exaudi.org\\\/it\\\/auguri-francesco-il-papa-festeggia-52-anni-di-sacerdozio\\\/\"},\"wordCount\":487,\"image\":{\"@id\":\"https:\\\/\\\/exaudi.org\\\/it\\\/auguri-francesco-il-papa-festeggia-52-anni-di-sacerdozio\\\/#primaryimage\"},\"thumbnailUrl\":\"https:\\\/\\\/exaudi.org\\\/wp-content\\\/uploads\\\/2021\\\/12\\\/Papa-Francisco-Jesuitas-COlombia.jpeg\",\"keywords\":[\"Featured\",\"Papa Francesco\"],\"articleSection\":[\"Leone XIV\"],\"inLanguage\":\"it-IT\"},{\"@type\":\"WebPage\",\"@id\":\"https:\\\/\\\/exaudi.org\\\/it\\\/auguri-francesco-il-papa-festeggia-52-anni-di-sacerdozio\\\/\",\"url\":\"https:\\\/\\\/exaudi.org\\\/it\\\/auguri-francesco-il-papa-festeggia-52-anni-di-sacerdozio\\\/\",\"name\":\"Auguri Francesco! Il Papa festeggia 52 anni di sacerdozio &#8211; Exaudi\",\"isPartOf\":{\"@id\":\"https:\\\/\\\/exaudi.org\\\/#website\"},\"primaryImageOfPage\":{\"@id\":\"https:\\\/\\\/exaudi.org\\\/it\\\/auguri-francesco-il-papa-festeggia-52-anni-di-sacerdozio\\\/#primaryimage\"},\"image\":{\"@id\":\"https:\\\/\\\/exaudi.org\\\/it\\\/auguri-francesco-il-papa-festeggia-52-anni-di-sacerdozio\\\/#primaryimage\"},\"thumbnailUrl\":\"https:\\\/\\\/exaudi.org\\\/wp-content\\\/uploads\\\/2021\\\/12\\\/Papa-Francisco-Jesuitas-COlombia.jpeg\",\"datePublished\":\"2021-12-13T15:56:54+00:00\",\"dateModified\":\"2021-12-13T15:59:04+00:00\",\"author\":{\"@id\":\"https:\\\/\\\/exaudi.org\\\/#\\\/schema\\\/person\\\/7d2f77db033c2c0929edfab6dbe8c588\"},\"description\":\"Auguri Francesco! Il Santo Padre festeggia oggi 52 anni di sacerdozio. Fu ordinato il 13 dicembre 1969 da mons. Castellano\",\"breadcrumb\":{\"@id\":\"https:\\\/\\\/exaudi.org\\\/it\\\/auguri-francesco-il-papa-festeggia-52-anni-di-sacerdozio\\\/#breadcrumb\"},\"inLanguage\":\"it-IT\",\"potentialAction\":[{\"@type\":\"ReadAction\",\"target\":[\"https:\\\/\\\/exaudi.org\\\/it\\\/auguri-francesco-il-papa-festeggia-52-anni-di-sacerdozio\\\/\"]}]},{\"@type\":\"ImageObject\",\"inLanguage\":\"it-IT\",\"@id\":\"https:\\\/\\\/exaudi.org\\\/it\\\/auguri-francesco-il-papa-festeggia-52-anni-di-sacerdozio\\\/#primaryimage\",\"url\":\"https:\\\/\\\/exaudi.org\\\/wp-content\\\/uploads\\\/2021\\\/12\\\/Papa-Francisco-Jesuitas-COlombia.jpeg\",\"contentUrl\":\"https:\\\/\\\/exaudi.org\\\/wp-content\\\/uploads\\\/2021\\\/12\\\/Papa-Francisco-Jesuitas-COlombia.jpeg\",\"width\":793,\"height\":719,\"caption\":\"Papa Francesco \u00a9 Vatican Media\"},{\"@type\":\"BreadcrumbList\",\"@id\":\"https:\\\/\\\/exaudi.org\\\/it\\\/auguri-francesco-il-papa-festeggia-52-anni-di-sacerdozio\\\/#breadcrumb\",\"itemListElement\":[{\"@type\":\"ListItem\",\"position\":1,\"name\":\"Portada\",\"item\":\"https:\\\/\\\/exaudi.org\\\/it\\\/\"},{\"@type\":\"ListItem\",\"position\":2,\"name\":\"Auguri Francesco! Il Papa festeggia 52 anni di sacerdozio\"}]},{\"@type\":\"WebSite\",\"@id\":\"https:\\\/\\\/exaudi.org\\\/#website\",\"url\":\"https:\\\/\\\/exaudi.org\\\/\",\"name\":\"Exaudi\",\"description\":\"News\",\"potentialAction\":[{\"@type\":\"SearchAction\",\"target\":{\"@type\":\"EntryPoint\",\"urlTemplate\":\"https:\\\/\\\/exaudi.org\\\/?s={search_term_string}\"},\"query-input\":{\"@type\":\"PropertyValueSpecification\",\"valueRequired\":true,\"valueName\":\"search_term_string\"}}],\"inLanguage\":\"it-IT\"},{\"@type\":\"Person\",\"@id\":\"https:\\\/\\\/exaudi.org\\\/#\\\/schema\\\/person\\\/7d2f77db033c2c0929edfab6dbe8c588\",\"name\":\"Larissa I. L\u00f3pez\",\"image\":{\"@type\":\"ImageObject\",\"inLanguage\":\"it-IT\",\"@id\":\"https:\\\/\\\/secure.gravatar.com\\\/avatar\\\/db3ef399ff343d0bb9d25dc5198bc8ece5ac6d621eca79876697a354dabc1e3f?s=96&d=mm&r=g\",\"url\":\"https:\\\/\\\/secure.gravatar.com\\\/avatar\\\/db3ef399ff343d0bb9d25dc5198bc8ece5ac6d621eca79876697a354dabc1e3f?s=96&d=mm&r=g\",\"contentUrl\":\"https:\\\/\\\/secure.gravatar.com\\\/avatar\\\/db3ef399ff343d0bb9d25dc5198bc8ece5ac6d621eca79876697a354dabc1e3f?s=96&d=mm&r=g\",\"caption\":\"Larissa I. L\u00f3pez\"},\"description\":\"Doctora en Comunicaci\u00f3n. Mi trayectoria profesional ha transcurrido entre el \u00e1mbito de la comunicaci\u00f3n y el de la docencia. En los \u00faltimos a\u00f1os, he trabajado como coordinadora y redactora de la edici\u00f3n de ZENIT en espa\u00f1ol. Como profesora, he impartido clases en la universidad y en centros de FP y bachillerato. Cordobesa de nacimiento, tambi\u00e9n he vivido en Sevilla, Madrid y Roma\",\"url\":\"https:\\\/\\\/exaudi.org\\\/it\\\/author\\\/llopezexaudi-org\\\/\"}]}<\/script>\n<!-- \/ Yoast SEO plugin. -->","yoast_head_json":{"title":"Auguri Francesco! Il Papa festeggia 52 anni di sacerdozio &#8211; Exaudi","description":"Auguri Francesco! Il Santo Padre festeggia oggi 52 anni di sacerdozio. Fu ordinato il 13 dicembre 1969 da mons. Castellano","robots":{"index":"index","follow":"follow","max-snippet":"max-snippet:-1","max-image-preview":"max-image-preview:large","max-video-preview":"max-video-preview:-1"},"canonical":"https:\/\/exaudi.org\/it\/auguri-francesco-il-papa-festeggia-52-anni-di-sacerdozio\/","og_locale":"it_IT","og_type":"article","og_title":"Auguri Francesco! Il Papa festeggia 52 anni di sacerdozio &#8211; Exaudi","og_description":"Auguri Francesco! Il Santo Padre festeggia oggi 52 anni di sacerdozio. Fu ordinato il 13 dicembre 1969 da mons. Castellano","og_url":"https:\/\/exaudi.org\/it\/auguri-francesco-il-papa-festeggia-52-anni-di-sacerdozio\/","og_site_name":"Exaudi","article_publisher":"https:\/\/www.facebook.com\/ExaudiNews","article_published_time":"2021-12-13T15:56:54+00:00","article_modified_time":"2021-12-13T15:59:04+00:00","og_image":[{"width":793,"height":719,"url":"https:\/\/exaudi.org\/wp-content\/uploads\/2021\/12\/Papa-Francisco-Jesuitas-COlombia.jpeg","type":"image\/jpeg"}],"author":"Larissa I. L\u00f3pez","twitter_card":"summary_large_image","twitter_creator":"@Exaudi_News","twitter_site":"@Exaudi_News","twitter_misc":{"Scritto da":"Larissa I. L\u00f3pez","Tempo di lettura stimato":"3 minuti"},"schema":{"@context":"https:\/\/schema.org","@graph":[{"@type":"Article","@id":"https:\/\/exaudi.org\/it\/auguri-francesco-il-papa-festeggia-52-anni-di-sacerdozio\/#article","isPartOf":{"@id":"https:\/\/exaudi.org\/it\/auguri-francesco-il-papa-festeggia-52-anni-di-sacerdozio\/"},"author":{"name":"Larissa I. L\u00f3pez","@id":"https:\/\/exaudi.org\/#\/schema\/person\/7d2f77db033c2c0929edfab6dbe8c588"},"headline":"Auguri Francesco! Il Papa festeggia 52 anni di sacerdozio","datePublished":"2021-12-13T15:56:54+00:00","dateModified":"2021-12-13T15:59:04+00:00","mainEntityOfPage":{"@id":"https:\/\/exaudi.org\/it\/auguri-francesco-il-papa-festeggia-52-anni-di-sacerdozio\/"},"wordCount":487,"image":{"@id":"https:\/\/exaudi.org\/it\/auguri-francesco-il-papa-festeggia-52-anni-di-sacerdozio\/#primaryimage"},"thumbnailUrl":"https:\/\/exaudi.org\/wp-content\/uploads\/2021\/12\/Papa-Francisco-Jesuitas-COlombia.jpeg","keywords":["Featured","Papa Francesco"],"articleSection":["Leone XIV"],"inLanguage":"it-IT"},{"@type":"WebPage","@id":"https:\/\/exaudi.org\/it\/auguri-francesco-il-papa-festeggia-52-anni-di-sacerdozio\/","url":"https:\/\/exaudi.org\/it\/auguri-francesco-il-papa-festeggia-52-anni-di-sacerdozio\/","name":"Auguri Francesco! Il Papa festeggia 52 anni di sacerdozio &#8211; Exaudi","isPartOf":{"@id":"https:\/\/exaudi.org\/#website"},"primaryImageOfPage":{"@id":"https:\/\/exaudi.org\/it\/auguri-francesco-il-papa-festeggia-52-anni-di-sacerdozio\/#primaryimage"},"image":{"@id":"https:\/\/exaudi.org\/it\/auguri-francesco-il-papa-festeggia-52-anni-di-sacerdozio\/#primaryimage"},"thumbnailUrl":"https:\/\/exaudi.org\/wp-content\/uploads\/2021\/12\/Papa-Francisco-Jesuitas-COlombia.jpeg","datePublished":"2021-12-13T15:56:54+00:00","dateModified":"2021-12-13T15:59:04+00:00","author":{"@id":"https:\/\/exaudi.org\/#\/schema\/person\/7d2f77db033c2c0929edfab6dbe8c588"},"description":"Auguri Francesco! Il Santo Padre festeggia oggi 52 anni di sacerdozio. Fu ordinato il 13 dicembre 1969 da mons. Castellano","breadcrumb":{"@id":"https:\/\/exaudi.org\/it\/auguri-francesco-il-papa-festeggia-52-anni-di-sacerdozio\/#breadcrumb"},"inLanguage":"it-IT","potentialAction":[{"@type":"ReadAction","target":["https:\/\/exaudi.org\/it\/auguri-francesco-il-papa-festeggia-52-anni-di-sacerdozio\/"]}]},{"@type":"ImageObject","inLanguage":"it-IT","@id":"https:\/\/exaudi.org\/it\/auguri-francesco-il-papa-festeggia-52-anni-di-sacerdozio\/#primaryimage","url":"https:\/\/exaudi.org\/wp-content\/uploads\/2021\/12\/Papa-Francisco-Jesuitas-COlombia.jpeg","contentUrl":"https:\/\/exaudi.org\/wp-content\/uploads\/2021\/12\/Papa-Francisco-Jesuitas-COlombia.jpeg","width":793,"height":719,"caption":"Papa Francesco \u00a9 Vatican Media"},{"@type":"BreadcrumbList","@id":"https:\/\/exaudi.org\/it\/auguri-francesco-il-papa-festeggia-52-anni-di-sacerdozio\/#breadcrumb","itemListElement":[{"@type":"ListItem","position":1,"name":"Portada","item":"https:\/\/exaudi.org\/it\/"},{"@type":"ListItem","position":2,"name":"Auguri Francesco! Il Papa festeggia 52 anni di sacerdozio"}]},{"@type":"WebSite","@id":"https:\/\/exaudi.org\/#website","url":"https:\/\/exaudi.org\/","name":"Exaudi","description":"News","potentialAction":[{"@type":"SearchAction","target":{"@type":"EntryPoint","urlTemplate":"https:\/\/exaudi.org\/?s={search_term_string}"},"query-input":{"@type":"PropertyValueSpecification","valueRequired":true,"valueName":"search_term_string"}}],"inLanguage":"it-IT"},{"@type":"Person","@id":"https:\/\/exaudi.org\/#\/schema\/person\/7d2f77db033c2c0929edfab6dbe8c588","name":"Larissa I. L\u00f3pez","image":{"@type":"ImageObject","inLanguage":"it-IT","@id":"https:\/\/secure.gravatar.com\/avatar\/db3ef399ff343d0bb9d25dc5198bc8ece5ac6d621eca79876697a354dabc1e3f?s=96&d=mm&r=g","url":"https:\/\/secure.gravatar.com\/avatar\/db3ef399ff343d0bb9d25dc5198bc8ece5ac6d621eca79876697a354dabc1e3f?s=96&d=mm&r=g","contentUrl":"https:\/\/secure.gravatar.com\/avatar\/db3ef399ff343d0bb9d25dc5198bc8ece5ac6d621eca79876697a354dabc1e3f?s=96&d=mm&r=g","caption":"Larissa I. L\u00f3pez"},"description":"Doctora en Comunicaci\u00f3n. Mi trayectoria profesional ha transcurrido entre el \u00e1mbito de la comunicaci\u00f3n y el de la docencia. En los \u00faltimos a\u00f1os, he trabajado como coordinadora y redactora de la edici\u00f3n de ZENIT en espa\u00f1ol. Como profesora, he impartido clases en la universidad y en centros de FP y bachillerato. Cordobesa de nacimiento, tambi\u00e9n he vivido en Sevilla, Madrid y Roma","url":"https:\/\/exaudi.org\/it\/author\/llopezexaudi-org\/"}]}},"jetpack_featured_media_url":"https:\/\/exaudi.org\/wp-content\/uploads\/2021\/12\/Papa-Francisco-Jesuitas-COlombia.jpeg","jetpack_shortlink":"https:\/\/wp.me\/pgKjF2-bSU","_links":{"self":[{"href":"https:\/\/exaudi.org\/it\/wp-json\/wp\/v2\/posts\/45688","targetHints":{"allow":["GET"]}}],"collection":[{"href":"https:\/\/exaudi.org\/it\/wp-json\/wp\/v2\/posts"}],"about":[{"href":"https:\/\/exaudi.org\/it\/wp-json\/wp\/v2\/types\/post"}],"author":[{"embeddable":true,"href":"https:\/\/exaudi.org\/it\/wp-json\/wp\/v2\/users\/5"}],"replies":[{"embeddable":true,"href":"https:\/\/exaudi.org\/it\/wp-json\/wp\/v2\/comments?post=45688"}],"version-history":[{"count":0,"href":"https:\/\/exaudi.org\/it\/wp-json\/wp\/v2\/posts\/45688\/revisions"}],"wp:featuredmedia":[{"embeddable":true,"href":"https:\/\/exaudi.org\/it\/wp-json\/wp\/v2\/media\/45558"}],"wp:attachment":[{"href":"https:\/\/exaudi.org\/it\/wp-json\/wp\/v2\/media?parent=45688"}],"wp:term":[{"taxonomy":"category","embeddable":true,"href":"https:\/\/exaudi.org\/it\/wp-json\/wp\/v2\/categories?post=45688"},{"taxonomy":"post_tag","embeddable":true,"href":"https:\/\/exaudi.org\/it\/wp-json\/wp\/v2\/tags?post=45688"}],"curies":[{"name":"wp","href":"https:\/\/api.w.org\/{rel}","templated":true}]}}