{"id":45237,"date":"2021-12-10T08:56:00","date_gmt":"2021-12-10T07:56:00","guid":{"rendered":"https:\/\/exaudi.org\/?p=45237"},"modified":"2021-12-10T14:26:38","modified_gmt":"2021-12-10T13:26:38","slug":"papa-francesco-a-cipro-e-in-grecia-un-viaggio-da-ricordare","status":"publish","type":"post","link":"https:\/\/exaudi.org\/it\/papa-francesco-a-cipro-e-in-grecia-un-viaggio-da-ricordare\/","title":{"rendered":"Papa Francesco a Cipro e in Grecia, un viaggio da ricordare"},"content":{"rendered":"<p>La visita apostolica di Papa Francesco a Cipro e in Grecia, da 2 al 6 dicembre scorsi, \u00e8 stato un viaggio che merita di essere ricordato.<\/p>\n<p>Il Direttore Editoriale di Exaudi e Senior Vatican Correspondent, Deborah Castellano Lubov, era con la stampa al seguito sul volo papale e ha offerto ai lettori di Exaudi interviste esclusive e una completa copertura del 35\u00b0 viaggio apostolico del Pontefice fuori d&#8217;Italia, con destinazione due nazioni di antica e solida maggioranza ortodossa.<\/p>\n<p><img loading=\"lazy\" decoding=\"async\" class=\"alignright\" src=\"https:\/\/exaudi.org\/wp-content\/uploads\/2021\/12\/Disen%CC%83o-sin-ti%CC%81tulo-9-300x200.jpg\" width=\"509\" height=\"339\" \/><\/p>\n<p>Chi ha gi\u00e0 seguito i viaggi internazionali di Francesco non dimentica l&#8217;indifferenza, a volte anche freddezza, con cui il papa argentino \u00e8 stato accolto in alcuni paesi ortodossi. Ora si pu\u00f2 onestamente percepire che il ghiaccio \u00e8 un po&#8217; pi\u00f9 sciolto di prima.<\/p>\n<p>Arrivato ad Atene il 4 dicembre, Francesco ha rivolto alla presidente Ekaterini Sakellaropoulou e alle autorit\u00e0 civili elleniche un discorso in cui ha ricordato che \u00e8 dalla Grecia che &#8220;gli orizzonti del mondo si sono dilatati&#8221;.<\/p>\n<p>Riflettendo quindi sulla democrazia, di cui questo paese \u00e8 stato culla, il Papa ha lamentato per\u00f2 come la nozione di democrazia si stia deteriorando in tutto il mondo; \u201cnon si pu\u00f2 tuttavia che constatare con preoccupazione come oggi, non solo nel Continente europeo, si registri\u00a0<i>un arretramento della democrazia<\/i>. Essa richiede la partecipazione e il coinvolgimento di tutti e dunque domanda fatica e pazienza\u201d. Bergoglio ha inteso cos\u00ec avvertire che la democrazia \u201c\u00e8 complessa\u201d, e lo \u201cscetticismo democratico\u201d attuale rischia di aprire la strada a populismi e autoritarismi.<\/p>\n<blockquote class=\"twitter-tweet\" data-width=\"500\" data-dnt=\"true\">\n<p lang=\"en\" dir=\"ltr\">Pope Francis in Presidential Palace <a href=\"https:\/\/twitter.com\/hashtag\/PopeinGreece?src=hash&amp;ref_src=twsrc%5Etfw\">#PopeinGreece<\/a> <a href=\"https:\/\/twitter.com\/hashtag\/PopeFrancis?src=hash&amp;ref_src=twsrc%5Etfw\">#PopeFrancis<\/a><br \/>(by Exaudi&#39;s <a href=\"https:\/\/twitter.com\/DeborahLubov?ref_src=twsrc%5Etfw\">@DeborahLubov<\/a> ) <a href=\"https:\/\/t.co\/B1IH0rhbIo\">pic.twitter.com\/B1IH0rhbIo<\/a><\/p>\n<p>&mdash; Exaudi (@Exaudi_News) <a href=\"https:\/\/twitter.com\/Exaudi_News\/status\/1467083316629286913?ref_src=twsrc%5Etfw\">December 4, 2021<\/a><\/p><\/blockquote>\n<p><script async src=\"https:\/\/platform.twitter.com\/widgets.js\" charset=\"utf-8\"><\/script><\/p>\n<h2><u><\/u>\u00a0<u><\/u>\u201cMettiti non davanti allo specchio, ma davanti a Dio\u201d<\/h2>\n<p>Francesco ha indirizzato un incoraggiamento potente anche ai giovani studenti della scuola di San Dionigi, gestita dalle suore Orsoline, a Marousi, un sobborgo a nord di Atene, toccato lungo il tragitto verso l&#8217;aeroporto, il 6 dicembre, per prendere l&#8217;aereo per Roma. L&#8217;entusiasmo era esplosivo per la presenza del Papa. Tutta la scuola era pronta ad accoglierlo. Un memorabile gruppo di tenere ragazzine in uniforme da scuola cattolica aspettava il Pontefice, con la mascherina su bocca e naso. Il programma prevedeva anche uno spettacolo di musica e danze tradizionali greche, una volta che il Papa \u00e8 entrato.<\/p>\n<blockquote class=\"twitter-tweet\" data-width=\"500\" data-dnt=\"true\">\n<p lang=\"en\" dir=\"ltr\">Adorable little Greek children waiting to welcome the Pope<a href=\"https:\/\/twitter.com\/hashtag\/PopeinGreece?src=hash&amp;ref_src=twsrc%5Etfw\">#PopeinGreece<\/a> <a href=\"https:\/\/twitter.com\/hashtag\/PopeFrancis?src=hash&amp;ref_src=twsrc%5Etfw\">#PopeFrancis<\/a> (by Exaudi&#39;s <a href=\"https:\/\/twitter.com\/DeborahLubov?ref_src=twsrc%5Etfw\">@DeborahLubov<\/a>) <a href=\"https:\/\/t.co\/94ikW0Rh5D\">pic.twitter.com\/94ikW0Rh5D<\/a><\/p>\n<p>&mdash; Exaudi (@Exaudi_News) <a href=\"https:\/\/twitter.com\/Exaudi_News\/status\/1467761045628461056?ref_src=twsrc%5Etfw\">December 6, 2021<\/a><\/p><\/blockquote>\n<p><script async src=\"https:\/\/platform.twitter.com\/widgets.js\" charset=\"utf-8\"><\/script><\/p>\n<p>Dopo la festosa accoglienza, il Santo Padre ha esortato bambini e giovani a non esitare di rivolgersi sempre al Signore. Prima di arrendersi o di deprimersi, Papa Francesco li ha incoraggiati tutti a portare la loro vita davanti a Dio e a condividere con Lui le proprie preoccupazioni. Inoltre, ha chiarito, \u00e8 normale avere dei dubbi. Essi per\u00f2 non devono essere percepiti come mancanza di fede, ma piuttosto come\u00a0\u201cvitamine della fede\u201d che \u201caiutano a irrobustirla, a renderla pi\u00f9 forte\u201d.<\/p>\n<blockquote class=\"twitter-tweet\" data-width=\"500\" data-dnt=\"true\">\n<p lang=\"en\" dir=\"ltr\">Festive atmosphere to welcome <a href=\"https:\/\/twitter.com\/hashtag\/PopeinGreece?src=hash&amp;ref_src=twsrc%5Etfw\">#PopeinGreece<\/a>! Traditional music and dance from Greek islands at meeting of <a href=\"https:\/\/twitter.com\/hashtag\/PopeFrancis?src=hash&amp;ref_src=twsrc%5Etfw\">#PopeFrancis<\/a> with young people (Video by Exaudi&#39;s Deborah Lubov) <a href=\"https:\/\/t.co\/0tbAvHpUVP\">pic.twitter.com\/0tbAvHpUVP<\/a><\/p>\n<p>&mdash; Exaudi (@Exaudi_News) <a href=\"https:\/\/twitter.com\/Exaudi_News\/status\/1467781010049966083?ref_src=twsrc%5Etfw\">December 6, 2021<\/a><\/p><\/blockquote>\n<p><script async src=\"https:\/\/platform.twitter.com\/widgets.js\" charset=\"utf-8\"><\/script><\/p>\n<p>La sera di sabato 4 dicembre, nel centro di Atene, Exaudi ha visto altri bambini ancora in estasi per il Papa fuori dalla Cattedrale cattolica di San Dionigi l&#8217;areopagita, prima che l\u00e0 Francesco incontrasse vescovi, sacerdoti, religiosi e catechisti, appuntamento a cui ha fatto seguito l&#8217;incontro abituale coi confratelli gesuiti della Grecia.<\/p>\n<blockquote class=\"twitter-tweet\" data-width=\"500\" data-dnt=\"true\">\n<p lang=\"en\" dir=\"ltr\">Children outside Cathedral thrilled to welcome <a href=\"https:\/\/twitter.com\/hashtag\/PopeinGreece?src=hash&amp;ref_src=twsrc%5Etfw\">#PopeinGreece<\/a><br \/>(\u00a9\ufe0f by Exaudi&#39;s Deborah Lubov) <a href=\"https:\/\/t.co\/QucI95WIpB\">pic.twitter.com\/QucI95WIpB<\/a><\/p>\n<p>&mdash; Exaudi (@Exaudi_News) <a href=\"https:\/\/twitter.com\/Exaudi_News\/status\/1467153303163310082?ref_src=twsrc%5Etfw\">December 4, 2021<\/a><\/p><\/blockquote>\n<p><script async src=\"https:\/\/platform.twitter.com\/widgets.js\" charset=\"utf-8\"><\/script><\/p>\n<p>I piccoli fuori dalla chiesa sventolavano bandiere, intonavano canti di benvenuto e impegnavano il nostro pool di giornalisti al seguito del Papa nel postare foto e testimonianze anche su Facebook e Twitter.<\/p>\n<p>Durante quell&#8217;incontro, il primo dedicato alla piccola comunit\u00e0 cattolica in Grecia, Francesco ha ricordato che San Paolo apostolo, 2.000 anni fa, non fu certo accolto a braccia aperte in Grecia. Paolo tuttavia and\u00f2 avanti comunque, forte della sua fiducia in Dio.<\/p>\n<p>Nel citare l&#8217;apostolo delle genti, il Papa ha suggerito che la piccola comunit\u00e0 cattolica in Grecia mediti quella fredda accoglienza. &#8220;Forse, in tanti momenti del nostro cammino\u201d, sono parole del Pontefice, \u201canche noi avvertiamo la fatica e talvolta la frustrazione di essere una piccola comunit\u00e0, o una Chiesa con poche forze che si muove in un contesto non sempre favorevole\u201d. E allora, il Papa consiglia, \u201cmeditate la storia di Paolo ad Atene. Era solo, in minoranza e con scarse probabilit\u00e0 di successo. Ma non si \u00e8 lasciato vincere dallo scoraggiamento, non ha rinunciato alla missione. E non si \u00e8 lasciato prendere dalla tentazione di lamentarsi\u201d.<\/p>\n<p>Come san Paolo, che and\u00f2 avanti con fiducia e coraggio, Francesco ha sollecitato i cattolici greci ad essere intrepidi. \u201cPaolo ha questo coraggio. Da dove nasce? Dalla fiducia in Dio. Il suo \u00e8 il coraggio della fiducia: fiducia nella grandezza di Dio, che ama operare sempre nella nostra piccolezza&#8230;\u201d.<\/p>\n<h2><u><\/u>\u00a0<u><\/u>\u201cAbbiate fiducia in Lui e lui compir\u00e0 meraviglie\u201d<\/h2>\n<p>Nel pomeriggio di domenica 5 dicembre, ad Atene, Papa Francesco ha celebrato la messa per i cattolici della Grecia in un luogo davvero insolito, una bella e capiente sala da concerti, la \u201cMegaron Concert Hall\u201d, per rammentare loro che a noi basta rivolgerci al Signore: quando ci fidiamo di Lui, \u00e8 Lui che compie allora \u201cmeraviglie.&#8221;<\/p>\n<blockquote class=\"twitter-tweet\" data-width=\"500\" data-dnt=\"true\">\n<p lang=\"en\" dir=\"ltr\">Mass with Pope Francis in Athens, in its concert hall, begins! <a href=\"https:\/\/twitter.com\/hashtag\/PopeFrancis?src=hash&amp;ref_src=twsrc%5Etfw\">#PopeFrancis<\/a> <a href=\"https:\/\/twitter.com\/hashtag\/PopeinGreece?src=hash&amp;ref_src=twsrc%5Etfw\">#PopeinGreece<\/a> <br \/>(\u00a9\ufe0fExaudi&#39;s Deborah Lubov) <a href=\"https:\/\/t.co\/xlchw7WBuB\">pic.twitter.com\/xlchw7WBuB<\/a><\/p>\n<p>&mdash; Exaudi (@Exaudi_News) <a href=\"https:\/\/twitter.com\/Exaudi_News\/status\/1467524455769513990?ref_src=twsrc%5Etfw\">December 5, 2021<\/a><\/p><\/blockquote>\n<p><script async src=\"https:\/\/platform.twitter.com\/widgets.js\" charset=\"utf-8\"><\/script><\/p>\n<p>\u201cConvertirsi&#8221;, \u00e8 la sottolineatura di Francesco, \u201csignifica non dare ascolto a ci\u00f2 che affossa la speranza, a chi ripete che nella vita non cambier\u00e0 mai nulla \u2013 i pessimisti di sempre. \u00c8 rifiutare di credere che siamo destinati ad affondare nelle sabbie mobili della mediocrit\u00e0. \u00c8 non arrendersi ai fantasmi interiori, che si presentano soprattutto nei momenti di prova per scoraggiarci e dirci che non ce la faremo, che tutto va male e che diventare santi non fa per noi\u201d.<\/p>\n<p>Le cose non stanno cos\u00ec, Francesco assicura, perch\u00e9 Dio c&#8217;\u00e8 e noi dobbiamo solo fidarci di Lui; \u201c\u00e8 Lui\u00a0<i>il nostro oltre<\/i>, la nostra forza. Tutto cambia se si lascia a Lui il primo posto. Ecco la conversione: al Signore basta la nostra porta aperta per entrare e fare meraviglie, come gli sono bastati un deserto e le parole di Giovanni per venire nel mondo. Non chiede di pi\u00f9\u201d.<\/p>\n<h2><u><\/u>\u00a0<u><\/u><b>Tra i dimenticati di Lesbo: \u201cA me piacciono molto i cristiani\u201d<\/b><\/h2>\n<p>Il mattino di quello stesso 5 dicembre, nell&#8217;isola greca di Lesbo, sede dell&#8217;enorme campo rifugiati di Moria visitato da Papa Francesco nel 2016, \u00e8 stato il momento in cui diversi giornalisti sono venuti da me confidando di non aver trattenuto le lacrime, nel realizzare le loro interviste. Io stessa ho potuto capire perfettamente, dal momento che ho provato gli stessi loro sentimenti.<\/p>\n<blockquote class=\"twitter-tweet\" data-width=\"500\" data-dnt=\"true\">\n<p lang=\"en\" dir=\"ltr\">Pope personally expresses his closeness to the refugees of Lesbos, walking along a long path to greet many one by one<a href=\"https:\/\/twitter.com\/hashtag\/Lesbos?src=hash&amp;ref_src=twsrc%5Etfw\">#Lesbos<\/a> <a href=\"https:\/\/twitter.com\/hashtag\/PopeinGreece?src=hash&amp;ref_src=twsrc%5Etfw\">#PopeinGreece<\/a> <a href=\"https:\/\/twitter.com\/hashtag\/PopeFrancis?src=hash&amp;ref_src=twsrc%5Etfw\">#PopeFrancis<\/a> (\u00a9\ufe0f Exaudi&#39;s Deborah Lubov) <a href=\"https:\/\/t.co\/42YoedbxmI\">pic.twitter.com\/42YoedbxmI<\/a><\/p>\n<p>&mdash; Exaudi (@Exaudi_News) <a href=\"https:\/\/twitter.com\/Exaudi_News\/status\/1467424388425437186?ref_src=twsrc%5Etfw\">December 5, 2021<\/a><\/p><\/blockquote>\n<p><script async src=\"https:\/\/platform.twitter.com\/widgets.js\" charset=\"utf-8\"><\/script><\/p>\n<p>A Lesbo, dove Francesco \u00e8 tornato a mostrare la sua vicinanza a ciascuno dei rifugiati l\u00e0 ospitati, salutandoli ad uno ad uno, queste persone sono sopravvissute a molte pi\u00f9 disgrazie di quanto si possa mai sapere. La stampa al seguito del papa ha incontrato numerosi rifugiati provenienti da Siria, Afghanistan, Africa e Iraq, in cerca di asilo ma senza molta fortuna.<\/p>\n<p>Ci\u00f2 che mi ha colpito \u00e8 stata l&#8217;innocenza dei tanti bambini che sorridevano, ridacchiavano di gusto e giocavano con un cane randagio, da loro chiamato Alex, che aveva deciso testardamente di sedersi &#8211; sporcandolo &#8211; sul tappeto immacolato che il Papa avrebbe dovuto calcare, salutato dalle autorit\u00e0 presenti, per entrare nel tendone riservato all&#8217;incontro coi rifugiati.<\/p>\n<p>Alcuni di quei bambini avevano viaggiato fino a Lesbo dall&#8217;Afghanistan. La loro famiglia conta cinque persone. Il padre, musulmano, portava con orgoglio una croce al collo. \u201cA me piacciono molto i cristiani\u201d, andava dicendo in giro, mentre del papa, nel suo inglese elementare, non sapeva dire altro che &#8220;\u00e8 un grande uomo. Mi piace molto!&#8221;. La sua speranza \u00e8 raggiungere un giorno la Finlandia.<\/p>\n<blockquote class=\"twitter-tweet\" data-width=\"500\" data-dnt=\"true\">\n<p lang=\"en\" dir=\"ltr\">This family in <a href=\"https:\/\/twitter.com\/hashtag\/Lesbos?src=hash&amp;ref_src=twsrc%5Etfw\">#Lesbos<\/a> tells Exaudi&#39;s <a href=\"https:\/\/twitter.com\/DeborahLubov?ref_src=twsrc%5Etfw\">@DeborahLubov<\/a> they fled Afghanistan hoping to find an eventual home in Finland, but are living much uncertainty&#8230;<a href=\"https:\/\/twitter.com\/hashtag\/PopeinGreece?src=hash&amp;ref_src=twsrc%5Etfw\">#PopeinGreece<\/a> <a href=\"https:\/\/twitter.com\/hashtag\/PopeFrancis?src=hash&amp;ref_src=twsrc%5Etfw\">#PopeFrancis<\/a> <a href=\"https:\/\/t.co\/MMa0FmLV3a\">pic.twitter.com\/MMa0FmLV3a<\/a><\/p>\n<p>&mdash; Exaudi (@Exaudi_News) <a href=\"https:\/\/twitter.com\/Exaudi_News\/status\/1467417755674628105?ref_src=twsrc%5Etfw\">December 5, 2021<\/a><\/p><\/blockquote>\n<p><script async src=\"https:\/\/platform.twitter.com\/widgets.js\" charset=\"utf-8\"><\/script><\/p>\n<p>L&#8217;Afghanistan \u00e8 ora una nazione in subbuglio da cui nuove ondate di rifugiati son fuggite di recente. Afghana era anche una ragazza di sedici anni, che ha riferito ad Exaudi di essere arrivata in Grecia con la sua famiglia di sette persone nel 2018. \u201cSpero di studiare matematica&#8221;, ha detto, raccontando che nel campo \u00e8 possibile frequentare lezioni scolastiche, ma non abbastanza. E per quel che riguarda le condizioni di vita, \u201csiamo sette persone, abitiamo tutti in un piccolo container, senza elettricit\u00e0. \u00c8 molto, molto dura, soprattutto in inverno, quando fa terribilmente freddo&#8221;. Il nuovo campo, rispetto a quello di Moria dove vivevano prima, devastato da un rogo un anno fa, \u00e8 migliore, ma ancora mancano molti comfort.<\/p>\n<p>Un giovane camerunense, che parla in francese, ha raccontato invece di aver perso la moglie in guerra, in Camerun, e di avere tre figli. &#8220;Questo posto&#8221;, era la sua lamentela, &#8220;non \u00e8 quello che hanno fatto credere. Un uomo ha bisogno della sua libert\u00e0&#8221;.<\/p>\n<p>Nel frattempo due giovani ragazze africane coi capelli raccolti in tante treccine si aggiravano tra i giornalisti felici di mostrarsi sorridenti e scattare foto. Nonostante tutto quel che hanno visto e vissuto, erano soprattutto i bambini a sorridere ai giornalisti arrivati da Roma e a correre gioiosi nella loro innocenza, tutti tranne due, uno in braccio all&#8217;altro, il fratello pi\u00f9 grande, con sul viso un&#8217;espressione di desolazione e disperazione da far rabbrividire chi la osservava.<\/p>\n<h2><u><\/u>\u00a0<u><\/u>Il mondo dovrebbe vergognarsi<\/h2>\n<p>Proprio a proposito dei bambini, nel suo discorso, Francesco ha affermato che il mondo dovrebbe vergognarsi della propria indifferenza verso i bambini che soffrono simili condizioni. Secondo il Pontefice, oggi nel mondo \u201cqualcosa, pur tra molti ritardi e incertezze, sembra muoversi nella lotta ai cambiamenti climatici\u201d; e invece, ha aggiunto subito dopo, \u201ctutto sembra latitare terribilmente per quanto riguarda le migrazioni\u201d.<\/p>\n<p><u><\/u>Exaudi ha intervistato alcuni dei protagonisti del viaggio, incluso l&#8217;arcivescovo di Atene monsignor Kontidis, il vicario patriarcale per Cipro del patriarcato di Gerusalemme, padre Jerzy Kraj, l&#8217;ambasciatore cipriota presso la Santa Sede George Poulides e il cardinale responsabile del dicastero vaticano per l&#8217;ecumenismo, sua eminenza Kurt Koch; in quelle conversazioni in profondit\u00e0, queste voci hanno fatto luce sulla realt\u00e0 dei paesi visitati dal Papa.<\/p>\n<h2><u><\/u>\u00a0<u><\/u>Non sempre benvenuto<\/h2>\n<p>Ad esempio, l&#8217;arcivescovo di Atene, Theodoros Kontidis, S.J., ha applaudito i progressi raggiunti tra cattolici e ortodossi in Grecia, ma ha anche lamentato il fatto che nessun vescovo ortodosso nel paese rischierebbe mai, pur di avvicinarsi di pi\u00f9 ai cattolici, un qualche turbamento interno alla chiesa ortodossa.<\/p>\n<div class=\"embed-twitter\">\n<blockquote class=\"twitter-tweet\" data-width=\"500\" data-dnt=\"true\">\n<p lang=\"en\" dir=\"ltr\"><a href=\"https:\/\/twitter.com\/hashtag\/PopeinGreece?src=hash&amp;ref_src=twsrc%5Etfw\">#PopeinGreece<\/a>: <a href=\"https:\/\/twitter.com\/hashtag\/PopeFrancis?src=hash&amp;ref_src=twsrc%5Etfw\">#PopeFrancis<\/a> has arrived in Athens! Exaudi&#39;s <a href=\"https:\/\/twitter.com\/DeborahLubov?ref_src=twsrc%5Etfw\">@deborahlubov<\/a> is traveling with the Pope on the Papal Flight. <\/p>\n<p>Here&#39;s an Exclusive Interview with Archbishop of Athens, <a href=\"https:\/\/twitter.com\/hashtag\/Theodoros?src=hash&amp;ref_src=twsrc%5Etfw\">#Theodoros<\/a> <a href=\"https:\/\/twitter.com\/hashtag\/Kontidis?src=hash&amp;ref_src=twsrc%5Etfw\">#Kontidis<\/a>, S.J. <a href=\"https:\/\/t.co\/EZdxr26TP3\">https:\/\/t.co\/EZdxr26TP3<\/a><\/p>\n<p>&mdash; Exaudi (@Exaudi_News) <a href=\"https:\/\/twitter.com\/Exaudi_News\/status\/1467126610604314626?ref_src=twsrc%5Etfw\">December 4, 2021<\/a><\/p><\/blockquote>\n<p><script async src=\"https:\/\/platform.twitter.com\/widgets.js\" charset=\"utf-8\"><\/script><\/div>\n<p>E non ha caso, quando la corrispondente di Exaudi \u00e8 stata ammessa nel ristretto pool stampa dell&#8217;incontro di Francesco con Sua Beatitudine Ieronymos II, Arcivescovo ortodosso di Atene e di tutta la Grecia, si \u00e8 inizialmente avvertita una certa atmosfera di freddezza nella sala, mentre i due seguiti aspettavano attendevano la fine dell&#8217;incontro di Francesco e Jeronymos. L&#8217;atmosfera si \u00e8 successivamente scaldata grazie a momenti piacevoli e sorridenti tra il Pontefice e l&#8217;arcivescovo. Questa cordialit\u00e0 ha fatto seguito nondimeno alle parole di Ieronymos con cui ha lamentato il trattamento ostile ricevuto dagli ortodossi nella storia da parte dei cattolici, fatti per cui sono arrivate anche le scuse del pontefice.<\/p>\n<div class=\"embed-twitter\">\n<blockquote class=\"twitter-tweet\" data-width=\"500\" data-dnt=\"true\">\n<p lang=\"en\" dir=\"ltr\"><a href=\"https:\/\/twitter.com\/hashtag\/PopeinGreece?src=hash&amp;ref_src=twsrc%5Etfw\">#PopeinGreece<\/a> with His Beatitude Hieronymos II, Archbishop of Athens and All Greece<br \/>(\u00a9\ufe0f Exaudi&#39;s <a href=\"https:\/\/twitter.com\/DeborahLubov?ref_src=twsrc%5Etfw\">@DeborahLubov<\/a> traveling on papal flight with <a href=\"https:\/\/twitter.com\/hashtag\/PopeFrancis?src=hash&amp;ref_src=twsrc%5Etfw\">#PopeFrancis<\/a>) <a href=\"https:\/\/t.co\/fImSDTUb1F\">pic.twitter.com\/fImSDTUb1F<\/a><\/p>\n<p>&mdash; Exaudi (@Exaudi_News) <a href=\"https:\/\/twitter.com\/Exaudi_News\/status\/1467149662834634758?ref_src=twsrc%5Etfw\">December 4, 2021<\/a><\/p><\/blockquote>\n<p><script async src=\"https:\/\/platform.twitter.com\/widgets.js\" charset=\"utf-8\"><\/script><\/div>\n<p>E tuttavia non tutti erano cos\u00ec entusiasti della presenza del papa in Grecia. Lo testimonia l&#8217;episodio di un anziano sacerdote ortodosso che il ristretto pool stampa ha visto aspettare per lungo tempo, fuori dell&#8217;Arcivescovado ortodosso, con l&#8217;aria sconvolta, l&#8217;arrivo di Francesco. E&#8217; stato a quel punto che mentre Francesco faceva ingresso nell&#8217;arcivescovado, il sacerdote ha urlato in greco \u201cPapa, sei un eretico\u201d. La polizia greca, allertata dal grido, \u00e8 intervenuta rapidamente e l&#8217;anziano uomo \u00e8 caduto a terra.<\/p>\n<div class=\"embed-twitter\">\n<blockquote class=\"twitter-tweet\" data-width=\"500\" data-dnt=\"true\">\n<p lang=\"en\" dir=\"ltr\"><a href=\"https:\/\/twitter.com\/hashtag\/PopeinGreece?src=hash&amp;ref_src=twsrc%5Etfw\">#PopeinGreece<\/a> arrives\u00a0at the Orthodox Archbishopric of Greece in Athens for courtesy visit to His Beatitude Hieronymos II, Archbishop of Athens and All Greece<br \/>(\u00a9\ufe0f Exaudi&#39;s <a href=\"https:\/\/twitter.com\/DeborahLubov?ref_src=twsrc%5Etfw\">@DeborahLubov<\/a> traveling on papal flight with <a href=\"https:\/\/twitter.com\/hashtag\/PopeFrancis?src=hash&amp;ref_src=twsrc%5Etfw\">#PopeFrancis<\/a>) <a href=\"https:\/\/t.co\/B9UhtnuvM1\">pic.twitter.com\/B9UhtnuvM1<\/a><\/p>\n<p>&mdash; Exaudi (@Exaudi_News) <a href=\"https:\/\/twitter.com\/Exaudi_News\/status\/1467140965613940745?ref_src=twsrc%5Etfw\">December 4, 2021<\/a><\/p><\/blockquote>\n<p><script async src=\"https:\/\/platform.twitter.com\/widgets.js\" charset=\"utf-8\"><\/script><\/div>\n<h2><u><\/u>\u00a0Per l&#8217;unit\u00e0 di Cipro<\/h2>\n<p>Nell&#8217;<a href=\"https:\/\/exaudi.org\/it\/koch-il-viaggio-del-papa-per-superare-ostacoli-storici\/\">intervista<\/a> concessa ad Exaudi alla vigilia del viaggio, il cardinale Kurt Koch, Presidente del Pontificio Consiglio per la Promozione dell&#8217;unit\u00e0 dei cristiani, aveva parlato di come il viaggio papale a Cipro e in Grecia avrebbe contribuito al superamento degli ostacoli storici che separano cattolici e ortodossi e a rinforzare e fare riscoprire l&#8217;unit\u00e0 tra le due chiese.<\/p>\n<p>Ma nemmeno va sottovalutata l&#8217;importanza della visita di papa Francesco a Cipro, prima tappa del viaggio (2.4 dicembre), dove il pontefice si \u00e8 recato per promuovere l&#8217;unit\u00f2 di un paese tuttora diviso, tra un terzo dell&#8217;isola in mano ai turco-ciprioti e i due terzi restanti lasciati ai greco-ciprioti.<\/p>\n<p>Rivolgendosi alle autorit\u00e0 civili al suo arrivo al Palazzo Presidenziale di Nicosia, il papa argentino ha deplorato la divisione di Cipro e ha invitato le due controparti al dialogo e agli sforzi di pacificazione per ricucire \u201cla lacerazione\u201d. Exaudi era l\u00ec e ha assistito alla grande accoglienza del Pontefice e ai simpatici scambi tra lui e il presidente.<\/p>\n<div class=\"embed-twitter\">\n<blockquote class=\"twitter-tweet\" data-width=\"500\" data-dnt=\"true\">\n<p lang=\"en\" dir=\"ltr\"><a href=\"https:\/\/twitter.com\/hashtag\/PopeinCyprus?src=hash&amp;ref_src=twsrc%5Etfw\">#PopeinCyprus<\/a>: <a href=\"https:\/\/twitter.com\/hashtag\/PopeFrancis?src=hash&amp;ref_src=twsrc%5Etfw\">#PopeFrancis<\/a> at Presidential Palace in Cyprus (Video \u00a9\ufe0fDeborah Lubov) <a href=\"https:\/\/t.co\/hCOHEPbTuX\">pic.twitter.com\/hCOHEPbTuX<\/a><\/p>\n<p>&mdash; Exaudi (@Exaudi_News) <a href=\"https:\/\/twitter.com\/Exaudi_News\/status\/1466436900168814593?ref_src=twsrc%5Etfw\">December 2, 2021<\/a><\/p><\/blockquote>\n<p><script async src=\"https:\/\/platform.twitter.com\/widgets.js\" charset=\"utf-8\"><\/script><\/div>\n<p>\u201cLa\u00a0ferita che pi\u00f9 soffre questa terra\u201d, son parole di Francesco, \u201c\u00e8 data dalla terribile lacerazione che ha subito negli ultimi decenni. Penso al patimento interiore di quanti non possono tornare alle loro case e ai loro luoghi di culto\u201d.<\/p>\n<p>La divisione di Cipro in due parte risale all&#8217;invasione del nord dell&#8217;isola da parte dell&#8217;esercito turco, datata 1974. Nicosia \u00e8 l&#8217;unica capitale europea divisa in due diverse aree, quella settentrionale e quella meridionale. Molti addetti ai lavori hanno espresso la loro convinzione che Francesco sia andato a Cipro a spingere per il dialogo e l&#8217;unit\u00e0.<\/p>\n<p>In una <a href=\"https:\/\/exaudi.org\/it\/il-leader-dei-cattolici-di-cipro-francesco-verra-anche-ad-imparare\/\">conversazione esclusiva<\/a> con Exaudi, il francescano polacco p. Jerzy Kraj, vicario patriarcale per Cipro del Patriarcato latino di Gerusalemme, ha spiegato che nella parte ci Cipro nord non risiede stabilmente neppure un sacerdote cattolico, e ha raccontato di come siano loro, sacerdoti operanti a Cipro, ad adoperarsi per prestare una cura pastorale ai cattolici residenti nel nord, nonostante tutte le difficolt\u00e0. Molti tra loro sono gli africani studenti delle universit\u00e0 di Cipro nord.<\/p>\n<div class=\"embed-twitter\">\n<blockquote class=\"twitter-tweet\" data-width=\"500\" data-dnt=\"true\">\n<p lang=\"en\" dir=\"ltr\">Pope Francis has landed in Cyprus!<\/p>\n<p>Here is Exaudi&#39;s Exclusive Interview with the leader of Cyprus&#39; Catholic community, Father <a href=\"https:\/\/twitter.com\/hashtag\/Jerzy?src=hash&amp;ref_src=twsrc%5Etfw\">#Jerzy<\/a> <a href=\"https:\/\/twitter.com\/hashtag\/Kraj?src=hash&amp;ref_src=twsrc%5Etfw\">#Kraj<\/a>, Patriarchal Vicar for <a href=\"https:\/\/twitter.com\/hashtag\/Cyprus?src=hash&amp;ref_src=twsrc%5Etfw\">#Cyprus<\/a> of Latin Patriarchate of Jerusalem <a href=\"https:\/\/twitter.com\/hashtag\/PopeinCyprus?src=hash&amp;ref_src=twsrc%5Etfw\">#PopeinCyprus<\/a> (Exaudi is traveling with the Pope) <a href=\"https:\/\/t.co\/e5oGMRl0b7\">https:\/\/t.co\/e5oGMRl0b7<\/a><\/p>\n<p>&mdash; Exaudi (@Exaudi_News) <a href=\"https:\/\/twitter.com\/Exaudi_News\/status\/1466419111416799236?ref_src=twsrc%5Etfw\">December 2, 2021<\/a><\/p><\/blockquote>\n<p><script async src=\"https:\/\/platform.twitter.com\/widgets.js\" charset=\"utf-8\"><\/script><\/div>\n<p>Francesco si \u00e8 mostrato ben consapevole dell&#8217;entit\u00e0 del fenomeno delle migrazioni a Cipro, terra di tradizione ortodossa, e della sua complessa composizione etnica e culturale della popolazione di quel paese. Alla messa celebrata dal Pontefice allo stadio di Nicosia, venerd\u00ec 3 dicembre, si sono potuti vedere numerosi fedeli, dei quali pochi nativi ciprioti e invece molti filippini e comunit\u00e0 di altre nazionalit\u00e0. Per Francesco quella \u00e8 stata l&#8217;occasione di avvertire i cattolici di Cipro che \u201cSe restiamo divisi tra di noi, se ciascuno pensa solo a s\u00e9 o al suo gruppo, se non ci stringiamo insieme, non dialoghiamo, non camminiamo uniti\u201d.<\/p>\n<p>Anche l&#8217;<a href=\"https:\/\/exaudi.org\/it\/cipro-ha-bisogno-delle-parole-di-pace-e-speranza-di-francesco\/\">ambasciatore di Cipro<\/a> presso la Santa Sede, George Poulides, aveva riferito a Exaudi di come Francesco godesse di un&#8217;opinione favorevole tra i ciprioti e di come questo viaggio dovrebbe contribuire all&#8217;unit\u00e0 dell&#8217;isola.<\/p>\n<p>\u201cI greco-ciprioti e i turco-ciprioti sono fratelli, vittime di un&#8217;aggressione militare\u201d, ha affermato Poulides, rilevando che \u201cCipro ha bisogno del messaggio di pace imparziale del Papa, data la difficile situazione che l&#8217;isola sta affrontando nella sua zona occupata\u201d. E questo \u00e8 stato il messaggio che Bergoglio ha lasciato in consegna ai cattolici per la durata intera della sua permanenza a Cipro.<\/p>\n<p>Quando in futuro si parler\u00e0 ancora di questo viaggio, qualcuno si ricorder\u00e0 della tenacia e della vicinanza personale di Papa Francesco a persone che altrimenti si sarebbero sentite abbandonate. E anche mentre Exaudi osservava il Papa riflettere, sulla visita durante il suo volo di ritorno a Roma, si poteva intuire chiaro che vedremo ancora dispiegati molto pi\u00f9 impegno e pi\u00f9 energia.<\/p>\n<div class=\"embed-twitter\">\n<blockquote class=\"twitter-tweet\" data-width=\"500\" data-dnt=\"true\">\n<p lang=\"en\" dir=\"ltr\"><a href=\"https:\/\/twitter.com\/hashtag\/PopeFrancis?src=hash&amp;ref_src=twsrc%5Etfw\">#PopeFrancis<\/a> is leaving Cyprus, and departing soon for Athens, Greece. Exaudi and these other papal flight journalists are getting ready to travel again with the Pope. <a href=\"https:\/\/twitter.com\/hashtag\/PopeinGreece?src=hash&amp;ref_src=twsrc%5Etfw\">#PopeinGreece<\/a> <a href=\"https:\/\/twitter.com\/hashtag\/PopeinCyprus?src=hash&amp;ref_src=twsrc%5Etfw\">#PopeinCyprus<\/a> (\u00a9\ufe0f Exaudi&#39;s Deborah Lubov on the Papal Flight) <a href=\"https:\/\/t.co\/tpBpVDjCyh\">pic.twitter.com\/tpBpVDjCyh<\/a><\/p>\n<p>&mdash; Exaudi (@Exaudi_News) <a href=\"https:\/\/twitter.com\/Exaudi_News\/status\/1467024548574945281?ref_src=twsrc%5Etfw\">December 4, 2021<\/a><\/p><\/blockquote>\n<p><script async src=\"https:\/\/platform.twitter.com\/widgets.js\" charset=\"utf-8\"><\/script><\/div>\n","protected":false},"excerpt":{"rendered":"<p>Le esclusive di Exaudi a bordo del volo papale<\/p>\n","protected":false},"author":3,"featured_media":45206,"comment_status":"closed","ping_status":"closed","sticky":false,"template":"","format":"standard","meta":{"_acf_changed":false,"_crdt_document":"","inline_featured_image":false,"footnotes":""},"categories":[71],"tags":[5140,2487,251],"class_list":["post-45237","post","type-post","status-publish","format-standard","has-post-thumbnail","hentry","category-analisi","tag-cipro-e-grecia","tag-featured-3","tag-papa-francesco"],"acf":[],"yoast_head":"<!-- This site is optimized with the Yoast SEO plugin v27.5 - https:\/\/yoast.com\/product\/yoast-seo-wordpress\/ -->\n<title>Papa Francesco a Cipro e in Grecia, un viaggio da ricordare &#8211; Exaudi<\/title>\n<meta name=\"description\" content=\"Papa Francesco a Cipro e in Grecia, un viaggio da ricordare. Le esclusive di Exaudi a bordo del volo papale\" \/>\n<meta name=\"robots\" content=\"index, follow, max-snippet:-1, max-image-preview:large, max-video-preview:-1\" \/>\n<link rel=\"canonical\" href=\"https:\/\/exaudi.org\/it\/papa-francesco-a-cipro-e-in-grecia-un-viaggio-da-ricordare\/\" \/>\n<meta property=\"og:locale\" content=\"it_IT\" \/>\n<meta property=\"og:type\" content=\"article\" \/>\n<meta property=\"og:title\" content=\"Papa Francesco a Cipro e in Grecia, un viaggio da ricordare &#8211; Exaudi\" \/>\n<meta property=\"og:description\" content=\"Papa Francesco a Cipro e in Grecia, un viaggio da ricordare. Le esclusive di Exaudi a bordo del volo papale\" \/>\n<meta property=\"og:url\" content=\"https:\/\/exaudi.org\/it\/papa-francesco-a-cipro-e-in-grecia-un-viaggio-da-ricordare\/\" \/>\n<meta property=\"og:site_name\" content=\"Exaudi\" \/>\n<meta property=\"article:publisher\" content=\"https:\/\/www.facebook.com\/ExaudiNews\" \/>\n<meta property=\"article:published_time\" content=\"2021-12-10T07:56:00+00:00\" \/>\n<meta property=\"article:modified_time\" content=\"2021-12-10T13:26:38+00:00\" \/>\n<meta property=\"og:image\" content=\"https:\/\/exaudi.org\/wp-content\/uploads\/2021\/12\/cq5dam.thumbnail.cropped.750.422-62.jpeg\" \/>\n\t<meta property=\"og:image:width\" content=\"750\" \/>\n\t<meta property=\"og:image:height\" content=\"422\" \/>\n\t<meta property=\"og:image:type\" content=\"image\/jpeg\" \/>\n<meta name=\"author\" content=\"Deborah Castellano Lubov\" \/>\n<meta name=\"twitter:card\" content=\"summary_large_image\" \/>\n<meta name=\"twitter:creator\" content=\"@Exaudi_News\" \/>\n<meta name=\"twitter:site\" content=\"@Exaudi_News\" \/>\n<meta name=\"twitter:label1\" content=\"Scritto da\" \/>\n\t<meta name=\"twitter:data1\" content=\"Deborah Castellano Lubov\" \/>\n\t<meta name=\"twitter:label2\" content=\"Tempo di lettura stimato\" \/>\n\t<meta name=\"twitter:data2\" content=\"11 minuti\" \/>\n<script type=\"application\/ld+json\" class=\"yoast-schema-graph\">{\"@context\":\"https:\\\/\\\/schema.org\",\"@graph\":[{\"@type\":\"Article\",\"@id\":\"https:\\\/\\\/exaudi.org\\\/it\\\/papa-francesco-a-cipro-e-in-grecia-un-viaggio-da-ricordare\\\/#article\",\"isPartOf\":{\"@id\":\"https:\\\/\\\/exaudi.org\\\/it\\\/papa-francesco-a-cipro-e-in-grecia-un-viaggio-da-ricordare\\\/\"},\"author\":{\"name\":\"Deborah Castellano Lubov\",\"@id\":\"https:\\\/\\\/exaudi.org\\\/#\\\/schema\\\/person\\\/ca36230f63b85cb8badafaa15f06d602\"},\"headline\":\"Papa Francesco a Cipro e in Grecia, un viaggio da ricordare\",\"datePublished\":\"2021-12-10T07:56:00+00:00\",\"dateModified\":\"2021-12-10T13:26:38+00:00\",\"mainEntityOfPage\":{\"@id\":\"https:\\\/\\\/exaudi.org\\\/it\\\/papa-francesco-a-cipro-e-in-grecia-un-viaggio-da-ricordare\\\/\"},\"wordCount\":2612,\"image\":{\"@id\":\"https:\\\/\\\/exaudi.org\\\/it\\\/papa-francesco-a-cipro-e-in-grecia-un-viaggio-da-ricordare\\\/#primaryimage\"},\"thumbnailUrl\":\"https:\\\/\\\/exaudi.org\\\/wp-content\\\/uploads\\\/2021\\\/12\\\/cq5dam.thumbnail.cropped.750.422-62.jpeg\",\"keywords\":[\"Cipro e Grecia\",\"Featured\",\"Papa Francesco\"],\"articleSection\":[\"Analisi\"],\"inLanguage\":\"it-IT\"},{\"@type\":\"WebPage\",\"@id\":\"https:\\\/\\\/exaudi.org\\\/it\\\/papa-francesco-a-cipro-e-in-grecia-un-viaggio-da-ricordare\\\/\",\"url\":\"https:\\\/\\\/exaudi.org\\\/it\\\/papa-francesco-a-cipro-e-in-grecia-un-viaggio-da-ricordare\\\/\",\"name\":\"Papa Francesco a Cipro e in Grecia, un viaggio da ricordare &#8211; Exaudi\",\"isPartOf\":{\"@id\":\"https:\\\/\\\/exaudi.org\\\/#website\"},\"primaryImageOfPage\":{\"@id\":\"https:\\\/\\\/exaudi.org\\\/it\\\/papa-francesco-a-cipro-e-in-grecia-un-viaggio-da-ricordare\\\/#primaryimage\"},\"image\":{\"@id\":\"https:\\\/\\\/exaudi.org\\\/it\\\/papa-francesco-a-cipro-e-in-grecia-un-viaggio-da-ricordare\\\/#primaryimage\"},\"thumbnailUrl\":\"https:\\\/\\\/exaudi.org\\\/wp-content\\\/uploads\\\/2021\\\/12\\\/cq5dam.thumbnail.cropped.750.422-62.jpeg\",\"datePublished\":\"2021-12-10T07:56:00+00:00\",\"dateModified\":\"2021-12-10T13:26:38+00:00\",\"author\":{\"@id\":\"https:\\\/\\\/exaudi.org\\\/#\\\/schema\\\/person\\\/ca36230f63b85cb8badafaa15f06d602\"},\"description\":\"Papa Francesco a Cipro e in Grecia, un viaggio da ricordare. Le esclusive di Exaudi a bordo del volo papale\",\"breadcrumb\":{\"@id\":\"https:\\\/\\\/exaudi.org\\\/it\\\/papa-francesco-a-cipro-e-in-grecia-un-viaggio-da-ricordare\\\/#breadcrumb\"},\"inLanguage\":\"it-IT\",\"potentialAction\":[{\"@type\":\"ReadAction\",\"target\":[\"https:\\\/\\\/exaudi.org\\\/it\\\/papa-francesco-a-cipro-e-in-grecia-un-viaggio-da-ricordare\\\/\"]}]},{\"@type\":\"ImageObject\",\"inLanguage\":\"it-IT\",\"@id\":\"https:\\\/\\\/exaudi.org\\\/it\\\/papa-francesco-a-cipro-e-in-grecia-un-viaggio-da-ricordare\\\/#primaryimage\",\"url\":\"https:\\\/\\\/exaudi.org\\\/wp-content\\\/uploads\\\/2021\\\/12\\\/cq5dam.thumbnail.cropped.750.422-62.jpeg\",\"contentUrl\":\"https:\\\/\\\/exaudi.org\\\/wp-content\\\/uploads\\\/2021\\\/12\\\/cq5dam.thumbnail.cropped.750.422-62.jpeg\",\"width\":750,\"height\":422,\"caption\":\"Copyright: Vatican Media\"},{\"@type\":\"BreadcrumbList\",\"@id\":\"https:\\\/\\\/exaudi.org\\\/it\\\/papa-francesco-a-cipro-e-in-grecia-un-viaggio-da-ricordare\\\/#breadcrumb\",\"itemListElement\":[{\"@type\":\"ListItem\",\"position\":1,\"name\":\"Portada\",\"item\":\"https:\\\/\\\/exaudi.org\\\/it\\\/\"},{\"@type\":\"ListItem\",\"position\":2,\"name\":\"Papa Francesco a Cipro e in Grecia, un viaggio da ricordare\"}]},{\"@type\":\"WebSite\",\"@id\":\"https:\\\/\\\/exaudi.org\\\/#website\",\"url\":\"https:\\\/\\\/exaudi.org\\\/\",\"name\":\"Exaudi\",\"description\":\"News\",\"potentialAction\":[{\"@type\":\"SearchAction\",\"target\":{\"@type\":\"EntryPoint\",\"urlTemplate\":\"https:\\\/\\\/exaudi.org\\\/?s={search_term_string}\"},\"query-input\":{\"@type\":\"PropertyValueSpecification\",\"valueRequired\":true,\"valueName\":\"search_term_string\"}}],\"inLanguage\":\"it-IT\"},{\"@type\":\"Person\",\"@id\":\"https:\\\/\\\/exaudi.org\\\/#\\\/schema\\\/person\\\/ca36230f63b85cb8badafaa15f06d602\",\"name\":\"Deborah Castellano Lubov\",\"image\":{\"@type\":\"ImageObject\",\"inLanguage\":\"it-IT\",\"@id\":\"https:\\\/\\\/secure.gravatar.com\\\/avatar\\\/1634e49afca8a60560a6701011a51b43f0e7362f22afa1fa6c37dfb70bd8d6a8?s=96&d=mm&r=g\",\"url\":\"https:\\\/\\\/secure.gravatar.com\\\/avatar\\\/1634e49afca8a60560a6701011a51b43f0e7362f22afa1fa6c37dfb70bd8d6a8?s=96&d=mm&r=g\",\"contentUrl\":\"https:\\\/\\\/secure.gravatar.com\\\/avatar\\\/1634e49afca8a60560a6701011a51b43f0e7362f22afa1fa6c37dfb70bd8d6a8?s=96&d=mm&r=g\",\"caption\":\"Deborah Castellano Lubov\"},\"description\":\"Deborah Castellano Lubov is Editorial Director &amp; Senior Vatican &amp; Rome Correspondent for EXAUDI (&amp; Prior, for ZENIT); Author of 'The Other Francis' ('L'Altro Francesco') featuring interviews with those closest to the Pope and preface by Vatican Secretary of State Cardinal Parolin (currently published in 5 languages); Deborah is also NBC &amp; MSNBC Vatican Analyst. She often covers the Pope's travels abroad, often from the Papal Flight (including for historic trips such as to Abu Dhabi and Japan &amp; Thailand), and has also asked him questions on the return-flight press conference on behalf of the English-speaking press present. Lubov has done much TV &amp; radio commentary, including for NBC, Sky, EWTN, BBC, Vatican Radio, AP, Reuters and more. She also has contributed to various books on the Pope and has written for various Catholic publications. For 'The Other Francis': http:\\\/\\\/www.gracewing.co.uk\\\/page219.html or https:\\\/\\\/www.amazon.com\\\/Other-Francis-Everything-They-about\\\/dp\\\/0852449348\\\/\",\"url\":\"https:\\\/\\\/exaudi.org\\\/it\\\/author\\\/dlubovexaudi-org\\\/\"}]}<\/script>\n<!-- \/ Yoast SEO plugin. -->","yoast_head_json":{"title":"Papa Francesco a Cipro e in Grecia, un viaggio da ricordare &#8211; Exaudi","description":"Papa Francesco a Cipro e in Grecia, un viaggio da ricordare. Le esclusive di Exaudi a bordo del volo papale","robots":{"index":"index","follow":"follow","max-snippet":"max-snippet:-1","max-image-preview":"max-image-preview:large","max-video-preview":"max-video-preview:-1"},"canonical":"https:\/\/exaudi.org\/it\/papa-francesco-a-cipro-e-in-grecia-un-viaggio-da-ricordare\/","og_locale":"it_IT","og_type":"article","og_title":"Papa Francesco a Cipro e in Grecia, un viaggio da ricordare &#8211; Exaudi","og_description":"Papa Francesco a Cipro e in Grecia, un viaggio da ricordare. Le esclusive di Exaudi a bordo del volo papale","og_url":"https:\/\/exaudi.org\/it\/papa-francesco-a-cipro-e-in-grecia-un-viaggio-da-ricordare\/","og_site_name":"Exaudi","article_publisher":"https:\/\/www.facebook.com\/ExaudiNews","article_published_time":"2021-12-10T07:56:00+00:00","article_modified_time":"2021-12-10T13:26:38+00:00","og_image":[{"width":750,"height":422,"url":"https:\/\/exaudi.org\/wp-content\/uploads\/2021\/12\/cq5dam.thumbnail.cropped.750.422-62.jpeg","type":"image\/jpeg"}],"author":"Deborah Castellano Lubov","twitter_card":"summary_large_image","twitter_creator":"@Exaudi_News","twitter_site":"@Exaudi_News","twitter_misc":{"Scritto da":"Deborah Castellano Lubov","Tempo di lettura stimato":"11 minuti"},"schema":{"@context":"https:\/\/schema.org","@graph":[{"@type":"Article","@id":"https:\/\/exaudi.org\/it\/papa-francesco-a-cipro-e-in-grecia-un-viaggio-da-ricordare\/#article","isPartOf":{"@id":"https:\/\/exaudi.org\/it\/papa-francesco-a-cipro-e-in-grecia-un-viaggio-da-ricordare\/"},"author":{"name":"Deborah Castellano Lubov","@id":"https:\/\/exaudi.org\/#\/schema\/person\/ca36230f63b85cb8badafaa15f06d602"},"headline":"Papa Francesco a Cipro e in Grecia, un viaggio da ricordare","datePublished":"2021-12-10T07:56:00+00:00","dateModified":"2021-12-10T13:26:38+00:00","mainEntityOfPage":{"@id":"https:\/\/exaudi.org\/it\/papa-francesco-a-cipro-e-in-grecia-un-viaggio-da-ricordare\/"},"wordCount":2612,"image":{"@id":"https:\/\/exaudi.org\/it\/papa-francesco-a-cipro-e-in-grecia-un-viaggio-da-ricordare\/#primaryimage"},"thumbnailUrl":"https:\/\/exaudi.org\/wp-content\/uploads\/2021\/12\/cq5dam.thumbnail.cropped.750.422-62.jpeg","keywords":["Cipro e Grecia","Featured","Papa Francesco"],"articleSection":["Analisi"],"inLanguage":"it-IT"},{"@type":"WebPage","@id":"https:\/\/exaudi.org\/it\/papa-francesco-a-cipro-e-in-grecia-un-viaggio-da-ricordare\/","url":"https:\/\/exaudi.org\/it\/papa-francesco-a-cipro-e-in-grecia-un-viaggio-da-ricordare\/","name":"Papa Francesco a Cipro e in Grecia, un viaggio da ricordare &#8211; Exaudi","isPartOf":{"@id":"https:\/\/exaudi.org\/#website"},"primaryImageOfPage":{"@id":"https:\/\/exaudi.org\/it\/papa-francesco-a-cipro-e-in-grecia-un-viaggio-da-ricordare\/#primaryimage"},"image":{"@id":"https:\/\/exaudi.org\/it\/papa-francesco-a-cipro-e-in-grecia-un-viaggio-da-ricordare\/#primaryimage"},"thumbnailUrl":"https:\/\/exaudi.org\/wp-content\/uploads\/2021\/12\/cq5dam.thumbnail.cropped.750.422-62.jpeg","datePublished":"2021-12-10T07:56:00+00:00","dateModified":"2021-12-10T13:26:38+00:00","author":{"@id":"https:\/\/exaudi.org\/#\/schema\/person\/ca36230f63b85cb8badafaa15f06d602"},"description":"Papa Francesco a Cipro e in Grecia, un viaggio da ricordare. Le esclusive di Exaudi a bordo del volo papale","breadcrumb":{"@id":"https:\/\/exaudi.org\/it\/papa-francesco-a-cipro-e-in-grecia-un-viaggio-da-ricordare\/#breadcrumb"},"inLanguage":"it-IT","potentialAction":[{"@type":"ReadAction","target":["https:\/\/exaudi.org\/it\/papa-francesco-a-cipro-e-in-grecia-un-viaggio-da-ricordare\/"]}]},{"@type":"ImageObject","inLanguage":"it-IT","@id":"https:\/\/exaudi.org\/it\/papa-francesco-a-cipro-e-in-grecia-un-viaggio-da-ricordare\/#primaryimage","url":"https:\/\/exaudi.org\/wp-content\/uploads\/2021\/12\/cq5dam.thumbnail.cropped.750.422-62.jpeg","contentUrl":"https:\/\/exaudi.org\/wp-content\/uploads\/2021\/12\/cq5dam.thumbnail.cropped.750.422-62.jpeg","width":750,"height":422,"caption":"Copyright: Vatican Media"},{"@type":"BreadcrumbList","@id":"https:\/\/exaudi.org\/it\/papa-francesco-a-cipro-e-in-grecia-un-viaggio-da-ricordare\/#breadcrumb","itemListElement":[{"@type":"ListItem","position":1,"name":"Portada","item":"https:\/\/exaudi.org\/it\/"},{"@type":"ListItem","position":2,"name":"Papa Francesco a Cipro e in Grecia, un viaggio da ricordare"}]},{"@type":"WebSite","@id":"https:\/\/exaudi.org\/#website","url":"https:\/\/exaudi.org\/","name":"Exaudi","description":"News","potentialAction":[{"@type":"SearchAction","target":{"@type":"EntryPoint","urlTemplate":"https:\/\/exaudi.org\/?s={search_term_string}"},"query-input":{"@type":"PropertyValueSpecification","valueRequired":true,"valueName":"search_term_string"}}],"inLanguage":"it-IT"},{"@type":"Person","@id":"https:\/\/exaudi.org\/#\/schema\/person\/ca36230f63b85cb8badafaa15f06d602","name":"Deborah Castellano Lubov","image":{"@type":"ImageObject","inLanguage":"it-IT","@id":"https:\/\/secure.gravatar.com\/avatar\/1634e49afca8a60560a6701011a51b43f0e7362f22afa1fa6c37dfb70bd8d6a8?s=96&d=mm&r=g","url":"https:\/\/secure.gravatar.com\/avatar\/1634e49afca8a60560a6701011a51b43f0e7362f22afa1fa6c37dfb70bd8d6a8?s=96&d=mm&r=g","contentUrl":"https:\/\/secure.gravatar.com\/avatar\/1634e49afca8a60560a6701011a51b43f0e7362f22afa1fa6c37dfb70bd8d6a8?s=96&d=mm&r=g","caption":"Deborah Castellano Lubov"},"description":"Deborah Castellano Lubov is Editorial Director &amp; Senior Vatican &amp; Rome Correspondent for EXAUDI (&amp; Prior, for ZENIT); Author of 'The Other Francis' ('L'Altro Francesco') featuring interviews with those closest to the Pope and preface by Vatican Secretary of State Cardinal Parolin (currently published in 5 languages); Deborah is also NBC &amp; MSNBC Vatican Analyst. She often covers the Pope's travels abroad, often from the Papal Flight (including for historic trips such as to Abu Dhabi and Japan &amp; Thailand), and has also asked him questions on the return-flight press conference on behalf of the English-speaking press present. Lubov has done much TV &amp; radio commentary, including for NBC, Sky, EWTN, BBC, Vatican Radio, AP, Reuters and more. She also has contributed to various books on the Pope and has written for various Catholic publications. For 'The Other Francis': http:\/\/www.gracewing.co.uk\/page219.html or https:\/\/www.amazon.com\/Other-Francis-Everything-They-about\/dp\/0852449348\/","url":"https:\/\/exaudi.org\/it\/author\/dlubovexaudi-org\/"}]}},"jetpack_featured_media_url":"https:\/\/exaudi.org\/wp-content\/uploads\/2021\/12\/cq5dam.thumbnail.cropped.750.422-62.jpeg","jetpack_shortlink":"https:\/\/wp.me\/pgKjF2-bLD","_links":{"self":[{"href":"https:\/\/exaudi.org\/it\/wp-json\/wp\/v2\/posts\/45237","targetHints":{"allow":["GET"]}}],"collection":[{"href":"https:\/\/exaudi.org\/it\/wp-json\/wp\/v2\/posts"}],"about":[{"href":"https:\/\/exaudi.org\/it\/wp-json\/wp\/v2\/types\/post"}],"author":[{"embeddable":true,"href":"https:\/\/exaudi.org\/it\/wp-json\/wp\/v2\/users\/3"}],"replies":[{"embeddable":true,"href":"https:\/\/exaudi.org\/it\/wp-json\/wp\/v2\/comments?post=45237"}],"version-history":[{"count":0,"href":"https:\/\/exaudi.org\/it\/wp-json\/wp\/v2\/posts\/45237\/revisions"}],"wp:featuredmedia":[{"embeddable":true,"href":"https:\/\/exaudi.org\/it\/wp-json\/wp\/v2\/media\/45206"}],"wp:attachment":[{"href":"https:\/\/exaudi.org\/it\/wp-json\/wp\/v2\/media?parent=45237"}],"wp:term":[{"taxonomy":"category","embeddable":true,"href":"https:\/\/exaudi.org\/it\/wp-json\/wp\/v2\/categories?post=45237"},{"taxonomy":"post_tag","embeddable":true,"href":"https:\/\/exaudi.org\/it\/wp-json\/wp\/v2\/tags?post=45237"}],"curies":[{"name":"wp","href":"https:\/\/api.w.org\/{rel}","templated":true}]}}