{"id":44345,"date":"2021-12-04T18:29:18","date_gmt":"2021-12-04T17:29:18","guid":{"rendered":"https:\/\/exaudi.org\/?p=44345"},"modified":"2021-12-05T12:41:07","modified_gmt":"2021-12-05T11:41:07","slug":"fiducia-e-accoglienza-per-la-evangelizzazione","status":"publish","type":"post","link":"https:\/\/exaudi.org\/it\/fiducia-e-accoglienza-per-la-evangelizzazione\/","title":{"rendered":"Fiducia e accoglienza per l&#8217;evangelizzazione"},"content":{"rendered":"<p>Dopo la visita all\u2019<a href=\"https:\/\/exaudi.org\/it\/il-papa-chiede-perdono-per-gli-errori-dei-cattolici\/\">arcivescovo ortodosso<\/a> Ieronymus II, Papa Francesco si \u00e8 spostato nella cattedrale di San Dionigi. Qui ha incontrato vescovi, sacerdoti, religiosi, seminaristi e catechisti. Ad accoglierlo l\u2019arcivescovo di Atene, Theodoros Kontidis, S.I., e il parroco. Dopo il canto d\u2019ingresso, mons. Sevastianos Rossolatos, arcivescovo emerito di Atene e Presidente della Conferenza Episcopale di Grecia, ha rivolto il saluto al Santo Padre. Prima del discorso del Papa, ci sono state le testimonianze di una suora del Verbo Incarnato e di un laico. Nelle sue parole alla comunit\u00e0 cattolica il S. Padre ha insistito su due aspetti: fiducia e accoglienza per valorizzare la missione di evangelizzare. La Chiesa \u00e8 minoritaria in tutto il mondo ma, sull\u2019esempio di San Paolo, questo porta ad evitare trionfalismi e a confidare in Dio. Ecco il discorso del S. Padre:<\/p>\n<p>Cari fratelli Vescovi, cari sacerdoti, religiose e religiosi, seminaristi, cari fratelli e sorelle, kalispera sas! [buonasera!] Vi ringrazio di cuore per la vostra accoglienza e per le parole di saluto che Mons. Rossolatos mi ha rivolto. E grazie, sorella, per la sua testimonianza: \u00e8 importante che i religiosi e le religiose vivano con questo spirito il loro servizio, con un amore appassionato che si fa dono per la comunit\u00e0 dove sono inviati. Grazie! Grazie anche a Rokos per la bella testimonianza di fede vissuta in famiglia, nella vita quotidiana, insieme ai figli che, come tanti giovani, a un certo punto si fanno delle domande, si interrogano, su alcune cose diventano un po\u2019 critici. Ma va bene anche questo, perch\u00e9 aiuta noi come Chiesa a riflettere e a cambiare.<\/p>\n<h2>La grande cultura greca<\/h2>\n<p>Sono contento di incontrarvi in una terra che \u00e8 un dono, un patrimonio dell\u2019umanit\u00e0 sul quale sono state costruite le fondamenta dell\u2019Occidente. Siamo un po\u2019 tutti figli e debitori del vostro Paese: senza la poesia, la letteratura, la filosofia e l\u2019arte che si sono sviluppate qui, non potremmo conoscere tante sfaccettature dell\u2019esistenza umana, n\u00e9 soddisfare molte domande interiori sulla vita, sull\u2019amore, sul dolore e sulla morte. Nell\u2019alveo di questo ricco patrimonio, qui agli inizi del cristianesimo \u00e8 stato inaugurato un \u201claboratorio\u201d per l\u2019inculturazione della fede, gestito dalla sapienza di tanti Padri della Chiesa, che con la loro santa condotta di vita e i loro scritti rappresentano un faro luminoso per i credenti di ogni epoca.<\/p>\n<h2>L\u2019esempio di Paolo<\/h2>\n<p>Ma se ci chiediamo chi ha inaugurato l\u2019incontro tra il cristianesimo delle origini e la cultura greca, il pensiero non pu\u00f2 che andare all\u2019Apostolo Paolo. \u00c8 lui che ha aperto il \u201claboratorio della fede\u201d, che ha sintetizzato quei due mondi. E l\u2019ha fatto proprio qui, come raccontano gli Atti degli Apostoli: giunge ad Atene, inizia a predicare nelle piazze e i dotti del tempo lo conducono all\u2019Areopago, che era il consiglio degli anziani, dei sapienti che giudicavano questioni di interesse pubblico.<\/p>\n<figure id=\"attachment_44362\" aria-describedby=\"caption-attachment-44362\" style=\"width: 300px\" class=\"wp-caption alignleft\"><img loading=\"lazy\" decoding=\"async\" class=\"size-medium wp-image-44362\" src=\"https:\/\/exaudi.org\/wp-content\/uploads\/2021\/12\/cattolici-2-300x200.jpg\" alt=\"fiducia\" width=\"300\" height=\"200\" srcset=\"https:\/\/exaudi.org\/wp-content\/uploads\/2021\/12\/cattolici-2-300x200.jpg 300w, https:\/\/exaudi.org\/wp-content\/uploads\/2021\/12\/cattolici-2-1024x683.jpg 1024w, https:\/\/exaudi.org\/wp-content\/uploads\/2021\/12\/cattolici-2-770x513.jpg 770w, https:\/\/exaudi.org\/wp-content\/uploads\/2021\/12\/cattolici-2-1536x1024.jpg 1536w, https:\/\/exaudi.org\/wp-content\/uploads\/2021\/12\/cattolici-2-2048x1365.jpg 2048w, https:\/\/exaudi.org\/wp-content\/uploads\/2021\/12\/cattolici-2-360x240.jpg?crop=1 360w, https:\/\/exaudi.org\/wp-content\/uploads\/2021\/12\/cattolici-2-500x333.jpg 500w, https:\/\/exaudi.org\/wp-content\/uploads\/2021\/12\/cattolici-2-1155x770.jpg 1155w, https:\/\/exaudi.org\/wp-content\/uploads\/2021\/12\/cattolici-2-370x247.jpg 370w, https:\/\/exaudi.org\/wp-content\/uploads\/2021\/12\/cattolici-2-293x195.jpg 293w, https:\/\/exaudi.org\/wp-content\/uploads\/2021\/12\/cattolici-2-1400x933.jpg 1400w, https:\/\/exaudi.org\/wp-content\/uploads\/2021\/12\/cattolici-2-120x80.jpg 120w, https:\/\/exaudi.org\/wp-content\/uploads\/2021\/12\/cattolici-2-240x160.jpg 240w, https:\/\/exaudi.org\/wp-content\/uploads\/2021\/12\/cattolici-2-390x260.jpg 390w\" sizes=\"auto, (max-width: 300px) 100vw, 300px\" \/><figcaption id=\"caption-attachment-44362\" class=\"wp-caption-text\">(C) Vatican Media<\/figcaption><\/figure>\n<p>Fermiamoci su questo episodio e lasciamoci orientare, nel nostro cammino di Chiesa, da due atteggiamenti dell\u2019Apostolo utili alla nostra attuale elaborazione della fede. Il primo atteggiamento \u00e8 la fiducia. Mentre Paolo predicava, alcuni filosofi iniziano a chiedersi che cosa voglia insegnare questo \u00abciarlatano\u00bb. Lo chiamano cos\u00ec, ciarlatano: uno che inventa cose approfittando della buona fede di chi lo ascolta. Perci\u00f2 lo conducono all\u2019Areopago. Dunque, non dobbiamo immaginare che gli aprano il sipario di un palcoscenico. Al contrario, lo portano l\u00ec per interrogarlo: \u00abPossiamo sapere qual \u00e8 questa nuova dottrina che tu annunci? Cose strane, infatti, tu ci metti negli orecchi; desideriamo perci\u00f2 sapere di che cosa si tratta\u00bb. Paolo, insomma, \u00e8 messo alle corde.<\/p>\n<h2>Le difficolt\u00e0 della missione<\/h2>\n<p>Queste circostanze della sua missione in Grecia sono importanti anche per noi. L\u2019Apostolo si trova all\u2019angolo. Gi\u00e0 poco prima, a Tessalonica, era stato ostacolato nella predicazione e, a causa dei tumulti suscitati nel popolo per accusarlo di procurare disordini, era dovuto scappare di notte. Ora, arrivato ad Atene, viene preso per ciarlatano e, come ospite poco gradito, condotto all\u2019Areopago. Non sta dunque vivendo un momento trionfante; sta portando avanti la missione in una condizione difficile.<\/p>\n<h2>Non farsi prendere dallo scoraggiamento<\/h2>\n<p>Forse, in tanti momenti del nostro cammino, anche noi avvertiamo la fatica e talvolta la frustrazione di essere una piccola comunit\u00e0, o una Chiesa con poche forze che si muove in un contesto non sempre favorevole. Meditate la storia di Paolo ad Atene. Era solo, in minoranza e con scarse probabilit\u00e0 di successo. Ma non si \u00e8 lasciato vincere dallo scoraggiamento, non ha rinunciato alla missione. E non si \u00e8 lasciato prendere dalla tentazione di lamentarsi. Ecco l\u2019atteggiamento del vero apostolo: andare avanti con fiducia, preferendo l\u2019inquietudine delle situazioni inattese all\u2019abitudine e alla ripetizione.<\/p>\n<p>Paolo ha questo coraggio. Da dove nasce? Dalla fiducia in Dio. Il suo \u00e8 il coraggio della fiducia: fiducia nella grandezza di Dio, che ama operare nella nostra piccolezza. Cari fratelli e sorelle, abbiamo fiducia, perch\u00e9 l\u2019essere Chiesa piccola ci rende segno eloquente del Vangelo, del Dio annunciato da Ges\u00f9 che sceglie i piccoli e i poveri, che cambia la storia con le gesta semplici degli umili.<\/p>\n<h2>La tentazione del trionfalismo<\/h2>\n<p>A noi, come Chiesa, non \u00e8 richiesto lo spirito della conquista e della vittoria, la magnificenza dei grandi numeri, lo splendore mondano. Tutto ci\u00f2 \u00e8 pericoloso. \u00c8 la tentazione del trionfalismo. A noi \u00e8 chiesto di prendere spunto dal granello di senape, che \u00e8 infimo, ma umilmente e lentamente cresce: \u00ab\u00e8 il pi\u00f9 piccolo di tutti i semi \u2013 dice Ges\u00f9 \u2013 ma, una volta cresciuto, diventa un albero\u00bb. A noi \u00e8 chiesto di essere lievito, che fermenta nel nascondimento paziente e silenzioso dentro la pasta del mondo, grazie all\u2019opera incessante dello Spirito Santo.<\/p>\n<h2>L\u2019importanza delle piccole cose<\/h2>\n<p>Il segreto del Regno di Dio \u00e8 contenuto nelle cose piccole, in ci\u00f2 che spesso non si vede e non fa rumore. L\u2019Apostolo Paolo, il cui nome richiama la piccolezza, vive nella fiducia perch\u00e9 ha accolto nel cuore queste parole del Vangelo, tanto da farne un insegnamento per i fratelli di Corinto: \u00abci\u00f2 che \u00e8 debolezza di Dio \u00e8 pi\u00f9 forte degli uomini\u00bb; \u00abquello che \u00e8 debole per il mondo, Dio lo ha scelto per confondere i forti\u00bb. Allora, carissimi, vorrei dirvi: benedite la piccolezza e accoglietela. Vi dispone a confidare in Dio e in Dio solo.<\/p>\n<h2>Minoritari non vuol dire insignificanti<\/h2>\n<p>Essere minoritari \u2013 e nel mondo intero la Chiesa \u00e8 minoritaria \u2013 non vuol dire essere insignificanti, ma percorrere la via aperta dal Signore, che \u00e8 quella della piccolezza: della kenosis, dell\u2019abbassamento, della condiscendenza, della synkat\u00e1basis di Dio in Ges\u00f9 Cristo. Egli \u00e8 disceso fino a nascondersi nelle pieghe dell\u2019umanit\u00e0 e nelle piaghe della nostra carne. Ci ha salvato servendoci. Egli infatti \u2013 afferma Paolo \u2013 \u00absvuot\u00f2 se stesso assumendo una condizione di servo\u00bb. Tante volte abbiamo l\u2019ossessione dell\u2019apparire, della visibilit\u00e0, ma \u00abil Regno di Dio non viene in modo da attirare l\u2019attenzione\u00bb. Viene di nascosto, come la pioggia, lentamente, sulla terra. Aiutiamoci a rinnovare questa fiducia nell\u2019opera di Dio, a non perdere l\u2019entusiasmo del servizio. Coraggio, avanti su questa strada dell\u2019umilt\u00e0, della piccolezza!<\/p>\n<h2>Accoglienza<\/h2>\n<p>Vorrei sottolineare ora un secondo atteggiamento di Paolo all\u2019Areopago di Atene: l\u2019accoglienza. \u00c8 la disposizione interiore necessaria per l\u2019evangelizzazione: non voler occupare lo spazio e la vita dell\u2019altro, ma seminare la buona notizia nel terreno della sua esistenza, imparando anzitutto ad accogliere e riconoscere i semi che Dio ha gi\u00e0 posto nel suo cuore, prima del nostro arrivo. Ricordiamo: Dio precede sempre la nostra semina.<\/p>\n<figure id=\"attachment_44368\" aria-describedby=\"caption-attachment-44368\" style=\"width: 300px\" class=\"wp-caption alignright\"><img loading=\"lazy\" decoding=\"async\" class=\"size-medium wp-image-44368\" src=\"https:\/\/exaudi.org\/wp-content\/uploads\/2021\/12\/cattolici-1-300x200.jpg\" alt=\"\" width=\"300\" height=\"200\" srcset=\"https:\/\/exaudi.org\/wp-content\/uploads\/2021\/12\/cattolici-1-300x200.jpg 300w, https:\/\/exaudi.org\/wp-content\/uploads\/2021\/12\/cattolici-1-1024x683.jpg 1024w, https:\/\/exaudi.org\/wp-content\/uploads\/2021\/12\/cattolici-1-770x513.jpg 770w, https:\/\/exaudi.org\/wp-content\/uploads\/2021\/12\/cattolici-1-1536x1024.jpg 1536w, https:\/\/exaudi.org\/wp-content\/uploads\/2021\/12\/cattolici-1-2048x1365.jpg 2048w, https:\/\/exaudi.org\/wp-content\/uploads\/2021\/12\/cattolici-1-360x240.jpg?crop=1 360w, https:\/\/exaudi.org\/wp-content\/uploads\/2021\/12\/cattolici-1-500x333.jpg 500w, https:\/\/exaudi.org\/wp-content\/uploads\/2021\/12\/cattolici-1-1155x770.jpg 1155w, https:\/\/exaudi.org\/wp-content\/uploads\/2021\/12\/cattolici-1-370x247.jpg 370w, https:\/\/exaudi.org\/wp-content\/uploads\/2021\/12\/cattolici-1-293x195.jpg 293w, https:\/\/exaudi.org\/wp-content\/uploads\/2021\/12\/cattolici-1-1400x933.jpg 1400w, https:\/\/exaudi.org\/wp-content\/uploads\/2021\/12\/cattolici-1-120x80.jpg 120w, https:\/\/exaudi.org\/wp-content\/uploads\/2021\/12\/cattolici-1-240x160.jpg 240w, https:\/\/exaudi.org\/wp-content\/uploads\/2021\/12\/cattolici-1-390x260.jpg 390w\" sizes=\"auto, (max-width: 300px) 100vw, 300px\" \/><figcaption id=\"caption-attachment-44368\" class=\"wp-caption-text\">(C) Vatican Media<\/figcaption><\/figure>\n<p>Evangelizzare non \u00e8 riempire un contenitore vuoto, \u00e8 anzitutto portare alla luce quello che Dio ha gi\u00e0 iniziato a compiere. Ed \u00e8 questa la straordinaria pedagogia dimostrata dall\u2019Apostolo davanti agli Ateniesi. Non dice loro \u201cstate sbagliando tutto\u201d oppure \u201cadesso vi insegno la verit\u00e0\u201d, ma inizia con l\u2019accogliere il loro spirito religioso: \u00abAteniesi, vedo che, in tutto, siete molto religiosi. Passando infatti e osservando i vostri monumenti sacri, ho trovato anche un altare con l\u2019iscrizione \u201cA un dio ignoto\u201d\u00bb. Prende una ricchezza degli Ateniesi. L\u2019Apostolo riconosce dignit\u00e0 ai suoi interlocutori e accoglie la loro sensibilit\u00e0 religiosa. Anche se le strade di Atene erano piene di idoli, che l\u2019avevano fatto \u201cfremere dentro di s\u00e9\u201d, Paolo accoglie il desiderio di Dio nascosto nel cuore di quelle persone e con gentilezza vuole donare loro lo stupore della fede.<\/p>\n<h2>No al proselitismo<\/h2>\n<p>Il suo stile non \u00e8 impositivo, ma propositivo. Non si fonda sul proselitismo \u2013 mai! &#8211; ma sulla mitezza di Ges\u00f9. E ci\u00f2 \u00e8 possibile perch\u00e9 Paolo ha uno sguardo spirituale sulla realt\u00e0: crede che lo Spirito Santo lavora nel cuore dell\u2019uomo, al di l\u00e0 delle etichette religiose. Abbiamo ascoltato questo dalla testimonianza di Rokos. I figli a un certo punto si allontanano un po\u2019 dalla pratica religiosa, ma lo Spirito Santo aveva lavorato e continua a lavorare, e cos\u00ec loro credono molto nell\u2019unit\u00e0, nella fraternit\u00e0 con il prossimo. Lo Spirito lavora sempre oltre ci\u00f2 che si vede all\u2019esterno, ricordiamolo!<\/p>\n<figure id=\"attachment_44371\" aria-describedby=\"caption-attachment-44371\" style=\"width: 300px\" class=\"wp-caption alignleft\"><img loading=\"lazy\" decoding=\"async\" class=\"size-medium wp-image-44371\" src=\"https:\/\/exaudi.org\/wp-content\/uploads\/2021\/12\/cattolici-dono-300x200.jpg\" alt=\"\" width=\"300\" height=\"200\" srcset=\"https:\/\/exaudi.org\/wp-content\/uploads\/2021\/12\/cattolici-dono-300x200.jpg 300w, https:\/\/exaudi.org\/wp-content\/uploads\/2021\/12\/cattolici-dono-1024x683.jpg 1024w, https:\/\/exaudi.org\/wp-content\/uploads\/2021\/12\/cattolici-dono-770x513.jpg 770w, https:\/\/exaudi.org\/wp-content\/uploads\/2021\/12\/cattolici-dono-1536x1024.jpg 1536w, https:\/\/exaudi.org\/wp-content\/uploads\/2021\/12\/cattolici-dono-2048x1365.jpg 2048w, https:\/\/exaudi.org\/wp-content\/uploads\/2021\/12\/cattolici-dono-360x240.jpg?crop=1 360w, https:\/\/exaudi.org\/wp-content\/uploads\/2021\/12\/cattolici-dono-500x333.jpg 500w, https:\/\/exaudi.org\/wp-content\/uploads\/2021\/12\/cattolici-dono-1155x770.jpg 1155w, https:\/\/exaudi.org\/wp-content\/uploads\/2021\/12\/cattolici-dono-370x247.jpg 370w, https:\/\/exaudi.org\/wp-content\/uploads\/2021\/12\/cattolici-dono-293x195.jpg 293w, https:\/\/exaudi.org\/wp-content\/uploads\/2021\/12\/cattolici-dono-1400x933.jpg 1400w, https:\/\/exaudi.org\/wp-content\/uploads\/2021\/12\/cattolici-dono-120x80.jpg 120w, https:\/\/exaudi.org\/wp-content\/uploads\/2021\/12\/cattolici-dono-240x160.jpg 240w, https:\/\/exaudi.org\/wp-content\/uploads\/2021\/12\/cattolici-dono-390x260.jpg 390w\" sizes=\"auto, (max-width: 300px) 100vw, 300px\" \/><figcaption id=\"caption-attachment-44371\" class=\"wp-caption-text\">(C) Vatican Media<\/figcaption><\/figure>\n<p>L\u2019atteggiamento dell\u2019apostolo di ogni tempo inizia dunque dall\u2019accoglienza dell\u2019altro: non dimentichiamo che \u00abla grazia suppone la cultura, e il dono di Dio si incarna nella cultura di chi lo riceve\u00bb. Non c\u2019\u00e8 una grazia astratta che gira sulle nostre teste; sempre la grazia \u00e8 incarnata in una cultura, si incarna l\u00ec. A proposito della visita di Paolo all\u2019Areopago, Benedetto XVI disse che a noi devono stare molto a cuore le persone agnostiche o atee, ma che dobbiamo fare attenzione perch\u00e9 \u00abquando parliamo di una nuova evangelizzazione, queste persone forse si spaventano. Non vogliono vedere se stesse come oggetto di missione, n\u00e9 rinunciare alla loro libert\u00e0 di pensiero e di volont\u00e0\u00bb.<\/p>\n<h2>La sfida di oggi<\/h2>\n<p>Anche a noi oggi \u00e8 richiesto l\u2019atteggiamento dell\u2019accoglienza, lo stile dell\u2019ospitalit\u00e0, un cuore animato dal desiderio di creare comunione tra le differenze umane, culturali, religiose. La sfida \u00e8 elaborare la passione per l\u2019insieme, che ci conduca \u2013 cattolici, ortodossi, fratelli e sorelle di altri credo \u2013 ad ascoltarci reciprocamente, a sognare e lavorare insieme, a coltivare la \u201cmistica\u201d della fraternit\u00e0. La storia passata rimane ancora una ferita aperta sulla strada di questo dialogo accogliente, ma abbracciamo con coraggio la sfida di oggi!<\/p>\n<figure id=\"attachment_44374\" aria-describedby=\"caption-attachment-44374\" style=\"width: 300px\" class=\"wp-caption alignright\"><img loading=\"lazy\" decoding=\"async\" class=\"size-medium wp-image-44374\" src=\"https:\/\/exaudi.org\/wp-content\/uploads\/2021\/12\/acropoli-300x200.jpg\" alt=\"\" width=\"300\" height=\"200\" srcset=\"https:\/\/exaudi.org\/wp-content\/uploads\/2021\/12\/acropoli-300x200.jpg 300w, https:\/\/exaudi.org\/wp-content\/uploads\/2021\/12\/acropoli-1024x683.jpg 1024w, https:\/\/exaudi.org\/wp-content\/uploads\/2021\/12\/acropoli-770x513.jpg 770w, https:\/\/exaudi.org\/wp-content\/uploads\/2021\/12\/acropoli-1536x1024.jpg 1536w, https:\/\/exaudi.org\/wp-content\/uploads\/2021\/12\/acropoli-2048x1365.jpg 2048w, https:\/\/exaudi.org\/wp-content\/uploads\/2021\/12\/acropoli-360x240.jpg?crop=1 360w, https:\/\/exaudi.org\/wp-content\/uploads\/2021\/12\/acropoli-500x333.jpg 500w, https:\/\/exaudi.org\/wp-content\/uploads\/2021\/12\/acropoli-1155x770.jpg 1155w, https:\/\/exaudi.org\/wp-content\/uploads\/2021\/12\/acropoli-370x247.jpg 370w, https:\/\/exaudi.org\/wp-content\/uploads\/2021\/12\/acropoli-293x195.jpg 293w, https:\/\/exaudi.org\/wp-content\/uploads\/2021\/12\/acropoli-1400x933.jpg 1400w, https:\/\/exaudi.org\/wp-content\/uploads\/2021\/12\/acropoli-120x80.jpg 120w, https:\/\/exaudi.org\/wp-content\/uploads\/2021\/12\/acropoli-240x160.jpg 240w, https:\/\/exaudi.org\/wp-content\/uploads\/2021\/12\/acropoli-390x260.jpg 390w\" sizes=\"auto, (max-width: 300px) 100vw, 300px\" \/><figcaption id=\"caption-attachment-44374\" class=\"wp-caption-text\">Il Papa ai piedi dell&#8217;Acropoli (C) Vatican Media<\/figcaption><\/figure>\n<p>Cari fratelli e sorelle, san Paolo, qui in terra greca, ha manifestato la sua serena fiducia in Dio e ci\u00f2 lo ha reso accogliente verso gli areopagiti che sospettavano di lui. Con questi due atteggiamenti ha annunciato quel Dio che ai suoi interlocutori era ignoto. Ed \u00e8 arrivato a presentare il volto di un Dio che in Ges\u00f9 Cristo ha seminato nel cuore del mondo il germe della risurrezione, il diritto universale alla speranza.<\/p>\n<h2>Dio tesse le fila della storia<\/h2>\n<p>Quando Paolo annuncia questa buona notizia, la maggior parte lo deride e se ne va. Tuttavia, \u00abalcuni si unirono a lui e divennero credenti: fra questi anche Dionigi, membro dell\u2019Are\u00f2pago, una donna di nome D\u00e0maris e altri con loro\u00bb. La maggioranza va via; un piccolo resto si unisce a Paolo, tra cui Dionigi, a cui \u00e8 intitolata questa Cattedrale! \u00c8 un piccolo resto, ma \u00e8 cos\u00ec che Dio tesse le fila della storia, da allora fino a voi oggi. Vi auguro di cuore di proseguire l\u2019opera nel vostro storico laboratorio della fede, e di farlo con questi due ingredienti, con la fiducia e con l\u2019accoglienza, per gustare il Vangelo come esperienza di gioia e di fraternit\u00e0. Vi porto con me nell\u2019affetto e nella preghiera. E voi, per favore, non dimenticatevi di pregare per me. O The\u00f3s na sas evloghi ! [Dio vi benedica!]<\/p>\n<figure id=\"attachment_44377\" aria-describedby=\"caption-attachment-44377\" style=\"width: 300px\" class=\"wp-caption alignleft\"><img loading=\"lazy\" decoding=\"async\" class=\"size-medium wp-image-44377\" src=\"https:\/\/exaudi.org\/wp-content\/uploads\/2021\/12\/gesuiti-300x200.jpg\" alt=\"fiducia\" width=\"300\" height=\"200\" srcset=\"https:\/\/exaudi.org\/wp-content\/uploads\/2021\/12\/gesuiti-300x200.jpg 300w, https:\/\/exaudi.org\/wp-content\/uploads\/2021\/12\/gesuiti-1024x683.jpg 1024w, https:\/\/exaudi.org\/wp-content\/uploads\/2021\/12\/gesuiti-770x513.jpg 770w, https:\/\/exaudi.org\/wp-content\/uploads\/2021\/12\/gesuiti-1536x1024.jpg 1536w, https:\/\/exaudi.org\/wp-content\/uploads\/2021\/12\/gesuiti-2048x1365.jpg 2048w, https:\/\/exaudi.org\/wp-content\/uploads\/2021\/12\/gesuiti-360x240.jpg?crop=1 360w, https:\/\/exaudi.org\/wp-content\/uploads\/2021\/12\/gesuiti-500x333.jpg 500w, https:\/\/exaudi.org\/wp-content\/uploads\/2021\/12\/gesuiti-1155x770.jpg 1155w, https:\/\/exaudi.org\/wp-content\/uploads\/2021\/12\/gesuiti-370x247.jpg 370w, https:\/\/exaudi.org\/wp-content\/uploads\/2021\/12\/gesuiti-293x195.jpg 293w, https:\/\/exaudi.org\/wp-content\/uploads\/2021\/12\/gesuiti-1400x933.jpg 1400w, https:\/\/exaudi.org\/wp-content\/uploads\/2021\/12\/gesuiti-120x80.jpg 120w, https:\/\/exaudi.org\/wp-content\/uploads\/2021\/12\/gesuiti-240x160.jpg 240w, https:\/\/exaudi.org\/wp-content\/uploads\/2021\/12\/gesuiti-390x260.jpg 390w\" sizes=\"auto, (max-width: 300px) 100vw, 300px\" \/><figcaption id=\"caption-attachment-44377\" class=\"wp-caption-text\">L&#8217;incontro con i gesuiti (C) Vatican Media<\/figcaption><\/figure>\n<p>Al termine dell\u2019incontro, dopo la recita del Padre Nostro introdotto da una catechista e la Benedizione finale, \u00e8 stato offerto un dono al Papa, che poi ha salutato individualmente i vescovi. Il S. Padre ha quindi fatto ritorno alla Nunziatura Apostolica dove ha incontrato privatamente i membri della Compagnia di Ges\u00f9. Rientrando in auto, il Santo Padre ha fatto una breve sosta ai piedi dell\u2019Acropoli per ammirarla.<\/p>\n","protected":false},"excerpt":{"rendered":"<p>Il Papa alla comunit\u00e0 cattolica: La Chiesa nel mondo \u00e8 minoritaria ma questo porta a confidare in Dio e a evitare trionfalismi<\/p>\n","protected":false},"author":17,"featured_media":44355,"comment_status":"open","ping_status":"open","sticky":false,"template":"","format":"standard","meta":{"_acf_changed":false,"_crdt_document":"","inline_featured_image":false,"footnotes":""},"categories":[119],"tags":[4952],"class_list":["post-44345","post","type-post","status-publish","format-standard","has-post-thumbnail","hentry","category-viaggi","tag-trending-it"],"acf":[],"yoast_head":"<!-- This site is optimized with the Yoast SEO plugin v27.5 - https:\/\/yoast.com\/product\/yoast-seo-wordpress\/ -->\n<title>Fiducia e accoglienza per l&#039;evangelizzazione &#8211; Exaudi<\/title>\n<meta name=\"description\" content=\"Nell&#039;incontro con la comunit\u00e0 cattolica nella cattedrale di Atene il Papa ha insistito su due concetti: fiducia e accoglienza\" \/>\n<meta name=\"robots\" content=\"index, follow, max-snippet:-1, max-image-preview:large, max-video-preview:-1\" \/>\n<link rel=\"canonical\" href=\"https:\/\/exaudi.org\/it\/fiducia-e-accoglienza-per-la-evangelizzazione\/\" \/>\n<meta property=\"og:locale\" content=\"it_IT\" \/>\n<meta property=\"og:type\" content=\"article\" \/>\n<meta property=\"og:title\" content=\"Fiducia e accoglienza per l&#039;evangelizzazione &#8211; Exaudi\" \/>\n<meta property=\"og:description\" content=\"Nell&#039;incontro con la comunit\u00e0 cattolica nella cattedrale di Atene il Papa ha insistito su due concetti: fiducia e accoglienza\" \/>\n<meta property=\"og:url\" content=\"https:\/\/exaudi.org\/it\/fiducia-e-accoglienza-per-la-evangelizzazione\/\" \/>\n<meta property=\"og:site_name\" content=\"Exaudi\" \/>\n<meta property=\"article:publisher\" content=\"https:\/\/www.facebook.com\/ExaudiNews\" \/>\n<meta property=\"article:author\" content=\"https:\/\/www.facebook.com\/ExaudiNotizie\/\" \/>\n<meta property=\"article:published_time\" content=\"2021-12-04T17:29:18+00:00\" \/>\n<meta property=\"article:modified_time\" content=\"2021-12-05T11:41:07+00:00\" \/>\n<meta property=\"og:image\" content=\"https:\/\/exaudi.org\/wp-content\/uploads\/2021\/12\/cattolici-principale-scaled.jpg\" \/>\n\t<meta property=\"og:image:width\" content=\"2560\" \/>\n\t<meta property=\"og:image:height\" content=\"1707\" \/>\n\t<meta property=\"og:image:type\" content=\"image\/jpeg\" \/>\n<meta name=\"author\" content=\"Exaudi Redazione\" \/>\n<meta name=\"twitter:card\" content=\"summary_large_image\" \/>\n<meta name=\"twitter:creator\" content=\"@Exaudi_Notizie\" \/>\n<meta name=\"twitter:site\" content=\"@Exaudi_News\" \/>\n<meta name=\"twitter:label1\" content=\"Scritto da\" \/>\n\t<meta name=\"twitter:data1\" content=\"Exaudi Redazione\" \/>\n\t<meta name=\"twitter:label2\" content=\"Tempo di lettura stimato\" \/>\n\t<meta name=\"twitter:data2\" content=\"10 minuti\" \/>\n<script type=\"application\/ld+json\" class=\"yoast-schema-graph\">{\"@context\":\"https:\\\/\\\/schema.org\",\"@graph\":[{\"@type\":\"Article\",\"@id\":\"https:\\\/\\\/exaudi.org\\\/it\\\/fiducia-e-accoglienza-per-la-evangelizzazione\\\/#article\",\"isPartOf\":{\"@id\":\"https:\\\/\\\/exaudi.org\\\/it\\\/fiducia-e-accoglienza-per-la-evangelizzazione\\\/\"},\"author\":{\"name\":\"Exaudi Redazione\",\"@id\":\"https:\\\/\\\/exaudi.org\\\/#\\\/schema\\\/person\\\/e1ab6ed07c01774724dd96f925f3a5f0\"},\"headline\":\"Fiducia e accoglienza per l&#8217;evangelizzazione\",\"datePublished\":\"2021-12-04T17:29:18+00:00\",\"dateModified\":\"2021-12-05T11:41:07+00:00\",\"mainEntityOfPage\":{\"@id\":\"https:\\\/\\\/exaudi.org\\\/it\\\/fiducia-e-accoglienza-per-la-evangelizzazione\\\/\"},\"wordCount\":2026,\"commentCount\":0,\"image\":{\"@id\":\"https:\\\/\\\/exaudi.org\\\/it\\\/fiducia-e-accoglienza-per-la-evangelizzazione\\\/#primaryimage\"},\"thumbnailUrl\":\"https:\\\/\\\/exaudi.org\\\/wp-content\\\/uploads\\\/2021\\\/12\\\/cattolici-principale-scaled.jpg\",\"keywords\":[\"Trending\"],\"articleSection\":[\"Viaggi\"],\"inLanguage\":\"it-IT\",\"potentialAction\":[{\"@type\":\"CommentAction\",\"name\":\"Comment\",\"target\":[\"https:\\\/\\\/exaudi.org\\\/it\\\/fiducia-e-accoglienza-per-la-evangelizzazione\\\/#respond\"]}]},{\"@type\":\"WebPage\",\"@id\":\"https:\\\/\\\/exaudi.org\\\/it\\\/fiducia-e-accoglienza-per-la-evangelizzazione\\\/\",\"url\":\"https:\\\/\\\/exaudi.org\\\/it\\\/fiducia-e-accoglienza-per-la-evangelizzazione\\\/\",\"name\":\"Fiducia e accoglienza per l'evangelizzazione &#8211; Exaudi\",\"isPartOf\":{\"@id\":\"https:\\\/\\\/exaudi.org\\\/#website\"},\"primaryImageOfPage\":{\"@id\":\"https:\\\/\\\/exaudi.org\\\/it\\\/fiducia-e-accoglienza-per-la-evangelizzazione\\\/#primaryimage\"},\"image\":{\"@id\":\"https:\\\/\\\/exaudi.org\\\/it\\\/fiducia-e-accoglienza-per-la-evangelizzazione\\\/#primaryimage\"},\"thumbnailUrl\":\"https:\\\/\\\/exaudi.org\\\/wp-content\\\/uploads\\\/2021\\\/12\\\/cattolici-principale-scaled.jpg\",\"datePublished\":\"2021-12-04T17:29:18+00:00\",\"dateModified\":\"2021-12-05T11:41:07+00:00\",\"author\":{\"@id\":\"https:\\\/\\\/exaudi.org\\\/#\\\/schema\\\/person\\\/e1ab6ed07c01774724dd96f925f3a5f0\"},\"description\":\"Nell'incontro con la comunit\u00e0 cattolica nella cattedrale di Atene il Papa ha insistito su due concetti: fiducia e accoglienza\",\"breadcrumb\":{\"@id\":\"https:\\\/\\\/exaudi.org\\\/it\\\/fiducia-e-accoglienza-per-la-evangelizzazione\\\/#breadcrumb\"},\"inLanguage\":\"it-IT\",\"potentialAction\":[{\"@type\":\"ReadAction\",\"target\":[\"https:\\\/\\\/exaudi.org\\\/it\\\/fiducia-e-accoglienza-per-la-evangelizzazione\\\/\"]}]},{\"@type\":\"ImageObject\",\"inLanguage\":\"it-IT\",\"@id\":\"https:\\\/\\\/exaudi.org\\\/it\\\/fiducia-e-accoglienza-per-la-evangelizzazione\\\/#primaryimage\",\"url\":\"https:\\\/\\\/exaudi.org\\\/wp-content\\\/uploads\\\/2021\\\/12\\\/cattolici-principale-scaled.jpg\",\"contentUrl\":\"https:\\\/\\\/exaudi.org\\\/wp-content\\\/uploads\\\/2021\\\/12\\\/cattolici-principale-scaled.jpg\",\"width\":2560,\"height\":1707,\"caption\":\"(C) Vatican Media\"},{\"@type\":\"BreadcrumbList\",\"@id\":\"https:\\\/\\\/exaudi.org\\\/it\\\/fiducia-e-accoglienza-per-la-evangelizzazione\\\/#breadcrumb\",\"itemListElement\":[{\"@type\":\"ListItem\",\"position\":1,\"name\":\"Portada\",\"item\":\"https:\\\/\\\/exaudi.org\\\/it\\\/\"},{\"@type\":\"ListItem\",\"position\":2,\"name\":\"Fiducia e accoglienza per l&#8217;evangelizzazione\"}]},{\"@type\":\"WebSite\",\"@id\":\"https:\\\/\\\/exaudi.org\\\/#website\",\"url\":\"https:\\\/\\\/exaudi.org\\\/\",\"name\":\"Exaudi\",\"description\":\"News\",\"potentialAction\":[{\"@type\":\"SearchAction\",\"target\":{\"@type\":\"EntryPoint\",\"urlTemplate\":\"https:\\\/\\\/exaudi.org\\\/?s={search_term_string}\"},\"query-input\":{\"@type\":\"PropertyValueSpecification\",\"valueRequired\":true,\"valueName\":\"search_term_string\"}}],\"inLanguage\":\"it-IT\"},{\"@type\":\"Person\",\"@id\":\"https:\\\/\\\/exaudi.org\\\/#\\\/schema\\\/person\\\/e1ab6ed07c01774724dd96f925f3a5f0\",\"name\":\"Exaudi Redazione\",\"image\":{\"@type\":\"ImageObject\",\"inLanguage\":\"it-IT\",\"@id\":\"https:\\\/\\\/secure.gravatar.com\\\/avatar\\\/ad6774b3ada023bf5b939d64f45c94b3adf91502dd883507d469b4308a943bb3?s=96&d=mm&r=g\",\"url\":\"https:\\\/\\\/secure.gravatar.com\\\/avatar\\\/ad6774b3ada023bf5b939d64f45c94b3adf91502dd883507d469b4308a943bb3?s=96&d=mm&r=g\",\"contentUrl\":\"https:\\\/\\\/secure.gravatar.com\\\/avatar\\\/ad6774b3ada023bf5b939d64f45c94b3adf91502dd883507d469b4308a943bb3?s=96&d=mm&r=g\",\"caption\":\"Exaudi Redazione\"},\"description\":\"Che cosa \u00e8 Exaudi News? Exaudi News \u00e8 un agenzia cattolica internazionale che informa, istruisce e trasforma quotidianamente in spagnolo, inglese e italiano. Attraverso notizie, articoli di analisi e trasmissioni in diretta degli eventi del Papa, Exaudi cerca di rafforzare l'unit\u00e0 dei cristiani e di contribuire all'evangelizzazione del mondo, sempre guidato dalla dottrina sociale della Chiesa. Lavoriamo per portare la verit\u00e0 e i valori cristiani in ogni angolo del pianeta. Aiutaci a trasformare il mondo con Exaudi! Noi di Exaudi crediamo che l'evangelizzazione e l'informazione di qualit\u00e0 possano cambiare la vita. Per continuare la nostra missione ed espandere la nostra portata, abbiamo bisogno del tuo aiuto. Stiamo anche cercando persone motivate che vogliano unirsi al nostro team. Grazie al vostro sostegno raggiungeremo pi\u00f9 persone, diffonderemo il messaggio di Cristo e rafforzeremo l'unit\u00e0 dei cristiani. Vuoi unirti alla nostra missione? Per maggiori informazioni su come contribuire, visita Exaudi.org\\\/it o contattaci direttamente: info@exaudi.org Exaudi: informa, forma e trasforma.\",\"sameAs\":[\"https:\\\/\\\/www.facebook.com\\\/ExaudiNotizie\\\/\",\"https:\\\/\\\/www.instagram.com\\\/Exaudi_notizie\\\/\",\"https:\\\/\\\/x.com\\\/Exaudi_Notizie\",\"https:\\\/\\\/www.youtube.com\\\/@exaudicatholicnews\"],\"url\":\"https:\\\/\\\/exaudi.org\\\/it\\\/author\\\/dlvedi-org\\\/\"}]}<\/script>\n<!-- \/ Yoast SEO plugin. -->","yoast_head_json":{"title":"Fiducia e accoglienza per l'evangelizzazione &#8211; Exaudi","description":"Nell'incontro con la comunit\u00e0 cattolica nella cattedrale di Atene il Papa ha insistito su due concetti: fiducia e accoglienza","robots":{"index":"index","follow":"follow","max-snippet":"max-snippet:-1","max-image-preview":"max-image-preview:large","max-video-preview":"max-video-preview:-1"},"canonical":"https:\/\/exaudi.org\/it\/fiducia-e-accoglienza-per-la-evangelizzazione\/","og_locale":"it_IT","og_type":"article","og_title":"Fiducia e accoglienza per l'evangelizzazione &#8211; Exaudi","og_description":"Nell'incontro con la comunit\u00e0 cattolica nella cattedrale di Atene il Papa ha insistito su due concetti: fiducia e accoglienza","og_url":"https:\/\/exaudi.org\/it\/fiducia-e-accoglienza-per-la-evangelizzazione\/","og_site_name":"Exaudi","article_publisher":"https:\/\/www.facebook.com\/ExaudiNews","article_author":"https:\/\/www.facebook.com\/ExaudiNotizie\/","article_published_time":"2021-12-04T17:29:18+00:00","article_modified_time":"2021-12-05T11:41:07+00:00","og_image":[{"width":2560,"height":1707,"url":"https:\/\/exaudi.org\/wp-content\/uploads\/2021\/12\/cattolici-principale-scaled.jpg","type":"image\/jpeg"}],"author":"Exaudi Redazione","twitter_card":"summary_large_image","twitter_creator":"@Exaudi_Notizie","twitter_site":"@Exaudi_News","twitter_misc":{"Scritto da":"Exaudi Redazione","Tempo di lettura stimato":"10 minuti"},"schema":{"@context":"https:\/\/schema.org","@graph":[{"@type":"Article","@id":"https:\/\/exaudi.org\/it\/fiducia-e-accoglienza-per-la-evangelizzazione\/#article","isPartOf":{"@id":"https:\/\/exaudi.org\/it\/fiducia-e-accoglienza-per-la-evangelizzazione\/"},"author":{"name":"Exaudi Redazione","@id":"https:\/\/exaudi.org\/#\/schema\/person\/e1ab6ed07c01774724dd96f925f3a5f0"},"headline":"Fiducia e accoglienza per l&#8217;evangelizzazione","datePublished":"2021-12-04T17:29:18+00:00","dateModified":"2021-12-05T11:41:07+00:00","mainEntityOfPage":{"@id":"https:\/\/exaudi.org\/it\/fiducia-e-accoglienza-per-la-evangelizzazione\/"},"wordCount":2026,"commentCount":0,"image":{"@id":"https:\/\/exaudi.org\/it\/fiducia-e-accoglienza-per-la-evangelizzazione\/#primaryimage"},"thumbnailUrl":"https:\/\/exaudi.org\/wp-content\/uploads\/2021\/12\/cattolici-principale-scaled.jpg","keywords":["Trending"],"articleSection":["Viaggi"],"inLanguage":"it-IT","potentialAction":[{"@type":"CommentAction","name":"Comment","target":["https:\/\/exaudi.org\/it\/fiducia-e-accoglienza-per-la-evangelizzazione\/#respond"]}]},{"@type":"WebPage","@id":"https:\/\/exaudi.org\/it\/fiducia-e-accoglienza-per-la-evangelizzazione\/","url":"https:\/\/exaudi.org\/it\/fiducia-e-accoglienza-per-la-evangelizzazione\/","name":"Fiducia e accoglienza per l'evangelizzazione &#8211; Exaudi","isPartOf":{"@id":"https:\/\/exaudi.org\/#website"},"primaryImageOfPage":{"@id":"https:\/\/exaudi.org\/it\/fiducia-e-accoglienza-per-la-evangelizzazione\/#primaryimage"},"image":{"@id":"https:\/\/exaudi.org\/it\/fiducia-e-accoglienza-per-la-evangelizzazione\/#primaryimage"},"thumbnailUrl":"https:\/\/exaudi.org\/wp-content\/uploads\/2021\/12\/cattolici-principale-scaled.jpg","datePublished":"2021-12-04T17:29:18+00:00","dateModified":"2021-12-05T11:41:07+00:00","author":{"@id":"https:\/\/exaudi.org\/#\/schema\/person\/e1ab6ed07c01774724dd96f925f3a5f0"},"description":"Nell'incontro con la comunit\u00e0 cattolica nella cattedrale di Atene il Papa ha insistito su due concetti: fiducia e accoglienza","breadcrumb":{"@id":"https:\/\/exaudi.org\/it\/fiducia-e-accoglienza-per-la-evangelizzazione\/#breadcrumb"},"inLanguage":"it-IT","potentialAction":[{"@type":"ReadAction","target":["https:\/\/exaudi.org\/it\/fiducia-e-accoglienza-per-la-evangelizzazione\/"]}]},{"@type":"ImageObject","inLanguage":"it-IT","@id":"https:\/\/exaudi.org\/it\/fiducia-e-accoglienza-per-la-evangelizzazione\/#primaryimage","url":"https:\/\/exaudi.org\/wp-content\/uploads\/2021\/12\/cattolici-principale-scaled.jpg","contentUrl":"https:\/\/exaudi.org\/wp-content\/uploads\/2021\/12\/cattolici-principale-scaled.jpg","width":2560,"height":1707,"caption":"(C) Vatican Media"},{"@type":"BreadcrumbList","@id":"https:\/\/exaudi.org\/it\/fiducia-e-accoglienza-per-la-evangelizzazione\/#breadcrumb","itemListElement":[{"@type":"ListItem","position":1,"name":"Portada","item":"https:\/\/exaudi.org\/it\/"},{"@type":"ListItem","position":2,"name":"Fiducia e accoglienza per l&#8217;evangelizzazione"}]},{"@type":"WebSite","@id":"https:\/\/exaudi.org\/#website","url":"https:\/\/exaudi.org\/","name":"Exaudi","description":"News","potentialAction":[{"@type":"SearchAction","target":{"@type":"EntryPoint","urlTemplate":"https:\/\/exaudi.org\/?s={search_term_string}"},"query-input":{"@type":"PropertyValueSpecification","valueRequired":true,"valueName":"search_term_string"}}],"inLanguage":"it-IT"},{"@type":"Person","@id":"https:\/\/exaudi.org\/#\/schema\/person\/e1ab6ed07c01774724dd96f925f3a5f0","name":"Exaudi Redazione","image":{"@type":"ImageObject","inLanguage":"it-IT","@id":"https:\/\/secure.gravatar.com\/avatar\/ad6774b3ada023bf5b939d64f45c94b3adf91502dd883507d469b4308a943bb3?s=96&d=mm&r=g","url":"https:\/\/secure.gravatar.com\/avatar\/ad6774b3ada023bf5b939d64f45c94b3adf91502dd883507d469b4308a943bb3?s=96&d=mm&r=g","contentUrl":"https:\/\/secure.gravatar.com\/avatar\/ad6774b3ada023bf5b939d64f45c94b3adf91502dd883507d469b4308a943bb3?s=96&d=mm&r=g","caption":"Exaudi Redazione"},"description":"Che cosa \u00e8 Exaudi News? Exaudi News \u00e8 un agenzia cattolica internazionale che informa, istruisce e trasforma quotidianamente in spagnolo, inglese e italiano. Attraverso notizie, articoli di analisi e trasmissioni in diretta degli eventi del Papa, Exaudi cerca di rafforzare l'unit\u00e0 dei cristiani e di contribuire all'evangelizzazione del mondo, sempre guidato dalla dottrina sociale della Chiesa. Lavoriamo per portare la verit\u00e0 e i valori cristiani in ogni angolo del pianeta. Aiutaci a trasformare il mondo con Exaudi! Noi di Exaudi crediamo che l'evangelizzazione e l'informazione di qualit\u00e0 possano cambiare la vita. Per continuare la nostra missione ed espandere la nostra portata, abbiamo bisogno del tuo aiuto. Stiamo anche cercando persone motivate che vogliano unirsi al nostro team. Grazie al vostro sostegno raggiungeremo pi\u00f9 persone, diffonderemo il messaggio di Cristo e rafforzeremo l'unit\u00e0 dei cristiani. Vuoi unirti alla nostra missione? Per maggiori informazioni su come contribuire, visita Exaudi.org\/it o contattaci direttamente: info@exaudi.org Exaudi: informa, forma e trasforma.","sameAs":["https:\/\/www.facebook.com\/ExaudiNotizie\/","https:\/\/www.instagram.com\/Exaudi_notizie\/","https:\/\/x.com\/Exaudi_Notizie","https:\/\/www.youtube.com\/@exaudicatholicnews"],"url":"https:\/\/exaudi.org\/it\/author\/dlvedi-org\/"}]}},"jetpack_featured_media_url":"https:\/\/exaudi.org\/wp-content\/uploads\/2021\/12\/cattolici-principale-scaled.jpg","jetpack_shortlink":"https:\/\/wp.me\/pgKjF2-bxf","_links":{"self":[{"href":"https:\/\/exaudi.org\/it\/wp-json\/wp\/v2\/posts\/44345","targetHints":{"allow":["GET"]}}],"collection":[{"href":"https:\/\/exaudi.org\/it\/wp-json\/wp\/v2\/posts"}],"about":[{"href":"https:\/\/exaudi.org\/it\/wp-json\/wp\/v2\/types\/post"}],"author":[{"embeddable":true,"href":"https:\/\/exaudi.org\/it\/wp-json\/wp\/v2\/users\/17"}],"replies":[{"embeddable":true,"href":"https:\/\/exaudi.org\/it\/wp-json\/wp\/v2\/comments?post=44345"}],"version-history":[{"count":0,"href":"https:\/\/exaudi.org\/it\/wp-json\/wp\/v2\/posts\/44345\/revisions"}],"wp:featuredmedia":[{"embeddable":true,"href":"https:\/\/exaudi.org\/it\/wp-json\/wp\/v2\/media\/44355"}],"wp:attachment":[{"href":"https:\/\/exaudi.org\/it\/wp-json\/wp\/v2\/media?parent=44345"}],"wp:term":[{"taxonomy":"category","embeddable":true,"href":"https:\/\/exaudi.org\/it\/wp-json\/wp\/v2\/categories?post=44345"},{"taxonomy":"post_tag","embeddable":true,"href":"https:\/\/exaudi.org\/it\/wp-json\/wp\/v2\/tags?post=44345"}],"curies":[{"name":"wp","href":"https:\/\/api.w.org\/{rel}","templated":true}]}}