{"id":4425,"date":"2021-03-07T09:43:55","date_gmt":"2021-03-07T08:43:55","guid":{"rendered":"https:\/\/exaudi.org\/?p=4425"},"modified":"2021-03-07T11:40:26","modified_gmt":"2021-03-07T10:40:26","slug":"a-mosul-la-preghiera-per-le-vittime-della-guerra","status":"publish","type":"post","link":"https:\/\/exaudi.org\/it\/a-mosul-la-preghiera-per-le-vittime-della-guerra\/","title":{"rendered":"A Mosul la preghiera per le vittime della guerra"},"content":{"rendered":"<p>Mosul, simbolo della furia devastatrice, dell\u2019odio e della violenza fanatica, si \u00e8 trasformata oggi in un luogo di speranza, con il seme di riconciliazione gettato dal Santo Padre e da quanti si sono uniti alla sua preghiera per le vittime della guerra e del terrorismo. Dopo le testimonianze e il saluto del Papa, questa la preghiera che \u00e8 stata recitata, preceduta da altre parole di Francesco:<\/p>\n<p>\u201cPrima di pregare per tutte le vittime della guerra in questa citt\u00e0 di Mosul, in Iraq e nell\u2019intero Medio Oriente, vorrei condividere con voi questi pensieri: Se Dio \u00e8 il Dio della vita \u2013 e lo \u00e8 \u2013, a noi non \u00e8 lecito uccidere i fratelli nel suo nome. Se Dio \u00e8 il Dio della pace \u2013 e lo \u00e8 \u2013, a noi non \u00e8 lecito fare la guerra nel suo nome. Se Dio \u00e8 il Dio dell\u2019amore \u2013 e lo \u00e8 \u2013, a noi non \u00e8 lecito odiare i fratelli. Ora preghiamo insieme per tutte le vittime della guerra, perch\u00e9 Dio Onnipotente conceda loro vita eterna e pace senza fine, e le accolga nel suo amorevole abbraccio. E preghiamo anche per tutti noi, perch\u00e9, al di l\u00e0 delle appartenenze religiose, possiamo vivere in armonia e in pace, consapevoli che agli occhi di Dio siamo tutti fratelli e sorelle.<\/p>\n<p><img loading=\"lazy\" decoding=\"async\" class=\"alignnone size-medium wp-image-4529\" src=\"https:\/\/exaudi.org\/wp-content\/uploads\/2021\/03\/mosul2-300x200.jpg\" alt=\"\" width=\"300\" height=\"200\" srcset=\"https:\/\/exaudi.org\/wp-content\/uploads\/2021\/03\/mosul2-300x200.jpg 300w, https:\/\/exaudi.org\/wp-content\/uploads\/2021\/03\/mosul2-1024x683.jpg 1024w, https:\/\/exaudi.org\/wp-content\/uploads\/2021\/03\/mosul2-768x512.jpg 768w, https:\/\/exaudi.org\/wp-content\/uploads\/2021\/03\/mosul2-1536x1024.jpg 1536w, https:\/\/exaudi.org\/wp-content\/uploads\/2021\/03\/mosul2-2048x1365.jpg 2048w, https:\/\/exaudi.org\/wp-content\/uploads\/2021\/03\/mosul2-150x100.jpg 150w, https:\/\/exaudi.org\/wp-content\/uploads\/2021\/03\/mosul2-696x464.jpg 696w, https:\/\/exaudi.org\/wp-content\/uploads\/2021\/03\/mosul2-1068x712.jpg 1068w, https:\/\/exaudi.org\/wp-content\/uploads\/2021\/03\/mosul2-1920x1280.jpg 1920w, https:\/\/exaudi.org\/wp-content\/uploads\/2021\/03\/mosul2-630x420.jpg 630w\" sizes=\"auto, (max-width: 300px) 100vw, 300px\" \/><\/p>\n<p>Preghiera<\/p>\n<p>Altissimo Dio, Signore del tempo e della storia, Tu per amore hai creato il mondo e non smetti mai di riversare sulle tue creature le tue benedizioni. Tu, al di l\u00e0 dell\u2019oceano della sofferenza e della morte, al di l\u00e0 delle tentazioni della violenza, dell\u2019ingiustizia e dell\u2019iniquo guadagno, accompagni i tuoi figli e le tue figlie con tenero amore di Padre. Ma noi uomini, ingrati per i tuoi doni e distolti dalle nostre preoccupazioni e dalle nostre ambizioni troppo terrene, spesso abbiamo dimenticato i tuoi disegni di pace e di armonia.<\/p>\n<p>Ci siamo chiusi in noi stessi e nei nostri interessi di parte e, indifferenti a Te e agli altri, abbiamo sbarrato le porte alla pace. Si \u00e8 cos\u00ec ripetuto quanto il profeta Giona ud\u00ec dire di Ninive: la malvagit\u00e0 degli uomini \u00e8 salita fino al cielo. Non abbiamo alzato al Cielo mani pure, ma dalla terra \u00e8 salito ancora una volta il grido del sangue innocente. Gli abitanti di Ninive, nel racconto di Giona, ascoltarono la voce del tuo profeta e trovarono salvezza nella conversione. Anche noi, Signore, mentre ti affidiamo le tante vittime dell\u2019odio dell\u2019uomo contro l\u2019uomo, invochiamo il tuo perdono e supplichiamo la grazia della conversione: Kyrie eleison! Kyrie eleison! Kyrie eleison!<\/p>\n<p>Signore Dio nostro, in questa citt\u00e0 due simboli testimoniano il perenne desiderio dell\u2019umanit\u00e0 di avvicinarsi a Te: la moschea Al-Nouri con il suo minareto Al Hadba e la chiesa di Nostra Signora dell\u2019orologio. \u00c8 un orologio che da pi\u00f9 di cent\u2019anni ricorda ai passanti che la vita \u00e8 breve e il tempo prezioso. Insegnaci a comprendere che Tu hai affidato a noi il tuo disegno di amore, di pace e di riconciliazione, perch\u00e9 lo attuassimo nel tempo, nel breve volgere della nostra vita terrena. Facci comprendere che solo mettendolo in pratica senza indugi si potranno ricostruire questa citt\u00e0 e questo Paese, e si potranno risanare i cuori straziati dal dolore.<\/p>\n<p>Aiutaci a non trascorrere il tempo al servizio dei nostri interessi egoistici, personali o di gruppo, ma al servizio del tuo disegno d\u2019amore. E quando andiamo fuori strada, fa\u2019 che possiamo dare ascolto alla voce dei veri uomini di Dio e ravvederci per tempo, per non rovinarci ancora con distruzione e morte. Ti affidiamo coloro, la cui vita terrena \u00e8 stata accorciata dalla mano violenta dei loro fratelli, e ti imploriamo anche per quanti hanno fatto del male ai loro fratelli e alle loro sorelle: si ravvedano, toccati dalla potenza della tua misericordia\u201d.<\/p>\n<p>Al termine della cerimonia, a Mosul \u00e8 stata inaugurata una lapide in ricordo della visita del Papa. Questa l&#8217;iscrizione:<\/p>\n<p>&#8220;Quanto son belli i piedi di coloro che recano un lieto annunzio di bene! (Rm 10,15)<\/p>\n<p>In ricordo della visita di Sua Santit\u00e0, Papa Francesco, messaggero di pace e di amore fraterno, alla citt\u00e0 di Mosul e alla Piana di Ninive.<\/p>\n<p>In questo luogo, che i cristiani hanno obbligatoriamente dovuto abbandonare (2003-2017), il Papa ha pregato per la diffusione della pace e della giustizia, della coesistenza serena e della fratellanza tra gli uomini&#8221;.<\/p>\n","protected":false},"excerpt":{"rendered":"<p>La citt\u00e0 irachena da simbolo della violenza fanatica a luogo di speranza e riconciliazione<\/p>\n","protected":false},"author":17,"featured_media":4416,"comment_status":"closed","ping_status":"closed","sticky":false,"template":"","format":"standard","meta":{"_acf_changed":false,"_crdt_document":"","inline_featured_image":false,"footnotes":""},"categories":[297,125],"tags":[357,692,690,251,691],"class_list":["post-4425","post","type-post","status-publish","format-standard","has-post-thumbnail","hentry","category-ultime-notizie","category-viaggi-papali","tag-iraq-it","tag-medio-oriente","tag-mosul-it","tag-papa-francesco","tag-terrorismo"],"acf":[],"yoast_head":"<!-- This site is optimized with the Yoast SEO plugin v27.4 - https:\/\/yoast.com\/product\/yoast-seo-wordpress\/ -->\n<title>A Mosul la preghiera per le vittime della guerra &#8211; Exaudi<\/title>\n<meta name=\"description\" content=\"La preghiera recitata da Papa Francesco a Mosul per le vittime della guerra e del terrorismo in Iraq e in tutto il Medio Oriente\" \/>\n<meta name=\"robots\" content=\"index, follow, max-snippet:-1, max-image-preview:large, max-video-preview:-1\" \/>\n<link rel=\"canonical\" href=\"https:\/\/exaudi.org\/it\/a-mosul-la-preghiera-per-le-vittime-della-guerra\/\" \/>\n<meta property=\"og:locale\" content=\"it_IT\" \/>\n<meta property=\"og:type\" content=\"article\" \/>\n<meta property=\"og:title\" content=\"A Mosul la preghiera per le vittime della guerra &#8211; Exaudi\" \/>\n<meta property=\"og:description\" content=\"La preghiera recitata da Papa Francesco a Mosul per le vittime della guerra e del terrorismo in Iraq e in tutto il Medio Oriente\" \/>\n<meta property=\"og:url\" content=\"https:\/\/exaudi.org\/it\/a-mosul-la-preghiera-per-le-vittime-della-guerra\/\" \/>\n<meta property=\"og:site_name\" content=\"Exaudi\" \/>\n<meta property=\"article:publisher\" content=\"https:\/\/www.facebook.com\/ExaudiNews\" \/>\n<meta property=\"article:author\" content=\"https:\/\/www.facebook.com\/ExaudiNotizie\/\" \/>\n<meta property=\"article:published_time\" content=\"2021-03-07T08:43:55+00:00\" \/>\n<meta property=\"article:modified_time\" content=\"2021-03-07T10:40:26+00:00\" \/>\n<meta property=\"og:image\" content=\"https:\/\/exaudi.org\/wp-content\/uploads\/2021\/03\/DSC02562608-scaled.jpg\" \/>\n\t<meta property=\"og:image:width\" content=\"2560\" \/>\n\t<meta property=\"og:image:height\" content=\"1707\" \/>\n\t<meta property=\"og:image:type\" content=\"image\/jpeg\" \/>\n<meta name=\"author\" content=\"Exaudi Redazione\" \/>\n<meta name=\"twitter:card\" content=\"summary_large_image\" \/>\n<meta name=\"twitter:creator\" content=\"@Exaudi_Notizie\" \/>\n<meta name=\"twitter:site\" content=\"@Exaudi_News\" \/>\n<meta name=\"twitter:label1\" content=\"Scritto da\" \/>\n\t<meta name=\"twitter:data1\" content=\"Exaudi Redazione\" \/>\n\t<meta name=\"twitter:label2\" content=\"Tempo di lettura stimato\" \/>\n\t<meta name=\"twitter:data2\" content=\"4 minuti\" \/>\n<script type=\"application\/ld+json\" class=\"yoast-schema-graph\">{\"@context\":\"https:\\\/\\\/schema.org\",\"@graph\":[{\"@type\":\"Article\",\"@id\":\"https:\\\/\\\/exaudi.org\\\/it\\\/a-mosul-la-preghiera-per-le-vittime-della-guerra\\\/#article\",\"isPartOf\":{\"@id\":\"https:\\\/\\\/exaudi.org\\\/it\\\/a-mosul-la-preghiera-per-le-vittime-della-guerra\\\/\"},\"author\":{\"name\":\"Exaudi Redazione\",\"@id\":\"https:\\\/\\\/exaudi.org\\\/#\\\/schema\\\/person\\\/e1ab6ed07c01774724dd96f925f3a5f0\"},\"headline\":\"A Mosul la preghiera per le vittime della guerra\",\"datePublished\":\"2021-03-07T08:43:55+00:00\",\"dateModified\":\"2021-03-07T10:40:26+00:00\",\"mainEntityOfPage\":{\"@id\":\"https:\\\/\\\/exaudi.org\\\/it\\\/a-mosul-la-preghiera-per-le-vittime-della-guerra\\\/\"},\"wordCount\":714,\"image\":{\"@id\":\"https:\\\/\\\/exaudi.org\\\/it\\\/a-mosul-la-preghiera-per-le-vittime-della-guerra\\\/#primaryimage\"},\"thumbnailUrl\":\"https:\\\/\\\/exaudi.org\\\/wp-content\\\/uploads\\\/2021\\\/03\\\/DSC02562608-scaled.jpg\",\"keywords\":[\"iraq\",\"Medio Oriente\",\"mosul\",\"Papa Francesco\",\"terrorismo\"],\"articleSection\":[\"Ultime Notizie\",\"Viaggi papali\"],\"inLanguage\":\"it-IT\"},{\"@type\":\"WebPage\",\"@id\":\"https:\\\/\\\/exaudi.org\\\/it\\\/a-mosul-la-preghiera-per-le-vittime-della-guerra\\\/\",\"url\":\"https:\\\/\\\/exaudi.org\\\/it\\\/a-mosul-la-preghiera-per-le-vittime-della-guerra\\\/\",\"name\":\"A Mosul la preghiera per le vittime della guerra &#8211; Exaudi\",\"isPartOf\":{\"@id\":\"https:\\\/\\\/exaudi.org\\\/#website\"},\"primaryImageOfPage\":{\"@id\":\"https:\\\/\\\/exaudi.org\\\/it\\\/a-mosul-la-preghiera-per-le-vittime-della-guerra\\\/#primaryimage\"},\"image\":{\"@id\":\"https:\\\/\\\/exaudi.org\\\/it\\\/a-mosul-la-preghiera-per-le-vittime-della-guerra\\\/#primaryimage\"},\"thumbnailUrl\":\"https:\\\/\\\/exaudi.org\\\/wp-content\\\/uploads\\\/2021\\\/03\\\/DSC02562608-scaled.jpg\",\"datePublished\":\"2021-03-07T08:43:55+00:00\",\"dateModified\":\"2021-03-07T10:40:26+00:00\",\"author\":{\"@id\":\"https:\\\/\\\/exaudi.org\\\/#\\\/schema\\\/person\\\/e1ab6ed07c01774724dd96f925f3a5f0\"},\"description\":\"La preghiera recitata da Papa Francesco a Mosul per le vittime della guerra e del terrorismo in Iraq e in tutto il Medio Oriente\",\"breadcrumb\":{\"@id\":\"https:\\\/\\\/exaudi.org\\\/it\\\/a-mosul-la-preghiera-per-le-vittime-della-guerra\\\/#breadcrumb\"},\"inLanguage\":\"it-IT\",\"potentialAction\":[{\"@type\":\"ReadAction\",\"target\":[\"https:\\\/\\\/exaudi.org\\\/it\\\/a-mosul-la-preghiera-per-le-vittime-della-guerra\\\/\"]}]},{\"@type\":\"ImageObject\",\"inLanguage\":\"it-IT\",\"@id\":\"https:\\\/\\\/exaudi.org\\\/it\\\/a-mosul-la-preghiera-per-le-vittime-della-guerra\\\/#primaryimage\",\"url\":\"https:\\\/\\\/exaudi.org\\\/wp-content\\\/uploads\\\/2021\\\/03\\\/DSC02562608-scaled.jpg\",\"contentUrl\":\"https:\\\/\\\/exaudi.org\\\/wp-content\\\/uploads\\\/2021\\\/03\\\/DSC02562608-scaled.jpg\",\"width\":2560,\"height\":1707,\"caption\":\"Papa Francesco ha pregato per le vittime della guerra \u00a9\ufe0fVatican Media\"},{\"@type\":\"BreadcrumbList\",\"@id\":\"https:\\\/\\\/exaudi.org\\\/it\\\/a-mosul-la-preghiera-per-le-vittime-della-guerra\\\/#breadcrumb\",\"itemListElement\":[{\"@type\":\"ListItem\",\"position\":1,\"name\":\"Portada\",\"item\":\"https:\\\/\\\/exaudi.org\\\/it\\\/\"},{\"@type\":\"ListItem\",\"position\":2,\"name\":\"A Mosul la preghiera per le vittime della guerra\"}]},{\"@type\":\"WebSite\",\"@id\":\"https:\\\/\\\/exaudi.org\\\/#website\",\"url\":\"https:\\\/\\\/exaudi.org\\\/\",\"name\":\"Exaudi\",\"description\":\"News\",\"potentialAction\":[{\"@type\":\"SearchAction\",\"target\":{\"@type\":\"EntryPoint\",\"urlTemplate\":\"https:\\\/\\\/exaudi.org\\\/?s={search_term_string}\"},\"query-input\":{\"@type\":\"PropertyValueSpecification\",\"valueRequired\":true,\"valueName\":\"search_term_string\"}}],\"inLanguage\":\"it-IT\"},{\"@type\":\"Person\",\"@id\":\"https:\\\/\\\/exaudi.org\\\/#\\\/schema\\\/person\\\/e1ab6ed07c01774724dd96f925f3a5f0\",\"name\":\"Exaudi Redazione\",\"image\":{\"@type\":\"ImageObject\",\"inLanguage\":\"it-IT\",\"@id\":\"https:\\\/\\\/secure.gravatar.com\\\/avatar\\\/ad6774b3ada023bf5b939d64f45c94b3adf91502dd883507d469b4308a943bb3?s=96&d=mm&r=g\",\"url\":\"https:\\\/\\\/secure.gravatar.com\\\/avatar\\\/ad6774b3ada023bf5b939d64f45c94b3adf91502dd883507d469b4308a943bb3?s=96&d=mm&r=g\",\"contentUrl\":\"https:\\\/\\\/secure.gravatar.com\\\/avatar\\\/ad6774b3ada023bf5b939d64f45c94b3adf91502dd883507d469b4308a943bb3?s=96&d=mm&r=g\",\"caption\":\"Exaudi Redazione\"},\"description\":\"Che cosa \u00e8 Exaudi News? Exaudi News \u00e8 un agenzia cattolica internazionale che informa, istruisce e trasforma quotidianamente in spagnolo, inglese e italiano. Attraverso notizie, articoli di analisi e trasmissioni in diretta degli eventi del Papa, Exaudi cerca di rafforzare l'unit\u00e0 dei cristiani e di contribuire all'evangelizzazione del mondo, sempre guidato dalla dottrina sociale della Chiesa. Lavoriamo per portare la verit\u00e0 e i valori cristiani in ogni angolo del pianeta. Aiutaci a trasformare il mondo con Exaudi! Noi di Exaudi crediamo che l'evangelizzazione e l'informazione di qualit\u00e0 possano cambiare la vita. Per continuare la nostra missione ed espandere la nostra portata, abbiamo bisogno del tuo aiuto. Stiamo anche cercando persone motivate che vogliano unirsi al nostro team. Grazie al vostro sostegno raggiungeremo pi\u00f9 persone, diffonderemo il messaggio di Cristo e rafforzeremo l'unit\u00e0 dei cristiani. Vuoi unirti alla nostra missione? Per maggiori informazioni su come contribuire, visita Exaudi.org\\\/it o contattaci direttamente: info@exaudi.org Exaudi: informa, forma e trasforma.\",\"sameAs\":[\"https:\\\/\\\/www.facebook.com\\\/ExaudiNotizie\\\/\",\"https:\\\/\\\/www.instagram.com\\\/Exaudi_notizie\\\/\",\"https:\\\/\\\/x.com\\\/Exaudi_Notizie\",\"https:\\\/\\\/www.youtube.com\\\/@exaudicatholicnews\"],\"url\":\"https:\\\/\\\/exaudi.org\\\/it\\\/author\\\/dlvedi-org\\\/\"}]}<\/script>\n<!-- \/ Yoast SEO plugin. -->","yoast_head_json":{"title":"A Mosul la preghiera per le vittime della guerra &#8211; Exaudi","description":"La preghiera recitata da Papa Francesco a Mosul per le vittime della guerra e del terrorismo in Iraq e in tutto il Medio Oriente","robots":{"index":"index","follow":"follow","max-snippet":"max-snippet:-1","max-image-preview":"max-image-preview:large","max-video-preview":"max-video-preview:-1"},"canonical":"https:\/\/exaudi.org\/it\/a-mosul-la-preghiera-per-le-vittime-della-guerra\/","og_locale":"it_IT","og_type":"article","og_title":"A Mosul la preghiera per le vittime della guerra &#8211; Exaudi","og_description":"La preghiera recitata da Papa Francesco a Mosul per le vittime della guerra e del terrorismo in Iraq e in tutto il Medio Oriente","og_url":"https:\/\/exaudi.org\/it\/a-mosul-la-preghiera-per-le-vittime-della-guerra\/","og_site_name":"Exaudi","article_publisher":"https:\/\/www.facebook.com\/ExaudiNews","article_author":"https:\/\/www.facebook.com\/ExaudiNotizie\/","article_published_time":"2021-03-07T08:43:55+00:00","article_modified_time":"2021-03-07T10:40:26+00:00","og_image":[{"width":2560,"height":1707,"url":"https:\/\/exaudi.org\/wp-content\/uploads\/2021\/03\/DSC02562608-scaled.jpg","type":"image\/jpeg"}],"author":"Exaudi Redazione","twitter_card":"summary_large_image","twitter_creator":"@Exaudi_Notizie","twitter_site":"@Exaudi_News","twitter_misc":{"Scritto da":"Exaudi Redazione","Tempo di lettura stimato":"4 minuti"},"schema":{"@context":"https:\/\/schema.org","@graph":[{"@type":"Article","@id":"https:\/\/exaudi.org\/it\/a-mosul-la-preghiera-per-le-vittime-della-guerra\/#article","isPartOf":{"@id":"https:\/\/exaudi.org\/it\/a-mosul-la-preghiera-per-le-vittime-della-guerra\/"},"author":{"name":"Exaudi Redazione","@id":"https:\/\/exaudi.org\/#\/schema\/person\/e1ab6ed07c01774724dd96f925f3a5f0"},"headline":"A Mosul la preghiera per le vittime della guerra","datePublished":"2021-03-07T08:43:55+00:00","dateModified":"2021-03-07T10:40:26+00:00","mainEntityOfPage":{"@id":"https:\/\/exaudi.org\/it\/a-mosul-la-preghiera-per-le-vittime-della-guerra\/"},"wordCount":714,"image":{"@id":"https:\/\/exaudi.org\/it\/a-mosul-la-preghiera-per-le-vittime-della-guerra\/#primaryimage"},"thumbnailUrl":"https:\/\/exaudi.org\/wp-content\/uploads\/2021\/03\/DSC02562608-scaled.jpg","keywords":["iraq","Medio Oriente","mosul","Papa Francesco","terrorismo"],"articleSection":["Ultime Notizie","Viaggi papali"],"inLanguage":"it-IT"},{"@type":"WebPage","@id":"https:\/\/exaudi.org\/it\/a-mosul-la-preghiera-per-le-vittime-della-guerra\/","url":"https:\/\/exaudi.org\/it\/a-mosul-la-preghiera-per-le-vittime-della-guerra\/","name":"A Mosul la preghiera per le vittime della guerra &#8211; Exaudi","isPartOf":{"@id":"https:\/\/exaudi.org\/#website"},"primaryImageOfPage":{"@id":"https:\/\/exaudi.org\/it\/a-mosul-la-preghiera-per-le-vittime-della-guerra\/#primaryimage"},"image":{"@id":"https:\/\/exaudi.org\/it\/a-mosul-la-preghiera-per-le-vittime-della-guerra\/#primaryimage"},"thumbnailUrl":"https:\/\/exaudi.org\/wp-content\/uploads\/2021\/03\/DSC02562608-scaled.jpg","datePublished":"2021-03-07T08:43:55+00:00","dateModified":"2021-03-07T10:40:26+00:00","author":{"@id":"https:\/\/exaudi.org\/#\/schema\/person\/e1ab6ed07c01774724dd96f925f3a5f0"},"description":"La preghiera recitata da Papa Francesco a Mosul per le vittime della guerra e del terrorismo in Iraq e in tutto il Medio Oriente","breadcrumb":{"@id":"https:\/\/exaudi.org\/it\/a-mosul-la-preghiera-per-le-vittime-della-guerra\/#breadcrumb"},"inLanguage":"it-IT","potentialAction":[{"@type":"ReadAction","target":["https:\/\/exaudi.org\/it\/a-mosul-la-preghiera-per-le-vittime-della-guerra\/"]}]},{"@type":"ImageObject","inLanguage":"it-IT","@id":"https:\/\/exaudi.org\/it\/a-mosul-la-preghiera-per-le-vittime-della-guerra\/#primaryimage","url":"https:\/\/exaudi.org\/wp-content\/uploads\/2021\/03\/DSC02562608-scaled.jpg","contentUrl":"https:\/\/exaudi.org\/wp-content\/uploads\/2021\/03\/DSC02562608-scaled.jpg","width":2560,"height":1707,"caption":"Papa Francesco ha pregato per le vittime della guerra \u00a9\ufe0fVatican Media"},{"@type":"BreadcrumbList","@id":"https:\/\/exaudi.org\/it\/a-mosul-la-preghiera-per-le-vittime-della-guerra\/#breadcrumb","itemListElement":[{"@type":"ListItem","position":1,"name":"Portada","item":"https:\/\/exaudi.org\/it\/"},{"@type":"ListItem","position":2,"name":"A Mosul la preghiera per le vittime della guerra"}]},{"@type":"WebSite","@id":"https:\/\/exaudi.org\/#website","url":"https:\/\/exaudi.org\/","name":"Exaudi","description":"News","potentialAction":[{"@type":"SearchAction","target":{"@type":"EntryPoint","urlTemplate":"https:\/\/exaudi.org\/?s={search_term_string}"},"query-input":{"@type":"PropertyValueSpecification","valueRequired":true,"valueName":"search_term_string"}}],"inLanguage":"it-IT"},{"@type":"Person","@id":"https:\/\/exaudi.org\/#\/schema\/person\/e1ab6ed07c01774724dd96f925f3a5f0","name":"Exaudi Redazione","image":{"@type":"ImageObject","inLanguage":"it-IT","@id":"https:\/\/secure.gravatar.com\/avatar\/ad6774b3ada023bf5b939d64f45c94b3adf91502dd883507d469b4308a943bb3?s=96&d=mm&r=g","url":"https:\/\/secure.gravatar.com\/avatar\/ad6774b3ada023bf5b939d64f45c94b3adf91502dd883507d469b4308a943bb3?s=96&d=mm&r=g","contentUrl":"https:\/\/secure.gravatar.com\/avatar\/ad6774b3ada023bf5b939d64f45c94b3adf91502dd883507d469b4308a943bb3?s=96&d=mm&r=g","caption":"Exaudi Redazione"},"description":"Che cosa \u00e8 Exaudi News? Exaudi News \u00e8 un agenzia cattolica internazionale che informa, istruisce e trasforma quotidianamente in spagnolo, inglese e italiano. Attraverso notizie, articoli di analisi e trasmissioni in diretta degli eventi del Papa, Exaudi cerca di rafforzare l'unit\u00e0 dei cristiani e di contribuire all'evangelizzazione del mondo, sempre guidato dalla dottrina sociale della Chiesa. Lavoriamo per portare la verit\u00e0 e i valori cristiani in ogni angolo del pianeta. Aiutaci a trasformare il mondo con Exaudi! Noi di Exaudi crediamo che l'evangelizzazione e l'informazione di qualit\u00e0 possano cambiare la vita. Per continuare la nostra missione ed espandere la nostra portata, abbiamo bisogno del tuo aiuto. Stiamo anche cercando persone motivate che vogliano unirsi al nostro team. Grazie al vostro sostegno raggiungeremo pi\u00f9 persone, diffonderemo il messaggio di Cristo e rafforzeremo l'unit\u00e0 dei cristiani. Vuoi unirti alla nostra missione? Per maggiori informazioni su come contribuire, visita Exaudi.org\/it o contattaci direttamente: info@exaudi.org Exaudi: informa, forma e trasforma.","sameAs":["https:\/\/www.facebook.com\/ExaudiNotizie\/","https:\/\/www.instagram.com\/Exaudi_notizie\/","https:\/\/x.com\/Exaudi_Notizie","https:\/\/www.youtube.com\/@exaudicatholicnews"],"url":"https:\/\/exaudi.org\/it\/author\/dlvedi-org\/"}]}},"jetpack_featured_media_url":"https:\/\/exaudi.org\/wp-content\/uploads\/2021\/03\/DSC02562608-scaled.jpg","jetpack_shortlink":"https:\/\/wp.me\/pgKjF2-19n","_links":{"self":[{"href":"https:\/\/exaudi.org\/it\/wp-json\/wp\/v2\/posts\/4425","targetHints":{"allow":["GET"]}}],"collection":[{"href":"https:\/\/exaudi.org\/it\/wp-json\/wp\/v2\/posts"}],"about":[{"href":"https:\/\/exaudi.org\/it\/wp-json\/wp\/v2\/types\/post"}],"author":[{"embeddable":true,"href":"https:\/\/exaudi.org\/it\/wp-json\/wp\/v2\/users\/17"}],"replies":[{"embeddable":true,"href":"https:\/\/exaudi.org\/it\/wp-json\/wp\/v2\/comments?post=4425"}],"version-history":[{"count":0,"href":"https:\/\/exaudi.org\/it\/wp-json\/wp\/v2\/posts\/4425\/revisions"}],"wp:featuredmedia":[{"embeddable":true,"href":"https:\/\/exaudi.org\/it\/wp-json\/wp\/v2\/media\/4416"}],"wp:attachment":[{"href":"https:\/\/exaudi.org\/it\/wp-json\/wp\/v2\/media?parent=4425"}],"wp:term":[{"taxonomy":"category","embeddable":true,"href":"https:\/\/exaudi.org\/it\/wp-json\/wp\/v2\/categories?post=4425"},{"taxonomy":"post_tag","embeddable":true,"href":"https:\/\/exaudi.org\/it\/wp-json\/wp\/v2\/tags?post=4425"}],"curies":[{"name":"wp","href":"https:\/\/api.w.org\/{rel}","templated":true}]}}