{"id":43789,"date":"2021-12-02T19:25:28","date_gmt":"2021-12-02T18:25:28","guid":{"rendered":"https:\/\/exaudi.org\/?p=43789"},"modified":"2021-12-03T11:10:16","modified_gmt":"2021-12-03T10:10:16","slug":"dialogo-per-risanare-la-terribile-lacerazione-di-cipro","status":"publish","type":"post","link":"https:\/\/exaudi.org\/it\/dialogo-per-risanare-la-terribile-lacerazione-di-cipro\/","title":{"rendered":"Dialogo per risanare la &#8220;terribile lacerazione&#8221; di Cipro"},"content":{"rendered":"<p>\u201cSiete una porta aperta, un porto che congiunge: Cipro, crocevia di civilt\u00e0, porta in s\u00e9 la vocazione innata all\u2019incontro\u201d. Un paese che \u00e8 \u201cuna perla di grande valore nel cuore del Mediterraneo\u201d. Ma un Paese che soffre per la \u201cterribile lacerazione che ha subito negli ultimi decenni\u201d e che ha bisogno di dialogo per la riconciliazione. Cipro \u201csia un cantiere aperto di pace nel Mediterraneo\u201d. Lo ha detto Papa Francesco nel discorso alle autorit\u00e0, ai rappresentanti della societ\u00e0 civile e al <a href=\"https:\/\/exaudi.org\/it\/cipro-ha-bisogno-delle-parole-di-pace-e-speranza-di-francesco\/\">corpo diplomatico<\/a> di Cipro. Il S. Padre ha parlato nella Ceremonial Hall del Palazzo Presidenziale di Nicosia dove \u00e8 giunto dopo l\u2019incontro con la comunit\u00e0 cattolica nella Cattedrale maronita.<\/p>\n<h2>L&#8217;incontro con il Presidente Anastasiades<\/h2>\n<figure id=\"attachment_43795\" aria-describedby=\"caption-attachment-43795\" style=\"width: 300px\" class=\"wp-caption alignleft\"><img loading=\"lazy\" decoding=\"async\" class=\"size-medium wp-image-43795\" src=\"https:\/\/exaudi.org\/wp-content\/uploads\/2021\/12\/doni-300x200.jpg\" alt=\"\" width=\"300\" height=\"200\" srcset=\"https:\/\/exaudi.org\/wp-content\/uploads\/2021\/12\/doni-300x200.jpg 300w, https:\/\/exaudi.org\/wp-content\/uploads\/2021\/12\/doni-1024x683.jpg 1024w, https:\/\/exaudi.org\/wp-content\/uploads\/2021\/12\/doni-770x513.jpg 770w, https:\/\/exaudi.org\/wp-content\/uploads\/2021\/12\/doni-1536x1024.jpg 1536w, https:\/\/exaudi.org\/wp-content\/uploads\/2021\/12\/doni-2048x1365.jpg 2048w, https:\/\/exaudi.org\/wp-content\/uploads\/2021\/12\/doni-360x240.jpg?crop=1 360w, https:\/\/exaudi.org\/wp-content\/uploads\/2021\/12\/doni-500x333.jpg 500w, https:\/\/exaudi.org\/wp-content\/uploads\/2021\/12\/doni-1155x770.jpg 1155w, https:\/\/exaudi.org\/wp-content\/uploads\/2021\/12\/doni-370x247.jpg 370w, https:\/\/exaudi.org\/wp-content\/uploads\/2021\/12\/doni-293x195.jpg 293w, https:\/\/exaudi.org\/wp-content\/uploads\/2021\/12\/doni-1400x933.jpg 1400w, https:\/\/exaudi.org\/wp-content\/uploads\/2021\/12\/doni-120x80.jpg 120w, https:\/\/exaudi.org\/wp-content\/uploads\/2021\/12\/doni-240x160.jpg 240w, https:\/\/exaudi.org\/wp-content\/uploads\/2021\/12\/doni-390x260.jpg 390w\" sizes=\"auto, (max-width: 300px) 100vw, 300px\" \/><figcaption id=\"caption-attachment-43795\" class=\"wp-caption-text\">Lo scambio dei doni tra il presidente e il S. Padre (C) Vatican Media<\/figcaption><\/figure>\n<p>Al suo arrivo il Papa \u00e8 stato accolto dal Presidente Nicos Anastasiades all\u2019esterno del Palazzo, vicino alla statua dell\u2019Arcivescovo Makarios, primo Presidente di Cipro, dove Francesco ha deposto un omaggio floreale. Dopo la foto ufficiale all\u2019ingresso del Palazzo il Presidente e il Papa si sono recati nello studio del Presidente per la visita di cortesia. Dopo l\u2019incontro in privato, lo scambio dei doni e la presentazione della famiglia, Anastasiades e il Papa hanno raggiunto la Ceremonial Hall per l\u2019incontro con le autorit\u00e0.<\/p>\n<p>Ecco le parole del S. Padre:<\/p>\n<p>Signor Presidente della Repubblica, Membri del Governo e del Corpo diplomatico, distinte Autorit\u00e0 religiose e civili, insigni Rappresentanti della societ\u00e0 e del mondo della cultura, Signore e Signori! Vi saluto cordialmente, manifestandovi la mia gioia di essere qui. Ringrazio Lei, Signor Presidente, per l\u2019accoglienza che mi ha riservato a nome dell\u2019intera popolazione.<\/p>\n<h2>Pellegrino<\/h2>\n<p>Sono venuto pellegrino in un Paese piccolo per la geografia ma grande per la storia; in un\u2019isola che nei secoli non ha isolato le genti, ma le ha collegate; una terra il cui confine \u00e8 il mare; in un luogo che segna la porta orientale dell\u2019Europa e la porta occidentale del Medio Oriente. Siete una porta aperta, un porto che congiunge: Cipro, crocevia di civilt\u00e0, porta in s\u00e9 la vocazione innata all\u2019incontro, favorita dal carattere accogliente dei Ciprioti.<\/p>\n<p>Abbiamo appena omaggiato il primo Presidente di questa Repubblica, l\u2019Arcivescovo Makarios, e nel compiere tale gesto ho desiderato omaggiare tutti i cittadini. Il suo nome, Makarios, evoca le parole iniziali del primo discorso di Ges\u00f9: le Beatitudini. Chi \u00e8 makarios, chi \u00e8 veramente beato secondo la fede cristiana, a cui questa terra \u00e8 inscindibilmente legata? Beati possono essere tutti, e sono anzitutto i poveri in spirito, i feriti dalla vita, coloro che vivono con mitezza e misericordia, quanti senza apparire praticano la giustizia e costruiscono la pace.<\/p>\n<h2>Le Beatitudini costituzione del cristianesimo<\/h2>\n<p>Le Beatitudini, cari amici, sono la perenne costituzione del cristianesimo. Viverle permette al Vangelo di essere sempre giovane e di fecondare la societ\u00e0 di speranza. Le Beatitudini sono la bussola per orientare, a ogni latitudine, le rotte che i cristiani affrontano nel viaggio della vita. Proprio da qui, dove Europa e Oriente si incontrano, \u00e8 cominciata la prima grande inculturazione del Vangelo nel continente ed \u00e8 per me emozionante ripercorrere i passi dei grandi missionari delle origini, in particolare dei santi Paolo, Barnaba e Marco.<\/p>\n<h2>Messaggio di bellezza<\/h2>\n<p>Eccomi, dunque, pellegrino tra di voi per camminare con voi, cari Ciprioti; con tutti voi, nel desiderio che la buona notizia del Vangelo da qui porti all\u2019Europa un lieto messaggio nel segno delle Beatitudini. Quello che infatti i primi cristiani donarono al mondo con la forza mite dello Spirito fu un inaudito messaggio di bellezza. Fu la novit\u00e0 sorprendente della beatitudine a portata di tutti a conquistare i cuori e le libert\u00e0 di molti. Questo Paese ha un\u2019eredit\u00e0 particolare in tal senso, come messaggero di bellezza tra i continenti. Cipro traluce di bellezza nel suo territorio, che va tutelato e custodito con politiche ambientali opportune e concertate con i vicini.<\/p>\n<figure id=\"attachment_43798\" aria-describedby=\"caption-attachment-43798\" style=\"width: 300px\" class=\"wp-caption alignright\"><img loading=\"lazy\" decoding=\"async\" class=\"size-medium wp-image-43798\" src=\"https:\/\/exaudi.org\/wp-content\/uploads\/2021\/12\/discorso-autorita-300x200.jpg\" alt=\"\" width=\"300\" height=\"200\" srcset=\"https:\/\/exaudi.org\/wp-content\/uploads\/2021\/12\/discorso-autorita-300x200.jpg 300w, https:\/\/exaudi.org\/wp-content\/uploads\/2021\/12\/discorso-autorita-1024x683.jpg 1024w, https:\/\/exaudi.org\/wp-content\/uploads\/2021\/12\/discorso-autorita-770x513.jpg 770w, https:\/\/exaudi.org\/wp-content\/uploads\/2021\/12\/discorso-autorita-1536x1024.jpg 1536w, https:\/\/exaudi.org\/wp-content\/uploads\/2021\/12\/discorso-autorita-2048x1365.jpg 2048w, https:\/\/exaudi.org\/wp-content\/uploads\/2021\/12\/discorso-autorita-360x240.jpg?crop=1 360w, https:\/\/exaudi.org\/wp-content\/uploads\/2021\/12\/discorso-autorita-500x333.jpg 500w, https:\/\/exaudi.org\/wp-content\/uploads\/2021\/12\/discorso-autorita-1155x770.jpg 1155w, https:\/\/exaudi.org\/wp-content\/uploads\/2021\/12\/discorso-autorita-370x247.jpg 370w, https:\/\/exaudi.org\/wp-content\/uploads\/2021\/12\/discorso-autorita-293x195.jpg 293w, https:\/\/exaudi.org\/wp-content\/uploads\/2021\/12\/discorso-autorita-1400x933.jpg 1400w, https:\/\/exaudi.org\/wp-content\/uploads\/2021\/12\/discorso-autorita-120x80.jpg 120w, https:\/\/exaudi.org\/wp-content\/uploads\/2021\/12\/discorso-autorita-240x160.jpg 240w, https:\/\/exaudi.org\/wp-content\/uploads\/2021\/12\/discorso-autorita-390x260.jpg 390w\" sizes=\"auto, (max-width: 300px) 100vw, 300px\" \/><figcaption id=\"caption-attachment-43798\" class=\"wp-caption-text\">(C) Vatican Media<\/figcaption><\/figure>\n<p>La bellezza traspare anche nell\u2019architettura, nell\u2019arte, in particolare sacra, nell\u2019artigianato religioso, nei tanti tesori archeologici. Traendo dal mare che ci circonda un\u2019immagine, vorrei dire che quest\u2019isola rappresenta una perla di grande valore nel cuore del Mediterraneo. Una perla, infatti, diventa quello che \u00e8 perch\u00e9 si forma nel tempo: richiede anni perch\u00e9 le varie stratificazioni la rendano compatta e lucente. Cos\u00ec la bellezza di questa terra deriva dalle culture che nei secoli si sono incontrate e mescolate.<\/p>\n<p>Anche oggi la luce di Cipro ha molte sfaccettature: tanti sono i popoli e le genti che, con diverse tinte, compongono la gamma cromatica di questa popolazione. Penso pure alla presenza di molti immigrati, percentualmente la pi\u00f9 rilevante tra i Paesi dell\u2019Unione Europea. Custodire la bellezza multicolore e poliedrica dell\u2019insieme non \u00e8 facile. Richiede, come nella formazione della perla, tempo e pazienza, domanda uno sguardo ampio che abbracci la variet\u00e0 delle culture e si protenda al futuro con lungimiranza.<\/p>\n<h2>Tutelare le minoranze<\/h2>\n<p>\u00c8 importante, in questo senso, tutelare e promuovere ogni componente della societ\u00e0, in modo speciale quelle statisticamente minoritarie. Penso anche a vari enti cattolici che beneficerebbero di un opportuno riconoscimento istituzionale, perch\u00e9 il contributo che recano alla societ\u00e0 attraverso le loro attivit\u00e0, in particolare educative e caritative, sia ben definito dal punto di vista legale.<\/p>\n<p>Una perla porta alla luce la sua bellezza in circostanze difficili. Nasce nell\u2019oscurit\u00e0, quando l\u2019ostrica \u201csoffre\u201d dopo aver subito una visita inattesa che ne mina l\u2019incolumit\u00e0, come ad esempio un granello di sabbia che la irrita. Per proteggersi reagisce assimilando quanto l\u2019ha ferita: avvolge ci\u00f2 che per lei \u00e8 pericoloso ed estraneo e lo trasforma in bellezza, in una perla.<\/p>\n<h2>Una perla oscurata dalla pandemia<\/h2>\n<p>La perla di Cipro \u00e8 stata oscurata dalla pandemia, che ha impedito a tanti visitatori di accedervi e di vederne la bellezza, aggravando, come in altri luoghi, le conseguenze della crisi economico-finanziaria. In questo periodo di ripresa non sar\u00e0 tuttavia la foga di recuperare quanto perduto a garantire uno sviluppo solido e duraturo, ma l\u2019impegno a promuovere il risanamento della societ\u00e0, in particolare attraverso una decisa lotta alla corruzione e alle piaghe che ledono la dignit\u00e0 della persona; penso ad esempio al traffico di esseri umani.<\/p>\n<h2>La ferita della lacerazione<\/h2>\n<p>Ma la ferita che pi\u00f9 soffre questa terra \u00e8 data dalla terribile lacerazione che ha subito negli ultimi decenni. Penso al patimento interiore di quanti non possono tornare alle loro case e ai loro luoghi di culto. Prego per la vostra pace, per la pace di tutta l\u2019isola, e la auspico con tutte le forze. La via della pace, che risana i conflitti e rigenera la bellezza della fraternit\u00e0, \u00e8 segnata da una parola: dialogo. Dobbiamo aiutarci a credere nella forza paziente e mite del dialogo, attingendola dalle Beatitudini.<\/p>\n<h2>La strada del dialogo<\/h2>\n<p>Sappiamo che non \u00e8 una strada facile; \u00e8 lunga e tortuosa, ma non ci sono alternative per giungere alla riconciliazione. Alimentiamo la speranza con la forza dei gesti anzich\u00e9 sperare in gesti di forza. Perch\u00e9 c\u2019\u00e8 un potere dei gesti che prepara la pace: non quello dei gesti di potere, delle minacce di ritorsione e delle dimostrazioni di potenza, ma quello dei gesti di distensione, dei concreti passi di dialogo.<\/p>\n<p>Penso, ad esempio, all\u2019impegno a disporsi a un confronto sincero che metta al primo posto le esigenze della popolazione, a un coinvolgimento sempre pi\u00f9 fattivo della Comunit\u00e0 internazionale, alla salvaguardia del patrimonio religioso e culturale, alla restituzione di quanto in tal senso \u00e8 particolarmente caro alla gente, come i luoghi o almeno le suppellettili sacre.<\/p>\n<p>A questo proposito, vorrei esprimere apprezzamento e incoraggiamento nei riguardi del Religious Track of the Cyprus Peace Project, promosso dall\u2019Ambasciata di Svezia, perch\u00e9 tra i Capi religiosi si coltivi il dialogo. Proprio i tempi che non paiono propizi e nei quali il dialogo langue sono quelli che possono preparare la pace. Ce lo ricorda ancora la perla, che diventa tale nella pazienza oscura di tessere sostanze nuove insieme all\u2019agente che l\u2019ha ferita.<\/p>\n<h2>Il dialogo prevalga sull\u2019odio<\/h2>\n<p>In questi frangenti non si lasci prevalere l\u2019odio, non si rinunci a curare le ferite, non si dimentichi la situazione delle persone scomparse. E quando viene la tentazione di scoraggiarsi, si pensi alle generazioni future, che desiderano ereditare un mondo pacificato, collaborativo, coeso, non abitato da rivalit\u00e0 perenni e inquinato da contese irrisolte. A questo serve il dialogo, senza il quale crescono sospetto e risentimento. Ci sia di riferimento il Mediterraneo, ora purtroppo luogo di conflitti e di tragedie umanitarie; nella sua bellezza profonda \u00e8 il mare nostrum, il mare di tutti i popoli che vi si affacciano per essere collegati, non divisi.<\/p>\n<h2>Cantiere di pace nel Mediterraneo<\/h2>\n<p>Cipro, crocevia geografico, storico, culturale e religioso, ha questa posizione per attuare un\u2019azione di pace. Sia un cantiere aperto di pace nel Mediterraneo. La pace non nasce spesso dai grandi personaggi, ma dalla determinazione quotidiana dei pi\u00f9 piccoli. Il continente europeo ha bisogno di riconciliazione e unit\u00e0, ha bisogno di coraggio e di slancio per camminare in avanti. Perch\u00e9 non saranno i muri della paura e i veti dettati da interessi nazionalisti ad aiutarne il progresso, e neppure la sola ripresa economica potr\u00e0 garantirne sicurezza e stabilit\u00e0.<\/p>\n<p>Guardiamo alla storia di Cipro e vediamo come l\u2019incontro e l\u2019accoglienza hanno portato frutti benefici a lungo termine. Non solo in riferimento alla storia del cristianesimo, per la quale Cipro fu \u201cil trampolino di lancio\u201d nel continente, ma anche per la costruzione di una societ\u00e0 che ha trovato la propria ricchezza nell\u2019integrazione. Questo spirito di allargamento, questa capacit\u00e0 di guardare oltre i propri confini ringiovanisce, permette di ritrovare la lucentezza perduta.<\/p>\n<p>Riferendosi a Cipro, gli Atti degli Apostoli raccontano che Paolo e Barnaba per giungere a Pafos \u201cattraversarono tutta l\u2019isola\u201d. \u00c8 per me una gioia attraversare in questi giorni la storia e l\u2019animo di questa terra, con il desiderio che il suo anelito di unit\u00e0 e il suo messaggio di bellezza continuino a guidarne il cammino. O The\u00f3s na evlogh\u00ed tin K\u00edpro! [Dio benedica Cipro!]<\/p>\n<p>Al termine dell\u2019incontro, che ha concluso gli impegni ufficiali della prima giornata, il S. Padre ha raggiunto la nunziatura, dove \u00e8 stato accolto dal personale.<\/p>\n","protected":false},"excerpt":{"rendered":"<p>Nel discorso alle autorit\u00e0 il Papa ha fatto riferimento alla divisione dell\u2019isola: \u201cSia un cantiere aperto di pace nel Mediterraneo\u201d<\/p>\n","protected":false},"author":17,"featured_media":43792,"comment_status":"open","ping_status":"open","sticky":false,"template":"","format":"standard","meta":{"_acf_changed":false,"_crdt_document":"","inline_featured_image":false,"footnotes":""},"categories":[119],"tags":[4952],"class_list":["post-43789","post","type-post","status-publish","format-standard","has-post-thumbnail","hentry","category-viaggi","tag-trending-it"],"acf":[],"yoast_head":"<!-- This site is optimized with the Yoast SEO plugin v27.4 - https:\/\/yoast.com\/product\/yoast-seo-wordpress\/ -->\n<title>Dialogo per risanare la &quot;terribile lacerazione&quot; di Cipro &#8211; Exaudi<\/title>\n<meta name=\"description\" content=\"Il dialogo come strada di riconciliazione per superare la terribile lacerazione di Cipro: cos\u00ec il Papa nel discorso alle autorit\u00e0\" \/>\n<meta name=\"robots\" content=\"index, follow, max-snippet:-1, max-image-preview:large, max-video-preview:-1\" \/>\n<link rel=\"canonical\" href=\"https:\/\/exaudi.org\/it\/dialogo-per-risanare-la-terribile-lacerazione-di-cipro\/\" \/>\n<meta property=\"og:locale\" content=\"it_IT\" \/>\n<meta property=\"og:type\" content=\"article\" \/>\n<meta property=\"og:title\" content=\"Dialogo per risanare la &quot;terribile lacerazione&quot; di Cipro &#8211; Exaudi\" \/>\n<meta property=\"og:description\" content=\"Il dialogo come strada di riconciliazione per superare la terribile lacerazione di Cipro: cos\u00ec il Papa nel discorso alle autorit\u00e0\" \/>\n<meta property=\"og:url\" content=\"https:\/\/exaudi.org\/it\/dialogo-per-risanare-la-terribile-lacerazione-di-cipro\/\" \/>\n<meta property=\"og:site_name\" content=\"Exaudi\" \/>\n<meta property=\"article:publisher\" content=\"https:\/\/www.facebook.com\/ExaudiNews\" \/>\n<meta property=\"article:author\" content=\"https:\/\/www.facebook.com\/ExaudiNotizie\/\" \/>\n<meta property=\"article:published_time\" content=\"2021-12-02T18:25:28+00:00\" \/>\n<meta property=\"article:modified_time\" content=\"2021-12-03T10:10:16+00:00\" \/>\n<meta property=\"og:image\" content=\"https:\/\/exaudi.org\/wp-content\/uploads\/2021\/12\/makarios-scaled.jpg\" \/>\n\t<meta property=\"og:image:width\" content=\"2560\" \/>\n\t<meta property=\"og:image:height\" content=\"1707\" \/>\n\t<meta property=\"og:image:type\" content=\"image\/jpeg\" \/>\n<meta name=\"author\" content=\"Exaudi Redazione\" \/>\n<meta name=\"twitter:card\" content=\"summary_large_image\" \/>\n<meta name=\"twitter:creator\" content=\"@Exaudi_Notizie\" \/>\n<meta name=\"twitter:site\" content=\"@Exaudi_News\" \/>\n<meta name=\"twitter:label1\" content=\"Scritto da\" \/>\n\t<meta name=\"twitter:data1\" content=\"Exaudi Redazione\" \/>\n\t<meta name=\"twitter:label2\" content=\"Tempo di lettura stimato\" \/>\n\t<meta name=\"twitter:data2\" content=\"8 minuti\" \/>\n<script type=\"application\/ld+json\" class=\"yoast-schema-graph\">{\"@context\":\"https:\\\/\\\/schema.org\",\"@graph\":[{\"@type\":\"Article\",\"@id\":\"https:\\\/\\\/exaudi.org\\\/it\\\/dialogo-per-risanare-la-terribile-lacerazione-di-cipro\\\/#article\",\"isPartOf\":{\"@id\":\"https:\\\/\\\/exaudi.org\\\/it\\\/dialogo-per-risanare-la-terribile-lacerazione-di-cipro\\\/\"},\"author\":{\"name\":\"Exaudi Redazione\",\"@id\":\"https:\\\/\\\/exaudi.org\\\/#\\\/schema\\\/person\\\/e1ab6ed07c01774724dd96f925f3a5f0\"},\"headline\":\"Dialogo per risanare la &#8220;terribile lacerazione&#8221; di Cipro\",\"datePublished\":\"2021-12-02T18:25:28+00:00\",\"dateModified\":\"2021-12-03T10:10:16+00:00\",\"mainEntityOfPage\":{\"@id\":\"https:\\\/\\\/exaudi.org\\\/it\\\/dialogo-per-risanare-la-terribile-lacerazione-di-cipro\\\/\"},\"wordCount\":1702,\"commentCount\":0,\"image\":{\"@id\":\"https:\\\/\\\/exaudi.org\\\/it\\\/dialogo-per-risanare-la-terribile-lacerazione-di-cipro\\\/#primaryimage\"},\"thumbnailUrl\":\"https:\\\/\\\/exaudi.org\\\/wp-content\\\/uploads\\\/2021\\\/12\\\/makarios-scaled.jpg\",\"keywords\":[\"Trending\"],\"articleSection\":[\"Viaggi\"],\"inLanguage\":\"it-IT\",\"potentialAction\":[{\"@type\":\"CommentAction\",\"name\":\"Comment\",\"target\":[\"https:\\\/\\\/exaudi.org\\\/it\\\/dialogo-per-risanare-la-terribile-lacerazione-di-cipro\\\/#respond\"]}]},{\"@type\":\"WebPage\",\"@id\":\"https:\\\/\\\/exaudi.org\\\/it\\\/dialogo-per-risanare-la-terribile-lacerazione-di-cipro\\\/\",\"url\":\"https:\\\/\\\/exaudi.org\\\/it\\\/dialogo-per-risanare-la-terribile-lacerazione-di-cipro\\\/\",\"name\":\"Dialogo per risanare la \\\"terribile lacerazione\\\" di Cipro &#8211; Exaudi\",\"isPartOf\":{\"@id\":\"https:\\\/\\\/exaudi.org\\\/#website\"},\"primaryImageOfPage\":{\"@id\":\"https:\\\/\\\/exaudi.org\\\/it\\\/dialogo-per-risanare-la-terribile-lacerazione-di-cipro\\\/#primaryimage\"},\"image\":{\"@id\":\"https:\\\/\\\/exaudi.org\\\/it\\\/dialogo-per-risanare-la-terribile-lacerazione-di-cipro\\\/#primaryimage\"},\"thumbnailUrl\":\"https:\\\/\\\/exaudi.org\\\/wp-content\\\/uploads\\\/2021\\\/12\\\/makarios-scaled.jpg\",\"datePublished\":\"2021-12-02T18:25:28+00:00\",\"dateModified\":\"2021-12-03T10:10:16+00:00\",\"author\":{\"@id\":\"https:\\\/\\\/exaudi.org\\\/#\\\/schema\\\/person\\\/e1ab6ed07c01774724dd96f925f3a5f0\"},\"description\":\"Il dialogo come strada di riconciliazione per superare la terribile lacerazione di Cipro: cos\u00ec il Papa nel discorso alle autorit\u00e0\",\"breadcrumb\":{\"@id\":\"https:\\\/\\\/exaudi.org\\\/it\\\/dialogo-per-risanare-la-terribile-lacerazione-di-cipro\\\/#breadcrumb\"},\"inLanguage\":\"it-IT\",\"potentialAction\":[{\"@type\":\"ReadAction\",\"target\":[\"https:\\\/\\\/exaudi.org\\\/it\\\/dialogo-per-risanare-la-terribile-lacerazione-di-cipro\\\/\"]}]},{\"@type\":\"ImageObject\",\"inLanguage\":\"it-IT\",\"@id\":\"https:\\\/\\\/exaudi.org\\\/it\\\/dialogo-per-risanare-la-terribile-lacerazione-di-cipro\\\/#primaryimage\",\"url\":\"https:\\\/\\\/exaudi.org\\\/wp-content\\\/uploads\\\/2021\\\/12\\\/makarios-scaled.jpg\",\"contentUrl\":\"https:\\\/\\\/exaudi.org\\\/wp-content\\\/uploads\\\/2021\\\/12\\\/makarios-scaled.jpg\",\"width\":2560,\"height\":1707,\"caption\":\"L'omaggio alla statua di Makarios (C) Vatican Media\"},{\"@type\":\"BreadcrumbList\",\"@id\":\"https:\\\/\\\/exaudi.org\\\/it\\\/dialogo-per-risanare-la-terribile-lacerazione-di-cipro\\\/#breadcrumb\",\"itemListElement\":[{\"@type\":\"ListItem\",\"position\":1,\"name\":\"Portada\",\"item\":\"https:\\\/\\\/exaudi.org\\\/it\\\/\"},{\"@type\":\"ListItem\",\"position\":2,\"name\":\"Dialogo per risanare la &#8220;terribile lacerazione&#8221; di Cipro\"}]},{\"@type\":\"WebSite\",\"@id\":\"https:\\\/\\\/exaudi.org\\\/#website\",\"url\":\"https:\\\/\\\/exaudi.org\\\/\",\"name\":\"Exaudi\",\"description\":\"News\",\"potentialAction\":[{\"@type\":\"SearchAction\",\"target\":{\"@type\":\"EntryPoint\",\"urlTemplate\":\"https:\\\/\\\/exaudi.org\\\/?s={search_term_string}\"},\"query-input\":{\"@type\":\"PropertyValueSpecification\",\"valueRequired\":true,\"valueName\":\"search_term_string\"}}],\"inLanguage\":\"it-IT\"},{\"@type\":\"Person\",\"@id\":\"https:\\\/\\\/exaudi.org\\\/#\\\/schema\\\/person\\\/e1ab6ed07c01774724dd96f925f3a5f0\",\"name\":\"Exaudi Redazione\",\"image\":{\"@type\":\"ImageObject\",\"inLanguage\":\"it-IT\",\"@id\":\"https:\\\/\\\/secure.gravatar.com\\\/avatar\\\/ad6774b3ada023bf5b939d64f45c94b3adf91502dd883507d469b4308a943bb3?s=96&d=mm&r=g\",\"url\":\"https:\\\/\\\/secure.gravatar.com\\\/avatar\\\/ad6774b3ada023bf5b939d64f45c94b3adf91502dd883507d469b4308a943bb3?s=96&d=mm&r=g\",\"contentUrl\":\"https:\\\/\\\/secure.gravatar.com\\\/avatar\\\/ad6774b3ada023bf5b939d64f45c94b3adf91502dd883507d469b4308a943bb3?s=96&d=mm&r=g\",\"caption\":\"Exaudi Redazione\"},\"description\":\"Che cosa \u00e8 Exaudi News? Exaudi News \u00e8 un agenzia cattolica internazionale che informa, istruisce e trasforma quotidianamente in spagnolo, inglese e italiano. Attraverso notizie, articoli di analisi e trasmissioni in diretta degli eventi del Papa, Exaudi cerca di rafforzare l'unit\u00e0 dei cristiani e di contribuire all'evangelizzazione del mondo, sempre guidato dalla dottrina sociale della Chiesa. Lavoriamo per portare la verit\u00e0 e i valori cristiani in ogni angolo del pianeta. Aiutaci a trasformare il mondo con Exaudi! Noi di Exaudi crediamo che l'evangelizzazione e l'informazione di qualit\u00e0 possano cambiare la vita. Per continuare la nostra missione ed espandere la nostra portata, abbiamo bisogno del tuo aiuto. Stiamo anche cercando persone motivate che vogliano unirsi al nostro team. Grazie al vostro sostegno raggiungeremo pi\u00f9 persone, diffonderemo il messaggio di Cristo e rafforzeremo l'unit\u00e0 dei cristiani. Vuoi unirti alla nostra missione? Per maggiori informazioni su come contribuire, visita Exaudi.org\\\/it o contattaci direttamente: info@exaudi.org Exaudi: informa, forma e trasforma.\",\"sameAs\":[\"https:\\\/\\\/www.facebook.com\\\/ExaudiNotizie\\\/\",\"https:\\\/\\\/www.instagram.com\\\/Exaudi_notizie\\\/\",\"https:\\\/\\\/x.com\\\/Exaudi_Notizie\",\"https:\\\/\\\/www.youtube.com\\\/@exaudicatholicnews\"],\"url\":\"https:\\\/\\\/exaudi.org\\\/it\\\/author\\\/dlvedi-org\\\/\"}]}<\/script>\n<!-- \/ Yoast SEO plugin. -->","yoast_head_json":{"title":"Dialogo per risanare la \"terribile lacerazione\" di Cipro &#8211; Exaudi","description":"Il dialogo come strada di riconciliazione per superare la terribile lacerazione di Cipro: cos\u00ec il Papa nel discorso alle autorit\u00e0","robots":{"index":"index","follow":"follow","max-snippet":"max-snippet:-1","max-image-preview":"max-image-preview:large","max-video-preview":"max-video-preview:-1"},"canonical":"https:\/\/exaudi.org\/it\/dialogo-per-risanare-la-terribile-lacerazione-di-cipro\/","og_locale":"it_IT","og_type":"article","og_title":"Dialogo per risanare la \"terribile lacerazione\" di Cipro &#8211; Exaudi","og_description":"Il dialogo come strada di riconciliazione per superare la terribile lacerazione di Cipro: cos\u00ec il Papa nel discorso alle autorit\u00e0","og_url":"https:\/\/exaudi.org\/it\/dialogo-per-risanare-la-terribile-lacerazione-di-cipro\/","og_site_name":"Exaudi","article_publisher":"https:\/\/www.facebook.com\/ExaudiNews","article_author":"https:\/\/www.facebook.com\/ExaudiNotizie\/","article_published_time":"2021-12-02T18:25:28+00:00","article_modified_time":"2021-12-03T10:10:16+00:00","og_image":[{"width":2560,"height":1707,"url":"https:\/\/exaudi.org\/wp-content\/uploads\/2021\/12\/makarios-scaled.jpg","type":"image\/jpeg"}],"author":"Exaudi Redazione","twitter_card":"summary_large_image","twitter_creator":"@Exaudi_Notizie","twitter_site":"@Exaudi_News","twitter_misc":{"Scritto da":"Exaudi Redazione","Tempo di lettura stimato":"8 minuti"},"schema":{"@context":"https:\/\/schema.org","@graph":[{"@type":"Article","@id":"https:\/\/exaudi.org\/it\/dialogo-per-risanare-la-terribile-lacerazione-di-cipro\/#article","isPartOf":{"@id":"https:\/\/exaudi.org\/it\/dialogo-per-risanare-la-terribile-lacerazione-di-cipro\/"},"author":{"name":"Exaudi Redazione","@id":"https:\/\/exaudi.org\/#\/schema\/person\/e1ab6ed07c01774724dd96f925f3a5f0"},"headline":"Dialogo per risanare la &#8220;terribile lacerazione&#8221; di Cipro","datePublished":"2021-12-02T18:25:28+00:00","dateModified":"2021-12-03T10:10:16+00:00","mainEntityOfPage":{"@id":"https:\/\/exaudi.org\/it\/dialogo-per-risanare-la-terribile-lacerazione-di-cipro\/"},"wordCount":1702,"commentCount":0,"image":{"@id":"https:\/\/exaudi.org\/it\/dialogo-per-risanare-la-terribile-lacerazione-di-cipro\/#primaryimage"},"thumbnailUrl":"https:\/\/exaudi.org\/wp-content\/uploads\/2021\/12\/makarios-scaled.jpg","keywords":["Trending"],"articleSection":["Viaggi"],"inLanguage":"it-IT","potentialAction":[{"@type":"CommentAction","name":"Comment","target":["https:\/\/exaudi.org\/it\/dialogo-per-risanare-la-terribile-lacerazione-di-cipro\/#respond"]}]},{"@type":"WebPage","@id":"https:\/\/exaudi.org\/it\/dialogo-per-risanare-la-terribile-lacerazione-di-cipro\/","url":"https:\/\/exaudi.org\/it\/dialogo-per-risanare-la-terribile-lacerazione-di-cipro\/","name":"Dialogo per risanare la \"terribile lacerazione\" di Cipro &#8211; Exaudi","isPartOf":{"@id":"https:\/\/exaudi.org\/#website"},"primaryImageOfPage":{"@id":"https:\/\/exaudi.org\/it\/dialogo-per-risanare-la-terribile-lacerazione-di-cipro\/#primaryimage"},"image":{"@id":"https:\/\/exaudi.org\/it\/dialogo-per-risanare-la-terribile-lacerazione-di-cipro\/#primaryimage"},"thumbnailUrl":"https:\/\/exaudi.org\/wp-content\/uploads\/2021\/12\/makarios-scaled.jpg","datePublished":"2021-12-02T18:25:28+00:00","dateModified":"2021-12-03T10:10:16+00:00","author":{"@id":"https:\/\/exaudi.org\/#\/schema\/person\/e1ab6ed07c01774724dd96f925f3a5f0"},"description":"Il dialogo come strada di riconciliazione per superare la terribile lacerazione di Cipro: cos\u00ec il Papa nel discorso alle autorit\u00e0","breadcrumb":{"@id":"https:\/\/exaudi.org\/it\/dialogo-per-risanare-la-terribile-lacerazione-di-cipro\/#breadcrumb"},"inLanguage":"it-IT","potentialAction":[{"@type":"ReadAction","target":["https:\/\/exaudi.org\/it\/dialogo-per-risanare-la-terribile-lacerazione-di-cipro\/"]}]},{"@type":"ImageObject","inLanguage":"it-IT","@id":"https:\/\/exaudi.org\/it\/dialogo-per-risanare-la-terribile-lacerazione-di-cipro\/#primaryimage","url":"https:\/\/exaudi.org\/wp-content\/uploads\/2021\/12\/makarios-scaled.jpg","contentUrl":"https:\/\/exaudi.org\/wp-content\/uploads\/2021\/12\/makarios-scaled.jpg","width":2560,"height":1707,"caption":"L'omaggio alla statua di Makarios (C) Vatican Media"},{"@type":"BreadcrumbList","@id":"https:\/\/exaudi.org\/it\/dialogo-per-risanare-la-terribile-lacerazione-di-cipro\/#breadcrumb","itemListElement":[{"@type":"ListItem","position":1,"name":"Portada","item":"https:\/\/exaudi.org\/it\/"},{"@type":"ListItem","position":2,"name":"Dialogo per risanare la &#8220;terribile lacerazione&#8221; di Cipro"}]},{"@type":"WebSite","@id":"https:\/\/exaudi.org\/#website","url":"https:\/\/exaudi.org\/","name":"Exaudi","description":"News","potentialAction":[{"@type":"SearchAction","target":{"@type":"EntryPoint","urlTemplate":"https:\/\/exaudi.org\/?s={search_term_string}"},"query-input":{"@type":"PropertyValueSpecification","valueRequired":true,"valueName":"search_term_string"}}],"inLanguage":"it-IT"},{"@type":"Person","@id":"https:\/\/exaudi.org\/#\/schema\/person\/e1ab6ed07c01774724dd96f925f3a5f0","name":"Exaudi Redazione","image":{"@type":"ImageObject","inLanguage":"it-IT","@id":"https:\/\/secure.gravatar.com\/avatar\/ad6774b3ada023bf5b939d64f45c94b3adf91502dd883507d469b4308a943bb3?s=96&d=mm&r=g","url":"https:\/\/secure.gravatar.com\/avatar\/ad6774b3ada023bf5b939d64f45c94b3adf91502dd883507d469b4308a943bb3?s=96&d=mm&r=g","contentUrl":"https:\/\/secure.gravatar.com\/avatar\/ad6774b3ada023bf5b939d64f45c94b3adf91502dd883507d469b4308a943bb3?s=96&d=mm&r=g","caption":"Exaudi Redazione"},"description":"Che cosa \u00e8 Exaudi News? Exaudi News \u00e8 un agenzia cattolica internazionale che informa, istruisce e trasforma quotidianamente in spagnolo, inglese e italiano. Attraverso notizie, articoli di analisi e trasmissioni in diretta degli eventi del Papa, Exaudi cerca di rafforzare l'unit\u00e0 dei cristiani e di contribuire all'evangelizzazione del mondo, sempre guidato dalla dottrina sociale della Chiesa. Lavoriamo per portare la verit\u00e0 e i valori cristiani in ogni angolo del pianeta. Aiutaci a trasformare il mondo con Exaudi! Noi di Exaudi crediamo che l'evangelizzazione e l'informazione di qualit\u00e0 possano cambiare la vita. Per continuare la nostra missione ed espandere la nostra portata, abbiamo bisogno del tuo aiuto. Stiamo anche cercando persone motivate che vogliano unirsi al nostro team. Grazie al vostro sostegno raggiungeremo pi\u00f9 persone, diffonderemo il messaggio di Cristo e rafforzeremo l'unit\u00e0 dei cristiani. Vuoi unirti alla nostra missione? Per maggiori informazioni su come contribuire, visita Exaudi.org\/it o contattaci direttamente: info@exaudi.org Exaudi: informa, forma e trasforma.","sameAs":["https:\/\/www.facebook.com\/ExaudiNotizie\/","https:\/\/www.instagram.com\/Exaudi_notizie\/","https:\/\/x.com\/Exaudi_Notizie","https:\/\/www.youtube.com\/@exaudicatholicnews"],"url":"https:\/\/exaudi.org\/it\/author\/dlvedi-org\/"}]}},"jetpack_featured_media_url":"https:\/\/exaudi.org\/wp-content\/uploads\/2021\/12\/makarios-scaled.jpg","jetpack_shortlink":"https:\/\/wp.me\/pgKjF2-boh","_links":{"self":[{"href":"https:\/\/exaudi.org\/it\/wp-json\/wp\/v2\/posts\/43789","targetHints":{"allow":["GET"]}}],"collection":[{"href":"https:\/\/exaudi.org\/it\/wp-json\/wp\/v2\/posts"}],"about":[{"href":"https:\/\/exaudi.org\/it\/wp-json\/wp\/v2\/types\/post"}],"author":[{"embeddable":true,"href":"https:\/\/exaudi.org\/it\/wp-json\/wp\/v2\/users\/17"}],"replies":[{"embeddable":true,"href":"https:\/\/exaudi.org\/it\/wp-json\/wp\/v2\/comments?post=43789"}],"version-history":[{"count":0,"href":"https:\/\/exaudi.org\/it\/wp-json\/wp\/v2\/posts\/43789\/revisions"}],"wp:featuredmedia":[{"embeddable":true,"href":"https:\/\/exaudi.org\/it\/wp-json\/wp\/v2\/media\/43792"}],"wp:attachment":[{"href":"https:\/\/exaudi.org\/it\/wp-json\/wp\/v2\/media?parent=43789"}],"wp:term":[{"taxonomy":"category","embeddable":true,"href":"https:\/\/exaudi.org\/it\/wp-json\/wp\/v2\/categories?post=43789"},{"taxonomy":"post_tag","embeddable":true,"href":"https:\/\/exaudi.org\/it\/wp-json\/wp\/v2\/tags?post=43789"}],"curies":[{"name":"wp","href":"https:\/\/api.w.org\/{rel}","templated":true}]}}