{"id":43646,"date":"2021-12-02T17:12:04","date_gmt":"2021-12-02T16:12:04","guid":{"rendered":"https:\/\/exaudi.org\/?p=43646"},"modified":"2021-12-02T20:03:13","modified_gmt":"2021-12-02T19:03:13","slug":"pazienza-e-fraternita-il-primo-messaggio-del-papa-a-cipro","status":"publish","type":"post","link":"https:\/\/exaudi.org\/it\/pazienza-e-fraternita-il-primo-messaggio-del-papa-a-cipro\/","title":{"rendered":"Pazienza e fraternit\u00e0, il primo messaggio del Papa a Cipro"},"content":{"rendered":"<p>Tre bambini in abito tradizionale con un omaggio floreale hanno accolto Papa Francesco al suo arrivo all\u2019Aeroporto Internazionale di Larnaca, insieme alla Presidente del parlamento di Cipro. Dopo i saluti ufficiali, il S. Padre si \u00e8 trasferito in auto alla Cattedrale maronita di Nostra Signora delle Grazie a Nicosia per l\u2019incontro con i sacerdoti, i religiosi, le religiose, i diaconi, i catechisti, le associazioni e i movimenti ecclesiali di Cipro. Nel suo discorso il S. Padre ha centrato l\u2019attenzione sui concetti di pazienza e fraternit\u00e0.<\/p>\n<figure id=\"attachment_43664\" aria-describedby=\"caption-attachment-43664\" style=\"width: 300px\" class=\"wp-caption alignleft\"><img loading=\"lazy\" decoding=\"async\" class=\"size-medium wp-image-43664\" src=\"https:\/\/exaudi.org\/wp-content\/uploads\/2021\/12\/arrivo-1-300x200.jpg\" alt=\"\" width=\"300\" height=\"200\" srcset=\"https:\/\/exaudi.org\/wp-content\/uploads\/2021\/12\/arrivo-1-300x200.jpg 300w, https:\/\/exaudi.org\/wp-content\/uploads\/2021\/12\/arrivo-1-1024x683.jpg 1024w, https:\/\/exaudi.org\/wp-content\/uploads\/2021\/12\/arrivo-1-770x513.jpg 770w, https:\/\/exaudi.org\/wp-content\/uploads\/2021\/12\/arrivo-1-1536x1024.jpg 1536w, https:\/\/exaudi.org\/wp-content\/uploads\/2021\/12\/arrivo-1-2048x1365.jpg 2048w, https:\/\/exaudi.org\/wp-content\/uploads\/2021\/12\/arrivo-1-360x240.jpg?crop=1 360w, https:\/\/exaudi.org\/wp-content\/uploads\/2021\/12\/arrivo-1-500x333.jpg 500w, https:\/\/exaudi.org\/wp-content\/uploads\/2021\/12\/arrivo-1-1155x770.jpg 1155w, https:\/\/exaudi.org\/wp-content\/uploads\/2021\/12\/arrivo-1-370x247.jpg 370w, https:\/\/exaudi.org\/wp-content\/uploads\/2021\/12\/arrivo-1-293x195.jpg 293w, https:\/\/exaudi.org\/wp-content\/uploads\/2021\/12\/arrivo-1-1400x933.jpg 1400w, https:\/\/exaudi.org\/wp-content\/uploads\/2021\/12\/arrivo-1-120x80.jpg 120w, https:\/\/exaudi.org\/wp-content\/uploads\/2021\/12\/arrivo-1-240x160.jpg 240w, https:\/\/exaudi.org\/wp-content\/uploads\/2021\/12\/arrivo-1-390x260.jpg 390w\" sizes=\"auto, (max-width: 300px) 100vw, 300px\" \/><figcaption id=\"caption-attachment-43664\" class=\"wp-caption-text\">(C) Vatican Media<\/figcaption><\/figure>\n<p>All\u2019ingresso della cattedrale il S. Padre ha trovato ad accoglierlo il Patriarca di Antiochia dei Maroniti, il cardinale B\u00e9chara Boutros Ra\u00ef, e l\u2019Arcivescovo di Cipro dei Maroniti, mons. Selim Jean Sfeir. Dopo il canto iniziale c\u2019\u00e8 stato il saluto del Patriarca. Quindi si sono alternati alcuni canti, le testimonianze di una suora francescana e di una suora giuseppina e la lettura degli Atti degli Apostoli. All\u2019incontro era presente anche il Patriarca di Gerusalemme dei Latini, mons. Pizzaballa.<\/p>\n<p>Ecco il discorso del Santo Padre alla comunit\u00e0 cattolica:<\/p>\n<p>Beatitudini, cari fratelli Vescovi, cari sacerdoti, religiose e religiosi, cari catechisti, fratelli e sorelle, \u03a7\u03b1\u03af\u03c1\u03b5\u03c4\u03b5! [Salve!] Sono felice di essere in mezzo a voi. Desidero esprimere la mia gratitudine al Cardinale B\u00e9chara Boutros Ra\u00ef per le parole che mi ha rivolto e salutare con affetto il Patriarca Pierbattista Pizzaballa. Grazie a tutti voi, per il vostro ministero e il vostro servizio; in particolare a voi, sorelle, per l\u2019opera educativa che portate avanti nella scuola, tanto frequentata dai ragazzi dell\u2019isola, luogo di incontro, dialogo, apprendimento dell\u2019arte di costruire ponti. Grazie a tutti per la vostra vicinanza alle persone, specialmente nei contesti sociali e lavorativi dove \u00e8 pi\u00f9 difficile.<\/p>\n<h2>Perseverate senza stancarvi<\/h2>\n<figure id=\"attachment_43667\" aria-describedby=\"caption-attachment-43667\" style=\"width: 300px\" class=\"wp-caption alignright\"><img loading=\"lazy\" decoding=\"async\" class=\"size-medium wp-image-43667\" src=\"https:\/\/exaudi.org\/wp-content\/uploads\/2021\/12\/atterraggio-1-300x190.jpg\" alt=\"Pazienza\" width=\"300\" height=\"190\" srcset=\"https:\/\/exaudi.org\/wp-content\/uploads\/2021\/12\/atterraggio-1-300x190.jpg 300w, https:\/\/exaudi.org\/wp-content\/uploads\/2021\/12\/atterraggio-1-1024x647.jpg 1024w, https:\/\/exaudi.org\/wp-content\/uploads\/2021\/12\/atterraggio-1-770x487.jpg 770w, https:\/\/exaudi.org\/wp-content\/uploads\/2021\/12\/atterraggio-1-1536x971.jpg 1536w, https:\/\/exaudi.org\/wp-content\/uploads\/2021\/12\/atterraggio-1-2048x1294.jpg 2048w, https:\/\/exaudi.org\/wp-content\/uploads\/2021\/12\/atterraggio-1-500x316.jpg 500w, https:\/\/exaudi.org\/wp-content\/uploads\/2021\/12\/atterraggio-1-293x185.jpg 293w, https:\/\/exaudi.org\/wp-content\/uploads\/2021\/12\/atterraggio-1-1400x885.jpg 1400w, https:\/\/exaudi.org\/wp-content\/uploads\/2021\/12\/atterraggio-1-390x246.jpg 390w\" sizes=\"auto, (max-width: 300px) 100vw, 300px\" \/><figcaption id=\"caption-attachment-43667\" class=\"wp-caption-text\">L&#8217;accoglienza all&#8217;aeroporto di Larnaca (C) Vatican Media<\/figcaption><\/figure>\n<p>Condivido la mia gioia di visitare questa terra, camminando come pellegrino sulle orme del grande Apostolo Barnaba, figlio di questo popolo, discepolo innamorato di Ges\u00f9, intrepido annunciatore del Vangelo che, passando tra le nascenti comunit\u00e0 cristiane, vedeva la grazia di Dio all\u2019opera e se ne rallegrava \u00abed esortava tutti a restare, con cuore risoluto, fedeli al Signore\u00bb. Vengo con lo stesso desiderio: vedere la grazia di Dio all\u2019opera nella vostra Chiesa e nella vostra terra, rallegrarmi con voi per le meraviglie che il Signore opera ed esortarvi a perseverare sempre, senza stancarvi, senza mai scoraggiarvi. Dio \u00e8 pi\u00f9 grande! Dio \u00e8 pi\u00f9 grande delle nostre contraddizioni. Avanti! Vi guardo e vedo la ricchezza della vostra diversit\u00e0. \u00c8 vero, una bella \u201cmacedonia\u201d! Tutti diversi.<\/p>\n<h2>Il pensiero al Libano<\/h2>\n<p>Saluto la Chiesa maronita, che nel corso dei secoli \u00e8 approdata a pi\u00f9 riprese nell\u2019isola e, spesso attraversando molte prove, ha perseverato nella fede. Quando penso al Libano provo tanta preoccupazione per la crisi in cui versa e avverto la sofferenza di un popolo stanco e provato dalla violenza e dal dolore. Porto nella mia preghiera il desiderio di pace che sale dal cuore di quel Paese. Vi ringrazio per ci\u00f2 che fate qui a Cipro. I cedri del Libano sono citati tante volte nella Scrittura come modelli di bellezza e grandezza. Ma anche un grande cedro comincia dalle radici e lentamente germoglia. Voi siete queste radici, trapiantate a Cipro per diffondere la fragranza e la bellezza del Vangelo. Grazie!<\/p>\n<h2>Nella Chiesa cattolica non ci siano muri<\/h2>\n<p>Saluto anche la Chiesa latina, qui presente da millenni, che nel tempo ha visto crescere, insieme ai suoi figli, l\u2019entusiasmo della fede e che oggi, grazie alla presenza di tanti fratelli e sorelle migranti, si presenta come un popolo \u201cmulticolore\u201d, un vero e proprio luogo di incontro tra etnie e culture diverse. Questo volto di Chiesa rispecchia il ruolo di Cipro nel continente europeo: una terra dai campi dorati, un\u2019isola accarezzata dalle onde del mare, ma soprattutto una storia che \u00e8 intreccio di popoli e mosaico di incontri. Cos\u00ec \u00e8 anche la Chiesa: cattolica, cio\u00e8 universale, spazio aperto in cui tutti sono accolti e raggiunti dalla misericordia di Dio e dall\u2019invito ad amare. Non ci sono e non ci siano muri nella Chiesa cattolica. E questo, non dimentichiamolo!<\/p>\n<p>Nessuno di noi \u00e8 stato chiamato qui per proselitismo di predicatore, mai. Il proselitismo \u00e8 sterile, non d\u00e0 vita. Tutti noi siamo stati chiamati dalla misericordia di Dio, che non si stanca di chiamare, non si stanca di essere vicino, non si stanca di perdonare. Dove sono le radici della nostra vocazione cristiana? Nella misericordia di Dio. Non bisogna dimenticarlo mai. Il Signore non delude; la sua misericordia non delude. Sempre ci aspetta. Non ci sono e non ci siano muri nella Chiesa cattolica, per favore!<\/p>\n<p>\u00c8 una casa comune, \u00e8 il luogo delle relazioni, \u00e8 la convivenza delle diversit\u00e0: quel rito, quell\u2019altro rito\u2026; uno la pensa in quel modo, quella suora l\u2019ha vista in quel modo, quell\u2019altra l\u2019ha vista in quell\u2019altro\u2026 La diversit\u00e0 di tutti e, in quella diversit\u00e0, la ricchezza dell\u2019unit\u00e0. E chi fa l\u2019unit\u00e0? Lo Spirito Santo. E chi fa la diversit\u00e0? Lo Spirito Santo. Chi pu\u00f2 capire capisca. Lui \u00e8 l\u2019autore della diversit\u00e0 ed \u00e8 l\u2019autore dell\u2019armonia. San Basilio lo diceva: \u201cIpse harmonia est\u201d. Lui \u00e8 Colui che fa la diversit\u00e0 dei doni e l\u2019unit\u00e0 armonica della Chiesa.<\/p>\n<h2>Pazienza<\/h2>\n<p>Carissimi, vorrei ora condividere con voi qualcosa a proposito di san Barnaba, vostro fratello e patrono, traendo dalla sua vita e dalla sua missione due parole. La prima \u00e8 pazienza. Si parla di Barnaba come di un grande uomo di fede e di equilibrio, che viene scelto dalla Chiesa di Gerusalemme \u2013 si pu\u00f2 dire la Chiesa madre \u2013 come la persona pi\u00f9 idonea per visitare una nuova comunit\u00e0, quella di Antiochia, composta da diversi neoconvertiti dal paganesimo. Viene inviato per andare a vedere cosa sta succedendo, quasi come un esploratore.<\/p>\n<figure id=\"attachment_43670\" aria-describedby=\"caption-attachment-43670\" style=\"width: 300px\" class=\"wp-caption alignleft\"><img loading=\"lazy\" decoding=\"async\" class=\"size-medium wp-image-43670\" src=\"https:\/\/exaudi.org\/wp-content\/uploads\/2021\/12\/litanie-300x252.jpg\" alt=\"\" width=\"300\" height=\"252\" srcset=\"https:\/\/exaudi.org\/wp-content\/uploads\/2021\/12\/litanie-300x252.jpg 300w, https:\/\/exaudi.org\/wp-content\/uploads\/2021\/12\/litanie-1024x859.jpg 1024w, https:\/\/exaudi.org\/wp-content\/uploads\/2021\/12\/litanie-770x646.jpg 770w, https:\/\/exaudi.org\/wp-content\/uploads\/2021\/12\/litanie-1536x1289.jpg 1536w, https:\/\/exaudi.org\/wp-content\/uploads\/2021\/12\/litanie-2048x1718.jpg 2048w, https:\/\/exaudi.org\/wp-content\/uploads\/2021\/12\/litanie-500x420.jpg 500w, https:\/\/exaudi.org\/wp-content\/uploads\/2021\/12\/litanie-293x246.jpg 293w, https:\/\/exaudi.org\/wp-content\/uploads\/2021\/12\/litanie-1400x1175.jpg 1400w, https:\/\/exaudi.org\/wp-content\/uploads\/2021\/12\/litanie-390x327.jpg 390w\" sizes=\"auto, (max-width: 300px) 100vw, 300px\" \/><figcaption id=\"caption-attachment-43670\" class=\"wp-caption-text\">(C) Vatican Media<\/figcaption><\/figure>\n<p>Vi trova persone che provengono da un altro mondo, un\u2019altra cultura, un\u2019altra sensibilit\u00e0 religiosa; persone che hanno appena cambiato vita e perci\u00f2 hanno una fede piena di entusiasmo, ma ancora fragile. In tutta questa situazione l\u2019atteggiamento di Barnaba \u00e8 di grande pazienza. Sa aspettare. Sa aspettare che l\u2019albero cresca. E&#8217; la pazienza di mettersi costantemente in viaggio; la pazienza di entrare nella vita di persone fino ad allora sconosciute; di accogliere la novit\u00e0 senza giudicarla frettolosamente; la pazienza del discernimento, che sa cogliere i segni dell\u2019opera di Dio ovunque; la pazienza di \u201cstudiare\u201d altre culture e tradizioni.<\/p>\n<h2>Una Chiesa paziente<\/h2>\n<p>Barnaba ha soprattutto la pazienza dell\u2019accompagnamento: non schiaccia la fede fragile dei nuovi arrivati con atteggiamenti rigorosi, inflessibili, o con richieste troppo esigenti in merito all\u2019osservanza dei precetti. Li accompagna, li prende per mano, dialoga con loro. Barnaba non si scandalizza, come un pap\u00e0 e una mamma non si scandalizzano dei figli, li accompagnano, li aiutano a crescere. Tenete a mente questo: le divisioni, il proselitismo dentro la Chiesa non vanno. Lascia crescere e accompagna. E se devi rimproverare qualcuno, rimprovera, ma con amore, con pace. \u00c8 l\u2019uomo della pazienza.<\/p>\n<p>Cari fratelli e sorelle, abbiamo bisogno di una Chiesa paziente. Di una Chiesa che non si lascia sconvolgere e turbare dai cambiamenti, ma accoglie serenamente la novit\u00e0 e discerne le situazioni alla luce del Vangelo.<\/p>\n<p>In quest\u2019isola \u00e8 prezioso il lavoro che svolgete nell\u2019accogliere i nuovi fratelli e sorelle che giungono da altre rive del mondo: come Barnaba, anche voi siete chiamati a coltivare uno sguardo paziente e attento, a essere segni visibili e credibili della pazienza di Dio che non lascia mai nessuno fuori casa, privo del suo tenero abbraccio. La Chiesa in Cipro ha queste braccia aperte: accoglie, integra, accompagna.<\/p>\n<h2>La crisi della fede in Europa<\/h2>\n<p>\u00c8 un messaggio importante anche per la Chiesa in tutta Europa, segnata dalla crisi della fede: non serve essere impulsivi e aggressivi, nostalgici o lamentosi, ma \u00e8 bene andare avanti leggendo i segni dei tempi e anche i segni della crisi. Occorre ricominciare ad annunciare il Vangelo con pazienza, prendere in mano le Beatitudini, soprattutto alle nuove generazioni. A voi, fratelli Vescovi, vorrei dire: siate pastori pazienti nella vicinanza, non stancatevi mai di cercare Dio nella preghiera, i sacerdoti nell\u2019incontro, i fratelli di altre confessioni cristiane con rispetto e premura, i fedeli l\u00ec dove abitano.<\/p>\n<p>E a voi, cari sacerdoti, vorrei dire: siate pazienti con i fedeli, sempre pronti a incoraggiarli, ministri instancabili del perdono e della misericordia di Dio. Mai giudici rigorosi, sempre padri amorevoli.<\/p>\n<h2>La parabola del figlio prodigo<\/h2>\n<p>Quando leggo la Parabola del figlio prodigo: il fratello pi\u00f9 grande era un giudice rigoroso, ma il pap\u00e0 era misericordioso, l\u2019immagine del Padre che sempre perdona, anzi, che sempre ci sta aspettando per perdonare! L\u2019anno scorso un gruppo di giovani che fanno degli spettacoli, pop music, hanno voluto fare la parabola del figlio prodigo, cantata in musica pop e i dialoghi\u2026 Bellissimo!<\/p>\n<p>Ma la cosa pi\u00f9 bella \u00e8 la discussione finale, quando il figlio prodigo va da un amico e dice: \u201cIo cos\u00ec non posso andare avanti. Voglio tornare a casa, ma ho paura che pap\u00e0 mi chiuda la porta in faccia, mi cacci via. Ho questa paura e non so come fare\u201d \u2013 \u201cMa il tuo pap\u00e0 \u00e8 buono!\u201d \u2013 \u201cS\u00ec, ma sai&#8230; c\u2019\u00e8 mio fratello l\u00ec, che gli scalda la testa\u201d. Verso la fine di quell\u2019opera pop sul figlio prodigo, l\u2019amico gli dice: \u201cFai una cosa: scrivi al tuo pap\u00e0 e digli che hai voglia di tornare ma hai paura che non ti accolga bene. Di\u2019 al tuo pap\u00e0 che, se vuole accoglierti bene, metta un fazzoletto sulla finestra pi\u00f9 alta della casa, cos\u00ec il tuo pap\u00e0 ti dir\u00e0 prima se ti accoglier\u00e0 bene o ti caccer\u00e0 via\u201d. Si chiude quell\u2019atto.<\/p>\n<p>Nell\u2019altro atto, il figlio \u00e8 in cammino verso la casa del pap\u00e0. E quando \u00e8 in cammino, gira, e si vede la casa del pap\u00e0: era piena di fazzoletti bianchi! Piena! Questo \u00e8 Dio per noi. Questo \u00e8 Dio per noi. Non si stanca di perdonare. E quando il figlio incomincia a parlare: \u201cAh, signore, io ho fatto\u2026\u201d \u2013 \u201cZitto\u201d, gli tappa la bocca.<\/p>\n<h2>Sacerdoti, non siate rigoristi<\/h2>\n<p>A voi sacerdoti: per favore, non siate rigoristi nella confessione. Quando vedete che qualche persona \u00e8 in difficolt\u00e0 dite: \u201cHo capito, ho capito\u201d. Questo non vuol dire \u201cmanica larga\u201d, no. Vuol dire cuore di padre, come cuore di padre \u00e8 Dio. L\u2019opera che il Signore compie nella vita di ogni persona \u00e8 una storia sacra: lasciamocene appassionare. Nella multiforme variet\u00e0 del vostro popolo, pazienza significa anche avere orecchie e cuore per diverse sensibilit\u00e0 spirituali, diversi modi di esprimere la fede, diverse culture. La Chiesa non vuole uniformare \u2013 per favore, no! \u2013 ma integrare tutte le culture, tutte le psicologie della gente, con pazienza materna, perch\u00e9 la Chiesa \u00e8 madre.<\/p>\n<p>\u00c8 quello che desideriamo fare con la grazia di Dio nell\u2019itinerario sinodale: preghiera paziente, ascolto paziente per una Chiesa docile a Dio e aperta all\u2019uomo.<\/p>\n<h2>Amicizia<\/h2>\n<p>Nella storia di Barnaba c\u2019\u00e8 un secondo aspetto importante che vorrei sottolineare: il suo incontro con Paolo di Tarso e la loro fraterna amicizia, che li porter\u00e0 a vivere insieme la missione. Dopo la conversione di Paolo, prima accanito persecutore dei cristiani, \u00abtutti avevano paura di lui, non credendo ancora che fosse un discepolo\u00bb. Qui il Libro degli Atti dice una cosa molto bella: \u00abBarnaba lo prese con s\u00e9\u00bb. Lo presenta alla comunit\u00e0, racconta che cosa gli \u00e8 successo, garantisce per lui.<\/p>\n<figure id=\"attachment_43673\" aria-describedby=\"caption-attachment-43673\" style=\"width: 300px\" class=\"wp-caption alignright\"><img loading=\"lazy\" decoding=\"async\" class=\"size-medium wp-image-43673\" src=\"https:\/\/exaudi.org\/wp-content\/uploads\/2021\/12\/icona-300x238.jpg\" alt=\"\" width=\"300\" height=\"238\" srcset=\"https:\/\/exaudi.org\/wp-content\/uploads\/2021\/12\/icona-300x238.jpg 300w, https:\/\/exaudi.org\/wp-content\/uploads\/2021\/12\/icona-1024x814.jpg 1024w, https:\/\/exaudi.org\/wp-content\/uploads\/2021\/12\/icona-770x612.jpg 770w, https:\/\/exaudi.org\/wp-content\/uploads\/2021\/12\/icona-1536x1221.jpg 1536w, https:\/\/exaudi.org\/wp-content\/uploads\/2021\/12\/icona-2048x1628.jpg 2048w, https:\/\/exaudi.org\/wp-content\/uploads\/2021\/12\/icona-500x397.jpg 500w, https:\/\/exaudi.org\/wp-content\/uploads\/2021\/12\/icona-293x233.jpg 293w, https:\/\/exaudi.org\/wp-content\/uploads\/2021\/12\/icona-1400x1113.jpg 1400w, https:\/\/exaudi.org\/wp-content\/uploads\/2021\/12\/icona-390x310.jpg 390w\" sizes=\"auto, (max-width: 300px) 100vw, 300px\" \/><figcaption id=\"caption-attachment-43673\" class=\"wp-caption-text\">(C) Vatican Media<\/figcaption><\/figure>\n<p>Ascoltiamo questo \u201clo prese con s\u00e9\u201d. L\u2019espressione richiama la stessa missione di Ges\u00f9, che ha preso con s\u00e9 i discepoli per le strade della Galilea, che ha preso su di s\u00e9 la nostra umanit\u00e0 ferita dal peccato. \u00c8 un atteggiamento di amicizia e di condivisione di vita. Prendere con s\u00e9, prendere su di s\u00e9 \u00e8 farsi carico della storia dell\u2019altro, darsi del tempo per conoscerlo senza etichettarlo \u2013 il peccato di etichettare la gente, per favore! \u2013, caricarlo sulle spalle quando \u00e8 stanco o ferito, come fa il buon samaritano.<\/p>\n<h2>Fraternit\u00e0<\/h2>\n<p>Questa si chiama fraternit\u00e0. Ecco la seconda parola. Barnaba e Paolo, come fratelli, viaggiano insieme per annunciare il Vangelo, anche in mezzo alle persecuzioni. Nella Chiesa di Antiochia, \u00abrimasero insieme un anno intero e istruirono molta gente\u00bb. Entrambi, poi, per volont\u00e0 dello Spirito Santo, furono riservati per una missione pi\u00f9 grande e \u00absalparono verso Cipro\u00bb. E la Parola di Dio correva e cresceva non solo per le loro qualit\u00e0 umane, ma soprattutto perch\u00e9 erano fratelli nel nome di Dio e questa loro fraternit\u00e0 faceva risplendere il comandamento dell\u2019amore. Fratelli diversi, differenti \u2013 come le dita di una mano, tutte diverse \u2013, ma tutti con la stessa dignit\u00e0. Fratelli.<\/p>\n<p>Poi, come succede nella vita, accade un fatto inaspettato: gli Atti raccontano che i due hanno un forte dissidio e le loro strade si separano. Anche tra i fratelli si discute, a volte si litiga. Paolo e Barnaba, per\u00f2, non si separano per motivi personali, ma perch\u00e9 stanno discutendo sul loro ministero, su come portare avanti la missione, e hanno visioni diverse. Barnaba desidera portare in missione anche il giovane Marco, Paolo non vuole. Discutono, ma da alcune successive lettere di Paolo si intuisce che tra i due non rimase rancore. Addirittura, a Timoteo, che deve raggiungerlo in seguito, Paolo scrive: \u00abCerca di venire presto da me [\u2026] Prendi con te Marco [proprio lui!] e portalo, perch\u00e9 mi sar\u00e0 utile per il ministero\u00bb.<\/p>\n<h2>Si discute ma si resta fratelli<\/h2>\n<p>Questa \u00e8 la fraternit\u00e0 nella Chiesa: si pu\u00f2 discutere sulle visioni, sui punti di vista \u2013 e conviene farlo, conviene, questo fa bene, un po\u2019 di discussione fa bene \u2013su sensibilit\u00e0 e idee diverse perch\u00e9 \u00e8 brutto non discutere mai. Quando c\u2019\u00e8 questa pace troppo rigorista, non \u00e8 di Dio. In una famiglia i fratelli discutono, scambiano i punti di vista. Io sospetto di coloro che non discutono mai, perch\u00e9 hanno \u201cagende\u201d nascoste, sempre. Questa \u00e8 la fraternit\u00e0 della Chiesa: si pu\u00f2 discutere sulle visioni, su sensibilit\u00e0, su idee diverse, e in certi casi dirsi le cose in faccia con franchezza, questo aiuta in certi casi, e non dirle da dietro con un chiacchiericcio che non fa bene a nessuno. \u00c8 occasione di crescita e cambiamento la discussione.<\/p>\n<p>Ma ricordiamo sempre: si discute non per farsi la guerra, non per imporsi, ma per esprimere e vivere la vitalit\u00e0 dello Spirito, che \u00e8 amore e comunione. Si discute, ma si rimane fratelli. Io ricordo, da bambino, eravamo in cinque. Si discuteva fra noi, fortemente a volte, non tutti i giorni, e poi a tavola eravamo tutti insieme. La discussione della famiglia che ha una madre, la madre Chiesa: i figli discutono.<\/p>\n<figure id=\"attachment_43679\" aria-describedby=\"caption-attachment-43679\" style=\"width: 300px\" class=\"wp-caption alignleft\"><img loading=\"lazy\" decoding=\"async\" class=\"size-medium wp-image-43679\" src=\"https:\/\/exaudi.org\/wp-content\/uploads\/2021\/12\/cattedrale-300x200.jpg\" alt=\"Pazienza\" width=\"300\" height=\"200\" srcset=\"https:\/\/exaudi.org\/wp-content\/uploads\/2021\/12\/cattedrale-300x200.jpg 300w, https:\/\/exaudi.org\/wp-content\/uploads\/2021\/12\/cattedrale-1024x682.jpg 1024w, https:\/\/exaudi.org\/wp-content\/uploads\/2021\/12\/cattedrale-770x513.jpg 770w, https:\/\/exaudi.org\/wp-content\/uploads\/2021\/12\/cattedrale-1536x1024.jpg 1536w, https:\/\/exaudi.org\/wp-content\/uploads\/2021\/12\/cattedrale-2048x1365.jpg 2048w, https:\/\/exaudi.org\/wp-content\/uploads\/2021\/12\/cattedrale-360x240.jpg?crop=1 360w, https:\/\/exaudi.org\/wp-content\/uploads\/2021\/12\/cattedrale-500x333.jpg 500w, https:\/\/exaudi.org\/wp-content\/uploads\/2021\/12\/cattedrale-1155x770.jpg 1155w, https:\/\/exaudi.org\/wp-content\/uploads\/2021\/12\/cattedrale-370x247.jpg 370w, https:\/\/exaudi.org\/wp-content\/uploads\/2021\/12\/cattedrale-293x195.jpg 293w, https:\/\/exaudi.org\/wp-content\/uploads\/2021\/12\/cattedrale-1400x933.jpg 1400w, https:\/\/exaudi.org\/wp-content\/uploads\/2021\/12\/cattedrale-120x80.jpg 120w, https:\/\/exaudi.org\/wp-content\/uploads\/2021\/12\/cattedrale-240x160.jpg 240w, https:\/\/exaudi.org\/wp-content\/uploads\/2021\/12\/cattedrale-390x260.jpg 390w\" sizes=\"auto, (max-width: 300px) 100vw, 300px\" \/><figcaption id=\"caption-attachment-43679\" class=\"wp-caption-text\">L&#8217;incontro con il Papa nella cattedrale di Nicosia (C) Vatican Media<\/figcaption><\/figure>\n<p>Cari fratelli e sorelle, abbiamo bisogno di una Chiesa fraterna che sia strumento di fraternit\u00e0 per il mondo. Qui a Cipro esistono tante sensibilit\u00e0 spirituali ed ecclesiali, varie storie di provenienza, riti e tradizioni diversi; ma non dobbiamo sentire la diversit\u00e0 come una minaccia all\u2019identit\u00e0, n\u00e9 dobbiamo ingelosirci e preoccuparci dei rispettivi spazi. Se cadiamo in questa tentazione cresce la paura, la paura genera diffidenza, la diffidenza sfocia nel sospetto e prima o poi porta alla guerra. Siamo fratelli, amati da un unico Padre.<\/p>\n<h2>Lavorare insieme<\/h2>\n<p>Siete immersi nel Mediterraneo: un mare di storie diverse, un mare che ha cullato tante civilt\u00e0, un mare dal quale ancora oggi sbarcano persone, popoli e culture da ogni parte del mondo. Con la vostra fraternit\u00e0 potete ricordare a tutti, all\u2019Europa intera, che per costruire un futuro degno dell\u2019uomo occorre lavorare insieme, superare le divisioni, abbattere i muri e coltivare il sogno dell\u2019unit\u00e0. Abbiamo bisogno di accoglierci e integrarci, di camminare insieme, di essere sorelle e fratelli tutti!<\/p>\n<p>Vi ringrazio per quello che siete e per quello che fate, per la gioia con cui annunciate il Vangelo e per le fatiche e le rinunce con cui lo sostenete e lo fate progredire. \u00c8 questa la via disegnata dai santi Apostoli Paolo e Barnaba. Vi auguro di essere sempre una Chiesa paziente, che discerne, accompagna e integra; e una Chiesa fraterna, che fa spazio all\u2019altro, discute ma rimane unita e cresce nella discussione. Vi benedico, ognuno di voi, e, per favore, continuate a pregare per me! Efcharist\u00f3! [Grazie!].<\/p>\n<p>Al termine, dell\u2019incontro, dopo la recita delle litanie, la benedizione finale e l\u2019offerta di un dono, il Papa si \u00e8 trasferito in auto al Palazzo Presidenziale di Nicosia per la cerimonia ufficiale di benvenuto, la visita di cortesia al Presidente della Repubblica e l\u2019incontro con le autorit\u00e0, la societ\u00e0 civile e il corpo diplomatico.<\/p>\n","protected":false},"excerpt":{"rendered":"<p>L\u2019incontro con la comunit\u00e0 cattolica nella cattedrale maronita di Nicosia<\/p>\n","protected":false},"author":17,"featured_media":43661,"comment_status":"open","ping_status":"open","sticky":false,"template":"","format":"standard","meta":{"_acf_changed":false,"_crdt_document":"","inline_featured_image":false,"footnotes":""},"categories":[119],"tags":[4952],"class_list":["post-43646","post","type-post","status-publish","format-standard","has-post-thumbnail","hentry","category-viaggi","tag-trending-it"],"acf":[],"yoast_head":"<!-- This site is optimized with the Yoast SEO plugin v27.4 - https:\/\/yoast.com\/product\/yoast-seo-wordpress\/ -->\n<title>Pazienza e fraternit\u00e0, il primo messaggio del Papa a Cipro &#8211; Exaudi<\/title>\n<meta name=\"description\" content=\"Pazienza e fraternit\u00e0: il Papa ha insistito su questi concetti nel suo discorso alla comunit\u00e0 cattolica di Cipro nella cattedrale di Nicosia\" \/>\n<meta name=\"robots\" content=\"index, follow, max-snippet:-1, max-image-preview:large, max-video-preview:-1\" \/>\n<link rel=\"canonical\" href=\"https:\/\/exaudi.org\/it\/pazienza-e-fraternita-il-primo-messaggio-del-papa-a-cipro\/\" \/>\n<meta property=\"og:locale\" content=\"it_IT\" \/>\n<meta property=\"og:type\" content=\"article\" \/>\n<meta property=\"og:title\" content=\"Pazienza e fraternit\u00e0, il primo messaggio del Papa a Cipro &#8211; Exaudi\" \/>\n<meta property=\"og:description\" content=\"Pazienza e fraternit\u00e0: il Papa ha insistito su questi concetti nel suo discorso alla comunit\u00e0 cattolica di Cipro nella cattedrale di Nicosia\" \/>\n<meta property=\"og:url\" content=\"https:\/\/exaudi.org\/it\/pazienza-e-fraternita-il-primo-messaggio-del-papa-a-cipro\/\" \/>\n<meta property=\"og:site_name\" content=\"Exaudi\" \/>\n<meta property=\"article:publisher\" content=\"https:\/\/www.facebook.com\/ExaudiNews\" \/>\n<meta property=\"article:author\" content=\"https:\/\/www.facebook.com\/ExaudiNotizie\/\" \/>\n<meta property=\"article:published_time\" content=\"2021-12-02T16:12:04+00:00\" \/>\n<meta property=\"article:modified_time\" content=\"2021-12-02T19:03:13+00:00\" \/>\n<meta property=\"og:image\" content=\"https:\/\/exaudi.org\/wp-content\/uploads\/2021\/12\/bechara-rai-scaled.jpg\" \/>\n\t<meta property=\"og:image:width\" content=\"2560\" \/>\n\t<meta property=\"og:image:height\" content=\"1707\" \/>\n\t<meta property=\"og:image:type\" content=\"image\/jpeg\" \/>\n<meta name=\"author\" content=\"Exaudi Redazione\" \/>\n<meta name=\"twitter:card\" content=\"summary_large_image\" \/>\n<meta name=\"twitter:creator\" content=\"@Exaudi_Notizie\" \/>\n<meta name=\"twitter:site\" content=\"@Exaudi_News\" \/>\n<meta name=\"twitter:label1\" content=\"Scritto da\" \/>\n\t<meta name=\"twitter:data1\" content=\"Exaudi Redazione\" \/>\n\t<meta name=\"twitter:label2\" content=\"Tempo di lettura stimato\" \/>\n\t<meta name=\"twitter:data2\" content=\"13 minuti\" \/>\n<script type=\"application\/ld+json\" class=\"yoast-schema-graph\">{\"@context\":\"https:\\\/\\\/schema.org\",\"@graph\":[{\"@type\":\"Article\",\"@id\":\"https:\\\/\\\/exaudi.org\\\/it\\\/pazienza-e-fraternita-il-primo-messaggio-del-papa-a-cipro\\\/#article\",\"isPartOf\":{\"@id\":\"https:\\\/\\\/exaudi.org\\\/it\\\/pazienza-e-fraternita-il-primo-messaggio-del-papa-a-cipro\\\/\"},\"author\":{\"name\":\"Exaudi Redazione\",\"@id\":\"https:\\\/\\\/exaudi.org\\\/#\\\/schema\\\/person\\\/e1ab6ed07c01774724dd96f925f3a5f0\"},\"headline\":\"Pazienza e fraternit\u00e0, il primo messaggio del Papa a Cipro\",\"datePublished\":\"2021-12-02T16:12:04+00:00\",\"dateModified\":\"2021-12-02T19:03:13+00:00\",\"mainEntityOfPage\":{\"@id\":\"https:\\\/\\\/exaudi.org\\\/it\\\/pazienza-e-fraternita-il-primo-messaggio-del-papa-a-cipro\\\/\"},\"wordCount\":2765,\"commentCount\":0,\"image\":{\"@id\":\"https:\\\/\\\/exaudi.org\\\/it\\\/pazienza-e-fraternita-il-primo-messaggio-del-papa-a-cipro\\\/#primaryimage\"},\"thumbnailUrl\":\"https:\\\/\\\/exaudi.org\\\/wp-content\\\/uploads\\\/2021\\\/12\\\/bechara-rai-scaled.jpg\",\"keywords\":[\"Trending\"],\"articleSection\":[\"Viaggi\"],\"inLanguage\":\"it-IT\",\"potentialAction\":[{\"@type\":\"CommentAction\",\"name\":\"Comment\",\"target\":[\"https:\\\/\\\/exaudi.org\\\/it\\\/pazienza-e-fraternita-il-primo-messaggio-del-papa-a-cipro\\\/#respond\"]}]},{\"@type\":\"WebPage\",\"@id\":\"https:\\\/\\\/exaudi.org\\\/it\\\/pazienza-e-fraternita-il-primo-messaggio-del-papa-a-cipro\\\/\",\"url\":\"https:\\\/\\\/exaudi.org\\\/it\\\/pazienza-e-fraternita-il-primo-messaggio-del-papa-a-cipro\\\/\",\"name\":\"Pazienza e fraternit\u00e0, il primo messaggio del Papa a Cipro &#8211; Exaudi\",\"isPartOf\":{\"@id\":\"https:\\\/\\\/exaudi.org\\\/#website\"},\"primaryImageOfPage\":{\"@id\":\"https:\\\/\\\/exaudi.org\\\/it\\\/pazienza-e-fraternita-il-primo-messaggio-del-papa-a-cipro\\\/#primaryimage\"},\"image\":{\"@id\":\"https:\\\/\\\/exaudi.org\\\/it\\\/pazienza-e-fraternita-il-primo-messaggio-del-papa-a-cipro\\\/#primaryimage\"},\"thumbnailUrl\":\"https:\\\/\\\/exaudi.org\\\/wp-content\\\/uploads\\\/2021\\\/12\\\/bechara-rai-scaled.jpg\",\"datePublished\":\"2021-12-02T16:12:04+00:00\",\"dateModified\":\"2021-12-02T19:03:13+00:00\",\"author\":{\"@id\":\"https:\\\/\\\/exaudi.org\\\/#\\\/schema\\\/person\\\/e1ab6ed07c01774724dd96f925f3a5f0\"},\"description\":\"Pazienza e fraternit\u00e0: il Papa ha insistito su questi concetti nel suo discorso alla comunit\u00e0 cattolica di Cipro nella cattedrale di Nicosia\",\"breadcrumb\":{\"@id\":\"https:\\\/\\\/exaudi.org\\\/it\\\/pazienza-e-fraternita-il-primo-messaggio-del-papa-a-cipro\\\/#breadcrumb\"},\"inLanguage\":\"it-IT\",\"potentialAction\":[{\"@type\":\"ReadAction\",\"target\":[\"https:\\\/\\\/exaudi.org\\\/it\\\/pazienza-e-fraternita-il-primo-messaggio-del-papa-a-cipro\\\/\"]}]},{\"@type\":\"ImageObject\",\"inLanguage\":\"it-IT\",\"@id\":\"https:\\\/\\\/exaudi.org\\\/it\\\/pazienza-e-fraternita-il-primo-messaggio-del-papa-a-cipro\\\/#primaryimage\",\"url\":\"https:\\\/\\\/exaudi.org\\\/wp-content\\\/uploads\\\/2021\\\/12\\\/bechara-rai-scaled.jpg\",\"contentUrl\":\"https:\\\/\\\/exaudi.org\\\/wp-content\\\/uploads\\\/2021\\\/12\\\/bechara-rai-scaled.jpg\",\"width\":2560,\"height\":1707,\"caption\":\"Il saluto del cardinale Bechara Rai (C) Vatican Media\"},{\"@type\":\"BreadcrumbList\",\"@id\":\"https:\\\/\\\/exaudi.org\\\/it\\\/pazienza-e-fraternita-il-primo-messaggio-del-papa-a-cipro\\\/#breadcrumb\",\"itemListElement\":[{\"@type\":\"ListItem\",\"position\":1,\"name\":\"Portada\",\"item\":\"https:\\\/\\\/exaudi.org\\\/it\\\/\"},{\"@type\":\"ListItem\",\"position\":2,\"name\":\"Pazienza e fraternit\u00e0, il primo messaggio del Papa a Cipro\"}]},{\"@type\":\"WebSite\",\"@id\":\"https:\\\/\\\/exaudi.org\\\/#website\",\"url\":\"https:\\\/\\\/exaudi.org\\\/\",\"name\":\"Exaudi\",\"description\":\"News\",\"potentialAction\":[{\"@type\":\"SearchAction\",\"target\":{\"@type\":\"EntryPoint\",\"urlTemplate\":\"https:\\\/\\\/exaudi.org\\\/?s={search_term_string}\"},\"query-input\":{\"@type\":\"PropertyValueSpecification\",\"valueRequired\":true,\"valueName\":\"search_term_string\"}}],\"inLanguage\":\"it-IT\"},{\"@type\":\"Person\",\"@id\":\"https:\\\/\\\/exaudi.org\\\/#\\\/schema\\\/person\\\/e1ab6ed07c01774724dd96f925f3a5f0\",\"name\":\"Exaudi Redazione\",\"image\":{\"@type\":\"ImageObject\",\"inLanguage\":\"it-IT\",\"@id\":\"https:\\\/\\\/secure.gravatar.com\\\/avatar\\\/ad6774b3ada023bf5b939d64f45c94b3adf91502dd883507d469b4308a943bb3?s=96&d=mm&r=g\",\"url\":\"https:\\\/\\\/secure.gravatar.com\\\/avatar\\\/ad6774b3ada023bf5b939d64f45c94b3adf91502dd883507d469b4308a943bb3?s=96&d=mm&r=g\",\"contentUrl\":\"https:\\\/\\\/secure.gravatar.com\\\/avatar\\\/ad6774b3ada023bf5b939d64f45c94b3adf91502dd883507d469b4308a943bb3?s=96&d=mm&r=g\",\"caption\":\"Exaudi Redazione\"},\"description\":\"Che cosa \u00e8 Exaudi News? Exaudi News \u00e8 un agenzia cattolica internazionale che informa, istruisce e trasforma quotidianamente in spagnolo, inglese e italiano. Attraverso notizie, articoli di analisi e trasmissioni in diretta degli eventi del Papa, Exaudi cerca di rafforzare l'unit\u00e0 dei cristiani e di contribuire all'evangelizzazione del mondo, sempre guidato dalla dottrina sociale della Chiesa. Lavoriamo per portare la verit\u00e0 e i valori cristiani in ogni angolo del pianeta. Aiutaci a trasformare il mondo con Exaudi! Noi di Exaudi crediamo che l'evangelizzazione e l'informazione di qualit\u00e0 possano cambiare la vita. Per continuare la nostra missione ed espandere la nostra portata, abbiamo bisogno del tuo aiuto. Stiamo anche cercando persone motivate che vogliano unirsi al nostro team. Grazie al vostro sostegno raggiungeremo pi\u00f9 persone, diffonderemo il messaggio di Cristo e rafforzeremo l'unit\u00e0 dei cristiani. Vuoi unirti alla nostra missione? Per maggiori informazioni su come contribuire, visita Exaudi.org\\\/it o contattaci direttamente: info@exaudi.org Exaudi: informa, forma e trasforma.\",\"sameAs\":[\"https:\\\/\\\/www.facebook.com\\\/ExaudiNotizie\\\/\",\"https:\\\/\\\/www.instagram.com\\\/Exaudi_notizie\\\/\",\"https:\\\/\\\/x.com\\\/Exaudi_Notizie\",\"https:\\\/\\\/www.youtube.com\\\/@exaudicatholicnews\"],\"url\":\"https:\\\/\\\/exaudi.org\\\/it\\\/author\\\/dlvedi-org\\\/\"}]}<\/script>\n<!-- \/ Yoast SEO plugin. -->","yoast_head_json":{"title":"Pazienza e fraternit\u00e0, il primo messaggio del Papa a Cipro &#8211; Exaudi","description":"Pazienza e fraternit\u00e0: il Papa ha insistito su questi concetti nel suo discorso alla comunit\u00e0 cattolica di Cipro nella cattedrale di Nicosia","robots":{"index":"index","follow":"follow","max-snippet":"max-snippet:-1","max-image-preview":"max-image-preview:large","max-video-preview":"max-video-preview:-1"},"canonical":"https:\/\/exaudi.org\/it\/pazienza-e-fraternita-il-primo-messaggio-del-papa-a-cipro\/","og_locale":"it_IT","og_type":"article","og_title":"Pazienza e fraternit\u00e0, il primo messaggio del Papa a Cipro &#8211; Exaudi","og_description":"Pazienza e fraternit\u00e0: il Papa ha insistito su questi concetti nel suo discorso alla comunit\u00e0 cattolica di Cipro nella cattedrale di Nicosia","og_url":"https:\/\/exaudi.org\/it\/pazienza-e-fraternita-il-primo-messaggio-del-papa-a-cipro\/","og_site_name":"Exaudi","article_publisher":"https:\/\/www.facebook.com\/ExaudiNews","article_author":"https:\/\/www.facebook.com\/ExaudiNotizie\/","article_published_time":"2021-12-02T16:12:04+00:00","article_modified_time":"2021-12-02T19:03:13+00:00","og_image":[{"width":2560,"height":1707,"url":"https:\/\/exaudi.org\/wp-content\/uploads\/2021\/12\/bechara-rai-scaled.jpg","type":"image\/jpeg"}],"author":"Exaudi Redazione","twitter_card":"summary_large_image","twitter_creator":"@Exaudi_Notizie","twitter_site":"@Exaudi_News","twitter_misc":{"Scritto da":"Exaudi Redazione","Tempo di lettura stimato":"13 minuti"},"schema":{"@context":"https:\/\/schema.org","@graph":[{"@type":"Article","@id":"https:\/\/exaudi.org\/it\/pazienza-e-fraternita-il-primo-messaggio-del-papa-a-cipro\/#article","isPartOf":{"@id":"https:\/\/exaudi.org\/it\/pazienza-e-fraternita-il-primo-messaggio-del-papa-a-cipro\/"},"author":{"name":"Exaudi Redazione","@id":"https:\/\/exaudi.org\/#\/schema\/person\/e1ab6ed07c01774724dd96f925f3a5f0"},"headline":"Pazienza e fraternit\u00e0, il primo messaggio del Papa a Cipro","datePublished":"2021-12-02T16:12:04+00:00","dateModified":"2021-12-02T19:03:13+00:00","mainEntityOfPage":{"@id":"https:\/\/exaudi.org\/it\/pazienza-e-fraternita-il-primo-messaggio-del-papa-a-cipro\/"},"wordCount":2765,"commentCount":0,"image":{"@id":"https:\/\/exaudi.org\/it\/pazienza-e-fraternita-il-primo-messaggio-del-papa-a-cipro\/#primaryimage"},"thumbnailUrl":"https:\/\/exaudi.org\/wp-content\/uploads\/2021\/12\/bechara-rai-scaled.jpg","keywords":["Trending"],"articleSection":["Viaggi"],"inLanguage":"it-IT","potentialAction":[{"@type":"CommentAction","name":"Comment","target":["https:\/\/exaudi.org\/it\/pazienza-e-fraternita-il-primo-messaggio-del-papa-a-cipro\/#respond"]}]},{"@type":"WebPage","@id":"https:\/\/exaudi.org\/it\/pazienza-e-fraternita-il-primo-messaggio-del-papa-a-cipro\/","url":"https:\/\/exaudi.org\/it\/pazienza-e-fraternita-il-primo-messaggio-del-papa-a-cipro\/","name":"Pazienza e fraternit\u00e0, il primo messaggio del Papa a Cipro &#8211; Exaudi","isPartOf":{"@id":"https:\/\/exaudi.org\/#website"},"primaryImageOfPage":{"@id":"https:\/\/exaudi.org\/it\/pazienza-e-fraternita-il-primo-messaggio-del-papa-a-cipro\/#primaryimage"},"image":{"@id":"https:\/\/exaudi.org\/it\/pazienza-e-fraternita-il-primo-messaggio-del-papa-a-cipro\/#primaryimage"},"thumbnailUrl":"https:\/\/exaudi.org\/wp-content\/uploads\/2021\/12\/bechara-rai-scaled.jpg","datePublished":"2021-12-02T16:12:04+00:00","dateModified":"2021-12-02T19:03:13+00:00","author":{"@id":"https:\/\/exaudi.org\/#\/schema\/person\/e1ab6ed07c01774724dd96f925f3a5f0"},"description":"Pazienza e fraternit\u00e0: il Papa ha insistito su questi concetti nel suo discorso alla comunit\u00e0 cattolica di Cipro nella cattedrale di Nicosia","breadcrumb":{"@id":"https:\/\/exaudi.org\/it\/pazienza-e-fraternita-il-primo-messaggio-del-papa-a-cipro\/#breadcrumb"},"inLanguage":"it-IT","potentialAction":[{"@type":"ReadAction","target":["https:\/\/exaudi.org\/it\/pazienza-e-fraternita-il-primo-messaggio-del-papa-a-cipro\/"]}]},{"@type":"ImageObject","inLanguage":"it-IT","@id":"https:\/\/exaudi.org\/it\/pazienza-e-fraternita-il-primo-messaggio-del-papa-a-cipro\/#primaryimage","url":"https:\/\/exaudi.org\/wp-content\/uploads\/2021\/12\/bechara-rai-scaled.jpg","contentUrl":"https:\/\/exaudi.org\/wp-content\/uploads\/2021\/12\/bechara-rai-scaled.jpg","width":2560,"height":1707,"caption":"Il saluto del cardinale Bechara Rai (C) Vatican Media"},{"@type":"BreadcrumbList","@id":"https:\/\/exaudi.org\/it\/pazienza-e-fraternita-il-primo-messaggio-del-papa-a-cipro\/#breadcrumb","itemListElement":[{"@type":"ListItem","position":1,"name":"Portada","item":"https:\/\/exaudi.org\/it\/"},{"@type":"ListItem","position":2,"name":"Pazienza e fraternit\u00e0, il primo messaggio del Papa a Cipro"}]},{"@type":"WebSite","@id":"https:\/\/exaudi.org\/#website","url":"https:\/\/exaudi.org\/","name":"Exaudi","description":"News","potentialAction":[{"@type":"SearchAction","target":{"@type":"EntryPoint","urlTemplate":"https:\/\/exaudi.org\/?s={search_term_string}"},"query-input":{"@type":"PropertyValueSpecification","valueRequired":true,"valueName":"search_term_string"}}],"inLanguage":"it-IT"},{"@type":"Person","@id":"https:\/\/exaudi.org\/#\/schema\/person\/e1ab6ed07c01774724dd96f925f3a5f0","name":"Exaudi Redazione","image":{"@type":"ImageObject","inLanguage":"it-IT","@id":"https:\/\/secure.gravatar.com\/avatar\/ad6774b3ada023bf5b939d64f45c94b3adf91502dd883507d469b4308a943bb3?s=96&d=mm&r=g","url":"https:\/\/secure.gravatar.com\/avatar\/ad6774b3ada023bf5b939d64f45c94b3adf91502dd883507d469b4308a943bb3?s=96&d=mm&r=g","contentUrl":"https:\/\/secure.gravatar.com\/avatar\/ad6774b3ada023bf5b939d64f45c94b3adf91502dd883507d469b4308a943bb3?s=96&d=mm&r=g","caption":"Exaudi Redazione"},"description":"Che cosa \u00e8 Exaudi News? Exaudi News \u00e8 un agenzia cattolica internazionale che informa, istruisce e trasforma quotidianamente in spagnolo, inglese e italiano. Attraverso notizie, articoli di analisi e trasmissioni in diretta degli eventi del Papa, Exaudi cerca di rafforzare l'unit\u00e0 dei cristiani e di contribuire all'evangelizzazione del mondo, sempre guidato dalla dottrina sociale della Chiesa. Lavoriamo per portare la verit\u00e0 e i valori cristiani in ogni angolo del pianeta. Aiutaci a trasformare il mondo con Exaudi! Noi di Exaudi crediamo che l'evangelizzazione e l'informazione di qualit\u00e0 possano cambiare la vita. Per continuare la nostra missione ed espandere la nostra portata, abbiamo bisogno del tuo aiuto. Stiamo anche cercando persone motivate che vogliano unirsi al nostro team. Grazie al vostro sostegno raggiungeremo pi\u00f9 persone, diffonderemo il messaggio di Cristo e rafforzeremo l'unit\u00e0 dei cristiani. Vuoi unirti alla nostra missione? Per maggiori informazioni su come contribuire, visita Exaudi.org\/it o contattaci direttamente: info@exaudi.org Exaudi: informa, forma e trasforma.","sameAs":["https:\/\/www.facebook.com\/ExaudiNotizie\/","https:\/\/www.instagram.com\/Exaudi_notizie\/","https:\/\/x.com\/Exaudi_Notizie","https:\/\/www.youtube.com\/@exaudicatholicnews"],"url":"https:\/\/exaudi.org\/it\/author\/dlvedi-org\/"}]}},"jetpack_featured_media_url":"https:\/\/exaudi.org\/wp-content\/uploads\/2021\/12\/bechara-rai-scaled.jpg","jetpack_shortlink":"https:\/\/wp.me\/pgKjF2-blY","_links":{"self":[{"href":"https:\/\/exaudi.org\/it\/wp-json\/wp\/v2\/posts\/43646","targetHints":{"allow":["GET"]}}],"collection":[{"href":"https:\/\/exaudi.org\/it\/wp-json\/wp\/v2\/posts"}],"about":[{"href":"https:\/\/exaudi.org\/it\/wp-json\/wp\/v2\/types\/post"}],"author":[{"embeddable":true,"href":"https:\/\/exaudi.org\/it\/wp-json\/wp\/v2\/users\/17"}],"replies":[{"embeddable":true,"href":"https:\/\/exaudi.org\/it\/wp-json\/wp\/v2\/comments?post=43646"}],"version-history":[{"count":0,"href":"https:\/\/exaudi.org\/it\/wp-json\/wp\/v2\/posts\/43646\/revisions"}],"wp:featuredmedia":[{"embeddable":true,"href":"https:\/\/exaudi.org\/it\/wp-json\/wp\/v2\/media\/43661"}],"wp:attachment":[{"href":"https:\/\/exaudi.org\/it\/wp-json\/wp\/v2\/media?parent=43646"}],"wp:term":[{"taxonomy":"category","embeddable":true,"href":"https:\/\/exaudi.org\/it\/wp-json\/wp\/v2\/categories?post=43646"},{"taxonomy":"post_tag","embeddable":true,"href":"https:\/\/exaudi.org\/it\/wp-json\/wp\/v2\/tags?post=43646"}],"curies":[{"name":"wp","href":"https:\/\/api.w.org\/{rel}","templated":true}]}}