{"id":43380,"date":"2021-12-01T09:51:32","date_gmt":"2021-12-01T08:51:32","guid":{"rendered":"https:\/\/exaudi.org\/?p=43380"},"modified":"2021-12-02T17:13:02","modified_gmt":"2021-12-02T16:13:02","slug":"koch-il-viaggio-del-papa-per-superare-ostacoli-storici","status":"publish","type":"post","link":"https:\/\/exaudi.org\/it\/koch-il-viaggio-del-papa-per-superare-ostacoli-storici\/","title":{"rendered":"Koch: Il viaggio del Papa per superare ostacoli storici"},"content":{"rendered":"<p>Il viaggio di Francesco a Cipro e in Grecia dar\u00e0 \u201cun contributo importante al superamento degli ostacoli ereditati dalla storia, sulla via che conduce all\u2019unit\u00e0 dei cristiani\u201d. Ad affermarlo, in questa intervista esclusiva ad Exaudi, \u00e8 il cardinale svizzero Kurt\u00a0Koch, settantunenne, presidente del <a href=\"http:\/\/www.christianunity.va\/content\/unitacristiani\/it.html\">Pontificio Consiglio per la promozione dell&#8217;Unit\u00e0 dei cristiani<\/a>. Anche lui partir\u00e0 il 2 dicembre alla volta di Nicosia prima e Atene poi sull&#8217;aereo papale, dove tra la stampa al seguito viagger\u00e0 il direttore editoriale di Exaudi Deborah Castellano Lubov.<\/p>\n<p>Non sono pochi i viaggi realizzati finora da Francesco con il cammino dell&#8217;ecumenismo al centro dell&#8217;attenzione. L&#8217;elenco comprende la visita in Svezia nel 2016, per commemorare i 500 anni della riforma di Lutero, e il viaggio del 2018 a Ginevra, in Svizzera, per il settantesimo anniversario della fondazione del Consiglio ecumenico delle Chiese. Francesco ha visitato inoltre parecchi paesi a maggioranza ortodossa: Georgia, Bulgaria, Macedonia del Nord, Romania e ora Cipro e Grecia (dove gi\u00e0 \u00e8 stato nel 2016 ma solo a Lesbo). Ma non bisogna dimenticare l&#8217;incontro col Patriarca di Mosca Kirill, nel 2016, e in precedenza la visita in Turchia, ad Istanbul, nel 2014, dove Francesco ha fatto visita al patriarca ecumenico Bartolomeo.<\/p>\n<p>Per il cardinale\u00a0Koch, che dal 2010 guida il dicastero vaticano che promuove l&#8217;ecumenismo, la presenza di Francesco a Cipro e in Grecia \u201ccontribuir\u00e0 ad approfondire il cosiddetto ecumenismo della carit\u00e0, ovvero la coltivazione di relazioni amichevoli tra cristiani e tra Chiese. Ma il dialogo della carit\u00e0 prepara il dialogo teologico della verit\u00e0 e lo sostiene\u201d. E dato che, spiega\u00a0Koch, \u201ctra tutte le Chiesa cristiane quella ortodossa \u00e8 senza dubbio quella pi\u00f9 vicina alla nostra Chiesa cattolica, \u00e8 importante ritrovare l\u2019unit\u00e0 affinch\u00e9 la Chiesa in Oriente e in Occidente possa vivere di nuovo insieme in pace e in armonia\u201d.<\/p>\n<p>Di seguito il testo dell&#8217;intervista del cardinale\u00a0Koch\u00a0ad Exaudi.<\/p>\n<p>***<\/p>\n<p><strong>Cardinale\u00a0<\/strong><strong>Koch<\/strong><strong>, Papa Francesco \u00e8 in partenza per Cipro e la Grecia, due paesi di antichissima tradizione ortodossa. Come descriverebbe il valore ecumenico di questo viaggio?<\/strong><\/p>\n<p>Cipro e la Grecia sono due Paesi in cui il cristianesimo \u00e8 stato introdotto gi\u00e0 in tempi antichi, grazie all\u2019opera missionaria di san Paolo, e in cui la maggior parte della popolazione oggi professa la fede della Chiesa greco-ortodossa. Di tutte le Chiese cristiane, l\u2019Ortodossia \u00e8 senza dubbio quella pi\u00f9 vicina alla nostra Chiesa cattolica. \u00c8 quindi importante ritrovare l\u2019unit\u00e0 affinch\u00e9 la Chiesa in Oriente e in Occidente possa vivere di nuovo insieme in pace e in armonia.<\/p>\n<p>A tal fine, il viaggio di Papa Francesco a Cipro e in Grecia \u00e8 certamente un passo importante e un significativo evento ecumenico. In questa direzione puntano anche le parole chiave del viaggio: \u201cConfortandoci gli uni gli altri nella fede\u201d, per Cipro, e \u201cApriamoci sempre pi\u00f9 alle sorprese di Dio\u201d, per la Grecia. Io mi auguro vivamente che queste parole si realizzino durante il viaggio di Papa Francesco e che la comunione tra ortodossi e cattolici possa rafforzarsi.<\/p>\n<p><strong>Per avanzare sul cammino dell\u2019ecumenismo Papa Francesco punta molto sull\u2019incontro e sulla conoscenza personali, per\u00f2 \u00e8 importante anche rimuovere gli ostacoli di carattere teologico e dottrinale sui punti che dividono cattolici e ortodossi. Questi viaggi e questi incontri di Francesco coi leader delle diverse chiese ortodosse quale contributo possono dare al dialogo teologico ecumenico?<\/strong><\/p>\n<p>Le Chiese ortodosse hanno deciso che il dialogo teologico tra loro e la Chiesa cattolica non debba svolgersi tramite incontri e colloqui bilaterali, ma a livello multilaterale, e pi\u00f9 precisamente attraverso la Commissione mista internazionale per il dialogo teologico, in cui sono coinvolte quattordici diverse Chiese ortodosse autocefale o autonome. Non esiste pertanto un dialogo teologico separato con le Chiese ortodosse di Cipro e della Grecia. Inoltre, durante il viaggio del Papa, non potranno aver luogo dialoghi teologici; il tempo non sarebbe sufficiente. Il viaggio del Santo Padre contribuir\u00e0 piuttosto ad approfondire il cosiddetto ecumenismo della carit\u00e0, ovvero la coltivazione di relazioni amichevoli tra cristiani e tra Chiese. Ma il dialogo della carit\u00e0 prepara il dialogo teologico della verit\u00e0 e lo sostiene. In questo senso, si pu\u00f2 ravvisare nel viaggio del Papa anche un importante contributo al superamento degli ostacoli ereditati dalla storia, sulla via che conduce all\u2019unit\u00e0.<\/p>\n<p><strong>Lei accompagner\u00e0 Francesco a Cipro e in Grecia. Quali prevede saranno i momenti del viaggio pi\u00f9 memorabili?<\/strong><\/p>\n<p>Gli eventi pi\u00f9 significativi del viaggio saranno sicuramente gli incontri con Sua Beatitudine Chrysostomos II, l\u2019Arcivescovo ortodosso di Cipro, e con Sua Beatitudine Hieronymus II, l\u2019Arcivescovo ortodosso di Atene e tutta la Grecia, e con i rispettivi Santi Sinodi. Naturalmente il Santo Padre far\u00e0 visita anche alla Chiesa cattolica in entrambi i Paesi e celebrer\u00e0 la Santa Messa con fedeli e sacerdoti. Sono previsti anche incontri con i presidenti e i governi dei due Paesi e con i rappresentanti della societ\u00e0 civile e del corpo diplomatico.<\/p>\n<p>Anche in questo viaggio, sar\u00e0 importante per Francesco richiamare l\u2019attenzione sulla sorte dei migranti e dei rifugiati. A Cipro \u00e8 in programma una celebrazione ecumenica con i migranti. Poi il Papa si recher\u00e0 nuovamente sull\u2019isola di Lesbo per incontrare i profughi del centro di accoglienza di Mitilene. La situazione dei profughi \u00e8 infatti una sfida che riguarda e colpisce allo stesso modo tutti i cristiani e tutte le Chiese.<\/p>\n<p><strong>Grazie di cuore, Eminenza.<\/strong><\/p>\n","protected":false},"excerpt":{"rendered":"<p>Intervista esclusiva al cardinale presidente del Pontificio Consiglio per la promozione dell&#8217;Unit\u00e0 dei cristiani sulla visita di Francesco a Cipro e in Grecia<\/p>\n","protected":false},"author":3,"featured_media":43387,"comment_status":"open","ping_status":"open","sticky":false,"template":"","format":"standard","meta":{"_acf_changed":false,"_crdt_document":"","inline_featured_image":false,"footnotes":""},"categories":[58],"tags":[5068,4952],"class_list":["post-43380","post","type-post","status-publish","format-standard","has-post-thumbnail","hentry","category-featured-news","tag-in-primo-piano","tag-trending-it"],"acf":[],"yoast_head":"<!-- This site is optimized with the Yoast SEO plugin v27.4 - https:\/\/yoast.com\/product\/yoast-seo-wordpress\/ -->\n<title>Koch: Il viaggio del Papa per superare ostacoli storici &#8211; Exaudi<\/title>\n<meta name=\"description\" content=\"Il cardinale Koch, presidente del Pontificio consiglio per l&#039;unit\u00e0 dei cristiani, presenta il prossimo viaggio del Papa a Cipro e in Grecia\" \/>\n<meta name=\"robots\" content=\"index, follow, max-snippet:-1, max-image-preview:large, max-video-preview:-1\" \/>\n<link rel=\"canonical\" href=\"https:\/\/exaudi.org\/it\/koch-il-viaggio-del-papa-per-superare-ostacoli-storici\/\" \/>\n<meta property=\"og:locale\" content=\"it_IT\" \/>\n<meta property=\"og:type\" content=\"article\" \/>\n<meta property=\"og:title\" content=\"Koch: Il viaggio del Papa per superare ostacoli storici &#8211; Exaudi\" \/>\n<meta property=\"og:description\" content=\"Il cardinale Koch, presidente del Pontificio consiglio per l&#039;unit\u00e0 dei cristiani, presenta il prossimo viaggio del Papa a Cipro e in Grecia\" \/>\n<meta property=\"og:url\" content=\"https:\/\/exaudi.org\/it\/koch-il-viaggio-del-papa-per-superare-ostacoli-storici\/\" \/>\n<meta property=\"og:site_name\" content=\"Exaudi\" \/>\n<meta property=\"article:publisher\" content=\"https:\/\/www.facebook.com\/ExaudiNews\" \/>\n<meta property=\"article:published_time\" content=\"2021-12-01T08:51:32+00:00\" \/>\n<meta property=\"article:modified_time\" content=\"2021-12-02T16:13:02+00:00\" \/>\n<meta property=\"og:image\" content=\"https:\/\/exaudi.org\/wp-content\/uploads\/2021\/12\/koch-1.jpeg\" \/>\n\t<meta property=\"og:image:width\" content=\"1000\" \/>\n\t<meta property=\"og:image:height\" content=\"563\" \/>\n\t<meta property=\"og:image:type\" content=\"image\/jpeg\" \/>\n<meta name=\"author\" content=\"Deborah Castellano Lubov\" \/>\n<meta name=\"twitter:card\" content=\"summary_large_image\" \/>\n<meta name=\"twitter:creator\" content=\"@Exaudi_News\" \/>\n<meta name=\"twitter:site\" content=\"@Exaudi_News\" \/>\n<meta name=\"twitter:label1\" content=\"Scritto da\" \/>\n\t<meta name=\"twitter:data1\" content=\"Deborah Castellano Lubov\" \/>\n\t<meta name=\"twitter:label2\" content=\"Tempo di lettura stimato\" \/>\n\t<meta name=\"twitter:data2\" content=\"4 minuti\" \/>\n<script type=\"application\/ld+json\" class=\"yoast-schema-graph\">{\"@context\":\"https:\\\/\\\/schema.org\",\"@graph\":[{\"@type\":\"Article\",\"@id\":\"https:\\\/\\\/exaudi.org\\\/it\\\/koch-il-viaggio-del-papa-per-superare-ostacoli-storici\\\/#article\",\"isPartOf\":{\"@id\":\"https:\\\/\\\/exaudi.org\\\/it\\\/koch-il-viaggio-del-papa-per-superare-ostacoli-storici\\\/\"},\"author\":{\"name\":\"Deborah Castellano Lubov\",\"@id\":\"https:\\\/\\\/exaudi.org\\\/#\\\/schema\\\/person\\\/ca36230f63b85cb8badafaa15f06d602\"},\"headline\":\"Koch: Il viaggio del Papa per superare ostacoli storici\",\"datePublished\":\"2021-12-01T08:51:32+00:00\",\"dateModified\":\"2021-12-02T16:13:02+00:00\",\"mainEntityOfPage\":{\"@id\":\"https:\\\/\\\/exaudi.org\\\/it\\\/koch-il-viaggio-del-papa-per-superare-ostacoli-storici\\\/\"},\"wordCount\":877,\"commentCount\":0,\"image\":{\"@id\":\"https:\\\/\\\/exaudi.org\\\/it\\\/koch-il-viaggio-del-papa-per-superare-ostacoli-storici\\\/#primaryimage\"},\"thumbnailUrl\":\"https:\\\/\\\/exaudi.org\\\/wp-content\\\/uploads\\\/2021\\\/12\\\/koch-1.jpeg\",\"keywords\":[\"In primo piano\",\"Trending\"],\"articleSection\":[\"Featured News\"],\"inLanguage\":\"it-IT\",\"potentialAction\":[{\"@type\":\"CommentAction\",\"name\":\"Comment\",\"target\":[\"https:\\\/\\\/exaudi.org\\\/it\\\/koch-il-viaggio-del-papa-per-superare-ostacoli-storici\\\/#respond\"]}]},{\"@type\":\"WebPage\",\"@id\":\"https:\\\/\\\/exaudi.org\\\/it\\\/koch-il-viaggio-del-papa-per-superare-ostacoli-storici\\\/\",\"url\":\"https:\\\/\\\/exaudi.org\\\/it\\\/koch-il-viaggio-del-papa-per-superare-ostacoli-storici\\\/\",\"name\":\"Koch: Il viaggio del Papa per superare ostacoli storici &#8211; Exaudi\",\"isPartOf\":{\"@id\":\"https:\\\/\\\/exaudi.org\\\/#website\"},\"primaryImageOfPage\":{\"@id\":\"https:\\\/\\\/exaudi.org\\\/it\\\/koch-il-viaggio-del-papa-per-superare-ostacoli-storici\\\/#primaryimage\"},\"image\":{\"@id\":\"https:\\\/\\\/exaudi.org\\\/it\\\/koch-il-viaggio-del-papa-per-superare-ostacoli-storici\\\/#primaryimage\"},\"thumbnailUrl\":\"https:\\\/\\\/exaudi.org\\\/wp-content\\\/uploads\\\/2021\\\/12\\\/koch-1.jpeg\",\"datePublished\":\"2021-12-01T08:51:32+00:00\",\"dateModified\":\"2021-12-02T16:13:02+00:00\",\"author\":{\"@id\":\"https:\\\/\\\/exaudi.org\\\/#\\\/schema\\\/person\\\/ca36230f63b85cb8badafaa15f06d602\"},\"description\":\"Il cardinale Koch, presidente del Pontificio consiglio per l'unit\u00e0 dei cristiani, presenta il prossimo viaggio del Papa a Cipro e in Grecia\",\"breadcrumb\":{\"@id\":\"https:\\\/\\\/exaudi.org\\\/it\\\/koch-il-viaggio-del-papa-per-superare-ostacoli-storici\\\/#breadcrumb\"},\"inLanguage\":\"it-IT\",\"potentialAction\":[{\"@type\":\"ReadAction\",\"target\":[\"https:\\\/\\\/exaudi.org\\\/it\\\/koch-il-viaggio-del-papa-per-superare-ostacoli-storici\\\/\"]}]},{\"@type\":\"ImageObject\",\"inLanguage\":\"it-IT\",\"@id\":\"https:\\\/\\\/exaudi.org\\\/it\\\/koch-il-viaggio-del-papa-per-superare-ostacoli-storici\\\/#primaryimage\",\"url\":\"https:\\\/\\\/exaudi.org\\\/wp-content\\\/uploads\\\/2021\\\/12\\\/koch-1.jpeg\",\"contentUrl\":\"https:\\\/\\\/exaudi.org\\\/wp-content\\\/uploads\\\/2021\\\/12\\\/koch-1.jpeg\",\"width\":1000,\"height\":563,\"caption\":\"Il S. Padre con il cardinale Koch (C) Vatican Media\"},{\"@type\":\"BreadcrumbList\",\"@id\":\"https:\\\/\\\/exaudi.org\\\/it\\\/koch-il-viaggio-del-papa-per-superare-ostacoli-storici\\\/#breadcrumb\",\"itemListElement\":[{\"@type\":\"ListItem\",\"position\":1,\"name\":\"Portada\",\"item\":\"https:\\\/\\\/exaudi.org\\\/it\\\/\"},{\"@type\":\"ListItem\",\"position\":2,\"name\":\"Koch: Il viaggio del Papa per superare ostacoli storici\"}]},{\"@type\":\"WebSite\",\"@id\":\"https:\\\/\\\/exaudi.org\\\/#website\",\"url\":\"https:\\\/\\\/exaudi.org\\\/\",\"name\":\"Exaudi\",\"description\":\"News\",\"potentialAction\":[{\"@type\":\"SearchAction\",\"target\":{\"@type\":\"EntryPoint\",\"urlTemplate\":\"https:\\\/\\\/exaudi.org\\\/?s={search_term_string}\"},\"query-input\":{\"@type\":\"PropertyValueSpecification\",\"valueRequired\":true,\"valueName\":\"search_term_string\"}}],\"inLanguage\":\"it-IT\"},{\"@type\":\"Person\",\"@id\":\"https:\\\/\\\/exaudi.org\\\/#\\\/schema\\\/person\\\/ca36230f63b85cb8badafaa15f06d602\",\"name\":\"Deborah Castellano Lubov\",\"image\":{\"@type\":\"ImageObject\",\"inLanguage\":\"it-IT\",\"@id\":\"https:\\\/\\\/secure.gravatar.com\\\/avatar\\\/1634e49afca8a60560a6701011a51b43f0e7362f22afa1fa6c37dfb70bd8d6a8?s=96&d=mm&r=g\",\"url\":\"https:\\\/\\\/secure.gravatar.com\\\/avatar\\\/1634e49afca8a60560a6701011a51b43f0e7362f22afa1fa6c37dfb70bd8d6a8?s=96&d=mm&r=g\",\"contentUrl\":\"https:\\\/\\\/secure.gravatar.com\\\/avatar\\\/1634e49afca8a60560a6701011a51b43f0e7362f22afa1fa6c37dfb70bd8d6a8?s=96&d=mm&r=g\",\"caption\":\"Deborah Castellano Lubov\"},\"description\":\"Deborah Castellano Lubov is Editorial Director &amp; Senior Vatican &amp; Rome Correspondent for EXAUDI (&amp; Prior, for ZENIT); Author of 'The Other Francis' ('L'Altro Francesco') featuring interviews with those closest to the Pope and preface by Vatican Secretary of State Cardinal Parolin (currently published in 5 languages); Deborah is also NBC &amp; MSNBC Vatican Analyst. She often covers the Pope's travels abroad, often from the Papal Flight (including for historic trips such as to Abu Dhabi and Japan &amp; Thailand), and has also asked him questions on the return-flight press conference on behalf of the English-speaking press present. Lubov has done much TV &amp; radio commentary, including for NBC, Sky, EWTN, BBC, Vatican Radio, AP, Reuters and more. She also has contributed to various books on the Pope and has written for various Catholic publications. For 'The Other Francis': http:\\\/\\\/www.gracewing.co.uk\\\/page219.html or https:\\\/\\\/www.amazon.com\\\/Other-Francis-Everything-They-about\\\/dp\\\/0852449348\\\/\",\"url\":\"https:\\\/\\\/exaudi.org\\\/it\\\/author\\\/dlubovexaudi-org\\\/\"}]}<\/script>\n<!-- \/ Yoast SEO plugin. -->","yoast_head_json":{"title":"Koch: Il viaggio del Papa per superare ostacoli storici &#8211; Exaudi","description":"Il cardinale Koch, presidente del Pontificio consiglio per l'unit\u00e0 dei cristiani, presenta il prossimo viaggio del Papa a Cipro e in Grecia","robots":{"index":"index","follow":"follow","max-snippet":"max-snippet:-1","max-image-preview":"max-image-preview:large","max-video-preview":"max-video-preview:-1"},"canonical":"https:\/\/exaudi.org\/it\/koch-il-viaggio-del-papa-per-superare-ostacoli-storici\/","og_locale":"it_IT","og_type":"article","og_title":"Koch: Il viaggio del Papa per superare ostacoli storici &#8211; Exaudi","og_description":"Il cardinale Koch, presidente del Pontificio consiglio per l'unit\u00e0 dei cristiani, presenta il prossimo viaggio del Papa a Cipro e in Grecia","og_url":"https:\/\/exaudi.org\/it\/koch-il-viaggio-del-papa-per-superare-ostacoli-storici\/","og_site_name":"Exaudi","article_publisher":"https:\/\/www.facebook.com\/ExaudiNews","article_published_time":"2021-12-01T08:51:32+00:00","article_modified_time":"2021-12-02T16:13:02+00:00","og_image":[{"width":1000,"height":563,"url":"https:\/\/exaudi.org\/wp-content\/uploads\/2021\/12\/koch-1.jpeg","type":"image\/jpeg"}],"author":"Deborah Castellano Lubov","twitter_card":"summary_large_image","twitter_creator":"@Exaudi_News","twitter_site":"@Exaudi_News","twitter_misc":{"Scritto da":"Deborah Castellano Lubov","Tempo di lettura stimato":"4 minuti"},"schema":{"@context":"https:\/\/schema.org","@graph":[{"@type":"Article","@id":"https:\/\/exaudi.org\/it\/koch-il-viaggio-del-papa-per-superare-ostacoli-storici\/#article","isPartOf":{"@id":"https:\/\/exaudi.org\/it\/koch-il-viaggio-del-papa-per-superare-ostacoli-storici\/"},"author":{"name":"Deborah Castellano Lubov","@id":"https:\/\/exaudi.org\/#\/schema\/person\/ca36230f63b85cb8badafaa15f06d602"},"headline":"Koch: Il viaggio del Papa per superare ostacoli storici","datePublished":"2021-12-01T08:51:32+00:00","dateModified":"2021-12-02T16:13:02+00:00","mainEntityOfPage":{"@id":"https:\/\/exaudi.org\/it\/koch-il-viaggio-del-papa-per-superare-ostacoli-storici\/"},"wordCount":877,"commentCount":0,"image":{"@id":"https:\/\/exaudi.org\/it\/koch-il-viaggio-del-papa-per-superare-ostacoli-storici\/#primaryimage"},"thumbnailUrl":"https:\/\/exaudi.org\/wp-content\/uploads\/2021\/12\/koch-1.jpeg","keywords":["In primo piano","Trending"],"articleSection":["Featured News"],"inLanguage":"it-IT","potentialAction":[{"@type":"CommentAction","name":"Comment","target":["https:\/\/exaudi.org\/it\/koch-il-viaggio-del-papa-per-superare-ostacoli-storici\/#respond"]}]},{"@type":"WebPage","@id":"https:\/\/exaudi.org\/it\/koch-il-viaggio-del-papa-per-superare-ostacoli-storici\/","url":"https:\/\/exaudi.org\/it\/koch-il-viaggio-del-papa-per-superare-ostacoli-storici\/","name":"Koch: Il viaggio del Papa per superare ostacoli storici &#8211; Exaudi","isPartOf":{"@id":"https:\/\/exaudi.org\/#website"},"primaryImageOfPage":{"@id":"https:\/\/exaudi.org\/it\/koch-il-viaggio-del-papa-per-superare-ostacoli-storici\/#primaryimage"},"image":{"@id":"https:\/\/exaudi.org\/it\/koch-il-viaggio-del-papa-per-superare-ostacoli-storici\/#primaryimage"},"thumbnailUrl":"https:\/\/exaudi.org\/wp-content\/uploads\/2021\/12\/koch-1.jpeg","datePublished":"2021-12-01T08:51:32+00:00","dateModified":"2021-12-02T16:13:02+00:00","author":{"@id":"https:\/\/exaudi.org\/#\/schema\/person\/ca36230f63b85cb8badafaa15f06d602"},"description":"Il cardinale Koch, presidente del Pontificio consiglio per l'unit\u00e0 dei cristiani, presenta il prossimo viaggio del Papa a Cipro e in Grecia","breadcrumb":{"@id":"https:\/\/exaudi.org\/it\/koch-il-viaggio-del-papa-per-superare-ostacoli-storici\/#breadcrumb"},"inLanguage":"it-IT","potentialAction":[{"@type":"ReadAction","target":["https:\/\/exaudi.org\/it\/koch-il-viaggio-del-papa-per-superare-ostacoli-storici\/"]}]},{"@type":"ImageObject","inLanguage":"it-IT","@id":"https:\/\/exaudi.org\/it\/koch-il-viaggio-del-papa-per-superare-ostacoli-storici\/#primaryimage","url":"https:\/\/exaudi.org\/wp-content\/uploads\/2021\/12\/koch-1.jpeg","contentUrl":"https:\/\/exaudi.org\/wp-content\/uploads\/2021\/12\/koch-1.jpeg","width":1000,"height":563,"caption":"Il S. Padre con il cardinale Koch (C) Vatican Media"},{"@type":"BreadcrumbList","@id":"https:\/\/exaudi.org\/it\/koch-il-viaggio-del-papa-per-superare-ostacoli-storici\/#breadcrumb","itemListElement":[{"@type":"ListItem","position":1,"name":"Portada","item":"https:\/\/exaudi.org\/it\/"},{"@type":"ListItem","position":2,"name":"Koch: Il viaggio del Papa per superare ostacoli storici"}]},{"@type":"WebSite","@id":"https:\/\/exaudi.org\/#website","url":"https:\/\/exaudi.org\/","name":"Exaudi","description":"News","potentialAction":[{"@type":"SearchAction","target":{"@type":"EntryPoint","urlTemplate":"https:\/\/exaudi.org\/?s={search_term_string}"},"query-input":{"@type":"PropertyValueSpecification","valueRequired":true,"valueName":"search_term_string"}}],"inLanguage":"it-IT"},{"@type":"Person","@id":"https:\/\/exaudi.org\/#\/schema\/person\/ca36230f63b85cb8badafaa15f06d602","name":"Deborah Castellano Lubov","image":{"@type":"ImageObject","inLanguage":"it-IT","@id":"https:\/\/secure.gravatar.com\/avatar\/1634e49afca8a60560a6701011a51b43f0e7362f22afa1fa6c37dfb70bd8d6a8?s=96&d=mm&r=g","url":"https:\/\/secure.gravatar.com\/avatar\/1634e49afca8a60560a6701011a51b43f0e7362f22afa1fa6c37dfb70bd8d6a8?s=96&d=mm&r=g","contentUrl":"https:\/\/secure.gravatar.com\/avatar\/1634e49afca8a60560a6701011a51b43f0e7362f22afa1fa6c37dfb70bd8d6a8?s=96&d=mm&r=g","caption":"Deborah Castellano Lubov"},"description":"Deborah Castellano Lubov is Editorial Director &amp; Senior Vatican &amp; Rome Correspondent for EXAUDI (&amp; Prior, for ZENIT); Author of 'The Other Francis' ('L'Altro Francesco') featuring interviews with those closest to the Pope and preface by Vatican Secretary of State Cardinal Parolin (currently published in 5 languages); Deborah is also NBC &amp; MSNBC Vatican Analyst. She often covers the Pope's travels abroad, often from the Papal Flight (including for historic trips such as to Abu Dhabi and Japan &amp; Thailand), and has also asked him questions on the return-flight press conference on behalf of the English-speaking press present. Lubov has done much TV &amp; radio commentary, including for NBC, Sky, EWTN, BBC, Vatican Radio, AP, Reuters and more. She also has contributed to various books on the Pope and has written for various Catholic publications. For 'The Other Francis': http:\/\/www.gracewing.co.uk\/page219.html or https:\/\/www.amazon.com\/Other-Francis-Everything-They-about\/dp\/0852449348\/","url":"https:\/\/exaudi.org\/it\/author\/dlubovexaudi-org\/"}]}},"jetpack_featured_media_url":"https:\/\/exaudi.org\/wp-content\/uploads\/2021\/12\/koch-1.jpeg","jetpack_shortlink":"https:\/\/wp.me\/pgKjF2-bhG","_links":{"self":[{"href":"https:\/\/exaudi.org\/it\/wp-json\/wp\/v2\/posts\/43380","targetHints":{"allow":["GET"]}}],"collection":[{"href":"https:\/\/exaudi.org\/it\/wp-json\/wp\/v2\/posts"}],"about":[{"href":"https:\/\/exaudi.org\/it\/wp-json\/wp\/v2\/types\/post"}],"author":[{"embeddable":true,"href":"https:\/\/exaudi.org\/it\/wp-json\/wp\/v2\/users\/3"}],"replies":[{"embeddable":true,"href":"https:\/\/exaudi.org\/it\/wp-json\/wp\/v2\/comments?post=43380"}],"version-history":[{"count":0,"href":"https:\/\/exaudi.org\/it\/wp-json\/wp\/v2\/posts\/43380\/revisions"}],"wp:featuredmedia":[{"embeddable":true,"href":"https:\/\/exaudi.org\/it\/wp-json\/wp\/v2\/media\/43387"}],"wp:attachment":[{"href":"https:\/\/exaudi.org\/it\/wp-json\/wp\/v2\/media?parent=43380"}],"wp:term":[{"taxonomy":"category","embeddable":true,"href":"https:\/\/exaudi.org\/it\/wp-json\/wp\/v2\/categories?post=43380"},{"taxonomy":"post_tag","embeddable":true,"href":"https:\/\/exaudi.org\/it\/wp-json\/wp\/v2\/tags?post=43380"}],"curies":[{"name":"wp","href":"https:\/\/api.w.org\/{rel}","templated":true}]}}