{"id":42416,"date":"2021-11-24T11:01:39","date_gmt":"2021-11-24T10:01:39","guid":{"rendered":"https:\/\/exaudi.wpengine.com\/giuseppe-continua-a-proteggere-la-chiesa\/"},"modified":"2021-11-24T11:01:39","modified_gmt":"2021-11-24T10:01:39","slug":"giuseppe-continua-a-proteggere-la-chiesa","status":"publish","type":"post","link":"https:\/\/exaudi.org\/it\/giuseppe-continua-a-proteggere-la-chiesa\/","title":{"rendered":"&#8220;Giuseppe continua a proteggere la Chiesa&#8221;"},"content":{"rendered":"<p>Udienza generale divisa in due parti questa mattina per Papa Francesco. Nella prima ha salutato nella Basilica di San Pietro i partecipanti al Pellegrinaggio della Madonna della Medaglia Miracolosa promosso dalla Famiglia Vincenziana d\u2019Italia, i pellegrini dell\u2019Associazione Giovanni Paolo II di Bisceglie e i rappresentanti dell\u2019Associazione Italiana Vittime della violenza. Poi, come di consueto, ha tenuto la sua catechesi nell\u2019Aula Paolo VI, continuando il ciclo di riflessioni su San Giuseppe. Questa volta il titolo era \u201cSan Giuseppe nella storia della salvezza\u201d. Ecco le parole del S. Padre:<\/p>\n<figure id=\"attachment_41536\" aria-describedby=\"caption-attachment-41536\" style=\"width: 300px\" class=\"wp-caption alignleft\"><img loading=\"lazy\" decoding=\"async\" class=\"size-medium wp-image-41536\" src=\"https:\/\/exaudi.wpengine.com\/wp-content\/uploads\/2021\/11\/udienza-1-1-300x200.jpg\" alt=\"\" width=\"300\" height=\"200\" \/><figcaption id=\"caption-attachment-41536\" class=\"wp-caption-text\">(C) Vatican Media<\/figcaption><\/figure>\n<p>Cari fratelli e sorelle, buongiorno! Mercoled\u00ec scorso abbiamo iniziato il ciclo di catechesi sulla figura di San Giuseppe \u2013 sta finendo <a href=\"https:\/\/exaudi.org\/it\/la-lettera-su-san-giuseppe-patris-corde\/\">l\u2019anno <\/a>a lui dedicato \u2013 Oggi proseguiamo questo percorso soffermandoci sul suo ruolo nella storia della salvezza. Ges\u00f9 nei Vangeli \u00e8 indicato come \u00abfiglio di Giuseppe\u00bb e \u00abfiglio del carpentiere\u00bb. Gli evangelisti Matteo e Luca, narrando l\u2019infanzia di Ges\u00f9, danno spazio al ruolo di Giuseppe.<\/p>\n<p>Entrambi compongono una \u201cgenealogia\u201d, per evidenziare la storicit\u00e0 di Ges\u00f9. Matteo, rivolgendosi soprattutto ai giudeo-cristiani, parte da Abramo per arrivare a Giuseppe, definito \u00ablo sposo di Maria, dalla quale \u00e8 nato Ges\u00f9 detto il Cristo\u00bb. Luca, invece, risale fino ad Adamo, iniziando direttamente da Ges\u00f9, che \u00abera figlio di Giuseppe\u00bb, ma precisa: \u00abcome si riteneva\u00bb tale. Dunque, ambedue gli Evangelisti presentano Giuseppe non come padre biologico, ma comunque come padre di Ges\u00f9 a pieno titolo. Tramite lui, Ges\u00f9 realizza il compimento della storia dell\u2019alleanza e della salvezza intercorsa tra Dio e l\u2019uomo. Per Matteo questa storia ha inizio con Abramo, per Luca con l\u2019origine stessa dell\u2019umanit\u00e0, cio\u00e8 con Adamo.<\/p>\n<h4>Giuseppe protagonista inosservato<\/h4>\n<p><img loading=\"lazy\" decoding=\"async\" class=\"size-medium wp-image-41542 alignright\" src=\"https:\/\/exaudi.wpengine.com\/wp-content\/uploads\/2021\/11\/udienza-2-300x200.jpg\" alt=\"\" width=\"300\" height=\"200\" \/>L\u2019evangelista Matteo ci aiuta a comprendere che la figura di Giuseppe, seppur apparentemente marginale, discreta, in seconda linea, rappresenta invece un tassello centrale nella storia della salvezza. Giuseppe vive il suo protagonismo senza mai volersi impadronire della scena. Se ci pensiamo, \u00able nostre vite sono tessute e sostenute da persone comuni \u2013 solitamente dimenticate \u2013 che non compaiono nei titoli dei giornali e delle riviste [\u2026]. Quanti padri, madri, nonni e nonne, insegnanti mostrano ai nostri bambini, con gesti piccoli, con gesti quotidiani, come affrontare e attraversare una crisi riadattando abitudini, alzando gli sguardi e stimolando la preghiera. Quante persone pregano, offrono e intercedono per il bene di tutti\u00bb.<\/p>\n<p>Cos\u00ec, tutti possono trovare in San Giuseppe, l\u2019uomo che passa inosservato, l\u2019uomo della presenza quotidiana, della presenza discreta e nascosta, un intercessore, un sostegno e una guida nei momenti di difficolt\u00e0. Egli ci ricorda che tutti coloro che stanno apparentemente nascosti o in \u201cseconda linea\u201d hanno un protagonismo senza pari nella storia della salvezza. Il mondo ha bisogno di questi uomini e di queste donne: uomini e donne in seconda linea, ma che sostengono lo sviluppo della nostra vita, di ognuno di noi, e che con la preghiera, con l\u2019esempio, con l\u2019insegnamento ci sostengono sulla strada della vita.<\/p>\n<h4>Custode della Chiesa<\/h4>\n<p>Nel Vangelo di Luca, Giuseppe appare come il custode di Ges\u00f9 e di Maria. E per questo egli \u00e8 anche \u00abil Custode della Chiesa\u201d: ma, se \u00e8 stato il custode di Ges\u00f9 e di Maria, lavora, adesso che sei nei cieli, e continua a fare il custode, in questo caso della Chiesa; perch\u00e9 la Chiesa \u00e8 il prolungamento del Corpo di Cristo nella storia, e nello stesso tempo nella maternit\u00e0 della Chiesa \u00e8 adombrata la maternit\u00e0 di Maria.<\/p>\n<figure id=\"attachment_41545\" aria-describedby=\"caption-attachment-41545\" style=\"width: 300px\" class=\"wp-caption alignleft\"><img loading=\"lazy\" decoding=\"async\" class=\"size-medium wp-image-41545\" src=\"https:\/\/exaudi.wpengine.com\/wp-content\/uploads\/2021\/11\/udienza-3-300x200.jpg\" alt=\"\" width=\"300\" height=\"200\" \/><figcaption id=\"caption-attachment-41545\" class=\"wp-caption-text\">(C) Vatican Media<\/figcaption><\/figure>\n<p>Giuseppe, continuando a proteggere la Chiesa \u2013 per favore, non dimenticatevi di questo: oggi, Giuseppe protegge la Chiesa \u2013 e continuando a proteggere la Chiesa, continua a proteggere il Bambino e sua madre. Questo aspetto della custodia di Giuseppe \u00e8 la grande risposta al racconto della Genesi. Quando Dio chiede conto a Caino della vita di Abele, egli risponde: \u00abSono forse io il custode di mio fratello?\u00bb. Giuseppe, con la sua vita, sembra volerci dire che siamo chiamati sempre a sentirci custodi dei nostri fratelli, custodi di chi ci \u00e8 messo accanto, di chi il Signore ci affida attraverso tante circostanze della vita.<\/p>\n<h4>I legami nella societ\u00e0 \u201cgassosa\u201d<\/h4>\n<p>Una societ\u00e0 come la nostra, che \u00e8 stata definita \u201cliquida\u201d, perch\u00e9 sembra non avere consistenza. Io corregger\u00f2 quel filosofo che ha coniato questa definizione e dir\u00f2: pi\u00f9 che liquida, gassosa, una societ\u00e0 propriamente gassosa. Questa societ\u00e0 liquida, gassosa trova nella storia di Giuseppe un\u2019indicazione ben precisa sull\u2019importanza dei legami umani. Infatti, il Vangelo ci racconta la genealogia di Ges\u00f9, oltre che per una ragione teologica, per ricordare a ognuno di noi che la nostra vita \u00e8 fatta di legami che ci precedono e ci accompagnano. Il Figlio di Dio, per venire al mondo, ha scelto la via dei legami, la via della storia: non \u00e8 sceso nel mondo magicamente, no. Ha fatto la strada storica che facciamo tutti noi.<\/p>\n<p>Cari fratelli e sorelle, penso a tante persone che fanno fatica a ritrovare dei legami significativi nella loro vita, e proprio per questo arrancano, si sentono soli, non hanno la forza e il coraggio per andare avanti. Vorrei concludere con una preghiera che aiuti loro e tutti noi a trovare in San Giuseppe un alleato, un amico e un sostegno.<\/p>\n<h4>Preghiera a San Giuseppe<\/h4>\n<p>San Giuseppe, tu che hai custodito il legame con Maria e con Ges\u00f9, aiutaci ad avere cura delle relazioni nella nostra vita. Nessuno sperimenti quel senso di abbandono che viene dalla solitudine. Ognuno si riconcili con la propria storia, con chi lo ha preceduto, e riconosca anche negli errori commessi un modo attraverso cui la Provvidenza si \u00e8 fatta strada, e il male non ha avuto l\u2019ultima parola. Mostrati amico per chi fa pi\u00f9 fatica, e come hai sorretto Maria e Ges\u00f9 nei momenti difficili, cos\u00ec sostieni anche noi nel nostro cammino. Amen<\/p>\n<h4>I saluti nella Basilica<\/h4>\n<p>Come detto, il Papa prima dell\u2019udienza \u00e8 sceso nella Basilica di San Pietro. Queste le sue parole ai pellegrini presenti:<\/p>\n<figure id=\"attachment_41533\" aria-describedby=\"caption-attachment-41533\" style=\"width: 300px\" class=\"wp-caption alignright\"><img loading=\"lazy\" decoding=\"async\" class=\"size-medium wp-image-41533\" src=\"https:\/\/exaudi.wpengine.com\/wp-content\/uploads\/2021\/11\/Basilica-300x200.jpg\" alt=\"giuseppe\" width=\"300\" height=\"200\" \/><figcaption id=\"caption-attachment-41533\" class=\"wp-caption-text\">I saluti del Papa ai fedeli in Basilica (C) Vatican Media<\/figcaption><\/figure>\n<p>Cari fratelli e sorelle, buongiorno! Sono lieto di accogliervi in questa Basilica e di rivolgere a ciascuno di voi il mio cordiale benvenuto. Saluto la Famiglia Vincenziana di tutt\u2019Italia che ha promosso il pellegrinaggio della Madonna della Medaglia Miracolosa in tutte le Regioni italiane, unitamente alle diocesi e alle parrocchie. In questi mesi di pandemia, la vostra missione ha portato speranza, facendo sperimentare a molti la misericordia di Dio.<\/p>\n<p>Penso, in particolare alle persone sole, agli ammalati negli ospedali, a quanti vivono nelle carceri, nei centri di accoglienza e nelle periferie esistenziali. Grazie, perch\u00e9 avete testimoniato lo stile della \u201cChiesa in uscita\u201d che raggiunge tutti, a partire dagli esclusi e dagli emarginati. Continuate su questa strada e apritevi sempre pi\u00f9 all\u2019azione dello Spirito Santo, che infonde la forza per annunciare con audacia la novit\u00e0 del Vangelo.<\/p>\n<p>Saluto i pellegrini dell\u2019Associazione Giovanni Paolo II di Bisceglie. Cari amici, imitate l\u2019esempio di questo Santo Pontefice e sforzatevi di comprendere e accogliere l\u2019amore di Dio, sorgente e motivo della nostra vera gioia. In comunione con i vostri Pastori, annunciate Cristo con la vostra vita, in famiglia e in ogni ambiente.<\/p>\n<h4>Proteggere le vittime della violenza<\/h4>\n<p>Il mio saluto va infine all\u2019Associazione Italiana Vittime della violenza. Cari fratelli e sorelle, vi ringrazio per l\u2019opera di assistenza e di supporto a coloro che hanno subito maltrattamenti e vivono in situazione di angoscia e di disagio. \u00c8 brutta la violenza, \u00e8 brutta; \u00e8 molto brutto l\u2019atteggiamento violento. Con la vostra importante attivit\u00e0, voi contribuite a costruire una societ\u00e0 pi\u00f9 giusta e solidale. Il vostro esempio susciti in tutti un rinnovato impegno, affinch\u00e9 le vittime della violenza vengano protette e le loro sofferenze prese in considerazione e ascoltate. E grazie a tutti voi per questa visita! Proprio in Basilica: questo \u00e8 bello \u2026 Di cuore imparto a ciascuno la mia Benedizione, che estendo alle vostre famiglie e alle vostre comunit\u00e0. Adesso vi invito a pregare insieme la Madonna, che \u00e8 qui presente.<\/p>\n","protected":false},"excerpt":{"rendered":"<p>La catechesi del Pontefice sul santo Patriarca. In San Pietro il saluto alla Famiglia Vincenziana<\/p>\n","protected":false},"author":17,"featured_media":42421,"comment_status":"open","ping_status":"open","sticky":false,"template":"","format":"standard","meta":{"_acf_changed":false,"_crdt_document":"","inline_featured_image":false,"footnotes":""},"categories":[67,2157,111,297],"tags":[7626,251,961],"class_list":["post-42416","post","type-post","status-publish","format-standard","has-post-thumbnail","hentry","category-leone-xiv","category-top-ultime-notizie","category-udienza-generale","category-ultime-notizie","tag-featured-it","tag-papa-francesco","tag-san-giuseppe"],"acf":[],"yoast_head":"<!-- This site is optimized with the Yoast SEO plugin v27.4 - https:\/\/yoast.com\/product\/yoast-seo-wordpress\/ -->\n<title>&quot;Giuseppe continua a proteggere la Chiesa&quot; &#8211; Exaudi<\/title>\n<meta name=\"description\" content=\"&quot;Non dimenticatevi di questo: san Giuseppe protegge la Chiesa&quot;. Lo ha ricordato il Papa nella sua catechesi durante l&#039;udienza generale\" \/>\n<meta name=\"robots\" content=\"index, follow, max-snippet:-1, max-image-preview:large, max-video-preview:-1\" \/>\n<link rel=\"canonical\" href=\"https:\/\/exaudi.org\/it\/giuseppe-continua-a-proteggere-la-chiesa\/\" \/>\n<meta property=\"og:locale\" content=\"it_IT\" \/>\n<meta property=\"og:type\" content=\"article\" \/>\n<meta property=\"og:title\" content=\"&quot;Giuseppe continua a proteggere la Chiesa&quot; &#8211; Exaudi\" \/>\n<meta property=\"og:description\" content=\"&quot;Non dimenticatevi di questo: san Giuseppe protegge la Chiesa&quot;. Lo ha ricordato il Papa nella sua catechesi durante l&#039;udienza generale\" \/>\n<meta property=\"og:url\" content=\"https:\/\/exaudi.org\/it\/giuseppe-continua-a-proteggere-la-chiesa\/\" \/>\n<meta property=\"og:site_name\" content=\"Exaudi\" \/>\n<meta property=\"article:publisher\" content=\"https:\/\/www.facebook.com\/ExaudiNews\" \/>\n<meta property=\"article:author\" content=\"https:\/\/www.facebook.com\/ExaudiNotizie\/\" \/>\n<meta property=\"article:published_time\" content=\"2021-11-24T10:01:39+00:00\" \/>\n<meta property=\"og:image\" content=\"https:\/\/exaudi.org\/wp-content\/uploads\/2021\/11\/udienza-1.jpg\" \/>\n\t<meta property=\"og:image:width\" content=\"2481\" \/>\n\t<meta property=\"og:image:height\" content=\"1654\" \/>\n\t<meta property=\"og:image:type\" content=\"image\/jpeg\" \/>\n<meta name=\"author\" content=\"Exaudi Redazione\" \/>\n<meta name=\"twitter:card\" content=\"summary_large_image\" \/>\n<meta name=\"twitter:creator\" content=\"@Exaudi_Notizie\" \/>\n<meta name=\"twitter:site\" content=\"@Exaudi_News\" \/>\n<meta name=\"twitter:label1\" content=\"Scritto da\" \/>\n\t<meta name=\"twitter:data1\" content=\"Exaudi Redazione\" \/>\n\t<meta name=\"twitter:label2\" content=\"Tempo di lettura stimato\" \/>\n\t<meta name=\"twitter:data2\" content=\"7 minuti\" \/>\n<script type=\"application\/ld+json\" class=\"yoast-schema-graph\">{\"@context\":\"https:\\\/\\\/schema.org\",\"@graph\":[{\"@type\":\"Article\",\"@id\":\"https:\\\/\\\/exaudi.org\\\/it\\\/giuseppe-continua-a-proteggere-la-chiesa\\\/#article\",\"isPartOf\":{\"@id\":\"https:\\\/\\\/exaudi.org\\\/it\\\/giuseppe-continua-a-proteggere-la-chiesa\\\/\"},\"author\":{\"name\":\"Exaudi Redazione\",\"@id\":\"https:\\\/\\\/exaudi.org\\\/#\\\/schema\\\/person\\\/e1ab6ed07c01774724dd96f925f3a5f0\"},\"headline\":\"&#8220;Giuseppe continua a proteggere la Chiesa&#8221;\",\"datePublished\":\"2021-11-24T10:01:39+00:00\",\"mainEntityOfPage\":{\"@id\":\"https:\\\/\\\/exaudi.org\\\/it\\\/giuseppe-continua-a-proteggere-la-chiesa\\\/\"},\"wordCount\":1331,\"commentCount\":0,\"image\":{\"@id\":\"https:\\\/\\\/exaudi.org\\\/it\\\/giuseppe-continua-a-proteggere-la-chiesa\\\/#primaryimage\"},\"thumbnailUrl\":\"https:\\\/\\\/exaudi.org\\\/wp-content\\\/uploads\\\/2021\\\/11\\\/udienza-1.jpg\",\"keywords\":[\"Featured\",\"Papa Francesco\",\"San Giuseppe\"],\"articleSection\":[\"Leone XIV\",\"Top Ultime Notizie\",\"Udienza generale\",\"Ultime Notizie\"],\"inLanguage\":\"it-IT\",\"potentialAction\":[{\"@type\":\"CommentAction\",\"name\":\"Comment\",\"target\":[\"https:\\\/\\\/exaudi.org\\\/it\\\/giuseppe-continua-a-proteggere-la-chiesa\\\/#respond\"]}]},{\"@type\":\"WebPage\",\"@id\":\"https:\\\/\\\/exaudi.org\\\/it\\\/giuseppe-continua-a-proteggere-la-chiesa\\\/\",\"url\":\"https:\\\/\\\/exaudi.org\\\/it\\\/giuseppe-continua-a-proteggere-la-chiesa\\\/\",\"name\":\"\\\"Giuseppe continua a proteggere la Chiesa\\\" &#8211; Exaudi\",\"isPartOf\":{\"@id\":\"https:\\\/\\\/exaudi.org\\\/#website\"},\"primaryImageOfPage\":{\"@id\":\"https:\\\/\\\/exaudi.org\\\/it\\\/giuseppe-continua-a-proteggere-la-chiesa\\\/#primaryimage\"},\"image\":{\"@id\":\"https:\\\/\\\/exaudi.org\\\/it\\\/giuseppe-continua-a-proteggere-la-chiesa\\\/#primaryimage\"},\"thumbnailUrl\":\"https:\\\/\\\/exaudi.org\\\/wp-content\\\/uploads\\\/2021\\\/11\\\/udienza-1.jpg\",\"datePublished\":\"2021-11-24T10:01:39+00:00\",\"author\":{\"@id\":\"https:\\\/\\\/exaudi.org\\\/#\\\/schema\\\/person\\\/e1ab6ed07c01774724dd96f925f3a5f0\"},\"description\":\"\\\"Non dimenticatevi di questo: san Giuseppe protegge la Chiesa\\\". Lo ha ricordato il Papa nella sua catechesi durante l'udienza generale\",\"breadcrumb\":{\"@id\":\"https:\\\/\\\/exaudi.org\\\/it\\\/giuseppe-continua-a-proteggere-la-chiesa\\\/#breadcrumb\"},\"inLanguage\":\"it-IT\",\"potentialAction\":[{\"@type\":\"ReadAction\",\"target\":[\"https:\\\/\\\/exaudi.org\\\/it\\\/giuseppe-continua-a-proteggere-la-chiesa\\\/\"]}]},{\"@type\":\"ImageObject\",\"inLanguage\":\"it-IT\",\"@id\":\"https:\\\/\\\/exaudi.org\\\/it\\\/giuseppe-continua-a-proteggere-la-chiesa\\\/#primaryimage\",\"url\":\"https:\\\/\\\/exaudi.org\\\/wp-content\\\/uploads\\\/2021\\\/11\\\/udienza-1.jpg\",\"contentUrl\":\"https:\\\/\\\/exaudi.org\\\/wp-content\\\/uploads\\\/2021\\\/11\\\/udienza-1.jpg\",\"width\":2481,\"height\":1654,\"caption\":\"(C) Vatican Media\"},{\"@type\":\"BreadcrumbList\",\"@id\":\"https:\\\/\\\/exaudi.org\\\/it\\\/giuseppe-continua-a-proteggere-la-chiesa\\\/#breadcrumb\",\"itemListElement\":[{\"@type\":\"ListItem\",\"position\":1,\"name\":\"Portada\",\"item\":\"https:\\\/\\\/exaudi.org\\\/it\\\/\"},{\"@type\":\"ListItem\",\"position\":2,\"name\":\"&#8220;Giuseppe continua a proteggere la Chiesa&#8221;\"}]},{\"@type\":\"WebSite\",\"@id\":\"https:\\\/\\\/exaudi.org\\\/#website\",\"url\":\"https:\\\/\\\/exaudi.org\\\/\",\"name\":\"Exaudi\",\"description\":\"News\",\"potentialAction\":[{\"@type\":\"SearchAction\",\"target\":{\"@type\":\"EntryPoint\",\"urlTemplate\":\"https:\\\/\\\/exaudi.org\\\/?s={search_term_string}\"},\"query-input\":{\"@type\":\"PropertyValueSpecification\",\"valueRequired\":true,\"valueName\":\"search_term_string\"}}],\"inLanguage\":\"it-IT\"},{\"@type\":\"Person\",\"@id\":\"https:\\\/\\\/exaudi.org\\\/#\\\/schema\\\/person\\\/e1ab6ed07c01774724dd96f925f3a5f0\",\"name\":\"Exaudi Redazione\",\"image\":{\"@type\":\"ImageObject\",\"inLanguage\":\"it-IT\",\"@id\":\"https:\\\/\\\/secure.gravatar.com\\\/avatar\\\/ad6774b3ada023bf5b939d64f45c94b3adf91502dd883507d469b4308a943bb3?s=96&d=mm&r=g\",\"url\":\"https:\\\/\\\/secure.gravatar.com\\\/avatar\\\/ad6774b3ada023bf5b939d64f45c94b3adf91502dd883507d469b4308a943bb3?s=96&d=mm&r=g\",\"contentUrl\":\"https:\\\/\\\/secure.gravatar.com\\\/avatar\\\/ad6774b3ada023bf5b939d64f45c94b3adf91502dd883507d469b4308a943bb3?s=96&d=mm&r=g\",\"caption\":\"Exaudi Redazione\"},\"description\":\"Che cosa \u00e8 Exaudi News? Exaudi News \u00e8 un agenzia cattolica internazionale che informa, istruisce e trasforma quotidianamente in spagnolo, inglese e italiano. Attraverso notizie, articoli di analisi e trasmissioni in diretta degli eventi del Papa, Exaudi cerca di rafforzare l'unit\u00e0 dei cristiani e di contribuire all'evangelizzazione del mondo, sempre guidato dalla dottrina sociale della Chiesa. Lavoriamo per portare la verit\u00e0 e i valori cristiani in ogni angolo del pianeta. Aiutaci a trasformare il mondo con Exaudi! Noi di Exaudi crediamo che l'evangelizzazione e l'informazione di qualit\u00e0 possano cambiare la vita. Per continuare la nostra missione ed espandere la nostra portata, abbiamo bisogno del tuo aiuto. Stiamo anche cercando persone motivate che vogliano unirsi al nostro team. Grazie al vostro sostegno raggiungeremo pi\u00f9 persone, diffonderemo il messaggio di Cristo e rafforzeremo l'unit\u00e0 dei cristiani. Vuoi unirti alla nostra missione? Per maggiori informazioni su come contribuire, visita Exaudi.org\\\/it o contattaci direttamente: info@exaudi.org Exaudi: informa, forma e trasforma.\",\"sameAs\":[\"https:\\\/\\\/www.facebook.com\\\/ExaudiNotizie\\\/\",\"https:\\\/\\\/www.instagram.com\\\/Exaudi_notizie\\\/\",\"https:\\\/\\\/x.com\\\/Exaudi_Notizie\",\"https:\\\/\\\/www.youtube.com\\\/@exaudicatholicnews\"],\"url\":\"https:\\\/\\\/exaudi.org\\\/it\\\/author\\\/dlvedi-org\\\/\"}]}<\/script>\n<!-- \/ Yoast SEO plugin. -->","yoast_head_json":{"title":"\"Giuseppe continua a proteggere la Chiesa\" &#8211; Exaudi","description":"\"Non dimenticatevi di questo: san Giuseppe protegge la Chiesa\". Lo ha ricordato il Papa nella sua catechesi durante l'udienza generale","robots":{"index":"index","follow":"follow","max-snippet":"max-snippet:-1","max-image-preview":"max-image-preview:large","max-video-preview":"max-video-preview:-1"},"canonical":"https:\/\/exaudi.org\/it\/giuseppe-continua-a-proteggere-la-chiesa\/","og_locale":"it_IT","og_type":"article","og_title":"\"Giuseppe continua a proteggere la Chiesa\" &#8211; Exaudi","og_description":"\"Non dimenticatevi di questo: san Giuseppe protegge la Chiesa\". Lo ha ricordato il Papa nella sua catechesi durante l'udienza generale","og_url":"https:\/\/exaudi.org\/it\/giuseppe-continua-a-proteggere-la-chiesa\/","og_site_name":"Exaudi","article_publisher":"https:\/\/www.facebook.com\/ExaudiNews","article_author":"https:\/\/www.facebook.com\/ExaudiNotizie\/","article_published_time":"2021-11-24T10:01:39+00:00","og_image":[{"width":2481,"height":1654,"url":"https:\/\/exaudi.org\/wp-content\/uploads\/2021\/11\/udienza-1.jpg","type":"image\/jpeg"}],"author":"Exaudi Redazione","twitter_card":"summary_large_image","twitter_creator":"@Exaudi_Notizie","twitter_site":"@Exaudi_News","twitter_misc":{"Scritto da":"Exaudi Redazione","Tempo di lettura stimato":"7 minuti"},"schema":{"@context":"https:\/\/schema.org","@graph":[{"@type":"Article","@id":"https:\/\/exaudi.org\/it\/giuseppe-continua-a-proteggere-la-chiesa\/#article","isPartOf":{"@id":"https:\/\/exaudi.org\/it\/giuseppe-continua-a-proteggere-la-chiesa\/"},"author":{"name":"Exaudi Redazione","@id":"https:\/\/exaudi.org\/#\/schema\/person\/e1ab6ed07c01774724dd96f925f3a5f0"},"headline":"&#8220;Giuseppe continua a proteggere la Chiesa&#8221;","datePublished":"2021-11-24T10:01:39+00:00","mainEntityOfPage":{"@id":"https:\/\/exaudi.org\/it\/giuseppe-continua-a-proteggere-la-chiesa\/"},"wordCount":1331,"commentCount":0,"image":{"@id":"https:\/\/exaudi.org\/it\/giuseppe-continua-a-proteggere-la-chiesa\/#primaryimage"},"thumbnailUrl":"https:\/\/exaudi.org\/wp-content\/uploads\/2021\/11\/udienza-1.jpg","keywords":["Featured","Papa Francesco","San Giuseppe"],"articleSection":["Leone XIV","Top Ultime Notizie","Udienza generale","Ultime Notizie"],"inLanguage":"it-IT","potentialAction":[{"@type":"CommentAction","name":"Comment","target":["https:\/\/exaudi.org\/it\/giuseppe-continua-a-proteggere-la-chiesa\/#respond"]}]},{"@type":"WebPage","@id":"https:\/\/exaudi.org\/it\/giuseppe-continua-a-proteggere-la-chiesa\/","url":"https:\/\/exaudi.org\/it\/giuseppe-continua-a-proteggere-la-chiesa\/","name":"\"Giuseppe continua a proteggere la Chiesa\" &#8211; Exaudi","isPartOf":{"@id":"https:\/\/exaudi.org\/#website"},"primaryImageOfPage":{"@id":"https:\/\/exaudi.org\/it\/giuseppe-continua-a-proteggere-la-chiesa\/#primaryimage"},"image":{"@id":"https:\/\/exaudi.org\/it\/giuseppe-continua-a-proteggere-la-chiesa\/#primaryimage"},"thumbnailUrl":"https:\/\/exaudi.org\/wp-content\/uploads\/2021\/11\/udienza-1.jpg","datePublished":"2021-11-24T10:01:39+00:00","author":{"@id":"https:\/\/exaudi.org\/#\/schema\/person\/e1ab6ed07c01774724dd96f925f3a5f0"},"description":"\"Non dimenticatevi di questo: san Giuseppe protegge la Chiesa\". Lo ha ricordato il Papa nella sua catechesi durante l'udienza generale","breadcrumb":{"@id":"https:\/\/exaudi.org\/it\/giuseppe-continua-a-proteggere-la-chiesa\/#breadcrumb"},"inLanguage":"it-IT","potentialAction":[{"@type":"ReadAction","target":["https:\/\/exaudi.org\/it\/giuseppe-continua-a-proteggere-la-chiesa\/"]}]},{"@type":"ImageObject","inLanguage":"it-IT","@id":"https:\/\/exaudi.org\/it\/giuseppe-continua-a-proteggere-la-chiesa\/#primaryimage","url":"https:\/\/exaudi.org\/wp-content\/uploads\/2021\/11\/udienza-1.jpg","contentUrl":"https:\/\/exaudi.org\/wp-content\/uploads\/2021\/11\/udienza-1.jpg","width":2481,"height":1654,"caption":"(C) Vatican Media"},{"@type":"BreadcrumbList","@id":"https:\/\/exaudi.org\/it\/giuseppe-continua-a-proteggere-la-chiesa\/#breadcrumb","itemListElement":[{"@type":"ListItem","position":1,"name":"Portada","item":"https:\/\/exaudi.org\/it\/"},{"@type":"ListItem","position":2,"name":"&#8220;Giuseppe continua a proteggere la Chiesa&#8221;"}]},{"@type":"WebSite","@id":"https:\/\/exaudi.org\/#website","url":"https:\/\/exaudi.org\/","name":"Exaudi","description":"News","potentialAction":[{"@type":"SearchAction","target":{"@type":"EntryPoint","urlTemplate":"https:\/\/exaudi.org\/?s={search_term_string}"},"query-input":{"@type":"PropertyValueSpecification","valueRequired":true,"valueName":"search_term_string"}}],"inLanguage":"it-IT"},{"@type":"Person","@id":"https:\/\/exaudi.org\/#\/schema\/person\/e1ab6ed07c01774724dd96f925f3a5f0","name":"Exaudi Redazione","image":{"@type":"ImageObject","inLanguage":"it-IT","@id":"https:\/\/secure.gravatar.com\/avatar\/ad6774b3ada023bf5b939d64f45c94b3adf91502dd883507d469b4308a943bb3?s=96&d=mm&r=g","url":"https:\/\/secure.gravatar.com\/avatar\/ad6774b3ada023bf5b939d64f45c94b3adf91502dd883507d469b4308a943bb3?s=96&d=mm&r=g","contentUrl":"https:\/\/secure.gravatar.com\/avatar\/ad6774b3ada023bf5b939d64f45c94b3adf91502dd883507d469b4308a943bb3?s=96&d=mm&r=g","caption":"Exaudi Redazione"},"description":"Che cosa \u00e8 Exaudi News? Exaudi News \u00e8 un agenzia cattolica internazionale che informa, istruisce e trasforma quotidianamente in spagnolo, inglese e italiano. Attraverso notizie, articoli di analisi e trasmissioni in diretta degli eventi del Papa, Exaudi cerca di rafforzare l'unit\u00e0 dei cristiani e di contribuire all'evangelizzazione del mondo, sempre guidato dalla dottrina sociale della Chiesa. Lavoriamo per portare la verit\u00e0 e i valori cristiani in ogni angolo del pianeta. Aiutaci a trasformare il mondo con Exaudi! Noi di Exaudi crediamo che l'evangelizzazione e l'informazione di qualit\u00e0 possano cambiare la vita. Per continuare la nostra missione ed espandere la nostra portata, abbiamo bisogno del tuo aiuto. Stiamo anche cercando persone motivate che vogliano unirsi al nostro team. Grazie al vostro sostegno raggiungeremo pi\u00f9 persone, diffonderemo il messaggio di Cristo e rafforzeremo l'unit\u00e0 dei cristiani. Vuoi unirti alla nostra missione? Per maggiori informazioni su come contribuire, visita Exaudi.org\/it o contattaci direttamente: info@exaudi.org Exaudi: informa, forma e trasforma.","sameAs":["https:\/\/www.facebook.com\/ExaudiNotizie\/","https:\/\/www.instagram.com\/Exaudi_notizie\/","https:\/\/x.com\/Exaudi_Notizie","https:\/\/www.youtube.com\/@exaudicatholicnews"],"url":"https:\/\/exaudi.org\/it\/author\/dlvedi-org\/"}]}},"jetpack_featured_media_url":"https:\/\/exaudi.org\/wp-content\/uploads\/2021\/11\/udienza-1.jpg","jetpack_shortlink":"https:\/\/wp.me\/pgKjF2-b28","_links":{"self":[{"href":"https:\/\/exaudi.org\/it\/wp-json\/wp\/v2\/posts\/42416","targetHints":{"allow":["GET"]}}],"collection":[{"href":"https:\/\/exaudi.org\/it\/wp-json\/wp\/v2\/posts"}],"about":[{"href":"https:\/\/exaudi.org\/it\/wp-json\/wp\/v2\/types\/post"}],"author":[{"embeddable":true,"href":"https:\/\/exaudi.org\/it\/wp-json\/wp\/v2\/users\/17"}],"replies":[{"embeddable":true,"href":"https:\/\/exaudi.org\/it\/wp-json\/wp\/v2\/comments?post=42416"}],"version-history":[{"count":0,"href":"https:\/\/exaudi.org\/it\/wp-json\/wp\/v2\/posts\/42416\/revisions"}],"wp:featuredmedia":[{"embeddable":true,"href":"https:\/\/exaudi.org\/it\/wp-json\/wp\/v2\/media\/42421"}],"wp:attachment":[{"href":"https:\/\/exaudi.org\/it\/wp-json\/wp\/v2\/media?parent=42416"}],"wp:term":[{"taxonomy":"category","embeddable":true,"href":"https:\/\/exaudi.org\/it\/wp-json\/wp\/v2\/categories?post=42416"},{"taxonomy":"post_tag","embeddable":true,"href":"https:\/\/exaudi.org\/it\/wp-json\/wp\/v2\/tags?post=42416"}],"curies":[{"name":"wp","href":"https:\/\/api.w.org\/{rel}","templated":true}]}}