{"id":42414,"date":"2021-11-23T16:51:08","date_gmt":"2021-11-23T15:51:08","guid":{"rendered":"https:\/\/exaudi.wpengine.com\/grech-la-vita-della-chiesa-inizia-dallascolto\/"},"modified":"2021-11-23T16:51:08","modified_gmt":"2021-11-23T15:51:08","slug":"grech-la-vita-della-chiesa-inizia-dallascolto","status":"publish","type":"post","link":"https:\/\/exaudi.org\/it\/grech-la-vita-della-chiesa-inizia-dallascolto\/","title":{"rendered":"Grech: \u201cLa vita della Chiesa inizia dall\u2019ascolto\u201d"},"content":{"rendered":"<p>Dopo la <a href=\"https:\/\/exaudi.org\/it\/da-bassetti-tre-suggerimenti-concreti-per-il-sinodo\/\">relazione introduttiva<\/a> del cardinale Bassetti, il Segretario Generale del Sinodo dei Vescovi, cardinale Mario Grech, \u00e8 intervenuto alla 75\u00b0 Assemblea Generale della Conferenza Episcopale Italiana in corso presso l\u2019Ergife Palace Hotel di Roma.<\/p>\n<h4>Interrogarsi sulla domanda fondamentale<\/h4>\n<p>Illustrando il percorso sinodale che porter\u00e0 alla celebrazione del Sinodo dei Vescovi nell\u2019ottobre 2023, Grech ha sottolineato l\u2019importanza di maturare uno stile sinodale: \u201cOttenere dei risultati senza maturare uno stile sinodale consegnerebbe la Chiesa a una delusione che comprometterebbe il futuro della sinodalit\u00e0 e della stessa Chiesa.<\/p>\n<p>Torno a ripeterlo: meglio che il Popolo di Dio nelle nostre Chiese si confronti sull\u2019interrogativo fondamentale, piuttosto che parlare di qualsiasi cosa, senza costrutto e soprattutto senza direzione\u201d.<\/p>\n<p>L\u2019interrogativo \u00e8 quello all\u2019inizio del Documento preparatorio: \u201cUna Chiesa sinodale, annunciando il Vangelo, \u201ccammina insieme\u201d; come questo \u201ccamminare insieme\u201d si realizza nella vostra Chiesa particolare? Quali passi lo Spirito ci invita a compiere per crescere nel nostro \u201ccamminare insieme\u201d?\u201d.<\/p>\n<h4>Mentalit\u00e0 sinodale<\/h4>\n<p>\u201cCi\u00f2 che conta \u2013 ha proseguito Grech &#8211; \u00e8 maturare una vera mentalit\u00e0 sinodale; comprendere che davvero \u00abla Chiesa \u00e8 costitutivamente sinodale\u00bb, cio\u00e8 Popolo di Dio che cammina insieme, non solo perch\u00e9 cammina, ma perch\u00e9 cammina sapendo dove va \u2013 verso il compimento del Regno \u2013 e perci\u00f2 si interroga sulla strada da percorrere, ascoltando ci\u00f2 che lo Spirito dice alla Chiesa.<\/p>\n<p>Sono convinto che il primo e pi\u00f9 fondamentale frutto di questa prima tappa del processo sinodale sia la convinzione, maturata nel reciproco ascolto, che la vita della Chiesa inizia dall\u2019ascolto, come conseguenza di quella riscoperta della dimensione pneumatologica della Chiesa che il concilio ci ha riconsegnato e che impegna soprattutto noi pastori nel compito irrinunciabile del discernimento\u201d.<\/p>\n<p>In questo tempo in cui la Chiesa celebra la prima fase del processo dedicato all\u2019ascolto, il Segretario del Sinodo ha ricordato \u201cla consultazione del Popolo di Dio \u00e8 azione che compete al Vescovo come principio e fondamento di unit\u00e0 nella sua Chiesa. In forza della sua potest\u00e0 propria, ordinaria e immediata sul gregge a lui affidato, \u00e8 a lui che compete di aprire il cammino sinodale nella sua Chiesa e di accompagnarlo, perch\u00e9 porti il frutto sperato\u201d.<\/p>\n<h4>La Cei sia esempio<\/h4>\n<p>Infine, il cardinale Grech ha chiuso il suo intervento con una richiesta specifica alla Cei: \u201cA questa Conferenza episcopale chiedo perci\u00f2 anche un altro impegno: essere di esempio nella fase del discernimento. Aiutate tutti a capire che non si tratta di un lavoro affidato a qualcuno, ma esaminate voi stessi il materiale. Trovate un modo veramente collegiale di \u201cdiscernere\u201d i contributi delle diocesi. La sintesi che offrite alla Segreteria sia davvero frutto dell\u2019ascolto delle Chiese che sono in Italia.<\/p>\n<p>Questo atto di discernimento aiuter\u00e0 a comprendere \u2013 ne sono convinto \u2013 la natura collegiale delle Conferenze episcopali, nel quadro di una Chiesa costitutivamente sinodale. \u00c8 un tema, questo, che merita un approfondimento accurato, in modo che il processo sinodale garantisca un vero esercizio della sinodalit\u00e0, della collegialit\u00e0, del primato. Mortificare uno di questi aspetti \u00e8 indebolire tutto il processo sinodale\u201d.<\/p>\n<p>Al termine dell\u2019intervento di Grech \u00e8 seguita una ampia, sincera e fruttuosa sessione di dialogo con i vescovi della Cei.<\/p>\n","protected":false},"excerpt":{"rendered":"<p>L\u2019intervento del segretario generale del Sinodo dei vescovi all\u2019assemblea della Cei<\/p>\n","protected":false},"author":17,"featured_media":42080,"comment_status":"open","ping_status":"open","sticky":false,"template":"","format":"standard","meta":{"_acf_changed":false,"_crdt_document":"","inline_featured_image":false,"footnotes":""},"categories":[73,2157,297],"tags":[],"class_list":["post-42414","post","type-post","status-publish","format-standard","has-post-thumbnail","hentry","category-chiesa-e-mondo","category-top-ultime-notizie","category-ultime-notizie"],"acf":[],"yoast_head":"<!-- This site is optimized with the Yoast SEO plugin v27.4 - https:\/\/yoast.com\/product\/yoast-seo-wordpress\/ -->\n<title>Grech: \u201cLa vita della Chiesa inizia dall\u2019ascolto\u201d &#8211; Exaudi<\/title>\n<meta name=\"description\" content=\"Il segretario generale del Sinodo cardinale Grech \u00e8 intervenuto all\u2019assemblea della Cei per spiegare l&#039;importanza di uno stile sinodale\" \/>\n<meta name=\"robots\" content=\"index, follow, max-snippet:-1, max-image-preview:large, max-video-preview:-1\" \/>\n<link rel=\"canonical\" href=\"https:\/\/exaudi.org\/it\/grech-la-vita-della-chiesa-inizia-dallascolto\/\" \/>\n<meta property=\"og:locale\" content=\"it_IT\" \/>\n<meta property=\"og:type\" content=\"article\" \/>\n<meta property=\"og:title\" content=\"Grech: \u201cLa vita della Chiesa inizia dall\u2019ascolto\u201d &#8211; Exaudi\" \/>\n<meta property=\"og:description\" content=\"Il segretario generale del Sinodo cardinale Grech \u00e8 intervenuto all\u2019assemblea della Cei per spiegare l&#039;importanza di uno stile sinodale\" \/>\n<meta property=\"og:url\" content=\"https:\/\/exaudi.org\/it\/grech-la-vita-della-chiesa-inizia-dallascolto\/\" \/>\n<meta property=\"og:site_name\" content=\"Exaudi\" \/>\n<meta property=\"article:publisher\" content=\"https:\/\/www.facebook.com\/ExaudiNews\" \/>\n<meta property=\"article:author\" content=\"https:\/\/www.facebook.com\/ExaudiNotizie\/\" \/>\n<meta property=\"article:published_time\" content=\"2021-11-23T15:51:08+00:00\" \/>\n<meta property=\"og:image\" content=\"https:\/\/exaudi.org\/wp-content\/uploads\/2021\/11\/grech.jpg\" \/>\n\t<meta property=\"og:image:width\" content=\"426\" \/>\n\t<meta property=\"og:image:height\" content=\"312\" \/>\n\t<meta property=\"og:image:type\" content=\"image\/jpeg\" \/>\n<meta name=\"author\" content=\"Exaudi Redazione\" \/>\n<meta name=\"twitter:card\" content=\"summary_large_image\" \/>\n<meta name=\"twitter:creator\" content=\"@Exaudi_Notizie\" \/>\n<meta name=\"twitter:site\" content=\"@Exaudi_News\" \/>\n<meta name=\"twitter:label1\" content=\"Scritto da\" \/>\n\t<meta name=\"twitter:data1\" content=\"Exaudi Redazione\" \/>\n\t<meta name=\"twitter:label2\" content=\"Tempo di lettura stimato\" \/>\n\t<meta name=\"twitter:data2\" content=\"3 minuti\" \/>\n<script type=\"application\/ld+json\" class=\"yoast-schema-graph\">{\"@context\":\"https:\\\/\\\/schema.org\",\"@graph\":[{\"@type\":\"Article\",\"@id\":\"https:\\\/\\\/exaudi.org\\\/it\\\/grech-la-vita-della-chiesa-inizia-dallascolto\\\/#article\",\"isPartOf\":{\"@id\":\"https:\\\/\\\/exaudi.org\\\/it\\\/grech-la-vita-della-chiesa-inizia-dallascolto\\\/\"},\"author\":{\"name\":\"Exaudi Redazione\",\"@id\":\"https:\\\/\\\/exaudi.org\\\/#\\\/schema\\\/person\\\/e1ab6ed07c01774724dd96f925f3a5f0\"},\"headline\":\"Grech: \u201cLa vita della Chiesa inizia dall\u2019ascolto\u201d\",\"datePublished\":\"2021-11-23T15:51:08+00:00\",\"mainEntityOfPage\":{\"@id\":\"https:\\\/\\\/exaudi.org\\\/it\\\/grech-la-vita-della-chiesa-inizia-dallascolto\\\/\"},\"wordCount\":517,\"commentCount\":0,\"image\":{\"@id\":\"https:\\\/\\\/exaudi.org\\\/it\\\/grech-la-vita-della-chiesa-inizia-dallascolto\\\/#primaryimage\"},\"thumbnailUrl\":\"https:\\\/\\\/exaudi.org\\\/wp-content\\\/uploads\\\/2021\\\/11\\\/grech.jpg\",\"articleSection\":[\"Chiesa e Mondo\",\"Top Ultime Notizie\",\"Ultime Notizie\"],\"inLanguage\":\"it-IT\",\"potentialAction\":[{\"@type\":\"CommentAction\",\"name\":\"Comment\",\"target\":[\"https:\\\/\\\/exaudi.org\\\/it\\\/grech-la-vita-della-chiesa-inizia-dallascolto\\\/#respond\"]}]},{\"@type\":\"WebPage\",\"@id\":\"https:\\\/\\\/exaudi.org\\\/it\\\/grech-la-vita-della-chiesa-inizia-dallascolto\\\/\",\"url\":\"https:\\\/\\\/exaudi.org\\\/it\\\/grech-la-vita-della-chiesa-inizia-dallascolto\\\/\",\"name\":\"Grech: \u201cLa vita della Chiesa inizia dall\u2019ascolto\u201d &#8211; Exaudi\",\"isPartOf\":{\"@id\":\"https:\\\/\\\/exaudi.org\\\/#website\"},\"primaryImageOfPage\":{\"@id\":\"https:\\\/\\\/exaudi.org\\\/it\\\/grech-la-vita-della-chiesa-inizia-dallascolto\\\/#primaryimage\"},\"image\":{\"@id\":\"https:\\\/\\\/exaudi.org\\\/it\\\/grech-la-vita-della-chiesa-inizia-dallascolto\\\/#primaryimage\"},\"thumbnailUrl\":\"https:\\\/\\\/exaudi.org\\\/wp-content\\\/uploads\\\/2021\\\/11\\\/grech.jpg\",\"datePublished\":\"2021-11-23T15:51:08+00:00\",\"author\":{\"@id\":\"https:\\\/\\\/exaudi.org\\\/#\\\/schema\\\/person\\\/e1ab6ed07c01774724dd96f925f3a5f0\"},\"description\":\"Il segretario generale del Sinodo cardinale Grech \u00e8 intervenuto all\u2019assemblea della Cei per spiegare l'importanza di uno stile sinodale\",\"breadcrumb\":{\"@id\":\"https:\\\/\\\/exaudi.org\\\/it\\\/grech-la-vita-della-chiesa-inizia-dallascolto\\\/#breadcrumb\"},\"inLanguage\":\"it-IT\",\"potentialAction\":[{\"@type\":\"ReadAction\",\"target\":[\"https:\\\/\\\/exaudi.org\\\/it\\\/grech-la-vita-della-chiesa-inizia-dallascolto\\\/\"]}]},{\"@type\":\"ImageObject\",\"inLanguage\":\"it-IT\",\"@id\":\"https:\\\/\\\/exaudi.org\\\/it\\\/grech-la-vita-della-chiesa-inizia-dallascolto\\\/#primaryimage\",\"url\":\"https:\\\/\\\/exaudi.org\\\/wp-content\\\/uploads\\\/2021\\\/11\\\/grech.jpg\",\"contentUrl\":\"https:\\\/\\\/exaudi.org\\\/wp-content\\\/uploads\\\/2021\\\/11\\\/grech.jpg\",\"width\":426,\"height\":312,\"caption\":\"Il cardinale Grech (C) Acali \\\/ Exaudi\"},{\"@type\":\"BreadcrumbList\",\"@id\":\"https:\\\/\\\/exaudi.org\\\/it\\\/grech-la-vita-della-chiesa-inizia-dallascolto\\\/#breadcrumb\",\"itemListElement\":[{\"@type\":\"ListItem\",\"position\":1,\"name\":\"Portada\",\"item\":\"https:\\\/\\\/exaudi.org\\\/it\\\/\"},{\"@type\":\"ListItem\",\"position\":2,\"name\":\"Grech: \u201cLa vita della Chiesa inizia dall\u2019ascolto\u201d\"}]},{\"@type\":\"WebSite\",\"@id\":\"https:\\\/\\\/exaudi.org\\\/#website\",\"url\":\"https:\\\/\\\/exaudi.org\\\/\",\"name\":\"Exaudi\",\"description\":\"News\",\"potentialAction\":[{\"@type\":\"SearchAction\",\"target\":{\"@type\":\"EntryPoint\",\"urlTemplate\":\"https:\\\/\\\/exaudi.org\\\/?s={search_term_string}\"},\"query-input\":{\"@type\":\"PropertyValueSpecification\",\"valueRequired\":true,\"valueName\":\"search_term_string\"}}],\"inLanguage\":\"it-IT\"},{\"@type\":\"Person\",\"@id\":\"https:\\\/\\\/exaudi.org\\\/#\\\/schema\\\/person\\\/e1ab6ed07c01774724dd96f925f3a5f0\",\"name\":\"Exaudi Redazione\",\"image\":{\"@type\":\"ImageObject\",\"inLanguage\":\"it-IT\",\"@id\":\"https:\\\/\\\/secure.gravatar.com\\\/avatar\\\/ad6774b3ada023bf5b939d64f45c94b3adf91502dd883507d469b4308a943bb3?s=96&d=mm&r=g\",\"url\":\"https:\\\/\\\/secure.gravatar.com\\\/avatar\\\/ad6774b3ada023bf5b939d64f45c94b3adf91502dd883507d469b4308a943bb3?s=96&d=mm&r=g\",\"contentUrl\":\"https:\\\/\\\/secure.gravatar.com\\\/avatar\\\/ad6774b3ada023bf5b939d64f45c94b3adf91502dd883507d469b4308a943bb3?s=96&d=mm&r=g\",\"caption\":\"Exaudi Redazione\"},\"description\":\"Che cosa \u00e8 Exaudi News? Exaudi News \u00e8 un agenzia cattolica internazionale che informa, istruisce e trasforma quotidianamente in spagnolo, inglese e italiano. Attraverso notizie, articoli di analisi e trasmissioni in diretta degli eventi del Papa, Exaudi cerca di rafforzare l'unit\u00e0 dei cristiani e di contribuire all'evangelizzazione del mondo, sempre guidato dalla dottrina sociale della Chiesa. Lavoriamo per portare la verit\u00e0 e i valori cristiani in ogni angolo del pianeta. Aiutaci a trasformare il mondo con Exaudi! Noi di Exaudi crediamo che l'evangelizzazione e l'informazione di qualit\u00e0 possano cambiare la vita. Per continuare la nostra missione ed espandere la nostra portata, abbiamo bisogno del tuo aiuto. Stiamo anche cercando persone motivate che vogliano unirsi al nostro team. Grazie al vostro sostegno raggiungeremo pi\u00f9 persone, diffonderemo il messaggio di Cristo e rafforzeremo l'unit\u00e0 dei cristiani. Vuoi unirti alla nostra missione? Per maggiori informazioni su come contribuire, visita Exaudi.org\\\/it o contattaci direttamente: info@exaudi.org Exaudi: informa, forma e trasforma.\",\"sameAs\":[\"https:\\\/\\\/www.facebook.com\\\/ExaudiNotizie\\\/\",\"https:\\\/\\\/www.instagram.com\\\/Exaudi_notizie\\\/\",\"https:\\\/\\\/x.com\\\/Exaudi_Notizie\",\"https:\\\/\\\/www.youtube.com\\\/@exaudicatholicnews\"],\"url\":\"https:\\\/\\\/exaudi.org\\\/it\\\/author\\\/dlvedi-org\\\/\"}]}<\/script>\n<!-- \/ Yoast SEO plugin. -->","yoast_head_json":{"title":"Grech: \u201cLa vita della Chiesa inizia dall\u2019ascolto\u201d &#8211; Exaudi","description":"Il segretario generale del Sinodo cardinale Grech \u00e8 intervenuto all\u2019assemblea della Cei per spiegare l'importanza di uno stile sinodale","robots":{"index":"index","follow":"follow","max-snippet":"max-snippet:-1","max-image-preview":"max-image-preview:large","max-video-preview":"max-video-preview:-1"},"canonical":"https:\/\/exaudi.org\/it\/grech-la-vita-della-chiesa-inizia-dallascolto\/","og_locale":"it_IT","og_type":"article","og_title":"Grech: \u201cLa vita della Chiesa inizia dall\u2019ascolto\u201d &#8211; Exaudi","og_description":"Il segretario generale del Sinodo cardinale Grech \u00e8 intervenuto all\u2019assemblea della Cei per spiegare l'importanza di uno stile sinodale","og_url":"https:\/\/exaudi.org\/it\/grech-la-vita-della-chiesa-inizia-dallascolto\/","og_site_name":"Exaudi","article_publisher":"https:\/\/www.facebook.com\/ExaudiNews","article_author":"https:\/\/www.facebook.com\/ExaudiNotizie\/","article_published_time":"2021-11-23T15:51:08+00:00","og_image":[{"width":426,"height":312,"url":"https:\/\/exaudi.org\/wp-content\/uploads\/2021\/11\/grech.jpg","type":"image\/jpeg"}],"author":"Exaudi Redazione","twitter_card":"summary_large_image","twitter_creator":"@Exaudi_Notizie","twitter_site":"@Exaudi_News","twitter_misc":{"Scritto da":"Exaudi Redazione","Tempo di lettura stimato":"3 minuti"},"schema":{"@context":"https:\/\/schema.org","@graph":[{"@type":"Article","@id":"https:\/\/exaudi.org\/it\/grech-la-vita-della-chiesa-inizia-dallascolto\/#article","isPartOf":{"@id":"https:\/\/exaudi.org\/it\/grech-la-vita-della-chiesa-inizia-dallascolto\/"},"author":{"name":"Exaudi Redazione","@id":"https:\/\/exaudi.org\/#\/schema\/person\/e1ab6ed07c01774724dd96f925f3a5f0"},"headline":"Grech: \u201cLa vita della Chiesa inizia dall\u2019ascolto\u201d","datePublished":"2021-11-23T15:51:08+00:00","mainEntityOfPage":{"@id":"https:\/\/exaudi.org\/it\/grech-la-vita-della-chiesa-inizia-dallascolto\/"},"wordCount":517,"commentCount":0,"image":{"@id":"https:\/\/exaudi.org\/it\/grech-la-vita-della-chiesa-inizia-dallascolto\/#primaryimage"},"thumbnailUrl":"https:\/\/exaudi.org\/wp-content\/uploads\/2021\/11\/grech.jpg","articleSection":["Chiesa e Mondo","Top Ultime Notizie","Ultime Notizie"],"inLanguage":"it-IT","potentialAction":[{"@type":"CommentAction","name":"Comment","target":["https:\/\/exaudi.org\/it\/grech-la-vita-della-chiesa-inizia-dallascolto\/#respond"]}]},{"@type":"WebPage","@id":"https:\/\/exaudi.org\/it\/grech-la-vita-della-chiesa-inizia-dallascolto\/","url":"https:\/\/exaudi.org\/it\/grech-la-vita-della-chiesa-inizia-dallascolto\/","name":"Grech: \u201cLa vita della Chiesa inizia dall\u2019ascolto\u201d &#8211; Exaudi","isPartOf":{"@id":"https:\/\/exaudi.org\/#website"},"primaryImageOfPage":{"@id":"https:\/\/exaudi.org\/it\/grech-la-vita-della-chiesa-inizia-dallascolto\/#primaryimage"},"image":{"@id":"https:\/\/exaudi.org\/it\/grech-la-vita-della-chiesa-inizia-dallascolto\/#primaryimage"},"thumbnailUrl":"https:\/\/exaudi.org\/wp-content\/uploads\/2021\/11\/grech.jpg","datePublished":"2021-11-23T15:51:08+00:00","author":{"@id":"https:\/\/exaudi.org\/#\/schema\/person\/e1ab6ed07c01774724dd96f925f3a5f0"},"description":"Il segretario generale del Sinodo cardinale Grech \u00e8 intervenuto all\u2019assemblea della Cei per spiegare l'importanza di uno stile sinodale","breadcrumb":{"@id":"https:\/\/exaudi.org\/it\/grech-la-vita-della-chiesa-inizia-dallascolto\/#breadcrumb"},"inLanguage":"it-IT","potentialAction":[{"@type":"ReadAction","target":["https:\/\/exaudi.org\/it\/grech-la-vita-della-chiesa-inizia-dallascolto\/"]}]},{"@type":"ImageObject","inLanguage":"it-IT","@id":"https:\/\/exaudi.org\/it\/grech-la-vita-della-chiesa-inizia-dallascolto\/#primaryimage","url":"https:\/\/exaudi.org\/wp-content\/uploads\/2021\/11\/grech.jpg","contentUrl":"https:\/\/exaudi.org\/wp-content\/uploads\/2021\/11\/grech.jpg","width":426,"height":312,"caption":"Il cardinale Grech (C) Acali \/ Exaudi"},{"@type":"BreadcrumbList","@id":"https:\/\/exaudi.org\/it\/grech-la-vita-della-chiesa-inizia-dallascolto\/#breadcrumb","itemListElement":[{"@type":"ListItem","position":1,"name":"Portada","item":"https:\/\/exaudi.org\/it\/"},{"@type":"ListItem","position":2,"name":"Grech: \u201cLa vita della Chiesa inizia dall\u2019ascolto\u201d"}]},{"@type":"WebSite","@id":"https:\/\/exaudi.org\/#website","url":"https:\/\/exaudi.org\/","name":"Exaudi","description":"News","potentialAction":[{"@type":"SearchAction","target":{"@type":"EntryPoint","urlTemplate":"https:\/\/exaudi.org\/?s={search_term_string}"},"query-input":{"@type":"PropertyValueSpecification","valueRequired":true,"valueName":"search_term_string"}}],"inLanguage":"it-IT"},{"@type":"Person","@id":"https:\/\/exaudi.org\/#\/schema\/person\/e1ab6ed07c01774724dd96f925f3a5f0","name":"Exaudi Redazione","image":{"@type":"ImageObject","inLanguage":"it-IT","@id":"https:\/\/secure.gravatar.com\/avatar\/ad6774b3ada023bf5b939d64f45c94b3adf91502dd883507d469b4308a943bb3?s=96&d=mm&r=g","url":"https:\/\/secure.gravatar.com\/avatar\/ad6774b3ada023bf5b939d64f45c94b3adf91502dd883507d469b4308a943bb3?s=96&d=mm&r=g","contentUrl":"https:\/\/secure.gravatar.com\/avatar\/ad6774b3ada023bf5b939d64f45c94b3adf91502dd883507d469b4308a943bb3?s=96&d=mm&r=g","caption":"Exaudi Redazione"},"description":"Che cosa \u00e8 Exaudi News? Exaudi News \u00e8 un agenzia cattolica internazionale che informa, istruisce e trasforma quotidianamente in spagnolo, inglese e italiano. Attraverso notizie, articoli di analisi e trasmissioni in diretta degli eventi del Papa, Exaudi cerca di rafforzare l'unit\u00e0 dei cristiani e di contribuire all'evangelizzazione del mondo, sempre guidato dalla dottrina sociale della Chiesa. Lavoriamo per portare la verit\u00e0 e i valori cristiani in ogni angolo del pianeta. Aiutaci a trasformare il mondo con Exaudi! Noi di Exaudi crediamo che l'evangelizzazione e l'informazione di qualit\u00e0 possano cambiare la vita. Per continuare la nostra missione ed espandere la nostra portata, abbiamo bisogno del tuo aiuto. Stiamo anche cercando persone motivate che vogliano unirsi al nostro team. Grazie al vostro sostegno raggiungeremo pi\u00f9 persone, diffonderemo il messaggio di Cristo e rafforzeremo l'unit\u00e0 dei cristiani. Vuoi unirti alla nostra missione? Per maggiori informazioni su come contribuire, visita Exaudi.org\/it o contattaci direttamente: info@exaudi.org Exaudi: informa, forma e trasforma.","sameAs":["https:\/\/www.facebook.com\/ExaudiNotizie\/","https:\/\/www.instagram.com\/Exaudi_notizie\/","https:\/\/x.com\/Exaudi_Notizie","https:\/\/www.youtube.com\/@exaudicatholicnews"],"url":"https:\/\/exaudi.org\/it\/author\/dlvedi-org\/"}]}},"jetpack_featured_media_url":"https:\/\/exaudi.org\/wp-content\/uploads\/2021\/11\/grech.jpg","jetpack_shortlink":"https:\/\/wp.me\/pgKjF2-b26","_links":{"self":[{"href":"https:\/\/exaudi.org\/it\/wp-json\/wp\/v2\/posts\/42414","targetHints":{"allow":["GET"]}}],"collection":[{"href":"https:\/\/exaudi.org\/it\/wp-json\/wp\/v2\/posts"}],"about":[{"href":"https:\/\/exaudi.org\/it\/wp-json\/wp\/v2\/types\/post"}],"author":[{"embeddable":true,"href":"https:\/\/exaudi.org\/it\/wp-json\/wp\/v2\/users\/17"}],"replies":[{"embeddable":true,"href":"https:\/\/exaudi.org\/it\/wp-json\/wp\/v2\/comments?post=42414"}],"version-history":[{"count":0,"href":"https:\/\/exaudi.org\/it\/wp-json\/wp\/v2\/posts\/42414\/revisions"}],"wp:featuredmedia":[{"embeddable":true,"href":"https:\/\/exaudi.org\/it\/wp-json\/wp\/v2\/media\/42080"}],"wp:attachment":[{"href":"https:\/\/exaudi.org\/it\/wp-json\/wp\/v2\/media?parent=42414"}],"wp:term":[{"taxonomy":"category","embeddable":true,"href":"https:\/\/exaudi.org\/it\/wp-json\/wp\/v2\/categories?post=42414"},{"taxonomy":"post_tag","embeddable":true,"href":"https:\/\/exaudi.org\/it\/wp-json\/wp\/v2\/tags?post=42414"}],"curies":[{"name":"wp","href":"https:\/\/api.w.org\/{rel}","templated":true}]}}