{"id":42394,"date":"2021-11-23T14:57:02","date_gmt":"2021-11-23T13:57:02","guid":{"rendered":"https:\/\/exaudi.wpengine.com\/un-nuovo-umanesimo-di-fronte-alla-cultura-fluida\/"},"modified":"2021-11-23T14:57:02","modified_gmt":"2021-11-23T13:57:02","slug":"un-nuovo-umanesimo-di-fronte-alla-cultura-fluida","status":"publish","type":"post","link":"https:\/\/exaudi.org\/it\/un-nuovo-umanesimo-di-fronte-alla-cultura-fluida\/","title":{"rendered":"Un nuovo umanesimo di fronte alla cultura fluida"},"content":{"rendered":"<p>Davanti alla cultura fluida del nostro tempo, serve un nuovo umanesimo. \u201cUno sforzo creativo di pensiero e di azione\u201d, che sappia rispondere all\u2019\u201cepoca della liquidit\u00e0 o del gassoso\u201d. Insieme a un\u2019apertura a tradizioni e culture diverse da quella biblica e classica. \u00c8 l&#8217;invito del Papa nel suo messaggio ai partecipanti alla plenaria del Pontificio consiglio della cultura. Ecco le sue parole:<\/p>\n<p>Cari fratelli e sorelle! Sono lieto di rivolgervi il mio cordiale saluto in occasione della vostra Assemblea Plenaria, rimandata a causa della pandemia e finalmente convocata, seppure in modalit\u00e0 virtuale. \u00c8 questo anche un segno dei tempi che stiamo vivendo: nell\u2019universo digitale tutto diventa incredibilmente vicino, ma senza il calore della presenza. La pandemia, inoltre, ha messo in crisi tante certezze su cui si basa il nostro modello sociale ed economico, rivelandone le fragilit\u00e0: i rapporti personali, le modalit\u00e0 del lavoro, la vita sociale, e persino la pratica religiosa e la partecipazione ai sacramenti.<\/p>\n<h4>La domanda su Dio e sull\u2019uomo<\/h4>\n<p>Ma anche e soprattutto ha riproposto con forza gli interrogativi fondamentali dell\u2019esistenza: la domanda su Dio e sull\u2019essere umano. Per questo mi ha colpito il tema della vostra Plenaria: l\u2019umanesimo necessario. In effetti, in questo frangente della storia, abbiamo bisogno non solo di nuovi programmi economici o di nuove ricette contro il virus, ma soprattutto di una nuova prospettiva umanistica, basata sulla Rivelazione biblica, arricchita dall\u2019eredit\u00e0 della tradizione classica, come pure dalle riflessioni sulla persona umana presenti nelle diverse culture.<\/p>\n<h4>La visione di Paolo VI<\/h4>\n<p>Il termine \u201cumanesimo\u201d mi ha fatto pensare al memorabile discorso pronunciato da San Paolo VI al termine del Concilio Vaticano II, il 7 dicembre del 1965. Egli evocava l\u2019umanesimo laico profano di allora, che sfidava la visione cristiana, e diceva: \u00abLa religione del Dio che si \u00e8 fatto Uomo si \u00e8 incontrata con la religione (perch\u00e9 tale \u00e8) dell\u2019uomo che si fa Dio\u00bb. E anzich\u00e9 condannarlo ed esecrarlo, il Papa ricorreva al modello del buon samaritano che aveva guidato i pensieri del Concilio, ossia quell\u2019immensa simpatia nei confronti dell\u2019essere umano e delle sue conquiste, delle sue gioie e speranze, dei suoi dubbi, delle sue tristezze e angosce.<\/p>\n<p>E cos\u00ec, Paolo VI invitava quell\u2019umanit\u00e0 chiusa alla trascendenza a riconoscere il nostro nuovo umanesimo, perch\u00e9 \u2013 diceva \u2013 \u00abanche noi, noi pi\u00f9 di tutti, siamo i cultori dell\u2019uomo\u00bb. Sono passati da allora quasi sessant\u2019anni. Quell\u2019umanesimo laico profano \u2013 un\u2019espressione che alludeva anche all\u2019ideologia totalitaria allora imperante in molti regimi \u2013 \u00e8 oggi un ricordo del passato. Nella nostra epoca segnata dalla fine delle ideologie, esso sembra ormai dimenticato, sembra sepolto davanti ai nuovi cambiamenti portati dalla rivoluzione informatica e dagli incredibili sviluppi nell\u2019ambito delle scienze, che ci costringono a ripensare ancora che cosa sia l\u2019essere umano.<\/p>\n<h4>La fluidit\u00e0 della cultura contemporanea<\/h4>\n<p>La domanda sull\u2019umanesimo nasce da questa domanda: cos\u2019\u00e8 l\u2019uomo, l\u2019essere umano? Ai tempi del Concilio si confrontavano un umanesimo secolare, immanentista, materialista, e quello cristiano, aperto alla trascendenza. Entrambi, per\u00f2, potevano condividere una base comune, una convergenza fondamentale su alcune questioni radicali legate alla natura umana. Ora questo \u00e8 venuto meno a causa della fluidit\u00e0 della visione culturale contemporanea. \u00c8 l\u2019epoca della liquidit\u00e0 o del gassoso.<\/p>\n<p>Tuttavia, la Costituzione conciliare Gaudium et spes rimane, al riguardo, ancora attuale. Ci ricorda, infatti, che la Chiesa ha ancora molto da dare al mondo, e ci impone di riconoscere e valutare, con fiducia e coraggio, le conquiste intellettuali, spirituali e materiali emerse da allora in vari settori del conoscere umano.<\/p>\n<h4>Sforzo creativo<\/h4>\n<p>Oggi, \u00e8 in atto una rivoluzione \u2013 s\u00ec, una rivoluzione &#8211; che sta toccando i nodi essenziali dell\u2019esistenza umana e richiede uno sforzo creativo di pensiero e di azione. Ambedue. Stanno mutando strutturalmente le modalit\u00e0 di intendere il generare, il nascere e il morire. \u00c8 messa in discussione la specificit\u00e0 dell\u2019essere umano nell\u2019insieme del creato, la sua unicit\u00e0 nei confronti degli altri animali, e persino la sua relazione con le macchine. Ma non possiamo limitarci sempre e solo alla negazione e alla critica. Ci \u00e8 chiesto piuttosto di ripensare alla presenza dell\u2019essere umano nel mondo alla luce della tradizione umanistica: come servitore della vita e non suo padrone, come costruttore del bene comune con i valori di solidariet\u00e0 e di compassione. Per questo avete posto al centro della vostra riflessione alcune questioni essenziali.<\/p>\n<h4>Quale relazione tra uomo e donna?<\/h4>\n<p>Accanto alla domanda su Dio \u2013 che rimane fondamentale per la stessa esistenza umana, come ricordava spesso Benedetto XVI \u2013 oggi si pone in modo decisivo la domanda sullo stesso essere umano e la sua identit\u00e0. Cosa significa oggi essere uomo e donna come persone complementari e chiamate alla relazione? Che senso hanno le parole \u201cpaternit\u00e0\u201d e \u201cmaternit\u00e0\u201d? E poi ancora, qual \u00e8 la condizione specifica dell\u2019essere umano, che lo rende unico e irripetibile nei confronti delle macchine e anche delle altre specie animali? Qual \u00e8 la sua vocazione trascendente? Da dove deriva la sua chiamata a costruire rapporti sociali con gli altri?<\/p>\n<p>La Sacra Scrittura ci offre le coordinate essenziali per delineare un\u2019antropologia dell\u2019essere umano nella sua relazione con Dio, nella complessit\u00e0 dei rapporti tra uomo e donna, e nel nesso con il tempo e lo spazio in cui vive. L\u2019umanesimo di matrice biblica, in dialogo fecondo con i valori del pensiero classico greco e latino, ha dato vita a una visione alta riguardo all\u2019essere umano, alla sua origine e al suo destino ultimo, al suo modo di vivere su questa terra. Questa fusione tra la sapienza antica e quella biblica rimane un paradigma ancora fecondo.<\/p>\n<h4>Apertura ad altre tradizioni<\/h4>\n<p>Tuttavia, l\u2019umanesimo biblico e classico oggi deve aprirsi sapientemente per accogliere, in una nuova sintesi creativa, anche i contributi della tradizione umanistica contemporanea e di quella di altre culture. Penso, ad esempio, alla visione olistica delle culture asiatiche, per una ricerca dell\u2019armonia interiore e con il creato. Oppure alla solidariet\u00e0 propria delle culture africane, per superare l\u2019eccessivo individualismo tipico della cultura occidentale. Importante \u00e8 anche l\u2019antropologia dei popoli latinoamericani, con il senso vivo della famiglia e della festa. Come pure le culture dei popoli indigeni in tutto il pianeta.<\/p>\n<p>Vi sono, in queste diverse culture, forme di un umanesimo che, integrato in quello europeo ereditato dalla civilt\u00e0 greco-romana e trasformato dalla visione cristiana, diventa oggi il miglior strumento per far fronte alle inquietanti domande sul futuro dell\u2019umanit\u00e0. Infatti, \u00abse l\u2019essere umano non riscopre il suo vero posto, non comprende in maniera adeguata s\u00e9 stesso e finisce per contraddire la propria realt\u00e0\u00bb.<\/p>\n<p>Cari Membri e Consultori, cari partecipanti tutti all\u2019Assemblea Plenaria del Pontificio Consiglio della Cultura, vi confermo il mio sostegno: oggi pi\u00f9 che mai il mondo ha bisogno di ritrovare il senso e il valore dell\u2019umano in relazione alle sfide che si devono affrontare. Oggi ci vuol ripetere quei versi di un pagano: \u201cSunt lacrimae rerum et mentem mortalia tangunt\u201d. Vi benedico di cuore, e vi chiedo di continuare a pregare per me. Grazie tante!<\/p>\n","protected":false},"excerpt":{"rendered":"<p>Messaggio del S. Padre all\u2019assemblea del Pontificio consiglio della cultura<\/p>\n","protected":false},"author":17,"featured_media":42395,"comment_status":"open","ping_status":"open","sticky":false,"template":"","format":"standard","meta":{"_acf_changed":false,"_crdt_document":"","inline_featured_image":false,"footnotes":""},"categories":[67,117,2157,297],"tags":[941,7626,251,4996],"class_list":["post-42394","post","type-post","status-publish","format-standard","has-post-thumbnail","hentry","category-leone-xiv","category-messaggi","category-top-ultime-notizie","category-ultime-notizie","tag-cultura","tag-featured-it","tag-papa-francesco","tag-umanesimo"],"acf":[],"yoast_head":"<!-- This site is optimized with the Yoast SEO plugin v27.5 - https:\/\/yoast.com\/product\/yoast-seo-wordpress\/ -->\n<title>Un nuovo umanesimo di fronte alla cultura fluida &#8211; Exaudi<\/title>\n<meta name=\"description\" content=\"Un nuovo umanesimo che sappia rispondere alle sfide della cultura fluida: l&#039;invito del Papa al Pontificio consiglio della cultura\" \/>\n<meta name=\"robots\" content=\"index, follow, max-snippet:-1, max-image-preview:large, max-video-preview:-1\" \/>\n<link rel=\"canonical\" href=\"https:\/\/exaudi.org\/it\/un-nuovo-umanesimo-di-fronte-alla-cultura-fluida\/\" \/>\n<meta property=\"og:locale\" content=\"it_IT\" \/>\n<meta property=\"og:type\" content=\"article\" \/>\n<meta property=\"og:title\" content=\"Un nuovo umanesimo di fronte alla cultura fluida &#8211; Exaudi\" \/>\n<meta property=\"og:description\" content=\"Un nuovo umanesimo che sappia rispondere alle sfide della cultura fluida: l&#039;invito del Papa al Pontificio consiglio della cultura\" \/>\n<meta property=\"og:url\" content=\"https:\/\/exaudi.org\/it\/un-nuovo-umanesimo-di-fronte-alla-cultura-fluida\/\" \/>\n<meta property=\"og:site_name\" content=\"Exaudi\" \/>\n<meta property=\"article:publisher\" content=\"https:\/\/www.facebook.com\/ExaudiNews\" \/>\n<meta property=\"article:author\" content=\"https:\/\/www.facebook.com\/ExaudiNotizie\/\" \/>\n<meta property=\"article:published_time\" content=\"2021-11-23T13:57:02+00:00\" \/>\n<meta property=\"og:image\" content=\"https:\/\/exaudi.org\/wp-content\/uploads\/2021\/11\/messaggio.jpeg\" \/>\n\t<meta property=\"og:image:width\" content=\"618\" \/>\n\t<meta property=\"og:image:height\" content=\"348\" \/>\n\t<meta property=\"og:image:type\" content=\"image\/jpeg\" \/>\n<meta name=\"author\" content=\"Exaudi Redazione\" \/>\n<meta name=\"twitter:card\" content=\"summary_large_image\" \/>\n<meta name=\"twitter:creator\" content=\"@Exaudi_Notizie\" \/>\n<meta name=\"twitter:site\" content=\"@Exaudi_News\" \/>\n<meta name=\"twitter:label1\" content=\"Scritto da\" \/>\n\t<meta name=\"twitter:data1\" content=\"Exaudi Redazione\" \/>\n\t<meta name=\"twitter:label2\" content=\"Tempo di lettura stimato\" \/>\n\t<meta name=\"twitter:data2\" content=\"5 minuti\" \/>\n<script type=\"application\/ld+json\" class=\"yoast-schema-graph\">{\"@context\":\"https:\\\/\\\/schema.org\",\"@graph\":[{\"@type\":\"Article\",\"@id\":\"https:\\\/\\\/exaudi.org\\\/it\\\/un-nuovo-umanesimo-di-fronte-alla-cultura-fluida\\\/#article\",\"isPartOf\":{\"@id\":\"https:\\\/\\\/exaudi.org\\\/it\\\/un-nuovo-umanesimo-di-fronte-alla-cultura-fluida\\\/\"},\"author\":{\"name\":\"Exaudi Redazione\",\"@id\":\"https:\\\/\\\/exaudi.org\\\/#\\\/schema\\\/person\\\/e1ab6ed07c01774724dd96f925f3a5f0\"},\"headline\":\"Un nuovo umanesimo di fronte alla cultura fluida\",\"datePublished\":\"2021-11-23T13:57:02+00:00\",\"mainEntityOfPage\":{\"@id\":\"https:\\\/\\\/exaudi.org\\\/it\\\/un-nuovo-umanesimo-di-fronte-alla-cultura-fluida\\\/\"},\"wordCount\":1166,\"commentCount\":0,\"image\":{\"@id\":\"https:\\\/\\\/exaudi.org\\\/it\\\/un-nuovo-umanesimo-di-fronte-alla-cultura-fluida\\\/#primaryimage\"},\"thumbnailUrl\":\"https:\\\/\\\/exaudi.org\\\/wp-content\\\/uploads\\\/2021\\\/11\\\/messaggio.jpeg\",\"keywords\":[\"cultura\",\"Featured\",\"Papa Francesco\",\"umanesimo\"],\"articleSection\":[\"Leone XIV\",\"Messaggi\",\"Top Ultime Notizie\",\"Ultime Notizie\"],\"inLanguage\":\"it-IT\",\"potentialAction\":[{\"@type\":\"CommentAction\",\"name\":\"Comment\",\"target\":[\"https:\\\/\\\/exaudi.org\\\/it\\\/un-nuovo-umanesimo-di-fronte-alla-cultura-fluida\\\/#respond\"]}]},{\"@type\":\"WebPage\",\"@id\":\"https:\\\/\\\/exaudi.org\\\/it\\\/un-nuovo-umanesimo-di-fronte-alla-cultura-fluida\\\/\",\"url\":\"https:\\\/\\\/exaudi.org\\\/it\\\/un-nuovo-umanesimo-di-fronte-alla-cultura-fluida\\\/\",\"name\":\"Un nuovo umanesimo di fronte alla cultura fluida &#8211; Exaudi\",\"isPartOf\":{\"@id\":\"https:\\\/\\\/exaudi.org\\\/#website\"},\"primaryImageOfPage\":{\"@id\":\"https:\\\/\\\/exaudi.org\\\/it\\\/un-nuovo-umanesimo-di-fronte-alla-cultura-fluida\\\/#primaryimage\"},\"image\":{\"@id\":\"https:\\\/\\\/exaudi.org\\\/it\\\/un-nuovo-umanesimo-di-fronte-alla-cultura-fluida\\\/#primaryimage\"},\"thumbnailUrl\":\"https:\\\/\\\/exaudi.org\\\/wp-content\\\/uploads\\\/2021\\\/11\\\/messaggio.jpeg\",\"datePublished\":\"2021-11-23T13:57:02+00:00\",\"author\":{\"@id\":\"https:\\\/\\\/exaudi.org\\\/#\\\/schema\\\/person\\\/e1ab6ed07c01774724dd96f925f3a5f0\"},\"description\":\"Un nuovo umanesimo che sappia rispondere alle sfide della cultura fluida: l'invito del Papa al Pontificio consiglio della cultura\",\"breadcrumb\":{\"@id\":\"https:\\\/\\\/exaudi.org\\\/it\\\/un-nuovo-umanesimo-di-fronte-alla-cultura-fluida\\\/#breadcrumb\"},\"inLanguage\":\"it-IT\",\"potentialAction\":[{\"@type\":\"ReadAction\",\"target\":[\"https:\\\/\\\/exaudi.org\\\/it\\\/un-nuovo-umanesimo-di-fronte-alla-cultura-fluida\\\/\"]}]},{\"@type\":\"ImageObject\",\"inLanguage\":\"it-IT\",\"@id\":\"https:\\\/\\\/exaudi.org\\\/it\\\/un-nuovo-umanesimo-di-fronte-alla-cultura-fluida\\\/#primaryimage\",\"url\":\"https:\\\/\\\/exaudi.org\\\/wp-content\\\/uploads\\\/2021\\\/11\\\/messaggio.jpeg\",\"contentUrl\":\"https:\\\/\\\/exaudi.org\\\/wp-content\\\/uploads\\\/2021\\\/11\\\/messaggio.jpeg\",\"width\":618,\"height\":348,\"caption\":\"(C) Vatican Media\"},{\"@type\":\"BreadcrumbList\",\"@id\":\"https:\\\/\\\/exaudi.org\\\/it\\\/un-nuovo-umanesimo-di-fronte-alla-cultura-fluida\\\/#breadcrumb\",\"itemListElement\":[{\"@type\":\"ListItem\",\"position\":1,\"name\":\"Portada\",\"item\":\"https:\\\/\\\/exaudi.org\\\/it\\\/\"},{\"@type\":\"ListItem\",\"position\":2,\"name\":\"Un nuovo umanesimo di fronte alla cultura fluida\"}]},{\"@type\":\"WebSite\",\"@id\":\"https:\\\/\\\/exaudi.org\\\/#website\",\"url\":\"https:\\\/\\\/exaudi.org\\\/\",\"name\":\"Exaudi\",\"description\":\"News\",\"potentialAction\":[{\"@type\":\"SearchAction\",\"target\":{\"@type\":\"EntryPoint\",\"urlTemplate\":\"https:\\\/\\\/exaudi.org\\\/?s={search_term_string}\"},\"query-input\":{\"@type\":\"PropertyValueSpecification\",\"valueRequired\":true,\"valueName\":\"search_term_string\"}}],\"inLanguage\":\"it-IT\"},{\"@type\":\"Person\",\"@id\":\"https:\\\/\\\/exaudi.org\\\/#\\\/schema\\\/person\\\/e1ab6ed07c01774724dd96f925f3a5f0\",\"name\":\"Exaudi Redazione\",\"image\":{\"@type\":\"ImageObject\",\"inLanguage\":\"it-IT\",\"@id\":\"https:\\\/\\\/secure.gravatar.com\\\/avatar\\\/ad6774b3ada023bf5b939d64f45c94b3adf91502dd883507d469b4308a943bb3?s=96&d=mm&r=g\",\"url\":\"https:\\\/\\\/secure.gravatar.com\\\/avatar\\\/ad6774b3ada023bf5b939d64f45c94b3adf91502dd883507d469b4308a943bb3?s=96&d=mm&r=g\",\"contentUrl\":\"https:\\\/\\\/secure.gravatar.com\\\/avatar\\\/ad6774b3ada023bf5b939d64f45c94b3adf91502dd883507d469b4308a943bb3?s=96&d=mm&r=g\",\"caption\":\"Exaudi Redazione\"},\"description\":\"Che cosa \u00e8 Exaudi News? Exaudi News \u00e8 un agenzia cattolica internazionale che informa, istruisce e trasforma quotidianamente in spagnolo, inglese e italiano. Attraverso notizie, articoli di analisi e trasmissioni in diretta degli eventi del Papa, Exaudi cerca di rafforzare l'unit\u00e0 dei cristiani e di contribuire all'evangelizzazione del mondo, sempre guidato dalla dottrina sociale della Chiesa. Lavoriamo per portare la verit\u00e0 e i valori cristiani in ogni angolo del pianeta. Aiutaci a trasformare il mondo con Exaudi! Noi di Exaudi crediamo che l'evangelizzazione e l'informazione di qualit\u00e0 possano cambiare la vita. Per continuare la nostra missione ed espandere la nostra portata, abbiamo bisogno del tuo aiuto. Stiamo anche cercando persone motivate che vogliano unirsi al nostro team. Grazie al vostro sostegno raggiungeremo pi\u00f9 persone, diffonderemo il messaggio di Cristo e rafforzeremo l'unit\u00e0 dei cristiani. Vuoi unirti alla nostra missione? Per maggiori informazioni su come contribuire, visita Exaudi.org\\\/it o contattaci direttamente: info@exaudi.org Exaudi: informa, forma e trasforma.\",\"sameAs\":[\"https:\\\/\\\/www.facebook.com\\\/ExaudiNotizie\\\/\",\"https:\\\/\\\/www.instagram.com\\\/Exaudi_notizie\\\/\",\"https:\\\/\\\/x.com\\\/Exaudi_Notizie\",\"https:\\\/\\\/www.youtube.com\\\/@exaudicatholicnews\"],\"url\":\"https:\\\/\\\/exaudi.org\\\/it\\\/author\\\/dlvedi-org\\\/\"}]}<\/script>\n<!-- \/ Yoast SEO plugin. -->","yoast_head_json":{"title":"Un nuovo umanesimo di fronte alla cultura fluida &#8211; Exaudi","description":"Un nuovo umanesimo che sappia rispondere alle sfide della cultura fluida: l'invito del Papa al Pontificio consiglio della cultura","robots":{"index":"index","follow":"follow","max-snippet":"max-snippet:-1","max-image-preview":"max-image-preview:large","max-video-preview":"max-video-preview:-1"},"canonical":"https:\/\/exaudi.org\/it\/un-nuovo-umanesimo-di-fronte-alla-cultura-fluida\/","og_locale":"it_IT","og_type":"article","og_title":"Un nuovo umanesimo di fronte alla cultura fluida &#8211; Exaudi","og_description":"Un nuovo umanesimo che sappia rispondere alle sfide della cultura fluida: l'invito del Papa al Pontificio consiglio della cultura","og_url":"https:\/\/exaudi.org\/it\/un-nuovo-umanesimo-di-fronte-alla-cultura-fluida\/","og_site_name":"Exaudi","article_publisher":"https:\/\/www.facebook.com\/ExaudiNews","article_author":"https:\/\/www.facebook.com\/ExaudiNotizie\/","article_published_time":"2021-11-23T13:57:02+00:00","og_image":[{"width":618,"height":348,"url":"https:\/\/exaudi.org\/wp-content\/uploads\/2021\/11\/messaggio.jpeg","type":"image\/jpeg"}],"author":"Exaudi Redazione","twitter_card":"summary_large_image","twitter_creator":"@Exaudi_Notizie","twitter_site":"@Exaudi_News","twitter_misc":{"Scritto da":"Exaudi Redazione","Tempo di lettura stimato":"5 minuti"},"schema":{"@context":"https:\/\/schema.org","@graph":[{"@type":"Article","@id":"https:\/\/exaudi.org\/it\/un-nuovo-umanesimo-di-fronte-alla-cultura-fluida\/#article","isPartOf":{"@id":"https:\/\/exaudi.org\/it\/un-nuovo-umanesimo-di-fronte-alla-cultura-fluida\/"},"author":{"name":"Exaudi Redazione","@id":"https:\/\/exaudi.org\/#\/schema\/person\/e1ab6ed07c01774724dd96f925f3a5f0"},"headline":"Un nuovo umanesimo di fronte alla cultura fluida","datePublished":"2021-11-23T13:57:02+00:00","mainEntityOfPage":{"@id":"https:\/\/exaudi.org\/it\/un-nuovo-umanesimo-di-fronte-alla-cultura-fluida\/"},"wordCount":1166,"commentCount":0,"image":{"@id":"https:\/\/exaudi.org\/it\/un-nuovo-umanesimo-di-fronte-alla-cultura-fluida\/#primaryimage"},"thumbnailUrl":"https:\/\/exaudi.org\/wp-content\/uploads\/2021\/11\/messaggio.jpeg","keywords":["cultura","Featured","Papa Francesco","umanesimo"],"articleSection":["Leone XIV","Messaggi","Top Ultime Notizie","Ultime Notizie"],"inLanguage":"it-IT","potentialAction":[{"@type":"CommentAction","name":"Comment","target":["https:\/\/exaudi.org\/it\/un-nuovo-umanesimo-di-fronte-alla-cultura-fluida\/#respond"]}]},{"@type":"WebPage","@id":"https:\/\/exaudi.org\/it\/un-nuovo-umanesimo-di-fronte-alla-cultura-fluida\/","url":"https:\/\/exaudi.org\/it\/un-nuovo-umanesimo-di-fronte-alla-cultura-fluida\/","name":"Un nuovo umanesimo di fronte alla cultura fluida &#8211; Exaudi","isPartOf":{"@id":"https:\/\/exaudi.org\/#website"},"primaryImageOfPage":{"@id":"https:\/\/exaudi.org\/it\/un-nuovo-umanesimo-di-fronte-alla-cultura-fluida\/#primaryimage"},"image":{"@id":"https:\/\/exaudi.org\/it\/un-nuovo-umanesimo-di-fronte-alla-cultura-fluida\/#primaryimage"},"thumbnailUrl":"https:\/\/exaudi.org\/wp-content\/uploads\/2021\/11\/messaggio.jpeg","datePublished":"2021-11-23T13:57:02+00:00","author":{"@id":"https:\/\/exaudi.org\/#\/schema\/person\/e1ab6ed07c01774724dd96f925f3a5f0"},"description":"Un nuovo umanesimo che sappia rispondere alle sfide della cultura fluida: l'invito del Papa al Pontificio consiglio della cultura","breadcrumb":{"@id":"https:\/\/exaudi.org\/it\/un-nuovo-umanesimo-di-fronte-alla-cultura-fluida\/#breadcrumb"},"inLanguage":"it-IT","potentialAction":[{"@type":"ReadAction","target":["https:\/\/exaudi.org\/it\/un-nuovo-umanesimo-di-fronte-alla-cultura-fluida\/"]}]},{"@type":"ImageObject","inLanguage":"it-IT","@id":"https:\/\/exaudi.org\/it\/un-nuovo-umanesimo-di-fronte-alla-cultura-fluida\/#primaryimage","url":"https:\/\/exaudi.org\/wp-content\/uploads\/2021\/11\/messaggio.jpeg","contentUrl":"https:\/\/exaudi.org\/wp-content\/uploads\/2021\/11\/messaggio.jpeg","width":618,"height":348,"caption":"(C) Vatican Media"},{"@type":"BreadcrumbList","@id":"https:\/\/exaudi.org\/it\/un-nuovo-umanesimo-di-fronte-alla-cultura-fluida\/#breadcrumb","itemListElement":[{"@type":"ListItem","position":1,"name":"Portada","item":"https:\/\/exaudi.org\/it\/"},{"@type":"ListItem","position":2,"name":"Un nuovo umanesimo di fronte alla cultura fluida"}]},{"@type":"WebSite","@id":"https:\/\/exaudi.org\/#website","url":"https:\/\/exaudi.org\/","name":"Exaudi","description":"News","potentialAction":[{"@type":"SearchAction","target":{"@type":"EntryPoint","urlTemplate":"https:\/\/exaudi.org\/?s={search_term_string}"},"query-input":{"@type":"PropertyValueSpecification","valueRequired":true,"valueName":"search_term_string"}}],"inLanguage":"it-IT"},{"@type":"Person","@id":"https:\/\/exaudi.org\/#\/schema\/person\/e1ab6ed07c01774724dd96f925f3a5f0","name":"Exaudi Redazione","image":{"@type":"ImageObject","inLanguage":"it-IT","@id":"https:\/\/secure.gravatar.com\/avatar\/ad6774b3ada023bf5b939d64f45c94b3adf91502dd883507d469b4308a943bb3?s=96&d=mm&r=g","url":"https:\/\/secure.gravatar.com\/avatar\/ad6774b3ada023bf5b939d64f45c94b3adf91502dd883507d469b4308a943bb3?s=96&d=mm&r=g","contentUrl":"https:\/\/secure.gravatar.com\/avatar\/ad6774b3ada023bf5b939d64f45c94b3adf91502dd883507d469b4308a943bb3?s=96&d=mm&r=g","caption":"Exaudi Redazione"},"description":"Che cosa \u00e8 Exaudi News? Exaudi News \u00e8 un agenzia cattolica internazionale che informa, istruisce e trasforma quotidianamente in spagnolo, inglese e italiano. Attraverso notizie, articoli di analisi e trasmissioni in diretta degli eventi del Papa, Exaudi cerca di rafforzare l'unit\u00e0 dei cristiani e di contribuire all'evangelizzazione del mondo, sempre guidato dalla dottrina sociale della Chiesa. Lavoriamo per portare la verit\u00e0 e i valori cristiani in ogni angolo del pianeta. Aiutaci a trasformare il mondo con Exaudi! Noi di Exaudi crediamo che l'evangelizzazione e l'informazione di qualit\u00e0 possano cambiare la vita. Per continuare la nostra missione ed espandere la nostra portata, abbiamo bisogno del tuo aiuto. Stiamo anche cercando persone motivate che vogliano unirsi al nostro team. Grazie al vostro sostegno raggiungeremo pi\u00f9 persone, diffonderemo il messaggio di Cristo e rafforzeremo l'unit\u00e0 dei cristiani. Vuoi unirti alla nostra missione? Per maggiori informazioni su come contribuire, visita Exaudi.org\/it o contattaci direttamente: info@exaudi.org Exaudi: informa, forma e trasforma.","sameAs":["https:\/\/www.facebook.com\/ExaudiNotizie\/","https:\/\/www.instagram.com\/Exaudi_notizie\/","https:\/\/x.com\/Exaudi_Notizie","https:\/\/www.youtube.com\/@exaudicatholicnews"],"url":"https:\/\/exaudi.org\/it\/author\/dlvedi-org\/"}]}},"jetpack_featured_media_url":"https:\/\/exaudi.org\/wp-content\/uploads\/2021\/11\/messaggio.jpeg","jetpack_shortlink":"https:\/\/wp.me\/pgKjF2-b1M","_links":{"self":[{"href":"https:\/\/exaudi.org\/it\/wp-json\/wp\/v2\/posts\/42394","targetHints":{"allow":["GET"]}}],"collection":[{"href":"https:\/\/exaudi.org\/it\/wp-json\/wp\/v2\/posts"}],"about":[{"href":"https:\/\/exaudi.org\/it\/wp-json\/wp\/v2\/types\/post"}],"author":[{"embeddable":true,"href":"https:\/\/exaudi.org\/it\/wp-json\/wp\/v2\/users\/17"}],"replies":[{"embeddable":true,"href":"https:\/\/exaudi.org\/it\/wp-json\/wp\/v2\/comments?post=42394"}],"version-history":[{"count":0,"href":"https:\/\/exaudi.org\/it\/wp-json\/wp\/v2\/posts\/42394\/revisions"}],"wp:featuredmedia":[{"embeddable":true,"href":"https:\/\/exaudi.org\/it\/wp-json\/wp\/v2\/media\/42395"}],"wp:attachment":[{"href":"https:\/\/exaudi.org\/it\/wp-json\/wp\/v2\/media?parent=42394"}],"wp:term":[{"taxonomy":"category","embeddable":true,"href":"https:\/\/exaudi.org\/it\/wp-json\/wp\/v2\/categories?post=42394"},{"taxonomy":"post_tag","embeddable":true,"href":"https:\/\/exaudi.org\/it\/wp-json\/wp\/v2\/tags?post=42394"}],"curies":[{"name":"wp","href":"https:\/\/api.w.org\/{rel}","templated":true}]}}