{"id":41370,"date":"2021-11-15T13:31:37","date_gmt":"2021-11-15T12:31:37","guid":{"rendered":"https:\/\/exaudi.wpengine.com\/francescani-secolari-siate-specchi-di-cristo\/"},"modified":"2021-11-15T13:31:37","modified_gmt":"2021-11-15T12:31:37","slug":"francescani-secolari-siate-specchi-di-cristo","status":"publish","type":"post","link":"https:\/\/exaudi.org\/it\/francescani-secolari-siate-specchi-di-cristo\/","title":{"rendered":"&#8220;Francescani secolari, siate specchi di Cristo&#8221;"},"content":{"rendered":"<p>La vocazione dei francescani secolari \u201cnasce dalla chiamata universale alla santit\u00e0\u201d. Stare in mezzo al mondo con lo spirito francescano aprendo il cuore a Cristo e senza dimenticarsi dei poveri. Con queste idee Papa Francesco si \u00e8 rivolto questa mattina ai francescani secolari che stanno partecipando al capitolo dell\u2019Ordine. Ecco il suo discorso:<\/p>\n<p>Cari fratelli e sorelle dell\u2019Ordine Francescano Secolare, buongiorno! Vi saluto con le parole che San Francesco rivolgeva a quelli che incontrava lungo la strada: \u201cIl Signore vi dia pace!\u201d. Sono lieto di accogliervi in occasione del vostro Capitolo Generale. In questo contesto vorrei ricordare alcuni elementi propri della vostra vocazione e missione.<\/p>\n<p>La vostra vocazione nasce dalla chiamata universale alla santit\u00e0. Il Catechismo della Chiesa Cattolica ci ricorda che \u00abi laici partecipano al sacerdozio di Cristo: sempre pi\u00f9 uniti a lui, dispiegano la grazia del Battesimo e della Confermazione in tutte le dimensioni della vita personale, familiare, sociale ed ecclesiale, e realizzano cos\u00ec la chiamata alla santit\u00e0 rivolta a tutti i battezzati\u00bb. Questa santit\u00e0, a cui siete chiamati in quanto Francescani secolari, come vi chiedono le Costituzioni generali e la Regola approvata da San Paolo VI, comporta la conversione del cuore, attratto, conquistato e trasformato da Colui che \u00e8 il solo Santo, che \u00e8 \u00abil bene, ogni bene, il sommo bene\u00bb. Questo \u00e8 ci\u00f2 che fa di voi dei veri \u201cpenitenti\u201d.<\/p>\n<h4>Fare penitenza<\/h4>\n<p>San Francesco, nella sua Lettera a tutti i fedeli, presenta il \u201cfare penitenza\u201d come cammino di conversione, cammino di vita cristiana, impegno per fare la volont\u00e0 e le opere del Padre celeste. Nel Testamento, poi, egli descrive il suo stesso processo di conversione con queste parole, che voi ben conoscete: \u00abIl Signore dette a me, frate Francesco, d\u2019incominciare a fare penitenza cos\u00ec: quando ero nei peccati, mi sembrava cosa troppo amara vedere i lebbrosi; il Signore stesso mi condusse tra loro e usai con essi misericordia. E allontanandomi da essi, ci\u00f2 che mi sembrava amaro mi fu cambiato in dolcezza d\u2019animo e di corpo. E di poi, stetti un poco e uscii dal mondo\u00bb.<\/p>\n<p>Il processo di conversione \u00e8 cos\u00ec: Dio prende l\u2019iniziativa: \u201cIl Signore dette a me d\u2019incominciare a fare penitenza\u201d. Dio conduce il penitente in luoghi dove mai avrebbe voluto andare: \u201cDio mi condusse tra loro, i lebbrosi\u201d. Il penitente risponde accettando di porsi al servizio degli altri e usando con loro misericordia. E il risultato \u00e8 la felicit\u00e0: \u201cCi\u00f2 che mi sembrava amaro mi fu cambiato in dolcezza d\u2019animo e di corpo\u201d. Proprio il percorso di conversione di Francesco.<\/p>\n<h4>Aprire il cuore a Dio<\/h4>\n<p>Questo, cari fratelli e sorelle, \u00e8 ci\u00f2 che vi esorto a realizzare nella vostra vita e nella vostra missione. E, per favore, non confondiamo \u201cfare penitenza\u201d con le \u201copere di penitenza\u201d. Queste \u2013 digiuno, elemosina, mortificazione \u2013 sono conseguenze della decisione di aprire il cuore a Dio. Aprire il cuore a Dio! Aprire il cuore a Cristo, vivendo in mezzo alla gente comune, nello stile di San Francesco. Come Francesco fu \u201cspecchio di Cristo\u201d, cos\u00ec possiate anche voi diventare \u201cspecchi di Cristo\u201d.<\/p>\n<p>Voi siete uomini e donne impegnati a vivere nel mondo secondo il carisma francescano. Un carisma che consiste essenzialmente nell\u2019osservare il santo Vangelo di nostro Signore Ges\u00f9 Cristo. La vocazione del francescano secolare \u00e8 vivere nel mondo il Vangelo nello stile del Poverello, sine glossa; assumere il Vangelo come \u201cforma e regola\u201d di vita. Vi esorto ad abbracciare il Vangelo come abbracciando Ges\u00f9. Che sia il Vangelo, ossia Ges\u00f9 stesso, a plasmare la vostra vita. Cos\u00ec assumerete la povert\u00e0, la minorit\u00e0, la semplicit\u00e0 come vostri segni distintivi davanti a tutti.<\/p>\n<h4>Stare in mezzo alla gente<\/h4>\n<p>Con questa vostra identit\u00e0 francescana e secolare, siete parte della Chiesa in uscita. Vostro luogo preferito \u00e8 stare in mezzo alla gente, e l\u00ec, in quanto laici \u2013 celibi o sposati \u2013, sacerdoti e vescovi, ciascuno secondo la propria vocazione specifica, dare testimonianza di Ges\u00f9 con una vita semplice, senza pretese, sempre contenti di seguire Cristo povero e crocifisso, come fece San Francesco e tanti uomini e donne del vostro Ordine.<\/p>\n<h4>Non dimenticare i poveri<\/h4>\n<p>Incoraggio anche voi a uscire verso le periferie, le periferie esistenziali di oggi, e l\u00ec a far risuonare la parola del Vangelo. Non dimenticate i poveri, che sono la carne di Cristo: ad essi siete chiamati ad annunciare la Buona Notizia, come fece tra gli altri Santa Elisabetta di Ungheria, vostra Patrona.<\/p>\n<h4>La nuova missione dei francescani secolari<\/h4>\n<p>E come ieri le \u201cfraternit\u00e0 dei penitenti\u201d si caratterizzarono fondando ospedali, dispensari, mense dei poveri e altre opere di concreta carit\u00e0 sociale, cos\u00ec oggi lo Spirito vi manda a esercitare la stessa carit\u00e0 con la creativit\u00e0 richiesta delle nuove forme di povert\u00e0. La vostra secolarit\u00e0 sia piena di vicinanza, di compassione, di tenerezza. E possiate essere uomini e donne di speranza, impegnati a viverla e anche a \u201corganizzarla\u201d, traducendola nelle situazioni concrete di ogni giorno, nelle relazioni umane, nell\u2019impegno sociale e politico; alimentando la speranza nel domani alleviando il dolore di oggi. E tutto questo, cari fratelli e sorelle, siete chiamati a viverlo in fraternit\u00e0, sentendovi parte della grande famiglia francescana.<\/p>\n<h4>Una famiglia unita<\/h4>\n<p>In tal senso vi ricordo il desiderio di Francesco che tutta la famiglia si mantenga unita, nel rispetto certamente della diversit\u00e0 e dell\u2019autonomia delle varie componenti e anche di ogni membro. Ma sempre in una comunione vitale reciproca, per sognare insieme un mondo in cui tutti siano e si sentano fratelli, e faticando insieme per costruirlo: uomini e donne che lottano per la giustizia, e che lavorano per un\u2019ecologia integrale, collaborando a progetti missionari e facendovi artigiani di pace e testimoni delle Beatitudini.<\/p>\n<p>Cos\u00ec abbiamo cominciato con la via della conversione, e poi tutte queste proposte di fecondit\u00e0, che vengono dal cuore unito al Signore e amante della povert\u00e0. San Francesco e tutti i Santi e le Sante della famiglia francescana vi accompagnino nel vostro cammino. Il Signore vi benedica e la Madonna, \u201cVergine fatta Chiesa\u201d, vi custodisca. E per favore, non dimenticatevi di pregare per me. Grazie.<\/p>\n","protected":false},"excerpt":{"rendered":"<p>I partecipanti al Capitolo dell&#8217;Ordine in udienza dal S. Padre: &#8220;Non dimenticate i poveri&#8221;<\/p>\n","protected":false},"author":17,"featured_media":41371,"comment_status":"open","ping_status":"open","sticky":false,"template":"","format":"standard","meta":{"_acf_changed":false,"_crdt_document":"","inline_featured_image":false,"footnotes":""},"categories":[67,297],"tags":[7626,3333,251],"class_list":["post-41370","post","type-post","status-publish","format-standard","has-post-thumbnail","hentry","category-leone-xiv","category-ultime-notizie","tag-featured-it","tag-francescani","tag-papa-francesco"],"acf":[],"yoast_head":"<!-- This site is optimized with the Yoast SEO plugin v27.5 - https:\/\/yoast.com\/product\/yoast-seo-wordpress\/ -->\n<title>&quot;Francescani secolari, siate specchi di Cristo&quot; &#8211; Exaudi<\/title>\n<meta name=\"description\" content=\"Il Papa ha ricevuto i partecipanti al Capitolo dell&#039;Ordine dei francescani secolari: &quot;Siete Chiesa in uscita, non dimenticate i poveri&quot;\" \/>\n<meta name=\"robots\" content=\"index, follow, max-snippet:-1, max-image-preview:large, max-video-preview:-1\" \/>\n<link rel=\"canonical\" href=\"https:\/\/exaudi.org\/it\/francescani-secolari-siate-specchi-di-cristo\/\" \/>\n<meta property=\"og:locale\" content=\"it_IT\" \/>\n<meta property=\"og:type\" content=\"article\" \/>\n<meta property=\"og:title\" content=\"&quot;Francescani secolari, siate specchi di Cristo&quot; &#8211; Exaudi\" \/>\n<meta property=\"og:description\" content=\"Il Papa ha ricevuto i partecipanti al Capitolo dell&#039;Ordine dei francescani secolari: &quot;Siete Chiesa in uscita, non dimenticate i poveri&quot;\" \/>\n<meta property=\"og:url\" content=\"https:\/\/exaudi.org\/it\/francescani-secolari-siate-specchi-di-cristo\/\" \/>\n<meta property=\"og:site_name\" content=\"Exaudi\" \/>\n<meta property=\"article:publisher\" content=\"https:\/\/www.facebook.com\/ExaudiNews\" \/>\n<meta property=\"article:author\" content=\"https:\/\/www.facebook.com\/ExaudiNotizie\/\" \/>\n<meta property=\"article:published_time\" content=\"2021-11-15T12:31:37+00:00\" \/>\n<meta property=\"og:image\" content=\"https:\/\/exaudi.org\/wp-content\/uploads\/2021\/11\/sala-clementina-2-scaled-1.jpg\" \/>\n\t<meta property=\"og:image:width\" content=\"2560\" \/>\n\t<meta property=\"og:image:height\" content=\"1707\" \/>\n\t<meta property=\"og:image:type\" content=\"image\/jpeg\" \/>\n<meta name=\"author\" content=\"Exaudi Redazione\" \/>\n<meta name=\"twitter:card\" content=\"summary_large_image\" \/>\n<meta name=\"twitter:creator\" content=\"@Exaudi_Notizie\" \/>\n<meta name=\"twitter:site\" content=\"@Exaudi_News\" \/>\n<meta name=\"twitter:label1\" content=\"Scritto da\" \/>\n\t<meta name=\"twitter:data1\" content=\"Exaudi Redazione\" \/>\n\t<meta name=\"twitter:label2\" content=\"Tempo di lettura stimato\" \/>\n\t<meta name=\"twitter:data2\" content=\"5 minuti\" \/>\n<script type=\"application\/ld+json\" class=\"yoast-schema-graph\">{\"@context\":\"https:\\\/\\\/schema.org\",\"@graph\":[{\"@type\":\"Article\",\"@id\":\"https:\\\/\\\/exaudi.org\\\/it\\\/francescani-secolari-siate-specchi-di-cristo\\\/#article\",\"isPartOf\":{\"@id\":\"https:\\\/\\\/exaudi.org\\\/it\\\/francescani-secolari-siate-specchi-di-cristo\\\/\"},\"author\":{\"name\":\"Exaudi Redazione\",\"@id\":\"https:\\\/\\\/exaudi.org\\\/#\\\/schema\\\/person\\\/e1ab6ed07c01774724dd96f925f3a5f0\"},\"headline\":\"&#8220;Francescani secolari, siate specchi di Cristo&#8221;\",\"datePublished\":\"2021-11-15T12:31:37+00:00\",\"mainEntityOfPage\":{\"@id\":\"https:\\\/\\\/exaudi.org\\\/it\\\/francescani-secolari-siate-specchi-di-cristo\\\/\"},\"wordCount\":999,\"commentCount\":0,\"image\":{\"@id\":\"https:\\\/\\\/exaudi.org\\\/it\\\/francescani-secolari-siate-specchi-di-cristo\\\/#primaryimage\"},\"thumbnailUrl\":\"https:\\\/\\\/exaudi.org\\\/wp-content\\\/uploads\\\/2021\\\/11\\\/sala-clementina-2-scaled-1.jpg\",\"keywords\":[\"Featured\",\"francescani\",\"Papa Francesco\"],\"articleSection\":[\"Leone XIV\",\"Ultime Notizie\"],\"inLanguage\":\"it-IT\",\"potentialAction\":[{\"@type\":\"CommentAction\",\"name\":\"Comment\",\"target\":[\"https:\\\/\\\/exaudi.org\\\/it\\\/francescani-secolari-siate-specchi-di-cristo\\\/#respond\"]}]},{\"@type\":\"WebPage\",\"@id\":\"https:\\\/\\\/exaudi.org\\\/it\\\/francescani-secolari-siate-specchi-di-cristo\\\/\",\"url\":\"https:\\\/\\\/exaudi.org\\\/it\\\/francescani-secolari-siate-specchi-di-cristo\\\/\",\"name\":\"\\\"Francescani secolari, siate specchi di Cristo\\\" &#8211; Exaudi\",\"isPartOf\":{\"@id\":\"https:\\\/\\\/exaudi.org\\\/#website\"},\"primaryImageOfPage\":{\"@id\":\"https:\\\/\\\/exaudi.org\\\/it\\\/francescani-secolari-siate-specchi-di-cristo\\\/#primaryimage\"},\"image\":{\"@id\":\"https:\\\/\\\/exaudi.org\\\/it\\\/francescani-secolari-siate-specchi-di-cristo\\\/#primaryimage\"},\"thumbnailUrl\":\"https:\\\/\\\/exaudi.org\\\/wp-content\\\/uploads\\\/2021\\\/11\\\/sala-clementina-2-scaled-1.jpg\",\"datePublished\":\"2021-11-15T12:31:37+00:00\",\"author\":{\"@id\":\"https:\\\/\\\/exaudi.org\\\/#\\\/schema\\\/person\\\/e1ab6ed07c01774724dd96f925f3a5f0\"},\"description\":\"Il Papa ha ricevuto i partecipanti al Capitolo dell'Ordine dei francescani secolari: \\\"Siete Chiesa in uscita, non dimenticate i poveri\\\"\",\"breadcrumb\":{\"@id\":\"https:\\\/\\\/exaudi.org\\\/it\\\/francescani-secolari-siate-specchi-di-cristo\\\/#breadcrumb\"},\"inLanguage\":\"it-IT\",\"potentialAction\":[{\"@type\":\"ReadAction\",\"target\":[\"https:\\\/\\\/exaudi.org\\\/it\\\/francescani-secolari-siate-specchi-di-cristo\\\/\"]}]},{\"@type\":\"ImageObject\",\"inLanguage\":\"it-IT\",\"@id\":\"https:\\\/\\\/exaudi.org\\\/it\\\/francescani-secolari-siate-specchi-di-cristo\\\/#primaryimage\",\"url\":\"https:\\\/\\\/exaudi.org\\\/wp-content\\\/uploads\\\/2021\\\/11\\\/sala-clementina-2-scaled-1.jpg\",\"contentUrl\":\"https:\\\/\\\/exaudi.org\\\/wp-content\\\/uploads\\\/2021\\\/11\\\/sala-clementina-2-scaled-1.jpg\",\"width\":2560,\"height\":1707,\"caption\":\"(C) Vatican Media\"},{\"@type\":\"BreadcrumbList\",\"@id\":\"https:\\\/\\\/exaudi.org\\\/it\\\/francescani-secolari-siate-specchi-di-cristo\\\/#breadcrumb\",\"itemListElement\":[{\"@type\":\"ListItem\",\"position\":1,\"name\":\"Portada\",\"item\":\"https:\\\/\\\/exaudi.org\\\/it\\\/\"},{\"@type\":\"ListItem\",\"position\":2,\"name\":\"&#8220;Francescani secolari, siate specchi di Cristo&#8221;\"}]},{\"@type\":\"WebSite\",\"@id\":\"https:\\\/\\\/exaudi.org\\\/#website\",\"url\":\"https:\\\/\\\/exaudi.org\\\/\",\"name\":\"Exaudi\",\"description\":\"News\",\"potentialAction\":[{\"@type\":\"SearchAction\",\"target\":{\"@type\":\"EntryPoint\",\"urlTemplate\":\"https:\\\/\\\/exaudi.org\\\/?s={search_term_string}\"},\"query-input\":{\"@type\":\"PropertyValueSpecification\",\"valueRequired\":true,\"valueName\":\"search_term_string\"}}],\"inLanguage\":\"it-IT\"},{\"@type\":\"Person\",\"@id\":\"https:\\\/\\\/exaudi.org\\\/#\\\/schema\\\/person\\\/e1ab6ed07c01774724dd96f925f3a5f0\",\"name\":\"Exaudi Redazione\",\"image\":{\"@type\":\"ImageObject\",\"inLanguage\":\"it-IT\",\"@id\":\"https:\\\/\\\/secure.gravatar.com\\\/avatar\\\/ad6774b3ada023bf5b939d64f45c94b3adf91502dd883507d469b4308a943bb3?s=96&d=mm&r=g\",\"url\":\"https:\\\/\\\/secure.gravatar.com\\\/avatar\\\/ad6774b3ada023bf5b939d64f45c94b3adf91502dd883507d469b4308a943bb3?s=96&d=mm&r=g\",\"contentUrl\":\"https:\\\/\\\/secure.gravatar.com\\\/avatar\\\/ad6774b3ada023bf5b939d64f45c94b3adf91502dd883507d469b4308a943bb3?s=96&d=mm&r=g\",\"caption\":\"Exaudi Redazione\"},\"description\":\"Che cosa \u00e8 Exaudi News? Exaudi News \u00e8 un agenzia cattolica internazionale che informa, istruisce e trasforma quotidianamente in spagnolo, inglese e italiano. Attraverso notizie, articoli di analisi e trasmissioni in diretta degli eventi del Papa, Exaudi cerca di rafforzare l'unit\u00e0 dei cristiani e di contribuire all'evangelizzazione del mondo, sempre guidato dalla dottrina sociale della Chiesa. Lavoriamo per portare la verit\u00e0 e i valori cristiani in ogni angolo del pianeta. Aiutaci a trasformare il mondo con Exaudi! Noi di Exaudi crediamo che l'evangelizzazione e l'informazione di qualit\u00e0 possano cambiare la vita. Per continuare la nostra missione ed espandere la nostra portata, abbiamo bisogno del tuo aiuto. Stiamo anche cercando persone motivate che vogliano unirsi al nostro team. Grazie al vostro sostegno raggiungeremo pi\u00f9 persone, diffonderemo il messaggio di Cristo e rafforzeremo l'unit\u00e0 dei cristiani. Vuoi unirti alla nostra missione? Per maggiori informazioni su come contribuire, visita Exaudi.org\\\/it o contattaci direttamente: info@exaudi.org Exaudi: informa, forma e trasforma.\",\"sameAs\":[\"https:\\\/\\\/www.facebook.com\\\/ExaudiNotizie\\\/\",\"https:\\\/\\\/www.instagram.com\\\/Exaudi_notizie\\\/\",\"https:\\\/\\\/x.com\\\/Exaudi_Notizie\",\"https:\\\/\\\/www.youtube.com\\\/@exaudicatholicnews\"],\"url\":\"https:\\\/\\\/exaudi.org\\\/it\\\/author\\\/dlvedi-org\\\/\"}]}<\/script>\n<!-- \/ Yoast SEO plugin. -->","yoast_head_json":{"title":"\"Francescani secolari, siate specchi di Cristo\" &#8211; Exaudi","description":"Il Papa ha ricevuto i partecipanti al Capitolo dell'Ordine dei francescani secolari: \"Siete Chiesa in uscita, non dimenticate i poveri\"","robots":{"index":"index","follow":"follow","max-snippet":"max-snippet:-1","max-image-preview":"max-image-preview:large","max-video-preview":"max-video-preview:-1"},"canonical":"https:\/\/exaudi.org\/it\/francescani-secolari-siate-specchi-di-cristo\/","og_locale":"it_IT","og_type":"article","og_title":"\"Francescani secolari, siate specchi di Cristo\" &#8211; Exaudi","og_description":"Il Papa ha ricevuto i partecipanti al Capitolo dell'Ordine dei francescani secolari: \"Siete Chiesa in uscita, non dimenticate i poveri\"","og_url":"https:\/\/exaudi.org\/it\/francescani-secolari-siate-specchi-di-cristo\/","og_site_name":"Exaudi","article_publisher":"https:\/\/www.facebook.com\/ExaudiNews","article_author":"https:\/\/www.facebook.com\/ExaudiNotizie\/","article_published_time":"2021-11-15T12:31:37+00:00","og_image":[{"width":2560,"height":1707,"url":"https:\/\/exaudi.org\/wp-content\/uploads\/2021\/11\/sala-clementina-2-scaled-1.jpg","type":"image\/jpeg"}],"author":"Exaudi Redazione","twitter_card":"summary_large_image","twitter_creator":"@Exaudi_Notizie","twitter_site":"@Exaudi_News","twitter_misc":{"Scritto da":"Exaudi Redazione","Tempo di lettura stimato":"5 minuti"},"schema":{"@context":"https:\/\/schema.org","@graph":[{"@type":"Article","@id":"https:\/\/exaudi.org\/it\/francescani-secolari-siate-specchi-di-cristo\/#article","isPartOf":{"@id":"https:\/\/exaudi.org\/it\/francescani-secolari-siate-specchi-di-cristo\/"},"author":{"name":"Exaudi Redazione","@id":"https:\/\/exaudi.org\/#\/schema\/person\/e1ab6ed07c01774724dd96f925f3a5f0"},"headline":"&#8220;Francescani secolari, siate specchi di Cristo&#8221;","datePublished":"2021-11-15T12:31:37+00:00","mainEntityOfPage":{"@id":"https:\/\/exaudi.org\/it\/francescani-secolari-siate-specchi-di-cristo\/"},"wordCount":999,"commentCount":0,"image":{"@id":"https:\/\/exaudi.org\/it\/francescani-secolari-siate-specchi-di-cristo\/#primaryimage"},"thumbnailUrl":"https:\/\/exaudi.org\/wp-content\/uploads\/2021\/11\/sala-clementina-2-scaled-1.jpg","keywords":["Featured","francescani","Papa Francesco"],"articleSection":["Leone XIV","Ultime Notizie"],"inLanguage":"it-IT","potentialAction":[{"@type":"CommentAction","name":"Comment","target":["https:\/\/exaudi.org\/it\/francescani-secolari-siate-specchi-di-cristo\/#respond"]}]},{"@type":"WebPage","@id":"https:\/\/exaudi.org\/it\/francescani-secolari-siate-specchi-di-cristo\/","url":"https:\/\/exaudi.org\/it\/francescani-secolari-siate-specchi-di-cristo\/","name":"\"Francescani secolari, siate specchi di Cristo\" &#8211; Exaudi","isPartOf":{"@id":"https:\/\/exaudi.org\/#website"},"primaryImageOfPage":{"@id":"https:\/\/exaudi.org\/it\/francescani-secolari-siate-specchi-di-cristo\/#primaryimage"},"image":{"@id":"https:\/\/exaudi.org\/it\/francescani-secolari-siate-specchi-di-cristo\/#primaryimage"},"thumbnailUrl":"https:\/\/exaudi.org\/wp-content\/uploads\/2021\/11\/sala-clementina-2-scaled-1.jpg","datePublished":"2021-11-15T12:31:37+00:00","author":{"@id":"https:\/\/exaudi.org\/#\/schema\/person\/e1ab6ed07c01774724dd96f925f3a5f0"},"description":"Il Papa ha ricevuto i partecipanti al Capitolo dell'Ordine dei francescani secolari: \"Siete Chiesa in uscita, non dimenticate i poveri\"","breadcrumb":{"@id":"https:\/\/exaudi.org\/it\/francescani-secolari-siate-specchi-di-cristo\/#breadcrumb"},"inLanguage":"it-IT","potentialAction":[{"@type":"ReadAction","target":["https:\/\/exaudi.org\/it\/francescani-secolari-siate-specchi-di-cristo\/"]}]},{"@type":"ImageObject","inLanguage":"it-IT","@id":"https:\/\/exaudi.org\/it\/francescani-secolari-siate-specchi-di-cristo\/#primaryimage","url":"https:\/\/exaudi.org\/wp-content\/uploads\/2021\/11\/sala-clementina-2-scaled-1.jpg","contentUrl":"https:\/\/exaudi.org\/wp-content\/uploads\/2021\/11\/sala-clementina-2-scaled-1.jpg","width":2560,"height":1707,"caption":"(C) Vatican Media"},{"@type":"BreadcrumbList","@id":"https:\/\/exaudi.org\/it\/francescani-secolari-siate-specchi-di-cristo\/#breadcrumb","itemListElement":[{"@type":"ListItem","position":1,"name":"Portada","item":"https:\/\/exaudi.org\/it\/"},{"@type":"ListItem","position":2,"name":"&#8220;Francescani secolari, siate specchi di Cristo&#8221;"}]},{"@type":"WebSite","@id":"https:\/\/exaudi.org\/#website","url":"https:\/\/exaudi.org\/","name":"Exaudi","description":"News","potentialAction":[{"@type":"SearchAction","target":{"@type":"EntryPoint","urlTemplate":"https:\/\/exaudi.org\/?s={search_term_string}"},"query-input":{"@type":"PropertyValueSpecification","valueRequired":true,"valueName":"search_term_string"}}],"inLanguage":"it-IT"},{"@type":"Person","@id":"https:\/\/exaudi.org\/#\/schema\/person\/e1ab6ed07c01774724dd96f925f3a5f0","name":"Exaudi Redazione","image":{"@type":"ImageObject","inLanguage":"it-IT","@id":"https:\/\/secure.gravatar.com\/avatar\/ad6774b3ada023bf5b939d64f45c94b3adf91502dd883507d469b4308a943bb3?s=96&d=mm&r=g","url":"https:\/\/secure.gravatar.com\/avatar\/ad6774b3ada023bf5b939d64f45c94b3adf91502dd883507d469b4308a943bb3?s=96&d=mm&r=g","contentUrl":"https:\/\/secure.gravatar.com\/avatar\/ad6774b3ada023bf5b939d64f45c94b3adf91502dd883507d469b4308a943bb3?s=96&d=mm&r=g","caption":"Exaudi Redazione"},"description":"Che cosa \u00e8 Exaudi News? Exaudi News \u00e8 un agenzia cattolica internazionale che informa, istruisce e trasforma quotidianamente in spagnolo, inglese e italiano. Attraverso notizie, articoli di analisi e trasmissioni in diretta degli eventi del Papa, Exaudi cerca di rafforzare l'unit\u00e0 dei cristiani e di contribuire all'evangelizzazione del mondo, sempre guidato dalla dottrina sociale della Chiesa. Lavoriamo per portare la verit\u00e0 e i valori cristiani in ogni angolo del pianeta. Aiutaci a trasformare il mondo con Exaudi! Noi di Exaudi crediamo che l'evangelizzazione e l'informazione di qualit\u00e0 possano cambiare la vita. Per continuare la nostra missione ed espandere la nostra portata, abbiamo bisogno del tuo aiuto. Stiamo anche cercando persone motivate che vogliano unirsi al nostro team. Grazie al vostro sostegno raggiungeremo pi\u00f9 persone, diffonderemo il messaggio di Cristo e rafforzeremo l'unit\u00e0 dei cristiani. Vuoi unirti alla nostra missione? Per maggiori informazioni su come contribuire, visita Exaudi.org\/it o contattaci direttamente: info@exaudi.org Exaudi: informa, forma e trasforma.","sameAs":["https:\/\/www.facebook.com\/ExaudiNotizie\/","https:\/\/www.instagram.com\/Exaudi_notizie\/","https:\/\/x.com\/Exaudi_Notizie","https:\/\/www.youtube.com\/@exaudicatholicnews"],"url":"https:\/\/exaudi.org\/it\/author\/dlvedi-org\/"}]}},"jetpack_featured_media_url":"https:\/\/exaudi.org\/wp-content\/uploads\/2021\/11\/sala-clementina-2-scaled-1.jpg","jetpack_shortlink":"https:\/\/wp.me\/pgKjF2-aLg","_links":{"self":[{"href":"https:\/\/exaudi.org\/it\/wp-json\/wp\/v2\/posts\/41370","targetHints":{"allow":["GET"]}}],"collection":[{"href":"https:\/\/exaudi.org\/it\/wp-json\/wp\/v2\/posts"}],"about":[{"href":"https:\/\/exaudi.org\/it\/wp-json\/wp\/v2\/types\/post"}],"author":[{"embeddable":true,"href":"https:\/\/exaudi.org\/it\/wp-json\/wp\/v2\/users\/17"}],"replies":[{"embeddable":true,"href":"https:\/\/exaudi.org\/it\/wp-json\/wp\/v2\/comments?post=41370"}],"version-history":[{"count":0,"href":"https:\/\/exaudi.org\/it\/wp-json\/wp\/v2\/posts\/41370\/revisions"}],"wp:featuredmedia":[{"embeddable":true,"href":"https:\/\/exaudi.org\/it\/wp-json\/wp\/v2\/media\/41371"}],"wp:attachment":[{"href":"https:\/\/exaudi.org\/it\/wp-json\/wp\/v2\/media?parent=41370"}],"wp:term":[{"taxonomy":"category","embeddable":true,"href":"https:\/\/exaudi.org\/it\/wp-json\/wp\/v2\/categories?post=41370"},{"taxonomy":"post_tag","embeddable":true,"href":"https:\/\/exaudi.org\/it\/wp-json\/wp\/v2\/tags?post=41370"}],"curies":[{"name":"wp","href":"https:\/\/api.w.org\/{rel}","templated":true}]}}