{"id":4136,"date":"2021-03-06T09:33:45","date_gmt":"2021-03-06T09:33:45","guid":{"rendered":"https:\/\/exaudi.org\/?p=4136"},"modified":"2021-03-06T09:35:23","modified_gmt":"2021-03-06T09:35:23","slug":"dio-di-abramo-aprici-al-perdono-reciproco","status":"publish","type":"post","link":"https:\/\/exaudi.org\/it\/dio-di-abramo-aprici-al-perdono-reciproco\/","title":{"rendered":"&#8220;Dio di Abramo, aprici al perdono reciproco&#8221;"},"content":{"rendered":"<p>Al termine dell&#8217;incontro interreligioso di Ur, \u00e8 stata recitata in arabo la Preghiera dei figli di Abramo, con cui i credenti cristiani, ebrei e musulmani hanno chiesto di aprire i cuori &#8220;al perdono reciproco&#8221;:<\/p>\n<p>\u201cDio Onnipotente, Creatore nostro che ami la famiglia umana e tutto ci\u00f2 che le tue mani hanno compiuto, noi, figli e figlie di Abramo appartenenti all\u2019ebraismo, al cristianesimo e all\u2019islam, insieme agli altri credenti e a tutte le persone di buona volont\u00e0, ti ringraziamo per averci donato come padre comune nella fede Abramo, figlio insigne di questa nobile e cara terra.<\/p>\n<p>Ti ringraziamo per il suo esempio di uomo di fede che ti ha obbedito fino in fondo, lasciando la sua famiglia, la sua trib\u00f9 e la sua patria per andare verso una terra che non conosceva. Ti ringraziamo anche per l\u2019esempio di coraggio, di resilienza e di forza d\u2019animo, di generosit\u00e0 e di ospitalit\u00e0 che il nostro comune padre nella fede ci ha donato. Ti ringraziamo, in particolare, per la sua fede eroica, dimostrata dalla disponibilit\u00e0 a sacrificare suo figlio per obbedire al tuo comando. Sappiamo che era una prova difficilissima, dalla quale tuttavia \u00e8 uscito vincitore, perch\u00e9 senza riserve si \u00e8 fidato di Te, che sei misericordioso e apri sempre possibilit\u00e0 nuove per ricominciare. Ti ringraziamo perch\u00e9, benedicendo il nostro padre Abramo, hai fatto di lui una benedizione per tutti i popoli.<\/p>\n<p>Ti chiediamo, Dio del nostro padre Abramo e Dio nostro, di concederci una fede forte, operosa nel bene, una fede che apra i nostri cuori a Te e a tutti i nostri fratelli e sorelle; e una speranza insopprimibile, capace di scorgere ovunque la fedelt\u00e0 delle tue promesse. Fai di ognuno di noi un testimone della tua cura amorevole per tutti, in particolare per i rifugiati e gli sfollati, le vedove e gli orfani, i poveri e gli ammalati.<\/p>\n<p>Apri i nostri cuori al perdono reciproco e rendici strumenti di riconciliazione, costruttori di una societ\u00e0 pi\u00f9 giusta e fraterna. Accogli nella tua dimora di pace e di luce tutti i defunti, in particolare le vittime della violenza e delle guerre. Assisti le autorit\u00e0 civili nel cercare e trovare le persone rapite, e nel proteggere in modo speciale le donne e i bambini. Aiutaci ad avere cura del pianeta, casa comune che, nella tua bont\u00e0 e generosit\u00e0, hai dato a tutti noi. Sostieni le nostre mani nella ricostruzione di questo Paese, e dacci la forza necessaria per aiutare quanti hanno dovuto lasciare le loro case e loro terre a rientrare in sicurezza e con dignit\u00e0, e a iniziare una vita nuova, serena e prospera. Amen\u201d<\/p>\n","protected":false},"excerpt":{"rendered":"<p>La preghiera recitata in arabo ha concluso l&#8217;incontro interreligioso di Ur<\/p>\n","protected":false},"author":17,"featured_media":4137,"comment_status":"closed","ping_status":"closed","sticky":false,"template":"","format":"standard","meta":{"_acf_changed":false,"_crdt_document":"","inline_featured_image":false,"footnotes":""},"categories":[297,125],"tags":[667,665,357,251,666],"class_list":["post-4136","post","type-post","status-publish","format-standard","has-post-thumbnail","hentry","category-ultime-notizie","category-viaggi-papali","tag-abramo","tag-dialogo-interreligioso","tag-iraq-it","tag-papa-francesco","tag-ur"],"acf":[],"yoast_head":"<!-- This site is optimized with the Yoast SEO plugin v27.5 - https:\/\/yoast.com\/product\/yoast-seo-wordpress\/ -->\n<title>&quot;Dio di Abramo, aprici al perdono reciproco&quot; &#8211; Exaudi<\/title>\n<meta name=\"description\" content=\"La preghiera al &quot;Dio di Abramo&quot; ha concluso l&#039;incontro interreligioso con il Papa a Ur. La richiesta di aprire il cuore al perdono reciproco\" \/>\n<meta name=\"robots\" content=\"index, follow, max-snippet:-1, max-image-preview:large, max-video-preview:-1\" \/>\n<link rel=\"canonical\" href=\"https:\/\/exaudi.org\/it\/dio-di-abramo-aprici-al-perdono-reciproco\/\" \/>\n<meta property=\"og:locale\" content=\"it_IT\" \/>\n<meta property=\"og:type\" content=\"article\" \/>\n<meta property=\"og:title\" content=\"&quot;Dio di Abramo, aprici al perdono reciproco&quot; &#8211; Exaudi\" \/>\n<meta property=\"og:description\" content=\"La preghiera al &quot;Dio di Abramo&quot; ha concluso l&#039;incontro interreligioso con il Papa a Ur. La richiesta di aprire il cuore al perdono reciproco\" \/>\n<meta property=\"og:url\" content=\"https:\/\/exaudi.org\/it\/dio-di-abramo-aprici-al-perdono-reciproco\/\" \/>\n<meta property=\"og:site_name\" content=\"Exaudi\" \/>\n<meta property=\"article:publisher\" content=\"https:\/\/www.facebook.com\/ExaudiNews\" \/>\n<meta property=\"article:author\" content=\"https:\/\/www.facebook.com\/ExaudiNotizie\/\" \/>\n<meta property=\"article:published_time\" content=\"2021-03-06T09:33:45+00:00\" \/>\n<meta property=\"article:modified_time\" content=\"2021-03-06T09:35:23+00:00\" \/>\n<meta property=\"og:image\" content=\"https:\/\/exaudi.org\/wp-content\/uploads\/2021\/03\/ur.jpg\" \/>\n\t<meta property=\"og:image:width\" content=\"1280\" \/>\n\t<meta property=\"og:image:height\" content=\"960\" \/>\n\t<meta property=\"og:image:type\" content=\"image\/jpeg\" \/>\n<meta name=\"author\" content=\"Exaudi Redazione\" \/>\n<meta name=\"twitter:card\" content=\"summary_large_image\" \/>\n<meta name=\"twitter:creator\" content=\"@Exaudi_Notizie\" \/>\n<meta name=\"twitter:site\" content=\"@Exaudi_News\" \/>\n<meta name=\"twitter:label1\" content=\"Scritto da\" \/>\n\t<meta name=\"twitter:data1\" content=\"Exaudi Redazione\" \/>\n\t<meta name=\"twitter:label2\" content=\"Tempo di lettura stimato\" \/>\n\t<meta name=\"twitter:data2\" content=\"2 minuti\" \/>\n<script type=\"application\/ld+json\" class=\"yoast-schema-graph\">{\"@context\":\"https:\\\/\\\/schema.org\",\"@graph\":[{\"@type\":\"Article\",\"@id\":\"https:\\\/\\\/exaudi.org\\\/it\\\/dio-di-abramo-aprici-al-perdono-reciproco\\\/#article\",\"isPartOf\":{\"@id\":\"https:\\\/\\\/exaudi.org\\\/it\\\/dio-di-abramo-aprici-al-perdono-reciproco\\\/\"},\"author\":{\"name\":\"Exaudi Redazione\",\"@id\":\"https:\\\/\\\/exaudi.org\\\/#\\\/schema\\\/person\\\/e1ab6ed07c01774724dd96f925f3a5f0\"},\"headline\":\"&#8220;Dio di Abramo, aprici al perdono reciproco&#8221;\",\"datePublished\":\"2021-03-06T09:33:45+00:00\",\"dateModified\":\"2021-03-06T09:35:23+00:00\",\"mainEntityOfPage\":{\"@id\":\"https:\\\/\\\/exaudi.org\\\/it\\\/dio-di-abramo-aprici-al-perdono-reciproco\\\/\"},\"wordCount\":441,\"image\":{\"@id\":\"https:\\\/\\\/exaudi.org\\\/it\\\/dio-di-abramo-aprici-al-perdono-reciproco\\\/#primaryimage\"},\"thumbnailUrl\":\"https:\\\/\\\/exaudi.org\\\/wp-content\\\/uploads\\\/2021\\\/03\\\/ur.jpg\",\"keywords\":[\"Abramo\",\"dialogo interreligioso\",\"iraq\",\"Papa Francesco\",\"Ur\"],\"articleSection\":[\"Ultime Notizie\",\"Viaggi papali\"],\"inLanguage\":\"it-IT\"},{\"@type\":\"WebPage\",\"@id\":\"https:\\\/\\\/exaudi.org\\\/it\\\/dio-di-abramo-aprici-al-perdono-reciproco\\\/\",\"url\":\"https:\\\/\\\/exaudi.org\\\/it\\\/dio-di-abramo-aprici-al-perdono-reciproco\\\/\",\"name\":\"\\\"Dio di Abramo, aprici al perdono reciproco\\\" &#8211; Exaudi\",\"isPartOf\":{\"@id\":\"https:\\\/\\\/exaudi.org\\\/#website\"},\"primaryImageOfPage\":{\"@id\":\"https:\\\/\\\/exaudi.org\\\/it\\\/dio-di-abramo-aprici-al-perdono-reciproco\\\/#primaryimage\"},\"image\":{\"@id\":\"https:\\\/\\\/exaudi.org\\\/it\\\/dio-di-abramo-aprici-al-perdono-reciproco\\\/#primaryimage\"},\"thumbnailUrl\":\"https:\\\/\\\/exaudi.org\\\/wp-content\\\/uploads\\\/2021\\\/03\\\/ur.jpg\",\"datePublished\":\"2021-03-06T09:33:45+00:00\",\"dateModified\":\"2021-03-06T09:35:23+00:00\",\"author\":{\"@id\":\"https:\\\/\\\/exaudi.org\\\/#\\\/schema\\\/person\\\/e1ab6ed07c01774724dd96f925f3a5f0\"},\"description\":\"La preghiera al \\\"Dio di Abramo\\\" ha concluso l'incontro interreligioso con il Papa a Ur. La richiesta di aprire il cuore al perdono reciproco\",\"breadcrumb\":{\"@id\":\"https:\\\/\\\/exaudi.org\\\/it\\\/dio-di-abramo-aprici-al-perdono-reciproco\\\/#breadcrumb\"},\"inLanguage\":\"it-IT\",\"potentialAction\":[{\"@type\":\"ReadAction\",\"target\":[\"https:\\\/\\\/exaudi.org\\\/it\\\/dio-di-abramo-aprici-al-perdono-reciproco\\\/\"]}]},{\"@type\":\"ImageObject\",\"inLanguage\":\"it-IT\",\"@id\":\"https:\\\/\\\/exaudi.org\\\/it\\\/dio-di-abramo-aprici-al-perdono-reciproco\\\/#primaryimage\",\"url\":\"https:\\\/\\\/exaudi.org\\\/wp-content\\\/uploads\\\/2021\\\/03\\\/ur.jpg\",\"contentUrl\":\"https:\\\/\\\/exaudi.org\\\/wp-content\\\/uploads\\\/2021\\\/03\\\/ur.jpg\",\"width\":1280,\"height\":960,\"caption\":\"La ziggurat di Ur \u00a9\ufe0fExaudi\"},{\"@type\":\"BreadcrumbList\",\"@id\":\"https:\\\/\\\/exaudi.org\\\/it\\\/dio-di-abramo-aprici-al-perdono-reciproco\\\/#breadcrumb\",\"itemListElement\":[{\"@type\":\"ListItem\",\"position\":1,\"name\":\"Portada\",\"item\":\"https:\\\/\\\/exaudi.org\\\/it\\\/\"},{\"@type\":\"ListItem\",\"position\":2,\"name\":\"&#8220;Dio di Abramo, aprici al perdono reciproco&#8221;\"}]},{\"@type\":\"WebSite\",\"@id\":\"https:\\\/\\\/exaudi.org\\\/#website\",\"url\":\"https:\\\/\\\/exaudi.org\\\/\",\"name\":\"Exaudi\",\"description\":\"News\",\"potentialAction\":[{\"@type\":\"SearchAction\",\"target\":{\"@type\":\"EntryPoint\",\"urlTemplate\":\"https:\\\/\\\/exaudi.org\\\/?s={search_term_string}\"},\"query-input\":{\"@type\":\"PropertyValueSpecification\",\"valueRequired\":true,\"valueName\":\"search_term_string\"}}],\"inLanguage\":\"it-IT\"},{\"@type\":\"Person\",\"@id\":\"https:\\\/\\\/exaudi.org\\\/#\\\/schema\\\/person\\\/e1ab6ed07c01774724dd96f925f3a5f0\",\"name\":\"Exaudi Redazione\",\"image\":{\"@type\":\"ImageObject\",\"inLanguage\":\"it-IT\",\"@id\":\"https:\\\/\\\/secure.gravatar.com\\\/avatar\\\/ad6774b3ada023bf5b939d64f45c94b3adf91502dd883507d469b4308a943bb3?s=96&d=mm&r=g\",\"url\":\"https:\\\/\\\/secure.gravatar.com\\\/avatar\\\/ad6774b3ada023bf5b939d64f45c94b3adf91502dd883507d469b4308a943bb3?s=96&d=mm&r=g\",\"contentUrl\":\"https:\\\/\\\/secure.gravatar.com\\\/avatar\\\/ad6774b3ada023bf5b939d64f45c94b3adf91502dd883507d469b4308a943bb3?s=96&d=mm&r=g\",\"caption\":\"Exaudi Redazione\"},\"description\":\"Che cosa \u00e8 Exaudi News? Exaudi News \u00e8 un agenzia cattolica internazionale che informa, istruisce e trasforma quotidianamente in spagnolo, inglese e italiano. Attraverso notizie, articoli di analisi e trasmissioni in diretta degli eventi del Papa, Exaudi cerca di rafforzare l'unit\u00e0 dei cristiani e di contribuire all'evangelizzazione del mondo, sempre guidato dalla dottrina sociale della Chiesa. Lavoriamo per portare la verit\u00e0 e i valori cristiani in ogni angolo del pianeta. Aiutaci a trasformare il mondo con Exaudi! Noi di Exaudi crediamo che l'evangelizzazione e l'informazione di qualit\u00e0 possano cambiare la vita. Per continuare la nostra missione ed espandere la nostra portata, abbiamo bisogno del tuo aiuto. Stiamo anche cercando persone motivate che vogliano unirsi al nostro team. Grazie al vostro sostegno raggiungeremo pi\u00f9 persone, diffonderemo il messaggio di Cristo e rafforzeremo l'unit\u00e0 dei cristiani. Vuoi unirti alla nostra missione? Per maggiori informazioni su come contribuire, visita Exaudi.org\\\/it o contattaci direttamente: info@exaudi.org Exaudi: informa, forma e trasforma.\",\"sameAs\":[\"https:\\\/\\\/www.facebook.com\\\/ExaudiNotizie\\\/\",\"https:\\\/\\\/www.instagram.com\\\/Exaudi_notizie\\\/\",\"https:\\\/\\\/x.com\\\/Exaudi_Notizie\",\"https:\\\/\\\/www.youtube.com\\\/@exaudicatholicnews\"],\"url\":\"https:\\\/\\\/exaudi.org\\\/it\\\/author\\\/dlvedi-org\\\/\"}]}<\/script>\n<!-- \/ Yoast SEO plugin. -->","yoast_head_json":{"title":"\"Dio di Abramo, aprici al perdono reciproco\" &#8211; Exaudi","description":"La preghiera al \"Dio di Abramo\" ha concluso l'incontro interreligioso con il Papa a Ur. La richiesta di aprire il cuore al perdono reciproco","robots":{"index":"index","follow":"follow","max-snippet":"max-snippet:-1","max-image-preview":"max-image-preview:large","max-video-preview":"max-video-preview:-1"},"canonical":"https:\/\/exaudi.org\/it\/dio-di-abramo-aprici-al-perdono-reciproco\/","og_locale":"it_IT","og_type":"article","og_title":"\"Dio di Abramo, aprici al perdono reciproco\" &#8211; Exaudi","og_description":"La preghiera al \"Dio di Abramo\" ha concluso l'incontro interreligioso con il Papa a Ur. La richiesta di aprire il cuore al perdono reciproco","og_url":"https:\/\/exaudi.org\/it\/dio-di-abramo-aprici-al-perdono-reciproco\/","og_site_name":"Exaudi","article_publisher":"https:\/\/www.facebook.com\/ExaudiNews","article_author":"https:\/\/www.facebook.com\/ExaudiNotizie\/","article_published_time":"2021-03-06T09:33:45+00:00","article_modified_time":"2021-03-06T09:35:23+00:00","og_image":[{"width":1280,"height":960,"url":"https:\/\/exaudi.org\/wp-content\/uploads\/2021\/03\/ur.jpg","type":"image\/jpeg"}],"author":"Exaudi Redazione","twitter_card":"summary_large_image","twitter_creator":"@Exaudi_Notizie","twitter_site":"@Exaudi_News","twitter_misc":{"Scritto da":"Exaudi Redazione","Tempo di lettura stimato":"2 minuti"},"schema":{"@context":"https:\/\/schema.org","@graph":[{"@type":"Article","@id":"https:\/\/exaudi.org\/it\/dio-di-abramo-aprici-al-perdono-reciproco\/#article","isPartOf":{"@id":"https:\/\/exaudi.org\/it\/dio-di-abramo-aprici-al-perdono-reciproco\/"},"author":{"name":"Exaudi Redazione","@id":"https:\/\/exaudi.org\/#\/schema\/person\/e1ab6ed07c01774724dd96f925f3a5f0"},"headline":"&#8220;Dio di Abramo, aprici al perdono reciproco&#8221;","datePublished":"2021-03-06T09:33:45+00:00","dateModified":"2021-03-06T09:35:23+00:00","mainEntityOfPage":{"@id":"https:\/\/exaudi.org\/it\/dio-di-abramo-aprici-al-perdono-reciproco\/"},"wordCount":441,"image":{"@id":"https:\/\/exaudi.org\/it\/dio-di-abramo-aprici-al-perdono-reciproco\/#primaryimage"},"thumbnailUrl":"https:\/\/exaudi.org\/wp-content\/uploads\/2021\/03\/ur.jpg","keywords":["Abramo","dialogo interreligioso","iraq","Papa Francesco","Ur"],"articleSection":["Ultime Notizie","Viaggi papali"],"inLanguage":"it-IT"},{"@type":"WebPage","@id":"https:\/\/exaudi.org\/it\/dio-di-abramo-aprici-al-perdono-reciproco\/","url":"https:\/\/exaudi.org\/it\/dio-di-abramo-aprici-al-perdono-reciproco\/","name":"\"Dio di Abramo, aprici al perdono reciproco\" &#8211; Exaudi","isPartOf":{"@id":"https:\/\/exaudi.org\/#website"},"primaryImageOfPage":{"@id":"https:\/\/exaudi.org\/it\/dio-di-abramo-aprici-al-perdono-reciproco\/#primaryimage"},"image":{"@id":"https:\/\/exaudi.org\/it\/dio-di-abramo-aprici-al-perdono-reciproco\/#primaryimage"},"thumbnailUrl":"https:\/\/exaudi.org\/wp-content\/uploads\/2021\/03\/ur.jpg","datePublished":"2021-03-06T09:33:45+00:00","dateModified":"2021-03-06T09:35:23+00:00","author":{"@id":"https:\/\/exaudi.org\/#\/schema\/person\/e1ab6ed07c01774724dd96f925f3a5f0"},"description":"La preghiera al \"Dio di Abramo\" ha concluso l'incontro interreligioso con il Papa a Ur. La richiesta di aprire il cuore al perdono reciproco","breadcrumb":{"@id":"https:\/\/exaudi.org\/it\/dio-di-abramo-aprici-al-perdono-reciproco\/#breadcrumb"},"inLanguage":"it-IT","potentialAction":[{"@type":"ReadAction","target":["https:\/\/exaudi.org\/it\/dio-di-abramo-aprici-al-perdono-reciproco\/"]}]},{"@type":"ImageObject","inLanguage":"it-IT","@id":"https:\/\/exaudi.org\/it\/dio-di-abramo-aprici-al-perdono-reciproco\/#primaryimage","url":"https:\/\/exaudi.org\/wp-content\/uploads\/2021\/03\/ur.jpg","contentUrl":"https:\/\/exaudi.org\/wp-content\/uploads\/2021\/03\/ur.jpg","width":1280,"height":960,"caption":"La ziggurat di Ur \u00a9\ufe0fExaudi"},{"@type":"BreadcrumbList","@id":"https:\/\/exaudi.org\/it\/dio-di-abramo-aprici-al-perdono-reciproco\/#breadcrumb","itemListElement":[{"@type":"ListItem","position":1,"name":"Portada","item":"https:\/\/exaudi.org\/it\/"},{"@type":"ListItem","position":2,"name":"&#8220;Dio di Abramo, aprici al perdono reciproco&#8221;"}]},{"@type":"WebSite","@id":"https:\/\/exaudi.org\/#website","url":"https:\/\/exaudi.org\/","name":"Exaudi","description":"News","potentialAction":[{"@type":"SearchAction","target":{"@type":"EntryPoint","urlTemplate":"https:\/\/exaudi.org\/?s={search_term_string}"},"query-input":{"@type":"PropertyValueSpecification","valueRequired":true,"valueName":"search_term_string"}}],"inLanguage":"it-IT"},{"@type":"Person","@id":"https:\/\/exaudi.org\/#\/schema\/person\/e1ab6ed07c01774724dd96f925f3a5f0","name":"Exaudi Redazione","image":{"@type":"ImageObject","inLanguage":"it-IT","@id":"https:\/\/secure.gravatar.com\/avatar\/ad6774b3ada023bf5b939d64f45c94b3adf91502dd883507d469b4308a943bb3?s=96&d=mm&r=g","url":"https:\/\/secure.gravatar.com\/avatar\/ad6774b3ada023bf5b939d64f45c94b3adf91502dd883507d469b4308a943bb3?s=96&d=mm&r=g","contentUrl":"https:\/\/secure.gravatar.com\/avatar\/ad6774b3ada023bf5b939d64f45c94b3adf91502dd883507d469b4308a943bb3?s=96&d=mm&r=g","caption":"Exaudi Redazione"},"description":"Che cosa \u00e8 Exaudi News? Exaudi News \u00e8 un agenzia cattolica internazionale che informa, istruisce e trasforma quotidianamente in spagnolo, inglese e italiano. Attraverso notizie, articoli di analisi e trasmissioni in diretta degli eventi del Papa, Exaudi cerca di rafforzare l'unit\u00e0 dei cristiani e di contribuire all'evangelizzazione del mondo, sempre guidato dalla dottrina sociale della Chiesa. Lavoriamo per portare la verit\u00e0 e i valori cristiani in ogni angolo del pianeta. Aiutaci a trasformare il mondo con Exaudi! Noi di Exaudi crediamo che l'evangelizzazione e l'informazione di qualit\u00e0 possano cambiare la vita. Per continuare la nostra missione ed espandere la nostra portata, abbiamo bisogno del tuo aiuto. Stiamo anche cercando persone motivate che vogliano unirsi al nostro team. Grazie al vostro sostegno raggiungeremo pi\u00f9 persone, diffonderemo il messaggio di Cristo e rafforzeremo l'unit\u00e0 dei cristiani. Vuoi unirti alla nostra missione? Per maggiori informazioni su come contribuire, visita Exaudi.org\/it o contattaci direttamente: info@exaudi.org Exaudi: informa, forma e trasforma.","sameAs":["https:\/\/www.facebook.com\/ExaudiNotizie\/","https:\/\/www.instagram.com\/Exaudi_notizie\/","https:\/\/x.com\/Exaudi_Notizie","https:\/\/www.youtube.com\/@exaudicatholicnews"],"url":"https:\/\/exaudi.org\/it\/author\/dlvedi-org\/"}]}},"jetpack_featured_media_url":"https:\/\/exaudi.org\/wp-content\/uploads\/2021\/03\/ur.jpg","jetpack_shortlink":"https:\/\/wp.me\/pgKjF2-14I","_links":{"self":[{"href":"https:\/\/exaudi.org\/it\/wp-json\/wp\/v2\/posts\/4136","targetHints":{"allow":["GET"]}}],"collection":[{"href":"https:\/\/exaudi.org\/it\/wp-json\/wp\/v2\/posts"}],"about":[{"href":"https:\/\/exaudi.org\/it\/wp-json\/wp\/v2\/types\/post"}],"author":[{"embeddable":true,"href":"https:\/\/exaudi.org\/it\/wp-json\/wp\/v2\/users\/17"}],"replies":[{"embeddable":true,"href":"https:\/\/exaudi.org\/it\/wp-json\/wp\/v2\/comments?post=4136"}],"version-history":[{"count":0,"href":"https:\/\/exaudi.org\/it\/wp-json\/wp\/v2\/posts\/4136\/revisions"}],"wp:featuredmedia":[{"embeddable":true,"href":"https:\/\/exaudi.org\/it\/wp-json\/wp\/v2\/media\/4137"}],"wp:attachment":[{"href":"https:\/\/exaudi.org\/it\/wp-json\/wp\/v2\/media?parent=4136"}],"wp:term":[{"taxonomy":"category","embeddable":true,"href":"https:\/\/exaudi.org\/it\/wp-json\/wp\/v2\/categories?post=4136"},{"taxonomy":"post_tag","embeddable":true,"href":"https:\/\/exaudi.org\/it\/wp-json\/wp\/v2\/tags?post=4136"}],"curies":[{"name":"wp","href":"https:\/\/api.w.org\/{rel}","templated":true}]}}