{"id":41359,"date":"2021-11-14T15:37:23","date_gmt":"2021-11-14T14:37:23","guid":{"rendered":"https:\/\/exaudi.wpengine.com\/il-grido-dei-poveri-e-quello-della-terra\/"},"modified":"2021-11-14T15:37:23","modified_gmt":"2021-11-14T14:37:23","slug":"il-grido-dei-poveri-e-quello-della-terra","status":"publish","type":"post","link":"https:\/\/exaudi.org\/it\/il-grido-dei-poveri-e-quello-della-terra\/","title":{"rendered":"Il grido dei poveri e quello della Terra"},"content":{"rendered":"<p>Affacciandosi alla finestra dello studio del Palazzo Apostolico per la recita dell\u2019Angelus, Papa Francesco ha ricordato \u201cil grido dei poveri, unito al grido della Terra\u201d che si \u00e8 levato nei giorni scorsi alla COP26 di Glasgow. Commentando il Vangelo della domenica, il S. Padre ha ricordato che \u201cle parole del Signore non passano\u201d. Ecco il suo discorso:<\/p>\n<p>Cari fratelli e sorelle, buongiorno! Il brano evangelico della liturgia di oggi si apre con una frase di Ges\u00f9 che lascia sbigottiti: \u00abIl sole si oscurer\u00e0, la luna non dar\u00e0 pi\u00f9 la sua luce, le stelle cadranno dal cielo\u00bb. Ma come, anche il Signore si mette a fare catastrofismo? No, certamente non \u00e8 questa la sua intenzione. Egli vuole farci capire che tutto in questo mondo, prima o poi, passa. Anche il sole, la luna e le stelle che formano il \u201cfirmamento\u201d \u2013 parola che indica \u201cfermezza\u201d, \u201cstabilit\u00e0\u201d \u2013 sono destinati a passare. Alla fine, per\u00f2, Ges\u00f9 dice che cosa non crolla: \u00abIl cielo e la terra passeranno \u2013 dice \u2013, ma le mie parole non passeranno\u00bb.<\/p>\n<p>Le parole del Signore non passano. Egli stabilisce una distinzione tra le cose penultime, che passano, e le cose ultime, che restano. \u00c8 un messaggio per noi, per orientarci nelle nostre scelte importanti della vita, per orientarci su che cosa conviene investire la vita. Su ci\u00f2 che \u00e8 transitorio o sulle parole del Signore, che rimangono per sempre? Evidentemente su queste. Ma non \u00e8 facile. Infatti, le cose che cadono sotto i nostri sensi e ci danno subito soddisfazione ci attirano, mentre le parole del Signore, pur belle, vanno oltre l\u2019immediato e richiedono pazienza.<\/p>\n<h4>Non costruire la vita sulla sabbia<\/h4>\n<p>Siamo tentati di aggrapparci a quello che vediamo e tocchiamo e ci sembra pi\u00f9 sicuro. \u00c8 umano, la tentazione \u00e8 quella. Ma \u00e8 un inganno, perch\u00e9 \u00abil cielo e la terra passeranno, ma le mie parole non passeranno\u00bb. Ecco, dunque, l\u2019invito: non costruire la vita sulla sabbia. Quando si costruisce una casa, si scava in profondit\u00e0 e si mettono solide fondamenta. Solo uno sprovveduto direbbe che sono soldi buttati via per qualcosa che non si vede.<\/p>\n<h4>Qual \u00e8 il cuore pulsante della Parola?<\/h4>\n<p>Il discepolo fedele, per Ges\u00f9, \u00e8 colui che fonda la vita sulla roccia, che \u00e8 la sua Parola che non passa, sulla fermezza della parola di Ges\u00f9: questo \u00e8 il fondamento della vita che Ges\u00f9 vuole da noi, e che non passer\u00e0. E ora la domanda \u2013 sempre, quando si legge la Parola di Dio, si fanno delle domande \u2013, chiediamoci: qual \u00e8 il centro, qual \u00e8 il cuore pulsante della Parola di Dio? Che cosa, insomma, d\u00e0 solidit\u00e0 alla vita e non avr\u00e0 mai fine? Ce lo dice San Paolo. Il centro, proprio, il cuore pulsante, quello che d\u00e0 solidit\u00e0, \u00e8 la carit\u00e0: \u00abLa carit\u00e0 non avr\u00e0 mai fine\u00bb, dice San Paolo, cio\u00e8 l\u2019amore. Chi fa il bene investe per l\u2019eternit\u00e0.<\/p>\n<h4>Il bene rimane per sempre<\/h4>\n<p>Quando vediamo una persona generosa e servizievole, mite, paziente, che non \u00e8 invidiosa, non chiacchiera, non si vanta, non si gonfia di orgoglio, non manca di rispetto, questa \u00e8 una persona che costruisce il Cielo in terra. Magari non avr\u00e0 visibilit\u00e0, non far\u00e0 carriera, non far\u00e0 notizia sui giornali, eppure quello che fa non andr\u00e0 perduto. Perch\u00e9 il bene non va mai perduto, il bene rimane per sempre. E noi, fratelli e sorelle, domandiamoci: in che cosa stiamo investendo la vita? Su cose che passano, come il denaro, il successo, l\u2019apparenza, il benessere fisico? Di queste cose, noi non porteremo nulla. Siamo attaccati alle cose terrene, come se dovessimo vivere qui per sempre? Mentre siamo giovani, in salute, va bene tutto, ma quando arriva l\u2019ora del congedo dobbiamo lasciare tutto<\/p>\n<p>La Parola di Dio oggi ci avverte: passa la scena di questo mondo. E rimarr\u00e0 soltanto l\u2019amore. Fondare la vita sulla Parola di Dio, dunque, non \u00e8 evadere dalla storia, \u00e8 immergersi nelle realt\u00e0 terrene per renderle salde, per trasformarle con l\u2019amore, imprimendovi il segno dell\u2019eternit\u00e0, il segno di Dio. Ecco allora un consiglio per prendere le scelte importanti. Quando io non so cosa fare, come prendere una scelta definitiva, una scelta importante, una scelta che comporta l\u2019amore di Ges\u00f9, cosa devo fare? Prima di decidere, immaginiamo di stare davanti a Ges\u00f9, come alla fine della vita, davanti a Lui che \u00e8 amore. E pensandoci l\u00ec, al suo cospetto, alla soglia dell\u2019eternit\u00e0, prendiamo la decisione per l\u2019oggi.<\/p>\n<p>Cos\u00ec dobbiamo decidere: sempre guardando l\u2019eternit\u00e0, guardando Ges\u00f9. Non sar\u00e0 forse la pi\u00f9 facile, non sar\u00e0 forse la pi\u00f9 immediata, ma sar\u00e0 quella buona, quello \u00e8 sicuro. La Madonna ci aiuti a compiere le scelte importanti della vita come ha fatto lei: secondo l\u2019amore, secondo Dio.<\/p>\n<h4>Dopo l\u2019Angelus<\/h4>\n<p>Cari fratelli e sorelle, oggi celebriamo la V <a href=\"https:\/\/exaudi.org\/it\/giornata-dei-poveri-dare-speranza-lenire-il-dolore\/\">Giornata Mondiale dei Poveri<\/a>, nata come frutto del Giubileo della Misericordia. Tema di quest\u2019anno sono le parole di Ges\u00f9 \u00abI poveri li avete sempre con voi\u00bb. Ed \u00e8 vero: l\u2019umanit\u00e0 progredisce, si sviluppa, ma i poveri sono sempre con noi, sempre ce ne sono, e in loro \u00e8 presente Cristo, nel povero \u00e8 presente Cristo. L\u2019altro ieri, ad <a href=\"https:\/\/exaudi.org\/it\/e-tempo-di-ridare-la-parola-ai-poveri\/\">Assisi<\/a>, abbiamo vissuto un momento forte di testimonianza e di preghiera, che vi invito a riprendere, vi far\u00e0 bene. E sono grato per le tante iniziative di solidariet\u00e0 che sono state organizzate nelle diocesi e nelle parrocchie in tutto il mondo.<\/p>\n<p>Il grido dei poveri, unito al grido della Terra, \u00e8 risuonato nei giorni scorsi al Vertice delle Nazioni Unite sul cambiamento climatico COP26, a Glasgow. Incoraggio quanti hanno responsabilit\u00e0 politiche ed economiche ed agire subito con coraggio e lungimiranza; al tempo stesso invito tutte le persone di buona volont\u00e0 ad esercitare la cittadinanza attiva per la cura della casa comune. A questo scopo proprio oggi, Giornata Mondiale dei Poveri, si aprono le iscrizioni alla piattaforma Laudato si\u2019, che promuove l\u2019ecologia integrale.<\/p>\n<h4>La giornata mondiale del diabete<\/h4>\n<p>Ricorre oggi anche la Giornata Mondiale del Diabete, malattia cronica che affligge molte persone, anche giovani e bambini. Prego per tutti loro e per quanti ne condividono ogni giorno la fatica, come pure per gli operatori sanitari e i volontari che li assistono. E ora saluto tutti voi, fedeli di Roma e pellegrini di vari Paesi. Vedo tante bandiere, l\u00ec\u2026 In particolare quelli venuti dalla Spagna e dalla Polonia. Saluto il gruppo scout di Palestrina e i fedeli della parrocchia di San Timoteo in Roma e della parrocchia di Bozzolo. A tutti auguro una buona domenica. E per favore, non dimenticatevi di pregare per me. Buon pranzo e arrivederci!<\/p>\n","protected":false},"excerpt":{"rendered":"<p>Il S. Padre invita ad \u201cagire subito con coraggio e lungimiranza\u201d dopo la COP26<\/p>\n","protected":false},"author":17,"featured_media":41360,"comment_status":"open","ping_status":"open","sticky":false,"template":"","format":"standard","meta":{"_acf_changed":false,"_crdt_document":"","inline_featured_image":false,"footnotes":""},"categories":[67,2157,297],"tags":[191,7626,251],"class_list":["post-41359","post","type-post","status-publish","format-standard","has-post-thumbnail","hentry","category-leone-xiv","category-top-ultime-notizie","category-ultime-notizie","tag-angelus","tag-featured-it","tag-papa-francesco"],"acf":[],"yoast_head":"<!-- This site is optimized with the Yoast SEO plugin v27.4 - https:\/\/yoast.com\/product\/yoast-seo-wordpress\/ -->\n<title>Il grido dei poveri e quello della Terra &#8211; Exaudi<\/title>\n<meta name=\"description\" content=\"Il Papa ha ricordato \u201cil grido dei poveri, unito al grido della Terra\u201d che si \u00e8 levato nei giorni scorsi alla COP26 e ha invitato ad agire\" \/>\n<meta name=\"robots\" content=\"index, follow, max-snippet:-1, max-image-preview:large, max-video-preview:-1\" \/>\n<link rel=\"canonical\" href=\"https:\/\/exaudi.org\/it\/il-grido-dei-poveri-e-quello-della-terra\/\" \/>\n<meta property=\"og:locale\" content=\"it_IT\" \/>\n<meta property=\"og:type\" content=\"article\" \/>\n<meta property=\"og:title\" content=\"Il grido dei poveri e quello della Terra &#8211; Exaudi\" \/>\n<meta property=\"og:description\" content=\"Il Papa ha ricordato \u201cil grido dei poveri, unito al grido della Terra\u201d che si \u00e8 levato nei giorni scorsi alla COP26 e ha invitato ad agire\" \/>\n<meta property=\"og:url\" content=\"https:\/\/exaudi.org\/it\/il-grido-dei-poveri-e-quello-della-terra\/\" \/>\n<meta property=\"og:site_name\" content=\"Exaudi\" \/>\n<meta property=\"article:publisher\" content=\"https:\/\/www.facebook.com\/ExaudiNews\" \/>\n<meta property=\"article:author\" content=\"https:\/\/www.facebook.com\/ExaudiNotizie\/\" \/>\n<meta property=\"article:published_time\" content=\"2021-11-14T14:37:23+00:00\" \/>\n<meta property=\"og:image\" content=\"https:\/\/exaudi.org\/wp-content\/uploads\/2021\/11\/Angelus-2-scaled-1.jpg\" \/>\n\t<meta property=\"og:image:width\" content=\"2560\" \/>\n\t<meta property=\"og:image:height\" content=\"1707\" \/>\n\t<meta property=\"og:image:type\" content=\"image\/jpeg\" \/>\n<meta name=\"author\" content=\"Exaudi Redazione\" \/>\n<meta name=\"twitter:card\" content=\"summary_large_image\" \/>\n<meta name=\"twitter:creator\" content=\"@Exaudi_Notizie\" \/>\n<meta name=\"twitter:site\" content=\"@Exaudi_News\" \/>\n<meta name=\"twitter:label1\" content=\"Scritto da\" \/>\n\t<meta name=\"twitter:data1\" content=\"Exaudi Redazione\" \/>\n\t<meta name=\"twitter:label2\" content=\"Tempo di lettura stimato\" \/>\n\t<meta name=\"twitter:data2\" content=\"5 minuti\" \/>\n<script type=\"application\/ld+json\" class=\"yoast-schema-graph\">{\"@context\":\"https:\\\/\\\/schema.org\",\"@graph\":[{\"@type\":\"Article\",\"@id\":\"https:\\\/\\\/exaudi.org\\\/it\\\/il-grido-dei-poveri-e-quello-della-terra\\\/#article\",\"isPartOf\":{\"@id\":\"https:\\\/\\\/exaudi.org\\\/it\\\/il-grido-dei-poveri-e-quello-della-terra\\\/\"},\"author\":{\"name\":\"Exaudi Redazione\",\"@id\":\"https:\\\/\\\/exaudi.org\\\/#\\\/schema\\\/person\\\/e1ab6ed07c01774724dd96f925f3a5f0\"},\"headline\":\"Il grido dei poveri e quello della Terra\",\"datePublished\":\"2021-11-14T14:37:23+00:00\",\"mainEntityOfPage\":{\"@id\":\"https:\\\/\\\/exaudi.org\\\/it\\\/il-grido-dei-poveri-e-quello-della-terra\\\/\"},\"wordCount\":1078,\"commentCount\":0,\"image\":{\"@id\":\"https:\\\/\\\/exaudi.org\\\/it\\\/il-grido-dei-poveri-e-quello-della-terra\\\/#primaryimage\"},\"thumbnailUrl\":\"https:\\\/\\\/exaudi.org\\\/wp-content\\\/uploads\\\/2021\\\/11\\\/Angelus-2-scaled-1.jpg\",\"keywords\":[\"\u00e1ngelus\",\"Featured\",\"Papa Francesco\"],\"articleSection\":[\"Leone XIV\",\"Top Ultime Notizie\",\"Ultime Notizie\"],\"inLanguage\":\"it-IT\",\"potentialAction\":[{\"@type\":\"CommentAction\",\"name\":\"Comment\",\"target\":[\"https:\\\/\\\/exaudi.org\\\/it\\\/il-grido-dei-poveri-e-quello-della-terra\\\/#respond\"]}]},{\"@type\":\"WebPage\",\"@id\":\"https:\\\/\\\/exaudi.org\\\/it\\\/il-grido-dei-poveri-e-quello-della-terra\\\/\",\"url\":\"https:\\\/\\\/exaudi.org\\\/it\\\/il-grido-dei-poveri-e-quello-della-terra\\\/\",\"name\":\"Il grido dei poveri e quello della Terra &#8211; Exaudi\",\"isPartOf\":{\"@id\":\"https:\\\/\\\/exaudi.org\\\/#website\"},\"primaryImageOfPage\":{\"@id\":\"https:\\\/\\\/exaudi.org\\\/it\\\/il-grido-dei-poveri-e-quello-della-terra\\\/#primaryimage\"},\"image\":{\"@id\":\"https:\\\/\\\/exaudi.org\\\/it\\\/il-grido-dei-poveri-e-quello-della-terra\\\/#primaryimage\"},\"thumbnailUrl\":\"https:\\\/\\\/exaudi.org\\\/wp-content\\\/uploads\\\/2021\\\/11\\\/Angelus-2-scaled-1.jpg\",\"datePublished\":\"2021-11-14T14:37:23+00:00\",\"author\":{\"@id\":\"https:\\\/\\\/exaudi.org\\\/#\\\/schema\\\/person\\\/e1ab6ed07c01774724dd96f925f3a5f0\"},\"description\":\"Il Papa ha ricordato \u201cil grido dei poveri, unito al grido della Terra\u201d che si \u00e8 levato nei giorni scorsi alla COP26 e ha invitato ad agire\",\"breadcrumb\":{\"@id\":\"https:\\\/\\\/exaudi.org\\\/it\\\/il-grido-dei-poveri-e-quello-della-terra\\\/#breadcrumb\"},\"inLanguage\":\"it-IT\",\"potentialAction\":[{\"@type\":\"ReadAction\",\"target\":[\"https:\\\/\\\/exaudi.org\\\/it\\\/il-grido-dei-poveri-e-quello-della-terra\\\/\"]}]},{\"@type\":\"ImageObject\",\"inLanguage\":\"it-IT\",\"@id\":\"https:\\\/\\\/exaudi.org\\\/it\\\/il-grido-dei-poveri-e-quello-della-terra\\\/#primaryimage\",\"url\":\"https:\\\/\\\/exaudi.org\\\/wp-content\\\/uploads\\\/2021\\\/11\\\/Angelus-2-scaled-1.jpg\",\"contentUrl\":\"https:\\\/\\\/exaudi.org\\\/wp-content\\\/uploads\\\/2021\\\/11\\\/Angelus-2-scaled-1.jpg\",\"width\":2560,\"height\":1707,\"caption\":\"(C) Vatican Media\"},{\"@type\":\"BreadcrumbList\",\"@id\":\"https:\\\/\\\/exaudi.org\\\/it\\\/il-grido-dei-poveri-e-quello-della-terra\\\/#breadcrumb\",\"itemListElement\":[{\"@type\":\"ListItem\",\"position\":1,\"name\":\"Portada\",\"item\":\"https:\\\/\\\/exaudi.org\\\/it\\\/\"},{\"@type\":\"ListItem\",\"position\":2,\"name\":\"Il grido dei poveri e quello della Terra\"}]},{\"@type\":\"WebSite\",\"@id\":\"https:\\\/\\\/exaudi.org\\\/#website\",\"url\":\"https:\\\/\\\/exaudi.org\\\/\",\"name\":\"Exaudi\",\"description\":\"News\",\"potentialAction\":[{\"@type\":\"SearchAction\",\"target\":{\"@type\":\"EntryPoint\",\"urlTemplate\":\"https:\\\/\\\/exaudi.org\\\/?s={search_term_string}\"},\"query-input\":{\"@type\":\"PropertyValueSpecification\",\"valueRequired\":true,\"valueName\":\"search_term_string\"}}],\"inLanguage\":\"it-IT\"},{\"@type\":\"Person\",\"@id\":\"https:\\\/\\\/exaudi.org\\\/#\\\/schema\\\/person\\\/e1ab6ed07c01774724dd96f925f3a5f0\",\"name\":\"Exaudi Redazione\",\"image\":{\"@type\":\"ImageObject\",\"inLanguage\":\"it-IT\",\"@id\":\"https:\\\/\\\/secure.gravatar.com\\\/avatar\\\/ad6774b3ada023bf5b939d64f45c94b3adf91502dd883507d469b4308a943bb3?s=96&d=mm&r=g\",\"url\":\"https:\\\/\\\/secure.gravatar.com\\\/avatar\\\/ad6774b3ada023bf5b939d64f45c94b3adf91502dd883507d469b4308a943bb3?s=96&d=mm&r=g\",\"contentUrl\":\"https:\\\/\\\/secure.gravatar.com\\\/avatar\\\/ad6774b3ada023bf5b939d64f45c94b3adf91502dd883507d469b4308a943bb3?s=96&d=mm&r=g\",\"caption\":\"Exaudi Redazione\"},\"description\":\"Che cosa \u00e8 Exaudi News? Exaudi News \u00e8 un agenzia cattolica internazionale che informa, istruisce e trasforma quotidianamente in spagnolo, inglese e italiano. Attraverso notizie, articoli di analisi e trasmissioni in diretta degli eventi del Papa, Exaudi cerca di rafforzare l'unit\u00e0 dei cristiani e di contribuire all'evangelizzazione del mondo, sempre guidato dalla dottrina sociale della Chiesa. Lavoriamo per portare la verit\u00e0 e i valori cristiani in ogni angolo del pianeta. Aiutaci a trasformare il mondo con Exaudi! Noi di Exaudi crediamo che l'evangelizzazione e l'informazione di qualit\u00e0 possano cambiare la vita. Per continuare la nostra missione ed espandere la nostra portata, abbiamo bisogno del tuo aiuto. Stiamo anche cercando persone motivate che vogliano unirsi al nostro team. Grazie al vostro sostegno raggiungeremo pi\u00f9 persone, diffonderemo il messaggio di Cristo e rafforzeremo l'unit\u00e0 dei cristiani. Vuoi unirti alla nostra missione? Per maggiori informazioni su come contribuire, visita Exaudi.org\\\/it o contattaci direttamente: info@exaudi.org Exaudi: informa, forma e trasforma.\",\"sameAs\":[\"https:\\\/\\\/www.facebook.com\\\/ExaudiNotizie\\\/\",\"https:\\\/\\\/www.instagram.com\\\/Exaudi_notizie\\\/\",\"https:\\\/\\\/x.com\\\/Exaudi_Notizie\",\"https:\\\/\\\/www.youtube.com\\\/@exaudicatholicnews\"],\"url\":\"https:\\\/\\\/exaudi.org\\\/it\\\/author\\\/dlvedi-org\\\/\"}]}<\/script>\n<!-- \/ Yoast SEO plugin. -->","yoast_head_json":{"title":"Il grido dei poveri e quello della Terra &#8211; Exaudi","description":"Il Papa ha ricordato \u201cil grido dei poveri, unito al grido della Terra\u201d che si \u00e8 levato nei giorni scorsi alla COP26 e ha invitato ad agire","robots":{"index":"index","follow":"follow","max-snippet":"max-snippet:-1","max-image-preview":"max-image-preview:large","max-video-preview":"max-video-preview:-1"},"canonical":"https:\/\/exaudi.org\/it\/il-grido-dei-poveri-e-quello-della-terra\/","og_locale":"it_IT","og_type":"article","og_title":"Il grido dei poveri e quello della Terra &#8211; Exaudi","og_description":"Il Papa ha ricordato \u201cil grido dei poveri, unito al grido della Terra\u201d che si \u00e8 levato nei giorni scorsi alla COP26 e ha invitato ad agire","og_url":"https:\/\/exaudi.org\/it\/il-grido-dei-poveri-e-quello-della-terra\/","og_site_name":"Exaudi","article_publisher":"https:\/\/www.facebook.com\/ExaudiNews","article_author":"https:\/\/www.facebook.com\/ExaudiNotizie\/","article_published_time":"2021-11-14T14:37:23+00:00","og_image":[{"width":2560,"height":1707,"url":"https:\/\/exaudi.org\/wp-content\/uploads\/2021\/11\/Angelus-2-scaled-1.jpg","type":"image\/jpeg"}],"author":"Exaudi Redazione","twitter_card":"summary_large_image","twitter_creator":"@Exaudi_Notizie","twitter_site":"@Exaudi_News","twitter_misc":{"Scritto da":"Exaudi Redazione","Tempo di lettura stimato":"5 minuti"},"schema":{"@context":"https:\/\/schema.org","@graph":[{"@type":"Article","@id":"https:\/\/exaudi.org\/it\/il-grido-dei-poveri-e-quello-della-terra\/#article","isPartOf":{"@id":"https:\/\/exaudi.org\/it\/il-grido-dei-poveri-e-quello-della-terra\/"},"author":{"name":"Exaudi Redazione","@id":"https:\/\/exaudi.org\/#\/schema\/person\/e1ab6ed07c01774724dd96f925f3a5f0"},"headline":"Il grido dei poveri e quello della Terra","datePublished":"2021-11-14T14:37:23+00:00","mainEntityOfPage":{"@id":"https:\/\/exaudi.org\/it\/il-grido-dei-poveri-e-quello-della-terra\/"},"wordCount":1078,"commentCount":0,"image":{"@id":"https:\/\/exaudi.org\/it\/il-grido-dei-poveri-e-quello-della-terra\/#primaryimage"},"thumbnailUrl":"https:\/\/exaudi.org\/wp-content\/uploads\/2021\/11\/Angelus-2-scaled-1.jpg","keywords":["\u00e1ngelus","Featured","Papa Francesco"],"articleSection":["Leone XIV","Top Ultime Notizie","Ultime Notizie"],"inLanguage":"it-IT","potentialAction":[{"@type":"CommentAction","name":"Comment","target":["https:\/\/exaudi.org\/it\/il-grido-dei-poveri-e-quello-della-terra\/#respond"]}]},{"@type":"WebPage","@id":"https:\/\/exaudi.org\/it\/il-grido-dei-poveri-e-quello-della-terra\/","url":"https:\/\/exaudi.org\/it\/il-grido-dei-poveri-e-quello-della-terra\/","name":"Il grido dei poveri e quello della Terra &#8211; Exaudi","isPartOf":{"@id":"https:\/\/exaudi.org\/#website"},"primaryImageOfPage":{"@id":"https:\/\/exaudi.org\/it\/il-grido-dei-poveri-e-quello-della-terra\/#primaryimage"},"image":{"@id":"https:\/\/exaudi.org\/it\/il-grido-dei-poveri-e-quello-della-terra\/#primaryimage"},"thumbnailUrl":"https:\/\/exaudi.org\/wp-content\/uploads\/2021\/11\/Angelus-2-scaled-1.jpg","datePublished":"2021-11-14T14:37:23+00:00","author":{"@id":"https:\/\/exaudi.org\/#\/schema\/person\/e1ab6ed07c01774724dd96f925f3a5f0"},"description":"Il Papa ha ricordato \u201cil grido dei poveri, unito al grido della Terra\u201d che si \u00e8 levato nei giorni scorsi alla COP26 e ha invitato ad agire","breadcrumb":{"@id":"https:\/\/exaudi.org\/it\/il-grido-dei-poveri-e-quello-della-terra\/#breadcrumb"},"inLanguage":"it-IT","potentialAction":[{"@type":"ReadAction","target":["https:\/\/exaudi.org\/it\/il-grido-dei-poveri-e-quello-della-terra\/"]}]},{"@type":"ImageObject","inLanguage":"it-IT","@id":"https:\/\/exaudi.org\/it\/il-grido-dei-poveri-e-quello-della-terra\/#primaryimage","url":"https:\/\/exaudi.org\/wp-content\/uploads\/2021\/11\/Angelus-2-scaled-1.jpg","contentUrl":"https:\/\/exaudi.org\/wp-content\/uploads\/2021\/11\/Angelus-2-scaled-1.jpg","width":2560,"height":1707,"caption":"(C) Vatican Media"},{"@type":"BreadcrumbList","@id":"https:\/\/exaudi.org\/it\/il-grido-dei-poveri-e-quello-della-terra\/#breadcrumb","itemListElement":[{"@type":"ListItem","position":1,"name":"Portada","item":"https:\/\/exaudi.org\/it\/"},{"@type":"ListItem","position":2,"name":"Il grido dei poveri e quello della Terra"}]},{"@type":"WebSite","@id":"https:\/\/exaudi.org\/#website","url":"https:\/\/exaudi.org\/","name":"Exaudi","description":"News","potentialAction":[{"@type":"SearchAction","target":{"@type":"EntryPoint","urlTemplate":"https:\/\/exaudi.org\/?s={search_term_string}"},"query-input":{"@type":"PropertyValueSpecification","valueRequired":true,"valueName":"search_term_string"}}],"inLanguage":"it-IT"},{"@type":"Person","@id":"https:\/\/exaudi.org\/#\/schema\/person\/e1ab6ed07c01774724dd96f925f3a5f0","name":"Exaudi Redazione","image":{"@type":"ImageObject","inLanguage":"it-IT","@id":"https:\/\/secure.gravatar.com\/avatar\/ad6774b3ada023bf5b939d64f45c94b3adf91502dd883507d469b4308a943bb3?s=96&d=mm&r=g","url":"https:\/\/secure.gravatar.com\/avatar\/ad6774b3ada023bf5b939d64f45c94b3adf91502dd883507d469b4308a943bb3?s=96&d=mm&r=g","contentUrl":"https:\/\/secure.gravatar.com\/avatar\/ad6774b3ada023bf5b939d64f45c94b3adf91502dd883507d469b4308a943bb3?s=96&d=mm&r=g","caption":"Exaudi Redazione"},"description":"Che cosa \u00e8 Exaudi News? Exaudi News \u00e8 un agenzia cattolica internazionale che informa, istruisce e trasforma quotidianamente in spagnolo, inglese e italiano. Attraverso notizie, articoli di analisi e trasmissioni in diretta degli eventi del Papa, Exaudi cerca di rafforzare l'unit\u00e0 dei cristiani e di contribuire all'evangelizzazione del mondo, sempre guidato dalla dottrina sociale della Chiesa. Lavoriamo per portare la verit\u00e0 e i valori cristiani in ogni angolo del pianeta. Aiutaci a trasformare il mondo con Exaudi! Noi di Exaudi crediamo che l'evangelizzazione e l'informazione di qualit\u00e0 possano cambiare la vita. Per continuare la nostra missione ed espandere la nostra portata, abbiamo bisogno del tuo aiuto. Stiamo anche cercando persone motivate che vogliano unirsi al nostro team. Grazie al vostro sostegno raggiungeremo pi\u00f9 persone, diffonderemo il messaggio di Cristo e rafforzeremo l'unit\u00e0 dei cristiani. Vuoi unirti alla nostra missione? Per maggiori informazioni su come contribuire, visita Exaudi.org\/it o contattaci direttamente: info@exaudi.org Exaudi: informa, forma e trasforma.","sameAs":["https:\/\/www.facebook.com\/ExaudiNotizie\/","https:\/\/www.instagram.com\/Exaudi_notizie\/","https:\/\/x.com\/Exaudi_Notizie","https:\/\/www.youtube.com\/@exaudicatholicnews"],"url":"https:\/\/exaudi.org\/it\/author\/dlvedi-org\/"}]}},"jetpack_featured_media_url":"https:\/\/exaudi.org\/wp-content\/uploads\/2021\/11\/Angelus-2-scaled-1.jpg","jetpack_shortlink":"https:\/\/wp.me\/pgKjF2-aL5","_links":{"self":[{"href":"https:\/\/exaudi.org\/it\/wp-json\/wp\/v2\/posts\/41359","targetHints":{"allow":["GET"]}}],"collection":[{"href":"https:\/\/exaudi.org\/it\/wp-json\/wp\/v2\/posts"}],"about":[{"href":"https:\/\/exaudi.org\/it\/wp-json\/wp\/v2\/types\/post"}],"author":[{"embeddable":true,"href":"https:\/\/exaudi.org\/it\/wp-json\/wp\/v2\/users\/17"}],"replies":[{"embeddable":true,"href":"https:\/\/exaudi.org\/it\/wp-json\/wp\/v2\/comments?post=41359"}],"version-history":[{"count":0,"href":"https:\/\/exaudi.org\/it\/wp-json\/wp\/v2\/posts\/41359\/revisions"}],"wp:featuredmedia":[{"embeddable":true,"href":"https:\/\/exaudi.org\/it\/wp-json\/wp\/v2\/media\/41360"}],"wp:attachment":[{"href":"https:\/\/exaudi.org\/it\/wp-json\/wp\/v2\/media?parent=41359"}],"wp:term":[{"taxonomy":"category","embeddable":true,"href":"https:\/\/exaudi.org\/it\/wp-json\/wp\/v2\/categories?post=41359"},{"taxonomy":"post_tag","embeddable":true,"href":"https:\/\/exaudi.org\/it\/wp-json\/wp\/v2\/tags?post=41359"}],"curies":[{"name":"wp","href":"https:\/\/api.w.org\/{rel}","templated":true}]}}