{"id":4119,"date":"2021-03-06T08:32:51","date_gmt":"2021-03-06T08:32:51","guid":{"rendered":"https:\/\/exaudi.org\/?p=4119"},"modified":"2021-03-06T08:33:34","modified_gmt":"2021-03-06T08:33:34","slug":"la-benedizione-del-papa-ai-giovani-di-scholas","status":"publish","type":"post","link":"https:\/\/exaudi.org\/it\/la-benedizione-del-papa-ai-giovani-di-scholas\/","title":{"rendered":"La benedizione del Papa ai giovani di Scholas"},"content":{"rendered":"<p>Durante il primo giorno del suo viaggio in Iraq, Papa Francesco ha incontrato il team di Scholas Occurentes presso la Nunziatura di Baghdad, insieme ai giovani Iracheni che hanno preso parte all&#8217;esperienza e condiviso intensi momenti, durante i quali la lingua comune era l\u2019arte, la musica e lo sport. Tra i partecipanti, Mina Hazim Louis, che ha preso parte all&#8217;incontro interreligioso a Baghdad lo scorso gioved\u00ec 4 marzo, ha regalato a Papa Francesco una maglietta dipinta da lei con il logo di Scholas e la scritta Scholas in arabo.<\/p>\n<p>Mustafa Muneer Karm, invece gli ha regalato i sogni scritti dai giovani per poter continuare a sviluppare insieme la cultura dell&#8217;incontro. Al Papa sono state mostrate le immagini delle attivit\u00e0 svolte nei giorni precedenti a Erbil, dove, grazie alla firma dell&#8217;accordo con l&#8217;Universit\u00e0 Internazionale di Tishk &#8211; TIU, \u00e8 stata inaugurata la Cattedra Scholas per lo sviluppo dei programmi in Iraq.<\/p>\n<p>Al termine dell&#8217;incontro, con la benedizione del Papa, \u00e8 stata inaugurata la Scuola di Sport per La Paz di Scholas Occurrentes, che avr\u00e0 il sostegno del Ministero della Giovent\u00f9 e dello Sport dell&#8217;Iraq e della Lega Calcio Professionistica di Spagna, che stanno gi\u00e0 sviluppando un programma per implementare il calcio di base in Iraq. La School of Sports for Peace ha anche il sostegno del World Box Council per sviluppare le azioni BoxVal in Iraq.<\/p>\n<p>Con queste azioni e impegni Scholas si assicura di mantenere vivo l\u2019impegno preso dal Papa Francesco, dopo la sua visita in Iraq, per continuare a costruire insieme ai giovani la cultura dell&#8217;incontro. Ad accompagnare i giovani di Scholas Iraq c&#8217;erano monsignor Robert Jarjis, Vescovo di Baghdad; Adnan Dirjal, Ministro della Giovent\u00f9 e dello Sport, dell&#8217;Iraq; Juan Jos\u00e9 Escobar Stemmann, ambasciatore spagnolo in Iraq, Riyadh Kadhum Alazzawi, atleta iracheno e campione mondiale di kickboxing, insieme a Mario del Verme, coordinatore sportivo di Scholas Italia e Manuel Deza, formatore internazionale di Scholas.<\/p>\n","protected":false},"excerpt":{"rendered":"<p>Inaugurata la Scuola di Sport per la pace con il sostegno del Governo iracheno<\/p>\n","protected":false},"author":17,"featured_media":4055,"comment_status":"closed","ping_status":"closed","sticky":false,"template":"","format":"standard","meta":{"_acf_changed":false,"_crdt_document":"","inline_featured_image":false,"footnotes":""},"categories":[67,536,125],"tags":[357,251,664],"class_list":["post-4119","post","type-post","status-publish","format-standard","has-post-thumbnail","hentry","category-leone-xiv","category-special-it","category-viaggi-papali","tag-iraq-it","tag-papa-francesco","tag-scholas-occurrentes-it"],"acf":[],"yoast_head":"<!-- This site is optimized with the Yoast SEO plugin v27.5 - https:\/\/yoast.com\/product\/yoast-seo-wordpress\/ -->\n<title>La benedizione del Papa ai giovani di Scholas &#8211; Exaudi<\/title>\n<meta name=\"description\" content=\"Nel primo giorno del viaggio in Iraq il Papa ha incontrato i giovani di Scholas Occurrentes che hanno avviato una nuova iniziativa in Iraq\" \/>\n<meta name=\"robots\" content=\"index, follow, max-snippet:-1, max-image-preview:large, max-video-preview:-1\" \/>\n<link rel=\"canonical\" href=\"https:\/\/exaudi.org\/it\/la-benedizione-del-papa-ai-giovani-di-scholas\/\" \/>\n<meta property=\"og:locale\" content=\"it_IT\" \/>\n<meta property=\"og:type\" content=\"article\" \/>\n<meta property=\"og:title\" content=\"La benedizione del Papa ai giovani di Scholas &#8211; Exaudi\" \/>\n<meta property=\"og:description\" content=\"Nel primo giorno del viaggio in Iraq il Papa ha incontrato i giovani di Scholas Occurrentes che hanno avviato una nuova iniziativa in Iraq\" \/>\n<meta property=\"og:url\" content=\"https:\/\/exaudi.org\/it\/la-benedizione-del-papa-ai-giovani-di-scholas\/\" \/>\n<meta property=\"og:site_name\" content=\"Exaudi\" \/>\n<meta property=\"article:publisher\" content=\"https:\/\/www.facebook.com\/ExaudiNews\" \/>\n<meta property=\"article:author\" content=\"https:\/\/www.facebook.com\/ExaudiNotizie\/\" \/>\n<meta property=\"article:published_time\" content=\"2021-03-06T08:32:51+00:00\" \/>\n<meta property=\"article:modified_time\" content=\"2021-03-06T08:33:34+00:00\" \/>\n<meta property=\"og:image\" content=\"https:\/\/exaudi.org\/wp-content\/uploads\/2021\/03\/Foto-Papa-Francesco_Scholas-Occurrentes-scaled.jpg\" \/>\n\t<meta property=\"og:image:width\" content=\"2560\" \/>\n\t<meta property=\"og:image:height\" content=\"1707\" \/>\n\t<meta property=\"og:image:type\" content=\"image\/jpeg\" \/>\n<meta name=\"author\" content=\"Exaudi Redazione\" \/>\n<meta name=\"twitter:card\" content=\"summary_large_image\" \/>\n<meta name=\"twitter:creator\" content=\"@Exaudi_Notizie\" \/>\n<meta name=\"twitter:site\" content=\"@Exaudi_News\" \/>\n<meta name=\"twitter:label1\" content=\"Scritto da\" \/>\n\t<meta name=\"twitter:data1\" content=\"Exaudi Redazione\" \/>\n\t<meta name=\"twitter:label2\" content=\"Tempo di lettura stimato\" \/>\n\t<meta name=\"twitter:data2\" content=\"2 minuti\" \/>\n<script type=\"application\/ld+json\" class=\"yoast-schema-graph\">{\"@context\":\"https:\\\/\\\/schema.org\",\"@graph\":[{\"@type\":\"Article\",\"@id\":\"https:\\\/\\\/exaudi.org\\\/it\\\/la-benedizione-del-papa-ai-giovani-di-scholas\\\/#article\",\"isPartOf\":{\"@id\":\"https:\\\/\\\/exaudi.org\\\/it\\\/la-benedizione-del-papa-ai-giovani-di-scholas\\\/\"},\"author\":{\"name\":\"Exaudi Redazione\",\"@id\":\"https:\\\/\\\/exaudi.org\\\/#\\\/schema\\\/person\\\/e1ab6ed07c01774724dd96f925f3a5f0\"},\"headline\":\"La benedizione del Papa ai giovani di Scholas\",\"datePublished\":\"2021-03-06T08:32:51+00:00\",\"dateModified\":\"2021-03-06T08:33:34+00:00\",\"mainEntityOfPage\":{\"@id\":\"https:\\\/\\\/exaudi.org\\\/it\\\/la-benedizione-del-papa-ai-giovani-di-scholas\\\/\"},\"wordCount\":332,\"image\":{\"@id\":\"https:\\\/\\\/exaudi.org\\\/it\\\/la-benedizione-del-papa-ai-giovani-di-scholas\\\/#primaryimage\"},\"thumbnailUrl\":\"https:\\\/\\\/exaudi.org\\\/wp-content\\\/uploads\\\/2021\\\/03\\\/Foto-Papa-Francesco_Scholas-Occurrentes-scaled.jpg\",\"keywords\":[\"iraq\",\"Papa Francesco\",\"Scholas Occurrentes\"],\"articleSection\":[\"Leone XIV\",\"Special\",\"Viaggi papali\"],\"inLanguage\":\"it-IT\"},{\"@type\":\"WebPage\",\"@id\":\"https:\\\/\\\/exaudi.org\\\/it\\\/la-benedizione-del-papa-ai-giovani-di-scholas\\\/\",\"url\":\"https:\\\/\\\/exaudi.org\\\/it\\\/la-benedizione-del-papa-ai-giovani-di-scholas\\\/\",\"name\":\"La benedizione del Papa ai giovani di Scholas &#8211; Exaudi\",\"isPartOf\":{\"@id\":\"https:\\\/\\\/exaudi.org\\\/#website\"},\"primaryImageOfPage\":{\"@id\":\"https:\\\/\\\/exaudi.org\\\/it\\\/la-benedizione-del-papa-ai-giovani-di-scholas\\\/#primaryimage\"},\"image\":{\"@id\":\"https:\\\/\\\/exaudi.org\\\/it\\\/la-benedizione-del-papa-ai-giovani-di-scholas\\\/#primaryimage\"},\"thumbnailUrl\":\"https:\\\/\\\/exaudi.org\\\/wp-content\\\/uploads\\\/2021\\\/03\\\/Foto-Papa-Francesco_Scholas-Occurrentes-scaled.jpg\",\"datePublished\":\"2021-03-06T08:32:51+00:00\",\"dateModified\":\"2021-03-06T08:33:34+00:00\",\"author\":{\"@id\":\"https:\\\/\\\/exaudi.org\\\/#\\\/schema\\\/person\\\/e1ab6ed07c01774724dd96f925f3a5f0\"},\"description\":\"Nel primo giorno del viaggio in Iraq il Papa ha incontrato i giovani di Scholas Occurrentes che hanno avviato una nuova iniziativa in Iraq\",\"breadcrumb\":{\"@id\":\"https:\\\/\\\/exaudi.org\\\/it\\\/la-benedizione-del-papa-ai-giovani-di-scholas\\\/#breadcrumb\"},\"inLanguage\":\"it-IT\",\"potentialAction\":[{\"@type\":\"ReadAction\",\"target\":[\"https:\\\/\\\/exaudi.org\\\/it\\\/la-benedizione-del-papa-ai-giovani-di-scholas\\\/\"]}]},{\"@type\":\"ImageObject\",\"inLanguage\":\"it-IT\",\"@id\":\"https:\\\/\\\/exaudi.org\\\/it\\\/la-benedizione-del-papa-ai-giovani-di-scholas\\\/#primaryimage\",\"url\":\"https:\\\/\\\/exaudi.org\\\/wp-content\\\/uploads\\\/2021\\\/03\\\/Foto-Papa-Francesco_Scholas-Occurrentes-scaled.jpg\",\"contentUrl\":\"https:\\\/\\\/exaudi.org\\\/wp-content\\\/uploads\\\/2021\\\/03\\\/Foto-Papa-Francesco_Scholas-Occurrentes-scaled.jpg\",\"width\":2560,\"height\":1707,\"caption\":\"Il Papa con i giovani di Scholas Ocurrentes \u00a9\ufe0fVatican Media\"},{\"@type\":\"BreadcrumbList\",\"@id\":\"https:\\\/\\\/exaudi.org\\\/it\\\/la-benedizione-del-papa-ai-giovani-di-scholas\\\/#breadcrumb\",\"itemListElement\":[{\"@type\":\"ListItem\",\"position\":1,\"name\":\"Portada\",\"item\":\"https:\\\/\\\/exaudi.org\\\/it\\\/\"},{\"@type\":\"ListItem\",\"position\":2,\"name\":\"La benedizione del Papa ai giovani di Scholas\"}]},{\"@type\":\"WebSite\",\"@id\":\"https:\\\/\\\/exaudi.org\\\/#website\",\"url\":\"https:\\\/\\\/exaudi.org\\\/\",\"name\":\"Exaudi\",\"description\":\"News\",\"potentialAction\":[{\"@type\":\"SearchAction\",\"target\":{\"@type\":\"EntryPoint\",\"urlTemplate\":\"https:\\\/\\\/exaudi.org\\\/?s={search_term_string}\"},\"query-input\":{\"@type\":\"PropertyValueSpecification\",\"valueRequired\":true,\"valueName\":\"search_term_string\"}}],\"inLanguage\":\"it-IT\"},{\"@type\":\"Person\",\"@id\":\"https:\\\/\\\/exaudi.org\\\/#\\\/schema\\\/person\\\/e1ab6ed07c01774724dd96f925f3a5f0\",\"name\":\"Exaudi Redazione\",\"image\":{\"@type\":\"ImageObject\",\"inLanguage\":\"it-IT\",\"@id\":\"https:\\\/\\\/secure.gravatar.com\\\/avatar\\\/ad6774b3ada023bf5b939d64f45c94b3adf91502dd883507d469b4308a943bb3?s=96&d=mm&r=g\",\"url\":\"https:\\\/\\\/secure.gravatar.com\\\/avatar\\\/ad6774b3ada023bf5b939d64f45c94b3adf91502dd883507d469b4308a943bb3?s=96&d=mm&r=g\",\"contentUrl\":\"https:\\\/\\\/secure.gravatar.com\\\/avatar\\\/ad6774b3ada023bf5b939d64f45c94b3adf91502dd883507d469b4308a943bb3?s=96&d=mm&r=g\",\"caption\":\"Exaudi Redazione\"},\"description\":\"Che cosa \u00e8 Exaudi News? Exaudi News \u00e8 un agenzia cattolica internazionale che informa, istruisce e trasforma quotidianamente in spagnolo, inglese e italiano. Attraverso notizie, articoli di analisi e trasmissioni in diretta degli eventi del Papa, Exaudi cerca di rafforzare l'unit\u00e0 dei cristiani e di contribuire all'evangelizzazione del mondo, sempre guidato dalla dottrina sociale della Chiesa. Lavoriamo per portare la verit\u00e0 e i valori cristiani in ogni angolo del pianeta. Aiutaci a trasformare il mondo con Exaudi! Noi di Exaudi crediamo che l'evangelizzazione e l'informazione di qualit\u00e0 possano cambiare la vita. Per continuare la nostra missione ed espandere la nostra portata, abbiamo bisogno del tuo aiuto. Stiamo anche cercando persone motivate che vogliano unirsi al nostro team. Grazie al vostro sostegno raggiungeremo pi\u00f9 persone, diffonderemo il messaggio di Cristo e rafforzeremo l'unit\u00e0 dei cristiani. Vuoi unirti alla nostra missione? Per maggiori informazioni su come contribuire, visita Exaudi.org\\\/it o contattaci direttamente: info@exaudi.org Exaudi: informa, forma e trasforma.\",\"sameAs\":[\"https:\\\/\\\/www.facebook.com\\\/ExaudiNotizie\\\/\",\"https:\\\/\\\/www.instagram.com\\\/Exaudi_notizie\\\/\",\"https:\\\/\\\/x.com\\\/Exaudi_Notizie\",\"https:\\\/\\\/www.youtube.com\\\/@exaudicatholicnews\"],\"url\":\"https:\\\/\\\/exaudi.org\\\/it\\\/author\\\/dlvedi-org\\\/\"}]}<\/script>\n<!-- \/ Yoast SEO plugin. -->","yoast_head_json":{"title":"La benedizione del Papa ai giovani di Scholas &#8211; Exaudi","description":"Nel primo giorno del viaggio in Iraq il Papa ha incontrato i giovani di Scholas Occurrentes che hanno avviato una nuova iniziativa in Iraq","robots":{"index":"index","follow":"follow","max-snippet":"max-snippet:-1","max-image-preview":"max-image-preview:large","max-video-preview":"max-video-preview:-1"},"canonical":"https:\/\/exaudi.org\/it\/la-benedizione-del-papa-ai-giovani-di-scholas\/","og_locale":"it_IT","og_type":"article","og_title":"La benedizione del Papa ai giovani di Scholas &#8211; Exaudi","og_description":"Nel primo giorno del viaggio in Iraq il Papa ha incontrato i giovani di Scholas Occurrentes che hanno avviato una nuova iniziativa in Iraq","og_url":"https:\/\/exaudi.org\/it\/la-benedizione-del-papa-ai-giovani-di-scholas\/","og_site_name":"Exaudi","article_publisher":"https:\/\/www.facebook.com\/ExaudiNews","article_author":"https:\/\/www.facebook.com\/ExaudiNotizie\/","article_published_time":"2021-03-06T08:32:51+00:00","article_modified_time":"2021-03-06T08:33:34+00:00","og_image":[{"width":2560,"height":1707,"url":"https:\/\/exaudi.org\/wp-content\/uploads\/2021\/03\/Foto-Papa-Francesco_Scholas-Occurrentes-scaled.jpg","type":"image\/jpeg"}],"author":"Exaudi Redazione","twitter_card":"summary_large_image","twitter_creator":"@Exaudi_Notizie","twitter_site":"@Exaudi_News","twitter_misc":{"Scritto da":"Exaudi Redazione","Tempo di lettura stimato":"2 minuti"},"schema":{"@context":"https:\/\/schema.org","@graph":[{"@type":"Article","@id":"https:\/\/exaudi.org\/it\/la-benedizione-del-papa-ai-giovani-di-scholas\/#article","isPartOf":{"@id":"https:\/\/exaudi.org\/it\/la-benedizione-del-papa-ai-giovani-di-scholas\/"},"author":{"name":"Exaudi Redazione","@id":"https:\/\/exaudi.org\/#\/schema\/person\/e1ab6ed07c01774724dd96f925f3a5f0"},"headline":"La benedizione del Papa ai giovani di Scholas","datePublished":"2021-03-06T08:32:51+00:00","dateModified":"2021-03-06T08:33:34+00:00","mainEntityOfPage":{"@id":"https:\/\/exaudi.org\/it\/la-benedizione-del-papa-ai-giovani-di-scholas\/"},"wordCount":332,"image":{"@id":"https:\/\/exaudi.org\/it\/la-benedizione-del-papa-ai-giovani-di-scholas\/#primaryimage"},"thumbnailUrl":"https:\/\/exaudi.org\/wp-content\/uploads\/2021\/03\/Foto-Papa-Francesco_Scholas-Occurrentes-scaled.jpg","keywords":["iraq","Papa Francesco","Scholas Occurrentes"],"articleSection":["Leone XIV","Special","Viaggi papali"],"inLanguage":"it-IT"},{"@type":"WebPage","@id":"https:\/\/exaudi.org\/it\/la-benedizione-del-papa-ai-giovani-di-scholas\/","url":"https:\/\/exaudi.org\/it\/la-benedizione-del-papa-ai-giovani-di-scholas\/","name":"La benedizione del Papa ai giovani di Scholas &#8211; Exaudi","isPartOf":{"@id":"https:\/\/exaudi.org\/#website"},"primaryImageOfPage":{"@id":"https:\/\/exaudi.org\/it\/la-benedizione-del-papa-ai-giovani-di-scholas\/#primaryimage"},"image":{"@id":"https:\/\/exaudi.org\/it\/la-benedizione-del-papa-ai-giovani-di-scholas\/#primaryimage"},"thumbnailUrl":"https:\/\/exaudi.org\/wp-content\/uploads\/2021\/03\/Foto-Papa-Francesco_Scholas-Occurrentes-scaled.jpg","datePublished":"2021-03-06T08:32:51+00:00","dateModified":"2021-03-06T08:33:34+00:00","author":{"@id":"https:\/\/exaudi.org\/#\/schema\/person\/e1ab6ed07c01774724dd96f925f3a5f0"},"description":"Nel primo giorno del viaggio in Iraq il Papa ha incontrato i giovani di Scholas Occurrentes che hanno avviato una nuova iniziativa in Iraq","breadcrumb":{"@id":"https:\/\/exaudi.org\/it\/la-benedizione-del-papa-ai-giovani-di-scholas\/#breadcrumb"},"inLanguage":"it-IT","potentialAction":[{"@type":"ReadAction","target":["https:\/\/exaudi.org\/it\/la-benedizione-del-papa-ai-giovani-di-scholas\/"]}]},{"@type":"ImageObject","inLanguage":"it-IT","@id":"https:\/\/exaudi.org\/it\/la-benedizione-del-papa-ai-giovani-di-scholas\/#primaryimage","url":"https:\/\/exaudi.org\/wp-content\/uploads\/2021\/03\/Foto-Papa-Francesco_Scholas-Occurrentes-scaled.jpg","contentUrl":"https:\/\/exaudi.org\/wp-content\/uploads\/2021\/03\/Foto-Papa-Francesco_Scholas-Occurrentes-scaled.jpg","width":2560,"height":1707,"caption":"Il Papa con i giovani di Scholas Ocurrentes \u00a9\ufe0fVatican Media"},{"@type":"BreadcrumbList","@id":"https:\/\/exaudi.org\/it\/la-benedizione-del-papa-ai-giovani-di-scholas\/#breadcrumb","itemListElement":[{"@type":"ListItem","position":1,"name":"Portada","item":"https:\/\/exaudi.org\/it\/"},{"@type":"ListItem","position":2,"name":"La benedizione del Papa ai giovani di Scholas"}]},{"@type":"WebSite","@id":"https:\/\/exaudi.org\/#website","url":"https:\/\/exaudi.org\/","name":"Exaudi","description":"News","potentialAction":[{"@type":"SearchAction","target":{"@type":"EntryPoint","urlTemplate":"https:\/\/exaudi.org\/?s={search_term_string}"},"query-input":{"@type":"PropertyValueSpecification","valueRequired":true,"valueName":"search_term_string"}}],"inLanguage":"it-IT"},{"@type":"Person","@id":"https:\/\/exaudi.org\/#\/schema\/person\/e1ab6ed07c01774724dd96f925f3a5f0","name":"Exaudi Redazione","image":{"@type":"ImageObject","inLanguage":"it-IT","@id":"https:\/\/secure.gravatar.com\/avatar\/ad6774b3ada023bf5b939d64f45c94b3adf91502dd883507d469b4308a943bb3?s=96&d=mm&r=g","url":"https:\/\/secure.gravatar.com\/avatar\/ad6774b3ada023bf5b939d64f45c94b3adf91502dd883507d469b4308a943bb3?s=96&d=mm&r=g","contentUrl":"https:\/\/secure.gravatar.com\/avatar\/ad6774b3ada023bf5b939d64f45c94b3adf91502dd883507d469b4308a943bb3?s=96&d=mm&r=g","caption":"Exaudi Redazione"},"description":"Che cosa \u00e8 Exaudi News? Exaudi News \u00e8 un agenzia cattolica internazionale che informa, istruisce e trasforma quotidianamente in spagnolo, inglese e italiano. Attraverso notizie, articoli di analisi e trasmissioni in diretta degli eventi del Papa, Exaudi cerca di rafforzare l'unit\u00e0 dei cristiani e di contribuire all'evangelizzazione del mondo, sempre guidato dalla dottrina sociale della Chiesa. Lavoriamo per portare la verit\u00e0 e i valori cristiani in ogni angolo del pianeta. Aiutaci a trasformare il mondo con Exaudi! Noi di Exaudi crediamo che l'evangelizzazione e l'informazione di qualit\u00e0 possano cambiare la vita. Per continuare la nostra missione ed espandere la nostra portata, abbiamo bisogno del tuo aiuto. Stiamo anche cercando persone motivate che vogliano unirsi al nostro team. Grazie al vostro sostegno raggiungeremo pi\u00f9 persone, diffonderemo il messaggio di Cristo e rafforzeremo l'unit\u00e0 dei cristiani. Vuoi unirti alla nostra missione? Per maggiori informazioni su come contribuire, visita Exaudi.org\/it o contattaci direttamente: info@exaudi.org Exaudi: informa, forma e trasforma.","sameAs":["https:\/\/www.facebook.com\/ExaudiNotizie\/","https:\/\/www.instagram.com\/Exaudi_notizie\/","https:\/\/x.com\/Exaudi_Notizie","https:\/\/www.youtube.com\/@exaudicatholicnews"],"url":"https:\/\/exaudi.org\/it\/author\/dlvedi-org\/"}]}},"jetpack_featured_media_url":"https:\/\/exaudi.org\/wp-content\/uploads\/2021\/03\/Foto-Papa-Francesco_Scholas-Occurrentes-scaled.jpg","jetpack_shortlink":"https:\/\/wp.me\/pgKjF2-14r","_links":{"self":[{"href":"https:\/\/exaudi.org\/it\/wp-json\/wp\/v2\/posts\/4119","targetHints":{"allow":["GET"]}}],"collection":[{"href":"https:\/\/exaudi.org\/it\/wp-json\/wp\/v2\/posts"}],"about":[{"href":"https:\/\/exaudi.org\/it\/wp-json\/wp\/v2\/types\/post"}],"author":[{"embeddable":true,"href":"https:\/\/exaudi.org\/it\/wp-json\/wp\/v2\/users\/17"}],"replies":[{"embeddable":true,"href":"https:\/\/exaudi.org\/it\/wp-json\/wp\/v2\/comments?post=4119"}],"version-history":[{"count":0,"href":"https:\/\/exaudi.org\/it\/wp-json\/wp\/v2\/posts\/4119\/revisions"}],"wp:featuredmedia":[{"embeddable":true,"href":"https:\/\/exaudi.org\/it\/wp-json\/wp\/v2\/media\/4055"}],"wp:attachment":[{"href":"https:\/\/exaudi.org\/it\/wp-json\/wp\/v2\/media?parent=4119"}],"wp:term":[{"taxonomy":"category","embeddable":true,"href":"https:\/\/exaudi.org\/it\/wp-json\/wp\/v2\/categories?post=4119"},{"taxonomy":"post_tag","embeddable":true,"href":"https:\/\/exaudi.org\/it\/wp-json\/wp\/v2\/tags?post=4119"}],"curies":[{"name":"wp","href":"https:\/\/api.w.org\/{rel}","templated":true}]}}