{"id":4117,"date":"2021-03-06T08:22:39","date_gmt":"2021-03-06T08:22:39","guid":{"rendered":"https:\/\/exaudi.org\/?p=4117"},"modified":"2021-03-06T08:22:39","modified_gmt":"2021-03-06T08:22:39","slug":"francesco-e-al-sistani-insieme-per-il-dialogo","status":"publish","type":"post","link":"https:\/\/exaudi.org\/it\/francesco-e-al-sistani-insieme-per-il-dialogo\/","title":{"rendered":"Francesco e Al-Sistani, insieme per il dialogo"},"content":{"rendered":"<p>Il Santo Padre ha incontrato questa mattina a Najaf il Grande Ayatollah Sayyid Ali Al-Husayni Al-Sistani. Il colloquio con il leader sciita era uno dei momenti pi\u00f9 attesi dello storico viaggio di Francesco in Iraq.<\/p>\n<p>\u201cDurante la visita di cortesia, durata circa quarantacinque minuti \u2013 ha spiegato il direttore della Sala Stampa vaticana Matteo Bruni &#8211; \u00a0il Santo Padre ha sottolineato l\u2019importanza della collaborazione e dell\u2019amicizia fra le comunit\u00e0 religiose perch\u00e9, coltivando il rispetto reciproco e il dialogo, si possa contribuire al bene dell\u2019Iraq, della regione e dell\u2019intera umanit\u00e0. L\u2019incontro \u00e8 stata l\u2019occasione per il Papa di ringraziare il Grande Ayatollah Al-Sistani perch\u00e9, assieme alla comunit\u00e0 sciita, di fronte alla violenza e alle grandi difficolt\u00e0 degli anni scorsi, ha levato la sua voce in difesa dei pi\u00f9 deboli e perseguitati, affermando la sacralit\u00e0 della vita umana e l\u2019importanza dell\u2019unit\u00e0 del popolo iracheno. Nel congedarsi dal Grande Ayatollah, il Santo Padre ha ribadito la sua preghiera a Dio, Creatore di tutti, per un futuro di pace e di fraternit\u00e0 per l\u2019amata terra irachena, per il Medio Oriente e per il mondo intero\u201d.<\/p>\n<p>Il Papa dopo aver lasciato la nunziatura a Baghdad, si era trasferito in auto all\u2019aeroporto internazionale e a bordo di un aereo dell\u2019Iraqi Airways, era partito alla volta di Najaf. Al suo arrivo \u00e8 stato accolto in forma privata dal Governatore di Najaf. Quindi Francesco si \u00e8 recato in auto alla residenza del Grande Ayatollah Al-Sistani. Papa Francesco \u00e8 stato accolto all\u2019ingresso dal figlio dell\u2019Ayatollah, Mohammed Rida, che lo ha accompagnato nella sala dove ha avuto luogo il colloquio privato con Al-Sistani.<\/p>\n<p>Il S. Padre \u00e8 quindi ripartito in aereo alla volta di Nassiriya, dove \u00e8 stato accolto dall\u2019arcivescovo di Bassorah dei Caldei, monsignor Habib Hermiz Jajou Al Nawfali, dall\u2019Esarca Patriarcale di Bassorah e Golfo, monsignor Firas Drdr, da alcune autorit\u00e0 civili e religiose, per poi trasferirsi in auto ad Ur dei Caldei dove \u00e8 in programma l\u2019incontro interreligioso.<\/p>\n","protected":false},"excerpt":{"rendered":"<p>Storico incontro tra il Pontefice e il leader della comunit\u00e0 sciita irachena<\/p>\n","protected":false},"author":18,"featured_media":4111,"comment_status":"closed","ping_status":"closed","sticky":false,"template":"","format":"standard","meta":{"_acf_changed":false,"_crdt_document":"","inline_featured_image":false,"footnotes":""},"categories":[],"tags":[663,357,357,357,357,357,357],"class_list":["post-4117","post","type-post","status-publish","format-standard","has-post-thumbnail","hentry","tag-al-sistani-it","tag-iraq-it"],"acf":[],"yoast_head":"<!-- This site is optimized with the Yoast SEO plugin v27.5 - https:\/\/yoast.com\/product\/yoast-seo-wordpress\/ -->\n<title>Francesco e Al-Sistani, insieme per il dialogo &#8211; Exaudi<\/title>\n<meta name=\"description\" content=\"Papa Francesco ha incontrato Al-Sistani, leader della comunit\u00e0 sciita: ribadita l&#039;importanza del dialogo e della collaborazione\" \/>\n<meta name=\"robots\" content=\"index, follow, max-snippet:-1, max-image-preview:large, max-video-preview:-1\" \/>\n<link rel=\"canonical\" href=\"https:\/\/exaudi.org\/it\/francesco-e-al-sistani-insieme-per-il-dialogo\/\" \/>\n<meta property=\"og:locale\" content=\"it_IT\" \/>\n<meta property=\"og:type\" content=\"article\" \/>\n<meta property=\"og:title\" content=\"Francesco e Al-Sistani, insieme per il dialogo &#8211; Exaudi\" \/>\n<meta property=\"og:description\" content=\"Papa Francesco ha incontrato Al-Sistani, leader della comunit\u00e0 sciita: ribadita l&#039;importanza del dialogo e della collaborazione\" \/>\n<meta property=\"og:url\" content=\"https:\/\/exaudi.org\/it\/francesco-e-al-sistani-insieme-per-il-dialogo\/\" \/>\n<meta property=\"og:site_name\" content=\"Exaudi\" \/>\n<meta property=\"article:publisher\" content=\"https:\/\/www.facebook.com\/ExaudiNews\" \/>\n<meta property=\"article:published_time\" content=\"2021-03-06T08:22:39+00:00\" \/>\n<meta property=\"og:image\" content=\"https:\/\/exaudi.org\/wp-content\/uploads\/2021\/03\/157951190_10158546686289145_4310193914676936213_o.jpg\" \/>\n\t<meta property=\"og:image:width\" content=\"1440\" \/>\n\t<meta property=\"og:image:height\" content=\"1309\" \/>\n\t<meta property=\"og:image:type\" content=\"image\/jpeg\" \/>\n<meta name=\"author\" content=\"Andrea Acali\" \/>\n<meta name=\"twitter:card\" content=\"summary_large_image\" \/>\n<meta name=\"twitter:creator\" content=\"@Exaudi_News\" \/>\n<meta name=\"twitter:site\" content=\"@Exaudi_News\" \/>\n<meta name=\"twitter:label1\" content=\"Scritto da\" \/>\n\t<meta name=\"twitter:data1\" content=\"Andrea Acali\" \/>\n\t<meta name=\"twitter:label2\" content=\"Tempo di lettura stimato\" \/>\n\t<meta name=\"twitter:data2\" content=\"2 minuti\" \/>\n<script type=\"application\/ld+json\" class=\"yoast-schema-graph\">{\"@context\":\"https:\\\/\\\/schema.org\",\"@graph\":[{\"@type\":\"Article\",\"@id\":\"https:\\\/\\\/exaudi.org\\\/it\\\/francesco-e-al-sistani-insieme-per-il-dialogo\\\/#article\",\"isPartOf\":{\"@id\":\"https:\\\/\\\/exaudi.org\\\/it\\\/francesco-e-al-sistani-insieme-per-il-dialogo\\\/\"},\"author\":{\"name\":\"Andrea Acali\",\"@id\":\"https:\\\/\\\/exaudi.org\\\/#\\\/schema\\\/person\\\/127735be832481a6d3c410c5837bb61a\"},\"headline\":\"Francesco e Al-Sistani, insieme per il dialogo\",\"datePublished\":\"2021-03-06T08:22:39+00:00\",\"mainEntityOfPage\":{\"@id\":\"https:\\\/\\\/exaudi.org\\\/it\\\/francesco-e-al-sistani-insieme-per-il-dialogo\\\/\"},\"wordCount\":335,\"image\":{\"@id\":\"https:\\\/\\\/exaudi.org\\\/it\\\/francesco-e-al-sistani-insieme-per-il-dialogo\\\/#primaryimage\"},\"thumbnailUrl\":\"https:\\\/\\\/exaudi.org\\\/wp-content\\\/uploads\\\/2021\\\/03\\\/157951190_10158546686289145_4310193914676936213_o.jpg\",\"keywords\":[\"al-sistani\",\"iraq\",\"iraq\",\"iraq\",\"iraq\",\"iraq\",\"iraq\"],\"inLanguage\":\"it-IT\"},{\"@type\":\"WebPage\",\"@id\":\"https:\\\/\\\/exaudi.org\\\/it\\\/francesco-e-al-sistani-insieme-per-il-dialogo\\\/\",\"url\":\"https:\\\/\\\/exaudi.org\\\/it\\\/francesco-e-al-sistani-insieme-per-il-dialogo\\\/\",\"name\":\"Francesco e Al-Sistani, insieme per il dialogo &#8211; Exaudi\",\"isPartOf\":{\"@id\":\"https:\\\/\\\/exaudi.org\\\/#website\"},\"primaryImageOfPage\":{\"@id\":\"https:\\\/\\\/exaudi.org\\\/it\\\/francesco-e-al-sistani-insieme-per-il-dialogo\\\/#primaryimage\"},\"image\":{\"@id\":\"https:\\\/\\\/exaudi.org\\\/it\\\/francesco-e-al-sistani-insieme-per-il-dialogo\\\/#primaryimage\"},\"thumbnailUrl\":\"https:\\\/\\\/exaudi.org\\\/wp-content\\\/uploads\\\/2021\\\/03\\\/157951190_10158546686289145_4310193914676936213_o.jpg\",\"datePublished\":\"2021-03-06T08:22:39+00:00\",\"author\":{\"@id\":\"https:\\\/\\\/exaudi.org\\\/#\\\/schema\\\/person\\\/127735be832481a6d3c410c5837bb61a\"},\"description\":\"Papa Francesco ha incontrato Al-Sistani, leader della comunit\u00e0 sciita: ribadita l'importanza del dialogo e della collaborazione\",\"breadcrumb\":{\"@id\":\"https:\\\/\\\/exaudi.org\\\/it\\\/francesco-e-al-sistani-insieme-per-il-dialogo\\\/#breadcrumb\"},\"inLanguage\":\"it-IT\",\"potentialAction\":[{\"@type\":\"ReadAction\",\"target\":[\"https:\\\/\\\/exaudi.org\\\/it\\\/francesco-e-al-sistani-insieme-per-il-dialogo\\\/\"]}]},{\"@type\":\"ImageObject\",\"inLanguage\":\"it-IT\",\"@id\":\"https:\\\/\\\/exaudi.org\\\/it\\\/francesco-e-al-sistani-insieme-per-il-dialogo\\\/#primaryimage\",\"url\":\"https:\\\/\\\/exaudi.org\\\/wp-content\\\/uploads\\\/2021\\\/03\\\/157951190_10158546686289145_4310193914676936213_o.jpg\",\"contentUrl\":\"https:\\\/\\\/exaudi.org\\\/wp-content\\\/uploads\\\/2021\\\/03\\\/157951190_10158546686289145_4310193914676936213_o.jpg\",\"width\":1440,\"height\":1309,\"caption\":\"Papa Francesco a colloquio con Al-Sistani \u00a9 Vatican Media\"},{\"@type\":\"BreadcrumbList\",\"@id\":\"https:\\\/\\\/exaudi.org\\\/it\\\/francesco-e-al-sistani-insieme-per-il-dialogo\\\/#breadcrumb\",\"itemListElement\":[{\"@type\":\"ListItem\",\"position\":1,\"name\":\"Portada\",\"item\":\"https:\\\/\\\/exaudi.org\\\/it\\\/\"},{\"@type\":\"ListItem\",\"position\":2,\"name\":\"Francesco e Al-Sistani, insieme per il dialogo\"}]},{\"@type\":\"WebSite\",\"@id\":\"https:\\\/\\\/exaudi.org\\\/#website\",\"url\":\"https:\\\/\\\/exaudi.org\\\/\",\"name\":\"Exaudi\",\"description\":\"News\",\"potentialAction\":[{\"@type\":\"SearchAction\",\"target\":{\"@type\":\"EntryPoint\",\"urlTemplate\":\"https:\\\/\\\/exaudi.org\\\/?s={search_term_string}\"},\"query-input\":{\"@type\":\"PropertyValueSpecification\",\"valueRequired\":true,\"valueName\":\"search_term_string\"}}],\"inLanguage\":\"it-IT\"},{\"@type\":\"Person\",\"@id\":\"https:\\\/\\\/exaudi.org\\\/#\\\/schema\\\/person\\\/127735be832481a6d3c410c5837bb61a\",\"name\":\"Andrea Acali\",\"image\":{\"@type\":\"ImageObject\",\"inLanguage\":\"it-IT\",\"@id\":\"https:\\\/\\\/secure.gravatar.com\\\/avatar\\\/2abf8e528c4f8c571ab456e5ef9ac66b04b987863e3ab3fd9546150699bb9259?s=96&d=mm&r=g\",\"url\":\"https:\\\/\\\/secure.gravatar.com\\\/avatar\\\/2abf8e528c4f8c571ab456e5ef9ac66b04b987863e3ab3fd9546150699bb9259?s=96&d=mm&r=g\",\"contentUrl\":\"https:\\\/\\\/secure.gravatar.com\\\/avatar\\\/2abf8e528c4f8c571ab456e5ef9ac66b04b987863e3ab3fd9546150699bb9259?s=96&d=mm&r=g\",\"caption\":\"Andrea Acali\"},\"description\":\"Andrea Acali es un periodista y comunicador italiano con una larga trayectoria en el \u00e1mbito de la informaci\u00f3n religiosa, social y deportiva. Durante casi treinta a\u00f1os trabaj\u00f3 en el diario Il Tempo como vaticanista y jefe de secci\u00f3n, especializ\u00e1ndose en la cobertura de la actualidad del Vaticano y de la Iglesia cat\u00f3lica. Desde 2016 colabora como periodista web en RomaSette y tambi\u00e9n escribe para el peri\u00f3dico Avvenire. Desde 2019 ejerce como comunicador en la Delegazione della Generalitat de Catalunya in Italia, con sede en Roma, donde combina su experiencia period\u00edstica con la comunicaci\u00f3n institucional\",\"sameAs\":[\"https:\\\/\\\/www.linkedin.com\\\/in\\\/andrea-acali-505567125\\\/?originalSubdomain=it\"],\"url\":\"https:\\\/\\\/exaudi.org\\\/it\\\/author\\\/aacaliexaudi-org\\\/\"}]}<\/script>\n<!-- \/ Yoast SEO plugin. -->","yoast_head_json":{"title":"Francesco e Al-Sistani, insieme per il dialogo &#8211; Exaudi","description":"Papa Francesco ha incontrato Al-Sistani, leader della comunit\u00e0 sciita: ribadita l'importanza del dialogo e della collaborazione","robots":{"index":"index","follow":"follow","max-snippet":"max-snippet:-1","max-image-preview":"max-image-preview:large","max-video-preview":"max-video-preview:-1"},"canonical":"https:\/\/exaudi.org\/it\/francesco-e-al-sistani-insieme-per-il-dialogo\/","og_locale":"it_IT","og_type":"article","og_title":"Francesco e Al-Sistani, insieme per il dialogo &#8211; Exaudi","og_description":"Papa Francesco ha incontrato Al-Sistani, leader della comunit\u00e0 sciita: ribadita l'importanza del dialogo e della collaborazione","og_url":"https:\/\/exaudi.org\/it\/francesco-e-al-sistani-insieme-per-il-dialogo\/","og_site_name":"Exaudi","article_publisher":"https:\/\/www.facebook.com\/ExaudiNews","article_published_time":"2021-03-06T08:22:39+00:00","og_image":[{"width":1440,"height":1309,"url":"https:\/\/exaudi.org\/wp-content\/uploads\/2021\/03\/157951190_10158546686289145_4310193914676936213_o.jpg","type":"image\/jpeg"}],"author":"Andrea Acali","twitter_card":"summary_large_image","twitter_creator":"@Exaudi_News","twitter_site":"@Exaudi_News","twitter_misc":{"Scritto da":"Andrea Acali","Tempo di lettura stimato":"2 minuti"},"schema":{"@context":"https:\/\/schema.org","@graph":[{"@type":"Article","@id":"https:\/\/exaudi.org\/it\/francesco-e-al-sistani-insieme-per-il-dialogo\/#article","isPartOf":{"@id":"https:\/\/exaudi.org\/it\/francesco-e-al-sistani-insieme-per-il-dialogo\/"},"author":{"name":"Andrea Acali","@id":"https:\/\/exaudi.org\/#\/schema\/person\/127735be832481a6d3c410c5837bb61a"},"headline":"Francesco e Al-Sistani, insieme per il dialogo","datePublished":"2021-03-06T08:22:39+00:00","mainEntityOfPage":{"@id":"https:\/\/exaudi.org\/it\/francesco-e-al-sistani-insieme-per-il-dialogo\/"},"wordCount":335,"image":{"@id":"https:\/\/exaudi.org\/it\/francesco-e-al-sistani-insieme-per-il-dialogo\/#primaryimage"},"thumbnailUrl":"https:\/\/exaudi.org\/wp-content\/uploads\/2021\/03\/157951190_10158546686289145_4310193914676936213_o.jpg","keywords":["al-sistani","iraq","iraq","iraq","iraq","iraq","iraq"],"inLanguage":"it-IT"},{"@type":"WebPage","@id":"https:\/\/exaudi.org\/it\/francesco-e-al-sistani-insieme-per-il-dialogo\/","url":"https:\/\/exaudi.org\/it\/francesco-e-al-sistani-insieme-per-il-dialogo\/","name":"Francesco e Al-Sistani, insieme per il dialogo &#8211; Exaudi","isPartOf":{"@id":"https:\/\/exaudi.org\/#website"},"primaryImageOfPage":{"@id":"https:\/\/exaudi.org\/it\/francesco-e-al-sistani-insieme-per-il-dialogo\/#primaryimage"},"image":{"@id":"https:\/\/exaudi.org\/it\/francesco-e-al-sistani-insieme-per-il-dialogo\/#primaryimage"},"thumbnailUrl":"https:\/\/exaudi.org\/wp-content\/uploads\/2021\/03\/157951190_10158546686289145_4310193914676936213_o.jpg","datePublished":"2021-03-06T08:22:39+00:00","author":{"@id":"https:\/\/exaudi.org\/#\/schema\/person\/127735be832481a6d3c410c5837bb61a"},"description":"Papa Francesco ha incontrato Al-Sistani, leader della comunit\u00e0 sciita: ribadita l'importanza del dialogo e della collaborazione","breadcrumb":{"@id":"https:\/\/exaudi.org\/it\/francesco-e-al-sistani-insieme-per-il-dialogo\/#breadcrumb"},"inLanguage":"it-IT","potentialAction":[{"@type":"ReadAction","target":["https:\/\/exaudi.org\/it\/francesco-e-al-sistani-insieme-per-il-dialogo\/"]}]},{"@type":"ImageObject","inLanguage":"it-IT","@id":"https:\/\/exaudi.org\/it\/francesco-e-al-sistani-insieme-per-il-dialogo\/#primaryimage","url":"https:\/\/exaudi.org\/wp-content\/uploads\/2021\/03\/157951190_10158546686289145_4310193914676936213_o.jpg","contentUrl":"https:\/\/exaudi.org\/wp-content\/uploads\/2021\/03\/157951190_10158546686289145_4310193914676936213_o.jpg","width":1440,"height":1309,"caption":"Papa Francesco a colloquio con Al-Sistani \u00a9 Vatican Media"},{"@type":"BreadcrumbList","@id":"https:\/\/exaudi.org\/it\/francesco-e-al-sistani-insieme-per-il-dialogo\/#breadcrumb","itemListElement":[{"@type":"ListItem","position":1,"name":"Portada","item":"https:\/\/exaudi.org\/it\/"},{"@type":"ListItem","position":2,"name":"Francesco e Al-Sistani, insieme per il dialogo"}]},{"@type":"WebSite","@id":"https:\/\/exaudi.org\/#website","url":"https:\/\/exaudi.org\/","name":"Exaudi","description":"News","potentialAction":[{"@type":"SearchAction","target":{"@type":"EntryPoint","urlTemplate":"https:\/\/exaudi.org\/?s={search_term_string}"},"query-input":{"@type":"PropertyValueSpecification","valueRequired":true,"valueName":"search_term_string"}}],"inLanguage":"it-IT"},{"@type":"Person","@id":"https:\/\/exaudi.org\/#\/schema\/person\/127735be832481a6d3c410c5837bb61a","name":"Andrea Acali","image":{"@type":"ImageObject","inLanguage":"it-IT","@id":"https:\/\/secure.gravatar.com\/avatar\/2abf8e528c4f8c571ab456e5ef9ac66b04b987863e3ab3fd9546150699bb9259?s=96&d=mm&r=g","url":"https:\/\/secure.gravatar.com\/avatar\/2abf8e528c4f8c571ab456e5ef9ac66b04b987863e3ab3fd9546150699bb9259?s=96&d=mm&r=g","contentUrl":"https:\/\/secure.gravatar.com\/avatar\/2abf8e528c4f8c571ab456e5ef9ac66b04b987863e3ab3fd9546150699bb9259?s=96&d=mm&r=g","caption":"Andrea Acali"},"description":"Andrea Acali es un periodista y comunicador italiano con una larga trayectoria en el \u00e1mbito de la informaci\u00f3n religiosa, social y deportiva. Durante casi treinta a\u00f1os trabaj\u00f3 en el diario Il Tempo como vaticanista y jefe de secci\u00f3n, especializ\u00e1ndose en la cobertura de la actualidad del Vaticano y de la Iglesia cat\u00f3lica. Desde 2016 colabora como periodista web en RomaSette y tambi\u00e9n escribe para el peri\u00f3dico Avvenire. Desde 2019 ejerce como comunicador en la Delegazione della Generalitat de Catalunya in Italia, con sede en Roma, donde combina su experiencia period\u00edstica con la comunicaci\u00f3n institucional","sameAs":["https:\/\/www.linkedin.com\/in\/andrea-acali-505567125\/?originalSubdomain=it"],"url":"https:\/\/exaudi.org\/it\/author\/aacaliexaudi-org\/"}]}},"jetpack_featured_media_url":"https:\/\/exaudi.org\/wp-content\/uploads\/2021\/03\/157951190_10158546686289145_4310193914676936213_o.jpg","jetpack_shortlink":"https:\/\/wp.me\/pgKjF2-14p","_links":{"self":[{"href":"https:\/\/exaudi.org\/it\/wp-json\/wp\/v2\/posts\/4117","targetHints":{"allow":["GET"]}}],"collection":[{"href":"https:\/\/exaudi.org\/it\/wp-json\/wp\/v2\/posts"}],"about":[{"href":"https:\/\/exaudi.org\/it\/wp-json\/wp\/v2\/types\/post"}],"author":[{"embeddable":true,"href":"https:\/\/exaudi.org\/it\/wp-json\/wp\/v2\/users\/18"}],"replies":[{"embeddable":true,"href":"https:\/\/exaudi.org\/it\/wp-json\/wp\/v2\/comments?post=4117"}],"version-history":[{"count":0,"href":"https:\/\/exaudi.org\/it\/wp-json\/wp\/v2\/posts\/4117\/revisions"}],"wp:featuredmedia":[{"embeddable":true,"href":"https:\/\/exaudi.org\/it\/wp-json\/wp\/v2\/media\/4111"}],"wp:attachment":[{"href":"https:\/\/exaudi.org\/it\/wp-json\/wp\/v2\/media?parent=4117"}],"wp:term":[{"taxonomy":"category","embeddable":true,"href":"https:\/\/exaudi.org\/it\/wp-json\/wp\/v2\/categories?post=4117"},{"taxonomy":"post_tag","embeddable":true,"href":"https:\/\/exaudi.org\/it\/wp-json\/wp\/v2\/tags?post=4117"}],"curies":[{"name":"wp","href":"https:\/\/api.w.org\/{rel}","templated":true}]}}