{"id":39393,"date":"2021-11-10T12:25:12","date_gmt":"2021-11-10T11:25:12","guid":{"rendered":"https:\/\/exaudi.wpengine.com\/?p=39393"},"modified":"2021-11-26T15:06:54","modified_gmt":"2021-11-26T14:06:54","slug":"impariamo-a-invocare-lo-spirito-santo","status":"publish","type":"post","link":"https:\/\/exaudi.org\/it\/impariamo-a-invocare-lo-spirito-santo\/","title":{"rendered":"Impariamo a invocare lo Spirito Santo"},"content":{"rendered":"<p>\u201cImpariamo a invocare pi\u00f9 spesso lo Spirito Santo\u201d, con parole semplici e la consapevolezza che ci aiuter\u00e0 ad avere \u201cla libert\u00e0 cristiana che fa maturare\u201d. Con questi concetti Papa Francesco ha completato la sua catechesi durante l\u2019udienza del mercoled\u00ec dedicata alla Lettera ai Galati, nel corso della quale il tema della <a href=\"https:\/\/exaudi.wpengine.com\/it\/la-lezione-di-liberta-di-un-bambino\/\">libert\u00e0<\/a> \u00e8 stato centrale. Ecco le sue parole:<\/p>\n<p>Cari fratelli e sorelle, buongiorno! Siamo giunti alla conclusione delle catechesi sulla Lettera ai Galati. Su quanti altri contenuti, presenti in questo scritto di San Paolo, si sarebbe potuto riflettere! La Parola di Dio \u00e8 una sorgente inesauribile. E l\u2019Apostolo in questa Lettera ci ha parlato come evangelizzatore, come teologo e come pastore. Il santo vescovo Ignazio di Antiochia ha una bella espressione, quando scrive: \u00abVi \u00e8 un solo maestro il quale parl\u00f2 e ci\u00f2 che disse fu fatto; ma le cose che egli fece tacendo sono degne del Padre. Chi possiede la parola di Ges\u00f9 pu\u00f2 ascoltare anche il suo silenzio\u00bb.<\/p>\n<h4>Paolo teologo<\/h4>\n<p>Possiamo dire che l\u2019apostolo Paolo \u00e8 stato capace di dare voce a questo silenzio di Dio. Le sue intuizioni pi\u00f9 originali ci aiutano a scoprire la sconvolgente novit\u00e0 racchiusa nella rivelazione di Ges\u00f9 Cristo. \u00c8 stato un vero teologo, che ha contemplato il mistero di Cristo e l\u2019ha trasmesso con la sua intelligenza creativa. Ed \u00e8 stato anche capace di esercitare la sua missione pastorale nei confronti di una comunit\u00e0 smarrita e confusa. Lo ha fatto con metodi differenti: ha usato di volta in volta l\u2019ironia, il rigore, la mansuetudine\u2026 Ha rivendicato la propria autorit\u00e0 di apostolo, ma nello stesso tempo non ha nascosto le debolezze del suo carattere. Nel suo cuore la forza dello Spirito ha realmente scavato: l\u2019incontro con Cristo Risorto ha conquistato e trasformato tutta la sua vita, e lui l\u2019ha spesa interamente al servizio del Vangelo.<\/p>\n<h4>Appassionata difesa della libert\u00e0<\/h4>\n<p>Paolo non ha mai pensato a un cristianesimo dai tratti irenici, privo di mordente e di energia, al contrario. Ha difeso la libert\u00e0 portata da Cristo con una passione che fino ad oggi commuove, soprattutto se pensiamo alle sofferenze e alla solitudine che ha dovuto subire. Era convinto di avere ricevuto una chiamata a cui solo lui poteva rispondere; e ha voluto spiegare ai Galati che erano anch\u2019essi chiamati a quella libert\u00e0, che li affrancava da ogni forma di schiavit\u00f9, perch\u00e9 li rendeva eredi della promessa antica e, in Cristo, figli di Dio. E consapevole dei rischi che questa concezione della libert\u00e0 portava, non ha mai minimizzato le conseguenze.<\/p>\n<p>Lui era consapevole dei rischi che porta la libert\u00e0 cristiana, ma non ha minimizzato le conseguenze. Ha ribadito con parresia, cio\u00e8 con coraggio, ai credenti che la libert\u00e0 non equivale affatto a libertinaggio, n\u00e9 conduce a forme di presuntuosa autosufficienza. Al contrario, Paolo ha posto la libert\u00e0 all\u2019ombra dell\u2019amore e ha stabilito il suo coerente esercizio nel servizio della carit\u00e0. Tutta questa visione \u00e8 stata posta nell\u2019orizzonte della vita secondo lo Spirito Santo, che porta a compimento la Legge donata da Dio a Israele e impedisce di ricadere sotto la schiavit\u00f9 del peccato.<\/p>\n<h4>La vera legge<\/h4>\n<p>La tentazione \u00e8 sempre quella di tornare indietro. Una definizione dei cristiani, che \u00e8 nella Scrittura, dice che noi cristiani non siamo gente che va indietro, che torna indietro. Una bella definizione. E la tentazione \u00e8 questa di andare indietro per essere pi\u00f9 sicuri; tornare soltanto alla Legge, trascurando la vita nuova dello Spirito. \u00c8 questo che Paolo ci insegna: la vera Legge ha la sua pienezza in questa vita dello Spirito che Ges\u00f9 ci ha dato. E questa vita dello Spirito pu\u00f2 essere vissuta soltanto nella libert\u00e0, la libert\u00e0 cristiana. E questa \u00e8 una delle cose pi\u00f9 belle.<\/p>\n<h4>Entusiasmo e limiti<\/h4>\n<p>Al termine di questo itinerario di catechesi, mi pare che possa nascere in noi un duplice atteggiamento. Da una parte, l\u2019insegnamento dell\u2019Apostolo genera in noi entusiasmo; ci sentiamo spinti a seguire subito la via della libert\u00e0, a \u201ccamminare secondo lo Spirito\u201d. Sempre camminare secondo lo Spirito: ci fa liberi.<\/p>\n<p>Dall\u2019altra parte, siamo consapevoli dei nostri limiti, perch\u00e9 tocchiamo con mano ogni giorno quanto facciamo fatica ad essere docili allo Spirito, ad assecondare la sua benefica azione. Allora pu\u00f2 sopraggiungere la stanchezza che frena l\u2019entusiasmo. Ci si sente scoraggiati, deboli, a volte emarginati rispetto allo stile di vita secondo la mentalit\u00e0 mondana.<\/p>\n<h4>Svegliare Cristo<\/h4>\n<p>Sant\u2019Agostino ci suggerisce come reagire in questa situazione, rifacendosi all\u2019episodio evangelico della tempesta sul lago. Dice cos\u00ec: \u00abLa fede di Cristo nel tuo cuore \u00e8 come Cristo nella barca. Ascolti insulti, ti affatichi, sei sconvolto, e Cristo dorme. Risveglia Cristo, scuoti la tua fede! Persino nel turbamento sei in grado di fare qualcosa. Scuoti la tua fede. Cristo si desti e ti parli\u2026 Perci\u00f2 risveglia Cristo\u2026 Credi ci\u00f2 che \u00e8 stato detto, e si fa grande bonaccia nel tuo cuore\u00bb.<\/p>\n<p>Nei momenti di difficolt\u00e0 siamo come \u2013 dice Sant\u2019Agostino qui \u2013 nella barca nel momento della tempesta. E cosa hanno fatto gli Apostoli? Hanno svegliato Cristo che dormiva mentre c\u2019era la tempesta; ma Lui era presente. L\u2019unica cosa che possiamo fare nei momenti brutti \u00e8 quella di \u201csvegliare\u201d Cristo che \u00e8 dentro di noi, ma \u201cdorme\u201d come nella barca. \u00c8 proprio cos\u00ec. Dobbiamo risvegliare Cristo nel nostro cuore e solo allora potremo contemplare le cose con il suo sguardo, perch\u00e9 Lui vede oltre la tempesta. Attraverso quel suo sguardo sereno, possiamo vedere un panorama che, da soli, non \u00e8 neppure pensabile scorgere.<\/p>\n<h4>Non stancarsi di fare il bene<\/h4>\n<p>In questo cammino impegnativo ma affascinante, l\u2019Apostolo ci ricorda che non possiamo permetterci alcuna stanchezza nel fare il bene. Non stancatevi di fare il bene. Dobbiamo confidare che lo Spirito viene sempre in aiuto alla nostra debolezza e ci concede il sostegno di cui abbiamo bisogno. Dunque, impariamo a invocare pi\u00f9 spesso lo Spirito Santo! Qualcuno pu\u00f2 dire: \u201cE come si invoca lo Spirito Santo? Perch\u00e9 io so pregare il Padre, con il Padre Nostro; so pregare la Madonna con l\u2019Ave Maria; so pregare Ges\u00f9 con la Preghiera delle Piaghe, ma lo Spirito? Quale \u00e8 la preghiera dello Spirito Santo?\u201d.<\/p>\n<h4>Spirito Santo, vieni<\/h4>\n<p>La preghiera allo Spirito Santo \u00e8 spontanea: deve nascere dal tuo cuore. Tu devi dire nei momenti di difficolt\u00e0: \u201cSanto Spirito, vieni\u201d. La parola chiave \u00e8 questa: \u201cvieni\u201d. Ma devi dirlo tu con il tuo linguaggio, con le tue parole. Vieni, perch\u00e9 sono in difficolt\u00e0, vieni perch\u00e9 sono nell\u2019oscurit\u00e0, nel buio; vieni perch\u00e9 non so cosa fare; vieni perch\u00e9 sto per cadere. Vieni. Vieni. \u00c8 la parola dello Spirito per chiamare lo Spirito. Impariamo a invocare pi\u00f9 spesso lo Spirito Santo.<\/p>\n<p>Possiamo farlo con parole semplici, nei vari momenti della giornata. E possiamo portare con noi, magari dentro il nostro Vangelo tascabile, la bella preghiera che la Chiesa recita a Pentecoste: \u00abVieni, Santo Spirito, \/ manda a noi dal cielo \/ un raggio della tua luce! \/ Vieni, padre dei poveri, \/ vieni, datore dei doni, \/ vieni, luce dei cuori! \/ Consolatore perfetto, \/ ospite dolce dell\u2019anima \/ dolcissimo sollievo\u2026\u00bb.<\/p>\n<p>Vieni. E cos\u00ec prosegue, \u00e8 una preghiera bellissima. Il nocciolo della preghiera \u00e8 \u201cvieni\u201d, cos\u00ec la Madonna e gli Apostoli pregavano dopo che Ges\u00f9 era salito in Cielo; erano soli nel Cenacolo e invocavano lo Spirito. Ci far\u00e0 bene pregare spesso: Vieni, Spirito Santo. E con la presenza dello Spirito noi salvaguardiamo la libert\u00e0. Saremo liberi, cristiani liberi, non attaccati al passato nel senso negativo della parola, non incatenati a pratiche, ma liberi della libert\u00e0 cristiana, quella che ci fa maturare. Ci aiuter\u00e0 questa preghiera a camminare nello Spirito, nella libert\u00e0 e nella gioia, perch\u00e9 quando viene lo Spirito Santo viene la gioia, la vera gioia. Il Signore vi benedica.<\/p>\n","protected":false},"excerpt":{"rendered":"<p>Il S. Padre ha concluso il ciclo di catechesi sulla Lettera ai Galati: \u201cCon la sua presenza saremo cristiani liberi\u201d<\/p>\n","protected":false},"author":17,"featured_media":39403,"comment_status":"closed","ping_status":"closed","sticky":false,"template":"","format":"standard","meta":{"_acf_changed":false,"_crdt_document":"","inline_featured_image":false,"footnotes":""},"categories":[67,2157,111,297],"tags":[2487,3120,251,960,4952],"class_list":["post-39393","post","type-post","status-publish","format-standard","has-post-thumbnail","hentry","category-leone-xiv","category-top-ultime-notizie","category-udienza-generale","category-ultime-notizie","tag-featured-3","tag-liberta","tag-papa-francesco","tag-spirito-santo","tag-trending-it"],"acf":[],"yoast_head":"<!-- This site is optimized with the Yoast SEO plugin v27.5 - https:\/\/yoast.com\/product\/yoast-seo-wordpress\/ -->\n<title>Impariamo a invocare lo Spirito Santo &#8211; Exaudi<\/title>\n<meta name=\"description\" content=\"Il Papa ha concluso il ciclo di catechesi sulla Lettera ai Galati: \u201cCon lo Spirito Santo saremo cristiani liberi, impariamo a invocarlo\u201d\" \/>\n<meta name=\"robots\" content=\"index, follow, max-snippet:-1, max-image-preview:large, max-video-preview:-1\" \/>\n<link rel=\"canonical\" href=\"https:\/\/exaudi.org\/it\/impariamo-a-invocare-lo-spirito-santo\/\" \/>\n<meta property=\"og:locale\" content=\"it_IT\" \/>\n<meta property=\"og:type\" content=\"article\" \/>\n<meta property=\"og:title\" content=\"Impariamo a invocare lo Spirito Santo &#8211; Exaudi\" \/>\n<meta property=\"og:description\" content=\"Il Papa ha concluso il ciclo di catechesi sulla Lettera ai Galati: \u201cCon lo Spirito Santo saremo cristiani liberi, impariamo a invocarlo\u201d\" \/>\n<meta property=\"og:url\" content=\"https:\/\/exaudi.org\/it\/impariamo-a-invocare-lo-spirito-santo\/\" \/>\n<meta property=\"og:site_name\" content=\"Exaudi\" \/>\n<meta property=\"article:publisher\" content=\"https:\/\/www.facebook.com\/ExaudiNews\" \/>\n<meta property=\"article:author\" content=\"https:\/\/www.facebook.com\/ExaudiNotizie\/\" \/>\n<meta property=\"article:published_time\" content=\"2021-11-10T11:25:12+00:00\" \/>\n<meta property=\"article:modified_time\" content=\"2021-11-26T14:06:54+00:00\" \/>\n<meta property=\"og:image\" content=\"https:\/\/exaudi.org\/wp-content\/uploads\/2021\/11\/Uidenza-scaled.jpg\" \/>\n\t<meta property=\"og:image:width\" content=\"2560\" \/>\n\t<meta property=\"og:image:height\" content=\"1707\" \/>\n\t<meta property=\"og:image:type\" content=\"image\/jpeg\" \/>\n<meta name=\"author\" content=\"Exaudi Redazione\" \/>\n<meta name=\"twitter:card\" content=\"summary_large_image\" \/>\n<meta name=\"twitter:creator\" content=\"@Exaudi_Notizie\" \/>\n<meta name=\"twitter:site\" content=\"@Exaudi_News\" \/>\n<meta name=\"twitter:label1\" content=\"Scritto da\" \/>\n\t<meta name=\"twitter:data1\" content=\"Exaudi Redazione\" \/>\n\t<meta name=\"twitter:label2\" content=\"Tempo di lettura stimato\" \/>\n\t<meta name=\"twitter:data2\" content=\"6 minuti\" \/>\n<script type=\"application\/ld+json\" class=\"yoast-schema-graph\">{\"@context\":\"https:\\\/\\\/schema.org\",\"@graph\":[{\"@type\":\"Article\",\"@id\":\"https:\\\/\\\/exaudi.org\\\/it\\\/impariamo-a-invocare-lo-spirito-santo\\\/#article\",\"isPartOf\":{\"@id\":\"https:\\\/\\\/exaudi.org\\\/it\\\/impariamo-a-invocare-lo-spirito-santo\\\/\"},\"author\":{\"name\":\"Exaudi Redazione\",\"@id\":\"https:\\\/\\\/exaudi.org\\\/#\\\/schema\\\/person\\\/e1ab6ed07c01774724dd96f925f3a5f0\"},\"headline\":\"Impariamo a invocare lo Spirito Santo\",\"datePublished\":\"2021-11-10T11:25:12+00:00\",\"dateModified\":\"2021-11-26T14:06:54+00:00\",\"mainEntityOfPage\":{\"@id\":\"https:\\\/\\\/exaudi.org\\\/it\\\/impariamo-a-invocare-lo-spirito-santo\\\/\"},\"wordCount\":1265,\"image\":{\"@id\":\"https:\\\/\\\/exaudi.org\\\/it\\\/impariamo-a-invocare-lo-spirito-santo\\\/#primaryimage\"},\"thumbnailUrl\":\"https:\\\/\\\/exaudi.org\\\/wp-content\\\/uploads\\\/2021\\\/11\\\/Uidenza-scaled.jpg\",\"keywords\":[\"Featured\",\"libert\u00e0\",\"Papa Francesco\",\"Spirito Santo\",\"Trending\"],\"articleSection\":[\"Leone XIV\",\"Top Ultime Notizie\",\"Udienza generale\",\"Ultime Notizie\"],\"inLanguage\":\"it-IT\"},{\"@type\":\"WebPage\",\"@id\":\"https:\\\/\\\/exaudi.org\\\/it\\\/impariamo-a-invocare-lo-spirito-santo\\\/\",\"url\":\"https:\\\/\\\/exaudi.org\\\/it\\\/impariamo-a-invocare-lo-spirito-santo\\\/\",\"name\":\"Impariamo a invocare lo Spirito Santo &#8211; Exaudi\",\"isPartOf\":{\"@id\":\"https:\\\/\\\/exaudi.org\\\/#website\"},\"primaryImageOfPage\":{\"@id\":\"https:\\\/\\\/exaudi.org\\\/it\\\/impariamo-a-invocare-lo-spirito-santo\\\/#primaryimage\"},\"image\":{\"@id\":\"https:\\\/\\\/exaudi.org\\\/it\\\/impariamo-a-invocare-lo-spirito-santo\\\/#primaryimage\"},\"thumbnailUrl\":\"https:\\\/\\\/exaudi.org\\\/wp-content\\\/uploads\\\/2021\\\/11\\\/Uidenza-scaled.jpg\",\"datePublished\":\"2021-11-10T11:25:12+00:00\",\"dateModified\":\"2021-11-26T14:06:54+00:00\",\"author\":{\"@id\":\"https:\\\/\\\/exaudi.org\\\/#\\\/schema\\\/person\\\/e1ab6ed07c01774724dd96f925f3a5f0\"},\"description\":\"Il Papa ha concluso il ciclo di catechesi sulla Lettera ai Galati: \u201cCon lo Spirito Santo saremo cristiani liberi, impariamo a invocarlo\u201d\",\"breadcrumb\":{\"@id\":\"https:\\\/\\\/exaudi.org\\\/it\\\/impariamo-a-invocare-lo-spirito-santo\\\/#breadcrumb\"},\"inLanguage\":\"it-IT\",\"potentialAction\":[{\"@type\":\"ReadAction\",\"target\":[\"https:\\\/\\\/exaudi.org\\\/it\\\/impariamo-a-invocare-lo-spirito-santo\\\/\"]}]},{\"@type\":\"ImageObject\",\"inLanguage\":\"it-IT\",\"@id\":\"https:\\\/\\\/exaudi.org\\\/it\\\/impariamo-a-invocare-lo-spirito-santo\\\/#primaryimage\",\"url\":\"https:\\\/\\\/exaudi.org\\\/wp-content\\\/uploads\\\/2021\\\/11\\\/Uidenza-scaled.jpg\",\"contentUrl\":\"https:\\\/\\\/exaudi.org\\\/wp-content\\\/uploads\\\/2021\\\/11\\\/Uidenza-scaled.jpg\",\"width\":2560,\"height\":1707,\"caption\":\"(C) Vatican Media\"},{\"@type\":\"BreadcrumbList\",\"@id\":\"https:\\\/\\\/exaudi.org\\\/it\\\/impariamo-a-invocare-lo-spirito-santo\\\/#breadcrumb\",\"itemListElement\":[{\"@type\":\"ListItem\",\"position\":1,\"name\":\"Portada\",\"item\":\"https:\\\/\\\/exaudi.org\\\/it\\\/\"},{\"@type\":\"ListItem\",\"position\":2,\"name\":\"Impariamo a invocare lo Spirito Santo\"}]},{\"@type\":\"WebSite\",\"@id\":\"https:\\\/\\\/exaudi.org\\\/#website\",\"url\":\"https:\\\/\\\/exaudi.org\\\/\",\"name\":\"Exaudi\",\"description\":\"News\",\"potentialAction\":[{\"@type\":\"SearchAction\",\"target\":{\"@type\":\"EntryPoint\",\"urlTemplate\":\"https:\\\/\\\/exaudi.org\\\/?s={search_term_string}\"},\"query-input\":{\"@type\":\"PropertyValueSpecification\",\"valueRequired\":true,\"valueName\":\"search_term_string\"}}],\"inLanguage\":\"it-IT\"},{\"@type\":\"Person\",\"@id\":\"https:\\\/\\\/exaudi.org\\\/#\\\/schema\\\/person\\\/e1ab6ed07c01774724dd96f925f3a5f0\",\"name\":\"Exaudi Redazione\",\"image\":{\"@type\":\"ImageObject\",\"inLanguage\":\"it-IT\",\"@id\":\"https:\\\/\\\/secure.gravatar.com\\\/avatar\\\/ad6774b3ada023bf5b939d64f45c94b3adf91502dd883507d469b4308a943bb3?s=96&d=mm&r=g\",\"url\":\"https:\\\/\\\/secure.gravatar.com\\\/avatar\\\/ad6774b3ada023bf5b939d64f45c94b3adf91502dd883507d469b4308a943bb3?s=96&d=mm&r=g\",\"contentUrl\":\"https:\\\/\\\/secure.gravatar.com\\\/avatar\\\/ad6774b3ada023bf5b939d64f45c94b3adf91502dd883507d469b4308a943bb3?s=96&d=mm&r=g\",\"caption\":\"Exaudi Redazione\"},\"description\":\"Che cosa \u00e8 Exaudi News? Exaudi News \u00e8 un agenzia cattolica internazionale che informa, istruisce e trasforma quotidianamente in spagnolo, inglese e italiano. Attraverso notizie, articoli di analisi e trasmissioni in diretta degli eventi del Papa, Exaudi cerca di rafforzare l'unit\u00e0 dei cristiani e di contribuire all'evangelizzazione del mondo, sempre guidato dalla dottrina sociale della Chiesa. Lavoriamo per portare la verit\u00e0 e i valori cristiani in ogni angolo del pianeta. Aiutaci a trasformare il mondo con Exaudi! Noi di Exaudi crediamo che l'evangelizzazione e l'informazione di qualit\u00e0 possano cambiare la vita. Per continuare la nostra missione ed espandere la nostra portata, abbiamo bisogno del tuo aiuto. Stiamo anche cercando persone motivate che vogliano unirsi al nostro team. Grazie al vostro sostegno raggiungeremo pi\u00f9 persone, diffonderemo il messaggio di Cristo e rafforzeremo l'unit\u00e0 dei cristiani. Vuoi unirti alla nostra missione? Per maggiori informazioni su come contribuire, visita Exaudi.org\\\/it o contattaci direttamente: info@exaudi.org Exaudi: informa, forma e trasforma.\",\"sameAs\":[\"https:\\\/\\\/www.facebook.com\\\/ExaudiNotizie\\\/\",\"https:\\\/\\\/www.instagram.com\\\/Exaudi_notizie\\\/\",\"https:\\\/\\\/x.com\\\/Exaudi_Notizie\",\"https:\\\/\\\/www.youtube.com\\\/@exaudicatholicnews\"],\"url\":\"https:\\\/\\\/exaudi.org\\\/it\\\/author\\\/dlvedi-org\\\/\"}]}<\/script>\n<!-- \/ Yoast SEO plugin. -->","yoast_head_json":{"title":"Impariamo a invocare lo Spirito Santo &#8211; Exaudi","description":"Il Papa ha concluso il ciclo di catechesi sulla Lettera ai Galati: \u201cCon lo Spirito Santo saremo cristiani liberi, impariamo a invocarlo\u201d","robots":{"index":"index","follow":"follow","max-snippet":"max-snippet:-1","max-image-preview":"max-image-preview:large","max-video-preview":"max-video-preview:-1"},"canonical":"https:\/\/exaudi.org\/it\/impariamo-a-invocare-lo-spirito-santo\/","og_locale":"it_IT","og_type":"article","og_title":"Impariamo a invocare lo Spirito Santo &#8211; Exaudi","og_description":"Il Papa ha concluso il ciclo di catechesi sulla Lettera ai Galati: \u201cCon lo Spirito Santo saremo cristiani liberi, impariamo a invocarlo\u201d","og_url":"https:\/\/exaudi.org\/it\/impariamo-a-invocare-lo-spirito-santo\/","og_site_name":"Exaudi","article_publisher":"https:\/\/www.facebook.com\/ExaudiNews","article_author":"https:\/\/www.facebook.com\/ExaudiNotizie\/","article_published_time":"2021-11-10T11:25:12+00:00","article_modified_time":"2021-11-26T14:06:54+00:00","og_image":[{"width":2560,"height":1707,"url":"https:\/\/exaudi.org\/wp-content\/uploads\/2021\/11\/Uidenza-scaled.jpg","type":"image\/jpeg"}],"author":"Exaudi Redazione","twitter_card":"summary_large_image","twitter_creator":"@Exaudi_Notizie","twitter_site":"@Exaudi_News","twitter_misc":{"Scritto da":"Exaudi Redazione","Tempo di lettura stimato":"6 minuti"},"schema":{"@context":"https:\/\/schema.org","@graph":[{"@type":"Article","@id":"https:\/\/exaudi.org\/it\/impariamo-a-invocare-lo-spirito-santo\/#article","isPartOf":{"@id":"https:\/\/exaudi.org\/it\/impariamo-a-invocare-lo-spirito-santo\/"},"author":{"name":"Exaudi Redazione","@id":"https:\/\/exaudi.org\/#\/schema\/person\/e1ab6ed07c01774724dd96f925f3a5f0"},"headline":"Impariamo a invocare lo Spirito Santo","datePublished":"2021-11-10T11:25:12+00:00","dateModified":"2021-11-26T14:06:54+00:00","mainEntityOfPage":{"@id":"https:\/\/exaudi.org\/it\/impariamo-a-invocare-lo-spirito-santo\/"},"wordCount":1265,"image":{"@id":"https:\/\/exaudi.org\/it\/impariamo-a-invocare-lo-spirito-santo\/#primaryimage"},"thumbnailUrl":"https:\/\/exaudi.org\/wp-content\/uploads\/2021\/11\/Uidenza-scaled.jpg","keywords":["Featured","libert\u00e0","Papa Francesco","Spirito Santo","Trending"],"articleSection":["Leone XIV","Top Ultime Notizie","Udienza generale","Ultime Notizie"],"inLanguage":"it-IT"},{"@type":"WebPage","@id":"https:\/\/exaudi.org\/it\/impariamo-a-invocare-lo-spirito-santo\/","url":"https:\/\/exaudi.org\/it\/impariamo-a-invocare-lo-spirito-santo\/","name":"Impariamo a invocare lo Spirito Santo &#8211; Exaudi","isPartOf":{"@id":"https:\/\/exaudi.org\/#website"},"primaryImageOfPage":{"@id":"https:\/\/exaudi.org\/it\/impariamo-a-invocare-lo-spirito-santo\/#primaryimage"},"image":{"@id":"https:\/\/exaudi.org\/it\/impariamo-a-invocare-lo-spirito-santo\/#primaryimage"},"thumbnailUrl":"https:\/\/exaudi.org\/wp-content\/uploads\/2021\/11\/Uidenza-scaled.jpg","datePublished":"2021-11-10T11:25:12+00:00","dateModified":"2021-11-26T14:06:54+00:00","author":{"@id":"https:\/\/exaudi.org\/#\/schema\/person\/e1ab6ed07c01774724dd96f925f3a5f0"},"description":"Il Papa ha concluso il ciclo di catechesi sulla Lettera ai Galati: \u201cCon lo Spirito Santo saremo cristiani liberi, impariamo a invocarlo\u201d","breadcrumb":{"@id":"https:\/\/exaudi.org\/it\/impariamo-a-invocare-lo-spirito-santo\/#breadcrumb"},"inLanguage":"it-IT","potentialAction":[{"@type":"ReadAction","target":["https:\/\/exaudi.org\/it\/impariamo-a-invocare-lo-spirito-santo\/"]}]},{"@type":"ImageObject","inLanguage":"it-IT","@id":"https:\/\/exaudi.org\/it\/impariamo-a-invocare-lo-spirito-santo\/#primaryimage","url":"https:\/\/exaudi.org\/wp-content\/uploads\/2021\/11\/Uidenza-scaled.jpg","contentUrl":"https:\/\/exaudi.org\/wp-content\/uploads\/2021\/11\/Uidenza-scaled.jpg","width":2560,"height":1707,"caption":"(C) Vatican Media"},{"@type":"BreadcrumbList","@id":"https:\/\/exaudi.org\/it\/impariamo-a-invocare-lo-spirito-santo\/#breadcrumb","itemListElement":[{"@type":"ListItem","position":1,"name":"Portada","item":"https:\/\/exaudi.org\/it\/"},{"@type":"ListItem","position":2,"name":"Impariamo a invocare lo Spirito Santo"}]},{"@type":"WebSite","@id":"https:\/\/exaudi.org\/#website","url":"https:\/\/exaudi.org\/","name":"Exaudi","description":"News","potentialAction":[{"@type":"SearchAction","target":{"@type":"EntryPoint","urlTemplate":"https:\/\/exaudi.org\/?s={search_term_string}"},"query-input":{"@type":"PropertyValueSpecification","valueRequired":true,"valueName":"search_term_string"}}],"inLanguage":"it-IT"},{"@type":"Person","@id":"https:\/\/exaudi.org\/#\/schema\/person\/e1ab6ed07c01774724dd96f925f3a5f0","name":"Exaudi Redazione","image":{"@type":"ImageObject","inLanguage":"it-IT","@id":"https:\/\/secure.gravatar.com\/avatar\/ad6774b3ada023bf5b939d64f45c94b3adf91502dd883507d469b4308a943bb3?s=96&d=mm&r=g","url":"https:\/\/secure.gravatar.com\/avatar\/ad6774b3ada023bf5b939d64f45c94b3adf91502dd883507d469b4308a943bb3?s=96&d=mm&r=g","contentUrl":"https:\/\/secure.gravatar.com\/avatar\/ad6774b3ada023bf5b939d64f45c94b3adf91502dd883507d469b4308a943bb3?s=96&d=mm&r=g","caption":"Exaudi Redazione"},"description":"Che cosa \u00e8 Exaudi News? Exaudi News \u00e8 un agenzia cattolica internazionale che informa, istruisce e trasforma quotidianamente in spagnolo, inglese e italiano. Attraverso notizie, articoli di analisi e trasmissioni in diretta degli eventi del Papa, Exaudi cerca di rafforzare l'unit\u00e0 dei cristiani e di contribuire all'evangelizzazione del mondo, sempre guidato dalla dottrina sociale della Chiesa. Lavoriamo per portare la verit\u00e0 e i valori cristiani in ogni angolo del pianeta. Aiutaci a trasformare il mondo con Exaudi! Noi di Exaudi crediamo che l'evangelizzazione e l'informazione di qualit\u00e0 possano cambiare la vita. Per continuare la nostra missione ed espandere la nostra portata, abbiamo bisogno del tuo aiuto. Stiamo anche cercando persone motivate che vogliano unirsi al nostro team. Grazie al vostro sostegno raggiungeremo pi\u00f9 persone, diffonderemo il messaggio di Cristo e rafforzeremo l'unit\u00e0 dei cristiani. Vuoi unirti alla nostra missione? Per maggiori informazioni su come contribuire, visita Exaudi.org\/it o contattaci direttamente: info@exaudi.org Exaudi: informa, forma e trasforma.","sameAs":["https:\/\/www.facebook.com\/ExaudiNotizie\/","https:\/\/www.instagram.com\/Exaudi_notizie\/","https:\/\/x.com\/Exaudi_Notizie","https:\/\/www.youtube.com\/@exaudicatholicnews"],"url":"https:\/\/exaudi.org\/it\/author\/dlvedi-org\/"}]}},"jetpack_featured_media_url":"https:\/\/exaudi.org\/wp-content\/uploads\/2021\/11\/Uidenza-scaled.jpg","jetpack_shortlink":"https:\/\/wp.me\/pgKjF2-afn","_links":{"self":[{"href":"https:\/\/exaudi.org\/it\/wp-json\/wp\/v2\/posts\/39393","targetHints":{"allow":["GET"]}}],"collection":[{"href":"https:\/\/exaudi.org\/it\/wp-json\/wp\/v2\/posts"}],"about":[{"href":"https:\/\/exaudi.org\/it\/wp-json\/wp\/v2\/types\/post"}],"author":[{"embeddable":true,"href":"https:\/\/exaudi.org\/it\/wp-json\/wp\/v2\/users\/17"}],"replies":[{"embeddable":true,"href":"https:\/\/exaudi.org\/it\/wp-json\/wp\/v2\/comments?post=39393"}],"version-history":[{"count":0,"href":"https:\/\/exaudi.org\/it\/wp-json\/wp\/v2\/posts\/39393\/revisions"}],"wp:featuredmedia":[{"embeddable":true,"href":"https:\/\/exaudi.org\/it\/wp-json\/wp\/v2\/media\/39403"}],"wp:attachment":[{"href":"https:\/\/exaudi.org\/it\/wp-json\/wp\/v2\/media?parent=39393"}],"wp:term":[{"taxonomy":"category","embeddable":true,"href":"https:\/\/exaudi.org\/it\/wp-json\/wp\/v2\/categories?post=39393"},{"taxonomy":"post_tag","embeddable":true,"href":"https:\/\/exaudi.org\/it\/wp-json\/wp\/v2\/tags?post=39393"}],"curies":[{"name":"wp","href":"https:\/\/api.w.org\/{rel}","templated":true}]}}