{"id":39247,"date":"2021-11-08T17:57:51","date_gmt":"2021-11-08T16:57:51","guid":{"rendered":"https:\/\/exaudi.wpengine.com\/?p=39247"},"modified":"2021-11-26T15:07:01","modified_gmt":"2021-11-26T14:07:01","slug":"giornata-dei-poveri-le-iniziative-in-programma","status":"publish","type":"post","link":"https:\/\/exaudi.org\/it\/giornata-dei-poveri-le-iniziative-in-programma\/","title":{"rendered":"Giornata dei poveri, le iniziative in programma"},"content":{"rendered":"<p>Domenica prossima, 14 novembre, si celebra la quinta edizione della Giornata dei Poveri, iniziativa fortemente voluta da Papa Francesco per sollecitare la Chiesa e i fedeli a \u201cuscire\u201d per incontrare la povert\u00e0 nelle varie accezioni in cui nel mondo moderno si manifestano e tendere la mano verso chi \u00e8 pi\u00f9 bisognoso. Il motto scelto per promuovere la Giornata quest\u2019anno viene dal Vangelo di Marco: \u201cI poveri li avete sempre con voi\u201d, reso noto come sempre attraverso il Messaggio del Santo Padre diffuso il giorno di S. Antonio di Padova, lo scorso 13 giugno. Come ogni anno il Pontificio Consiglio per la Promozione della Nuova Evangelizzazione ha organizzato diverse iniziative.<\/p>\n<h4>Papa Francesco con i poveri ad Assisi<\/h4>\n<p>Il Santo Padre si recher\u00e0 venerd\u00ec 12 novembre, in visita privata, ad Assisi nella Basilica di Santa Maria degli Angeli. Papa Francesco incontrer\u00e0 un gruppo di 500 poveri provenienti da diverse parti dell\u2019Europa e trascorrer\u00e0 con loro un momento di ascolto e preghiera. Il Papa verr\u00e0 accolto dall\u2019\u201cabbraccio dei poveri\u201d che gli doneranno il mantello e il bastone del Pellegrino. Poi lo accompagneranno in processione verso la Basilica. In un primo momento Papa Francesco, ripercorrendo i gesti di San Francesco d\u2019Assisi si soffermer\u00e0 a pregare presso la Porziuncola, luogo tra i pi\u00f9 importanti nella vita del Santo, che in quel tempo amava accogliere i suoi frati, i numerosi poveri e dove Santa Chiara decise di consacrarsi al Signore.<\/p>\n<h4>Una pietra della Porziuncola per i senzatetto<\/h4>\n<p>L\u00ec, compir\u00e0 anche un gesto significativo: alla fine della celebrazione benedir\u00e0 una pietra precedentemente prelevata dalla Porziuncola per essere donata ad alcuni rappresentanti del rifugio per i senzatetto \u201cRose di San Francesco\u201d di Tersatto, fondato nel 2007 dalla fraternit\u00e0 locale dell\u2019Ordine Francescano Secolare di Tersatto, nella citt\u00e0 di Rijeka \u2013 Fiume, in Croazia.<\/p>\n<p>I 500 partecipanti alla Giornata dei poveri provengono dalle diocesi dell\u2019Umbria guidate dalla Caritas, dall\u2019Associazione francese \u201cFratello\u201d e da una delegazione proveniente da Roma composta dall\u2019Elemosineria Apostolica e dalle associazioni Caritas Diocesi di Roma, Circolo S. Pietro, Comunit\u00e0 di Sant\u2019Egidio, Coordinamento Regionale Famiglia Vincenziana, Centro Astalli, Acli di Roma.<\/p>\n<p>Alla fine della giornata verranno donati ai partecipanti 500 zaini prodotti nell\u2019ambito del progetto \u201c+Three\u201d, che promuove prodotti realizzati nel rispetto della sostenibilit\u00e0 ambientale ed economica all\u2019interno di una filiera etica socialmente utile, contenenti ognuno abbigliamento donato da Tombolini, noto brand di abiti made in Italy, e cos\u00ec composti: maglioni, sciarpe, cappelli, giacche a vento e mascherine anti Covid in tessuto lavabile e riutilizzabile.<\/p>\n<h4>Santa Messa a San Pietro<\/h4>\n<p>Domenica 14 novembre alle ore 10 il Papa presieder\u00e0 la celebrazione della Santa Eucarestia per la Giornata dei poveri nella Basilica di San Pietro, con la partecipazione di 2.000 poveri, nel rispetto delle norme sanitarie, assistiti dalle varie Associazioni di volontariato presenti sul territorio di Roma. Alcuni poveri proclameranno le letture e le preghiere dei fedeli. Dopo la Celebrazione i partecipanti potranno avere pasti caldi.<\/p>\n<h4>Distribuzione alimentare<\/h4>\n<p>Quest\u2019anno Papa Francesco ha voluto dedicare una particolare attenzione alle Case-famiglia presenti sul territorio della diocesi di Roma. Queste strutture accolgono, offrendo spesso anche la residenzialit\u00e0, persone, prevalentemente adolescenti o in tenera et\u00e0 insieme alle proprie madri, profondamente bisognose di un luogo protetto dove crescere, ricevere un\u2019educazione o avere la possibilit\u00e0 di ricominciare una nuova vita attraverso l\u2019inserimento graduale nella societ\u00e0.<\/p>\n<h4>Case-famiglia<\/h4>\n<p>Sul territorio si trova un numero molto elevato di Case-famiglia di ogni genere, che offrono vari tipi di accoglienza. Per questo le necessit\u00e0 materiali per la gestione di queste strutture sono spesso ingenti e non sempre \u00e8 possibile corrispondere in modo adeguato. Si \u00e8 deciso per questo motivo, attraverso la generosit\u00e0 della catena dei Supermercati Elite, e con una fornitura di pasta e passata di pomodoro dell\u2019Antico Molino e Pastificio La Molisana, di aiutare 40 Case-famiglia consegnando direttamente presso le loro sedi, una riserva alimentare e di prodotti per la cura della persona, soprattutto prodotti per la prima infanzia, sufficiente per oltre due mesi.<\/p>\n<p>Anche alcune parrocchie e realt\u00e0 caritative riceveranno una simile fornitura. In totale verranno distribuite circa 5 tonnellate di pasta, 1 tonnellata di riso, 2 tonnellate di passata di pomodoro, 1.000 litri di olio e 3.000 litri di latte, solo per citare alcuni tra i molti prodotti, i pi\u00f9 richiesti dalle varie strutture, che comporranno i diversi bancali che verranno recapitati da una squadra di volontari.<\/p>\n<h4>Distribuzione alle famiglie di kit sanitari di prima necessit\u00e0<\/h4>\n<p>Un\u2019altra iniziativa della Giornata dei poveri consister\u00e0 nella distribuzione di 5.000 \u201ckit\u201d di ausili sanitari di prima necessit\u00e0 per la salute e la cura della persona a circa 60 parrocchie di Roma, che poi li distribuiranno alle famiglie pi\u00f9 bisognose.<\/p>\n<h4>Alla ricerca del Virus<\/h4>\n<p>A causa delle restrizioni dovute alla pandemia di Covid-19, non \u00e8 stato possibile, durante gli ultimi due anni, allestire il Presidio Sanitario in Piazza San Pietro in occasione della Giornata dei poveri. La struttura, un vero e proprio ospedale mobile, erogava gratuitamente numerose prestazioni e servizi medici alle persone povere, raggiunte attraverso le varie associazioni di volontariato, per cui normalmente sarebbe impossibile accedere a questi servizi.<\/p>\n<p>Quest\u2019anno, dunque, volendo comunque offrire un segno di vicinanza alle persone che richiedono una certa assistenza medica, con lo scopo di proseguire le attivit\u00e0 di screening e visite in Piazza San Pietro, si svolger\u00e0, come in passato, l\u2019iniziativa \u201cAlla ricerca del Virus\u201d. Un camper attrezzato per effettuare dei test in grado di valutare la presenza del virus HCV (epatite C) e del virus HIV, sar\u00e0 presente in Piazza San Pietro durante la Giornata dei Mondiale dei Poveri, il 14 novembre.<\/p>\n<p>Il servizio sar\u00e0 disponibile dal momento in cui il Santo Padre terminer\u00e0 la recita dell\u2019Angelus, poco dopo le 12, fino alle 18. Potranno accedere a questo servizio immediatamente tutti i poveri che si recheranno presso il camper in Piazza San Pietro. Il progetto viene realizzato con l\u2019aiuto della societ\u00e0 Regia Congressi S.r.l. di Firenze, della S.I.M.G. (Societ\u00e0 Italiana di Medicina Generale e delle Cure Primarie), del reparto di Infettivologia del Policlinico dell\u2019Universit\u00e0 di Roma Tor Vergata e del Corpo delle Infermiere Volontarie della Croce Rossa Italiana.<\/p>\n<h4>Utenze di corrente elettrica e gas<\/h4>\n<p>\u00c8 ormai, e ogni giorno sempre pi\u00f9, drammaticamente evidente come la pandemia di Covid19 abbia generato nuove situazioni di povert\u00e0 e aggravato notevolmente le condizioni di indigenza gi\u00e0 esistenti. Oltre al sostegno attraverso la distribuzione di alimenti e medicinali, questa celebrazione della Giornata Mondiale dei Poveri si caratterizza anche per un\u2019ulteriore iniziativa resa possibile per la generosit\u00e0 di UnipolSai.<\/p>\n<p>Per circa 500 famiglie che hanno difficolt\u00e0 economiche e che spesso si rivolgono a centri caritativi, sar\u00e0 possibile corrispondere al pagamento delle utenze del gas e della corrente elettrica. Tali spese gravano sulle famiglie che per poter accedere a questi servizi spesso tralasciano il cibo o altre spese mediche. Lo ricordava lo stesso Papa Francesco nel <a href=\"https:\/\/exaudi.wpengine.com\/it\/il-messaggio-per-la-giornata-mondiale-dei-poveri\/\">Messaggio<\/a> per la Giornata Mondiale dei Poveri: \u201cAlcuni Paesi stanno subendo per la pandemia gravissime conseguenze, cos\u00ec che le persone pi\u00f9 vulnerabili si trovano prive dei beni di prima necessit\u00e0. Le lunghe file davanti alle mense per i poveri sono il segno tangibile di questo peggioramento\u201d. Questa Giornata Mondiale dei Poveri, con tutte le iniziative che si realizzeranno, \u00e8 una piccola ma significativa risposta alla richiesta del Papa.<\/p>\n","protected":false},"excerpt":{"rendered":"<p>Venerd\u00ec il S. Padre andr\u00e0 ad Assisi. Domenica la Messa a S. Pietro. Gli aiuti distribuiti dal Pontificio Consiglio per la Nuova Evangelizzazione<\/p>\n","protected":false},"author":17,"featured_media":39257,"comment_status":"closed","ping_status":"closed","sticky":false,"template":"","format":"standard","meta":{"_acf_changed":false,"_crdt_document":"","inline_featured_image":false,"footnotes":""},"categories":[67,2157,297],"tags":[2487,251,1043,4952],"class_list":["post-39247","post","type-post","status-publish","format-standard","has-post-thumbnail","hentry","category-leone-xiv","category-top-ultime-notizie","category-ultime-notizie","tag-featured-3","tag-papa-francesco","tag-poveri","tag-trending-it"],"acf":[],"yoast_head":"<!-- This site is optimized with the Yoast SEO plugin v27.4 - https:\/\/yoast.com\/product\/yoast-seo-wordpress\/ -->\n<title>Giornata dei poveri, le iniziative in programma &#8211; Exaudi<\/title>\n<meta name=\"description\" content=\"Il Papa si recher\u00e0 venerd\u00ec ad Assisi in occasione della Giornata dei poveri. Domenica la Messa a S. Pietro. Le iniziative in programma\" \/>\n<meta name=\"robots\" content=\"index, follow, max-snippet:-1, max-image-preview:large, max-video-preview:-1\" \/>\n<link rel=\"canonical\" href=\"https:\/\/exaudi.org\/it\/giornata-dei-poveri-le-iniziative-in-programma\/\" \/>\n<meta property=\"og:locale\" content=\"it_IT\" \/>\n<meta property=\"og:type\" content=\"article\" \/>\n<meta property=\"og:title\" content=\"Giornata dei poveri, le iniziative in programma &#8211; Exaudi\" \/>\n<meta property=\"og:description\" content=\"Il Papa si recher\u00e0 venerd\u00ec ad Assisi in occasione della Giornata dei poveri. Domenica la Messa a S. Pietro. Le iniziative in programma\" \/>\n<meta property=\"og:url\" content=\"https:\/\/exaudi.org\/it\/giornata-dei-poveri-le-iniziative-in-programma\/\" \/>\n<meta property=\"og:site_name\" content=\"Exaudi\" \/>\n<meta property=\"article:publisher\" content=\"https:\/\/www.facebook.com\/ExaudiNews\" \/>\n<meta property=\"article:author\" content=\"https:\/\/www.facebook.com\/ExaudiNotizie\/\" \/>\n<meta property=\"article:published_time\" content=\"2021-11-08T16:57:51+00:00\" \/>\n<meta property=\"article:modified_time\" content=\"2021-11-26T14:07:01+00:00\" \/>\n<meta property=\"og:image\" content=\"https:\/\/exaudi.org\/wp-content\/uploads\/2021\/11\/poveri.jpeg\" \/>\n\t<meta property=\"og:image:width\" content=\"1123\" \/>\n\t<meta property=\"og:image:height\" content=\"763\" \/>\n\t<meta property=\"og:image:type\" content=\"image\/jpeg\" \/>\n<meta name=\"author\" content=\"Exaudi Redazione\" \/>\n<meta name=\"twitter:card\" content=\"summary_large_image\" \/>\n<meta name=\"twitter:creator\" content=\"@Exaudi_Notizie\" \/>\n<meta name=\"twitter:site\" content=\"@Exaudi_News\" \/>\n<meta name=\"twitter:label1\" content=\"Scritto da\" \/>\n\t<meta name=\"twitter:data1\" content=\"Exaudi Redazione\" \/>\n\t<meta name=\"twitter:label2\" content=\"Tempo di lettura stimato\" \/>\n\t<meta name=\"twitter:data2\" content=\"6 minuti\" \/>\n<script type=\"application\/ld+json\" class=\"yoast-schema-graph\">{\"@context\":\"https:\\\/\\\/schema.org\",\"@graph\":[{\"@type\":\"Article\",\"@id\":\"https:\\\/\\\/exaudi.org\\\/it\\\/giornata-dei-poveri-le-iniziative-in-programma\\\/#article\",\"isPartOf\":{\"@id\":\"https:\\\/\\\/exaudi.org\\\/it\\\/giornata-dei-poveri-le-iniziative-in-programma\\\/\"},\"author\":{\"name\":\"Exaudi Redazione\",\"@id\":\"https:\\\/\\\/exaudi.org\\\/#\\\/schema\\\/person\\\/e1ab6ed07c01774724dd96f925f3a5f0\"},\"headline\":\"Giornata dei poveri, le iniziative in programma\",\"datePublished\":\"2021-11-08T16:57:51+00:00\",\"dateModified\":\"2021-11-26T14:07:01+00:00\",\"mainEntityOfPage\":{\"@id\":\"https:\\\/\\\/exaudi.org\\\/it\\\/giornata-dei-poveri-le-iniziative-in-programma\\\/\"},\"wordCount\":1189,\"image\":{\"@id\":\"https:\\\/\\\/exaudi.org\\\/it\\\/giornata-dei-poveri-le-iniziative-in-programma\\\/#primaryimage\"},\"thumbnailUrl\":\"https:\\\/\\\/exaudi.org\\\/wp-content\\\/uploads\\\/2021\\\/11\\\/poveri.jpeg\",\"keywords\":[\"Featured\",\"Papa Francesco\",\"poveri\",\"Trending\"],\"articleSection\":[\"Leone XIV\",\"Top Ultime Notizie\",\"Ultime Notizie\"],\"inLanguage\":\"it-IT\"},{\"@type\":\"WebPage\",\"@id\":\"https:\\\/\\\/exaudi.org\\\/it\\\/giornata-dei-poveri-le-iniziative-in-programma\\\/\",\"url\":\"https:\\\/\\\/exaudi.org\\\/it\\\/giornata-dei-poveri-le-iniziative-in-programma\\\/\",\"name\":\"Giornata dei poveri, le iniziative in programma &#8211; Exaudi\",\"isPartOf\":{\"@id\":\"https:\\\/\\\/exaudi.org\\\/#website\"},\"primaryImageOfPage\":{\"@id\":\"https:\\\/\\\/exaudi.org\\\/it\\\/giornata-dei-poveri-le-iniziative-in-programma\\\/#primaryimage\"},\"image\":{\"@id\":\"https:\\\/\\\/exaudi.org\\\/it\\\/giornata-dei-poveri-le-iniziative-in-programma\\\/#primaryimage\"},\"thumbnailUrl\":\"https:\\\/\\\/exaudi.org\\\/wp-content\\\/uploads\\\/2021\\\/11\\\/poveri.jpeg\",\"datePublished\":\"2021-11-08T16:57:51+00:00\",\"dateModified\":\"2021-11-26T14:07:01+00:00\",\"author\":{\"@id\":\"https:\\\/\\\/exaudi.org\\\/#\\\/schema\\\/person\\\/e1ab6ed07c01774724dd96f925f3a5f0\"},\"description\":\"Il Papa si recher\u00e0 venerd\u00ec ad Assisi in occasione della Giornata dei poveri. Domenica la Messa a S. Pietro. Le iniziative in programma\",\"breadcrumb\":{\"@id\":\"https:\\\/\\\/exaudi.org\\\/it\\\/giornata-dei-poveri-le-iniziative-in-programma\\\/#breadcrumb\"},\"inLanguage\":\"it-IT\",\"potentialAction\":[{\"@type\":\"ReadAction\",\"target\":[\"https:\\\/\\\/exaudi.org\\\/it\\\/giornata-dei-poveri-le-iniziative-in-programma\\\/\"]}]},{\"@type\":\"ImageObject\",\"inLanguage\":\"it-IT\",\"@id\":\"https:\\\/\\\/exaudi.org\\\/it\\\/giornata-dei-poveri-le-iniziative-in-programma\\\/#primaryimage\",\"url\":\"https:\\\/\\\/exaudi.org\\\/wp-content\\\/uploads\\\/2021\\\/11\\\/poveri.jpeg\",\"contentUrl\":\"https:\\\/\\\/exaudi.org\\\/wp-content\\\/uploads\\\/2021\\\/11\\\/poveri.jpeg\",\"width\":1123,\"height\":763,\"caption\":\"(C) Vatican Media\"},{\"@type\":\"BreadcrumbList\",\"@id\":\"https:\\\/\\\/exaudi.org\\\/it\\\/giornata-dei-poveri-le-iniziative-in-programma\\\/#breadcrumb\",\"itemListElement\":[{\"@type\":\"ListItem\",\"position\":1,\"name\":\"Portada\",\"item\":\"https:\\\/\\\/exaudi.org\\\/it\\\/\"},{\"@type\":\"ListItem\",\"position\":2,\"name\":\"Giornata dei poveri, le iniziative in programma\"}]},{\"@type\":\"WebSite\",\"@id\":\"https:\\\/\\\/exaudi.org\\\/#website\",\"url\":\"https:\\\/\\\/exaudi.org\\\/\",\"name\":\"Exaudi\",\"description\":\"News\",\"potentialAction\":[{\"@type\":\"SearchAction\",\"target\":{\"@type\":\"EntryPoint\",\"urlTemplate\":\"https:\\\/\\\/exaudi.org\\\/?s={search_term_string}\"},\"query-input\":{\"@type\":\"PropertyValueSpecification\",\"valueRequired\":true,\"valueName\":\"search_term_string\"}}],\"inLanguage\":\"it-IT\"},{\"@type\":\"Person\",\"@id\":\"https:\\\/\\\/exaudi.org\\\/#\\\/schema\\\/person\\\/e1ab6ed07c01774724dd96f925f3a5f0\",\"name\":\"Exaudi Redazione\",\"image\":{\"@type\":\"ImageObject\",\"inLanguage\":\"it-IT\",\"@id\":\"https:\\\/\\\/secure.gravatar.com\\\/avatar\\\/ad6774b3ada023bf5b939d64f45c94b3adf91502dd883507d469b4308a943bb3?s=96&d=mm&r=g\",\"url\":\"https:\\\/\\\/secure.gravatar.com\\\/avatar\\\/ad6774b3ada023bf5b939d64f45c94b3adf91502dd883507d469b4308a943bb3?s=96&d=mm&r=g\",\"contentUrl\":\"https:\\\/\\\/secure.gravatar.com\\\/avatar\\\/ad6774b3ada023bf5b939d64f45c94b3adf91502dd883507d469b4308a943bb3?s=96&d=mm&r=g\",\"caption\":\"Exaudi Redazione\"},\"description\":\"Che cosa \u00e8 Exaudi News? Exaudi News \u00e8 un agenzia cattolica internazionale che informa, istruisce e trasforma quotidianamente in spagnolo, inglese e italiano. Attraverso notizie, articoli di analisi e trasmissioni in diretta degli eventi del Papa, Exaudi cerca di rafforzare l'unit\u00e0 dei cristiani e di contribuire all'evangelizzazione del mondo, sempre guidato dalla dottrina sociale della Chiesa. Lavoriamo per portare la verit\u00e0 e i valori cristiani in ogni angolo del pianeta. Aiutaci a trasformare il mondo con Exaudi! Noi di Exaudi crediamo che l'evangelizzazione e l'informazione di qualit\u00e0 possano cambiare la vita. Per continuare la nostra missione ed espandere la nostra portata, abbiamo bisogno del tuo aiuto. Stiamo anche cercando persone motivate che vogliano unirsi al nostro team. Grazie al vostro sostegno raggiungeremo pi\u00f9 persone, diffonderemo il messaggio di Cristo e rafforzeremo l'unit\u00e0 dei cristiani. Vuoi unirti alla nostra missione? Per maggiori informazioni su come contribuire, visita Exaudi.org\\\/it o contattaci direttamente: info@exaudi.org Exaudi: informa, forma e trasforma.\",\"sameAs\":[\"https:\\\/\\\/www.facebook.com\\\/ExaudiNotizie\\\/\",\"https:\\\/\\\/www.instagram.com\\\/Exaudi_notizie\\\/\",\"https:\\\/\\\/x.com\\\/Exaudi_Notizie\",\"https:\\\/\\\/www.youtube.com\\\/@exaudicatholicnews\"],\"url\":\"https:\\\/\\\/exaudi.org\\\/it\\\/author\\\/dlvedi-org\\\/\"}]}<\/script>\n<!-- \/ Yoast SEO plugin. -->","yoast_head_json":{"title":"Giornata dei poveri, le iniziative in programma &#8211; Exaudi","description":"Il Papa si recher\u00e0 venerd\u00ec ad Assisi in occasione della Giornata dei poveri. Domenica la Messa a S. Pietro. Le iniziative in programma","robots":{"index":"index","follow":"follow","max-snippet":"max-snippet:-1","max-image-preview":"max-image-preview:large","max-video-preview":"max-video-preview:-1"},"canonical":"https:\/\/exaudi.org\/it\/giornata-dei-poveri-le-iniziative-in-programma\/","og_locale":"it_IT","og_type":"article","og_title":"Giornata dei poveri, le iniziative in programma &#8211; Exaudi","og_description":"Il Papa si recher\u00e0 venerd\u00ec ad Assisi in occasione della Giornata dei poveri. Domenica la Messa a S. Pietro. Le iniziative in programma","og_url":"https:\/\/exaudi.org\/it\/giornata-dei-poveri-le-iniziative-in-programma\/","og_site_name":"Exaudi","article_publisher":"https:\/\/www.facebook.com\/ExaudiNews","article_author":"https:\/\/www.facebook.com\/ExaudiNotizie\/","article_published_time":"2021-11-08T16:57:51+00:00","article_modified_time":"2021-11-26T14:07:01+00:00","og_image":[{"width":1123,"height":763,"url":"https:\/\/exaudi.org\/wp-content\/uploads\/2021\/11\/poveri.jpeg","type":"image\/jpeg"}],"author":"Exaudi Redazione","twitter_card":"summary_large_image","twitter_creator":"@Exaudi_Notizie","twitter_site":"@Exaudi_News","twitter_misc":{"Scritto da":"Exaudi Redazione","Tempo di lettura stimato":"6 minuti"},"schema":{"@context":"https:\/\/schema.org","@graph":[{"@type":"Article","@id":"https:\/\/exaudi.org\/it\/giornata-dei-poveri-le-iniziative-in-programma\/#article","isPartOf":{"@id":"https:\/\/exaudi.org\/it\/giornata-dei-poveri-le-iniziative-in-programma\/"},"author":{"name":"Exaudi Redazione","@id":"https:\/\/exaudi.org\/#\/schema\/person\/e1ab6ed07c01774724dd96f925f3a5f0"},"headline":"Giornata dei poveri, le iniziative in programma","datePublished":"2021-11-08T16:57:51+00:00","dateModified":"2021-11-26T14:07:01+00:00","mainEntityOfPage":{"@id":"https:\/\/exaudi.org\/it\/giornata-dei-poveri-le-iniziative-in-programma\/"},"wordCount":1189,"image":{"@id":"https:\/\/exaudi.org\/it\/giornata-dei-poveri-le-iniziative-in-programma\/#primaryimage"},"thumbnailUrl":"https:\/\/exaudi.org\/wp-content\/uploads\/2021\/11\/poveri.jpeg","keywords":["Featured","Papa Francesco","poveri","Trending"],"articleSection":["Leone XIV","Top Ultime Notizie","Ultime Notizie"],"inLanguage":"it-IT"},{"@type":"WebPage","@id":"https:\/\/exaudi.org\/it\/giornata-dei-poveri-le-iniziative-in-programma\/","url":"https:\/\/exaudi.org\/it\/giornata-dei-poveri-le-iniziative-in-programma\/","name":"Giornata dei poveri, le iniziative in programma &#8211; Exaudi","isPartOf":{"@id":"https:\/\/exaudi.org\/#website"},"primaryImageOfPage":{"@id":"https:\/\/exaudi.org\/it\/giornata-dei-poveri-le-iniziative-in-programma\/#primaryimage"},"image":{"@id":"https:\/\/exaudi.org\/it\/giornata-dei-poveri-le-iniziative-in-programma\/#primaryimage"},"thumbnailUrl":"https:\/\/exaudi.org\/wp-content\/uploads\/2021\/11\/poveri.jpeg","datePublished":"2021-11-08T16:57:51+00:00","dateModified":"2021-11-26T14:07:01+00:00","author":{"@id":"https:\/\/exaudi.org\/#\/schema\/person\/e1ab6ed07c01774724dd96f925f3a5f0"},"description":"Il Papa si recher\u00e0 venerd\u00ec ad Assisi in occasione della Giornata dei poveri. Domenica la Messa a S. Pietro. Le iniziative in programma","breadcrumb":{"@id":"https:\/\/exaudi.org\/it\/giornata-dei-poveri-le-iniziative-in-programma\/#breadcrumb"},"inLanguage":"it-IT","potentialAction":[{"@type":"ReadAction","target":["https:\/\/exaudi.org\/it\/giornata-dei-poveri-le-iniziative-in-programma\/"]}]},{"@type":"ImageObject","inLanguage":"it-IT","@id":"https:\/\/exaudi.org\/it\/giornata-dei-poveri-le-iniziative-in-programma\/#primaryimage","url":"https:\/\/exaudi.org\/wp-content\/uploads\/2021\/11\/poveri.jpeg","contentUrl":"https:\/\/exaudi.org\/wp-content\/uploads\/2021\/11\/poveri.jpeg","width":1123,"height":763,"caption":"(C) Vatican Media"},{"@type":"BreadcrumbList","@id":"https:\/\/exaudi.org\/it\/giornata-dei-poveri-le-iniziative-in-programma\/#breadcrumb","itemListElement":[{"@type":"ListItem","position":1,"name":"Portada","item":"https:\/\/exaudi.org\/it\/"},{"@type":"ListItem","position":2,"name":"Giornata dei poveri, le iniziative in programma"}]},{"@type":"WebSite","@id":"https:\/\/exaudi.org\/#website","url":"https:\/\/exaudi.org\/","name":"Exaudi","description":"News","potentialAction":[{"@type":"SearchAction","target":{"@type":"EntryPoint","urlTemplate":"https:\/\/exaudi.org\/?s={search_term_string}"},"query-input":{"@type":"PropertyValueSpecification","valueRequired":true,"valueName":"search_term_string"}}],"inLanguage":"it-IT"},{"@type":"Person","@id":"https:\/\/exaudi.org\/#\/schema\/person\/e1ab6ed07c01774724dd96f925f3a5f0","name":"Exaudi Redazione","image":{"@type":"ImageObject","inLanguage":"it-IT","@id":"https:\/\/secure.gravatar.com\/avatar\/ad6774b3ada023bf5b939d64f45c94b3adf91502dd883507d469b4308a943bb3?s=96&d=mm&r=g","url":"https:\/\/secure.gravatar.com\/avatar\/ad6774b3ada023bf5b939d64f45c94b3adf91502dd883507d469b4308a943bb3?s=96&d=mm&r=g","contentUrl":"https:\/\/secure.gravatar.com\/avatar\/ad6774b3ada023bf5b939d64f45c94b3adf91502dd883507d469b4308a943bb3?s=96&d=mm&r=g","caption":"Exaudi Redazione"},"description":"Che cosa \u00e8 Exaudi News? Exaudi News \u00e8 un agenzia cattolica internazionale che informa, istruisce e trasforma quotidianamente in spagnolo, inglese e italiano. Attraverso notizie, articoli di analisi e trasmissioni in diretta degli eventi del Papa, Exaudi cerca di rafforzare l'unit\u00e0 dei cristiani e di contribuire all'evangelizzazione del mondo, sempre guidato dalla dottrina sociale della Chiesa. Lavoriamo per portare la verit\u00e0 e i valori cristiani in ogni angolo del pianeta. Aiutaci a trasformare il mondo con Exaudi! Noi di Exaudi crediamo che l'evangelizzazione e l'informazione di qualit\u00e0 possano cambiare la vita. Per continuare la nostra missione ed espandere la nostra portata, abbiamo bisogno del tuo aiuto. Stiamo anche cercando persone motivate che vogliano unirsi al nostro team. Grazie al vostro sostegno raggiungeremo pi\u00f9 persone, diffonderemo il messaggio di Cristo e rafforzeremo l'unit\u00e0 dei cristiani. Vuoi unirti alla nostra missione? Per maggiori informazioni su come contribuire, visita Exaudi.org\/it o contattaci direttamente: info@exaudi.org Exaudi: informa, forma e trasforma.","sameAs":["https:\/\/www.facebook.com\/ExaudiNotizie\/","https:\/\/www.instagram.com\/Exaudi_notizie\/","https:\/\/x.com\/Exaudi_Notizie","https:\/\/www.youtube.com\/@exaudicatholicnews"],"url":"https:\/\/exaudi.org\/it\/author\/dlvedi-org\/"}]}},"jetpack_featured_media_url":"https:\/\/exaudi.org\/wp-content\/uploads\/2021\/11\/poveri.jpeg","jetpack_shortlink":"https:\/\/wp.me\/pgKjF2-ad1","_links":{"self":[{"href":"https:\/\/exaudi.org\/it\/wp-json\/wp\/v2\/posts\/39247","targetHints":{"allow":["GET"]}}],"collection":[{"href":"https:\/\/exaudi.org\/it\/wp-json\/wp\/v2\/posts"}],"about":[{"href":"https:\/\/exaudi.org\/it\/wp-json\/wp\/v2\/types\/post"}],"author":[{"embeddable":true,"href":"https:\/\/exaudi.org\/it\/wp-json\/wp\/v2\/users\/17"}],"replies":[{"embeddable":true,"href":"https:\/\/exaudi.org\/it\/wp-json\/wp\/v2\/comments?post=39247"}],"version-history":[{"count":0,"href":"https:\/\/exaudi.org\/it\/wp-json\/wp\/v2\/posts\/39247\/revisions"}],"wp:featuredmedia":[{"embeddable":true,"href":"https:\/\/exaudi.org\/it\/wp-json\/wp\/v2\/media\/39257"}],"wp:attachment":[{"href":"https:\/\/exaudi.org\/it\/wp-json\/wp\/v2\/media?parent=39247"}],"wp:term":[{"taxonomy":"category","embeddable":true,"href":"https:\/\/exaudi.org\/it\/wp-json\/wp\/v2\/categories?post=39247"},{"taxonomy":"post_tag","embeddable":true,"href":"https:\/\/exaudi.org\/it\/wp-json\/wp\/v2\/tags?post=39247"}],"curies":[{"name":"wp","href":"https:\/\/api.w.org\/{rel}","templated":true}]}}