{"id":38956,"date":"2021-11-05T10:07:12","date_gmt":"2021-11-05T09:07:12","guid":{"rendered":"https:\/\/exaudi.wpengine.com\/?p=38956"},"modified":"2021-11-26T15:07:36","modified_gmt":"2021-11-26T14:07:36","slug":"movimento-laudato-si-una-testimonianza","status":"publish","type":"post","link":"https:\/\/exaudi.org\/it\/movimento-laudato-si-una-testimonianza\/","title":{"rendered":"Movimento Laudato Si&#8217;: una testimonianza"},"content":{"rendered":"<p>Per la <a href=\"https:\/\/thecatholicpetition.org\/it\/home-it\/\">petizione \u201cPianeta Sano, Persone Sane\u201d<\/a>, sono state raccolte oltre 100.000 firme da pi\u00f9 di 400 istituzioni religiose, presentate dalla delegazione vaticana alla 26a Conferenza delle Nazioni Unite sui Cambiamenti Climatici (COP26). In tutto il mondo, i cattolici si sono impegnati a diffondere questo messaggio, soprattutto coloro che compongono il Movimento Laudato Si\u2019. In Colombia sono state avanzate varie proposte, ma la principale \u00e8 stata motivata sui social dai sostenitori della Laudato Si&#8217; perch\u00e9: &#8220;Le aziende non faranno ombra&#8221;, hanno commentato, invitando a piantare alberi.<\/p>\n<p>Lina Sedano, coordinatrice del capitolo colombiano del MLS, ha condiviso una testimonianza su come si siano preparati a livello nazionale per diffondere la petizione e dare visibilit\u00e0 all&#8217;importanza della COP che si sta svolgendo a Glasgow.<\/p>\n<p><strong>Come ha lavorato il capitolo colombiano nella raccolta firme per la petizione &#8220;Pianeta Sano, Persone Sane&#8221;?<\/strong><\/p>\n<p>Da un lato, abbiamo iniziato invitando gli influencer di Instagram a condividere con loro la campagna e a diffonderla sulle loro reti. Inoltre, si sono svolte due giornate di raccolta firme in diverse citt\u00e0 e parrocchie guidate dal nostro team di coordinamento, animatori diocesani in formazione, animatori e altre comunit\u00e0 religiose. Con questa esperienza ci siamo resi conto che le firme fisiche erano molto importanti e il modo pi\u00f9 veloce per raccoglierle. Allo stesso modo, abbiamo promosso attivit\u00e0 tra gli animatori diocesani in formazione e coloro che facevano parte delle istituzioni educative.<\/p>\n<p>Tra i commenti, sono cominciate a comparire persone che ci hanno chiesto perch\u00e9 invece delle firme, non piantassimo alberi, se la nostra intenzione \u00e8 davvero contribuire alla biodiversit\u00e0.<\/p>\n<p>Tenendo conto dei suggerimenti e vedendo come raccogliere pi\u00f9 firme ed essere pi\u00f9 efficaci con la campagna, ci \u00e8 venuto in mente di piantare alberi per contribuire alla biodiversit\u00e0 del nostro Paese. Cos\u00ec, abbiamo contattato la Andean Life Corporation, che \u00e8 a conoscenza del Movimento e ha fatto un accordo in modo che per ogni 100 aziende che avessero aderito alla campagna, avremmo piantato una palma da cera, che \u00e8 il nostro albero nazionale, casa del pappagallo dalle\u00a0orecchie gialle (una specie minacciata).<\/p>\n<p>Abbiamo spostato la campagna tra i gruppi ambientalisti della regione e abbiamo raccolto circa 200 firme delle oltre 6.700 raccolte dal capitolo della Colombia.<\/p>\n<p>La campagna ci ha permesso di avere una maggiore copertura su reti come Facebook e di farci conoscere (con tutti i pro e contro che esso comporta).<\/p>\n<p><strong>Qual \u00e8 stato l&#8217;impatto delle persone nelle comunit\u00e0 locali? Le persone comprendono l&#8217;importanza di parlare durante la COP26?<\/strong><\/p>\n<p>C&#8217;\u00e8 ancora una mancanza di consapevolezza tra la popolazione circa l&#8217;importanza di questi vertici e delle decisioni che vi vengono prese. Essendo qualcosa di cos\u00ec mondale, le comunit\u00e0 locali non si rivedono in questo tipo di eventi o non sono sufficientemente pubblicizzati. Molti non firmano perch\u00e9 non credono che questa firma possa generare cambiamenti significativi.<\/p>\n<p>La raccolta firme \u00e8 stata una grande sfida come capitolo, perch\u00e9 ci troviamo nel periodo pre-elettorale e molti dubitano che la campagna possa essere efficace. Tuttavia, \u00e8 stato molto importante avere la firma e la rappresentanza delle diverse regioni della Colombia.<\/p>\n<p><strong>Raccontaci delle testimonianze che ti hanno segnato durante questa campagna.<\/strong><\/p>\n<p>Siamo stati presenti allo sciopero per il clima del 24 settembre; per noi \u00e8 stata una piacevole sorpresa che la <a href=\"https:\/\/www.vatican.va\/content\/francesco\/it\/encyclicals\/documents\/papa-francesco_20150524_enciclica-laudato-si.html\">Laudato Si\u00b4<\/a> fosse conosciuta in ambienti laici, nei quali sono stati incoraggiati a firmare la petizione, pur sapendo che fosse guidata da un movimento cattolico, motivato dalle\u00a0 comunit\u00e0 cattoliche che si stavano mobilitando attorno a questi temi.<\/p>\n<p>Su Facebook, dove abbiamo pi\u00f9 visibilit\u00e0, ci sono commenti di persone che hanno idee interessanti come piantare alberi da frutto. Lo terremo sicuramente presente in futuro. Anche i nostri &#8220;troll&#8221; ci aiutano a lavorare sulla pazienza e nel modo in cui testimoniamo e comunichiamo ci\u00f2 che facciamo.<\/p>\n<p><strong>Per quanto riguarda la piantumazione delle palme da cera, come pensate di procedere?<\/strong><\/p>\n<p>La messa a dimora delle palme avverr\u00e0 nei prossimi mesi. L&#8217;idea \u00e8 che quando gli alberi saranno pronti per essere piantati, potremo realizzare la campagna insieme alla Andean Life Corporation, incaricata di guidare questa iniziativa nell&#8217;area (conosciuta come la regione del caff\u00e8), sfruttando la piantagione. Potremmo sensibilizzare la comunit\u00e0 cattolica affinch\u00e9 non si acquisti la palma di cera per la domenica delle Palme, ma si utilizzino invece altre alternative.<\/p>\n<p>Sebbene l&#8217;abbattimento di questa palma per la Domenica delle Palme sia diminuito, in alcune regioni continua ad essere utilizzata, colpendo queste due specie (la palma da cera e il pappagallo dalle orecchie gialle). Per questo motivo, il nostro contributo alla biodiversit\u00e0 del Paese \u00e8 quello di seminare e contribuire alla protezione di questa specie minacciata e poter cos\u00ec esercitare i tre pilastri del nostro movimento: mobilitazione (campagna delle imprese), riflessione (come contribuire alla biodiversit\u00e0) e azione (seminare).<\/p>\n<p>Infine, ci\u00f2 che abbiamo imparato in questa campagna \u00e8 ascoltare, capire cosa si aspettano gli altri da noi come movimento, come leader di questa iniziativa. Abbiamo imparato a non cercare di aggiungere pi\u00f9 persone a tutti i costi. Abbiamo imparato che quando i piani non vanno come abbiamo sperato dobbiamo cercare alternative. Ma anche saper dare testimonianza quando escono allo scoperto persone che non sono d&#8217;accordo con quello che facciamo.<\/p>\n","protected":false},"excerpt":{"rendered":"<p>Dalla Colombia l&#8217;esperienza della petizione &#8220;Pianeta sano, persone sane&#8221;: &#8220;In questa campagna abbiamo imparato ad ascoltare&#8221;<\/p>\n","protected":false},"author":17,"featured_media":38965,"comment_status":"closed","ping_status":"closed","sticky":false,"template":"","format":"standard","meta":{"_acf_changed":false,"_crdt_document":"","inline_featured_image":false,"footnotes":""},"categories":[79,297],"tags":[1327,2120,4952],"class_list":["post-38956","post","type-post","status-publish","format-standard","has-post-thumbnail","hentry","category-ecologia","category-ultime-notizie","tag-ambiente","tag-laudato-si","tag-trending-it"],"acf":[],"yoast_head":"<!-- This site is optimized with the Yoast SEO plugin v27.4 - https:\/\/yoast.com\/product\/yoast-seo-wordpress\/ -->\n<title>Movimento Laudato Si&#039;: una testimonianza &#8211; Exaudi<\/title>\n<meta name=\"description\" content=\"Movimento Laudato Si&#039;, dalla Colombia l&#039;esperienza della petizione &quot;Pianeta sano, persone sane&quot;: &quot;Abbiamo imparato ad ascoltare&quot;\" \/>\n<meta name=\"robots\" content=\"index, follow, max-snippet:-1, max-image-preview:large, max-video-preview:-1\" \/>\n<link rel=\"canonical\" href=\"https:\/\/exaudi.org\/it\/movimento-laudato-si-una-testimonianza\/\" \/>\n<meta property=\"og:locale\" content=\"it_IT\" \/>\n<meta property=\"og:type\" content=\"article\" \/>\n<meta property=\"og:title\" content=\"Movimento Laudato Si&#039;: una testimonianza &#8211; Exaudi\" \/>\n<meta property=\"og:description\" content=\"Movimento Laudato Si&#039;, dalla Colombia l&#039;esperienza della petizione &quot;Pianeta sano, persone sane&quot;: &quot;Abbiamo imparato ad ascoltare&quot;\" \/>\n<meta property=\"og:url\" content=\"https:\/\/exaudi.org\/it\/movimento-laudato-si-una-testimonianza\/\" \/>\n<meta property=\"og:site_name\" content=\"Exaudi\" \/>\n<meta property=\"article:publisher\" content=\"https:\/\/www.facebook.com\/ExaudiNews\" \/>\n<meta property=\"article:author\" content=\"https:\/\/www.facebook.com\/ExaudiNotizie\/\" \/>\n<meta property=\"article:published_time\" content=\"2021-11-05T09:07:12+00:00\" \/>\n<meta property=\"article:modified_time\" content=\"2021-11-26T14:07:36+00:00\" \/>\n<meta property=\"og:image\" content=\"https:\/\/exaudi.org\/wp-content\/uploads\/2021\/11\/peticion-colombia-1.jpeg\" \/>\n\t<meta property=\"og:image:width\" content=\"1280\" \/>\n\t<meta property=\"og:image:height\" content=\"960\" \/>\n\t<meta property=\"og:image:type\" content=\"image\/jpeg\" \/>\n<meta name=\"author\" content=\"Exaudi Redazione\" \/>\n<meta name=\"twitter:card\" content=\"summary_large_image\" \/>\n<meta name=\"twitter:creator\" content=\"@Exaudi_Notizie\" \/>\n<meta name=\"twitter:site\" content=\"@Exaudi_News\" \/>\n<meta name=\"twitter:label1\" content=\"Scritto da\" \/>\n\t<meta name=\"twitter:data1\" content=\"Exaudi Redazione\" \/>\n\t<meta name=\"twitter:label2\" content=\"Tempo di lettura stimato\" \/>\n\t<meta name=\"twitter:data2\" content=\"4 minuti\" \/>\n<script type=\"application\/ld+json\" class=\"yoast-schema-graph\">{\"@context\":\"https:\\\/\\\/schema.org\",\"@graph\":[{\"@type\":\"Article\",\"@id\":\"https:\\\/\\\/exaudi.org\\\/it\\\/movimento-laudato-si-una-testimonianza\\\/#article\",\"isPartOf\":{\"@id\":\"https:\\\/\\\/exaudi.org\\\/it\\\/movimento-laudato-si-una-testimonianza\\\/\"},\"author\":{\"name\":\"Exaudi Redazione\",\"@id\":\"https:\\\/\\\/exaudi.org\\\/#\\\/schema\\\/person\\\/e1ab6ed07c01774724dd96f925f3a5f0\"},\"headline\":\"Movimento Laudato Si&#8217;: una testimonianza\",\"datePublished\":\"2021-11-05T09:07:12+00:00\",\"dateModified\":\"2021-11-26T14:07:36+00:00\",\"mainEntityOfPage\":{\"@id\":\"https:\\\/\\\/exaudi.org\\\/it\\\/movimento-laudato-si-una-testimonianza\\\/\"},\"wordCount\":844,\"image\":{\"@id\":\"https:\\\/\\\/exaudi.org\\\/it\\\/movimento-laudato-si-una-testimonianza\\\/#primaryimage\"},\"thumbnailUrl\":\"https:\\\/\\\/exaudi.org\\\/wp-content\\\/uploads\\\/2021\\\/11\\\/peticion-colombia-1.jpeg\",\"keywords\":[\"ambiente\",\"Laudato si'\",\"Trending\"],\"articleSection\":[\"Ecologia\",\"Ultime Notizie\"],\"inLanguage\":\"it-IT\"},{\"@type\":\"WebPage\",\"@id\":\"https:\\\/\\\/exaudi.org\\\/it\\\/movimento-laudato-si-una-testimonianza\\\/\",\"url\":\"https:\\\/\\\/exaudi.org\\\/it\\\/movimento-laudato-si-una-testimonianza\\\/\",\"name\":\"Movimento Laudato Si': una testimonianza &#8211; Exaudi\",\"isPartOf\":{\"@id\":\"https:\\\/\\\/exaudi.org\\\/#website\"},\"primaryImageOfPage\":{\"@id\":\"https:\\\/\\\/exaudi.org\\\/it\\\/movimento-laudato-si-una-testimonianza\\\/#primaryimage\"},\"image\":{\"@id\":\"https:\\\/\\\/exaudi.org\\\/it\\\/movimento-laudato-si-una-testimonianza\\\/#primaryimage\"},\"thumbnailUrl\":\"https:\\\/\\\/exaudi.org\\\/wp-content\\\/uploads\\\/2021\\\/11\\\/peticion-colombia-1.jpeg\",\"datePublished\":\"2021-11-05T09:07:12+00:00\",\"dateModified\":\"2021-11-26T14:07:36+00:00\",\"author\":{\"@id\":\"https:\\\/\\\/exaudi.org\\\/#\\\/schema\\\/person\\\/e1ab6ed07c01774724dd96f925f3a5f0\"},\"description\":\"Movimento Laudato Si', dalla Colombia l'esperienza della petizione \\\"Pianeta sano, persone sane\\\": \\\"Abbiamo imparato ad ascoltare\\\"\",\"breadcrumb\":{\"@id\":\"https:\\\/\\\/exaudi.org\\\/it\\\/movimento-laudato-si-una-testimonianza\\\/#breadcrumb\"},\"inLanguage\":\"it-IT\",\"potentialAction\":[{\"@type\":\"ReadAction\",\"target\":[\"https:\\\/\\\/exaudi.org\\\/it\\\/movimento-laudato-si-una-testimonianza\\\/\"]}]},{\"@type\":\"ImageObject\",\"inLanguage\":\"it-IT\",\"@id\":\"https:\\\/\\\/exaudi.org\\\/it\\\/movimento-laudato-si-una-testimonianza\\\/#primaryimage\",\"url\":\"https:\\\/\\\/exaudi.org\\\/wp-content\\\/uploads\\\/2021\\\/11\\\/peticion-colombia-1.jpeg\",\"contentUrl\":\"https:\\\/\\\/exaudi.org\\\/wp-content\\\/uploads\\\/2021\\\/11\\\/peticion-colombia-1.jpeg\",\"width\":1280,\"height\":960,\"caption\":\"movimento laudato si'\"},{\"@type\":\"BreadcrumbList\",\"@id\":\"https:\\\/\\\/exaudi.org\\\/it\\\/movimento-laudato-si-una-testimonianza\\\/#breadcrumb\",\"itemListElement\":[{\"@type\":\"ListItem\",\"position\":1,\"name\":\"Portada\",\"item\":\"https:\\\/\\\/exaudi.org\\\/it\\\/\"},{\"@type\":\"ListItem\",\"position\":2,\"name\":\"Movimento Laudato Si&#8217;: una testimonianza\"}]},{\"@type\":\"WebSite\",\"@id\":\"https:\\\/\\\/exaudi.org\\\/#website\",\"url\":\"https:\\\/\\\/exaudi.org\\\/\",\"name\":\"Exaudi\",\"description\":\"News\",\"potentialAction\":[{\"@type\":\"SearchAction\",\"target\":{\"@type\":\"EntryPoint\",\"urlTemplate\":\"https:\\\/\\\/exaudi.org\\\/?s={search_term_string}\"},\"query-input\":{\"@type\":\"PropertyValueSpecification\",\"valueRequired\":true,\"valueName\":\"search_term_string\"}}],\"inLanguage\":\"it-IT\"},{\"@type\":\"Person\",\"@id\":\"https:\\\/\\\/exaudi.org\\\/#\\\/schema\\\/person\\\/e1ab6ed07c01774724dd96f925f3a5f0\",\"name\":\"Exaudi Redazione\",\"image\":{\"@type\":\"ImageObject\",\"inLanguage\":\"it-IT\",\"@id\":\"https:\\\/\\\/secure.gravatar.com\\\/avatar\\\/ad6774b3ada023bf5b939d64f45c94b3adf91502dd883507d469b4308a943bb3?s=96&d=mm&r=g\",\"url\":\"https:\\\/\\\/secure.gravatar.com\\\/avatar\\\/ad6774b3ada023bf5b939d64f45c94b3adf91502dd883507d469b4308a943bb3?s=96&d=mm&r=g\",\"contentUrl\":\"https:\\\/\\\/secure.gravatar.com\\\/avatar\\\/ad6774b3ada023bf5b939d64f45c94b3adf91502dd883507d469b4308a943bb3?s=96&d=mm&r=g\",\"caption\":\"Exaudi Redazione\"},\"description\":\"Che cosa \u00e8 Exaudi News? Exaudi News \u00e8 un agenzia cattolica internazionale che informa, istruisce e trasforma quotidianamente in spagnolo, inglese e italiano. Attraverso notizie, articoli di analisi e trasmissioni in diretta degli eventi del Papa, Exaudi cerca di rafforzare l'unit\u00e0 dei cristiani e di contribuire all'evangelizzazione del mondo, sempre guidato dalla dottrina sociale della Chiesa. Lavoriamo per portare la verit\u00e0 e i valori cristiani in ogni angolo del pianeta. Aiutaci a trasformare il mondo con Exaudi! Noi di Exaudi crediamo che l'evangelizzazione e l'informazione di qualit\u00e0 possano cambiare la vita. Per continuare la nostra missione ed espandere la nostra portata, abbiamo bisogno del tuo aiuto. Stiamo anche cercando persone motivate che vogliano unirsi al nostro team. Grazie al vostro sostegno raggiungeremo pi\u00f9 persone, diffonderemo il messaggio di Cristo e rafforzeremo l'unit\u00e0 dei cristiani. Vuoi unirti alla nostra missione? Per maggiori informazioni su come contribuire, visita Exaudi.org\\\/it o contattaci direttamente: info@exaudi.org Exaudi: informa, forma e trasforma.\",\"sameAs\":[\"https:\\\/\\\/www.facebook.com\\\/ExaudiNotizie\\\/\",\"https:\\\/\\\/www.instagram.com\\\/Exaudi_notizie\\\/\",\"https:\\\/\\\/x.com\\\/Exaudi_Notizie\",\"https:\\\/\\\/www.youtube.com\\\/@exaudicatholicnews\"],\"url\":\"https:\\\/\\\/exaudi.org\\\/it\\\/author\\\/dlvedi-org\\\/\"}]}<\/script>\n<!-- \/ Yoast SEO plugin. -->","yoast_head_json":{"title":"Movimento Laudato Si': una testimonianza &#8211; Exaudi","description":"Movimento Laudato Si', dalla Colombia l'esperienza della petizione \"Pianeta sano, persone sane\": \"Abbiamo imparato ad ascoltare\"","robots":{"index":"index","follow":"follow","max-snippet":"max-snippet:-1","max-image-preview":"max-image-preview:large","max-video-preview":"max-video-preview:-1"},"canonical":"https:\/\/exaudi.org\/it\/movimento-laudato-si-una-testimonianza\/","og_locale":"it_IT","og_type":"article","og_title":"Movimento Laudato Si': una testimonianza &#8211; Exaudi","og_description":"Movimento Laudato Si', dalla Colombia l'esperienza della petizione \"Pianeta sano, persone sane\": \"Abbiamo imparato ad ascoltare\"","og_url":"https:\/\/exaudi.org\/it\/movimento-laudato-si-una-testimonianza\/","og_site_name":"Exaudi","article_publisher":"https:\/\/www.facebook.com\/ExaudiNews","article_author":"https:\/\/www.facebook.com\/ExaudiNotizie\/","article_published_time":"2021-11-05T09:07:12+00:00","article_modified_time":"2021-11-26T14:07:36+00:00","og_image":[{"width":1280,"height":960,"url":"https:\/\/exaudi.org\/wp-content\/uploads\/2021\/11\/peticion-colombia-1.jpeg","type":"image\/jpeg"}],"author":"Exaudi Redazione","twitter_card":"summary_large_image","twitter_creator":"@Exaudi_Notizie","twitter_site":"@Exaudi_News","twitter_misc":{"Scritto da":"Exaudi Redazione","Tempo di lettura stimato":"4 minuti"},"schema":{"@context":"https:\/\/schema.org","@graph":[{"@type":"Article","@id":"https:\/\/exaudi.org\/it\/movimento-laudato-si-una-testimonianza\/#article","isPartOf":{"@id":"https:\/\/exaudi.org\/it\/movimento-laudato-si-una-testimonianza\/"},"author":{"name":"Exaudi Redazione","@id":"https:\/\/exaudi.org\/#\/schema\/person\/e1ab6ed07c01774724dd96f925f3a5f0"},"headline":"Movimento Laudato Si&#8217;: una testimonianza","datePublished":"2021-11-05T09:07:12+00:00","dateModified":"2021-11-26T14:07:36+00:00","mainEntityOfPage":{"@id":"https:\/\/exaudi.org\/it\/movimento-laudato-si-una-testimonianza\/"},"wordCount":844,"image":{"@id":"https:\/\/exaudi.org\/it\/movimento-laudato-si-una-testimonianza\/#primaryimage"},"thumbnailUrl":"https:\/\/exaudi.org\/wp-content\/uploads\/2021\/11\/peticion-colombia-1.jpeg","keywords":["ambiente","Laudato si'","Trending"],"articleSection":["Ecologia","Ultime Notizie"],"inLanguage":"it-IT"},{"@type":"WebPage","@id":"https:\/\/exaudi.org\/it\/movimento-laudato-si-una-testimonianza\/","url":"https:\/\/exaudi.org\/it\/movimento-laudato-si-una-testimonianza\/","name":"Movimento Laudato Si': una testimonianza &#8211; Exaudi","isPartOf":{"@id":"https:\/\/exaudi.org\/#website"},"primaryImageOfPage":{"@id":"https:\/\/exaudi.org\/it\/movimento-laudato-si-una-testimonianza\/#primaryimage"},"image":{"@id":"https:\/\/exaudi.org\/it\/movimento-laudato-si-una-testimonianza\/#primaryimage"},"thumbnailUrl":"https:\/\/exaudi.org\/wp-content\/uploads\/2021\/11\/peticion-colombia-1.jpeg","datePublished":"2021-11-05T09:07:12+00:00","dateModified":"2021-11-26T14:07:36+00:00","author":{"@id":"https:\/\/exaudi.org\/#\/schema\/person\/e1ab6ed07c01774724dd96f925f3a5f0"},"description":"Movimento Laudato Si', dalla Colombia l'esperienza della petizione \"Pianeta sano, persone sane\": \"Abbiamo imparato ad ascoltare\"","breadcrumb":{"@id":"https:\/\/exaudi.org\/it\/movimento-laudato-si-una-testimonianza\/#breadcrumb"},"inLanguage":"it-IT","potentialAction":[{"@type":"ReadAction","target":["https:\/\/exaudi.org\/it\/movimento-laudato-si-una-testimonianza\/"]}]},{"@type":"ImageObject","inLanguage":"it-IT","@id":"https:\/\/exaudi.org\/it\/movimento-laudato-si-una-testimonianza\/#primaryimage","url":"https:\/\/exaudi.org\/wp-content\/uploads\/2021\/11\/peticion-colombia-1.jpeg","contentUrl":"https:\/\/exaudi.org\/wp-content\/uploads\/2021\/11\/peticion-colombia-1.jpeg","width":1280,"height":960,"caption":"movimento laudato si'"},{"@type":"BreadcrumbList","@id":"https:\/\/exaudi.org\/it\/movimento-laudato-si-una-testimonianza\/#breadcrumb","itemListElement":[{"@type":"ListItem","position":1,"name":"Portada","item":"https:\/\/exaudi.org\/it\/"},{"@type":"ListItem","position":2,"name":"Movimento Laudato Si&#8217;: una testimonianza"}]},{"@type":"WebSite","@id":"https:\/\/exaudi.org\/#website","url":"https:\/\/exaudi.org\/","name":"Exaudi","description":"News","potentialAction":[{"@type":"SearchAction","target":{"@type":"EntryPoint","urlTemplate":"https:\/\/exaudi.org\/?s={search_term_string}"},"query-input":{"@type":"PropertyValueSpecification","valueRequired":true,"valueName":"search_term_string"}}],"inLanguage":"it-IT"},{"@type":"Person","@id":"https:\/\/exaudi.org\/#\/schema\/person\/e1ab6ed07c01774724dd96f925f3a5f0","name":"Exaudi Redazione","image":{"@type":"ImageObject","inLanguage":"it-IT","@id":"https:\/\/secure.gravatar.com\/avatar\/ad6774b3ada023bf5b939d64f45c94b3adf91502dd883507d469b4308a943bb3?s=96&d=mm&r=g","url":"https:\/\/secure.gravatar.com\/avatar\/ad6774b3ada023bf5b939d64f45c94b3adf91502dd883507d469b4308a943bb3?s=96&d=mm&r=g","contentUrl":"https:\/\/secure.gravatar.com\/avatar\/ad6774b3ada023bf5b939d64f45c94b3adf91502dd883507d469b4308a943bb3?s=96&d=mm&r=g","caption":"Exaudi Redazione"},"description":"Che cosa \u00e8 Exaudi News? Exaudi News \u00e8 un agenzia cattolica internazionale che informa, istruisce e trasforma quotidianamente in spagnolo, inglese e italiano. Attraverso notizie, articoli di analisi e trasmissioni in diretta degli eventi del Papa, Exaudi cerca di rafforzare l'unit\u00e0 dei cristiani e di contribuire all'evangelizzazione del mondo, sempre guidato dalla dottrina sociale della Chiesa. Lavoriamo per portare la verit\u00e0 e i valori cristiani in ogni angolo del pianeta. Aiutaci a trasformare il mondo con Exaudi! Noi di Exaudi crediamo che l'evangelizzazione e l'informazione di qualit\u00e0 possano cambiare la vita. Per continuare la nostra missione ed espandere la nostra portata, abbiamo bisogno del tuo aiuto. Stiamo anche cercando persone motivate che vogliano unirsi al nostro team. Grazie al vostro sostegno raggiungeremo pi\u00f9 persone, diffonderemo il messaggio di Cristo e rafforzeremo l'unit\u00e0 dei cristiani. Vuoi unirti alla nostra missione? Per maggiori informazioni su come contribuire, visita Exaudi.org\/it o contattaci direttamente: info@exaudi.org Exaudi: informa, forma e trasforma.","sameAs":["https:\/\/www.facebook.com\/ExaudiNotizie\/","https:\/\/www.instagram.com\/Exaudi_notizie\/","https:\/\/x.com\/Exaudi_Notizie","https:\/\/www.youtube.com\/@exaudicatholicnews"],"url":"https:\/\/exaudi.org\/it\/author\/dlvedi-org\/"}]}},"jetpack_featured_media_url":"https:\/\/exaudi.org\/wp-content\/uploads\/2021\/11\/peticion-colombia-1.jpeg","jetpack_shortlink":"https:\/\/wp.me\/pgKjF2-a8k","_links":{"self":[{"href":"https:\/\/exaudi.org\/it\/wp-json\/wp\/v2\/posts\/38956","targetHints":{"allow":["GET"]}}],"collection":[{"href":"https:\/\/exaudi.org\/it\/wp-json\/wp\/v2\/posts"}],"about":[{"href":"https:\/\/exaudi.org\/it\/wp-json\/wp\/v2\/types\/post"}],"author":[{"embeddable":true,"href":"https:\/\/exaudi.org\/it\/wp-json\/wp\/v2\/users\/17"}],"replies":[{"embeddable":true,"href":"https:\/\/exaudi.org\/it\/wp-json\/wp\/v2\/comments?post=38956"}],"version-history":[{"count":0,"href":"https:\/\/exaudi.org\/it\/wp-json\/wp\/v2\/posts\/38956\/revisions"}],"wp:featuredmedia":[{"embeddable":true,"href":"https:\/\/exaudi.org\/it\/wp-json\/wp\/v2\/media\/38965"}],"wp:attachment":[{"href":"https:\/\/exaudi.org\/it\/wp-json\/wp\/v2\/media?parent=38956"}],"wp:term":[{"taxonomy":"category","embeddable":true,"href":"https:\/\/exaudi.org\/it\/wp-json\/wp\/v2\/categories?post=38956"},{"taxonomy":"post_tag","embeddable":true,"href":"https:\/\/exaudi.org\/it\/wp-json\/wp\/v2\/tags?post=38956"}],"curies":[{"name":"wp","href":"https:\/\/api.w.org\/{rel}","templated":true}]}}