{"id":38912,"date":"2021-11-04T17:22:08","date_gmt":"2021-11-04T16:22:08","guid":{"rendered":"https:\/\/exaudi.wpengine.com\/?p=38912"},"modified":"2021-11-04T17:22:08","modified_gmt":"2021-11-04T16:22:08","slug":"corridoi-umanitari-per-lafghanistan","status":"publish","type":"post","link":"https:\/\/exaudi.org\/it\/corridoi-umanitari-per-lafghanistan\/","title":{"rendered":"Corridoi umanitari per l&#8217;Afghanistan"},"content":{"rendered":"<p>\u00c8 stato siglato oggi al Viminale, il Protocollo di intesa tra il Ministero degli Affari Esteri, il Ministero dell\u2019Interno, la <a href=\"https:\/\/www.chiesacattolica.it\/\">Conferenza Episcopale Italiana<\/a>, la Comunit\u00e0 di Sant\u2019Egidio, la Federazione delle Chiese Evangeliche, la Tavola Valdese, ARCI, INMP, UNHCR per la realizzazione del progetto \u201cCorridoi umanitari\/Evacuazioni per l\u2019Afghanistan\u201d.<\/p>\n<h4>Accoglienza nelle diocesi<\/h4>\n<p>L\u2019intesa permetter\u00e0 l\u2019ingresso legale e in sicurezza di 1200 cittadini afghani in evidente bisogno di protezione internazionale. Durer\u00e0 due anni, con la possibilit\u00e0 di prorogarla a 36 mesi. Il progetto riguarder\u00e0 Pakistan e Iran, ed eventuali altri Paesi di primo asilo\/Paesi di transito. Le persone che arriveranno in Italia saranno accolte in diverse diocesi. Con il supporto delle Caritas locali, saranno sostenute in un percorso di integrazione e inclusione.<\/p>\n<h4>Mons. Russo: Soluzioni concrete alle migrazioni<\/h4>\n<p>\u201cProseguiamo nella positiva sperimentazione dei corridoi umanitari che, a partire dal 2017, hanno permesso alla Chiesa che \u00e8 in Italia di farsi prossima a quanti necessitano di protezione internazionale. Grazie a Caritas Italiana, infatti, la CEI ha gi\u00e0 contribuito ad offrire un\u2019alternativa legale a oltre mille persone provenienti dall\u2019Etiopia, dal Niger, dalla Turchia, dalla Giordania\u201d, afferma Mons. Stefano Russo, Segretario Generale della CEI<\/p>\n<p>\u201cI corridoi umanitari \u2013 aggiunge \u2013 rappresentano una via sicura per coloro che sono costretti a fuggire dalla propria terra e, allo stesso tempo, dimostrano che soggetti istituzionali, governativi e non, della societ\u00e0 civile e religiosa possono cooperare fattivamente per trovare soluzioni concrete al dramma delle migrazioni. Per questo auspichiamo che quello dei corridoi umanitari diventi uno strumento strutturale di gestione delle politiche migratorie\u201d.<\/p>\n<h4>Impagliazzo: Una pratica da imitare<\/h4>\n<p>Intervenendo alla firma, il presidente della Comunit\u00e0 di Sant&#8217;Egidio Marco Impagliazzo ha dichiarato: &#8220;La presenza del ministro Lamorgese sottolinea l&#8217;importanza di questo momento e il fatto che l&#8217;Italia \u00e8 un paese dalla vocazione umanitaria. Sui corridoi umanitari &#8211; una best practice che tanti ci imitano e dovrebbero imitare &#8211; misuriamo la sinergia tra societ\u00e0 civile e istituzioni.<\/p>\n<p>Questo protocollo nasce da un sentimento emerso nel popolo italiano ad agosto davanti alle immagini drammatiche provenienti da Kabul. Abbiamo voluto dare una risposta a chi era rimasto in Afghanistan e a chi era riuscito a raggiungere i paesi limitrofi. Dopo aver accolto 100 persone durante le evacuazioni, ci offriamo ora di accoglierne altre 200 con i corridoi umanitari. \u00c8 un sistema che permette accoglienza e integrazione nella legalit\u00e0, una pratica innovativa per affrontare il fenomeno dell&#8217;immigrazione&#8221;.<\/p>\n","protected":false},"excerpt":{"rendered":"<p>Accordo siglato al Ministero dell\u2019Interno. Coinvolti Cei, S. Egidio, Chiese evangeliche, valdesi e altre realt\u00e0. Permetter\u00e0 l\u2019arrivo di 1200 afghani in due anni<\/p>\n","protected":false},"author":18,"featured_media":38918,"comment_status":"closed","ping_status":"closed","sticky":false,"template":"","format":"standard","meta":{"_acf_changed":false,"_crdt_document":"","inline_featured_image":false,"footnotes":""},"categories":[73,2157,297],"tags":[3709,349,1463],"class_list":["post-38912","post","type-post","status-publish","format-standard","has-post-thumbnail","hentry","category-chiesa-e-mondo","category-top-ultime-notizie","category-ultime-notizie","tag-afghanistan-it","tag-cei","tag-s-egidio"],"acf":[],"yoast_head":"<!-- This site is optimized with the Yoast SEO plugin v27.4 - https:\/\/yoast.com\/product\/yoast-seo-wordpress\/ -->\n<title>Corridoi umanitari per l&#039;Afghanistan &#8211; Exaudi<\/title>\n<meta name=\"description\" content=\"Accordo al Ministero dell\u2019Interno per i corridoi umanitari che permetter\u00e0 l\u2019arrivo di 1200 afghani in due anni. Coinvolti Cei e S. Egidio\" \/>\n<meta name=\"robots\" content=\"index, follow, max-snippet:-1, max-image-preview:large, max-video-preview:-1\" \/>\n<link rel=\"canonical\" href=\"https:\/\/exaudi.org\/it\/corridoi-umanitari-per-lafghanistan\/\" \/>\n<meta property=\"og:locale\" content=\"it_IT\" \/>\n<meta property=\"og:type\" content=\"article\" \/>\n<meta property=\"og:title\" content=\"Corridoi umanitari per l&#039;Afghanistan &#8211; Exaudi\" \/>\n<meta property=\"og:description\" content=\"Accordo al Ministero dell\u2019Interno per i corridoi umanitari che permetter\u00e0 l\u2019arrivo di 1200 afghani in due anni. Coinvolti Cei e S. Egidio\" \/>\n<meta property=\"og:url\" content=\"https:\/\/exaudi.org\/it\/corridoi-umanitari-per-lafghanistan\/\" \/>\n<meta property=\"og:site_name\" content=\"Exaudi\" \/>\n<meta property=\"article:publisher\" content=\"https:\/\/www.facebook.com\/ExaudiNews\" \/>\n<meta property=\"article:published_time\" content=\"2021-11-04T16:22:08+00:00\" \/>\n<meta property=\"og:image\" content=\"https:\/\/exaudi.org\/wp-content\/uploads\/2021\/11\/viminale-664x373-1.jpg\" \/>\n\t<meta property=\"og:image:width\" content=\"664\" \/>\n\t<meta property=\"og:image:height\" content=\"373\" \/>\n\t<meta property=\"og:image:type\" content=\"image\/jpeg\" \/>\n<meta name=\"author\" content=\"Andrea Acali\" \/>\n<meta name=\"twitter:card\" content=\"summary_large_image\" \/>\n<meta name=\"twitter:creator\" content=\"@Exaudi_News\" \/>\n<meta name=\"twitter:site\" content=\"@Exaudi_News\" \/>\n<meta name=\"twitter:label1\" content=\"Scritto da\" \/>\n\t<meta name=\"twitter:data1\" content=\"Andrea Acali\" \/>\n\t<meta name=\"twitter:label2\" content=\"Tempo di lettura stimato\" \/>\n\t<meta name=\"twitter:data2\" content=\"2 minuti\" \/>\n<script type=\"application\/ld+json\" class=\"yoast-schema-graph\">{\"@context\":\"https:\\\/\\\/schema.org\",\"@graph\":[{\"@type\":\"Article\",\"@id\":\"https:\\\/\\\/exaudi.org\\\/it\\\/corridoi-umanitari-per-lafghanistan\\\/#article\",\"isPartOf\":{\"@id\":\"https:\\\/\\\/exaudi.org\\\/it\\\/corridoi-umanitari-per-lafghanistan\\\/\"},\"author\":{\"name\":\"Andrea Acali\",\"@id\":\"https:\\\/\\\/exaudi.org\\\/#\\\/schema\\\/person\\\/127735be832481a6d3c410c5837bb61a\"},\"headline\":\"Corridoi umanitari per l&#8217;Afghanistan\",\"datePublished\":\"2021-11-04T16:22:08+00:00\",\"mainEntityOfPage\":{\"@id\":\"https:\\\/\\\/exaudi.org\\\/it\\\/corridoi-umanitari-per-lafghanistan\\\/\"},\"wordCount\":398,\"image\":{\"@id\":\"https:\\\/\\\/exaudi.org\\\/it\\\/corridoi-umanitari-per-lafghanistan\\\/#primaryimage\"},\"thumbnailUrl\":\"https:\\\/\\\/exaudi.org\\\/wp-content\\\/uploads\\\/2021\\\/11\\\/viminale-664x373-1.jpg\",\"keywords\":[\"afghanistan\",\"Cei\",\"S. Egidio\"],\"articleSection\":[\"Chiesa e Mondo\",\"Top Ultime Notizie\",\"Ultime Notizie\"],\"inLanguage\":\"it-IT\"},{\"@type\":\"WebPage\",\"@id\":\"https:\\\/\\\/exaudi.org\\\/it\\\/corridoi-umanitari-per-lafghanistan\\\/\",\"url\":\"https:\\\/\\\/exaudi.org\\\/it\\\/corridoi-umanitari-per-lafghanistan\\\/\",\"name\":\"Corridoi umanitari per l'Afghanistan &#8211; Exaudi\",\"isPartOf\":{\"@id\":\"https:\\\/\\\/exaudi.org\\\/#website\"},\"primaryImageOfPage\":{\"@id\":\"https:\\\/\\\/exaudi.org\\\/it\\\/corridoi-umanitari-per-lafghanistan\\\/#primaryimage\"},\"image\":{\"@id\":\"https:\\\/\\\/exaudi.org\\\/it\\\/corridoi-umanitari-per-lafghanistan\\\/#primaryimage\"},\"thumbnailUrl\":\"https:\\\/\\\/exaudi.org\\\/wp-content\\\/uploads\\\/2021\\\/11\\\/viminale-664x373-1.jpg\",\"datePublished\":\"2021-11-04T16:22:08+00:00\",\"author\":{\"@id\":\"https:\\\/\\\/exaudi.org\\\/#\\\/schema\\\/person\\\/127735be832481a6d3c410c5837bb61a\"},\"description\":\"Accordo al Ministero dell\u2019Interno per i corridoi umanitari che permetter\u00e0 l\u2019arrivo di 1200 afghani in due anni. Coinvolti Cei e S. Egidio\",\"breadcrumb\":{\"@id\":\"https:\\\/\\\/exaudi.org\\\/it\\\/corridoi-umanitari-per-lafghanistan\\\/#breadcrumb\"},\"inLanguage\":\"it-IT\",\"potentialAction\":[{\"@type\":\"ReadAction\",\"target\":[\"https:\\\/\\\/exaudi.org\\\/it\\\/corridoi-umanitari-per-lafghanistan\\\/\"]}]},{\"@type\":\"ImageObject\",\"inLanguage\":\"it-IT\",\"@id\":\"https:\\\/\\\/exaudi.org\\\/it\\\/corridoi-umanitari-per-lafghanistan\\\/#primaryimage\",\"url\":\"https:\\\/\\\/exaudi.org\\\/wp-content\\\/uploads\\\/2021\\\/11\\\/viminale-664x373-1.jpg\",\"contentUrl\":\"https:\\\/\\\/exaudi.org\\\/wp-content\\\/uploads\\\/2021\\\/11\\\/viminale-664x373-1.jpg\",\"width\":664,\"height\":373,\"caption\":\"La firma dell'accordo al Viminale (C) CEI\"},{\"@type\":\"BreadcrumbList\",\"@id\":\"https:\\\/\\\/exaudi.org\\\/it\\\/corridoi-umanitari-per-lafghanistan\\\/#breadcrumb\",\"itemListElement\":[{\"@type\":\"ListItem\",\"position\":1,\"name\":\"Portada\",\"item\":\"https:\\\/\\\/exaudi.org\\\/it\\\/\"},{\"@type\":\"ListItem\",\"position\":2,\"name\":\"Corridoi umanitari per l&#8217;Afghanistan\"}]},{\"@type\":\"WebSite\",\"@id\":\"https:\\\/\\\/exaudi.org\\\/#website\",\"url\":\"https:\\\/\\\/exaudi.org\\\/\",\"name\":\"Exaudi\",\"description\":\"News\",\"potentialAction\":[{\"@type\":\"SearchAction\",\"target\":{\"@type\":\"EntryPoint\",\"urlTemplate\":\"https:\\\/\\\/exaudi.org\\\/?s={search_term_string}\"},\"query-input\":{\"@type\":\"PropertyValueSpecification\",\"valueRequired\":true,\"valueName\":\"search_term_string\"}}],\"inLanguage\":\"it-IT\"},{\"@type\":\"Person\",\"@id\":\"https:\\\/\\\/exaudi.org\\\/#\\\/schema\\\/person\\\/127735be832481a6d3c410c5837bb61a\",\"name\":\"Andrea Acali\",\"image\":{\"@type\":\"ImageObject\",\"inLanguage\":\"it-IT\",\"@id\":\"https:\\\/\\\/secure.gravatar.com\\\/avatar\\\/2abf8e528c4f8c571ab456e5ef9ac66b04b987863e3ab3fd9546150699bb9259?s=96&d=mm&r=g\",\"url\":\"https:\\\/\\\/secure.gravatar.com\\\/avatar\\\/2abf8e528c4f8c571ab456e5ef9ac66b04b987863e3ab3fd9546150699bb9259?s=96&d=mm&r=g\",\"contentUrl\":\"https:\\\/\\\/secure.gravatar.com\\\/avatar\\\/2abf8e528c4f8c571ab456e5ef9ac66b04b987863e3ab3fd9546150699bb9259?s=96&d=mm&r=g\",\"caption\":\"Andrea Acali\"},\"description\":\"Andrea Acali es un periodista y comunicador italiano con una larga trayectoria en el \u00e1mbito de la informaci\u00f3n religiosa, social y deportiva. Durante casi treinta a\u00f1os trabaj\u00f3 en el diario Il Tempo como vaticanista y jefe de secci\u00f3n, especializ\u00e1ndose en la cobertura de la actualidad del Vaticano y de la Iglesia cat\u00f3lica. Desde 2016 colabora como periodista web en RomaSette y tambi\u00e9n escribe para el peri\u00f3dico Avvenire. Desde 2019 ejerce como comunicador en la Delegazione della Generalitat de Catalunya in Italia, con sede en Roma, donde combina su experiencia period\u00edstica con la comunicaci\u00f3n institucional\",\"sameAs\":[\"https:\\\/\\\/www.linkedin.com\\\/in\\\/andrea-acali-505567125\\\/?originalSubdomain=it\"],\"url\":\"https:\\\/\\\/exaudi.org\\\/it\\\/author\\\/aacaliexaudi-org\\\/\"}]}<\/script>\n<!-- \/ Yoast SEO plugin. -->","yoast_head_json":{"title":"Corridoi umanitari per l'Afghanistan &#8211; Exaudi","description":"Accordo al Ministero dell\u2019Interno per i corridoi umanitari che permetter\u00e0 l\u2019arrivo di 1200 afghani in due anni. Coinvolti Cei e S. Egidio","robots":{"index":"index","follow":"follow","max-snippet":"max-snippet:-1","max-image-preview":"max-image-preview:large","max-video-preview":"max-video-preview:-1"},"canonical":"https:\/\/exaudi.org\/it\/corridoi-umanitari-per-lafghanistan\/","og_locale":"it_IT","og_type":"article","og_title":"Corridoi umanitari per l'Afghanistan &#8211; Exaudi","og_description":"Accordo al Ministero dell\u2019Interno per i corridoi umanitari che permetter\u00e0 l\u2019arrivo di 1200 afghani in due anni. Coinvolti Cei e S. Egidio","og_url":"https:\/\/exaudi.org\/it\/corridoi-umanitari-per-lafghanistan\/","og_site_name":"Exaudi","article_publisher":"https:\/\/www.facebook.com\/ExaudiNews","article_published_time":"2021-11-04T16:22:08+00:00","og_image":[{"width":664,"height":373,"url":"https:\/\/exaudi.org\/wp-content\/uploads\/2021\/11\/viminale-664x373-1.jpg","type":"image\/jpeg"}],"author":"Andrea Acali","twitter_card":"summary_large_image","twitter_creator":"@Exaudi_News","twitter_site":"@Exaudi_News","twitter_misc":{"Scritto da":"Andrea Acali","Tempo di lettura stimato":"2 minuti"},"schema":{"@context":"https:\/\/schema.org","@graph":[{"@type":"Article","@id":"https:\/\/exaudi.org\/it\/corridoi-umanitari-per-lafghanistan\/#article","isPartOf":{"@id":"https:\/\/exaudi.org\/it\/corridoi-umanitari-per-lafghanistan\/"},"author":{"name":"Andrea Acali","@id":"https:\/\/exaudi.org\/#\/schema\/person\/127735be832481a6d3c410c5837bb61a"},"headline":"Corridoi umanitari per l&#8217;Afghanistan","datePublished":"2021-11-04T16:22:08+00:00","mainEntityOfPage":{"@id":"https:\/\/exaudi.org\/it\/corridoi-umanitari-per-lafghanistan\/"},"wordCount":398,"image":{"@id":"https:\/\/exaudi.org\/it\/corridoi-umanitari-per-lafghanistan\/#primaryimage"},"thumbnailUrl":"https:\/\/exaudi.org\/wp-content\/uploads\/2021\/11\/viminale-664x373-1.jpg","keywords":["afghanistan","Cei","S. Egidio"],"articleSection":["Chiesa e Mondo","Top Ultime Notizie","Ultime Notizie"],"inLanguage":"it-IT"},{"@type":"WebPage","@id":"https:\/\/exaudi.org\/it\/corridoi-umanitari-per-lafghanistan\/","url":"https:\/\/exaudi.org\/it\/corridoi-umanitari-per-lafghanistan\/","name":"Corridoi umanitari per l'Afghanistan &#8211; Exaudi","isPartOf":{"@id":"https:\/\/exaudi.org\/#website"},"primaryImageOfPage":{"@id":"https:\/\/exaudi.org\/it\/corridoi-umanitari-per-lafghanistan\/#primaryimage"},"image":{"@id":"https:\/\/exaudi.org\/it\/corridoi-umanitari-per-lafghanistan\/#primaryimage"},"thumbnailUrl":"https:\/\/exaudi.org\/wp-content\/uploads\/2021\/11\/viminale-664x373-1.jpg","datePublished":"2021-11-04T16:22:08+00:00","author":{"@id":"https:\/\/exaudi.org\/#\/schema\/person\/127735be832481a6d3c410c5837bb61a"},"description":"Accordo al Ministero dell\u2019Interno per i corridoi umanitari che permetter\u00e0 l\u2019arrivo di 1200 afghani in due anni. Coinvolti Cei e S. Egidio","breadcrumb":{"@id":"https:\/\/exaudi.org\/it\/corridoi-umanitari-per-lafghanistan\/#breadcrumb"},"inLanguage":"it-IT","potentialAction":[{"@type":"ReadAction","target":["https:\/\/exaudi.org\/it\/corridoi-umanitari-per-lafghanistan\/"]}]},{"@type":"ImageObject","inLanguage":"it-IT","@id":"https:\/\/exaudi.org\/it\/corridoi-umanitari-per-lafghanistan\/#primaryimage","url":"https:\/\/exaudi.org\/wp-content\/uploads\/2021\/11\/viminale-664x373-1.jpg","contentUrl":"https:\/\/exaudi.org\/wp-content\/uploads\/2021\/11\/viminale-664x373-1.jpg","width":664,"height":373,"caption":"La firma dell'accordo al Viminale (C) CEI"},{"@type":"BreadcrumbList","@id":"https:\/\/exaudi.org\/it\/corridoi-umanitari-per-lafghanistan\/#breadcrumb","itemListElement":[{"@type":"ListItem","position":1,"name":"Portada","item":"https:\/\/exaudi.org\/it\/"},{"@type":"ListItem","position":2,"name":"Corridoi umanitari per l&#8217;Afghanistan"}]},{"@type":"WebSite","@id":"https:\/\/exaudi.org\/#website","url":"https:\/\/exaudi.org\/","name":"Exaudi","description":"News","potentialAction":[{"@type":"SearchAction","target":{"@type":"EntryPoint","urlTemplate":"https:\/\/exaudi.org\/?s={search_term_string}"},"query-input":{"@type":"PropertyValueSpecification","valueRequired":true,"valueName":"search_term_string"}}],"inLanguage":"it-IT"},{"@type":"Person","@id":"https:\/\/exaudi.org\/#\/schema\/person\/127735be832481a6d3c410c5837bb61a","name":"Andrea Acali","image":{"@type":"ImageObject","inLanguage":"it-IT","@id":"https:\/\/secure.gravatar.com\/avatar\/2abf8e528c4f8c571ab456e5ef9ac66b04b987863e3ab3fd9546150699bb9259?s=96&d=mm&r=g","url":"https:\/\/secure.gravatar.com\/avatar\/2abf8e528c4f8c571ab456e5ef9ac66b04b987863e3ab3fd9546150699bb9259?s=96&d=mm&r=g","contentUrl":"https:\/\/secure.gravatar.com\/avatar\/2abf8e528c4f8c571ab456e5ef9ac66b04b987863e3ab3fd9546150699bb9259?s=96&d=mm&r=g","caption":"Andrea Acali"},"description":"Andrea Acali es un periodista y comunicador italiano con una larga trayectoria en el \u00e1mbito de la informaci\u00f3n religiosa, social y deportiva. Durante casi treinta a\u00f1os trabaj\u00f3 en el diario Il Tempo como vaticanista y jefe de secci\u00f3n, especializ\u00e1ndose en la cobertura de la actualidad del Vaticano y de la Iglesia cat\u00f3lica. Desde 2016 colabora como periodista web en RomaSette y tambi\u00e9n escribe para el peri\u00f3dico Avvenire. Desde 2019 ejerce como comunicador en la Delegazione della Generalitat de Catalunya in Italia, con sede en Roma, donde combina su experiencia period\u00edstica con la comunicaci\u00f3n institucional","sameAs":["https:\/\/www.linkedin.com\/in\/andrea-acali-505567125\/?originalSubdomain=it"],"url":"https:\/\/exaudi.org\/it\/author\/aacaliexaudi-org\/"}]}},"jetpack_featured_media_url":"https:\/\/exaudi.org\/wp-content\/uploads\/2021\/11\/viminale-664x373-1.jpg","jetpack_shortlink":"https:\/\/wp.me\/pgKjF2-a7C","_links":{"self":[{"href":"https:\/\/exaudi.org\/it\/wp-json\/wp\/v2\/posts\/38912","targetHints":{"allow":["GET"]}}],"collection":[{"href":"https:\/\/exaudi.org\/it\/wp-json\/wp\/v2\/posts"}],"about":[{"href":"https:\/\/exaudi.org\/it\/wp-json\/wp\/v2\/types\/post"}],"author":[{"embeddable":true,"href":"https:\/\/exaudi.org\/it\/wp-json\/wp\/v2\/users\/18"}],"replies":[{"embeddable":true,"href":"https:\/\/exaudi.org\/it\/wp-json\/wp\/v2\/comments?post=38912"}],"version-history":[{"count":0,"href":"https:\/\/exaudi.org\/it\/wp-json\/wp\/v2\/posts\/38912\/revisions"}],"wp:featuredmedia":[{"embeddable":true,"href":"https:\/\/exaudi.org\/it\/wp-json\/wp\/v2\/media\/38918"}],"wp:attachment":[{"href":"https:\/\/exaudi.org\/it\/wp-json\/wp\/v2\/media?parent=38912"}],"wp:term":[{"taxonomy":"category","embeddable":true,"href":"https:\/\/exaudi.org\/it\/wp-json\/wp\/v2\/categories?post=38912"},{"taxonomy":"post_tag","embeddable":true,"href":"https:\/\/exaudi.org\/it\/wp-json\/wp\/v2\/tags?post=38912"}],"curies":[{"name":"wp","href":"https:\/\/api.w.org\/{rel}","templated":true}]}}