{"id":38158,"date":"2021-10-28T11:45:53","date_gmt":"2021-10-28T09:45:53","guid":{"rendered":"https:\/\/exaudi.wpengine.com\/?p=38158"},"modified":"2021-10-28T11:45:53","modified_gmt":"2021-10-28T09:45:53","slug":"presepe-andino-in-piazza-san-pietro","status":"publish","type":"post","link":"https:\/\/exaudi.org\/it\/presepe-andino-in-piazza-san-pietro\/","title":{"rendered":"Presepe andino in piazza San Pietro"},"content":{"rendered":"<p>Era stato lo stesso Papa Francesco, al termine dell\u2019<a href=\"https:\/\/exaudi.wpengine.com\/it\/sento-le-grida-dei-migranti-nei-lager-in-libia\/\">Angelus<\/a> di domenica scorsa, ad annunciare la provenienza del presepe che sar\u00e0 allestito in Piazza S. Pietro per il prossimo Natale. Il S. Padre lo aveva anticipato salutando la comunit\u00e0 peruviana presente per festeggiare il Se\u00f1or de los Milagros. Ora una nota del Governatorato svela altri dettagli e rende noto che l\u2019albero di Natale, alto 28 metri, arriver\u00e0 dal Trentino.<\/p>\n<h4>Un albero di 28 metri<\/h4>\n<p>Il presepe giunge dalle Ande, dal villaggio di Chopcca, una comunit\u00e0 nel dipartimento di Huancavelica in Per\u00f9. La nativit\u00e0 sar\u00e0 composta da pi\u00f9 di 30 pezzi e realizzata da cinque famosi artisti di Huancavelica. Arriva invece da Andalo, in Trentino, il maestoso abete rosso o peccio che trover\u00e0 posto accanto al Presepe in Piazza San Pietro. \u00c8 alto circa 28 metri. Proviene dalla Gestione Forestale Sostenibile del Gruppo Territoriale PEFC Trentino certificata. La Delegazione trentina curer\u00e0 anche le relative decorazioni con addobbi sferici in legno. Il Governatorato curer\u00e0 l\u2019illuminazione con un impianto a led a basso consumo energetico.<\/p>\n<h4>Il presepe nell\u2019Aula Paolo VI<\/h4>\n<p>Un presepe adorner\u00e0 anche l&#8217;Aula Paolo VI. Lo realizzer\u00e0 il gruppo giovani della parrocchia San Bartolomeo Apostolo di Gallio, provincia di Vicenza e diocesi di Padova.<\/p>\n<p>Il Presepe peruviano vuole ricordare i duecento anni dell&#8217;indipendenza del Paese, riprodurre uno spaccato della vita dei popoli delle Ande e simboleggiare la chiamata universale alla salvezza, in quanto il Figlio di Dio si \u00e8 incarnato per salvare ogni uomo e donna della terra, a qualunque lingua, popolo, cultura e nazione essi appartengano.<\/p>\n<h4>L\u2019inaugurazione<\/h4>\n<p>La tradizionale inaugurazione del Presepe e l&#8217;illuminazione dell&#8217;albero di Natale, si terr\u00e0 venerd\u00ec 10 dicembre, alle 17. La cerimonia sar\u00e0 presieduta dall&#8217;arcivescovo Fernando V\u00e9rgez Alzaga, Presidente del Governatorato. In mattinata, le delegazioni di Huancavelica, di Andalo e di Gallio saranno ricevute in udienza da Papa Francesco per la presentazione ufficiale dei doni.<\/p>\n<p>La realizzazione del Presepe andino \u00e8 nata dalla collaborazione tra la Conferenza Episcopale del Per\u00f9, la Diocesi di Huancavelica, il Governo regionale, il Ministero del commercio estero e del turismo, il Ministero degli affari esteri, e l&#8217;Ambasciata del Per\u00f9 presso la Santa Sede.<\/p>\n<h4>Statue \u201cetniche\u201d<\/h4>\n<p>Le statue del Bambino Ges\u00f9, della Vergine Maria, di San Giuseppe, dei Re Magi e dei pastori saranno realizzate a grandezza naturale con materiali come la ceramica, il legno maguey (agave) e la vetroresina, e saranno vestite con i tipici costumi Chopcca. Ges\u00f9 avr\u00e0 le sembianze di un bambino &#8220;Hilipuska&#8221;, cos\u00ec chiamato perch\u00e9 avvolto da una tipica coperta Huancavelica ed \u00e8 legato con un &#8220;chumpi&#8221; o cintura intrecciata.<\/p>\n<p>I Re Magi avranno delle bisacce o sacchi contenenti alimenti caratteristici di Huancavelica, come patate, quinoa, kiwicha, ca\u00f1ihua, e saranno accompagnati da dei lama che porteranno sul dorso una bandiera peruviana. La nascita del Salvatore sar\u00e0 annunciata da un angelo bambino, che suoner\u00e0 il tipico strumento a fiato chiamato Wajrapuco. Nel Presepe troveranno spazio anche statue dei diversi animali appartenenti alla fauna locale come: alpaca, vigogne, pecore, vizcachas, parihuanas e il condor andino, simbolo nazionale del Per\u00f9.<\/p>\n<p>Nel presepe vi sar\u00e0 in scala ridotta, anche, una rappresentazione della comunit\u00e0 Chopcca, con la sua cultura, tradizione e strumenti di lavoro ancestrali, che i contadini usano per arare la terra. Chopcca \u00e8 una comunit\u00e0 di lingua quechua di poco pi\u00f9 di 10.000 abitanti. La comunit\u00e0 rurale si trova a est di Huancavelica, a un&#8217;altitudine tra 3.680 e 4.500 metri. Il territorio \u00e8 attraversato dal Qhapaq \u00d1an o Sentiero Inca.<\/p>\n<h4>Da Gallio un presepe \u201crurale\u201d<\/h4>\n<p>I giovani di Gallio, dell&#8217;Unit\u00e0 pastorale di Gallio, Foza, Sasso e Stoccareddo, invece, hanno scelto di ispirarsi a un tipo rustico della zona destinato al ricovero degli animali. In dialetto si chiama \u201cstalotto\u201d. Ospita, a grandezza naturale, pochi personaggi: la Sacra Famiglia, un pastore che porta sulle spalle un agnellino e una pecora ai suoi piedi, e una donna che tiene una colomba dentro un cestino. Saranno presenti anche le statue di alcuni animali da cortile come conigli, galline e un gatto.<\/p>\n<p>All&#8217;interno della \u201cstalotto\u201d sono stati collocati vari utensili usati un tempo dai contadini dell&#8217;altopiano: seghe, rastrelli, zappe, ma anche uno stampo in legno per preparare il burro in casa, oltre a contenitori per il latte e racchette per la neve, damigiane per il vino, e gabbie per gli uccelli da richiamo. All&#8217;esterno del rustico \u00e8 stato collocato un recinto per conigli fatto da lastre di pietra che nella lingua cimbra si chiamano \u201cStoan platten\u201d, che ancora oggi delimitano i confini tra le abitazioni e segnalano i sentieri.<\/p>\n<p>Vi \u00e8 anche una legnaia di abete rosso con tronchi tagliati e lasciati ad essiccare che serviranno ad alimentare la piccola stufa all&#8217;interno del rustico.<\/p>\n<h4>Dal Parco dell&#8217;Adamello<\/h4>\n<p>Altra cultura, quella della popolazione di Andalo, da dove arriva l&#8217;abete natalizio. \u201cNtant che p\u00f2lsest va a tagliar su legna\u201d (mentre ti riposi taglia un po\u2019 di legna!). \u00c8 il detto anderlero che ben rappresenta l&#8217;operosit\u00e0 e il modo di affrontare la vita degli abitanti di questa localit\u00e0 trentina. Immersa tra i boschi e il verde altopiano compreso tra le Dolomiti di Brenta e la Paganella, Andalo fa parte del Parco Naturale Adamello Brenta.<\/p>\n<p>\u00c8 circondato da boschi in prevalenza composti da aghifoglie e latifoglie. \u00c8 da questi boschi secolari che \u00e8 stato prelevato il grande abete che trover\u00e0 spazio in Piazza San Pietro. Insieme con il Presepe rimarr\u00e0 esposto fino alla conclusione del Tempo di Natale, la festa del Battesimo del Signore, domenica 9 gennaio 2022.<\/p>\n","protected":false},"excerpt":{"rendered":"<p>Natale 2021: l\u2019albero arriver\u00e0 dal Trentino. Nell\u2019Aula Paolo VI la Nativit\u00e0 dei ragazzi di Gallio. Inaugurazione il 10 dicembre<\/p>\n","protected":false},"author":17,"featured_media":38159,"comment_status":"closed","ping_status":"closed","sticky":false,"template":"","format":"standard","meta":{"_acf_changed":false,"_crdt_document":"","inline_featured_image":false,"footnotes":""},"categories":[2157,297,131],"tags":[4696,4695],"class_list":["post-38158","post","type-post","status-publish","format-standard","has-post-thumbnail","hentry","category-top-ultime-notizie","category-ultime-notizie","category-vaticano","tag-natale","tag-presepe"],"acf":[],"yoast_head":"<!-- This site is optimized with the Yoast SEO plugin v27.5 - https:\/\/yoast.com\/product\/yoast-seo-wordpress\/ -->\n<title>Presepe andino in piazza San Pietro &#8211; Exaudi<\/title>\n<meta name=\"description\" content=\"Proviene dalle Ande peruviane il presepe che sar\u00e0 allestito per questo Natale in Piazza S. Pietro. Accanto, un albero del Trentino\" \/>\n<meta name=\"robots\" content=\"index, follow, max-snippet:-1, max-image-preview:large, max-video-preview:-1\" \/>\n<link rel=\"canonical\" href=\"https:\/\/exaudi.org\/it\/presepe-andino-in-piazza-san-pietro\/\" \/>\n<meta property=\"og:locale\" content=\"it_IT\" \/>\n<meta property=\"og:type\" content=\"article\" \/>\n<meta property=\"og:title\" content=\"Presepe andino in piazza San Pietro &#8211; Exaudi\" \/>\n<meta property=\"og:description\" content=\"Proviene dalle Ande peruviane il presepe che sar\u00e0 allestito per questo Natale in Piazza S. Pietro. Accanto, un albero del Trentino\" \/>\n<meta property=\"og:url\" content=\"https:\/\/exaudi.org\/it\/presepe-andino-in-piazza-san-pietro\/\" \/>\n<meta property=\"og:site_name\" content=\"Exaudi\" \/>\n<meta property=\"article:publisher\" content=\"https:\/\/www.facebook.com\/ExaudiNews\" \/>\n<meta property=\"article:author\" content=\"https:\/\/www.facebook.com\/ExaudiNotizie\/\" \/>\n<meta property=\"article:published_time\" content=\"2021-10-28T09:45:53+00:00\" \/>\n<meta property=\"og:image\" content=\"https:\/\/exaudi.org\/wp-content\/uploads\/2021\/10\/albero.jpeg\" \/>\n\t<meta property=\"og:image:width\" content=\"1500\" \/>\n\t<meta property=\"og:image:height\" content=\"844\" \/>\n\t<meta property=\"og:image:type\" content=\"image\/jpeg\" \/>\n<meta name=\"author\" content=\"Exaudi Redazione\" \/>\n<meta name=\"twitter:card\" content=\"summary_large_image\" \/>\n<meta name=\"twitter:creator\" content=\"@Exaudi_Notizie\" \/>\n<meta name=\"twitter:site\" content=\"@Exaudi_News\" \/>\n<meta name=\"twitter:label1\" content=\"Scritto da\" \/>\n\t<meta name=\"twitter:data1\" content=\"Exaudi Redazione\" \/>\n\t<meta name=\"twitter:label2\" content=\"Tempo di lettura stimato\" \/>\n\t<meta name=\"twitter:data2\" content=\"4 minuti\" \/>\n<script type=\"application\/ld+json\" class=\"yoast-schema-graph\">{\"@context\":\"https:\\\/\\\/schema.org\",\"@graph\":[{\"@type\":\"Article\",\"@id\":\"https:\\\/\\\/exaudi.org\\\/it\\\/presepe-andino-in-piazza-san-pietro\\\/#article\",\"isPartOf\":{\"@id\":\"https:\\\/\\\/exaudi.org\\\/it\\\/presepe-andino-in-piazza-san-pietro\\\/\"},\"author\":{\"name\":\"Exaudi Redazione\",\"@id\":\"https:\\\/\\\/exaudi.org\\\/#\\\/schema\\\/person\\\/e1ab6ed07c01774724dd96f925f3a5f0\"},\"headline\":\"Presepe andino in piazza San Pietro\",\"datePublished\":\"2021-10-28T09:45:53+00:00\",\"mainEntityOfPage\":{\"@id\":\"https:\\\/\\\/exaudi.org\\\/it\\\/presepe-andino-in-piazza-san-pietro\\\/\"},\"wordCount\":904,\"image\":{\"@id\":\"https:\\\/\\\/exaudi.org\\\/it\\\/presepe-andino-in-piazza-san-pietro\\\/#primaryimage\"},\"thumbnailUrl\":\"https:\\\/\\\/exaudi.org\\\/wp-content\\\/uploads\\\/2021\\\/10\\\/albero.jpeg\",\"keywords\":[\"natale\",\"presepe\"],\"articleSection\":[\"Top Ultime Notizie\",\"Ultime Notizie\",\"Vaticano\"],\"inLanguage\":\"it-IT\"},{\"@type\":\"WebPage\",\"@id\":\"https:\\\/\\\/exaudi.org\\\/it\\\/presepe-andino-in-piazza-san-pietro\\\/\",\"url\":\"https:\\\/\\\/exaudi.org\\\/it\\\/presepe-andino-in-piazza-san-pietro\\\/\",\"name\":\"Presepe andino in piazza San Pietro &#8211; Exaudi\",\"isPartOf\":{\"@id\":\"https:\\\/\\\/exaudi.org\\\/#website\"},\"primaryImageOfPage\":{\"@id\":\"https:\\\/\\\/exaudi.org\\\/it\\\/presepe-andino-in-piazza-san-pietro\\\/#primaryimage\"},\"image\":{\"@id\":\"https:\\\/\\\/exaudi.org\\\/it\\\/presepe-andino-in-piazza-san-pietro\\\/#primaryimage\"},\"thumbnailUrl\":\"https:\\\/\\\/exaudi.org\\\/wp-content\\\/uploads\\\/2021\\\/10\\\/albero.jpeg\",\"datePublished\":\"2021-10-28T09:45:53+00:00\",\"author\":{\"@id\":\"https:\\\/\\\/exaudi.org\\\/#\\\/schema\\\/person\\\/e1ab6ed07c01774724dd96f925f3a5f0\"},\"description\":\"Proviene dalle Ande peruviane il presepe che sar\u00e0 allestito per questo Natale in Piazza S. Pietro. Accanto, un albero del Trentino\",\"breadcrumb\":{\"@id\":\"https:\\\/\\\/exaudi.org\\\/it\\\/presepe-andino-in-piazza-san-pietro\\\/#breadcrumb\"},\"inLanguage\":\"it-IT\",\"potentialAction\":[{\"@type\":\"ReadAction\",\"target\":[\"https:\\\/\\\/exaudi.org\\\/it\\\/presepe-andino-in-piazza-san-pietro\\\/\"]}]},{\"@type\":\"ImageObject\",\"inLanguage\":\"it-IT\",\"@id\":\"https:\\\/\\\/exaudi.org\\\/it\\\/presepe-andino-in-piazza-san-pietro\\\/#primaryimage\",\"url\":\"https:\\\/\\\/exaudi.org\\\/wp-content\\\/uploads\\\/2021\\\/10\\\/albero.jpeg\",\"contentUrl\":\"https:\\\/\\\/exaudi.org\\\/wp-content\\\/uploads\\\/2021\\\/10\\\/albero.jpeg\",\"width\":1500,\"height\":844,\"caption\":\"(C) Vatican Media\"},{\"@type\":\"BreadcrumbList\",\"@id\":\"https:\\\/\\\/exaudi.org\\\/it\\\/presepe-andino-in-piazza-san-pietro\\\/#breadcrumb\",\"itemListElement\":[{\"@type\":\"ListItem\",\"position\":1,\"name\":\"Portada\",\"item\":\"https:\\\/\\\/exaudi.org\\\/it\\\/\"},{\"@type\":\"ListItem\",\"position\":2,\"name\":\"Presepe andino in piazza San Pietro\"}]},{\"@type\":\"WebSite\",\"@id\":\"https:\\\/\\\/exaudi.org\\\/#website\",\"url\":\"https:\\\/\\\/exaudi.org\\\/\",\"name\":\"Exaudi\",\"description\":\"News\",\"potentialAction\":[{\"@type\":\"SearchAction\",\"target\":{\"@type\":\"EntryPoint\",\"urlTemplate\":\"https:\\\/\\\/exaudi.org\\\/?s={search_term_string}\"},\"query-input\":{\"@type\":\"PropertyValueSpecification\",\"valueRequired\":true,\"valueName\":\"search_term_string\"}}],\"inLanguage\":\"it-IT\"},{\"@type\":\"Person\",\"@id\":\"https:\\\/\\\/exaudi.org\\\/#\\\/schema\\\/person\\\/e1ab6ed07c01774724dd96f925f3a5f0\",\"name\":\"Exaudi Redazione\",\"image\":{\"@type\":\"ImageObject\",\"inLanguage\":\"it-IT\",\"@id\":\"https:\\\/\\\/secure.gravatar.com\\\/avatar\\\/ad6774b3ada023bf5b939d64f45c94b3adf91502dd883507d469b4308a943bb3?s=96&d=mm&r=g\",\"url\":\"https:\\\/\\\/secure.gravatar.com\\\/avatar\\\/ad6774b3ada023bf5b939d64f45c94b3adf91502dd883507d469b4308a943bb3?s=96&d=mm&r=g\",\"contentUrl\":\"https:\\\/\\\/secure.gravatar.com\\\/avatar\\\/ad6774b3ada023bf5b939d64f45c94b3adf91502dd883507d469b4308a943bb3?s=96&d=mm&r=g\",\"caption\":\"Exaudi Redazione\"},\"description\":\"Che cosa \u00e8 Exaudi News? Exaudi News \u00e8 un agenzia cattolica internazionale che informa, istruisce e trasforma quotidianamente in spagnolo, inglese e italiano. Attraverso notizie, articoli di analisi e trasmissioni in diretta degli eventi del Papa, Exaudi cerca di rafforzare l'unit\u00e0 dei cristiani e di contribuire all'evangelizzazione del mondo, sempre guidato dalla dottrina sociale della Chiesa. Lavoriamo per portare la verit\u00e0 e i valori cristiani in ogni angolo del pianeta. Aiutaci a trasformare il mondo con Exaudi! Noi di Exaudi crediamo che l'evangelizzazione e l'informazione di qualit\u00e0 possano cambiare la vita. Per continuare la nostra missione ed espandere la nostra portata, abbiamo bisogno del tuo aiuto. Stiamo anche cercando persone motivate che vogliano unirsi al nostro team. Grazie al vostro sostegno raggiungeremo pi\u00f9 persone, diffonderemo il messaggio di Cristo e rafforzeremo l'unit\u00e0 dei cristiani. Vuoi unirti alla nostra missione? Per maggiori informazioni su come contribuire, visita Exaudi.org\\\/it o contattaci direttamente: info@exaudi.org Exaudi: informa, forma e trasforma.\",\"sameAs\":[\"https:\\\/\\\/www.facebook.com\\\/ExaudiNotizie\\\/\",\"https:\\\/\\\/www.instagram.com\\\/Exaudi_notizie\\\/\",\"https:\\\/\\\/x.com\\\/Exaudi_Notizie\",\"https:\\\/\\\/www.youtube.com\\\/@exaudicatholicnews\"],\"url\":\"https:\\\/\\\/exaudi.org\\\/it\\\/author\\\/dlvedi-org\\\/\"}]}<\/script>\n<!-- \/ Yoast SEO plugin. -->","yoast_head_json":{"title":"Presepe andino in piazza San Pietro &#8211; Exaudi","description":"Proviene dalle Ande peruviane il presepe che sar\u00e0 allestito per questo Natale in Piazza S. Pietro. Accanto, un albero del Trentino","robots":{"index":"index","follow":"follow","max-snippet":"max-snippet:-1","max-image-preview":"max-image-preview:large","max-video-preview":"max-video-preview:-1"},"canonical":"https:\/\/exaudi.org\/it\/presepe-andino-in-piazza-san-pietro\/","og_locale":"it_IT","og_type":"article","og_title":"Presepe andino in piazza San Pietro &#8211; Exaudi","og_description":"Proviene dalle Ande peruviane il presepe che sar\u00e0 allestito per questo Natale in Piazza S. Pietro. Accanto, un albero del Trentino","og_url":"https:\/\/exaudi.org\/it\/presepe-andino-in-piazza-san-pietro\/","og_site_name":"Exaudi","article_publisher":"https:\/\/www.facebook.com\/ExaudiNews","article_author":"https:\/\/www.facebook.com\/ExaudiNotizie\/","article_published_time":"2021-10-28T09:45:53+00:00","og_image":[{"width":1500,"height":844,"url":"https:\/\/exaudi.org\/wp-content\/uploads\/2021\/10\/albero.jpeg","type":"image\/jpeg"}],"author":"Exaudi Redazione","twitter_card":"summary_large_image","twitter_creator":"@Exaudi_Notizie","twitter_site":"@Exaudi_News","twitter_misc":{"Scritto da":"Exaudi Redazione","Tempo di lettura stimato":"4 minuti"},"schema":{"@context":"https:\/\/schema.org","@graph":[{"@type":"Article","@id":"https:\/\/exaudi.org\/it\/presepe-andino-in-piazza-san-pietro\/#article","isPartOf":{"@id":"https:\/\/exaudi.org\/it\/presepe-andino-in-piazza-san-pietro\/"},"author":{"name":"Exaudi Redazione","@id":"https:\/\/exaudi.org\/#\/schema\/person\/e1ab6ed07c01774724dd96f925f3a5f0"},"headline":"Presepe andino in piazza San Pietro","datePublished":"2021-10-28T09:45:53+00:00","mainEntityOfPage":{"@id":"https:\/\/exaudi.org\/it\/presepe-andino-in-piazza-san-pietro\/"},"wordCount":904,"image":{"@id":"https:\/\/exaudi.org\/it\/presepe-andino-in-piazza-san-pietro\/#primaryimage"},"thumbnailUrl":"https:\/\/exaudi.org\/wp-content\/uploads\/2021\/10\/albero.jpeg","keywords":["natale","presepe"],"articleSection":["Top Ultime Notizie","Ultime Notizie","Vaticano"],"inLanguage":"it-IT"},{"@type":"WebPage","@id":"https:\/\/exaudi.org\/it\/presepe-andino-in-piazza-san-pietro\/","url":"https:\/\/exaudi.org\/it\/presepe-andino-in-piazza-san-pietro\/","name":"Presepe andino in piazza San Pietro &#8211; Exaudi","isPartOf":{"@id":"https:\/\/exaudi.org\/#website"},"primaryImageOfPage":{"@id":"https:\/\/exaudi.org\/it\/presepe-andino-in-piazza-san-pietro\/#primaryimage"},"image":{"@id":"https:\/\/exaudi.org\/it\/presepe-andino-in-piazza-san-pietro\/#primaryimage"},"thumbnailUrl":"https:\/\/exaudi.org\/wp-content\/uploads\/2021\/10\/albero.jpeg","datePublished":"2021-10-28T09:45:53+00:00","author":{"@id":"https:\/\/exaudi.org\/#\/schema\/person\/e1ab6ed07c01774724dd96f925f3a5f0"},"description":"Proviene dalle Ande peruviane il presepe che sar\u00e0 allestito per questo Natale in Piazza S. Pietro. Accanto, un albero del Trentino","breadcrumb":{"@id":"https:\/\/exaudi.org\/it\/presepe-andino-in-piazza-san-pietro\/#breadcrumb"},"inLanguage":"it-IT","potentialAction":[{"@type":"ReadAction","target":["https:\/\/exaudi.org\/it\/presepe-andino-in-piazza-san-pietro\/"]}]},{"@type":"ImageObject","inLanguage":"it-IT","@id":"https:\/\/exaudi.org\/it\/presepe-andino-in-piazza-san-pietro\/#primaryimage","url":"https:\/\/exaudi.org\/wp-content\/uploads\/2021\/10\/albero.jpeg","contentUrl":"https:\/\/exaudi.org\/wp-content\/uploads\/2021\/10\/albero.jpeg","width":1500,"height":844,"caption":"(C) Vatican Media"},{"@type":"BreadcrumbList","@id":"https:\/\/exaudi.org\/it\/presepe-andino-in-piazza-san-pietro\/#breadcrumb","itemListElement":[{"@type":"ListItem","position":1,"name":"Portada","item":"https:\/\/exaudi.org\/it\/"},{"@type":"ListItem","position":2,"name":"Presepe andino in piazza San Pietro"}]},{"@type":"WebSite","@id":"https:\/\/exaudi.org\/#website","url":"https:\/\/exaudi.org\/","name":"Exaudi","description":"News","potentialAction":[{"@type":"SearchAction","target":{"@type":"EntryPoint","urlTemplate":"https:\/\/exaudi.org\/?s={search_term_string}"},"query-input":{"@type":"PropertyValueSpecification","valueRequired":true,"valueName":"search_term_string"}}],"inLanguage":"it-IT"},{"@type":"Person","@id":"https:\/\/exaudi.org\/#\/schema\/person\/e1ab6ed07c01774724dd96f925f3a5f0","name":"Exaudi Redazione","image":{"@type":"ImageObject","inLanguage":"it-IT","@id":"https:\/\/secure.gravatar.com\/avatar\/ad6774b3ada023bf5b939d64f45c94b3adf91502dd883507d469b4308a943bb3?s=96&d=mm&r=g","url":"https:\/\/secure.gravatar.com\/avatar\/ad6774b3ada023bf5b939d64f45c94b3adf91502dd883507d469b4308a943bb3?s=96&d=mm&r=g","contentUrl":"https:\/\/secure.gravatar.com\/avatar\/ad6774b3ada023bf5b939d64f45c94b3adf91502dd883507d469b4308a943bb3?s=96&d=mm&r=g","caption":"Exaudi Redazione"},"description":"Che cosa \u00e8 Exaudi News? Exaudi News \u00e8 un agenzia cattolica internazionale che informa, istruisce e trasforma quotidianamente in spagnolo, inglese e italiano. Attraverso notizie, articoli di analisi e trasmissioni in diretta degli eventi del Papa, Exaudi cerca di rafforzare l'unit\u00e0 dei cristiani e di contribuire all'evangelizzazione del mondo, sempre guidato dalla dottrina sociale della Chiesa. Lavoriamo per portare la verit\u00e0 e i valori cristiani in ogni angolo del pianeta. Aiutaci a trasformare il mondo con Exaudi! Noi di Exaudi crediamo che l'evangelizzazione e l'informazione di qualit\u00e0 possano cambiare la vita. Per continuare la nostra missione ed espandere la nostra portata, abbiamo bisogno del tuo aiuto. Stiamo anche cercando persone motivate che vogliano unirsi al nostro team. Grazie al vostro sostegno raggiungeremo pi\u00f9 persone, diffonderemo il messaggio di Cristo e rafforzeremo l'unit\u00e0 dei cristiani. Vuoi unirti alla nostra missione? Per maggiori informazioni su come contribuire, visita Exaudi.org\/it o contattaci direttamente: info@exaudi.org Exaudi: informa, forma e trasforma.","sameAs":["https:\/\/www.facebook.com\/ExaudiNotizie\/","https:\/\/www.instagram.com\/Exaudi_notizie\/","https:\/\/x.com\/Exaudi_Notizie","https:\/\/www.youtube.com\/@exaudicatholicnews"],"url":"https:\/\/exaudi.org\/it\/author\/dlvedi-org\/"}]}},"jetpack_featured_media_url":"https:\/\/exaudi.org\/wp-content\/uploads\/2021\/10\/albero.jpeg","jetpack_shortlink":"https:\/\/wp.me\/pgKjF2-9Vs","_links":{"self":[{"href":"https:\/\/exaudi.org\/it\/wp-json\/wp\/v2\/posts\/38158","targetHints":{"allow":["GET"]}}],"collection":[{"href":"https:\/\/exaudi.org\/it\/wp-json\/wp\/v2\/posts"}],"about":[{"href":"https:\/\/exaudi.org\/it\/wp-json\/wp\/v2\/types\/post"}],"author":[{"embeddable":true,"href":"https:\/\/exaudi.org\/it\/wp-json\/wp\/v2\/users\/17"}],"replies":[{"embeddable":true,"href":"https:\/\/exaudi.org\/it\/wp-json\/wp\/v2\/comments?post=38158"}],"version-history":[{"count":0,"href":"https:\/\/exaudi.org\/it\/wp-json\/wp\/v2\/posts\/38158\/revisions"}],"wp:featuredmedia":[{"embeddable":true,"href":"https:\/\/exaudi.org\/it\/wp-json\/wp\/v2\/media\/38159"}],"wp:attachment":[{"href":"https:\/\/exaudi.org\/it\/wp-json\/wp\/v2\/media?parent=38158"}],"wp:term":[{"taxonomy":"category","embeddable":true,"href":"https:\/\/exaudi.org\/it\/wp-json\/wp\/v2\/categories?post=38158"},{"taxonomy":"post_tag","embeddable":true,"href":"https:\/\/exaudi.org\/it\/wp-json\/wp\/v2\/tags?post=38158"}],"curies":[{"name":"wp","href":"https:\/\/api.w.org\/{rel}","templated":true}]}}