{"id":37974,"date":"2021-10-27T11:09:17","date_gmt":"2021-10-27T09:09:17","guid":{"rendered":"https:\/\/exaudi.wpengine.com\/?p=37974"},"modified":"2021-10-27T14:58:47","modified_gmt":"2021-10-27T12:58:47","slug":"i-problemi-ci-assillano-ripartiamo-dal-crocifisso","status":"publish","type":"post","link":"https:\/\/exaudi.org\/it\/i-problemi-ci-assillano-ripartiamo-dal-crocifisso\/","title":{"rendered":"I problemi ci assillano? Ripartiamo dal Crocifisso"},"content":{"rendered":"<p>Quando \u201cmille problemi e pensieri ci assillano, facciamo nostro il consiglio di Paolo: mettiamoci davanti a Cristo Crocifisso, ripartiamo da Lui\u201d. Lo ha detto il Papa durante l\u2019udienza generale che ha tenuto nell\u2019Aula Paolo VI, continuando la sua <a href=\"https:\/\/exaudi.wpengine.com\/it\/la-lezione-di-liberta-di-un-bambino\/\">riflessione sulla Lettera ai Galati<\/a>. Il Pontefice ha incentrato la sua meditazione sul tema: \u201cIl frutto dello Spirito\u201d. Al termine, durante i saluti, rivolto ai polacchi, ha ribadito la necessit\u00e0 di difendere la vita umana dal concepimento alla morte naturale. Ecco le parole del Papa:<\/p>\n<p>Cari fratelli e sorelle, buongiorno! La predicazione di San Paolo \u00e8 tutta incentrata su Ges\u00f9 e sul suo mistero pasquale. L\u2019Apostolo infatti si presenta come annunciatore di Cristo, e di Cristo crocifisso. Ai Galati, tentati di basare la loro religiosit\u00e0 sull\u2019osservanza di precetti e tradizioni, egli ricorda il centro della salvezza e della fede: la morte e la risurrezione del Signore. Lo fa mettendo davanti a loro il realismo della croce di Ges\u00f9. Scrive cos\u00ec: \u00abChi vi ha incantati? Proprio voi, agli occhi dei quali fu rappresentato al vivo Ges\u00f9 Cristo crocifisso!\u00bb. Chi vi ha incantati per allontanarti da Cristo Crocifisso? \u00c8 un momento brutto dei Galati\u2026<\/p>\n<h4>Nuovi fondamentalisti<\/h4>\n<p>Ancora oggi, molti sono alla ricerca di sicurezze religiose prima che del Dio vivo e vero, concentrandosi su rituali e precetti piuttosto che abbracciare con tutto s\u00e9 stessi il Dio dell\u2019amore. E questa \u00e8 la tentazione dei nuovi fondamentalisti, di coloro ai quali sembra la strada da percorrere faccia paura e non vanno avanti ma indietro perch\u00e9 si sentono pi\u00f9 sicuri: cercano la sicurezza di Dio e non il Dio della sicurezza. Per questo Paolo chiede ai Galati di ritornare all\u2019essenziale, a Dio che ci d\u00e0 la vita in Cristo crocifisso.<\/p>\n<h4>Davanti al Crocifisso<\/h4>\n<p>Ne d\u00e0 testimonianza in prima persona: \u00abSono stato crocifisso con Cristo, e non vivo pi\u00f9 io, ma Cristo vive in me\u00bb. E verso la fine della Lettera, afferma: \u00abQuanto a me non ci sia altro vanto che nella croce del Signore nostro Ges\u00f9 Cristo\u00bb. Se noi perdiamo il filo della vita spirituale, se mille problemi e pensieri ci assillano, facciamo nostro il consiglio di Paolo: mettiamoci davanti a Cristo Crocifisso, ripartiamo da Lui. Prendiamo il Crocifisso tra le mani, teniamolo stretto sul cuore. Oppure sostiamo in adorazione davanti all\u2019Eucaristia, dove Ges\u00f9 \u00e8 Pane spezzato per noi, Crocifisso Risorto, potenza di Dio che riversa il suo amore nei nostri cuori.<\/p>\n<h4>Lo Spirito cambia i cuori<\/h4>\n<p>E ora, sempre guidati da San Paolo, facciamo un passo ulteriore. Chiediamoci: che cosa succede quando incontriamo nella preghiera Ges\u00f9 Crocifisso? Succede quello che accadde sotto la croce: Ges\u00f9 consegna lo Spirito, dona cio\u00e8 la sua stessa vita. E lo Spirito, che scaturisce dalla Pasqua di Ges\u00f9, \u00e8 il principio della vita spirituale. \u00c8 Lui che cambia il cuore: non le nostre opere. \u00c8 Lui che cambia il cuore, non le cose che noi facciamo, ma l\u2019azione dello Spirito Santo in noi cambia il cuore! \u00c8 Lui che guida la Chiesa, e noi siamo chiamati a obbedire alla sua azione, che spazia dove e come vuole. D\u2019altronde, fu proprio la constatazione che lo Spirito Santo scendeva sopra tutti e che la sua grazia operava senza esclusione alcuna a convincere anche i pi\u00f9 restii tra gli Apostoli che il Vangelo di Ges\u00f9 era destinato a tutti e non a pochi privilegiati.<\/p>\n<p>E quelli che cercano la sicurezza, il piccolo gruppo, le cose chiare come allora, si allontanano dallo Spirito, non lasciano che la libert\u00e0 dello Spirito entri in loro. Cos\u00ec, la vita della comunit\u00e0 si rigenera nello Spirito Santo; ed \u00e8 sempre grazie a Lui che alimentiamo la nostra vita cristiana e portiamo avanti la nostra lotta spirituale.<\/p>\n<h4>Lotta spirituale<\/h4>\n<p>Proprio il combattimento spirituale \u00e8 un altro grande insegnamento della Lettera ai Galati. L\u2019Apostolo presenta due fronti contrapposti: da una parte le \u00abopere della carne\u00bb, dall\u2019altra il \u00abfrutto dello Spirito\u00bb. Che cosa sono le opere della carne? Sono i comportamenti contrari allo Spirito di Dio. L\u2019Apostolo le chiama opere della carne non perch\u00e9 nella nostra carne umana ci sia qualcosa di sbagliato o cattivo; anzi, abbiamo visto come egli insista sul realismo della carne umana portata da Cristo sulla croce! Carne \u00e8 una parola che indica l\u2019uomo nella sua dimensione solo terrena, chiuso in s\u00e9 stesso, in una vita orizzontale, dove si seguono gli istinti mondani e si chiude la porta allo Spirito, che ci innalza e ci apre a Dio e agli altri.<\/p>\n<p>Ma la carne ricorda anche che tutto questo invecchia, che tutto questo passa, marcisce, mentre lo Spirito d\u00e0 la vita. Paolo elenca dunque le opere della carne, che fanno riferimento all\u2019uso egoistico della sessualit\u00e0, alle pratiche magiche che sono idolatria e a quanto mina le relazioni interpersonali, come \u00abdiscordia, gelosia, dissensi, divisioni, fazioni, invidie\u2026\u00bb. Tutto questo \u00e8 il frutto \u2013 diciamo cos\u00ec \u2013 della carne, di un comportamento soltanto umano, \u201cammalatamente\u201d umano. Perch\u00e9 l\u2019umano ha dei suoi valori, ma tutto questo \u00e8 \u201cammalatamente\u201d umano.<\/p>\n<h4>I frutti dello Spirito<\/h4>\n<p>Il frutto dello Spirito, invece, \u00e8 \u00abamore, gioia, pace, magnanimit\u00e0, benevolenza, bont\u00e0, fedelt\u00e0, mitezza, dominio di s\u00e9\u00bb: cos\u00ec dice Paolo. I cristiani, che nel battesimo si sono \u00abrivestiti di Cristo\u00bb, sono chiamati a vivere cos\u00ec. Pu\u00f2 essere un buon esercizio spirituale, per esempio, leggere l\u2019elenco di San Paolo e guardare alla propria condotta, per vedere se corrisponde, se la nostra vita \u00e8 veramente secondo lo Spirito Santo, se porta questi frutti. La mia vita produce questi frutti di amore, gioia, pace, magnanimit\u00e0, benevolenza, bont\u00e0, fedelt\u00e0, mitezza, dominio di s\u00e9?<\/p>\n<p>Ad esempio, i primi tre elencati sono l\u2019amore, la pace e la gioia: da qui si riconosce una persona abitata dallo Spirito Santo. Una persona che \u00e8 in pace, che \u00e8 gioiosa e che ama: con queste tre tracce si vede l\u2019azione dello Spirito.<\/p>\n<h4>Una sfida<\/h4>\n<p>Questo insegnamento dell\u2019Apostolo pone una bella sfida anche alle nostre comunit\u00e0. A volte, chi si accosta alla Chiesa ha l\u2019impressione di trovarsi davanti a una fitta mole di comandi e precetti: ma no, questo non \u00e8 la Chiesa! Questo pu\u00f2 essere qualsiasi associazione. Ma, in realt\u00e0, non si pu\u00f2 cogliere la bellezza della fede in Ges\u00f9 Cristo partendo da troppi comandamenti e da una visione morale che, sviluppandosi in molti rivoli, pu\u00f2 far dimenticare l\u2019originaria fecondit\u00e0 dell\u2019amore, nutrito di preghiera che dona la pace e di gioiosa testimonianza.<\/p>\n<h4>No ai preti burocrati<\/h4>\n<p>Allo stesso modo, la vita dello Spirito che si esprime nei Sacramenti non pu\u00f2 essere soffocata da una burocrazia che impedisce di accedere alla grazia dello Spirito, autore della conversione del cuore. E quante volte noi stessi, preti o vescovi, facciamo tanta burocrazia per dare un Sacramento, per accogliere la gente, che di conseguenza dice: \u201cNo, questo non mi piace\u201d, e se ne va, e non vede in noi, tante volte, la forza dello Spirito che rigenera, che ci fa nuovi. Abbiamo dunque la grande responsabilit\u00e0 di annunciare Cristo crocifisso e risorto animati dal soffio dello Spirito d\u2019amore. Perch\u00e9 \u00e8 solo questo Amore che possiede la forza di attirare e cambiare il cuore dell\u2019uomo.<\/p>\n<h4>Il Papa andr\u00e0 in Canada<\/h4>\n<p>Infine, la Sala Stampa della S. Sede ha comunicato che il Papa andr\u00e0 in Canada: &#8220;La Conferenza Episcopale del Canada ha invitato il Santo Padre Francesco a compiere una visita apostolica in Canada, anche nel contesto del processo pastorale, in atto da tempo, di riconciliazione con i popoli indigeni. Sua Santit\u00e0 ha manifestato la sua disponibilit\u00e0 a recarsi nel Paese in una data che sar\u00e0 fissata pi\u00f9 avanti&#8221;.<\/p>\n","protected":false},"excerpt":{"rendered":"<p>La meditazione del Papa sulla Lettera ai Galati. Il S. Padre ha deciso di recarsi in visita in Canada<\/p>\n","protected":false},"author":17,"featured_media":37975,"comment_status":"closed","ping_status":"closed","sticky":false,"template":"","format":"standard","meta":{"_acf_changed":false,"_crdt_document":"","inline_featured_image":false,"footnotes":""},"categories":[67,2157,111,297],"tags":[4218,2487,251],"class_list":["post-37974","post","type-post","status-publish","format-standard","has-post-thumbnail","hentry","category-leone-xiv","category-top-ultime-notizie","category-udienza-generale","category-ultime-notizie","tag-crocifisso","tag-featured-3","tag-papa-francesco"],"acf":[],"yoast_head":"<!-- This site is optimized with the Yoast SEO plugin v27.4 - https:\/\/yoast.com\/product\/yoast-seo-wordpress\/ -->\n<title>I problemi ci assillano? Ripartiamo dal Crocifisso &#8211; Exaudi<\/title>\n<meta name=\"description\" content=\"I problemi ci assillano? Ripartiamo dal Crocifisso. Lo ha detto il Papa nell&#039;udienza generale. Il Pontefice andr\u00e0 in Canada\" \/>\n<meta name=\"robots\" content=\"index, follow, max-snippet:-1, max-image-preview:large, max-video-preview:-1\" \/>\n<link rel=\"canonical\" href=\"https:\/\/exaudi.org\/it\/i-problemi-ci-assillano-ripartiamo-dal-crocifisso\/\" \/>\n<meta property=\"og:locale\" content=\"it_IT\" \/>\n<meta property=\"og:type\" content=\"article\" \/>\n<meta property=\"og:title\" content=\"I problemi ci assillano? Ripartiamo dal Crocifisso &#8211; Exaudi\" \/>\n<meta property=\"og:description\" content=\"I problemi ci assillano? Ripartiamo dal Crocifisso. Lo ha detto il Papa nell&#039;udienza generale. Il Pontefice andr\u00e0 in Canada\" \/>\n<meta property=\"og:url\" content=\"https:\/\/exaudi.org\/it\/i-problemi-ci-assillano-ripartiamo-dal-crocifisso\/\" \/>\n<meta property=\"og:site_name\" content=\"Exaudi\" \/>\n<meta property=\"article:publisher\" content=\"https:\/\/www.facebook.com\/ExaudiNews\" \/>\n<meta property=\"article:author\" content=\"https:\/\/www.facebook.com\/ExaudiNotizie\/\" \/>\n<meta property=\"article:published_time\" content=\"2021-10-27T09:09:17+00:00\" \/>\n<meta property=\"article:modified_time\" content=\"2021-10-27T12:58:47+00:00\" \/>\n<meta property=\"og:image\" content=\"https:\/\/exaudi.org\/wp-content\/uploads\/2021\/10\/vm201021080340_00030-scaled.jpg\" \/>\n\t<meta property=\"og:image:width\" content=\"2560\" \/>\n\t<meta property=\"og:image:height\" content=\"1707\" \/>\n\t<meta property=\"og:image:type\" content=\"image\/jpeg\" \/>\n<meta name=\"author\" content=\"Exaudi Redazione\" \/>\n<meta name=\"twitter:card\" content=\"summary_large_image\" \/>\n<meta name=\"twitter:creator\" content=\"@Exaudi_Notizie\" \/>\n<meta name=\"twitter:site\" content=\"@Exaudi_News\" \/>\n<meta name=\"twitter:label1\" content=\"Scritto da\" \/>\n\t<meta name=\"twitter:data1\" content=\"Exaudi Redazione\" \/>\n\t<meta name=\"twitter:label2\" content=\"Tempo di lettura stimato\" \/>\n\t<meta name=\"twitter:data2\" content=\"6 minuti\" \/>\n<script type=\"application\/ld+json\" class=\"yoast-schema-graph\">{\"@context\":\"https:\\\/\\\/schema.org\",\"@graph\":[{\"@type\":\"Article\",\"@id\":\"https:\\\/\\\/exaudi.org\\\/it\\\/i-problemi-ci-assillano-ripartiamo-dal-crocifisso\\\/#article\",\"isPartOf\":{\"@id\":\"https:\\\/\\\/exaudi.org\\\/it\\\/i-problemi-ci-assillano-ripartiamo-dal-crocifisso\\\/\"},\"author\":{\"name\":\"Exaudi Redazione\",\"@id\":\"https:\\\/\\\/exaudi.org\\\/#\\\/schema\\\/person\\\/e1ab6ed07c01774724dd96f925f3a5f0\"},\"headline\":\"I problemi ci assillano? Ripartiamo dal Crocifisso\",\"datePublished\":\"2021-10-27T09:09:17+00:00\",\"dateModified\":\"2021-10-27T12:58:47+00:00\",\"mainEntityOfPage\":{\"@id\":\"https:\\\/\\\/exaudi.org\\\/it\\\/i-problemi-ci-assillano-ripartiamo-dal-crocifisso\\\/\"},\"wordCount\":1245,\"image\":{\"@id\":\"https:\\\/\\\/exaudi.org\\\/it\\\/i-problemi-ci-assillano-ripartiamo-dal-crocifisso\\\/#primaryimage\"},\"thumbnailUrl\":\"https:\\\/\\\/exaudi.org\\\/wp-content\\\/uploads\\\/2021\\\/10\\\/vm201021080340_00030-scaled.jpg\",\"keywords\":[\"Crocifisso\",\"Featured\",\"Papa Francesco\"],\"articleSection\":[\"Leone XIV\",\"Top Ultime Notizie\",\"Udienza generale\",\"Ultime Notizie\"],\"inLanguage\":\"it-IT\"},{\"@type\":\"WebPage\",\"@id\":\"https:\\\/\\\/exaudi.org\\\/it\\\/i-problemi-ci-assillano-ripartiamo-dal-crocifisso\\\/\",\"url\":\"https:\\\/\\\/exaudi.org\\\/it\\\/i-problemi-ci-assillano-ripartiamo-dal-crocifisso\\\/\",\"name\":\"I problemi ci assillano? Ripartiamo dal Crocifisso &#8211; Exaudi\",\"isPartOf\":{\"@id\":\"https:\\\/\\\/exaudi.org\\\/#website\"},\"primaryImageOfPage\":{\"@id\":\"https:\\\/\\\/exaudi.org\\\/it\\\/i-problemi-ci-assillano-ripartiamo-dal-crocifisso\\\/#primaryimage\"},\"image\":{\"@id\":\"https:\\\/\\\/exaudi.org\\\/it\\\/i-problemi-ci-assillano-ripartiamo-dal-crocifisso\\\/#primaryimage\"},\"thumbnailUrl\":\"https:\\\/\\\/exaudi.org\\\/wp-content\\\/uploads\\\/2021\\\/10\\\/vm201021080340_00030-scaled.jpg\",\"datePublished\":\"2021-10-27T09:09:17+00:00\",\"dateModified\":\"2021-10-27T12:58:47+00:00\",\"author\":{\"@id\":\"https:\\\/\\\/exaudi.org\\\/#\\\/schema\\\/person\\\/e1ab6ed07c01774724dd96f925f3a5f0\"},\"description\":\"I problemi ci assillano? Ripartiamo dal Crocifisso. Lo ha detto il Papa nell'udienza generale. Il Pontefice andr\u00e0 in Canada\",\"breadcrumb\":{\"@id\":\"https:\\\/\\\/exaudi.org\\\/it\\\/i-problemi-ci-assillano-ripartiamo-dal-crocifisso\\\/#breadcrumb\"},\"inLanguage\":\"it-IT\",\"potentialAction\":[{\"@type\":\"ReadAction\",\"target\":[\"https:\\\/\\\/exaudi.org\\\/it\\\/i-problemi-ci-assillano-ripartiamo-dal-crocifisso\\\/\"]}]},{\"@type\":\"ImageObject\",\"inLanguage\":\"it-IT\",\"@id\":\"https:\\\/\\\/exaudi.org\\\/it\\\/i-problemi-ci-assillano-ripartiamo-dal-crocifisso\\\/#primaryimage\",\"url\":\"https:\\\/\\\/exaudi.org\\\/wp-content\\\/uploads\\\/2021\\\/10\\\/vm201021080340_00030-scaled.jpg\",\"contentUrl\":\"https:\\\/\\\/exaudi.org\\\/wp-content\\\/uploads\\\/2021\\\/10\\\/vm201021080340_00030-scaled.jpg\",\"width\":2560,\"height\":1707,\"caption\":\"(C) Vatican Media\"},{\"@type\":\"BreadcrumbList\",\"@id\":\"https:\\\/\\\/exaudi.org\\\/it\\\/i-problemi-ci-assillano-ripartiamo-dal-crocifisso\\\/#breadcrumb\",\"itemListElement\":[{\"@type\":\"ListItem\",\"position\":1,\"name\":\"Portada\",\"item\":\"https:\\\/\\\/exaudi.org\\\/it\\\/\"},{\"@type\":\"ListItem\",\"position\":2,\"name\":\"I problemi ci assillano? Ripartiamo dal Crocifisso\"}]},{\"@type\":\"WebSite\",\"@id\":\"https:\\\/\\\/exaudi.org\\\/#website\",\"url\":\"https:\\\/\\\/exaudi.org\\\/\",\"name\":\"Exaudi\",\"description\":\"News\",\"potentialAction\":[{\"@type\":\"SearchAction\",\"target\":{\"@type\":\"EntryPoint\",\"urlTemplate\":\"https:\\\/\\\/exaudi.org\\\/?s={search_term_string}\"},\"query-input\":{\"@type\":\"PropertyValueSpecification\",\"valueRequired\":true,\"valueName\":\"search_term_string\"}}],\"inLanguage\":\"it-IT\"},{\"@type\":\"Person\",\"@id\":\"https:\\\/\\\/exaudi.org\\\/#\\\/schema\\\/person\\\/e1ab6ed07c01774724dd96f925f3a5f0\",\"name\":\"Exaudi Redazione\",\"image\":{\"@type\":\"ImageObject\",\"inLanguage\":\"it-IT\",\"@id\":\"https:\\\/\\\/secure.gravatar.com\\\/avatar\\\/ad6774b3ada023bf5b939d64f45c94b3adf91502dd883507d469b4308a943bb3?s=96&d=mm&r=g\",\"url\":\"https:\\\/\\\/secure.gravatar.com\\\/avatar\\\/ad6774b3ada023bf5b939d64f45c94b3adf91502dd883507d469b4308a943bb3?s=96&d=mm&r=g\",\"contentUrl\":\"https:\\\/\\\/secure.gravatar.com\\\/avatar\\\/ad6774b3ada023bf5b939d64f45c94b3adf91502dd883507d469b4308a943bb3?s=96&d=mm&r=g\",\"caption\":\"Exaudi Redazione\"},\"description\":\"Che cosa \u00e8 Exaudi News? Exaudi News \u00e8 un agenzia cattolica internazionale che informa, istruisce e trasforma quotidianamente in spagnolo, inglese e italiano. Attraverso notizie, articoli di analisi e trasmissioni in diretta degli eventi del Papa, Exaudi cerca di rafforzare l'unit\u00e0 dei cristiani e di contribuire all'evangelizzazione del mondo, sempre guidato dalla dottrina sociale della Chiesa. Lavoriamo per portare la verit\u00e0 e i valori cristiani in ogni angolo del pianeta. Aiutaci a trasformare il mondo con Exaudi! Noi di Exaudi crediamo che l'evangelizzazione e l'informazione di qualit\u00e0 possano cambiare la vita. Per continuare la nostra missione ed espandere la nostra portata, abbiamo bisogno del tuo aiuto. Stiamo anche cercando persone motivate che vogliano unirsi al nostro team. Grazie al vostro sostegno raggiungeremo pi\u00f9 persone, diffonderemo il messaggio di Cristo e rafforzeremo l'unit\u00e0 dei cristiani. Vuoi unirti alla nostra missione? Per maggiori informazioni su come contribuire, visita Exaudi.org\\\/it o contattaci direttamente: info@exaudi.org Exaudi: informa, forma e trasforma.\",\"sameAs\":[\"https:\\\/\\\/www.facebook.com\\\/ExaudiNotizie\\\/\",\"https:\\\/\\\/www.instagram.com\\\/Exaudi_notizie\\\/\",\"https:\\\/\\\/x.com\\\/Exaudi_Notizie\",\"https:\\\/\\\/www.youtube.com\\\/@exaudicatholicnews\"],\"url\":\"https:\\\/\\\/exaudi.org\\\/it\\\/author\\\/dlvedi-org\\\/\"}]}<\/script>\n<!-- \/ Yoast SEO plugin. -->","yoast_head_json":{"title":"I problemi ci assillano? Ripartiamo dal Crocifisso &#8211; Exaudi","description":"I problemi ci assillano? Ripartiamo dal Crocifisso. Lo ha detto il Papa nell'udienza generale. Il Pontefice andr\u00e0 in Canada","robots":{"index":"index","follow":"follow","max-snippet":"max-snippet:-1","max-image-preview":"max-image-preview:large","max-video-preview":"max-video-preview:-1"},"canonical":"https:\/\/exaudi.org\/it\/i-problemi-ci-assillano-ripartiamo-dal-crocifisso\/","og_locale":"it_IT","og_type":"article","og_title":"I problemi ci assillano? Ripartiamo dal Crocifisso &#8211; Exaudi","og_description":"I problemi ci assillano? Ripartiamo dal Crocifisso. Lo ha detto il Papa nell'udienza generale. Il Pontefice andr\u00e0 in Canada","og_url":"https:\/\/exaudi.org\/it\/i-problemi-ci-assillano-ripartiamo-dal-crocifisso\/","og_site_name":"Exaudi","article_publisher":"https:\/\/www.facebook.com\/ExaudiNews","article_author":"https:\/\/www.facebook.com\/ExaudiNotizie\/","article_published_time":"2021-10-27T09:09:17+00:00","article_modified_time":"2021-10-27T12:58:47+00:00","og_image":[{"width":2560,"height":1707,"url":"https:\/\/exaudi.org\/wp-content\/uploads\/2021\/10\/vm201021080340_00030-scaled.jpg","type":"image\/jpeg"}],"author":"Exaudi Redazione","twitter_card":"summary_large_image","twitter_creator":"@Exaudi_Notizie","twitter_site":"@Exaudi_News","twitter_misc":{"Scritto da":"Exaudi Redazione","Tempo di lettura stimato":"6 minuti"},"schema":{"@context":"https:\/\/schema.org","@graph":[{"@type":"Article","@id":"https:\/\/exaudi.org\/it\/i-problemi-ci-assillano-ripartiamo-dal-crocifisso\/#article","isPartOf":{"@id":"https:\/\/exaudi.org\/it\/i-problemi-ci-assillano-ripartiamo-dal-crocifisso\/"},"author":{"name":"Exaudi Redazione","@id":"https:\/\/exaudi.org\/#\/schema\/person\/e1ab6ed07c01774724dd96f925f3a5f0"},"headline":"I problemi ci assillano? Ripartiamo dal Crocifisso","datePublished":"2021-10-27T09:09:17+00:00","dateModified":"2021-10-27T12:58:47+00:00","mainEntityOfPage":{"@id":"https:\/\/exaudi.org\/it\/i-problemi-ci-assillano-ripartiamo-dal-crocifisso\/"},"wordCount":1245,"image":{"@id":"https:\/\/exaudi.org\/it\/i-problemi-ci-assillano-ripartiamo-dal-crocifisso\/#primaryimage"},"thumbnailUrl":"https:\/\/exaudi.org\/wp-content\/uploads\/2021\/10\/vm201021080340_00030-scaled.jpg","keywords":["Crocifisso","Featured","Papa Francesco"],"articleSection":["Leone XIV","Top Ultime Notizie","Udienza generale","Ultime Notizie"],"inLanguage":"it-IT"},{"@type":"WebPage","@id":"https:\/\/exaudi.org\/it\/i-problemi-ci-assillano-ripartiamo-dal-crocifisso\/","url":"https:\/\/exaudi.org\/it\/i-problemi-ci-assillano-ripartiamo-dal-crocifisso\/","name":"I problemi ci assillano? Ripartiamo dal Crocifisso &#8211; Exaudi","isPartOf":{"@id":"https:\/\/exaudi.org\/#website"},"primaryImageOfPage":{"@id":"https:\/\/exaudi.org\/it\/i-problemi-ci-assillano-ripartiamo-dal-crocifisso\/#primaryimage"},"image":{"@id":"https:\/\/exaudi.org\/it\/i-problemi-ci-assillano-ripartiamo-dal-crocifisso\/#primaryimage"},"thumbnailUrl":"https:\/\/exaudi.org\/wp-content\/uploads\/2021\/10\/vm201021080340_00030-scaled.jpg","datePublished":"2021-10-27T09:09:17+00:00","dateModified":"2021-10-27T12:58:47+00:00","author":{"@id":"https:\/\/exaudi.org\/#\/schema\/person\/e1ab6ed07c01774724dd96f925f3a5f0"},"description":"I problemi ci assillano? Ripartiamo dal Crocifisso. Lo ha detto il Papa nell'udienza generale. Il Pontefice andr\u00e0 in Canada","breadcrumb":{"@id":"https:\/\/exaudi.org\/it\/i-problemi-ci-assillano-ripartiamo-dal-crocifisso\/#breadcrumb"},"inLanguage":"it-IT","potentialAction":[{"@type":"ReadAction","target":["https:\/\/exaudi.org\/it\/i-problemi-ci-assillano-ripartiamo-dal-crocifisso\/"]}]},{"@type":"ImageObject","inLanguage":"it-IT","@id":"https:\/\/exaudi.org\/it\/i-problemi-ci-assillano-ripartiamo-dal-crocifisso\/#primaryimage","url":"https:\/\/exaudi.org\/wp-content\/uploads\/2021\/10\/vm201021080340_00030-scaled.jpg","contentUrl":"https:\/\/exaudi.org\/wp-content\/uploads\/2021\/10\/vm201021080340_00030-scaled.jpg","width":2560,"height":1707,"caption":"(C) Vatican Media"},{"@type":"BreadcrumbList","@id":"https:\/\/exaudi.org\/it\/i-problemi-ci-assillano-ripartiamo-dal-crocifisso\/#breadcrumb","itemListElement":[{"@type":"ListItem","position":1,"name":"Portada","item":"https:\/\/exaudi.org\/it\/"},{"@type":"ListItem","position":2,"name":"I problemi ci assillano? Ripartiamo dal Crocifisso"}]},{"@type":"WebSite","@id":"https:\/\/exaudi.org\/#website","url":"https:\/\/exaudi.org\/","name":"Exaudi","description":"News","potentialAction":[{"@type":"SearchAction","target":{"@type":"EntryPoint","urlTemplate":"https:\/\/exaudi.org\/?s={search_term_string}"},"query-input":{"@type":"PropertyValueSpecification","valueRequired":true,"valueName":"search_term_string"}}],"inLanguage":"it-IT"},{"@type":"Person","@id":"https:\/\/exaudi.org\/#\/schema\/person\/e1ab6ed07c01774724dd96f925f3a5f0","name":"Exaudi Redazione","image":{"@type":"ImageObject","inLanguage":"it-IT","@id":"https:\/\/secure.gravatar.com\/avatar\/ad6774b3ada023bf5b939d64f45c94b3adf91502dd883507d469b4308a943bb3?s=96&d=mm&r=g","url":"https:\/\/secure.gravatar.com\/avatar\/ad6774b3ada023bf5b939d64f45c94b3adf91502dd883507d469b4308a943bb3?s=96&d=mm&r=g","contentUrl":"https:\/\/secure.gravatar.com\/avatar\/ad6774b3ada023bf5b939d64f45c94b3adf91502dd883507d469b4308a943bb3?s=96&d=mm&r=g","caption":"Exaudi Redazione"},"description":"Che cosa \u00e8 Exaudi News? Exaudi News \u00e8 un agenzia cattolica internazionale che informa, istruisce e trasforma quotidianamente in spagnolo, inglese e italiano. Attraverso notizie, articoli di analisi e trasmissioni in diretta degli eventi del Papa, Exaudi cerca di rafforzare l'unit\u00e0 dei cristiani e di contribuire all'evangelizzazione del mondo, sempre guidato dalla dottrina sociale della Chiesa. Lavoriamo per portare la verit\u00e0 e i valori cristiani in ogni angolo del pianeta. Aiutaci a trasformare il mondo con Exaudi! Noi di Exaudi crediamo che l'evangelizzazione e l'informazione di qualit\u00e0 possano cambiare la vita. Per continuare la nostra missione ed espandere la nostra portata, abbiamo bisogno del tuo aiuto. Stiamo anche cercando persone motivate che vogliano unirsi al nostro team. Grazie al vostro sostegno raggiungeremo pi\u00f9 persone, diffonderemo il messaggio di Cristo e rafforzeremo l'unit\u00e0 dei cristiani. Vuoi unirti alla nostra missione? Per maggiori informazioni su come contribuire, visita Exaudi.org\/it o contattaci direttamente: info@exaudi.org Exaudi: informa, forma e trasforma.","sameAs":["https:\/\/www.facebook.com\/ExaudiNotizie\/","https:\/\/www.instagram.com\/Exaudi_notizie\/","https:\/\/x.com\/Exaudi_Notizie","https:\/\/www.youtube.com\/@exaudicatholicnews"],"url":"https:\/\/exaudi.org\/it\/author\/dlvedi-org\/"}]}},"jetpack_featured_media_url":"https:\/\/exaudi.org\/wp-content\/uploads\/2021\/10\/vm201021080340_00030-scaled.jpg","jetpack_shortlink":"https:\/\/wp.me\/pgKjF2-9Su","_links":{"self":[{"href":"https:\/\/exaudi.org\/it\/wp-json\/wp\/v2\/posts\/37974","targetHints":{"allow":["GET"]}}],"collection":[{"href":"https:\/\/exaudi.org\/it\/wp-json\/wp\/v2\/posts"}],"about":[{"href":"https:\/\/exaudi.org\/it\/wp-json\/wp\/v2\/types\/post"}],"author":[{"embeddable":true,"href":"https:\/\/exaudi.org\/it\/wp-json\/wp\/v2\/users\/17"}],"replies":[{"embeddable":true,"href":"https:\/\/exaudi.org\/it\/wp-json\/wp\/v2\/comments?post=37974"}],"version-history":[{"count":0,"href":"https:\/\/exaudi.org\/it\/wp-json\/wp\/v2\/posts\/37974\/revisions"}],"wp:featuredmedia":[{"embeddable":true,"href":"https:\/\/exaudi.org\/it\/wp-json\/wp\/v2\/media\/37975"}],"wp:attachment":[{"href":"https:\/\/exaudi.org\/it\/wp-json\/wp\/v2\/media?parent=37974"}],"wp:term":[{"taxonomy":"category","embeddable":true,"href":"https:\/\/exaudi.org\/it\/wp-json\/wp\/v2\/categories?post=37974"},{"taxonomy":"post_tag","embeddable":true,"href":"https:\/\/exaudi.org\/it\/wp-json\/wp\/v2\/tags?post=37974"}],"curies":[{"name":"wp","href":"https:\/\/api.w.org\/{rel}","templated":true}]}}