{"id":37918,"date":"2021-10-26T18:03:35","date_gmt":"2021-10-26T16:03:35","guid":{"rendered":"https:\/\/exaudi.wpengine.com\/?p=37918"},"modified":"2021-10-26T18:03:35","modified_gmt":"2021-10-26T16:03:35","slug":"caritas-internationalis-celebra-i-suoi-70-anni","status":"publish","type":"post","link":"https:\/\/exaudi.org\/it\/caritas-internationalis-celebra-i-suoi-70-anni\/","title":{"rendered":"Caritas Internationalis celebra i suoi 70 anni"},"content":{"rendered":"<p>Caritas Internationalis, la Confederazione che riunisce e coordina le diverse Caritas nazionali presenti nel mondo, si appresta a celebrare i 70 anni di vita. Un momento di bilanci, ricordi, ma soprattutto di testimonianza e rinnovato impegno per il futuro.<\/p>\n<h4>Una crescita esponenziale<\/h4>\n<p>Sono passate sette decadi da quando il 12 dicembre 1951 l\u2019Assemblea Costitutiva di Caritas Internationalis si riun\u00ec a Roma. Allora le Caritas membro della Confederazione erano appena 13, mentre oggi sono 162. Caritas Internationalis nacque per volere di Pio XII. Papa Pacelli volle riunire le organizzazioni caritative nazionali per favorirne la reciproca conoscenza, la coordinazione e collaborazione nello svolgimento dell\u2019attivit\u00e0 caritativa e sociale nelle diverse parti del mondo. La Confederazione conobbe sin da subito un rapido sviluppo. Gi\u00e0 nel 1967, Paolo VI afferm\u00f2 nell\u2019enciclica Popolorum progressio che \u00abCaritas internationalis \u00e8 dappertutto all\u2019opera\u00bb.<\/p>\n<p>Oggi, la Confederazione opera in 200 Paesi e territori. Continua a servire, difendere e accompagnare i poveri. Offre risposte alle emergenze umanitarie, opera per la difesa della dignit\u00e0 umana e la creazione delle condizioni necessarie ad uno sviluppo umano integrale. Caritas \u00e8 un interlocutore privilegiato delle comunit\u00e0 locali grazie alla propria capillare presenza. Per questo il Papa ha voluto che Caritas Internationalis coordinasse, assieme al Dicastero per la Promozione dello Sviluppo Umano integrale, il gruppo di lavoro sull\u2019ascolto delle Chiese locali della Commissione Vaticana COVID-19.<\/p>\n<h4>Sette conferenze<\/h4>\n<p>Le realt\u00e0 locali saranno anche al centro delle diverse iniziative organizzate da Caritas Internationalis per celebrare il proprio anniversario. A partire dal prossimo 28 ottobre, in ognuna delle sette settimane che precedono la data del 12 dicembre, si terranno sette conferenze online. Ciascuna dedicata ad una delle sette regioni dove opera la Confederazione: Africa, America del Nord, America Latina e Caraibi, Asia, Europa, Medio Oriente e Nord Africa, e Oceania.<\/p>\n<p>La prima conferenza, dal titolo \u201cSeven decades of fighting against poverty and for human dignity\u201d (\u201cSette decenni di lotta alla povert\u00e0 e per la dignit\u00e0 umana\u201d), si terr\u00e0 il prossimo 28 ottobre alle ore 15.30 (ora di Roma) e sar\u00e0 incentrata sulla Regione del Nord America. (Per partecipare online cliccare <a href=\"https:\/\/us02web.zoom.us\/j\/89936651170?pwd=NFV0YUM1K25mRkVBa1Vpc0RpYzZtQT09\">qui<\/a>). I sette appuntamenti saranno un\u2019occasione per ripercorrere, attraverso la voce di esperti e rappresentanti delle Caritas locali, alcuni momenti chiave della storia della Confederazione nelle diverse regioni, presentando al tempo stesso sfide, crisi e difficolt\u00e0 attuali.<\/p>\n<h4>Solidariet\u00e0 concreta<\/h4>\n<p>Alla testimonianza si unir\u00e0 anche la concreta solidariet\u00e0. Ogni conferenza, infatti, sar\u00e0 accompagnata da un progetto da realizzare in loco quale gesto simbolico in favore dei poveri e dei pi\u00f9 vulnerabili. (Per maggiori informazioni consultare <a href=\"https:\/\/www.caritas.org\/70years\/\">www.caritas.org\/70years<\/a>).<\/p>\n<p>Le diverse iniziative e celebrazioni si concluderanno a Roma con una conferenza alla Pontificia Universit\u00e0 Urbaniana il 13 dicembre dalle 9 alle 13. Durante tale evento sar\u00e0 lanciata anche la nuova Campagna Globale di Caritas Internationalis dedicata alla promozione dell\u2019ecologia integrale e di una \u201cconversione ecologica\u201d.<\/p>\n<p>Nell\u2019ambito delle iniziative per il proprio anniversario, Caritas Internationalis ha inoltre iniziato a diffondere informazioni e immagini pubblicando sul proprio account Twitter @iamCaritas e gli altri profili social, un tweet al giorno dedicato ad un anno della propria storia.<\/p>\n","protected":false},"excerpt":{"rendered":"<p>Una serie di iniziative e progetti per i poveri in vista dell\u2019anniversario del 12 dicembre<\/p>\n","protected":false},"author":17,"featured_media":37920,"comment_status":"closed","ping_status":"closed","sticky":false,"template":"","format":"standard","meta":{"_acf_changed":false,"_crdt_document":"","inline_featured_image":false,"footnotes":""},"categories":[73,2157,297],"tags":[4678,251,4677,1043],"class_list":["post-37918","post","type-post","status-publish","format-standard","has-post-thumbnail","hentry","category-chiesa-e-mondo","category-top-ultime-notizie","category-ultime-notizie","tag-caritas-internationalis-it","tag-papa-francesco","tag-pio-xii","tag-poveri"],"acf":[],"yoast_head":"<!-- This site is optimized with the Yoast SEO plugin v27.5 - https:\/\/yoast.com\/product\/yoast-seo-wordpress\/ -->\n<title>Caritas Internationalis celebra i suoi 70 anni &#8211; Exaudi<\/title>\n<meta name=\"description\" content=\"Caritas Internationalis compie 70 anni ed ha avviato una serie di iniziative in vista dell\u2019anniversario del 12 dicembre\" \/>\n<meta name=\"robots\" content=\"index, follow, max-snippet:-1, max-image-preview:large, max-video-preview:-1\" \/>\n<link rel=\"canonical\" href=\"https:\/\/exaudi.org\/it\/caritas-internationalis-celebra-i-suoi-70-anni\/\" \/>\n<meta property=\"og:locale\" content=\"it_IT\" \/>\n<meta property=\"og:type\" content=\"article\" \/>\n<meta property=\"og:title\" content=\"Caritas Internationalis celebra i suoi 70 anni &#8211; Exaudi\" \/>\n<meta property=\"og:description\" content=\"Caritas Internationalis compie 70 anni ed ha avviato una serie di iniziative in vista dell\u2019anniversario del 12 dicembre\" \/>\n<meta property=\"og:url\" content=\"https:\/\/exaudi.org\/it\/caritas-internationalis-celebra-i-suoi-70-anni\/\" \/>\n<meta property=\"og:site_name\" content=\"Exaudi\" \/>\n<meta property=\"article:publisher\" content=\"https:\/\/www.facebook.com\/ExaudiNews\" \/>\n<meta property=\"article:author\" content=\"https:\/\/www.facebook.com\/ExaudiNotizie\/\" \/>\n<meta property=\"article:published_time\" content=\"2021-10-26T16:03:35+00:00\" \/>\n<meta property=\"og:image\" content=\"https:\/\/exaudi.org\/wp-content\/uploads\/2021\/10\/caritas.jpeg\" \/>\n\t<meta property=\"og:image:width\" content=\"750\" \/>\n\t<meta property=\"og:image:height\" content=\"422\" \/>\n\t<meta property=\"og:image:type\" content=\"image\/jpeg\" \/>\n<meta name=\"author\" content=\"Exaudi Redazione\" \/>\n<meta name=\"twitter:card\" content=\"summary_large_image\" \/>\n<meta name=\"twitter:creator\" content=\"@Exaudi_Notizie\" \/>\n<meta name=\"twitter:site\" content=\"@Exaudi_News\" \/>\n<meta name=\"twitter:label1\" content=\"Scritto da\" \/>\n\t<meta name=\"twitter:data1\" content=\"Exaudi Redazione\" \/>\n\t<meta name=\"twitter:label2\" content=\"Tempo di lettura stimato\" \/>\n\t<meta name=\"twitter:data2\" content=\"3 minuti\" \/>\n<script type=\"application\/ld+json\" class=\"yoast-schema-graph\">{\"@context\":\"https:\\\/\\\/schema.org\",\"@graph\":[{\"@type\":\"Article\",\"@id\":\"https:\\\/\\\/exaudi.org\\\/it\\\/caritas-internationalis-celebra-i-suoi-70-anni\\\/#article\",\"isPartOf\":{\"@id\":\"https:\\\/\\\/exaudi.org\\\/it\\\/caritas-internationalis-celebra-i-suoi-70-anni\\\/\"},\"author\":{\"name\":\"Exaudi Redazione\",\"@id\":\"https:\\\/\\\/exaudi.org\\\/#\\\/schema\\\/person\\\/e1ab6ed07c01774724dd96f925f3a5f0\"},\"headline\":\"Caritas Internationalis celebra i suoi 70 anni\",\"datePublished\":\"2021-10-26T16:03:35+00:00\",\"mainEntityOfPage\":{\"@id\":\"https:\\\/\\\/exaudi.org\\\/it\\\/caritas-internationalis-celebra-i-suoi-70-anni\\\/\"},\"wordCount\":502,\"image\":{\"@id\":\"https:\\\/\\\/exaudi.org\\\/it\\\/caritas-internationalis-celebra-i-suoi-70-anni\\\/#primaryimage\"},\"thumbnailUrl\":\"https:\\\/\\\/exaudi.org\\\/wp-content\\\/uploads\\\/2021\\\/10\\\/caritas.jpeg\",\"keywords\":[\"Caritas Internationalis\",\"Papa Francesco\",\"Pio XII\",\"poveri\"],\"articleSection\":[\"Chiesa e Mondo\",\"Top Ultime Notizie\",\"Ultime Notizie\"],\"inLanguage\":\"it-IT\"},{\"@type\":\"WebPage\",\"@id\":\"https:\\\/\\\/exaudi.org\\\/it\\\/caritas-internationalis-celebra-i-suoi-70-anni\\\/\",\"url\":\"https:\\\/\\\/exaudi.org\\\/it\\\/caritas-internationalis-celebra-i-suoi-70-anni\\\/\",\"name\":\"Caritas Internationalis celebra i suoi 70 anni &#8211; Exaudi\",\"isPartOf\":{\"@id\":\"https:\\\/\\\/exaudi.org\\\/#website\"},\"primaryImageOfPage\":{\"@id\":\"https:\\\/\\\/exaudi.org\\\/it\\\/caritas-internationalis-celebra-i-suoi-70-anni\\\/#primaryimage\"},\"image\":{\"@id\":\"https:\\\/\\\/exaudi.org\\\/it\\\/caritas-internationalis-celebra-i-suoi-70-anni\\\/#primaryimage\"},\"thumbnailUrl\":\"https:\\\/\\\/exaudi.org\\\/wp-content\\\/uploads\\\/2021\\\/10\\\/caritas.jpeg\",\"datePublished\":\"2021-10-26T16:03:35+00:00\",\"author\":{\"@id\":\"https:\\\/\\\/exaudi.org\\\/#\\\/schema\\\/person\\\/e1ab6ed07c01774724dd96f925f3a5f0\"},\"description\":\"Caritas Internationalis compie 70 anni ed ha avviato una serie di iniziative in vista dell\u2019anniversario del 12 dicembre\",\"breadcrumb\":{\"@id\":\"https:\\\/\\\/exaudi.org\\\/it\\\/caritas-internationalis-celebra-i-suoi-70-anni\\\/#breadcrumb\"},\"inLanguage\":\"it-IT\",\"potentialAction\":[{\"@type\":\"ReadAction\",\"target\":[\"https:\\\/\\\/exaudi.org\\\/it\\\/caritas-internationalis-celebra-i-suoi-70-anni\\\/\"]}]},{\"@type\":\"ImageObject\",\"inLanguage\":\"it-IT\",\"@id\":\"https:\\\/\\\/exaudi.org\\\/it\\\/caritas-internationalis-celebra-i-suoi-70-anni\\\/#primaryimage\",\"url\":\"https:\\\/\\\/exaudi.org\\\/wp-content\\\/uploads\\\/2021\\\/10\\\/caritas.jpeg\",\"contentUrl\":\"https:\\\/\\\/exaudi.org\\\/wp-content\\\/uploads\\\/2021\\\/10\\\/caritas.jpeg\",\"width\":750,\"height\":422,\"caption\":\"(C) Vatican Media\"},{\"@type\":\"BreadcrumbList\",\"@id\":\"https:\\\/\\\/exaudi.org\\\/it\\\/caritas-internationalis-celebra-i-suoi-70-anni\\\/#breadcrumb\",\"itemListElement\":[{\"@type\":\"ListItem\",\"position\":1,\"name\":\"Portada\",\"item\":\"https:\\\/\\\/exaudi.org\\\/it\\\/\"},{\"@type\":\"ListItem\",\"position\":2,\"name\":\"Caritas Internationalis celebra i suoi 70 anni\"}]},{\"@type\":\"WebSite\",\"@id\":\"https:\\\/\\\/exaudi.org\\\/#website\",\"url\":\"https:\\\/\\\/exaudi.org\\\/\",\"name\":\"Exaudi\",\"description\":\"News\",\"potentialAction\":[{\"@type\":\"SearchAction\",\"target\":{\"@type\":\"EntryPoint\",\"urlTemplate\":\"https:\\\/\\\/exaudi.org\\\/?s={search_term_string}\"},\"query-input\":{\"@type\":\"PropertyValueSpecification\",\"valueRequired\":true,\"valueName\":\"search_term_string\"}}],\"inLanguage\":\"it-IT\"},{\"@type\":\"Person\",\"@id\":\"https:\\\/\\\/exaudi.org\\\/#\\\/schema\\\/person\\\/e1ab6ed07c01774724dd96f925f3a5f0\",\"name\":\"Exaudi Redazione\",\"image\":{\"@type\":\"ImageObject\",\"inLanguage\":\"it-IT\",\"@id\":\"https:\\\/\\\/secure.gravatar.com\\\/avatar\\\/ad6774b3ada023bf5b939d64f45c94b3adf91502dd883507d469b4308a943bb3?s=96&d=mm&r=g\",\"url\":\"https:\\\/\\\/secure.gravatar.com\\\/avatar\\\/ad6774b3ada023bf5b939d64f45c94b3adf91502dd883507d469b4308a943bb3?s=96&d=mm&r=g\",\"contentUrl\":\"https:\\\/\\\/secure.gravatar.com\\\/avatar\\\/ad6774b3ada023bf5b939d64f45c94b3adf91502dd883507d469b4308a943bb3?s=96&d=mm&r=g\",\"caption\":\"Exaudi Redazione\"},\"description\":\"Che cosa \u00e8 Exaudi News? Exaudi News \u00e8 un agenzia cattolica internazionale che informa, istruisce e trasforma quotidianamente in spagnolo, inglese e italiano. Attraverso notizie, articoli di analisi e trasmissioni in diretta degli eventi del Papa, Exaudi cerca di rafforzare l'unit\u00e0 dei cristiani e di contribuire all'evangelizzazione del mondo, sempre guidato dalla dottrina sociale della Chiesa. Lavoriamo per portare la verit\u00e0 e i valori cristiani in ogni angolo del pianeta. Aiutaci a trasformare il mondo con Exaudi! Noi di Exaudi crediamo che l'evangelizzazione e l'informazione di qualit\u00e0 possano cambiare la vita. Per continuare la nostra missione ed espandere la nostra portata, abbiamo bisogno del tuo aiuto. Stiamo anche cercando persone motivate che vogliano unirsi al nostro team. Grazie al vostro sostegno raggiungeremo pi\u00f9 persone, diffonderemo il messaggio di Cristo e rafforzeremo l'unit\u00e0 dei cristiani. Vuoi unirti alla nostra missione? Per maggiori informazioni su come contribuire, visita Exaudi.org\\\/it o contattaci direttamente: info@exaudi.org Exaudi: informa, forma e trasforma.\",\"sameAs\":[\"https:\\\/\\\/www.facebook.com\\\/ExaudiNotizie\\\/\",\"https:\\\/\\\/www.instagram.com\\\/Exaudi_notizie\\\/\",\"https:\\\/\\\/x.com\\\/Exaudi_Notizie\",\"https:\\\/\\\/www.youtube.com\\\/@exaudicatholicnews\"],\"url\":\"https:\\\/\\\/exaudi.org\\\/it\\\/author\\\/dlvedi-org\\\/\"}]}<\/script>\n<!-- \/ Yoast SEO plugin. -->","yoast_head_json":{"title":"Caritas Internationalis celebra i suoi 70 anni &#8211; Exaudi","description":"Caritas Internationalis compie 70 anni ed ha avviato una serie di iniziative in vista dell\u2019anniversario del 12 dicembre","robots":{"index":"index","follow":"follow","max-snippet":"max-snippet:-1","max-image-preview":"max-image-preview:large","max-video-preview":"max-video-preview:-1"},"canonical":"https:\/\/exaudi.org\/it\/caritas-internationalis-celebra-i-suoi-70-anni\/","og_locale":"it_IT","og_type":"article","og_title":"Caritas Internationalis celebra i suoi 70 anni &#8211; Exaudi","og_description":"Caritas Internationalis compie 70 anni ed ha avviato una serie di iniziative in vista dell\u2019anniversario del 12 dicembre","og_url":"https:\/\/exaudi.org\/it\/caritas-internationalis-celebra-i-suoi-70-anni\/","og_site_name":"Exaudi","article_publisher":"https:\/\/www.facebook.com\/ExaudiNews","article_author":"https:\/\/www.facebook.com\/ExaudiNotizie\/","article_published_time":"2021-10-26T16:03:35+00:00","og_image":[{"width":750,"height":422,"url":"https:\/\/exaudi.org\/wp-content\/uploads\/2021\/10\/caritas.jpeg","type":"image\/jpeg"}],"author":"Exaudi Redazione","twitter_card":"summary_large_image","twitter_creator":"@Exaudi_Notizie","twitter_site":"@Exaudi_News","twitter_misc":{"Scritto da":"Exaudi Redazione","Tempo di lettura stimato":"3 minuti"},"schema":{"@context":"https:\/\/schema.org","@graph":[{"@type":"Article","@id":"https:\/\/exaudi.org\/it\/caritas-internationalis-celebra-i-suoi-70-anni\/#article","isPartOf":{"@id":"https:\/\/exaudi.org\/it\/caritas-internationalis-celebra-i-suoi-70-anni\/"},"author":{"name":"Exaudi Redazione","@id":"https:\/\/exaudi.org\/#\/schema\/person\/e1ab6ed07c01774724dd96f925f3a5f0"},"headline":"Caritas Internationalis celebra i suoi 70 anni","datePublished":"2021-10-26T16:03:35+00:00","mainEntityOfPage":{"@id":"https:\/\/exaudi.org\/it\/caritas-internationalis-celebra-i-suoi-70-anni\/"},"wordCount":502,"image":{"@id":"https:\/\/exaudi.org\/it\/caritas-internationalis-celebra-i-suoi-70-anni\/#primaryimage"},"thumbnailUrl":"https:\/\/exaudi.org\/wp-content\/uploads\/2021\/10\/caritas.jpeg","keywords":["Caritas Internationalis","Papa Francesco","Pio XII","poveri"],"articleSection":["Chiesa e Mondo","Top Ultime Notizie","Ultime Notizie"],"inLanguage":"it-IT"},{"@type":"WebPage","@id":"https:\/\/exaudi.org\/it\/caritas-internationalis-celebra-i-suoi-70-anni\/","url":"https:\/\/exaudi.org\/it\/caritas-internationalis-celebra-i-suoi-70-anni\/","name":"Caritas Internationalis celebra i suoi 70 anni &#8211; Exaudi","isPartOf":{"@id":"https:\/\/exaudi.org\/#website"},"primaryImageOfPage":{"@id":"https:\/\/exaudi.org\/it\/caritas-internationalis-celebra-i-suoi-70-anni\/#primaryimage"},"image":{"@id":"https:\/\/exaudi.org\/it\/caritas-internationalis-celebra-i-suoi-70-anni\/#primaryimage"},"thumbnailUrl":"https:\/\/exaudi.org\/wp-content\/uploads\/2021\/10\/caritas.jpeg","datePublished":"2021-10-26T16:03:35+00:00","author":{"@id":"https:\/\/exaudi.org\/#\/schema\/person\/e1ab6ed07c01774724dd96f925f3a5f0"},"description":"Caritas Internationalis compie 70 anni ed ha avviato una serie di iniziative in vista dell\u2019anniversario del 12 dicembre","breadcrumb":{"@id":"https:\/\/exaudi.org\/it\/caritas-internationalis-celebra-i-suoi-70-anni\/#breadcrumb"},"inLanguage":"it-IT","potentialAction":[{"@type":"ReadAction","target":["https:\/\/exaudi.org\/it\/caritas-internationalis-celebra-i-suoi-70-anni\/"]}]},{"@type":"ImageObject","inLanguage":"it-IT","@id":"https:\/\/exaudi.org\/it\/caritas-internationalis-celebra-i-suoi-70-anni\/#primaryimage","url":"https:\/\/exaudi.org\/wp-content\/uploads\/2021\/10\/caritas.jpeg","contentUrl":"https:\/\/exaudi.org\/wp-content\/uploads\/2021\/10\/caritas.jpeg","width":750,"height":422,"caption":"(C) Vatican Media"},{"@type":"BreadcrumbList","@id":"https:\/\/exaudi.org\/it\/caritas-internationalis-celebra-i-suoi-70-anni\/#breadcrumb","itemListElement":[{"@type":"ListItem","position":1,"name":"Portada","item":"https:\/\/exaudi.org\/it\/"},{"@type":"ListItem","position":2,"name":"Caritas Internationalis celebra i suoi 70 anni"}]},{"@type":"WebSite","@id":"https:\/\/exaudi.org\/#website","url":"https:\/\/exaudi.org\/","name":"Exaudi","description":"News","potentialAction":[{"@type":"SearchAction","target":{"@type":"EntryPoint","urlTemplate":"https:\/\/exaudi.org\/?s={search_term_string}"},"query-input":{"@type":"PropertyValueSpecification","valueRequired":true,"valueName":"search_term_string"}}],"inLanguage":"it-IT"},{"@type":"Person","@id":"https:\/\/exaudi.org\/#\/schema\/person\/e1ab6ed07c01774724dd96f925f3a5f0","name":"Exaudi Redazione","image":{"@type":"ImageObject","inLanguage":"it-IT","@id":"https:\/\/secure.gravatar.com\/avatar\/ad6774b3ada023bf5b939d64f45c94b3adf91502dd883507d469b4308a943bb3?s=96&d=mm&r=g","url":"https:\/\/secure.gravatar.com\/avatar\/ad6774b3ada023bf5b939d64f45c94b3adf91502dd883507d469b4308a943bb3?s=96&d=mm&r=g","contentUrl":"https:\/\/secure.gravatar.com\/avatar\/ad6774b3ada023bf5b939d64f45c94b3adf91502dd883507d469b4308a943bb3?s=96&d=mm&r=g","caption":"Exaudi Redazione"},"description":"Che cosa \u00e8 Exaudi News? Exaudi News \u00e8 un agenzia cattolica internazionale che informa, istruisce e trasforma quotidianamente in spagnolo, inglese e italiano. Attraverso notizie, articoli di analisi e trasmissioni in diretta degli eventi del Papa, Exaudi cerca di rafforzare l'unit\u00e0 dei cristiani e di contribuire all'evangelizzazione del mondo, sempre guidato dalla dottrina sociale della Chiesa. Lavoriamo per portare la verit\u00e0 e i valori cristiani in ogni angolo del pianeta. Aiutaci a trasformare il mondo con Exaudi! Noi di Exaudi crediamo che l'evangelizzazione e l'informazione di qualit\u00e0 possano cambiare la vita. Per continuare la nostra missione ed espandere la nostra portata, abbiamo bisogno del tuo aiuto. Stiamo anche cercando persone motivate che vogliano unirsi al nostro team. Grazie al vostro sostegno raggiungeremo pi\u00f9 persone, diffonderemo il messaggio di Cristo e rafforzeremo l'unit\u00e0 dei cristiani. Vuoi unirti alla nostra missione? Per maggiori informazioni su come contribuire, visita Exaudi.org\/it o contattaci direttamente: info@exaudi.org Exaudi: informa, forma e trasforma.","sameAs":["https:\/\/www.facebook.com\/ExaudiNotizie\/","https:\/\/www.instagram.com\/Exaudi_notizie\/","https:\/\/x.com\/Exaudi_Notizie","https:\/\/www.youtube.com\/@exaudicatholicnews"],"url":"https:\/\/exaudi.org\/it\/author\/dlvedi-org\/"}]}},"jetpack_featured_media_url":"https:\/\/exaudi.org\/wp-content\/uploads\/2021\/10\/caritas.jpeg","jetpack_shortlink":"https:\/\/wp.me\/pgKjF2-9RA","_links":{"self":[{"href":"https:\/\/exaudi.org\/it\/wp-json\/wp\/v2\/posts\/37918","targetHints":{"allow":["GET"]}}],"collection":[{"href":"https:\/\/exaudi.org\/it\/wp-json\/wp\/v2\/posts"}],"about":[{"href":"https:\/\/exaudi.org\/it\/wp-json\/wp\/v2\/types\/post"}],"author":[{"embeddable":true,"href":"https:\/\/exaudi.org\/it\/wp-json\/wp\/v2\/users\/17"}],"replies":[{"embeddable":true,"href":"https:\/\/exaudi.org\/it\/wp-json\/wp\/v2\/comments?post=37918"}],"version-history":[{"count":0,"href":"https:\/\/exaudi.org\/it\/wp-json\/wp\/v2\/posts\/37918\/revisions"}],"wp:featuredmedia":[{"embeddable":true,"href":"https:\/\/exaudi.org\/it\/wp-json\/wp\/v2\/media\/37920"}],"wp:attachment":[{"href":"https:\/\/exaudi.org\/it\/wp-json\/wp\/v2\/media?parent=37918"}],"wp:term":[{"taxonomy":"category","embeddable":true,"href":"https:\/\/exaudi.org\/it\/wp-json\/wp\/v2\/categories?post=37918"},{"taxonomy":"post_tag","embeddable":true,"href":"https:\/\/exaudi.org\/it\/wp-json\/wp\/v2\/tags?post=37918"}],"curies":[{"name":"wp","href":"https:\/\/api.w.org\/{rel}","templated":true}]}}