{"id":37861,"date":"2021-10-26T13:26:16","date_gmt":"2021-10-26T11:26:16","guid":{"rendered":"https:\/\/exaudi.wpengine.com\/?p=37861"},"modified":"2021-10-26T13:26:16","modified_gmt":"2021-10-26T11:26:16","slug":"inchiesta-sulla-storia-dei-primi-secoli-della-chiesa","status":"publish","type":"post","link":"https:\/\/exaudi.org\/it\/inchiesta-sulla-storia-dei-primi-secoli-della-chiesa\/","title":{"rendered":"Inchiesta sulla storia dei primi secoli della Chiesa"},"content":{"rendered":"<p>Per quale motivo realizzare un convegno internazionale di studi sui primi secoli della storia della Chiesa? Padre Bernard Ardura, presidente del <a href=\"http:\/\/www.historia.va\/content\/scienzestoriche\/it.html\">Pontificio Comitato di Scienze Storiche<\/a>, lo ha spiegato nel corso della presentazione dell\u2019evento organizzato in collaborazione con l\u2019Universit\u00e9 Catholique de Lyon, che si svolger\u00e0 in Vaticano, presso l\u2019Istituto Maria Santissima Bambina, da domani al 29 ottobre 2021. In particolare, il convegno \u201cInchiesta sulla storia dei primi secoli della Chiesa\u201d vuole contribuire a far conoscere i frutti delle ricerche degli ultimi decenni: \u201cVogliamo dare spazio ai ricercatori che hanno acquisito conoscenze che 20, 30 o 40 anni fa non erano note\u201d ha spiegato padre Ardura, anche se \u201cnon arriveremo a soluzioni definitive\u201d.<\/p>\n<h4>Approccio aperto<\/h4>\n<p>Uno dei punti focali del convegno, rinviato di un anno a causa della pandemia, sar\u00e0 l\u2019\u201capproccio storiografico aperto\u201d. Come ha indicato Papa Francesco, il \u201cComitato deve accogliere tutti coloro che studiano seriamente la storia e le scienze ausiliarie della storia. Penso che l\u2019incontro sar\u00e0 un\u2019indagine e anche una scommessa\u201d ha spiegato il religioso. Il punto di partenza \u00e8 il confronto sui due modelli storiografici principali riguardo ai primi secoli del cristianesimo. Come ha spiegato Ardura, da una parte quello risalente a Eusebio di Cesarea, che in qualche modo punta su una continuit\u00e0 per cos\u00ec dire granitica: \u201c\u00c8 come se la Chiesa del I secolo fosse uguale a quella del XXI. \u00c8 ovvio che c\u2019\u00e8 stato uno sviluppo\u201d.<\/p>\n<h4>L\u2019ottica luterana<\/h4>\n<p>L\u2019altra visione, \u201csoprattutto protestante, interpreta la storia della Chiesa come un degrado progressivo della Chiesa, e per questo Lutero vuole spogliare la Chiesa di quello che lui non ritiene necessario. Se non sappiamo niente della storia dei primi secoli, allora pu\u00f2 affermare che cinque sacramenti sono stati inventati dalla Chiesa e per questo mantiene solo battesimo ed Eucaristia\u201d. \u00c8 la tesi sostenuta dal teologo protestante Adolf von Harnack (1851-1930), le cui convinzioni sono ancora di moda, in particolare la sua affermazione che niente si possa dire con scientifica certezza sui due primi secoli di storia della Chiesa.<\/p>\n<figure id=\"attachment_37878\" aria-describedby=\"caption-attachment-37878\" style=\"width: 300px\" class=\"wp-caption alignleft\"><img loading=\"lazy\" decoding=\"async\" class=\"size-medium wp-image-37878\" src=\"https:\/\/exaudi.wpengine.com\/wp-content\/uploads\/2021\/10\/ardura-2-300x168.jpg\" alt=\"\" width=\"300\" height=\"168\" srcset=\"https:\/\/exaudi.org\/wp-content\/uploads\/2021\/10\/ardura-2-300x168.jpg 300w, https:\/\/exaudi.org\/wp-content\/uploads\/2021\/10\/ardura-2-150x84.jpg 150w, https:\/\/exaudi.org\/wp-content\/uploads\/2021\/10\/ardura-2.jpg 312w\" sizes=\"auto, (max-width: 300px) 100vw, 300px\" \/><figcaption id=\"caption-attachment-37878\" class=\"wp-caption-text\">Padre Ardura<\/figcaption><\/figure>\n<p>\u201cAl contrario \u2013 sostiene Arudra &#8211; gi\u00e0 nell\u2019antichit\u00e0 e poi nell\u2019Ottocento con il grande John Henry Newman fu elaborata una teoria molto forte dello sviluppo della Chiesa, della sua dottrina, ma uno sviluppo armonico, in cui non si creano cose che non c\u2019erano all\u2019inizio ma si realizza uno sviluppo interno\u201d.<\/p>\n<h4>Il contributo degli specialisti<\/h4>\n<p>Per indagare su questi aspetti il convegno si avvarr\u00e0 del contributo di specialisti di diversi settori, come quelli che \u201channo studiato le vie di comunicazione e commerciali. Siamo abituati a vedere l\u2019antichit\u00e0 in riferimento al bacino del Mediterraneo ma il mondo non si limitava a questo. Scopriamo che c\u2019era una mobilit\u00e0 straordinaria sulle vie del commercio dell\u2019avorio o della seta. Inoltre, abbiamo testimonianze archeologiche e letterarie dell\u2019influsso del cristianesimo su ambienti non cristiani. Per questo parliamo di Inchiesta\u201d ha spiegato ancora il religioso.<\/p>\n<p>Un esempio: \u201cl\u2019evangelizzazione dell\u2019India da parte di Tommaso, pensavo fosse una leggenda. Ma viaggiando nel Kerala, ho constatato che i cosiddetti cristiani di S. Tommaso hanno qualcosa da dire. Nel convegno ascolteremo quelli che hanno studiato alcuni testi come gli Atti di Tommaso\u201d perch\u00e9 non sempre \u201cleggenda non \u00e8 sinonimo di bugia\u201d ma pu\u00f2 essere una trasposizione poetica e amplificata di fatti o circostanze reali.<\/p>\n<h4>Taglio innovativo<\/h4>\n<p>Alla presentazione \u00e8 intervenuto anche il prof. Gaetano Lettieri, membro del Pontificio Comitato di Scienze Storiche e Direttore del Dipartimento di Storia, Antropologia, Religioni, Arte e Spettacolo dell\u2019Universit\u00e0 di Roma La Sapienza. Secondo lo studioso, il convegno si occupa della storia dei primi secoli della Chiesa \u201ccon un taglio innovativo, non si ha timore di confrontarsi con diverse tesi sulla storia del cristianesimo\u201d. Parlando degli Atti degli Apostoli, \u201cprima opera di storiografia cristiana\u201d, Lettieri ha sottolineato che \u201cLuca gi\u00e0 tenta una sintesi di visioni missionarie diverse. La prospettiva \u00e8 quella del movimento unitario che \u00e8 proprio della Chiesa\u201d.<\/p>\n<p>Il convegno \u201caccetta la sfida della diversit\u00e0, la pluralit\u00e0 di metodi, di vie che caratterizzano la scelta cristiana fin dall\u2019origine. Onorare l\u2019identit\u00e0 cristiana \u00e8 onorare questa molteplicit\u00e0 di sfide, lo sforzo dello storico, ma anche dell\u2019uomo di fede, \u00e8 trovare il punto di sintesi\u201d.<\/p>\n<h4>Scelta coraggiosa<\/h4>\n<p>Una pluralit\u00e0 di metodi e visioni che rappresenta una scelta coraggiosa. Non a caso, la prima sessione vedr\u00e0 gli interventi di Daniel Marguerat, Universit\u00e0 di Losanna, esponente del protestantesimo svizzero, e del prof. Antonio Pitta, della Lateranense, che parler\u00e0 proprio di \u201cvon Harnack e la storia dei primi secoli della Chiesa: giudizi confermati o smentiti\u201d. \u201cTutti siamo un po\u2019 harnackiani \u2013 ha concluso Lettieri &#8211; Non esisterebbe la storia del cristianesimo senza valutare l\u2019eredit\u00e0 di Harnack, pur con i suoi limiti. Va sottolineato che in effetti il metodo storico non pu\u00f2 avere una connotazione confessionale. \u00c8 necessario trovare il difficile equilibrio tra l\u2019opzione ideologica che tutti abbiamo e l\u2019onest\u00e0 e il rigore\u201d della ricerca.<\/p>\n","protected":false},"excerpt":{"rendered":"<p>Presentato il convegno internazionale in programma in Vaticano da domani al 29 ottobre<\/p>\n","protected":false},"author":18,"featured_media":37875,"comment_status":"closed","ping_status":"closed","sticky":false,"template":"","format":"standard","meta":{"_acf_changed":false,"_crdt_document":"","inline_featured_image":false,"footnotes":""},"categories":[75,73,2157,297],"tags":[668,4671,4670],"class_list":["post-37861","post","type-post","status-publish","format-standard","has-post-thumbnail","hentry","category-arte-e-cultura","category-chiesa-e-mondo","category-top-ultime-notizie","category-ultime-notizie","tag-chiesa","tag-cristianesimo","tag-storia"],"acf":[],"yoast_head":"<!-- This site is optimized with the Yoast SEO plugin v27.4 - https:\/\/yoast.com\/product\/yoast-seo-wordpress\/ -->\n<title>Inchiesta sulla storia dei primi secoli della Chiesa &#8211; Exaudi<\/title>\n<meta name=\"description\" content=\"Inchiesta sulla storia dei primi secoli della Chiesa, un convegno per far conoscere i risultati delle ricerche degli ultimi decenni\" \/>\n<meta name=\"robots\" content=\"index, follow, max-snippet:-1, max-image-preview:large, max-video-preview:-1\" \/>\n<link rel=\"canonical\" href=\"https:\/\/exaudi.org\/it\/inchiesta-sulla-storia-dei-primi-secoli-della-chiesa\/\" \/>\n<meta property=\"og:locale\" content=\"it_IT\" \/>\n<meta property=\"og:type\" content=\"article\" \/>\n<meta property=\"og:title\" content=\"Inchiesta sulla storia dei primi secoli della Chiesa &#8211; Exaudi\" \/>\n<meta property=\"og:description\" content=\"Inchiesta sulla storia dei primi secoli della Chiesa, un convegno per far conoscere i risultati delle ricerche degli ultimi decenni\" \/>\n<meta property=\"og:url\" content=\"https:\/\/exaudi.org\/it\/inchiesta-sulla-storia-dei-primi-secoli-della-chiesa\/\" \/>\n<meta property=\"og:site_name\" content=\"Exaudi\" \/>\n<meta property=\"article:publisher\" content=\"https:\/\/www.facebook.com\/ExaudiNews\" \/>\n<meta property=\"article:published_time\" content=\"2021-10-26T11:26:16+00:00\" \/>\n<meta property=\"og:image\" content=\"https:\/\/exaudi.org\/wp-content\/uploads\/2021\/10\/locandina_Inchiesta-sulla-storia-dei-primi-secoli-della-Chiesa_page-0001.jpg-1.jpg\" \/>\n\t<meta property=\"og:image:width\" content=\"1754\" \/>\n\t<meta property=\"og:image:height\" content=\"1167\" \/>\n\t<meta property=\"og:image:type\" content=\"image\/jpeg\" \/>\n<meta name=\"author\" content=\"Andrea Acali\" \/>\n<meta name=\"twitter:card\" content=\"summary_large_image\" \/>\n<meta name=\"twitter:creator\" content=\"@Exaudi_News\" \/>\n<meta name=\"twitter:site\" content=\"@Exaudi_News\" \/>\n<meta name=\"twitter:label1\" content=\"Scritto da\" \/>\n\t<meta name=\"twitter:data1\" content=\"Andrea Acali\" \/>\n\t<meta name=\"twitter:label2\" content=\"Tempo di lettura stimato\" \/>\n\t<meta name=\"twitter:data2\" content=\"4 minuti\" \/>\n<script type=\"application\/ld+json\" class=\"yoast-schema-graph\">{\"@context\":\"https:\\\/\\\/schema.org\",\"@graph\":[{\"@type\":\"Article\",\"@id\":\"https:\\\/\\\/exaudi.org\\\/it\\\/inchiesta-sulla-storia-dei-primi-secoli-della-chiesa\\\/#article\",\"isPartOf\":{\"@id\":\"https:\\\/\\\/exaudi.org\\\/it\\\/inchiesta-sulla-storia-dei-primi-secoli-della-chiesa\\\/\"},\"author\":{\"name\":\"Andrea Acali\",\"@id\":\"https:\\\/\\\/exaudi.org\\\/#\\\/schema\\\/person\\\/127735be832481a6d3c410c5837bb61a\"},\"headline\":\"Inchiesta sulla storia dei primi secoli della Chiesa\",\"datePublished\":\"2021-10-26T11:26:16+00:00\",\"mainEntityOfPage\":{\"@id\":\"https:\\\/\\\/exaudi.org\\\/it\\\/inchiesta-sulla-storia-dei-primi-secoli-della-chiesa\\\/\"},\"wordCount\":816,\"image\":{\"@id\":\"https:\\\/\\\/exaudi.org\\\/it\\\/inchiesta-sulla-storia-dei-primi-secoli-della-chiesa\\\/#primaryimage\"},\"thumbnailUrl\":\"https:\\\/\\\/exaudi.org\\\/wp-content\\\/uploads\\\/2021\\\/10\\\/locandina_Inchiesta-sulla-storia-dei-primi-secoli-della-Chiesa_page-0001.jpg-1.jpg\",\"keywords\":[\"Chiesa\",\"cristianesimo\",\"storia\"],\"articleSection\":[\"Arte e cultura\",\"Chiesa e Mondo\",\"Top Ultime Notizie\",\"Ultime Notizie\"],\"inLanguage\":\"it-IT\"},{\"@type\":\"WebPage\",\"@id\":\"https:\\\/\\\/exaudi.org\\\/it\\\/inchiesta-sulla-storia-dei-primi-secoli-della-chiesa\\\/\",\"url\":\"https:\\\/\\\/exaudi.org\\\/it\\\/inchiesta-sulla-storia-dei-primi-secoli-della-chiesa\\\/\",\"name\":\"Inchiesta sulla storia dei primi secoli della Chiesa &#8211; Exaudi\",\"isPartOf\":{\"@id\":\"https:\\\/\\\/exaudi.org\\\/#website\"},\"primaryImageOfPage\":{\"@id\":\"https:\\\/\\\/exaudi.org\\\/it\\\/inchiesta-sulla-storia-dei-primi-secoli-della-chiesa\\\/#primaryimage\"},\"image\":{\"@id\":\"https:\\\/\\\/exaudi.org\\\/it\\\/inchiesta-sulla-storia-dei-primi-secoli-della-chiesa\\\/#primaryimage\"},\"thumbnailUrl\":\"https:\\\/\\\/exaudi.org\\\/wp-content\\\/uploads\\\/2021\\\/10\\\/locandina_Inchiesta-sulla-storia-dei-primi-secoli-della-Chiesa_page-0001.jpg-1.jpg\",\"datePublished\":\"2021-10-26T11:26:16+00:00\",\"author\":{\"@id\":\"https:\\\/\\\/exaudi.org\\\/#\\\/schema\\\/person\\\/127735be832481a6d3c410c5837bb61a\"},\"description\":\"Inchiesta sulla storia dei primi secoli della Chiesa, un convegno per far conoscere i risultati delle ricerche degli ultimi decenni\",\"breadcrumb\":{\"@id\":\"https:\\\/\\\/exaudi.org\\\/it\\\/inchiesta-sulla-storia-dei-primi-secoli-della-chiesa\\\/#breadcrumb\"},\"inLanguage\":\"it-IT\",\"potentialAction\":[{\"@type\":\"ReadAction\",\"target\":[\"https:\\\/\\\/exaudi.org\\\/it\\\/inchiesta-sulla-storia-dei-primi-secoli-della-chiesa\\\/\"]}]},{\"@type\":\"ImageObject\",\"inLanguage\":\"it-IT\",\"@id\":\"https:\\\/\\\/exaudi.org\\\/it\\\/inchiesta-sulla-storia-dei-primi-secoli-della-chiesa\\\/#primaryimage\",\"url\":\"https:\\\/\\\/exaudi.org\\\/wp-content\\\/uploads\\\/2021\\\/10\\\/locandina_Inchiesta-sulla-storia-dei-primi-secoli-della-Chiesa_page-0001.jpg-1.jpg\",\"contentUrl\":\"https:\\\/\\\/exaudi.org\\\/wp-content\\\/uploads\\\/2021\\\/10\\\/locandina_Inchiesta-sulla-storia-dei-primi-secoli-della-Chiesa_page-0001.jpg-1.jpg\",\"width\":1754,\"height\":1167,\"caption\":\"La locandina del convegno\"},{\"@type\":\"BreadcrumbList\",\"@id\":\"https:\\\/\\\/exaudi.org\\\/it\\\/inchiesta-sulla-storia-dei-primi-secoli-della-chiesa\\\/#breadcrumb\",\"itemListElement\":[{\"@type\":\"ListItem\",\"position\":1,\"name\":\"Portada\",\"item\":\"https:\\\/\\\/exaudi.org\\\/it\\\/\"},{\"@type\":\"ListItem\",\"position\":2,\"name\":\"Inchiesta sulla storia dei primi secoli della Chiesa\"}]},{\"@type\":\"WebSite\",\"@id\":\"https:\\\/\\\/exaudi.org\\\/#website\",\"url\":\"https:\\\/\\\/exaudi.org\\\/\",\"name\":\"Exaudi\",\"description\":\"News\",\"potentialAction\":[{\"@type\":\"SearchAction\",\"target\":{\"@type\":\"EntryPoint\",\"urlTemplate\":\"https:\\\/\\\/exaudi.org\\\/?s={search_term_string}\"},\"query-input\":{\"@type\":\"PropertyValueSpecification\",\"valueRequired\":true,\"valueName\":\"search_term_string\"}}],\"inLanguage\":\"it-IT\"},{\"@type\":\"Person\",\"@id\":\"https:\\\/\\\/exaudi.org\\\/#\\\/schema\\\/person\\\/127735be832481a6d3c410c5837bb61a\",\"name\":\"Andrea Acali\",\"image\":{\"@type\":\"ImageObject\",\"inLanguage\":\"it-IT\",\"@id\":\"https:\\\/\\\/secure.gravatar.com\\\/avatar\\\/2abf8e528c4f8c571ab456e5ef9ac66b04b987863e3ab3fd9546150699bb9259?s=96&d=mm&r=g\",\"url\":\"https:\\\/\\\/secure.gravatar.com\\\/avatar\\\/2abf8e528c4f8c571ab456e5ef9ac66b04b987863e3ab3fd9546150699bb9259?s=96&d=mm&r=g\",\"contentUrl\":\"https:\\\/\\\/secure.gravatar.com\\\/avatar\\\/2abf8e528c4f8c571ab456e5ef9ac66b04b987863e3ab3fd9546150699bb9259?s=96&d=mm&r=g\",\"caption\":\"Andrea Acali\"},\"description\":\"Andrea Acali es un periodista y comunicador italiano con una larga trayectoria en el \u00e1mbito de la informaci\u00f3n religiosa, social y deportiva. Durante casi treinta a\u00f1os trabaj\u00f3 en el diario Il Tempo como vaticanista y jefe de secci\u00f3n, especializ\u00e1ndose en la cobertura de la actualidad del Vaticano y de la Iglesia cat\u00f3lica. Desde 2016 colabora como periodista web en RomaSette y tambi\u00e9n escribe para el peri\u00f3dico Avvenire. Desde 2019 ejerce como comunicador en la Delegazione della Generalitat de Catalunya in Italia, con sede en Roma, donde combina su experiencia period\u00edstica con la comunicaci\u00f3n institucional\",\"sameAs\":[\"https:\\\/\\\/www.linkedin.com\\\/in\\\/andrea-acali-505567125\\\/?originalSubdomain=it\"],\"url\":\"https:\\\/\\\/exaudi.org\\\/it\\\/author\\\/aacaliexaudi-org\\\/\"}]}<\/script>\n<!-- \/ Yoast SEO plugin. -->","yoast_head_json":{"title":"Inchiesta sulla storia dei primi secoli della Chiesa &#8211; Exaudi","description":"Inchiesta sulla storia dei primi secoli della Chiesa, un convegno per far conoscere i risultati delle ricerche degli ultimi decenni","robots":{"index":"index","follow":"follow","max-snippet":"max-snippet:-1","max-image-preview":"max-image-preview:large","max-video-preview":"max-video-preview:-1"},"canonical":"https:\/\/exaudi.org\/it\/inchiesta-sulla-storia-dei-primi-secoli-della-chiesa\/","og_locale":"it_IT","og_type":"article","og_title":"Inchiesta sulla storia dei primi secoli della Chiesa &#8211; Exaudi","og_description":"Inchiesta sulla storia dei primi secoli della Chiesa, un convegno per far conoscere i risultati delle ricerche degli ultimi decenni","og_url":"https:\/\/exaudi.org\/it\/inchiesta-sulla-storia-dei-primi-secoli-della-chiesa\/","og_site_name":"Exaudi","article_publisher":"https:\/\/www.facebook.com\/ExaudiNews","article_published_time":"2021-10-26T11:26:16+00:00","og_image":[{"width":1754,"height":1167,"url":"https:\/\/exaudi.org\/wp-content\/uploads\/2021\/10\/locandina_Inchiesta-sulla-storia-dei-primi-secoli-della-Chiesa_page-0001.jpg-1.jpg","type":"image\/jpeg"}],"author":"Andrea Acali","twitter_card":"summary_large_image","twitter_creator":"@Exaudi_News","twitter_site":"@Exaudi_News","twitter_misc":{"Scritto da":"Andrea Acali","Tempo di lettura stimato":"4 minuti"},"schema":{"@context":"https:\/\/schema.org","@graph":[{"@type":"Article","@id":"https:\/\/exaudi.org\/it\/inchiesta-sulla-storia-dei-primi-secoli-della-chiesa\/#article","isPartOf":{"@id":"https:\/\/exaudi.org\/it\/inchiesta-sulla-storia-dei-primi-secoli-della-chiesa\/"},"author":{"name":"Andrea Acali","@id":"https:\/\/exaudi.org\/#\/schema\/person\/127735be832481a6d3c410c5837bb61a"},"headline":"Inchiesta sulla storia dei primi secoli della Chiesa","datePublished":"2021-10-26T11:26:16+00:00","mainEntityOfPage":{"@id":"https:\/\/exaudi.org\/it\/inchiesta-sulla-storia-dei-primi-secoli-della-chiesa\/"},"wordCount":816,"image":{"@id":"https:\/\/exaudi.org\/it\/inchiesta-sulla-storia-dei-primi-secoli-della-chiesa\/#primaryimage"},"thumbnailUrl":"https:\/\/exaudi.org\/wp-content\/uploads\/2021\/10\/locandina_Inchiesta-sulla-storia-dei-primi-secoli-della-Chiesa_page-0001.jpg-1.jpg","keywords":["Chiesa","cristianesimo","storia"],"articleSection":["Arte e cultura","Chiesa e Mondo","Top Ultime Notizie","Ultime Notizie"],"inLanguage":"it-IT"},{"@type":"WebPage","@id":"https:\/\/exaudi.org\/it\/inchiesta-sulla-storia-dei-primi-secoli-della-chiesa\/","url":"https:\/\/exaudi.org\/it\/inchiesta-sulla-storia-dei-primi-secoli-della-chiesa\/","name":"Inchiesta sulla storia dei primi secoli della Chiesa &#8211; Exaudi","isPartOf":{"@id":"https:\/\/exaudi.org\/#website"},"primaryImageOfPage":{"@id":"https:\/\/exaudi.org\/it\/inchiesta-sulla-storia-dei-primi-secoli-della-chiesa\/#primaryimage"},"image":{"@id":"https:\/\/exaudi.org\/it\/inchiesta-sulla-storia-dei-primi-secoli-della-chiesa\/#primaryimage"},"thumbnailUrl":"https:\/\/exaudi.org\/wp-content\/uploads\/2021\/10\/locandina_Inchiesta-sulla-storia-dei-primi-secoli-della-Chiesa_page-0001.jpg-1.jpg","datePublished":"2021-10-26T11:26:16+00:00","author":{"@id":"https:\/\/exaudi.org\/#\/schema\/person\/127735be832481a6d3c410c5837bb61a"},"description":"Inchiesta sulla storia dei primi secoli della Chiesa, un convegno per far conoscere i risultati delle ricerche degli ultimi decenni","breadcrumb":{"@id":"https:\/\/exaudi.org\/it\/inchiesta-sulla-storia-dei-primi-secoli-della-chiesa\/#breadcrumb"},"inLanguage":"it-IT","potentialAction":[{"@type":"ReadAction","target":["https:\/\/exaudi.org\/it\/inchiesta-sulla-storia-dei-primi-secoli-della-chiesa\/"]}]},{"@type":"ImageObject","inLanguage":"it-IT","@id":"https:\/\/exaudi.org\/it\/inchiesta-sulla-storia-dei-primi-secoli-della-chiesa\/#primaryimage","url":"https:\/\/exaudi.org\/wp-content\/uploads\/2021\/10\/locandina_Inchiesta-sulla-storia-dei-primi-secoli-della-Chiesa_page-0001.jpg-1.jpg","contentUrl":"https:\/\/exaudi.org\/wp-content\/uploads\/2021\/10\/locandina_Inchiesta-sulla-storia-dei-primi-secoli-della-Chiesa_page-0001.jpg-1.jpg","width":1754,"height":1167,"caption":"La locandina del convegno"},{"@type":"BreadcrumbList","@id":"https:\/\/exaudi.org\/it\/inchiesta-sulla-storia-dei-primi-secoli-della-chiesa\/#breadcrumb","itemListElement":[{"@type":"ListItem","position":1,"name":"Portada","item":"https:\/\/exaudi.org\/it\/"},{"@type":"ListItem","position":2,"name":"Inchiesta sulla storia dei primi secoli della Chiesa"}]},{"@type":"WebSite","@id":"https:\/\/exaudi.org\/#website","url":"https:\/\/exaudi.org\/","name":"Exaudi","description":"News","potentialAction":[{"@type":"SearchAction","target":{"@type":"EntryPoint","urlTemplate":"https:\/\/exaudi.org\/?s={search_term_string}"},"query-input":{"@type":"PropertyValueSpecification","valueRequired":true,"valueName":"search_term_string"}}],"inLanguage":"it-IT"},{"@type":"Person","@id":"https:\/\/exaudi.org\/#\/schema\/person\/127735be832481a6d3c410c5837bb61a","name":"Andrea Acali","image":{"@type":"ImageObject","inLanguage":"it-IT","@id":"https:\/\/secure.gravatar.com\/avatar\/2abf8e528c4f8c571ab456e5ef9ac66b04b987863e3ab3fd9546150699bb9259?s=96&d=mm&r=g","url":"https:\/\/secure.gravatar.com\/avatar\/2abf8e528c4f8c571ab456e5ef9ac66b04b987863e3ab3fd9546150699bb9259?s=96&d=mm&r=g","contentUrl":"https:\/\/secure.gravatar.com\/avatar\/2abf8e528c4f8c571ab456e5ef9ac66b04b987863e3ab3fd9546150699bb9259?s=96&d=mm&r=g","caption":"Andrea Acali"},"description":"Andrea Acali es un periodista y comunicador italiano con una larga trayectoria en el \u00e1mbito de la informaci\u00f3n religiosa, social y deportiva. Durante casi treinta a\u00f1os trabaj\u00f3 en el diario Il Tempo como vaticanista y jefe de secci\u00f3n, especializ\u00e1ndose en la cobertura de la actualidad del Vaticano y de la Iglesia cat\u00f3lica. Desde 2016 colabora como periodista web en RomaSette y tambi\u00e9n escribe para el peri\u00f3dico Avvenire. Desde 2019 ejerce como comunicador en la Delegazione della Generalitat de Catalunya in Italia, con sede en Roma, donde combina su experiencia period\u00edstica con la comunicaci\u00f3n institucional","sameAs":["https:\/\/www.linkedin.com\/in\/andrea-acali-505567125\/?originalSubdomain=it"],"url":"https:\/\/exaudi.org\/it\/author\/aacaliexaudi-org\/"}]}},"jetpack_featured_media_url":"https:\/\/exaudi.org\/wp-content\/uploads\/2021\/10\/locandina_Inchiesta-sulla-storia-dei-primi-secoli-della-Chiesa_page-0001.jpg-1.jpg","jetpack_shortlink":"https:\/\/wp.me\/pgKjF2-9QF","_links":{"self":[{"href":"https:\/\/exaudi.org\/it\/wp-json\/wp\/v2\/posts\/37861","targetHints":{"allow":["GET"]}}],"collection":[{"href":"https:\/\/exaudi.org\/it\/wp-json\/wp\/v2\/posts"}],"about":[{"href":"https:\/\/exaudi.org\/it\/wp-json\/wp\/v2\/types\/post"}],"author":[{"embeddable":true,"href":"https:\/\/exaudi.org\/it\/wp-json\/wp\/v2\/users\/18"}],"replies":[{"embeddable":true,"href":"https:\/\/exaudi.org\/it\/wp-json\/wp\/v2\/comments?post=37861"}],"version-history":[{"count":0,"href":"https:\/\/exaudi.org\/it\/wp-json\/wp\/v2\/posts\/37861\/revisions"}],"wp:featuredmedia":[{"embeddable":true,"href":"https:\/\/exaudi.org\/it\/wp-json\/wp\/v2\/media\/37875"}],"wp:attachment":[{"href":"https:\/\/exaudi.org\/it\/wp-json\/wp\/v2\/media?parent=37861"}],"wp:term":[{"taxonomy":"category","embeddable":true,"href":"https:\/\/exaudi.org\/it\/wp-json\/wp\/v2\/categories?post=37861"},{"taxonomy":"post_tag","embeddable":true,"href":"https:\/\/exaudi.org\/it\/wp-json\/wp\/v2\/tags?post=37861"}],"curies":[{"name":"wp","href":"https:\/\/api.w.org\/{rel}","templated":true}]}}