{"id":37742,"date":"2021-10-25T17:51:21","date_gmt":"2021-10-25T15:51:21","guid":{"rendered":"https:\/\/exaudi.wpengine.com\/?p=37742"},"modified":"2021-10-25T17:51:21","modified_gmt":"2021-10-25T15:51:21","slug":"profughi-non-girare-lo-sguardo-altrove","status":"publish","type":"post","link":"https:\/\/exaudi.org\/it\/profughi-non-girare-lo-sguardo-altrove\/","title":{"rendered":"Profughi, non girare lo sguardo altrove"},"content":{"rendered":"<p>Dopo quello del S. Padre, arriva anche l\u2019appello della Conferenza episcopale italiana perch\u00e9 venga affrontata in maniera efficace la crisi dei migranti e dei profughi. In una nota, \u201cla Presidenza della CEI fa proprie le parole pronunciate da Papa Francesco ieri, 24 ottobre, dopo la preghiera dell\u2019<a href=\"https:\/\/exaudi.wpengine.com\/it\/sento-le-grida-dei-migranti-nei-lager-in-libia\/\">Angelus<\/a>, e rivolge al Paese e all\u2019Unione europea un appello affinch\u00e9 siano posti in atto interventi efficaci, capaci di garantire il rispetto dei diritti umani e la tutela della persona.<\/p>\n<h4>Un dramma che non si pu\u00f2 ignorare<\/h4>\n<p>Accogliere, proteggere, promuovere e integrare \u2013 verbi indicati dal Papa \u2013 restano la bussola da seguire per affrontare la questione migratoria e trovare soluzioni adeguate a un dramma che continua a mietere vittime e infliggere sofferenze. Si tratta di una situazione che non pu\u00f2 essere pi\u00f9 ignorata. Per questo -continua la nota &#8211; la Presidenza, assicurando che la Chiesa italiana, alla luce dell&#8217;enciclica \u201cFratelli tutti\u201d, proseguir\u00e0 nella sua intensa\u00a0opera in favore degli ultimi, auspica che anche la Comunit\u00e0 internazionale si faccia carico dei bisogni dei migranti e dei profughi, perch\u00e9 nessuno sia pi\u00f9 costretto a fuggire dalla propria terra e a morire nei viaggi verso un futuro migliore. Solo ascoltando il grido degli ultimi si potr\u00e0 costruire un mondo pi\u00f9 solidale e giusto per tutti\u201d.<\/p>\n<h4>Verso l\u2019incontro di Firenze<\/h4>\n<p>\u201cIl Mediterraneo \u2013 conclude il comunicato &#8211; deve tornare ad essere culla di civilt\u00e0 e di dialogo, nello spirito della fratellanza gi\u00e0 incoraggiato nel secolo scorso da Giorgio La Pira, nel cui ricordo i Vescovi dei Paesi che si affacciano sul Mare Nostrum si ritroveranno \u2013 per iniziativa della CEI &#8211; a Firenze, dal 23 al 27 febbraio 2022, per riflettere sul tema della cittadinanza. In Libia, ha ricordato il Papa ieri, \u201cci sono dei veri e propri lager\u201d per i profughi. La sicurezza e la dignit\u00e0 della vita umana reclamano rispetto sempre e per tutti. La Presidenza CEI chiede di non volgere pi\u00f9 lo sguardo altrove e invita tutte le comunit\u00e0 cristiane a unirsi alla preghiera di Papa Francesco\u201d.<\/p>\n<h4>La preoccupazione di S. Egidio<\/h4>\n<p>Anche la Comunit\u00e0 di Sant\u2019Egidio si \u00e8 unita alla forte preoccupazione di papa Francesco per le condizioni di vita dei migranti bloccati nei campi di detenzione in Libia. &#8220;\u00c8 un dovere morale, ma anche di chi \u00e8 responsabile delle istituzioni, ricordarsi delle loro terribili sofferenze, come di quelle di tante altre persone, costrette ad abbandonare la propria terra. Occorre intervenire con urgenza per salvare &#8211; in modo adeguato, senza respingimenti &#8211; e per accogliere, perch\u00e9 il tempo passa ma la situazione non cambia, con gravi conseguenze per la vita di uomini, donne, tantissimi bambini&#8221; afferma una nota.<\/p>\n<h4>Corridoi umanitari<\/h4>\n<p>La Comunit\u00e0 chiede &#8220;di accelerare i processi di evacuazione&#8221; dai campi e di &#8220;favorire percorsi regolari di migrazione, come lo sono ormai da anni i corridoi umanitari&#8221;. Un&#8217;indicazione venuta anche dal Papa. &#8220;Francesco chiede giustamente di essere responsabili &#8211; affermano da S. Egidio &#8211; L\u2019Europa lo sia dimostrando di essere all\u2019altezza della situazione e mantenendo la promessa di cercare \u201csoluzioni comuni\u201d invece di invocare nuovi muri. Sant\u2019Egidio \u00e8 pronta ad accogliere migranti e profughi eventualmente evacuati dalla Libia, in Italia, in Francia e in Belgio.<\/p>\n","protected":false},"excerpt":{"rendered":"<p>La presidenza della Cei e S. Egidio si uniscono all\u2019appello del Papa per affrontare la crisi migratoria<\/p>\n","protected":false},"author":17,"featured_media":37746,"comment_status":"closed","ping_status":"closed","sticky":false,"template":"","format":"standard","meta":{"_acf_changed":false,"_crdt_document":"","inline_featured_image":false,"footnotes":""},"categories":[73,2157,297],"tags":[349,472,509,1463],"class_list":["post-37742","post","type-post","status-publish","format-standard","has-post-thumbnail","hentry","category-chiesa-e-mondo","category-top-ultime-notizie","category-ultime-notizie","tag-cei","tag-migranti","tag-profughi","tag-s-egidio"],"acf":[],"yoast_head":"<!-- This site is optimized with the Yoast SEO plugin v27.5 - https:\/\/yoast.com\/product\/yoast-seo-wordpress\/ -->\n<title>Profughi, non girare lo sguardo altrove &#8211; Exaudi<\/title>\n<meta name=\"description\" content=\"La presidenza della Cei e S. Egidio si uniscono all\u2019appello del Papa per affrontare la crisi di migranti e profughi e trovare soluzioni\" \/>\n<meta name=\"robots\" content=\"index, follow, max-snippet:-1, max-image-preview:large, max-video-preview:-1\" \/>\n<link rel=\"canonical\" href=\"https:\/\/exaudi.org\/it\/profughi-non-girare-lo-sguardo-altrove\/\" \/>\n<meta property=\"og:locale\" content=\"it_IT\" \/>\n<meta property=\"og:type\" content=\"article\" \/>\n<meta property=\"og:title\" content=\"Profughi, non girare lo sguardo altrove &#8211; Exaudi\" \/>\n<meta property=\"og:description\" content=\"La presidenza della Cei e S. Egidio si uniscono all\u2019appello del Papa per affrontare la crisi di migranti e profughi e trovare soluzioni\" \/>\n<meta property=\"og:url\" content=\"https:\/\/exaudi.org\/it\/profughi-non-girare-lo-sguardo-altrove\/\" \/>\n<meta property=\"og:site_name\" content=\"Exaudi\" \/>\n<meta property=\"article:publisher\" content=\"https:\/\/www.facebook.com\/ExaudiNews\" \/>\n<meta property=\"article:author\" content=\"https:\/\/www.facebook.com\/ExaudiNotizie\/\" \/>\n<meta property=\"article:published_time\" content=\"2021-10-25T15:51:21+00:00\" \/>\n<meta property=\"og:image\" content=\"https:\/\/exaudi.org\/wp-content\/uploads\/2021\/10\/migranti.jpeg\" \/>\n\t<meta property=\"og:image:width\" content=\"750\" \/>\n\t<meta property=\"og:image:height\" content=\"422\" \/>\n\t<meta property=\"og:image:type\" content=\"image\/jpeg\" \/>\n<meta name=\"author\" content=\"Exaudi Redazione\" \/>\n<meta name=\"twitter:card\" content=\"summary_large_image\" \/>\n<meta name=\"twitter:creator\" content=\"@Exaudi_Notizie\" \/>\n<meta name=\"twitter:site\" content=\"@Exaudi_News\" \/>\n<meta name=\"twitter:label1\" content=\"Scritto da\" \/>\n\t<meta name=\"twitter:data1\" content=\"Exaudi Redazione\" \/>\n\t<meta name=\"twitter:label2\" content=\"Tempo di lettura stimato\" \/>\n\t<meta name=\"twitter:data2\" content=\"3 minuti\" \/>\n<script type=\"application\/ld+json\" class=\"yoast-schema-graph\">{\"@context\":\"https:\\\/\\\/schema.org\",\"@graph\":[{\"@type\":\"Article\",\"@id\":\"https:\\\/\\\/exaudi.org\\\/it\\\/profughi-non-girare-lo-sguardo-altrove\\\/#article\",\"isPartOf\":{\"@id\":\"https:\\\/\\\/exaudi.org\\\/it\\\/profughi-non-girare-lo-sguardo-altrove\\\/\"},\"author\":{\"name\":\"Exaudi Redazione\",\"@id\":\"https:\\\/\\\/exaudi.org\\\/#\\\/schema\\\/person\\\/e1ab6ed07c01774724dd96f925f3a5f0\"},\"headline\":\"Profughi, non girare lo sguardo altrove\",\"datePublished\":\"2021-10-25T15:51:21+00:00\",\"mainEntityOfPage\":{\"@id\":\"https:\\\/\\\/exaudi.org\\\/it\\\/profughi-non-girare-lo-sguardo-altrove\\\/\"},\"wordCount\":526,\"image\":{\"@id\":\"https:\\\/\\\/exaudi.org\\\/it\\\/profughi-non-girare-lo-sguardo-altrove\\\/#primaryimage\"},\"thumbnailUrl\":\"https:\\\/\\\/exaudi.org\\\/wp-content\\\/uploads\\\/2021\\\/10\\\/migranti.jpeg\",\"keywords\":[\"Cei\",\"migranti\",\"profughi\",\"S. Egidio\"],\"articleSection\":[\"Chiesa e Mondo\",\"Top Ultime Notizie\",\"Ultime Notizie\"],\"inLanguage\":\"it-IT\"},{\"@type\":\"WebPage\",\"@id\":\"https:\\\/\\\/exaudi.org\\\/it\\\/profughi-non-girare-lo-sguardo-altrove\\\/\",\"url\":\"https:\\\/\\\/exaudi.org\\\/it\\\/profughi-non-girare-lo-sguardo-altrove\\\/\",\"name\":\"Profughi, non girare lo sguardo altrove &#8211; Exaudi\",\"isPartOf\":{\"@id\":\"https:\\\/\\\/exaudi.org\\\/#website\"},\"primaryImageOfPage\":{\"@id\":\"https:\\\/\\\/exaudi.org\\\/it\\\/profughi-non-girare-lo-sguardo-altrove\\\/#primaryimage\"},\"image\":{\"@id\":\"https:\\\/\\\/exaudi.org\\\/it\\\/profughi-non-girare-lo-sguardo-altrove\\\/#primaryimage\"},\"thumbnailUrl\":\"https:\\\/\\\/exaudi.org\\\/wp-content\\\/uploads\\\/2021\\\/10\\\/migranti.jpeg\",\"datePublished\":\"2021-10-25T15:51:21+00:00\",\"author\":{\"@id\":\"https:\\\/\\\/exaudi.org\\\/#\\\/schema\\\/person\\\/e1ab6ed07c01774724dd96f925f3a5f0\"},\"description\":\"La presidenza della Cei e S. Egidio si uniscono all\u2019appello del Papa per affrontare la crisi di migranti e profughi e trovare soluzioni\",\"breadcrumb\":{\"@id\":\"https:\\\/\\\/exaudi.org\\\/it\\\/profughi-non-girare-lo-sguardo-altrove\\\/#breadcrumb\"},\"inLanguage\":\"it-IT\",\"potentialAction\":[{\"@type\":\"ReadAction\",\"target\":[\"https:\\\/\\\/exaudi.org\\\/it\\\/profughi-non-girare-lo-sguardo-altrove\\\/\"]}]},{\"@type\":\"ImageObject\",\"inLanguage\":\"it-IT\",\"@id\":\"https:\\\/\\\/exaudi.org\\\/it\\\/profughi-non-girare-lo-sguardo-altrove\\\/#primaryimage\",\"url\":\"https:\\\/\\\/exaudi.org\\\/wp-content\\\/uploads\\\/2021\\\/10\\\/migranti.jpeg\",\"contentUrl\":\"https:\\\/\\\/exaudi.org\\\/wp-content\\\/uploads\\\/2021\\\/10\\\/migranti.jpeg\",\"width\":750,\"height\":422,\"caption\":\"(C) Vatican Media\"},{\"@type\":\"BreadcrumbList\",\"@id\":\"https:\\\/\\\/exaudi.org\\\/it\\\/profughi-non-girare-lo-sguardo-altrove\\\/#breadcrumb\",\"itemListElement\":[{\"@type\":\"ListItem\",\"position\":1,\"name\":\"Portada\",\"item\":\"https:\\\/\\\/exaudi.org\\\/it\\\/\"},{\"@type\":\"ListItem\",\"position\":2,\"name\":\"Profughi, non girare lo sguardo altrove\"}]},{\"@type\":\"WebSite\",\"@id\":\"https:\\\/\\\/exaudi.org\\\/#website\",\"url\":\"https:\\\/\\\/exaudi.org\\\/\",\"name\":\"Exaudi\",\"description\":\"News\",\"potentialAction\":[{\"@type\":\"SearchAction\",\"target\":{\"@type\":\"EntryPoint\",\"urlTemplate\":\"https:\\\/\\\/exaudi.org\\\/?s={search_term_string}\"},\"query-input\":{\"@type\":\"PropertyValueSpecification\",\"valueRequired\":true,\"valueName\":\"search_term_string\"}}],\"inLanguage\":\"it-IT\"},{\"@type\":\"Person\",\"@id\":\"https:\\\/\\\/exaudi.org\\\/#\\\/schema\\\/person\\\/e1ab6ed07c01774724dd96f925f3a5f0\",\"name\":\"Exaudi Redazione\",\"image\":{\"@type\":\"ImageObject\",\"inLanguage\":\"it-IT\",\"@id\":\"https:\\\/\\\/secure.gravatar.com\\\/avatar\\\/ad6774b3ada023bf5b939d64f45c94b3adf91502dd883507d469b4308a943bb3?s=96&d=mm&r=g\",\"url\":\"https:\\\/\\\/secure.gravatar.com\\\/avatar\\\/ad6774b3ada023bf5b939d64f45c94b3adf91502dd883507d469b4308a943bb3?s=96&d=mm&r=g\",\"contentUrl\":\"https:\\\/\\\/secure.gravatar.com\\\/avatar\\\/ad6774b3ada023bf5b939d64f45c94b3adf91502dd883507d469b4308a943bb3?s=96&d=mm&r=g\",\"caption\":\"Exaudi Redazione\"},\"description\":\"Che cosa \u00e8 Exaudi News? Exaudi News \u00e8 un agenzia cattolica internazionale che informa, istruisce e trasforma quotidianamente in spagnolo, inglese e italiano. Attraverso notizie, articoli di analisi e trasmissioni in diretta degli eventi del Papa, Exaudi cerca di rafforzare l'unit\u00e0 dei cristiani e di contribuire all'evangelizzazione del mondo, sempre guidato dalla dottrina sociale della Chiesa. Lavoriamo per portare la verit\u00e0 e i valori cristiani in ogni angolo del pianeta. Aiutaci a trasformare il mondo con Exaudi! Noi di Exaudi crediamo che l'evangelizzazione e l'informazione di qualit\u00e0 possano cambiare la vita. Per continuare la nostra missione ed espandere la nostra portata, abbiamo bisogno del tuo aiuto. Stiamo anche cercando persone motivate che vogliano unirsi al nostro team. Grazie al vostro sostegno raggiungeremo pi\u00f9 persone, diffonderemo il messaggio di Cristo e rafforzeremo l'unit\u00e0 dei cristiani. Vuoi unirti alla nostra missione? Per maggiori informazioni su come contribuire, visita Exaudi.org\\\/it o contattaci direttamente: info@exaudi.org Exaudi: informa, forma e trasforma.\",\"sameAs\":[\"https:\\\/\\\/www.facebook.com\\\/ExaudiNotizie\\\/\",\"https:\\\/\\\/www.instagram.com\\\/Exaudi_notizie\\\/\",\"https:\\\/\\\/x.com\\\/Exaudi_Notizie\",\"https:\\\/\\\/www.youtube.com\\\/@exaudicatholicnews\"],\"url\":\"https:\\\/\\\/exaudi.org\\\/it\\\/author\\\/dlvedi-org\\\/\"}]}<\/script>\n<!-- \/ Yoast SEO plugin. -->","yoast_head_json":{"title":"Profughi, non girare lo sguardo altrove &#8211; Exaudi","description":"La presidenza della Cei e S. Egidio si uniscono all\u2019appello del Papa per affrontare la crisi di migranti e profughi e trovare soluzioni","robots":{"index":"index","follow":"follow","max-snippet":"max-snippet:-1","max-image-preview":"max-image-preview:large","max-video-preview":"max-video-preview:-1"},"canonical":"https:\/\/exaudi.org\/it\/profughi-non-girare-lo-sguardo-altrove\/","og_locale":"it_IT","og_type":"article","og_title":"Profughi, non girare lo sguardo altrove &#8211; Exaudi","og_description":"La presidenza della Cei e S. Egidio si uniscono all\u2019appello del Papa per affrontare la crisi di migranti e profughi e trovare soluzioni","og_url":"https:\/\/exaudi.org\/it\/profughi-non-girare-lo-sguardo-altrove\/","og_site_name":"Exaudi","article_publisher":"https:\/\/www.facebook.com\/ExaudiNews","article_author":"https:\/\/www.facebook.com\/ExaudiNotizie\/","article_published_time":"2021-10-25T15:51:21+00:00","og_image":[{"width":750,"height":422,"url":"https:\/\/exaudi.org\/wp-content\/uploads\/2021\/10\/migranti.jpeg","type":"image\/jpeg"}],"author":"Exaudi Redazione","twitter_card":"summary_large_image","twitter_creator":"@Exaudi_Notizie","twitter_site":"@Exaudi_News","twitter_misc":{"Scritto da":"Exaudi Redazione","Tempo di lettura stimato":"3 minuti"},"schema":{"@context":"https:\/\/schema.org","@graph":[{"@type":"Article","@id":"https:\/\/exaudi.org\/it\/profughi-non-girare-lo-sguardo-altrove\/#article","isPartOf":{"@id":"https:\/\/exaudi.org\/it\/profughi-non-girare-lo-sguardo-altrove\/"},"author":{"name":"Exaudi Redazione","@id":"https:\/\/exaudi.org\/#\/schema\/person\/e1ab6ed07c01774724dd96f925f3a5f0"},"headline":"Profughi, non girare lo sguardo altrove","datePublished":"2021-10-25T15:51:21+00:00","mainEntityOfPage":{"@id":"https:\/\/exaudi.org\/it\/profughi-non-girare-lo-sguardo-altrove\/"},"wordCount":526,"image":{"@id":"https:\/\/exaudi.org\/it\/profughi-non-girare-lo-sguardo-altrove\/#primaryimage"},"thumbnailUrl":"https:\/\/exaudi.org\/wp-content\/uploads\/2021\/10\/migranti.jpeg","keywords":["Cei","migranti","profughi","S. Egidio"],"articleSection":["Chiesa e Mondo","Top Ultime Notizie","Ultime Notizie"],"inLanguage":"it-IT"},{"@type":"WebPage","@id":"https:\/\/exaudi.org\/it\/profughi-non-girare-lo-sguardo-altrove\/","url":"https:\/\/exaudi.org\/it\/profughi-non-girare-lo-sguardo-altrove\/","name":"Profughi, non girare lo sguardo altrove &#8211; Exaudi","isPartOf":{"@id":"https:\/\/exaudi.org\/#website"},"primaryImageOfPage":{"@id":"https:\/\/exaudi.org\/it\/profughi-non-girare-lo-sguardo-altrove\/#primaryimage"},"image":{"@id":"https:\/\/exaudi.org\/it\/profughi-non-girare-lo-sguardo-altrove\/#primaryimage"},"thumbnailUrl":"https:\/\/exaudi.org\/wp-content\/uploads\/2021\/10\/migranti.jpeg","datePublished":"2021-10-25T15:51:21+00:00","author":{"@id":"https:\/\/exaudi.org\/#\/schema\/person\/e1ab6ed07c01774724dd96f925f3a5f0"},"description":"La presidenza della Cei e S. Egidio si uniscono all\u2019appello del Papa per affrontare la crisi di migranti e profughi e trovare soluzioni","breadcrumb":{"@id":"https:\/\/exaudi.org\/it\/profughi-non-girare-lo-sguardo-altrove\/#breadcrumb"},"inLanguage":"it-IT","potentialAction":[{"@type":"ReadAction","target":["https:\/\/exaudi.org\/it\/profughi-non-girare-lo-sguardo-altrove\/"]}]},{"@type":"ImageObject","inLanguage":"it-IT","@id":"https:\/\/exaudi.org\/it\/profughi-non-girare-lo-sguardo-altrove\/#primaryimage","url":"https:\/\/exaudi.org\/wp-content\/uploads\/2021\/10\/migranti.jpeg","contentUrl":"https:\/\/exaudi.org\/wp-content\/uploads\/2021\/10\/migranti.jpeg","width":750,"height":422,"caption":"(C) Vatican Media"},{"@type":"BreadcrumbList","@id":"https:\/\/exaudi.org\/it\/profughi-non-girare-lo-sguardo-altrove\/#breadcrumb","itemListElement":[{"@type":"ListItem","position":1,"name":"Portada","item":"https:\/\/exaudi.org\/it\/"},{"@type":"ListItem","position":2,"name":"Profughi, non girare lo sguardo altrove"}]},{"@type":"WebSite","@id":"https:\/\/exaudi.org\/#website","url":"https:\/\/exaudi.org\/","name":"Exaudi","description":"News","potentialAction":[{"@type":"SearchAction","target":{"@type":"EntryPoint","urlTemplate":"https:\/\/exaudi.org\/?s={search_term_string}"},"query-input":{"@type":"PropertyValueSpecification","valueRequired":true,"valueName":"search_term_string"}}],"inLanguage":"it-IT"},{"@type":"Person","@id":"https:\/\/exaudi.org\/#\/schema\/person\/e1ab6ed07c01774724dd96f925f3a5f0","name":"Exaudi Redazione","image":{"@type":"ImageObject","inLanguage":"it-IT","@id":"https:\/\/secure.gravatar.com\/avatar\/ad6774b3ada023bf5b939d64f45c94b3adf91502dd883507d469b4308a943bb3?s=96&d=mm&r=g","url":"https:\/\/secure.gravatar.com\/avatar\/ad6774b3ada023bf5b939d64f45c94b3adf91502dd883507d469b4308a943bb3?s=96&d=mm&r=g","contentUrl":"https:\/\/secure.gravatar.com\/avatar\/ad6774b3ada023bf5b939d64f45c94b3adf91502dd883507d469b4308a943bb3?s=96&d=mm&r=g","caption":"Exaudi Redazione"},"description":"Che cosa \u00e8 Exaudi News? Exaudi News \u00e8 un agenzia cattolica internazionale che informa, istruisce e trasforma quotidianamente in spagnolo, inglese e italiano. Attraverso notizie, articoli di analisi e trasmissioni in diretta degli eventi del Papa, Exaudi cerca di rafforzare l'unit\u00e0 dei cristiani e di contribuire all'evangelizzazione del mondo, sempre guidato dalla dottrina sociale della Chiesa. Lavoriamo per portare la verit\u00e0 e i valori cristiani in ogni angolo del pianeta. Aiutaci a trasformare il mondo con Exaudi! Noi di Exaudi crediamo che l'evangelizzazione e l'informazione di qualit\u00e0 possano cambiare la vita. Per continuare la nostra missione ed espandere la nostra portata, abbiamo bisogno del tuo aiuto. Stiamo anche cercando persone motivate che vogliano unirsi al nostro team. Grazie al vostro sostegno raggiungeremo pi\u00f9 persone, diffonderemo il messaggio di Cristo e rafforzeremo l'unit\u00e0 dei cristiani. Vuoi unirti alla nostra missione? Per maggiori informazioni su come contribuire, visita Exaudi.org\/it o contattaci direttamente: info@exaudi.org Exaudi: informa, forma e trasforma.","sameAs":["https:\/\/www.facebook.com\/ExaudiNotizie\/","https:\/\/www.instagram.com\/Exaudi_notizie\/","https:\/\/x.com\/Exaudi_Notizie","https:\/\/www.youtube.com\/@exaudicatholicnews"],"url":"https:\/\/exaudi.org\/it\/author\/dlvedi-org\/"}]}},"jetpack_featured_media_url":"https:\/\/exaudi.org\/wp-content\/uploads\/2021\/10\/migranti.jpeg","jetpack_shortlink":"https:\/\/wp.me\/pgKjF2-9OK","_links":{"self":[{"href":"https:\/\/exaudi.org\/it\/wp-json\/wp\/v2\/posts\/37742","targetHints":{"allow":["GET"]}}],"collection":[{"href":"https:\/\/exaudi.org\/it\/wp-json\/wp\/v2\/posts"}],"about":[{"href":"https:\/\/exaudi.org\/it\/wp-json\/wp\/v2\/types\/post"}],"author":[{"embeddable":true,"href":"https:\/\/exaudi.org\/it\/wp-json\/wp\/v2\/users\/17"}],"replies":[{"embeddable":true,"href":"https:\/\/exaudi.org\/it\/wp-json\/wp\/v2\/comments?post=37742"}],"version-history":[{"count":0,"href":"https:\/\/exaudi.org\/it\/wp-json\/wp\/v2\/posts\/37742\/revisions"}],"wp:featuredmedia":[{"embeddable":true,"href":"https:\/\/exaudi.org\/it\/wp-json\/wp\/v2\/media\/37746"}],"wp:attachment":[{"href":"https:\/\/exaudi.org\/it\/wp-json\/wp\/v2\/media?parent=37742"}],"wp:term":[{"taxonomy":"category","embeddable":true,"href":"https:\/\/exaudi.org\/it\/wp-json\/wp\/v2\/categories?post=37742"},{"taxonomy":"post_tag","embeddable":true,"href":"https:\/\/exaudi.org\/it\/wp-json\/wp\/v2\/tags?post=37742"}],"curies":[{"name":"wp","href":"https:\/\/api.w.org\/{rel}","templated":true}]}}