{"id":37730,"date":"2021-10-25T17:30:59","date_gmt":"2021-10-25T15:30:59","guid":{"rendered":"https:\/\/exaudi.wpengine.com\/?p=37730"},"modified":"2021-10-25T17:30:59","modified_gmt":"2021-10-25T15:30:59","slug":"settimana-sociale-quattro-obiettivi-concreti","status":"publish","type":"post","link":"https:\/\/exaudi.org\/it\/settimana-sociale-quattro-obiettivi-concreti\/","title":{"rendered":"Settimana Sociale, quattro obiettivi concreti"},"content":{"rendered":"<p>Con la Messa celebrata dal Cardinale Gualtiero Bassetti, arcivescovo di Perugia-Citt\u00e0 della Pieve e presidente della CEI, si \u00e8 conclusa a <a href=\"https:\/\/www.settimanesociali.it\/\">Taranto<\/a> la 49\u00aa Settimana Sociale dei cattolici italiani. L&#8217;appuntamento ha riunito oltre 700 delegate e delegati provenienti da tutta Italia insieme ad un centinaio di Vescovi, sacerdoti e religiosi, laici, rappresentanti delle Istituzioni, del mondo della politica e della cultura per riflettere sul tema \u201cIl pianeta che speriamo. Ambiente, lavoro, futuro. #tutto\u00e8connesso\u201d.<\/p>\n<h4>Bassetti: l\u2019appello ai giovani<\/h4>\n<p>La Settimana Sociale di Taranto non \u00e8 stata \u201cun convegno, ma una piattaforma di partenza per dare speranza e avviare dei processi\u201d, ha ricordato il Cardinale Bassetti evidenziando quanto sia decisivo \u201cl\u2019apporto dei cattolici per affrontare le crisi\u201d e in particolare il contributo dei giovani che \u201cpossono aiutare il mondo a rimettere la fraternit\u00e0 al centro dell\u2019economia\u201d.<\/p>\n<p>E proprio ai giovani, che a Taranto hanno lanciato e firmato il Manifesto dell\u2019Alleanza, il presidente della CEI ha chiesto di \u201csognare e costruire, con l\u2019aiuto di Dio, una Chiesa gioiosa, perch\u00e9 umile e disinteressata; una Chiesa a contatto con gli uomini e le loro storie; una Chiesa che si rigenera nell\u2019ottica della carit\u00e0\u201d.<\/p>\n<h4>Santoro: conversione negli stili di vita<\/h4>\n<p>Da Taranto, infatti, riparte un impegno fattivo per coniugare ambiente, lavoro, sviluppo. A cominciare dalle \u201cbuone pratiche\u201d gi\u00e0 esistenti sui territori e con la volont\u00e0 di camminare insieme, nella consapevolezza che \u2013 come ha sottolineato Mons. Filippo Santoro, arcivescovo di Taranto e Presidente del Comitato scientifico e organizzatore \u2013 \u201cil cambiamento non avviene solo dall\u2019alto, ma \u00e8 fondamentale il concorso della nostra conversione negli stili di vita come singoli cittadini e come comunit\u00e0\u201d.<\/p>\n<h4>Quattro obiettivi concreti<\/h4>\n<p>Ecco allora che \u00e8 necessario: 1) costruire comunit\u00e0 energetiche; 2) diventare una societ\u00e0 carbon free e votare col portafoglio per premiare le aziende capaci di intrecciare valore economico, dignit\u00e0 del lavoro e sostenibilit\u00e0 ambientale; 3) promuovere e utilizzare prodotti caporalato free; 4) creare alleanze intergenerazionali e con la societ\u00e0 civile.<\/p>\n<p>\u201cSar\u00e0 nostro dovere \u2013 ha affermato Mons. Santoro &#8211; impegnarci perch\u00e9 le giuste istanze, le proposte, il manifesto dei giovani, trovino piena accoglienza e realizzazione: non abbiamo pi\u00f9 tempo! Abbiamo visto che possiamo realizzare il mondo diverso che abbiamo troppo a lungo solo immaginato mentre si perpetravano scelte di politica economica e sociale che hanno creato divari profondissimi tra gli uomini e oltraggiato la Terra\u201d.<\/p>\n<h4>Evento social<\/h4>\n<p>La 49\u00aa Settimana Sociale \u00e8 stata anche un evento social. Tutte le sessioni sono state trasmesse in streaming sui canali ufficiali della Cei. Circa 50 mila le visualizzazioni sulla pagina Facebook e 10 mila su YouTube; 125 mila i contatti sulla pagina Facebook delle Settimane Sociali e oltre 90 mila le visualizzazioni su Twitter.<\/p>\n","protected":false},"excerpt":{"rendered":"<p>Concluso l\u2019evento di Taranto con la messa celebrata dal presidente della Cei cardinale Bassetti<\/p>\n","protected":false},"author":17,"featured_media":37737,"comment_status":"closed","ping_status":"closed","sticky":false,"template":"","format":"standard","meta":{"_acf_changed":false,"_crdt_document":"","inline_featured_image":false,"footnotes":""},"categories":[85,297],"tags":[1327,479,349,481,2824],"class_list":["post-37730","post","type-post","status-publish","format-standard","has-post-thumbnail","hentry","category-chiese-locali","category-ultime-notizie","tag-ambiente","tag-bassetti","tag-cei","tag-settimane-sociali","tag-taranto"],"acf":[],"yoast_head":"<!-- This site is optimized with the Yoast SEO plugin v27.5 - https:\/\/yoast.com\/product\/yoast-seo-wordpress\/ -->\n<title>Settimana Sociale, quattro obiettivi concreti &#8211; Exaudi<\/title>\n<meta name=\"description\" content=\"Con la Messa celebrata dal cardinale Bassetti, presidente della Cei, si \u00e8 conclusa a Taranto la 49^ Settimana Sociale. Fissati gli obiettivi\" \/>\n<meta name=\"robots\" content=\"index, follow, max-snippet:-1, max-image-preview:large, max-video-preview:-1\" \/>\n<link rel=\"canonical\" href=\"https:\/\/exaudi.org\/it\/settimana-sociale-quattro-obiettivi-concreti\/\" \/>\n<meta property=\"og:locale\" content=\"it_IT\" \/>\n<meta property=\"og:type\" content=\"article\" \/>\n<meta property=\"og:title\" content=\"Settimana Sociale, quattro obiettivi concreti &#8211; Exaudi\" \/>\n<meta property=\"og:description\" content=\"Con la Messa celebrata dal cardinale Bassetti, presidente della Cei, si \u00e8 conclusa a Taranto la 49^ Settimana Sociale. Fissati gli obiettivi\" \/>\n<meta property=\"og:url\" content=\"https:\/\/exaudi.org\/it\/settimana-sociale-quattro-obiettivi-concreti\/\" \/>\n<meta property=\"og:site_name\" content=\"Exaudi\" \/>\n<meta property=\"article:publisher\" content=\"https:\/\/www.facebook.com\/ExaudiNews\" \/>\n<meta property=\"article:author\" content=\"https:\/\/www.facebook.com\/ExaudiNotizie\/\" \/>\n<meta property=\"article:published_time\" content=\"2021-10-25T15:30:59+00:00\" \/>\n<meta property=\"og:image\" content=\"https:\/\/exaudi.org\/wp-content\/uploads\/2021\/10\/cei.jpg\" \/>\n\t<meta property=\"og:image:width\" content=\"664\" \/>\n\t<meta property=\"og:image:height\" content=\"373\" \/>\n\t<meta property=\"og:image:type\" content=\"image\/jpeg\" \/>\n<meta name=\"author\" content=\"Exaudi Redazione\" \/>\n<meta name=\"twitter:card\" content=\"summary_large_image\" \/>\n<meta name=\"twitter:creator\" content=\"@Exaudi_Notizie\" \/>\n<meta name=\"twitter:site\" content=\"@Exaudi_News\" \/>\n<meta name=\"twitter:label1\" content=\"Scritto da\" \/>\n\t<meta name=\"twitter:data1\" content=\"Exaudi Redazione\" \/>\n\t<meta name=\"twitter:label2\" content=\"Tempo di lettura stimato\" \/>\n\t<meta name=\"twitter:data2\" content=\"2 minuti\" \/>\n<script type=\"application\/ld+json\" class=\"yoast-schema-graph\">{\"@context\":\"https:\\\/\\\/schema.org\",\"@graph\":[{\"@type\":\"Article\",\"@id\":\"https:\\\/\\\/exaudi.org\\\/it\\\/settimana-sociale-quattro-obiettivi-concreti\\\/#article\",\"isPartOf\":{\"@id\":\"https:\\\/\\\/exaudi.org\\\/it\\\/settimana-sociale-quattro-obiettivi-concreti\\\/\"},\"author\":{\"name\":\"Exaudi Redazione\",\"@id\":\"https:\\\/\\\/exaudi.org\\\/#\\\/schema\\\/person\\\/e1ab6ed07c01774724dd96f925f3a5f0\"},\"headline\":\"Settimana Sociale, quattro obiettivi concreti\",\"datePublished\":\"2021-10-25T15:30:59+00:00\",\"mainEntityOfPage\":{\"@id\":\"https:\\\/\\\/exaudi.org\\\/it\\\/settimana-sociale-quattro-obiettivi-concreti\\\/\"},\"wordCount\":436,\"image\":{\"@id\":\"https:\\\/\\\/exaudi.org\\\/it\\\/settimana-sociale-quattro-obiettivi-concreti\\\/#primaryimage\"},\"thumbnailUrl\":\"https:\\\/\\\/exaudi.org\\\/wp-content\\\/uploads\\\/2021\\\/10\\\/cei.jpg\",\"keywords\":[\"ambiente\",\"Bassetti\",\"Cei\",\"settimane sociali\",\"taranto\"],\"articleSection\":[\"Chiese locali\",\"Ultime Notizie\"],\"inLanguage\":\"it-IT\"},{\"@type\":\"WebPage\",\"@id\":\"https:\\\/\\\/exaudi.org\\\/it\\\/settimana-sociale-quattro-obiettivi-concreti\\\/\",\"url\":\"https:\\\/\\\/exaudi.org\\\/it\\\/settimana-sociale-quattro-obiettivi-concreti\\\/\",\"name\":\"Settimana Sociale, quattro obiettivi concreti &#8211; Exaudi\",\"isPartOf\":{\"@id\":\"https:\\\/\\\/exaudi.org\\\/#website\"},\"primaryImageOfPage\":{\"@id\":\"https:\\\/\\\/exaudi.org\\\/it\\\/settimana-sociale-quattro-obiettivi-concreti\\\/#primaryimage\"},\"image\":{\"@id\":\"https:\\\/\\\/exaudi.org\\\/it\\\/settimana-sociale-quattro-obiettivi-concreti\\\/#primaryimage\"},\"thumbnailUrl\":\"https:\\\/\\\/exaudi.org\\\/wp-content\\\/uploads\\\/2021\\\/10\\\/cei.jpg\",\"datePublished\":\"2021-10-25T15:30:59+00:00\",\"author\":{\"@id\":\"https:\\\/\\\/exaudi.org\\\/#\\\/schema\\\/person\\\/e1ab6ed07c01774724dd96f925f3a5f0\"},\"description\":\"Con la Messa celebrata dal cardinale Bassetti, presidente della Cei, si \u00e8 conclusa a Taranto la 49^ Settimana Sociale. Fissati gli obiettivi\",\"breadcrumb\":{\"@id\":\"https:\\\/\\\/exaudi.org\\\/it\\\/settimana-sociale-quattro-obiettivi-concreti\\\/#breadcrumb\"},\"inLanguage\":\"it-IT\",\"potentialAction\":[{\"@type\":\"ReadAction\",\"target\":[\"https:\\\/\\\/exaudi.org\\\/it\\\/settimana-sociale-quattro-obiettivi-concreti\\\/\"]}]},{\"@type\":\"ImageObject\",\"inLanguage\":\"it-IT\",\"@id\":\"https:\\\/\\\/exaudi.org\\\/it\\\/settimana-sociale-quattro-obiettivi-concreti\\\/#primaryimage\",\"url\":\"https:\\\/\\\/exaudi.org\\\/wp-content\\\/uploads\\\/2021\\\/10\\\/cei.jpg\",\"contentUrl\":\"https:\\\/\\\/exaudi.org\\\/wp-content\\\/uploads\\\/2021\\\/10\\\/cei.jpg\",\"width\":664,\"height\":373,\"caption\":\"La Messa conclusiva celebrata a Taranto (C) CEI\"},{\"@type\":\"BreadcrumbList\",\"@id\":\"https:\\\/\\\/exaudi.org\\\/it\\\/settimana-sociale-quattro-obiettivi-concreti\\\/#breadcrumb\",\"itemListElement\":[{\"@type\":\"ListItem\",\"position\":1,\"name\":\"Portada\",\"item\":\"https:\\\/\\\/exaudi.org\\\/it\\\/\"},{\"@type\":\"ListItem\",\"position\":2,\"name\":\"Settimana Sociale, quattro obiettivi concreti\"}]},{\"@type\":\"WebSite\",\"@id\":\"https:\\\/\\\/exaudi.org\\\/#website\",\"url\":\"https:\\\/\\\/exaudi.org\\\/\",\"name\":\"Exaudi\",\"description\":\"News\",\"potentialAction\":[{\"@type\":\"SearchAction\",\"target\":{\"@type\":\"EntryPoint\",\"urlTemplate\":\"https:\\\/\\\/exaudi.org\\\/?s={search_term_string}\"},\"query-input\":{\"@type\":\"PropertyValueSpecification\",\"valueRequired\":true,\"valueName\":\"search_term_string\"}}],\"inLanguage\":\"it-IT\"},{\"@type\":\"Person\",\"@id\":\"https:\\\/\\\/exaudi.org\\\/#\\\/schema\\\/person\\\/e1ab6ed07c01774724dd96f925f3a5f0\",\"name\":\"Exaudi Redazione\",\"image\":{\"@type\":\"ImageObject\",\"inLanguage\":\"it-IT\",\"@id\":\"https:\\\/\\\/secure.gravatar.com\\\/avatar\\\/ad6774b3ada023bf5b939d64f45c94b3adf91502dd883507d469b4308a943bb3?s=96&d=mm&r=g\",\"url\":\"https:\\\/\\\/secure.gravatar.com\\\/avatar\\\/ad6774b3ada023bf5b939d64f45c94b3adf91502dd883507d469b4308a943bb3?s=96&d=mm&r=g\",\"contentUrl\":\"https:\\\/\\\/secure.gravatar.com\\\/avatar\\\/ad6774b3ada023bf5b939d64f45c94b3adf91502dd883507d469b4308a943bb3?s=96&d=mm&r=g\",\"caption\":\"Exaudi Redazione\"},\"description\":\"Che cosa \u00e8 Exaudi News? Exaudi News \u00e8 un agenzia cattolica internazionale che informa, istruisce e trasforma quotidianamente in spagnolo, inglese e italiano. Attraverso notizie, articoli di analisi e trasmissioni in diretta degli eventi del Papa, Exaudi cerca di rafforzare l'unit\u00e0 dei cristiani e di contribuire all'evangelizzazione del mondo, sempre guidato dalla dottrina sociale della Chiesa. Lavoriamo per portare la verit\u00e0 e i valori cristiani in ogni angolo del pianeta. Aiutaci a trasformare il mondo con Exaudi! Noi di Exaudi crediamo che l'evangelizzazione e l'informazione di qualit\u00e0 possano cambiare la vita. Per continuare la nostra missione ed espandere la nostra portata, abbiamo bisogno del tuo aiuto. Stiamo anche cercando persone motivate che vogliano unirsi al nostro team. Grazie al vostro sostegno raggiungeremo pi\u00f9 persone, diffonderemo il messaggio di Cristo e rafforzeremo l'unit\u00e0 dei cristiani. Vuoi unirti alla nostra missione? Per maggiori informazioni su come contribuire, visita Exaudi.org\\\/it o contattaci direttamente: info@exaudi.org Exaudi: informa, forma e trasforma.\",\"sameAs\":[\"https:\\\/\\\/www.facebook.com\\\/ExaudiNotizie\\\/\",\"https:\\\/\\\/www.instagram.com\\\/Exaudi_notizie\\\/\",\"https:\\\/\\\/x.com\\\/Exaudi_Notizie\",\"https:\\\/\\\/www.youtube.com\\\/@exaudicatholicnews\"],\"url\":\"https:\\\/\\\/exaudi.org\\\/it\\\/author\\\/dlvedi-org\\\/\"}]}<\/script>\n<!-- \/ Yoast SEO plugin. -->","yoast_head_json":{"title":"Settimana Sociale, quattro obiettivi concreti &#8211; Exaudi","description":"Con la Messa celebrata dal cardinale Bassetti, presidente della Cei, si \u00e8 conclusa a Taranto la 49^ Settimana Sociale. Fissati gli obiettivi","robots":{"index":"index","follow":"follow","max-snippet":"max-snippet:-1","max-image-preview":"max-image-preview:large","max-video-preview":"max-video-preview:-1"},"canonical":"https:\/\/exaudi.org\/it\/settimana-sociale-quattro-obiettivi-concreti\/","og_locale":"it_IT","og_type":"article","og_title":"Settimana Sociale, quattro obiettivi concreti &#8211; Exaudi","og_description":"Con la Messa celebrata dal cardinale Bassetti, presidente della Cei, si \u00e8 conclusa a Taranto la 49^ Settimana Sociale. Fissati gli obiettivi","og_url":"https:\/\/exaudi.org\/it\/settimana-sociale-quattro-obiettivi-concreti\/","og_site_name":"Exaudi","article_publisher":"https:\/\/www.facebook.com\/ExaudiNews","article_author":"https:\/\/www.facebook.com\/ExaudiNotizie\/","article_published_time":"2021-10-25T15:30:59+00:00","og_image":[{"width":664,"height":373,"url":"https:\/\/exaudi.org\/wp-content\/uploads\/2021\/10\/cei.jpg","type":"image\/jpeg"}],"author":"Exaudi Redazione","twitter_card":"summary_large_image","twitter_creator":"@Exaudi_Notizie","twitter_site":"@Exaudi_News","twitter_misc":{"Scritto da":"Exaudi Redazione","Tempo di lettura stimato":"2 minuti"},"schema":{"@context":"https:\/\/schema.org","@graph":[{"@type":"Article","@id":"https:\/\/exaudi.org\/it\/settimana-sociale-quattro-obiettivi-concreti\/#article","isPartOf":{"@id":"https:\/\/exaudi.org\/it\/settimana-sociale-quattro-obiettivi-concreti\/"},"author":{"name":"Exaudi Redazione","@id":"https:\/\/exaudi.org\/#\/schema\/person\/e1ab6ed07c01774724dd96f925f3a5f0"},"headline":"Settimana Sociale, quattro obiettivi concreti","datePublished":"2021-10-25T15:30:59+00:00","mainEntityOfPage":{"@id":"https:\/\/exaudi.org\/it\/settimana-sociale-quattro-obiettivi-concreti\/"},"wordCount":436,"image":{"@id":"https:\/\/exaudi.org\/it\/settimana-sociale-quattro-obiettivi-concreti\/#primaryimage"},"thumbnailUrl":"https:\/\/exaudi.org\/wp-content\/uploads\/2021\/10\/cei.jpg","keywords":["ambiente","Bassetti","Cei","settimane sociali","taranto"],"articleSection":["Chiese locali","Ultime Notizie"],"inLanguage":"it-IT"},{"@type":"WebPage","@id":"https:\/\/exaudi.org\/it\/settimana-sociale-quattro-obiettivi-concreti\/","url":"https:\/\/exaudi.org\/it\/settimana-sociale-quattro-obiettivi-concreti\/","name":"Settimana Sociale, quattro obiettivi concreti &#8211; Exaudi","isPartOf":{"@id":"https:\/\/exaudi.org\/#website"},"primaryImageOfPage":{"@id":"https:\/\/exaudi.org\/it\/settimana-sociale-quattro-obiettivi-concreti\/#primaryimage"},"image":{"@id":"https:\/\/exaudi.org\/it\/settimana-sociale-quattro-obiettivi-concreti\/#primaryimage"},"thumbnailUrl":"https:\/\/exaudi.org\/wp-content\/uploads\/2021\/10\/cei.jpg","datePublished":"2021-10-25T15:30:59+00:00","author":{"@id":"https:\/\/exaudi.org\/#\/schema\/person\/e1ab6ed07c01774724dd96f925f3a5f0"},"description":"Con la Messa celebrata dal cardinale Bassetti, presidente della Cei, si \u00e8 conclusa a Taranto la 49^ Settimana Sociale. Fissati gli obiettivi","breadcrumb":{"@id":"https:\/\/exaudi.org\/it\/settimana-sociale-quattro-obiettivi-concreti\/#breadcrumb"},"inLanguage":"it-IT","potentialAction":[{"@type":"ReadAction","target":["https:\/\/exaudi.org\/it\/settimana-sociale-quattro-obiettivi-concreti\/"]}]},{"@type":"ImageObject","inLanguage":"it-IT","@id":"https:\/\/exaudi.org\/it\/settimana-sociale-quattro-obiettivi-concreti\/#primaryimage","url":"https:\/\/exaudi.org\/wp-content\/uploads\/2021\/10\/cei.jpg","contentUrl":"https:\/\/exaudi.org\/wp-content\/uploads\/2021\/10\/cei.jpg","width":664,"height":373,"caption":"La Messa conclusiva celebrata a Taranto (C) CEI"},{"@type":"BreadcrumbList","@id":"https:\/\/exaudi.org\/it\/settimana-sociale-quattro-obiettivi-concreti\/#breadcrumb","itemListElement":[{"@type":"ListItem","position":1,"name":"Portada","item":"https:\/\/exaudi.org\/it\/"},{"@type":"ListItem","position":2,"name":"Settimana Sociale, quattro obiettivi concreti"}]},{"@type":"WebSite","@id":"https:\/\/exaudi.org\/#website","url":"https:\/\/exaudi.org\/","name":"Exaudi","description":"News","potentialAction":[{"@type":"SearchAction","target":{"@type":"EntryPoint","urlTemplate":"https:\/\/exaudi.org\/?s={search_term_string}"},"query-input":{"@type":"PropertyValueSpecification","valueRequired":true,"valueName":"search_term_string"}}],"inLanguage":"it-IT"},{"@type":"Person","@id":"https:\/\/exaudi.org\/#\/schema\/person\/e1ab6ed07c01774724dd96f925f3a5f0","name":"Exaudi Redazione","image":{"@type":"ImageObject","inLanguage":"it-IT","@id":"https:\/\/secure.gravatar.com\/avatar\/ad6774b3ada023bf5b939d64f45c94b3adf91502dd883507d469b4308a943bb3?s=96&d=mm&r=g","url":"https:\/\/secure.gravatar.com\/avatar\/ad6774b3ada023bf5b939d64f45c94b3adf91502dd883507d469b4308a943bb3?s=96&d=mm&r=g","contentUrl":"https:\/\/secure.gravatar.com\/avatar\/ad6774b3ada023bf5b939d64f45c94b3adf91502dd883507d469b4308a943bb3?s=96&d=mm&r=g","caption":"Exaudi Redazione"},"description":"Che cosa \u00e8 Exaudi News? Exaudi News \u00e8 un agenzia cattolica internazionale che informa, istruisce e trasforma quotidianamente in spagnolo, inglese e italiano. Attraverso notizie, articoli di analisi e trasmissioni in diretta degli eventi del Papa, Exaudi cerca di rafforzare l'unit\u00e0 dei cristiani e di contribuire all'evangelizzazione del mondo, sempre guidato dalla dottrina sociale della Chiesa. Lavoriamo per portare la verit\u00e0 e i valori cristiani in ogni angolo del pianeta. Aiutaci a trasformare il mondo con Exaudi! Noi di Exaudi crediamo che l'evangelizzazione e l'informazione di qualit\u00e0 possano cambiare la vita. Per continuare la nostra missione ed espandere la nostra portata, abbiamo bisogno del tuo aiuto. Stiamo anche cercando persone motivate che vogliano unirsi al nostro team. Grazie al vostro sostegno raggiungeremo pi\u00f9 persone, diffonderemo il messaggio di Cristo e rafforzeremo l'unit\u00e0 dei cristiani. Vuoi unirti alla nostra missione? Per maggiori informazioni su come contribuire, visita Exaudi.org\/it o contattaci direttamente: info@exaudi.org Exaudi: informa, forma e trasforma.","sameAs":["https:\/\/www.facebook.com\/ExaudiNotizie\/","https:\/\/www.instagram.com\/Exaudi_notizie\/","https:\/\/x.com\/Exaudi_Notizie","https:\/\/www.youtube.com\/@exaudicatholicnews"],"url":"https:\/\/exaudi.org\/it\/author\/dlvedi-org\/"}]}},"jetpack_featured_media_url":"https:\/\/exaudi.org\/wp-content\/uploads\/2021\/10\/cei.jpg","jetpack_shortlink":"https:\/\/wp.me\/pgKjF2-9Oy","_links":{"self":[{"href":"https:\/\/exaudi.org\/it\/wp-json\/wp\/v2\/posts\/37730","targetHints":{"allow":["GET"]}}],"collection":[{"href":"https:\/\/exaudi.org\/it\/wp-json\/wp\/v2\/posts"}],"about":[{"href":"https:\/\/exaudi.org\/it\/wp-json\/wp\/v2\/types\/post"}],"author":[{"embeddable":true,"href":"https:\/\/exaudi.org\/it\/wp-json\/wp\/v2\/users\/17"}],"replies":[{"embeddable":true,"href":"https:\/\/exaudi.org\/it\/wp-json\/wp\/v2\/comments?post=37730"}],"version-history":[{"count":0,"href":"https:\/\/exaudi.org\/it\/wp-json\/wp\/v2\/posts\/37730\/revisions"}],"wp:featuredmedia":[{"embeddable":true,"href":"https:\/\/exaudi.org\/it\/wp-json\/wp\/v2\/media\/37737"}],"wp:attachment":[{"href":"https:\/\/exaudi.org\/it\/wp-json\/wp\/v2\/media?parent=37730"}],"wp:term":[{"taxonomy":"category","embeddable":true,"href":"https:\/\/exaudi.org\/it\/wp-json\/wp\/v2\/categories?post=37730"},{"taxonomy":"post_tag","embeddable":true,"href":"https:\/\/exaudi.org\/it\/wp-json\/wp\/v2\/tags?post=37730"}],"curies":[{"name":"wp","href":"https:\/\/api.w.org\/{rel}","templated":true}]}}