{"id":37359,"date":"2021-10-21T17:38:06","date_gmt":"2021-10-21T15:38:06","guid":{"rendered":"https:\/\/exaudi.wpengine.com\/?p=37359"},"modified":"2021-10-21T17:38:06","modified_gmt":"2021-10-21T15:38:06","slug":"settimana-sociale-i-tre-cartelli-proposti-dal-papa","status":"publish","type":"post","link":"https:\/\/exaudi.org\/it\/settimana-sociale-i-tre-cartelli-proposti-dal-papa\/","title":{"rendered":"Settimana Sociale, i tre \u201ccartelli\u201d proposti dal Papa"},"content":{"rendered":"<p>Per uscire dalla crisi generata dalla pandemia, \u201c\u00e8 richiesto un di pi\u00f9 di coraggio anche ai cattolici italiani. Non possiamo rassegnarci e stare alla finestra a guardare, non possiamo restare indifferenti o apatici senza assumerci la responsabilit\u00e0 verso gli altri e verso la societ\u00e0\u201d. Lo ha detto Papa Francesco nel suo messaggio ai partecipanti alla 49a Settimana Sociale dei Cattolici Italiani, <a href=\"https:\/\/exaudi.wpengine.com\/it\/ambiente-e-lavoro-i-temi-della-settimana-sociale\/\">iniziata oggi a Taranto<\/a>. Ecco il discorso del S. Padre, che ha fornito tre riflessioni paragonandole ad altrettanti cartelli stradali.<\/p>\n<p>Cari fratelli e sorelle, saluto cordialmente tutti voi che partecipate alla 49a Settimana Sociale dei Cattolici Italiani, convocata a Taranto. Rivolgo il mio saluto fraterno al Cardinale Gualtiero Bassetti, Presidente della Conferenza Episcopale Italiana, all\u2019Arcivescovo Filippo Santoro e ai Vescovi presenti, ai membri del Comitato Scientifico e Organizzatore, ai delegati delle diocesi italiane, ai rappresentanti dei movimenti e delle associazioni, a tutti gli invitati e a quanti seguono l\u2019evento a distanza. Questo appuntamento ha un sapore speciale. Si avverte il bisogno di incontrarsi e di vedersi in volto, di sorridere e di progettare, di pregare e sognare insieme.<\/p>\n<h4>Non restare alla finestra<\/h4>\n<p>Ci\u00f2 \u00e8 tanto pi\u00f9 necessario nel contesto della crisi generata dal Covid, crisi insieme sanitaria e sociale. Per uscirne \u00e8 richiesto un di pi\u00f9 di coraggio anche ai cattolici italiani. Non possiamo rassegnarci e stare alla finestra a guardare, non possiamo restare indifferenti o apatici senza assumerci la responsabilit\u00e0 verso gli altri e verso la societ\u00e0. Siamo chiamati a essere lievito che fa fermentare la pasta. La pandemia ha scoperchiato l\u2019illusione del nostro tempo di poterci pensare onnipotenti, calpestando i territori che abitiamo e l\u2019ambiente in cui viviamo. Per rialzarci dobbiamo convertirci a Dio e imparare il buon uso dei suoi doni, primo fra tutti il creato.<\/p>\n<h4>Conversione<\/h4>\n<p>Non manchi il coraggio della conversione ecologica, ma non manchi soprattutto l\u2019ardore della conversione comunitaria. Per questo, auspico che la Settimana Sociale rappresenti un\u2019esperienza sinodale, una condivisione piena di vocazioni e talenti che lo Spirito ha suscitato in Italia. Perch\u00e9 ci\u00f2 accada, occorre anche ascoltare le sofferenze dei poveri, degli ultimi, dei disperati, delle famiglie stanche di vivere in luoghi inquinati, sfruttati, bruciati, devastati dalla corruzione e dal degrado.<\/p>\n<p>Abbiamo bisogno di speranza. \u00c8 significativo il titolo scelto per questa Settimana Sociale a Taranto, citt\u00e0 simbolo delle speranze e delle contraddizioni del nostro tempo: \u00abIl pianeta che speriamo. Ambiente, lavoro, futuro. Tutto \u00e8 connesso\u00bb. C\u2019\u00e8 un desiderio di vita, una sete di giustizia, un anelito di pienezza che sgorga dalle comunit\u00e0 colpite dalla pandemia. Ascoltiamolo. \u00c8 in questo senso che vorrei offrirvi alcune riflessioni che possano aiutarvi a camminare con audacia sulla strada della speranza, che possiamo immaginare contrassegnata da tre \u201ccartelli\u201d.<\/p>\n<h4>Attenzione agli attraversamenti<\/h4>\n<p>Il primo \u00e8 l\u2019attenzione agli attraversamenti. Troppe persone incrociano le nostre esistenze mentre si trovano nella disperazione: giovani costretti a lasciare i loro Paesi di origine per emigrare altrove, disoccupati o sfruttati in un infinito precariato. Donne che hanno perso il lavoro in periodo di pandemia o sono costrette a scegliere tra maternit\u00e0 e professione. Lavoratori lasciati a casa senza opportunit\u00e0. Poveri e migranti non accolti e non integrati. Anziani abbandonati alla loro solitudine. Famiglie vittime dell\u2019usura, del gioco d\u2019azzardo e della corruzione. Imprenditori in difficolt\u00e0 e soggetti ai soprusi delle mafie. Comunit\u00e0 distrutte dai roghi\u2026 Ma vi sono anche tante persone ammalate, adulti e bambini, operai costretti a lavori usuranti o immorali, spesso in condizioni di sicurezza precarie.<\/p>\n<p>Sono volti e storie che ci interpellano: non possiamo rimanere nell\u2019indifferenza. Questi nostri fratelli e sorelle sono crocifissi che attendono la risurrezione. La fantasia dello Spirito ci aiuti a non lasciare nulla di intentato perch\u00e9 le loro legittime speranze si realizzino.<\/p>\n<h4>Divieto di sosta<\/h4>\n<p>Un secondo cartello segnala il divieto di sosta. Quando assistiamo a diocesi, parrocchie, comunit\u00e0, associazioni, movimenti, gruppi ecclesiali stanchi e sfiduciati, talvolta rassegnati di fronte a situazioni complesse, vediamo un Vangelo che tende ad affievolirsi. Al contrario, l\u2019amore di Dio non \u00e8 mai statico e rinunciatario, \u00abtutto crede, tutto spera\u00bb: ci sospinge e ci vieta di fermarci. Ci mette in moto come credenti e discepoli di Ges\u00f9 in cammino per le strade del mondo, sull\u2019esempio di Colui che \u00e8 la via e ha percorso le nostre strade. Non sostiamo dunque nelle sacrestie, non formiamo gruppi elitari che si isolano e si chiudono.<\/p>\n<p>La speranza \u00e8 sempre in cammino e passa anche attraverso comunit\u00e0 cristiane figlie della risurrezione che escono, annunciano, condividono, sopportano e lottano per costruire il Regno di Dio. Quanto sarebbe bello che nei territori maggiormente segnati dall\u2019inquinamento e dal degrado i cristiani non si limitino a denunciare, ma assumano la responsabilit\u00e0 di creare reti di riscatto. Come scrivevo nell\u2019Enciclica Laudato si\u2019, \u00abnon basta conciliare, in una via di mezzo, la cura per la natura con la rendita finanziaria, o la conservazione dell\u2019ambiente con il progresso. Su questo tema le vie di mezzo sono solo un piccolo ritardo nel disastro. Si tratta di ridefinire il progresso. Uno sviluppo tecnologico ed economico che non lascia un mondo migliore e una qualit\u00e0 di vita integralmente superiore non pu\u00f2 considerarsi progresso\u00bb.<\/p>\n<p>Talvolta prevalgono la paura e il silenzio, che finiscono per favorire l\u2019agire dei lupi del malaffare e dell\u2019interesse individuale. Non abbiamo paura di denunciare e contrastare l\u2019illegalit\u00e0, ma non abbiamo timore soprattutto di seminare il bene!<\/p>\n<h4>Obbligo di svolta<\/h4>\n<p>Un terzo cartello stradale \u00e8 l\u2019obbligo di svolta. Lo invocano il grido dei poveri e quello della Terra. \u00abLa speranza ci invita a riconoscere che possiamo sempre cambiare rotta, che possiamo sempre fare qualcosa per risolvere i problemi\u00bb. Il Vescovo Tonino Bello, profeta in terra di Puglia, amava ripetere: \u00abNon possiamo limitarci a sperare. Dobbiamo organizzare la speranza!\u00bb. Ci attende una profonda conversione che tocchi, prima ancora dell\u2019ecologia ambientale, quella umana, l\u2019ecologia del cuore. La svolta verr\u00e0 solo se sapremo formare le coscienze a non cercare soluzioni facili a tutela di chi \u00e8 gi\u00e0 garantito, ma a proporre processi di cambiamento duraturi, a beneficio delle giovani generazioni.<\/p>\n<p>Tale conversione, volta a un\u2019ecologia sociale, pu\u00f2 alimentare questo tempo che \u00e8 stato definito \u201cdi transizione ecologica\u201d, dove le scelte da compiere non possono essere solo frutto di nuove scoperte tecnologiche, ma anche di rinnovati modelli sociali. Il cambiamento d\u2019epoca che stiamo attraversando esige un obbligo di svolta. Guardiamo, in questo senso, a tanti segni di speranza, a molte persone che desidero ringraziare perch\u00e9, spesso nel nascondimento operoso, si stanno impegnando a promuovere un modello economico diverso, pi\u00f9 equo e attento alle persone.<\/p>\n<p>Ecco, dunque, il pianeta che speriamo: quello dove la cultura del dialogo e della pace fecondino un giorno nuovo, dove il lavoro conferisca dignit\u00e0 alla persona e custodisca il creato, dove mondi culturalmente distanti convergano, animati dalla comune preoccupazione per il bene comune. Cari fratelli e sorelle, accompagno i vostri lavori con la preghiera e con l\u2019incoraggiamento. Vi benedico, augurandovi di incarnare con passione e concretezza le proposte di questi giorni. Il Signore vi colmi di speranza. E non dimenticatevi, per favore, di pregare per me.<\/p>\n<p>Anche il Presidente della Repubblica Sergio Mattarella ha inviato un <a href=\"https:\/\/www.settimanesociali.it\/il-messaggio-del-presidente-della-repubblica-sergio-mattarella\/\">messaggio<\/a> ai partecipanti alla Settimana Sociale di Taranto.<\/p>\n","protected":false},"excerpt":{"rendered":"<p>Appello a non restare indifferenti, a denunciare l\u2019illegalit\u00e0, a una conversione verso un\u2019ecologia sociale che tocchi il cuore<\/p>\n","protected":false},"author":17,"featured_media":37360,"comment_status":"closed","ping_status":"closed","sticky":false,"template":"","format":"standard","meta":{"_acf_changed":false,"_crdt_document":"","inline_featured_image":false,"footnotes":""},"categories":[73,2157,297],"tags":[349,2484,2822],"class_list":["post-37359","post","type-post","status-publish","format-standard","has-post-thumbnail","hentry","category-chiesa-e-mondo","category-top-ultime-notizie","category-ultime-notizie","tag-cei","tag-chiesa-italiana","tag-settimana-sociale"],"acf":[],"yoast_head":"<!-- This site is optimized with the Yoast SEO plugin v27.5 - https:\/\/yoast.com\/product\/yoast-seo-wordpress\/ -->\n<title>Settimana Sociale, i tre \u201ccartelli\u201d proposti dal Papa &#8211; Exaudi<\/title>\n<meta name=\"description\" content=\"Non restare indifferenti, denunciare l\u2019illegalit\u00e0, conversione verso un\u2019ecologia sociale: il messaggio del Papa alla Settimana Sociale\" \/>\n<meta name=\"robots\" content=\"index, follow, max-snippet:-1, max-image-preview:large, max-video-preview:-1\" \/>\n<link rel=\"canonical\" href=\"https:\/\/exaudi.org\/it\/settimana-sociale-i-tre-cartelli-proposti-dal-papa\/\" \/>\n<meta property=\"og:locale\" content=\"it_IT\" \/>\n<meta property=\"og:type\" content=\"article\" \/>\n<meta property=\"og:title\" content=\"Settimana Sociale, i tre \u201ccartelli\u201d proposti dal Papa &#8211; Exaudi\" \/>\n<meta property=\"og:description\" content=\"Non restare indifferenti, denunciare l\u2019illegalit\u00e0, conversione verso un\u2019ecologia sociale: il messaggio del Papa alla Settimana Sociale\" \/>\n<meta property=\"og:url\" content=\"https:\/\/exaudi.org\/it\/settimana-sociale-i-tre-cartelli-proposti-dal-papa\/\" \/>\n<meta property=\"og:site_name\" content=\"Exaudi\" \/>\n<meta property=\"article:publisher\" content=\"https:\/\/www.facebook.com\/ExaudiNews\" \/>\n<meta property=\"article:author\" content=\"https:\/\/www.facebook.com\/ExaudiNotizie\/\" \/>\n<meta property=\"article:published_time\" content=\"2021-10-21T15:38:06+00:00\" \/>\n<meta property=\"og:image\" content=\"https:\/\/exaudi.org\/wp-content\/uploads\/2021\/10\/Logo_sito.jpg\" \/>\n\t<meta property=\"og:image:width\" content=\"888\" \/>\n\t<meta property=\"og:image:height\" content=\"573\" \/>\n\t<meta property=\"og:image:type\" content=\"image\/jpeg\" \/>\n<meta name=\"author\" content=\"Exaudi Redazione\" \/>\n<meta name=\"twitter:card\" content=\"summary_large_image\" \/>\n<meta name=\"twitter:creator\" content=\"@Exaudi_Notizie\" \/>\n<meta name=\"twitter:site\" content=\"@Exaudi_News\" \/>\n<meta name=\"twitter:label1\" content=\"Scritto da\" \/>\n\t<meta name=\"twitter:data1\" content=\"Exaudi Redazione\" \/>\n\t<meta name=\"twitter:label2\" content=\"Tempo di lettura stimato\" \/>\n\t<meta name=\"twitter:data2\" content=\"6 minuti\" \/>\n<script type=\"application\/ld+json\" class=\"yoast-schema-graph\">{\"@context\":\"https:\\\/\\\/schema.org\",\"@graph\":[{\"@type\":\"Article\",\"@id\":\"https:\\\/\\\/exaudi.org\\\/it\\\/settimana-sociale-i-tre-cartelli-proposti-dal-papa\\\/#article\",\"isPartOf\":{\"@id\":\"https:\\\/\\\/exaudi.org\\\/it\\\/settimana-sociale-i-tre-cartelli-proposti-dal-papa\\\/\"},\"author\":{\"name\":\"Exaudi Redazione\",\"@id\":\"https:\\\/\\\/exaudi.org\\\/#\\\/schema\\\/person\\\/e1ab6ed07c01774724dd96f925f3a5f0\"},\"headline\":\"Settimana Sociale, i tre \u201ccartelli\u201d proposti dal Papa\",\"datePublished\":\"2021-10-21T15:38:06+00:00\",\"mainEntityOfPage\":{\"@id\":\"https:\\\/\\\/exaudi.org\\\/it\\\/settimana-sociale-i-tre-cartelli-proposti-dal-papa\\\/\"},\"wordCount\":1190,\"image\":{\"@id\":\"https:\\\/\\\/exaudi.org\\\/it\\\/settimana-sociale-i-tre-cartelli-proposti-dal-papa\\\/#primaryimage\"},\"thumbnailUrl\":\"https:\\\/\\\/exaudi.org\\\/wp-content\\\/uploads\\\/2021\\\/10\\\/Logo_sito.jpg\",\"keywords\":[\"Cei\",\"Chiesa italiana\",\"settimana sociale\"],\"articleSection\":[\"Chiesa e Mondo\",\"Top Ultime Notizie\",\"Ultime Notizie\"],\"inLanguage\":\"it-IT\"},{\"@type\":\"WebPage\",\"@id\":\"https:\\\/\\\/exaudi.org\\\/it\\\/settimana-sociale-i-tre-cartelli-proposti-dal-papa\\\/\",\"url\":\"https:\\\/\\\/exaudi.org\\\/it\\\/settimana-sociale-i-tre-cartelli-proposti-dal-papa\\\/\",\"name\":\"Settimana Sociale, i tre \u201ccartelli\u201d proposti dal Papa &#8211; Exaudi\",\"isPartOf\":{\"@id\":\"https:\\\/\\\/exaudi.org\\\/#website\"},\"primaryImageOfPage\":{\"@id\":\"https:\\\/\\\/exaudi.org\\\/it\\\/settimana-sociale-i-tre-cartelli-proposti-dal-papa\\\/#primaryimage\"},\"image\":{\"@id\":\"https:\\\/\\\/exaudi.org\\\/it\\\/settimana-sociale-i-tre-cartelli-proposti-dal-papa\\\/#primaryimage\"},\"thumbnailUrl\":\"https:\\\/\\\/exaudi.org\\\/wp-content\\\/uploads\\\/2021\\\/10\\\/Logo_sito.jpg\",\"datePublished\":\"2021-10-21T15:38:06+00:00\",\"author\":{\"@id\":\"https:\\\/\\\/exaudi.org\\\/#\\\/schema\\\/person\\\/e1ab6ed07c01774724dd96f925f3a5f0\"},\"description\":\"Non restare indifferenti, denunciare l\u2019illegalit\u00e0, conversione verso un\u2019ecologia sociale: il messaggio del Papa alla Settimana Sociale\",\"breadcrumb\":{\"@id\":\"https:\\\/\\\/exaudi.org\\\/it\\\/settimana-sociale-i-tre-cartelli-proposti-dal-papa\\\/#breadcrumb\"},\"inLanguage\":\"it-IT\",\"potentialAction\":[{\"@type\":\"ReadAction\",\"target\":[\"https:\\\/\\\/exaudi.org\\\/it\\\/settimana-sociale-i-tre-cartelli-proposti-dal-papa\\\/\"]}]},{\"@type\":\"ImageObject\",\"inLanguage\":\"it-IT\",\"@id\":\"https:\\\/\\\/exaudi.org\\\/it\\\/settimana-sociale-i-tre-cartelli-proposti-dal-papa\\\/#primaryimage\",\"url\":\"https:\\\/\\\/exaudi.org\\\/wp-content\\\/uploads\\\/2021\\\/10\\\/Logo_sito.jpg\",\"contentUrl\":\"https:\\\/\\\/exaudi.org\\\/wp-content\\\/uploads\\\/2021\\\/10\\\/Logo_sito.jpg\",\"width\":888,\"height\":573,\"caption\":\"settimana sociale\"},{\"@type\":\"BreadcrumbList\",\"@id\":\"https:\\\/\\\/exaudi.org\\\/it\\\/settimana-sociale-i-tre-cartelli-proposti-dal-papa\\\/#breadcrumb\",\"itemListElement\":[{\"@type\":\"ListItem\",\"position\":1,\"name\":\"Portada\",\"item\":\"https:\\\/\\\/exaudi.org\\\/it\\\/\"},{\"@type\":\"ListItem\",\"position\":2,\"name\":\"Settimana Sociale, i tre \u201ccartelli\u201d proposti dal Papa\"}]},{\"@type\":\"WebSite\",\"@id\":\"https:\\\/\\\/exaudi.org\\\/#website\",\"url\":\"https:\\\/\\\/exaudi.org\\\/\",\"name\":\"Exaudi\",\"description\":\"News\",\"potentialAction\":[{\"@type\":\"SearchAction\",\"target\":{\"@type\":\"EntryPoint\",\"urlTemplate\":\"https:\\\/\\\/exaudi.org\\\/?s={search_term_string}\"},\"query-input\":{\"@type\":\"PropertyValueSpecification\",\"valueRequired\":true,\"valueName\":\"search_term_string\"}}],\"inLanguage\":\"it-IT\"},{\"@type\":\"Person\",\"@id\":\"https:\\\/\\\/exaudi.org\\\/#\\\/schema\\\/person\\\/e1ab6ed07c01774724dd96f925f3a5f0\",\"name\":\"Exaudi Redazione\",\"image\":{\"@type\":\"ImageObject\",\"inLanguage\":\"it-IT\",\"@id\":\"https:\\\/\\\/secure.gravatar.com\\\/avatar\\\/ad6774b3ada023bf5b939d64f45c94b3adf91502dd883507d469b4308a943bb3?s=96&d=mm&r=g\",\"url\":\"https:\\\/\\\/secure.gravatar.com\\\/avatar\\\/ad6774b3ada023bf5b939d64f45c94b3adf91502dd883507d469b4308a943bb3?s=96&d=mm&r=g\",\"contentUrl\":\"https:\\\/\\\/secure.gravatar.com\\\/avatar\\\/ad6774b3ada023bf5b939d64f45c94b3adf91502dd883507d469b4308a943bb3?s=96&d=mm&r=g\",\"caption\":\"Exaudi Redazione\"},\"description\":\"Che cosa \u00e8 Exaudi News? Exaudi News \u00e8 un agenzia cattolica internazionale che informa, istruisce e trasforma quotidianamente in spagnolo, inglese e italiano. Attraverso notizie, articoli di analisi e trasmissioni in diretta degli eventi del Papa, Exaudi cerca di rafforzare l'unit\u00e0 dei cristiani e di contribuire all'evangelizzazione del mondo, sempre guidato dalla dottrina sociale della Chiesa. Lavoriamo per portare la verit\u00e0 e i valori cristiani in ogni angolo del pianeta. Aiutaci a trasformare il mondo con Exaudi! Noi di Exaudi crediamo che l'evangelizzazione e l'informazione di qualit\u00e0 possano cambiare la vita. Per continuare la nostra missione ed espandere la nostra portata, abbiamo bisogno del tuo aiuto. Stiamo anche cercando persone motivate che vogliano unirsi al nostro team. Grazie al vostro sostegno raggiungeremo pi\u00f9 persone, diffonderemo il messaggio di Cristo e rafforzeremo l'unit\u00e0 dei cristiani. Vuoi unirti alla nostra missione? Per maggiori informazioni su come contribuire, visita Exaudi.org\\\/it o contattaci direttamente: info@exaudi.org Exaudi: informa, forma e trasforma.\",\"sameAs\":[\"https:\\\/\\\/www.facebook.com\\\/ExaudiNotizie\\\/\",\"https:\\\/\\\/www.instagram.com\\\/Exaudi_notizie\\\/\",\"https:\\\/\\\/x.com\\\/Exaudi_Notizie\",\"https:\\\/\\\/www.youtube.com\\\/@exaudicatholicnews\"],\"url\":\"https:\\\/\\\/exaudi.org\\\/it\\\/author\\\/dlvedi-org\\\/\"}]}<\/script>\n<!-- \/ Yoast SEO plugin. -->","yoast_head_json":{"title":"Settimana Sociale, i tre \u201ccartelli\u201d proposti dal Papa &#8211; Exaudi","description":"Non restare indifferenti, denunciare l\u2019illegalit\u00e0, conversione verso un\u2019ecologia sociale: il messaggio del Papa alla Settimana Sociale","robots":{"index":"index","follow":"follow","max-snippet":"max-snippet:-1","max-image-preview":"max-image-preview:large","max-video-preview":"max-video-preview:-1"},"canonical":"https:\/\/exaudi.org\/it\/settimana-sociale-i-tre-cartelli-proposti-dal-papa\/","og_locale":"it_IT","og_type":"article","og_title":"Settimana Sociale, i tre \u201ccartelli\u201d proposti dal Papa &#8211; Exaudi","og_description":"Non restare indifferenti, denunciare l\u2019illegalit\u00e0, conversione verso un\u2019ecologia sociale: il messaggio del Papa alla Settimana Sociale","og_url":"https:\/\/exaudi.org\/it\/settimana-sociale-i-tre-cartelli-proposti-dal-papa\/","og_site_name":"Exaudi","article_publisher":"https:\/\/www.facebook.com\/ExaudiNews","article_author":"https:\/\/www.facebook.com\/ExaudiNotizie\/","article_published_time":"2021-10-21T15:38:06+00:00","og_image":[{"width":888,"height":573,"url":"https:\/\/exaudi.org\/wp-content\/uploads\/2021\/10\/Logo_sito.jpg","type":"image\/jpeg"}],"author":"Exaudi Redazione","twitter_card":"summary_large_image","twitter_creator":"@Exaudi_Notizie","twitter_site":"@Exaudi_News","twitter_misc":{"Scritto da":"Exaudi Redazione","Tempo di lettura stimato":"6 minuti"},"schema":{"@context":"https:\/\/schema.org","@graph":[{"@type":"Article","@id":"https:\/\/exaudi.org\/it\/settimana-sociale-i-tre-cartelli-proposti-dal-papa\/#article","isPartOf":{"@id":"https:\/\/exaudi.org\/it\/settimana-sociale-i-tre-cartelli-proposti-dal-papa\/"},"author":{"name":"Exaudi Redazione","@id":"https:\/\/exaudi.org\/#\/schema\/person\/e1ab6ed07c01774724dd96f925f3a5f0"},"headline":"Settimana Sociale, i tre \u201ccartelli\u201d proposti dal Papa","datePublished":"2021-10-21T15:38:06+00:00","mainEntityOfPage":{"@id":"https:\/\/exaudi.org\/it\/settimana-sociale-i-tre-cartelli-proposti-dal-papa\/"},"wordCount":1190,"image":{"@id":"https:\/\/exaudi.org\/it\/settimana-sociale-i-tre-cartelli-proposti-dal-papa\/#primaryimage"},"thumbnailUrl":"https:\/\/exaudi.org\/wp-content\/uploads\/2021\/10\/Logo_sito.jpg","keywords":["Cei","Chiesa italiana","settimana sociale"],"articleSection":["Chiesa e Mondo","Top Ultime Notizie","Ultime Notizie"],"inLanguage":"it-IT"},{"@type":"WebPage","@id":"https:\/\/exaudi.org\/it\/settimana-sociale-i-tre-cartelli-proposti-dal-papa\/","url":"https:\/\/exaudi.org\/it\/settimana-sociale-i-tre-cartelli-proposti-dal-papa\/","name":"Settimana Sociale, i tre \u201ccartelli\u201d proposti dal Papa &#8211; Exaudi","isPartOf":{"@id":"https:\/\/exaudi.org\/#website"},"primaryImageOfPage":{"@id":"https:\/\/exaudi.org\/it\/settimana-sociale-i-tre-cartelli-proposti-dal-papa\/#primaryimage"},"image":{"@id":"https:\/\/exaudi.org\/it\/settimana-sociale-i-tre-cartelli-proposti-dal-papa\/#primaryimage"},"thumbnailUrl":"https:\/\/exaudi.org\/wp-content\/uploads\/2021\/10\/Logo_sito.jpg","datePublished":"2021-10-21T15:38:06+00:00","author":{"@id":"https:\/\/exaudi.org\/#\/schema\/person\/e1ab6ed07c01774724dd96f925f3a5f0"},"description":"Non restare indifferenti, denunciare l\u2019illegalit\u00e0, conversione verso un\u2019ecologia sociale: il messaggio del Papa alla Settimana Sociale","breadcrumb":{"@id":"https:\/\/exaudi.org\/it\/settimana-sociale-i-tre-cartelli-proposti-dal-papa\/#breadcrumb"},"inLanguage":"it-IT","potentialAction":[{"@type":"ReadAction","target":["https:\/\/exaudi.org\/it\/settimana-sociale-i-tre-cartelli-proposti-dal-papa\/"]}]},{"@type":"ImageObject","inLanguage":"it-IT","@id":"https:\/\/exaudi.org\/it\/settimana-sociale-i-tre-cartelli-proposti-dal-papa\/#primaryimage","url":"https:\/\/exaudi.org\/wp-content\/uploads\/2021\/10\/Logo_sito.jpg","contentUrl":"https:\/\/exaudi.org\/wp-content\/uploads\/2021\/10\/Logo_sito.jpg","width":888,"height":573,"caption":"settimana sociale"},{"@type":"BreadcrumbList","@id":"https:\/\/exaudi.org\/it\/settimana-sociale-i-tre-cartelli-proposti-dal-papa\/#breadcrumb","itemListElement":[{"@type":"ListItem","position":1,"name":"Portada","item":"https:\/\/exaudi.org\/it\/"},{"@type":"ListItem","position":2,"name":"Settimana Sociale, i tre \u201ccartelli\u201d proposti dal Papa"}]},{"@type":"WebSite","@id":"https:\/\/exaudi.org\/#website","url":"https:\/\/exaudi.org\/","name":"Exaudi","description":"News","potentialAction":[{"@type":"SearchAction","target":{"@type":"EntryPoint","urlTemplate":"https:\/\/exaudi.org\/?s={search_term_string}"},"query-input":{"@type":"PropertyValueSpecification","valueRequired":true,"valueName":"search_term_string"}}],"inLanguage":"it-IT"},{"@type":"Person","@id":"https:\/\/exaudi.org\/#\/schema\/person\/e1ab6ed07c01774724dd96f925f3a5f0","name":"Exaudi Redazione","image":{"@type":"ImageObject","inLanguage":"it-IT","@id":"https:\/\/secure.gravatar.com\/avatar\/ad6774b3ada023bf5b939d64f45c94b3adf91502dd883507d469b4308a943bb3?s=96&d=mm&r=g","url":"https:\/\/secure.gravatar.com\/avatar\/ad6774b3ada023bf5b939d64f45c94b3adf91502dd883507d469b4308a943bb3?s=96&d=mm&r=g","contentUrl":"https:\/\/secure.gravatar.com\/avatar\/ad6774b3ada023bf5b939d64f45c94b3adf91502dd883507d469b4308a943bb3?s=96&d=mm&r=g","caption":"Exaudi Redazione"},"description":"Che cosa \u00e8 Exaudi News? Exaudi News \u00e8 un agenzia cattolica internazionale che informa, istruisce e trasforma quotidianamente in spagnolo, inglese e italiano. Attraverso notizie, articoli di analisi e trasmissioni in diretta degli eventi del Papa, Exaudi cerca di rafforzare l'unit\u00e0 dei cristiani e di contribuire all'evangelizzazione del mondo, sempre guidato dalla dottrina sociale della Chiesa. Lavoriamo per portare la verit\u00e0 e i valori cristiani in ogni angolo del pianeta. Aiutaci a trasformare il mondo con Exaudi! Noi di Exaudi crediamo che l'evangelizzazione e l'informazione di qualit\u00e0 possano cambiare la vita. Per continuare la nostra missione ed espandere la nostra portata, abbiamo bisogno del tuo aiuto. Stiamo anche cercando persone motivate che vogliano unirsi al nostro team. Grazie al vostro sostegno raggiungeremo pi\u00f9 persone, diffonderemo il messaggio di Cristo e rafforzeremo l'unit\u00e0 dei cristiani. Vuoi unirti alla nostra missione? Per maggiori informazioni su come contribuire, visita Exaudi.org\/it o contattaci direttamente: info@exaudi.org Exaudi: informa, forma e trasforma.","sameAs":["https:\/\/www.facebook.com\/ExaudiNotizie\/","https:\/\/www.instagram.com\/Exaudi_notizie\/","https:\/\/x.com\/Exaudi_Notizie","https:\/\/www.youtube.com\/@exaudicatholicnews"],"url":"https:\/\/exaudi.org\/it\/author\/dlvedi-org\/"}]}},"jetpack_featured_media_url":"https:\/\/exaudi.org\/wp-content\/uploads\/2021\/10\/Logo_sito.jpg","jetpack_shortlink":"https:\/\/wp.me\/pgKjF2-9Iz","_links":{"self":[{"href":"https:\/\/exaudi.org\/it\/wp-json\/wp\/v2\/posts\/37359","targetHints":{"allow":["GET"]}}],"collection":[{"href":"https:\/\/exaudi.org\/it\/wp-json\/wp\/v2\/posts"}],"about":[{"href":"https:\/\/exaudi.org\/it\/wp-json\/wp\/v2\/types\/post"}],"author":[{"embeddable":true,"href":"https:\/\/exaudi.org\/it\/wp-json\/wp\/v2\/users\/17"}],"replies":[{"embeddable":true,"href":"https:\/\/exaudi.org\/it\/wp-json\/wp\/v2\/comments?post=37359"}],"version-history":[{"count":0,"href":"https:\/\/exaudi.org\/it\/wp-json\/wp\/v2\/posts\/37359\/revisions"}],"wp:featuredmedia":[{"embeddable":true,"href":"https:\/\/exaudi.org\/it\/wp-json\/wp\/v2\/media\/37360"}],"wp:attachment":[{"href":"https:\/\/exaudi.org\/it\/wp-json\/wp\/v2\/media?parent=37359"}],"wp:term":[{"taxonomy":"category","embeddable":true,"href":"https:\/\/exaudi.org\/it\/wp-json\/wp\/v2\/categories?post=37359"},{"taxonomy":"post_tag","embeddable":true,"href":"https:\/\/exaudi.org\/it\/wp-json\/wp\/v2\/tags?post=37359"}],"curies":[{"name":"wp","href":"https:\/\/api.w.org\/{rel}","templated":true}]}}