{"id":37199,"date":"2021-10-20T12:30:38","date_gmt":"2021-10-20T10:30:38","guid":{"rendered":"https:\/\/exaudi.wpengine.com\/?p=37199"},"modified":"2021-10-20T13:19:24","modified_gmt":"2021-10-20T11:19:24","slug":"la-lezione-di-liberta-di-un-bambino","status":"publish","type":"post","link":"https:\/\/exaudi.org\/it\/la-lezione-di-liberta-di-un-bambino\/","title":{"rendered":"La lezione di libert\u00e0 di un bambino"},"content":{"rendered":"<p>Un piccolo fuori programma ha movimentato questa mattina l\u2019udienza di Papa Francesco nell\u2019Aula Paolo VI. Un bambino, infatti, ha eluso la sorveglianza ed \u00e8 arrivato fino al S. Padre, che lo ha fatto sedere accanto a lui. Da questa situazione il Pontefice ha preso spunto per introdurre la sua catechesi, che <a href=\"https:\/\/exaudi.wpengine.com\/it\/la-liberta-cristiana-e-aperta-a-tutti-i-popoli-e-culture\/\">continua sul testo<\/a> della Lettera ai Galati. Il Papa, che al suo ingresso \u00e8 stato accolto dalla banda della Marina Militare, ha incentrato la sua meditazione sul tema: \u201cLa libert\u00e0 si realizza nella carit\u00e0\u201d. Ecco le sue parole:<\/p>\n<figure id=\"attachment_37214\" aria-describedby=\"caption-attachment-37214\" style=\"width: 300px\" class=\"wp-caption alignright\"><img loading=\"lazy\" decoding=\"async\" class=\"size-medium wp-image-37214\" src=\"https:\/\/exaudi.wpengine.com\/wp-content\/uploads\/2021\/10\/marina-300x200.jpg\" alt=\"\" width=\"300\" height=\"200\" srcset=\"https:\/\/exaudi.org\/wp-content\/uploads\/2021\/10\/marina-300x200.jpg 300w, https:\/\/exaudi.org\/wp-content\/uploads\/2021\/10\/marina-1024x683.jpg 1024w, https:\/\/exaudi.org\/wp-content\/uploads\/2021\/10\/marina-768x512.jpg 768w, https:\/\/exaudi.org\/wp-content\/uploads\/2021\/10\/marina-1536x1024.jpg 1536w, https:\/\/exaudi.org\/wp-content\/uploads\/2021\/10\/marina-2048x1365.jpg 2048w, https:\/\/exaudi.org\/wp-content\/uploads\/2021\/10\/marina-150x100.jpg 150w, https:\/\/exaudi.org\/wp-content\/uploads\/2021\/10\/marina-696x464.jpg 696w, https:\/\/exaudi.org\/wp-content\/uploads\/2021\/10\/marina-1068x712.jpg 1068w, https:\/\/exaudi.org\/wp-content\/uploads\/2021\/10\/marina-1920x1280.jpg 1920w, https:\/\/exaudi.org\/wp-content\/uploads\/2021\/10\/marina-630x420.jpg 630w\" sizes=\"auto, (max-width: 300px) 100vw, 300px\" \/><figcaption id=\"caption-attachment-37214\" class=\"wp-caption-text\">(C) Vatican Media<\/figcaption><\/figure>\n<p>Cari fratelli e sorelle, buongiorno! In questi giorni stiamo parlando della libert\u00e0 della fede, ascoltando la Lettera ai Galati. Ma mi \u00e8 venuto in mente quello che Ges\u00f9 diceva sulla spontaneit\u00e0 e la libert\u00e0 dei bambini, quando questo bambino ha avuto la libert\u00e0 di avvicinarsi e muoversi come se fosse a casa sua \u2026 E Ges\u00f9 ci dice: \u201cAnche voi, se non vi fate come bambini non entrerete nel Regno dei Cieli\u201d. Il coraggio di avvicinarsi al Signore, di essere aperti al Signore, di non avere paura del Signore: io ringrazio questo bambino per la lezione che ha dato a tutti noi. E che il Signore lo aiuti nella sua limitazione, nella sua crescita perch\u00e9 ha dato questa testimonianza che gli \u00e8 venuta dal cuore. I bambini non hanno un traduttore automatico dal cuore alla vita: il cuore va avanti.<\/p>\n<h4>Grande novit\u00e0<\/h4>\n<p>L\u2019Apostolo Paolo, con la sua Lettera ai Galati, poco alla volta ci introduce nella grande novit\u00e0 della fede, lentamente. \u00c8 davvero una grande novit\u00e0, perch\u00e9 non rinnova solo qualche aspetto della vita, ma ci porta dentro quella \u201cvita nuova\u201d che abbiamo ricevuto con il Battesimo. L\u00ec si \u00e8 riversato su di noi il dono pi\u00f9 grande, quello di essere figli di Dio. Rinati in Cristo, siamo passati da una religiosit\u00e0 fatta di precetti alla fede viva, che ha il suo centro nella comunione con Dio e con i fratelli, cio\u00e8 nella carit\u00e0. Siamo passati dalla schiavit\u00f9 della paura e del peccato alla libert\u00e0 dei figli di Dio.<\/p>\n<h4>Servizio<\/h4>\n<p>Un\u2019altra volta la parola libert\u00e0. Cerchiamo oggi di capire meglio qual \u00e8 per l\u2019Apostolo il cuore di questa libert\u00e0. Paolo afferma che essa \u00e8 tutt\u2019altro che \u00abun pretesto per la carne\u00bb: cio\u00e8, non \u00e8 un vivere libertino, secondo la carne ovvero secondo l\u2019istinto, le voglie individuali e le proprie pulsioni egoistiche; al contrario, la libert\u00e0 di Ges\u00f9 ci conduce a essere \u2013 scrive l\u2019Apostolo \u2013 \u00aba servizio gli uni degli altri\u00bb. Ma questo \u00e8 schiavit\u00f9? Eh s\u00ec, la libert\u00e0 in Cristo ha qualche \u201cschiavit\u00f9\u201d, qualche dimensione che ci porta al servizio, a vivere per gli altri. La vera libert\u00e0, in altre parole, si esprime pienamente nella carit\u00e0.<\/p>\n<figure id=\"attachment_37217\" aria-describedby=\"caption-attachment-37217\" style=\"width: 300px\" class=\"wp-caption alignleft\"><img loading=\"lazy\" decoding=\"async\" class=\"size-medium wp-image-37217\" src=\"https:\/\/exaudi.wpengine.com\/wp-content\/uploads\/2021\/10\/DSC0951_050421--300x200.jpg\" alt=\"\" width=\"300\" height=\"200\" srcset=\"https:\/\/exaudi.org\/wp-content\/uploads\/2021\/10\/DSC0951_050421--300x200.jpg 300w, https:\/\/exaudi.org\/wp-content\/uploads\/2021\/10\/DSC0951_050421--1024x683.jpg 1024w, https:\/\/exaudi.org\/wp-content\/uploads\/2021\/10\/DSC0951_050421--768x512.jpg 768w, https:\/\/exaudi.org\/wp-content\/uploads\/2021\/10\/DSC0951_050421--1536x1024.jpg 1536w, https:\/\/exaudi.org\/wp-content\/uploads\/2021\/10\/DSC0951_050421--2048x1365.jpg 2048w, https:\/\/exaudi.org\/wp-content\/uploads\/2021\/10\/DSC0951_050421--150x100.jpg 150w, https:\/\/exaudi.org\/wp-content\/uploads\/2021\/10\/DSC0951_050421--696x464.jpg 696w, https:\/\/exaudi.org\/wp-content\/uploads\/2021\/10\/DSC0951_050421--1068x712.jpg 1068w, https:\/\/exaudi.org\/wp-content\/uploads\/2021\/10\/DSC0951_050421--1920x1280.jpg 1920w, https:\/\/exaudi.org\/wp-content\/uploads\/2021\/10\/DSC0951_050421--630x420.jpg 630w\" sizes=\"auto, (max-width: 300px) 100vw, 300px\" \/><figcaption id=\"caption-attachment-37217\" class=\"wp-caption-text\">(C) Vatican Media<\/figcaption><\/figure>\n<p>Ancora una volta ci troviamo davanti al paradosso del Vangelo: siamo liberi nel servire, non nel fare quello che vogliamo. Siamo liberi nel servire, e l\u00ec viene la libert\u00e0; ci troviamo pienamente nella misura in cui ci doniamo. Ci troviamo pienamente noi nella misura in cui ci doniamo, abbiamo il coraggio di donarci; possediamo la vita se la perdiamo. Questo \u00e8 Vangelo puro.<\/p>\n<h4>L&#8217;amore che libera<\/h4>\n<p>Ma come si spiega questo paradosso? La risposta dell\u2019Apostolo \u00e8 tanto semplice quanto impegnativa: \u00abmediante l\u2019amore\u00bb. Non c\u2019\u00e8 libert\u00e0 senza amore. La libert\u00e0 egoistica del fare quello che voglio non \u00e8 libert\u00e0, perch\u00e9 torna su se stessa, non \u00e8 feconda. \u00c8 l\u2019amore di Cristo che ci ha liberati ed \u00e8 ancora l\u2019amore che ci libera dalla schiavit\u00f9 peggiore, quella del nostro io; perci\u00f2 la libert\u00e0 cresce con l\u2019amore. Ma attenzione: non con l\u2019amore intimistico, con l\u2019amore da telenovela, non con la passione che ricerca semplicemente quello che ci va e ci piace, ma con l\u2019amore che vediamo in Cristo, la carit\u00e0: questo \u00e8 l\u2019amore veramente libero e liberante. \u00c8 l\u2019amore che risplende nel servizio gratuito, modellato su quello di Ges\u00f9, che lava i piedi ai suoi discepoli e dice: \u00abVi ho dato un esempio perch\u00e9 anche voi facciate come io ho fatto a voi\u00bb. Servire gli uni gli altri.<\/p>\n<p>Per Paolo dunque la libert\u00e0 non \u00e8 \u201cfare quello che pare e piace\u201d. Questo tipo di libert\u00e0, senza un fine e senza riferimenti, sarebbe una libert\u00e0 vuota, una libert\u00e0 da circo: non va. E infatti lascia il vuoto dentro: quante volte, dopo aver seguito solo l\u2019istinto, ci accorgiamo di restare con un grande vuoto dentro e di aver usato male il tesoro della nostra libert\u00e0, la bellezza di poter scegliere il vero bene per noi e per gli altri. Solo questa libert\u00e0 \u00e8 piena, concreta, e ci inserisce nella vita reale di ogni giorno. La vera libert\u00e0 ci libera sempre, invece quando ricerchiamo quella libert\u00e0 di \u201cquello che mi piace e non mi piace\u201d, alla fine rimaniamo vuoti.<\/p>\n<h4>Non tutto giova<\/h4>\n<p>In un\u2019altra lettera, la prima ai Corinzi, l\u2019Apostolo risponde a chi sostiene un\u2019idea sbagliata di libert\u00e0. \u00abTutto \u00e8 lecito!\u00bb, dicono questi. \u00abS\u00ec, ma non tutto giova\u00bb, risponde Paolo. \u00abTutto \u00e8 lecito, ma non tutto edifica\u00bb, ribatte l\u2019Apostolo. Il quale poi aggiunge: \u00abNessuno cerchi il proprio interesse, ma quello degli altri\u00bb. Questa \u00e8 la regola per smascherare qualsiasi libert\u00e0 egoistica. Anche, a chi \u00e8 tentato di ridurre la libert\u00e0 solo ai propri gusti, Paolo pone dinanzi l\u2019esigenza dell\u2019amore.<\/p>\n<p>La libert\u00e0 guidata dall\u2019amore \u00e8 l\u2019unica che rende liberi gli altri e noi stessi, che sa ascoltare senza imporre, che sa voler bene senza costringere, che edifica e non distrugge, che non sfrutta gli altri per i propri comodi e fa loro del bene senza ricercare il proprio utile. Insomma, se la libert\u00e0 non \u00e8 a servizio \u2013 questo \u00e8 il test \u2013 se la libert\u00e0 non \u00e8 a servizio del bene rischia di essere sterile e non portare frutto. Invece, la libert\u00e0 animata dall\u2019amore conduce verso i poveri, riconoscendo nei loro volti quello di Cristo.<\/p>\n<h4>Ricordarsi dei poveri<\/h4>\n<p>Perci\u00f2 il servizio degli uni verso gli altri permette a Paolo, scrivendo ai Galati, di fare una sottolineatura niente affatto secondaria: cos\u00ec, parlando della libert\u00e0 che gli altri Apostoli gli diedero di evangelizzare, sottolinea che gli raccomandarono solo una cosa: di ricordarsi dei poveri. Interessante questo. Quando dopo quella lotta ideologica tra Paolo e gli Apostoli si sono messi d\u2019accordo, cosa gli hanno detto gli Apostoli: \u201cVai avanti, vai avanti e non dimenticarti dei poveri\u201d, cio\u00e8 che la tua libert\u00e0 di predicatore sia al servizio degli altri, non per te stesso, di fare quello che ti piace.<\/p>\n<h4>Relazioni<\/h4>\n<p>Sappiamo invece che una delle concezioni moderne pi\u00f9 diffuse \u00e8 questa: \u201cla mia libert\u00e0 finisce dove comincia la tua\u201d. Ma qui manca la relazione, il rapporto! \u00c8 una visione individualistica. Invece, chi ha ricevuto il dono della liberazione operata da Ges\u00f9 non pu\u00f2 pensare che la libert\u00e0 consista nello stare lontano dagli altri, sentendoli come fastidi, non pu\u00f2 vedere l\u2019essere umano arroccato in s\u00e9 stesso, ma sempre inserito in una comunit\u00e0.<\/p>\n<figure id=\"attachment_37220\" aria-describedby=\"caption-attachment-37220\" style=\"width: 200px\" class=\"wp-caption alignright\"><img loading=\"lazy\" decoding=\"async\" class=\"size-medium wp-image-37220\" src=\"https:\/\/exaudi.wpengine.com\/wp-content\/uploads\/2021\/10\/SFO1859_050421--200x300.jpg\" alt=\"\" width=\"200\" height=\"300\" srcset=\"https:\/\/exaudi.org\/wp-content\/uploads\/2021\/10\/SFO1859_050421--200x300.jpg 200w, https:\/\/exaudi.org\/wp-content\/uploads\/2021\/10\/SFO1859_050421--683x1024.jpg 683w, https:\/\/exaudi.org\/wp-content\/uploads\/2021\/10\/SFO1859_050421--768x1152.jpg 768w, https:\/\/exaudi.org\/wp-content\/uploads\/2021\/10\/SFO1859_050421--1024x1536.jpg 1024w, https:\/\/exaudi.org\/wp-content\/uploads\/2021\/10\/SFO1859_050421--1365x2048.jpg 1365w, https:\/\/exaudi.org\/wp-content\/uploads\/2021\/10\/SFO1859_050421--150x225.jpg 150w, https:\/\/exaudi.org\/wp-content\/uploads\/2021\/10\/SFO1859_050421--300x450.jpg 300w, https:\/\/exaudi.org\/wp-content\/uploads\/2021\/10\/SFO1859_050421--696x1044.jpg 696w, https:\/\/exaudi.org\/wp-content\/uploads\/2021\/10\/SFO1859_050421--1068x1602.jpg 1068w, https:\/\/exaudi.org\/wp-content\/uploads\/2021\/10\/SFO1859_050421--1920x2880.jpg 1920w, https:\/\/exaudi.org\/wp-content\/uploads\/2021\/10\/SFO1859_050421--280x420.jpg 280w, https:\/\/exaudi.org\/wp-content\/uploads\/2021\/10\/SFO1859_050421--scaled.jpg 1707w\" sizes=\"auto, (max-width: 200px) 100vw, 200px\" \/><figcaption id=\"caption-attachment-37220\" class=\"wp-caption-text\">(C) Vatican Media<\/figcaption><\/figure>\n<p>La dimensione sociale \u00e8 fondamentale per i cristiani, e consente loro di guardare al bene comune e non all\u2019interesse privato. Soprattutto in questo momento storico, abbiamo bisogno di riscoprire la dimensione comunitaria, non individualista, della libert\u00e0: la pandemia ci ha insegnato che abbiamo bisogno gli uni degli altri, ma non basta saperlo, occorre sceglierlo ogni giorno concretamente, decidere su quella strada. Diciamo e crediamo che gli altri non sono un ostacolo alla mia libert\u00e0, ma sono la possibilit\u00e0 per realizzarla pienamente. Perch\u00e9 la nostra libert\u00e0 nasce dall\u2019amore di Dio e cresce nella carit\u00e0.<\/p>\n<h4>Il ricordo di Giovanni Paolo II<\/h4>\n<p>Nel salutare i pellegrini polacchi, il Papa ha affermato: &#8220;Dopodomani ricorre la memoria liturgica di San Giovanni Paolo II. Alla sua protezione affido voi, le vostre famiglie e l\u2019intero popolo polacco. Abbiate sempre nella memoria quanto vi ha detto: \u00ab\u201cChi ci separer\u00e0\u2026 dall\u2019amore di Cristo?\u201d. (\u2026) Siate vigilanti, affinch\u00e9 nulla vi separi da quest\u2019amore: nessun falso slogan, nessuna ideologia errata, nessun cedimento alla tentazione di scendere a compromessi con ci\u00f2 che non \u00e8 da Dio. Respingete tutto ci\u00f2 che distrugge e indebolisce la comunione con Cristo\u00bb.<\/p>\n","protected":false},"excerpt":{"rendered":"<p>\u00c8 sfuggito alla sorveglianza e ha raggiunto il Papa che lo ha lasciato sedere accanto a s\u00e9 durante l\u2019udienza generale<\/p>\n","protected":false},"author":17,"featured_media":37198,"comment_status":"closed","ping_status":"closed","sticky":false,"template":"","format":"standard","meta":{"_acf_changed":false,"_crdt_document":"","inline_featured_image":false,"footnotes":""},"categories":[67,2157,111,297],"tags":[2487,3120,251,1843],"class_list":["post-37199","post","type-post","status-publish","format-standard","has-post-thumbnail","hentry","category-leone-xiv","category-top-ultime-notizie","category-udienza-generale","category-ultime-notizie","tag-featured-3","tag-liberta","tag-papa-francesco","tag-udienza"],"acf":[],"yoast_head":"<!-- This site is optimized with the Yoast SEO plugin v27.5 - https:\/\/yoast.com\/product\/yoast-seo-wordpress\/ -->\n<title>La lezione di libert\u00e0 di un bambino &#8211; Exaudi<\/title>\n<meta name=\"description\" content=\"Un bambino sfuggito alla sorveglianza ha raggiunto il Papa che lo ha lasciato sedere accanto a s\u00e9 durante l\u2019udienza. &quot;Lezione di libert\u00e0&quot;\" \/>\n<meta name=\"robots\" content=\"index, follow, max-snippet:-1, max-image-preview:large, max-video-preview:-1\" \/>\n<link rel=\"canonical\" href=\"https:\/\/exaudi.org\/it\/la-lezione-di-liberta-di-un-bambino\/\" \/>\n<meta property=\"og:locale\" content=\"it_IT\" \/>\n<meta property=\"og:type\" content=\"article\" \/>\n<meta property=\"og:title\" content=\"La lezione di libert\u00e0 di un bambino &#8211; Exaudi\" \/>\n<meta property=\"og:description\" content=\"Un bambino sfuggito alla sorveglianza ha raggiunto il Papa che lo ha lasciato sedere accanto a s\u00e9 durante l\u2019udienza. &quot;Lezione di libert\u00e0&quot;\" \/>\n<meta property=\"og:url\" content=\"https:\/\/exaudi.org\/it\/la-lezione-di-liberta-di-un-bambino\/\" \/>\n<meta property=\"og:site_name\" content=\"Exaudi\" \/>\n<meta property=\"article:publisher\" content=\"https:\/\/www.facebook.com\/ExaudiNews\" \/>\n<meta property=\"article:author\" content=\"https:\/\/www.facebook.com\/ExaudiNotizie\/\" \/>\n<meta property=\"article:published_time\" content=\"2021-10-20T10:30:38+00:00\" \/>\n<meta property=\"article:modified_time\" content=\"2021-10-20T11:19:24+00:00\" \/>\n<meta property=\"og:image\" content=\"https:\/\/exaudi.org\/wp-content\/uploads\/2021\/10\/cq5dam.web_.800.800-2-2.jpeg\" \/>\n\t<meta property=\"og:image:width\" content=\"800\" \/>\n\t<meta property=\"og:image:height\" content=\"533\" \/>\n\t<meta property=\"og:image:type\" content=\"image\/jpeg\" \/>\n<meta name=\"author\" content=\"Exaudi Redazione\" \/>\n<meta name=\"twitter:card\" content=\"summary_large_image\" \/>\n<meta name=\"twitter:creator\" content=\"@Exaudi_Notizie\" \/>\n<meta name=\"twitter:site\" content=\"@Exaudi_News\" \/>\n<meta name=\"twitter:label1\" content=\"Scritto da\" \/>\n\t<meta name=\"twitter:data1\" content=\"Exaudi Redazione\" \/>\n\t<meta name=\"twitter:label2\" content=\"Tempo di lettura stimato\" \/>\n\t<meta name=\"twitter:data2\" content=\"7 minuti\" \/>\n<script type=\"application\/ld+json\" class=\"yoast-schema-graph\">{\"@context\":\"https:\\\/\\\/schema.org\",\"@graph\":[{\"@type\":\"Article\",\"@id\":\"https:\\\/\\\/exaudi.org\\\/it\\\/la-lezione-di-liberta-di-un-bambino\\\/#article\",\"isPartOf\":{\"@id\":\"https:\\\/\\\/exaudi.org\\\/it\\\/la-lezione-di-liberta-di-un-bambino\\\/\"},\"author\":{\"name\":\"Exaudi Redazione\",\"@id\":\"https:\\\/\\\/exaudi.org\\\/#\\\/schema\\\/person\\\/e1ab6ed07c01774724dd96f925f3a5f0\"},\"headline\":\"La lezione di libert\u00e0 di un bambino\",\"datePublished\":\"2021-10-20T10:30:38+00:00\",\"dateModified\":\"2021-10-20T11:19:24+00:00\",\"mainEntityOfPage\":{\"@id\":\"https:\\\/\\\/exaudi.org\\\/it\\\/la-lezione-di-liberta-di-un-bambino\\\/\"},\"wordCount\":1347,\"image\":{\"@id\":\"https:\\\/\\\/exaudi.org\\\/it\\\/la-lezione-di-liberta-di-un-bambino\\\/#primaryimage\"},\"thumbnailUrl\":\"https:\\\/\\\/exaudi.org\\\/wp-content\\\/uploads\\\/2021\\\/10\\\/cq5dam.web_.800.800-2-2.jpeg\",\"keywords\":[\"Featured\",\"libert\u00e0\",\"Papa Francesco\",\"udienza\"],\"articleSection\":[\"Leone XIV\",\"Top Ultime Notizie\",\"Udienza generale\",\"Ultime Notizie\"],\"inLanguage\":\"it-IT\"},{\"@type\":\"WebPage\",\"@id\":\"https:\\\/\\\/exaudi.org\\\/it\\\/la-lezione-di-liberta-di-un-bambino\\\/\",\"url\":\"https:\\\/\\\/exaudi.org\\\/it\\\/la-lezione-di-liberta-di-un-bambino\\\/\",\"name\":\"La lezione di libert\u00e0 di un bambino &#8211; Exaudi\",\"isPartOf\":{\"@id\":\"https:\\\/\\\/exaudi.org\\\/#website\"},\"primaryImageOfPage\":{\"@id\":\"https:\\\/\\\/exaudi.org\\\/it\\\/la-lezione-di-liberta-di-un-bambino\\\/#primaryimage\"},\"image\":{\"@id\":\"https:\\\/\\\/exaudi.org\\\/it\\\/la-lezione-di-liberta-di-un-bambino\\\/#primaryimage\"},\"thumbnailUrl\":\"https:\\\/\\\/exaudi.org\\\/wp-content\\\/uploads\\\/2021\\\/10\\\/cq5dam.web_.800.800-2-2.jpeg\",\"datePublished\":\"2021-10-20T10:30:38+00:00\",\"dateModified\":\"2021-10-20T11:19:24+00:00\",\"author\":{\"@id\":\"https:\\\/\\\/exaudi.org\\\/#\\\/schema\\\/person\\\/e1ab6ed07c01774724dd96f925f3a5f0\"},\"description\":\"Un bambino sfuggito alla sorveglianza ha raggiunto il Papa che lo ha lasciato sedere accanto a s\u00e9 durante l\u2019udienza. \\\"Lezione di libert\u00e0\\\"\",\"breadcrumb\":{\"@id\":\"https:\\\/\\\/exaudi.org\\\/it\\\/la-lezione-di-liberta-di-un-bambino\\\/#breadcrumb\"},\"inLanguage\":\"it-IT\",\"potentialAction\":[{\"@type\":\"ReadAction\",\"target\":[\"https:\\\/\\\/exaudi.org\\\/it\\\/la-lezione-di-liberta-di-un-bambino\\\/\"]}]},{\"@type\":\"ImageObject\",\"inLanguage\":\"it-IT\",\"@id\":\"https:\\\/\\\/exaudi.org\\\/it\\\/la-lezione-di-liberta-di-un-bambino\\\/#primaryimage\",\"url\":\"https:\\\/\\\/exaudi.org\\\/wp-content\\\/uploads\\\/2021\\\/10\\\/cq5dam.web_.800.800-2-2.jpeg\",\"contentUrl\":\"https:\\\/\\\/exaudi.org\\\/wp-content\\\/uploads\\\/2021\\\/10\\\/cq5dam.web_.800.800-2-2.jpeg\",\"width\":800,\"height\":533,\"caption\":\"Il bambino che ha raggiunto il Papa \u00a9 Vatican Media\"},{\"@type\":\"BreadcrumbList\",\"@id\":\"https:\\\/\\\/exaudi.org\\\/it\\\/la-lezione-di-liberta-di-un-bambino\\\/#breadcrumb\",\"itemListElement\":[{\"@type\":\"ListItem\",\"position\":1,\"name\":\"Portada\",\"item\":\"https:\\\/\\\/exaudi.org\\\/it\\\/\"},{\"@type\":\"ListItem\",\"position\":2,\"name\":\"La lezione di libert\u00e0 di un bambino\"}]},{\"@type\":\"WebSite\",\"@id\":\"https:\\\/\\\/exaudi.org\\\/#website\",\"url\":\"https:\\\/\\\/exaudi.org\\\/\",\"name\":\"Exaudi\",\"description\":\"News\",\"potentialAction\":[{\"@type\":\"SearchAction\",\"target\":{\"@type\":\"EntryPoint\",\"urlTemplate\":\"https:\\\/\\\/exaudi.org\\\/?s={search_term_string}\"},\"query-input\":{\"@type\":\"PropertyValueSpecification\",\"valueRequired\":true,\"valueName\":\"search_term_string\"}}],\"inLanguage\":\"it-IT\"},{\"@type\":\"Person\",\"@id\":\"https:\\\/\\\/exaudi.org\\\/#\\\/schema\\\/person\\\/e1ab6ed07c01774724dd96f925f3a5f0\",\"name\":\"Exaudi Redazione\",\"image\":{\"@type\":\"ImageObject\",\"inLanguage\":\"it-IT\",\"@id\":\"https:\\\/\\\/secure.gravatar.com\\\/avatar\\\/ad6774b3ada023bf5b939d64f45c94b3adf91502dd883507d469b4308a943bb3?s=96&d=mm&r=g\",\"url\":\"https:\\\/\\\/secure.gravatar.com\\\/avatar\\\/ad6774b3ada023bf5b939d64f45c94b3adf91502dd883507d469b4308a943bb3?s=96&d=mm&r=g\",\"contentUrl\":\"https:\\\/\\\/secure.gravatar.com\\\/avatar\\\/ad6774b3ada023bf5b939d64f45c94b3adf91502dd883507d469b4308a943bb3?s=96&d=mm&r=g\",\"caption\":\"Exaudi Redazione\"},\"description\":\"Che cosa \u00e8 Exaudi News? Exaudi News \u00e8 un agenzia cattolica internazionale che informa, istruisce e trasforma quotidianamente in spagnolo, inglese e italiano. Attraverso notizie, articoli di analisi e trasmissioni in diretta degli eventi del Papa, Exaudi cerca di rafforzare l'unit\u00e0 dei cristiani e di contribuire all'evangelizzazione del mondo, sempre guidato dalla dottrina sociale della Chiesa. Lavoriamo per portare la verit\u00e0 e i valori cristiani in ogni angolo del pianeta. Aiutaci a trasformare il mondo con Exaudi! Noi di Exaudi crediamo che l'evangelizzazione e l'informazione di qualit\u00e0 possano cambiare la vita. Per continuare la nostra missione ed espandere la nostra portata, abbiamo bisogno del tuo aiuto. Stiamo anche cercando persone motivate che vogliano unirsi al nostro team. Grazie al vostro sostegno raggiungeremo pi\u00f9 persone, diffonderemo il messaggio di Cristo e rafforzeremo l'unit\u00e0 dei cristiani. Vuoi unirti alla nostra missione? Per maggiori informazioni su come contribuire, visita Exaudi.org\\\/it o contattaci direttamente: info@exaudi.org Exaudi: informa, forma e trasforma.\",\"sameAs\":[\"https:\\\/\\\/www.facebook.com\\\/ExaudiNotizie\\\/\",\"https:\\\/\\\/www.instagram.com\\\/Exaudi_notizie\\\/\",\"https:\\\/\\\/x.com\\\/Exaudi_Notizie\",\"https:\\\/\\\/www.youtube.com\\\/@exaudicatholicnews\"],\"url\":\"https:\\\/\\\/exaudi.org\\\/it\\\/author\\\/dlvedi-org\\\/\"}]}<\/script>\n<!-- \/ Yoast SEO plugin. -->","yoast_head_json":{"title":"La lezione di libert\u00e0 di un bambino &#8211; Exaudi","description":"Un bambino sfuggito alla sorveglianza ha raggiunto il Papa che lo ha lasciato sedere accanto a s\u00e9 durante l\u2019udienza. \"Lezione di libert\u00e0\"","robots":{"index":"index","follow":"follow","max-snippet":"max-snippet:-1","max-image-preview":"max-image-preview:large","max-video-preview":"max-video-preview:-1"},"canonical":"https:\/\/exaudi.org\/it\/la-lezione-di-liberta-di-un-bambino\/","og_locale":"it_IT","og_type":"article","og_title":"La lezione di libert\u00e0 di un bambino &#8211; Exaudi","og_description":"Un bambino sfuggito alla sorveglianza ha raggiunto il Papa che lo ha lasciato sedere accanto a s\u00e9 durante l\u2019udienza. \"Lezione di libert\u00e0\"","og_url":"https:\/\/exaudi.org\/it\/la-lezione-di-liberta-di-un-bambino\/","og_site_name":"Exaudi","article_publisher":"https:\/\/www.facebook.com\/ExaudiNews","article_author":"https:\/\/www.facebook.com\/ExaudiNotizie\/","article_published_time":"2021-10-20T10:30:38+00:00","article_modified_time":"2021-10-20T11:19:24+00:00","og_image":[{"width":800,"height":533,"url":"https:\/\/exaudi.org\/wp-content\/uploads\/2021\/10\/cq5dam.web_.800.800-2-2.jpeg","type":"image\/jpeg"}],"author":"Exaudi Redazione","twitter_card":"summary_large_image","twitter_creator":"@Exaudi_Notizie","twitter_site":"@Exaudi_News","twitter_misc":{"Scritto da":"Exaudi Redazione","Tempo di lettura stimato":"7 minuti"},"schema":{"@context":"https:\/\/schema.org","@graph":[{"@type":"Article","@id":"https:\/\/exaudi.org\/it\/la-lezione-di-liberta-di-un-bambino\/#article","isPartOf":{"@id":"https:\/\/exaudi.org\/it\/la-lezione-di-liberta-di-un-bambino\/"},"author":{"name":"Exaudi Redazione","@id":"https:\/\/exaudi.org\/#\/schema\/person\/e1ab6ed07c01774724dd96f925f3a5f0"},"headline":"La lezione di libert\u00e0 di un bambino","datePublished":"2021-10-20T10:30:38+00:00","dateModified":"2021-10-20T11:19:24+00:00","mainEntityOfPage":{"@id":"https:\/\/exaudi.org\/it\/la-lezione-di-liberta-di-un-bambino\/"},"wordCount":1347,"image":{"@id":"https:\/\/exaudi.org\/it\/la-lezione-di-liberta-di-un-bambino\/#primaryimage"},"thumbnailUrl":"https:\/\/exaudi.org\/wp-content\/uploads\/2021\/10\/cq5dam.web_.800.800-2-2.jpeg","keywords":["Featured","libert\u00e0","Papa Francesco","udienza"],"articleSection":["Leone XIV","Top Ultime Notizie","Udienza generale","Ultime Notizie"],"inLanguage":"it-IT"},{"@type":"WebPage","@id":"https:\/\/exaudi.org\/it\/la-lezione-di-liberta-di-un-bambino\/","url":"https:\/\/exaudi.org\/it\/la-lezione-di-liberta-di-un-bambino\/","name":"La lezione di libert\u00e0 di un bambino &#8211; Exaudi","isPartOf":{"@id":"https:\/\/exaudi.org\/#website"},"primaryImageOfPage":{"@id":"https:\/\/exaudi.org\/it\/la-lezione-di-liberta-di-un-bambino\/#primaryimage"},"image":{"@id":"https:\/\/exaudi.org\/it\/la-lezione-di-liberta-di-un-bambino\/#primaryimage"},"thumbnailUrl":"https:\/\/exaudi.org\/wp-content\/uploads\/2021\/10\/cq5dam.web_.800.800-2-2.jpeg","datePublished":"2021-10-20T10:30:38+00:00","dateModified":"2021-10-20T11:19:24+00:00","author":{"@id":"https:\/\/exaudi.org\/#\/schema\/person\/e1ab6ed07c01774724dd96f925f3a5f0"},"description":"Un bambino sfuggito alla sorveglianza ha raggiunto il Papa che lo ha lasciato sedere accanto a s\u00e9 durante l\u2019udienza. \"Lezione di libert\u00e0\"","breadcrumb":{"@id":"https:\/\/exaudi.org\/it\/la-lezione-di-liberta-di-un-bambino\/#breadcrumb"},"inLanguage":"it-IT","potentialAction":[{"@type":"ReadAction","target":["https:\/\/exaudi.org\/it\/la-lezione-di-liberta-di-un-bambino\/"]}]},{"@type":"ImageObject","inLanguage":"it-IT","@id":"https:\/\/exaudi.org\/it\/la-lezione-di-liberta-di-un-bambino\/#primaryimage","url":"https:\/\/exaudi.org\/wp-content\/uploads\/2021\/10\/cq5dam.web_.800.800-2-2.jpeg","contentUrl":"https:\/\/exaudi.org\/wp-content\/uploads\/2021\/10\/cq5dam.web_.800.800-2-2.jpeg","width":800,"height":533,"caption":"Il bambino che ha raggiunto il Papa \u00a9 Vatican Media"},{"@type":"BreadcrumbList","@id":"https:\/\/exaudi.org\/it\/la-lezione-di-liberta-di-un-bambino\/#breadcrumb","itemListElement":[{"@type":"ListItem","position":1,"name":"Portada","item":"https:\/\/exaudi.org\/it\/"},{"@type":"ListItem","position":2,"name":"La lezione di libert\u00e0 di un bambino"}]},{"@type":"WebSite","@id":"https:\/\/exaudi.org\/#website","url":"https:\/\/exaudi.org\/","name":"Exaudi","description":"News","potentialAction":[{"@type":"SearchAction","target":{"@type":"EntryPoint","urlTemplate":"https:\/\/exaudi.org\/?s={search_term_string}"},"query-input":{"@type":"PropertyValueSpecification","valueRequired":true,"valueName":"search_term_string"}}],"inLanguage":"it-IT"},{"@type":"Person","@id":"https:\/\/exaudi.org\/#\/schema\/person\/e1ab6ed07c01774724dd96f925f3a5f0","name":"Exaudi Redazione","image":{"@type":"ImageObject","inLanguage":"it-IT","@id":"https:\/\/secure.gravatar.com\/avatar\/ad6774b3ada023bf5b939d64f45c94b3adf91502dd883507d469b4308a943bb3?s=96&d=mm&r=g","url":"https:\/\/secure.gravatar.com\/avatar\/ad6774b3ada023bf5b939d64f45c94b3adf91502dd883507d469b4308a943bb3?s=96&d=mm&r=g","contentUrl":"https:\/\/secure.gravatar.com\/avatar\/ad6774b3ada023bf5b939d64f45c94b3adf91502dd883507d469b4308a943bb3?s=96&d=mm&r=g","caption":"Exaudi Redazione"},"description":"Che cosa \u00e8 Exaudi News? Exaudi News \u00e8 un agenzia cattolica internazionale che informa, istruisce e trasforma quotidianamente in spagnolo, inglese e italiano. Attraverso notizie, articoli di analisi e trasmissioni in diretta degli eventi del Papa, Exaudi cerca di rafforzare l'unit\u00e0 dei cristiani e di contribuire all'evangelizzazione del mondo, sempre guidato dalla dottrina sociale della Chiesa. Lavoriamo per portare la verit\u00e0 e i valori cristiani in ogni angolo del pianeta. Aiutaci a trasformare il mondo con Exaudi! Noi di Exaudi crediamo che l'evangelizzazione e l'informazione di qualit\u00e0 possano cambiare la vita. Per continuare la nostra missione ed espandere la nostra portata, abbiamo bisogno del tuo aiuto. Stiamo anche cercando persone motivate che vogliano unirsi al nostro team. Grazie al vostro sostegno raggiungeremo pi\u00f9 persone, diffonderemo il messaggio di Cristo e rafforzeremo l'unit\u00e0 dei cristiani. Vuoi unirti alla nostra missione? Per maggiori informazioni su come contribuire, visita Exaudi.org\/it o contattaci direttamente: info@exaudi.org Exaudi: informa, forma e trasforma.","sameAs":["https:\/\/www.facebook.com\/ExaudiNotizie\/","https:\/\/www.instagram.com\/Exaudi_notizie\/","https:\/\/x.com\/Exaudi_Notizie","https:\/\/www.youtube.com\/@exaudicatholicnews"],"url":"https:\/\/exaudi.org\/it\/author\/dlvedi-org\/"}]}},"jetpack_featured_media_url":"https:\/\/exaudi.org\/wp-content\/uploads\/2021\/10\/cq5dam.web_.800.800-2-2.jpeg","jetpack_shortlink":"https:\/\/wp.me\/pgKjF2-9FZ","_links":{"self":[{"href":"https:\/\/exaudi.org\/it\/wp-json\/wp\/v2\/posts\/37199","targetHints":{"allow":["GET"]}}],"collection":[{"href":"https:\/\/exaudi.org\/it\/wp-json\/wp\/v2\/posts"}],"about":[{"href":"https:\/\/exaudi.org\/it\/wp-json\/wp\/v2\/types\/post"}],"author":[{"embeddable":true,"href":"https:\/\/exaudi.org\/it\/wp-json\/wp\/v2\/users\/17"}],"replies":[{"embeddable":true,"href":"https:\/\/exaudi.org\/it\/wp-json\/wp\/v2\/comments?post=37199"}],"version-history":[{"count":0,"href":"https:\/\/exaudi.org\/it\/wp-json\/wp\/v2\/posts\/37199\/revisions"}],"wp:featuredmedia":[{"embeddable":true,"href":"https:\/\/exaudi.org\/it\/wp-json\/wp\/v2\/media\/37198"}],"wp:attachment":[{"href":"https:\/\/exaudi.org\/it\/wp-json\/wp\/v2\/media?parent=37199"}],"wp:term":[{"taxonomy":"category","embeddable":true,"href":"https:\/\/exaudi.org\/it\/wp-json\/wp\/v2\/categories?post=37199"},{"taxonomy":"post_tag","embeddable":true,"href":"https:\/\/exaudi.org\/it\/wp-json\/wp\/v2\/tags?post=37199"}],"curies":[{"name":"wp","href":"https:\/\/api.w.org\/{rel}","templated":true}]}}