{"id":37171,"date":"2021-10-20T07:30:56","date_gmt":"2021-10-20T05:30:56","guid":{"rendered":"https:\/\/exaudi.wpengine.com\/?p=37171"},"modified":"2021-10-19T19:18:28","modified_gmt":"2021-10-19T17:18:28","slug":"religioni-e-cambiamento-climatico","status":"publish","type":"post","link":"https:\/\/exaudi.org\/it\/religioni-e-cambiamento-climatico\/","title":{"rendered":"Religioni e cambiamento climatico"},"content":{"rendered":"<p>Le religioni possono unirsi per la cura della casa comune, per contrastare il cambiamento climatico che stanno causando tanti disastri e fenomeni migratori massicci? Padre Mario Arroyo offre ai lettori di Exaudi le sue riflessioni.<\/p>\n<p>San Giovanni Paolo II in tre occasioni (1986, 1993 e 2002) ha riunito i leader religiosi del mondo per pregare per la pace ad Assisi. Voleva mostrare in questo modo come la religione in generale possa essere una forza di pace, generare pace nel suo ambiente e non violenza, come a volte accade (nel 2002, l&#8217;attentato alle Torri Gemelle perpetrato dai fondamentalisti islamici era recentissimo). La critica atea tende a sottolineare che la religione \u00e8 causa di divisione nel mondo, forse la pi\u00f9 profonda, e quindi sarebbe un dovere morale attaccarla. Il Santo Padre ha controbattuto queste critiche faziose e ha mostrato come i leader religiosi possano superare le loro differenze, dialogare e unirsi per pregare per la pace.<\/p>\n<h4>Cambiamento climatico<\/h4>\n<p>Ora, nel 2021, l&#8217;umanit\u00e0, insieme al bisogno di pace, che non pu\u00f2 mai essere dato per scontato, ha l&#8217;urgenza di prendersi cura del pianeta. Le religioni possono unirsi per chiedere la salute del pianeta e affrontare il cambiamento climatico? Ci\u00f2 che San Giovanni Paolo II ha fatto per la pace, Francesco lo fa ora con il cambiamento climatico: il Papa ha <a href=\"https:\/\/exaudi.wpengine.com\/it\/ambiente-serve-un-cambio-di-rotta-da-fare-insieme\/\">riunito in Vaticano<\/a> circa 40 leader religiosi perch\u00e9 esprimessero il loro sostegno alla COP 26 di Glasgow e la loro preoccupazione per il cambiamento climatico. Tutti hanno firmato un appello per fermare il cambiamento climatico. Tra i partecipanti c&#8217;erano, tra gli altri, l&#8217;Arcivescovo di Canterbury, il Patriarca Ecumenico Bartolomeo e l&#8217;Imam di Al-Azhar. Le religioni si sono unite per combattere l&#8217;inquinamento e difendere la salute del pianeta.<\/p>\n<h4>Leader delle religioni pi\u00f9 rappresentative<\/h4>\n<p>Insieme ai rappresentanti delle diverse confessioni cristiane, c&#8217;erano leader ebrei, musulmani, ind\u00f9, buddisti, sikh, confuciani, taoisti e zoroastriani; cio\u00e8 esponenti delle religioni pi\u00f9 rappresentative del pianeta. Tutti hanno espresso la loro comune preoccupazione per il clima e il loro sostegno all&#8217;ecologia. Questa realt\u00e0 mostra come le religioni abbiano dei punti in comune, nonostante le loro differenze storiche e culturali, e che quei punti in comune convergono a beneficio dell&#8217;umanit\u00e0. In questo modo, la lotta al cambiamento climatico contribuisce anche all&#8217;unit\u00e0 tra le diverse fedi, poich\u00e9 mostra come tutti insieme si possa lavorare per l&#8217;uomo e la societ\u00e0. Le differenze dottrinali non sono un ostacolo per poter fare del bene insieme, come una squadra.<\/p>\n<h4>Sguardo aperto<\/h4>\n<p>Papa Francesco ha scelto di non leggere il suo discorso, per non allungare troppo la cerimonia e dare pi\u00f9 spazio agli altri leader religiosi. Ma ha consegnato loro il suo discorso per iscritto. In esso insiste, fedele al suo consueto schema di pensiero, su tre punti: \u00ablo sguardo dell&#8217;interdipendenza e della condivisione, motore dell&#8217;amore e vocazione al rispetto\u00bb. Fedele alle sue profonde intuizioni, Francesco insiste che \u201ctutto \u00e8 connesso\u201d, e che per questo bisogna avere uno \u201csguardo aperto all&#8217;interdipendenza e alla condivisione\u201d. Siamo tutti membri dell&#8217;unica famiglia umana per cui condividiamo la responsabilit\u00e0 di portarla avanti.<\/p>\n<h4>Le proposte del Papa<\/h4>\n<p>Il &#8220;motore dell&#8217;amore&#8221; \u00e8 ci\u00f2 che ci porta a confrontarci con la &#8220;cultura dello scarto&#8221;, invitandoci a generare una cultura &#8220;della cura della nostra casa comune&#8221;. \u00c8 l&#8217;amore che ci porta ad affrontare \u201ci semi del conflitto: l&#8217;avidit\u00e0, l&#8217;indifferenza, l&#8217;ignoranza, la paura, l&#8217;ingiustizia, l&#8217;insicurezza e la violenza\u201d. Questi semi indeboliscono &#8220;l&#8217;alleanza tra l&#8217;essere umano e l&#8217;ambiente che deve essere un riflesso dell&#8217;amore creativo di Dio&#8221;. Per generare una cultura della &#8220;cura della nostra casa comune&#8221; il Papa propone due soluzioni che le religioni possono fornire: &#8220;esempio e azione&#8221;, e &#8220;educazione&#8221;. Ognuno dal proprio credo e tradizione culturale pu\u00f2 offrire il suo contributo in queste aree per prendersi cura del pianeta.<\/p>\n<h4>Rispetto<\/h4>\n<p>Il terzo elemento sottolineato da Francesco \u00e8 \u201cil rispetto per il creato, il rispetto per il prossimo, il rispetto per se stessi e il rispetto per il Creatore. Ma anche rispetto reciproco tra fede e scienza\u201d, affinch\u00e9 il dialogo fecondo tra loro sia orientato alla \u201ccura della natura, alla difesa dei poveri, alla costruzione di reti di rispetto e di fraternit\u00e0\u201d. Come si vede, papa Francesco \u00e8 ambizioso nella sua visione. Ritiene che la religione possa dare contributi alla scienza e che le religioni insieme possano contribuire a frenare il cambiamento climatico. E in ambito cristiano, questa cura farebbe parte della spiritualit\u00e0 cattolica.<\/p>\n","protected":false},"excerpt":{"rendered":"<p>Il ruolo delle diverse fedi nella cura della casa comune<\/p>\n","protected":false},"author":22,"featured_media":37172,"comment_status":"closed","ping_status":"closed","sticky":false,"template":"","format":"standard","meta":{"_acf_changed":false,"_crdt_document":"","inline_featured_image":false,"footnotes":""},"categories":[2157,297,129],"tags":[2707,2487,1955],"class_list":["post-37171","post","type-post","status-publish","format-standard","has-post-thumbnail","hentry","category-top-ultime-notizie","category-ultime-notizie","category-voci","tag-cambiamento-climatico","tag-featured-3","tag-religioni"],"acf":[],"yoast_head":"<!-- This site is optimized with the Yoast SEO plugin v27.4 - https:\/\/yoast.com\/product\/yoast-seo-wordpress\/ -->\n<title>Religioni e cambiamento climatico &#8211; Exaudi<\/title>\n<meta name=\"description\" content=\"Le religioni possono unirsi per la cura della casa comune e per contrastare il cambiamento climatico? Riflessioni sull&#039;iniziativa del Papa\" \/>\n<meta name=\"robots\" content=\"index, follow, max-snippet:-1, max-image-preview:large, max-video-preview:-1\" \/>\n<link rel=\"canonical\" href=\"https:\/\/exaudi.org\/it\/religioni-e-cambiamento-climatico\/\" \/>\n<meta property=\"og:locale\" content=\"it_IT\" \/>\n<meta property=\"og:type\" content=\"article\" \/>\n<meta property=\"og:title\" content=\"Religioni e cambiamento climatico &#8211; Exaudi\" \/>\n<meta property=\"og:description\" content=\"Le religioni possono unirsi per la cura della casa comune e per contrastare il cambiamento climatico? Riflessioni sull&#039;iniziativa del Papa\" \/>\n<meta property=\"og:url\" content=\"https:\/\/exaudi.org\/it\/religioni-e-cambiamento-climatico\/\" \/>\n<meta property=\"og:site_name\" content=\"Exaudi\" \/>\n<meta property=\"article:publisher\" content=\"https:\/\/www.facebook.com\/ExaudiNews\" \/>\n<meta property=\"article:published_time\" content=\"2021-10-20T05:30:56+00:00\" \/>\n<meta property=\"og:image\" content=\"https:\/\/exaudi.org\/wp-content\/uploads\/2021\/10\/SFO3989-scaled.jpg\" \/>\n\t<meta property=\"og:image:width\" content=\"2560\" \/>\n\t<meta property=\"og:image:height\" content=\"1707\" \/>\n\t<meta property=\"og:image:type\" content=\"image\/jpeg\" \/>\n<meta name=\"author\" content=\"Mario Arroyo\" \/>\n<meta name=\"twitter:card\" content=\"summary_large_image\" \/>\n<meta name=\"twitter:creator\" content=\"@Exaudi_News\" \/>\n<meta name=\"twitter:site\" content=\"@Exaudi_News\" \/>\n<meta name=\"twitter:label1\" content=\"Scritto da\" \/>\n\t<meta name=\"twitter:data1\" content=\"Mario Arroyo\" \/>\n\t<meta name=\"twitter:label2\" content=\"Tempo di lettura stimato\" \/>\n\t<meta name=\"twitter:data2\" content=\"4 minuti\" \/>\n<script type=\"application\/ld+json\" class=\"yoast-schema-graph\">{\"@context\":\"https:\\\/\\\/schema.org\",\"@graph\":[{\"@type\":\"Article\",\"@id\":\"https:\\\/\\\/exaudi.org\\\/it\\\/religioni-e-cambiamento-climatico\\\/#article\",\"isPartOf\":{\"@id\":\"https:\\\/\\\/exaudi.org\\\/it\\\/religioni-e-cambiamento-climatico\\\/\"},\"author\":{\"name\":\"Mario Arroyo\",\"@id\":\"https:\\\/\\\/exaudi.org\\\/#\\\/schema\\\/person\\\/2195e6e643f4a07a343345d49e4e6985\"},\"headline\":\"Religioni e cambiamento climatico\",\"datePublished\":\"2021-10-20T05:30:56+00:00\",\"mainEntityOfPage\":{\"@id\":\"https:\\\/\\\/exaudi.org\\\/it\\\/religioni-e-cambiamento-climatico\\\/\"},\"wordCount\":736,\"image\":{\"@id\":\"https:\\\/\\\/exaudi.org\\\/it\\\/religioni-e-cambiamento-climatico\\\/#primaryimage\"},\"thumbnailUrl\":\"https:\\\/\\\/exaudi.org\\\/wp-content\\\/uploads\\\/2021\\\/10\\\/SFO3989-scaled.jpg\",\"keywords\":[\"cambiamento climatico\",\"Featured\",\"religioni\"],\"articleSection\":[\"Top Ultime Notizie\",\"Ultime Notizie\",\"Voci\"],\"inLanguage\":\"it-IT\"},{\"@type\":\"WebPage\",\"@id\":\"https:\\\/\\\/exaudi.org\\\/it\\\/religioni-e-cambiamento-climatico\\\/\",\"url\":\"https:\\\/\\\/exaudi.org\\\/it\\\/religioni-e-cambiamento-climatico\\\/\",\"name\":\"Religioni e cambiamento climatico &#8211; Exaudi\",\"isPartOf\":{\"@id\":\"https:\\\/\\\/exaudi.org\\\/#website\"},\"primaryImageOfPage\":{\"@id\":\"https:\\\/\\\/exaudi.org\\\/it\\\/religioni-e-cambiamento-climatico\\\/#primaryimage\"},\"image\":{\"@id\":\"https:\\\/\\\/exaudi.org\\\/it\\\/religioni-e-cambiamento-climatico\\\/#primaryimage\"},\"thumbnailUrl\":\"https:\\\/\\\/exaudi.org\\\/wp-content\\\/uploads\\\/2021\\\/10\\\/SFO3989-scaled.jpg\",\"datePublished\":\"2021-10-20T05:30:56+00:00\",\"author\":{\"@id\":\"https:\\\/\\\/exaudi.org\\\/#\\\/schema\\\/person\\\/2195e6e643f4a07a343345d49e4e6985\"},\"description\":\"Le religioni possono unirsi per la cura della casa comune e per contrastare il cambiamento climatico? Riflessioni sull'iniziativa del Papa\",\"breadcrumb\":{\"@id\":\"https:\\\/\\\/exaudi.org\\\/it\\\/religioni-e-cambiamento-climatico\\\/#breadcrumb\"},\"inLanguage\":\"it-IT\",\"potentialAction\":[{\"@type\":\"ReadAction\",\"target\":[\"https:\\\/\\\/exaudi.org\\\/it\\\/religioni-e-cambiamento-climatico\\\/\"]}]},{\"@type\":\"ImageObject\",\"inLanguage\":\"it-IT\",\"@id\":\"https:\\\/\\\/exaudi.org\\\/it\\\/religioni-e-cambiamento-climatico\\\/#primaryimage\",\"url\":\"https:\\\/\\\/exaudi.org\\\/wp-content\\\/uploads\\\/2021\\\/10\\\/SFO3989-scaled.jpg\",\"contentUrl\":\"https:\\\/\\\/exaudi.org\\\/wp-content\\\/uploads\\\/2021\\\/10\\\/SFO3989-scaled.jpg\",\"width\":2560,\"height\":1707,\"caption\":\"Il Papa pianta simbolicamente un ulivo insieme agli altri leader religiosi lo scorso 4 ottobre (C) Vatican Media\"},{\"@type\":\"BreadcrumbList\",\"@id\":\"https:\\\/\\\/exaudi.org\\\/it\\\/religioni-e-cambiamento-climatico\\\/#breadcrumb\",\"itemListElement\":[{\"@type\":\"ListItem\",\"position\":1,\"name\":\"Portada\",\"item\":\"https:\\\/\\\/exaudi.org\\\/it\\\/\"},{\"@type\":\"ListItem\",\"position\":2,\"name\":\"Religioni e cambiamento climatico\"}]},{\"@type\":\"WebSite\",\"@id\":\"https:\\\/\\\/exaudi.org\\\/#website\",\"url\":\"https:\\\/\\\/exaudi.org\\\/\",\"name\":\"Exaudi\",\"description\":\"News\",\"potentialAction\":[{\"@type\":\"SearchAction\",\"target\":{\"@type\":\"EntryPoint\",\"urlTemplate\":\"https:\\\/\\\/exaudi.org\\\/?s={search_term_string}\"},\"query-input\":{\"@type\":\"PropertyValueSpecification\",\"valueRequired\":true,\"valueName\":\"search_term_string\"}}],\"inLanguage\":\"it-IT\"},{\"@type\":\"Person\",\"@id\":\"https:\\\/\\\/exaudi.org\\\/#\\\/schema\\\/person\\\/2195e6e643f4a07a343345d49e4e6985\",\"name\":\"Mario Arroyo\",\"image\":{\"@type\":\"ImageObject\",\"inLanguage\":\"it-IT\",\"@id\":\"https:\\\/\\\/secure.gravatar.com\\\/avatar\\\/0e2dddc1d3bf207409f5b4d542cef9a9955ad497448376a1621fcb1df592d137?s=96&d=mm&r=g\",\"url\":\"https:\\\/\\\/secure.gravatar.com\\\/avatar\\\/0e2dddc1d3bf207409f5b4d542cef9a9955ad497448376a1621fcb1df592d137?s=96&d=mm&r=g\",\"contentUrl\":\"https:\\\/\\\/secure.gravatar.com\\\/avatar\\\/0e2dddc1d3bf207409f5b4d542cef9a9955ad497448376a1621fcb1df592d137?s=96&d=mm&r=g\",\"caption\":\"Mario Arroyo\"},\"description\":\"Licenciado en Filosof\u00eda por la Universidad Panamericana, M\u00e9xico 1996, ostenta el bachiller en Teolog\u00eda por la Pontificia Universidad de la Santa Cruz, Roma 1999. Doctor en Filosof\u00eda por la Pontificia Universidad de la Santa Cruz, Roma 2002. Ordenado sacerdote en Torreciudad, Espa\u00f1a, en 2002. Autor de: Poder, Dinero y Santidad, Lima 2012; Ciencia y Fe. Un equilibrio posible, UCSS, Lima 2015; Ciencia y Fe. Situaci\u00f3n actual, Facultad de Teolog\u00eda Pontificia y Civil de Lima, Lima 2016; La Iglesia y los Homosexuales. Un falso conflicto, Facultad de Teolog\u00eda Pontificia y Civil de Lima, Lima 2017. Coautor de Dios Busca al Hombre, CDSCO, Lima 2013; Neurona mata esp\u00edritu, Amazon, Lima 2018; Teolog\u00eda para Millennials, Amazon, Lima 2018. El padre Mario es columnista de los portales peruanos Cr\u00f3nica Viva, La abeja y Lucidez, as\u00ed como de los peri\u00f3dicos mexicanos Mural, Expreso, del portal mexicano Vox Fides y de ZENIT. Capell\u00e1n de la Universidad de Piura, Campus de Lima durante los cursos 2017 y 2018. Actualmente, profesor de Teolog\u00eda en la Universidad Panamericana, Ciudad de M\u00e9xico.\",\"url\":\"https:\\\/\\\/exaudi.org\\\/it\\\/author\\\/padremarioarroyo\\\/\"}]}<\/script>\n<!-- \/ Yoast SEO plugin. -->","yoast_head_json":{"title":"Religioni e cambiamento climatico &#8211; Exaudi","description":"Le religioni possono unirsi per la cura della casa comune e per contrastare il cambiamento climatico? Riflessioni sull'iniziativa del Papa","robots":{"index":"index","follow":"follow","max-snippet":"max-snippet:-1","max-image-preview":"max-image-preview:large","max-video-preview":"max-video-preview:-1"},"canonical":"https:\/\/exaudi.org\/it\/religioni-e-cambiamento-climatico\/","og_locale":"it_IT","og_type":"article","og_title":"Religioni e cambiamento climatico &#8211; Exaudi","og_description":"Le religioni possono unirsi per la cura della casa comune e per contrastare il cambiamento climatico? Riflessioni sull'iniziativa del Papa","og_url":"https:\/\/exaudi.org\/it\/religioni-e-cambiamento-climatico\/","og_site_name":"Exaudi","article_publisher":"https:\/\/www.facebook.com\/ExaudiNews","article_published_time":"2021-10-20T05:30:56+00:00","og_image":[{"width":2560,"height":1707,"url":"https:\/\/exaudi.org\/wp-content\/uploads\/2021\/10\/SFO3989-scaled.jpg","type":"image\/jpeg"}],"author":"Mario Arroyo","twitter_card":"summary_large_image","twitter_creator":"@Exaudi_News","twitter_site":"@Exaudi_News","twitter_misc":{"Scritto da":"Mario Arroyo","Tempo di lettura stimato":"4 minuti"},"schema":{"@context":"https:\/\/schema.org","@graph":[{"@type":"Article","@id":"https:\/\/exaudi.org\/it\/religioni-e-cambiamento-climatico\/#article","isPartOf":{"@id":"https:\/\/exaudi.org\/it\/religioni-e-cambiamento-climatico\/"},"author":{"name":"Mario Arroyo","@id":"https:\/\/exaudi.org\/#\/schema\/person\/2195e6e643f4a07a343345d49e4e6985"},"headline":"Religioni e cambiamento climatico","datePublished":"2021-10-20T05:30:56+00:00","mainEntityOfPage":{"@id":"https:\/\/exaudi.org\/it\/religioni-e-cambiamento-climatico\/"},"wordCount":736,"image":{"@id":"https:\/\/exaudi.org\/it\/religioni-e-cambiamento-climatico\/#primaryimage"},"thumbnailUrl":"https:\/\/exaudi.org\/wp-content\/uploads\/2021\/10\/SFO3989-scaled.jpg","keywords":["cambiamento climatico","Featured","religioni"],"articleSection":["Top Ultime Notizie","Ultime Notizie","Voci"],"inLanguage":"it-IT"},{"@type":"WebPage","@id":"https:\/\/exaudi.org\/it\/religioni-e-cambiamento-climatico\/","url":"https:\/\/exaudi.org\/it\/religioni-e-cambiamento-climatico\/","name":"Religioni e cambiamento climatico &#8211; Exaudi","isPartOf":{"@id":"https:\/\/exaudi.org\/#website"},"primaryImageOfPage":{"@id":"https:\/\/exaudi.org\/it\/religioni-e-cambiamento-climatico\/#primaryimage"},"image":{"@id":"https:\/\/exaudi.org\/it\/religioni-e-cambiamento-climatico\/#primaryimage"},"thumbnailUrl":"https:\/\/exaudi.org\/wp-content\/uploads\/2021\/10\/SFO3989-scaled.jpg","datePublished":"2021-10-20T05:30:56+00:00","author":{"@id":"https:\/\/exaudi.org\/#\/schema\/person\/2195e6e643f4a07a343345d49e4e6985"},"description":"Le religioni possono unirsi per la cura della casa comune e per contrastare il cambiamento climatico? Riflessioni sull'iniziativa del Papa","breadcrumb":{"@id":"https:\/\/exaudi.org\/it\/religioni-e-cambiamento-climatico\/#breadcrumb"},"inLanguage":"it-IT","potentialAction":[{"@type":"ReadAction","target":["https:\/\/exaudi.org\/it\/religioni-e-cambiamento-climatico\/"]}]},{"@type":"ImageObject","inLanguage":"it-IT","@id":"https:\/\/exaudi.org\/it\/religioni-e-cambiamento-climatico\/#primaryimage","url":"https:\/\/exaudi.org\/wp-content\/uploads\/2021\/10\/SFO3989-scaled.jpg","contentUrl":"https:\/\/exaudi.org\/wp-content\/uploads\/2021\/10\/SFO3989-scaled.jpg","width":2560,"height":1707,"caption":"Il Papa pianta simbolicamente un ulivo insieme agli altri leader religiosi lo scorso 4 ottobre (C) Vatican Media"},{"@type":"BreadcrumbList","@id":"https:\/\/exaudi.org\/it\/religioni-e-cambiamento-climatico\/#breadcrumb","itemListElement":[{"@type":"ListItem","position":1,"name":"Portada","item":"https:\/\/exaudi.org\/it\/"},{"@type":"ListItem","position":2,"name":"Religioni e cambiamento climatico"}]},{"@type":"WebSite","@id":"https:\/\/exaudi.org\/#website","url":"https:\/\/exaudi.org\/","name":"Exaudi","description":"News","potentialAction":[{"@type":"SearchAction","target":{"@type":"EntryPoint","urlTemplate":"https:\/\/exaudi.org\/?s={search_term_string}"},"query-input":{"@type":"PropertyValueSpecification","valueRequired":true,"valueName":"search_term_string"}}],"inLanguage":"it-IT"},{"@type":"Person","@id":"https:\/\/exaudi.org\/#\/schema\/person\/2195e6e643f4a07a343345d49e4e6985","name":"Mario Arroyo","image":{"@type":"ImageObject","inLanguage":"it-IT","@id":"https:\/\/secure.gravatar.com\/avatar\/0e2dddc1d3bf207409f5b4d542cef9a9955ad497448376a1621fcb1df592d137?s=96&d=mm&r=g","url":"https:\/\/secure.gravatar.com\/avatar\/0e2dddc1d3bf207409f5b4d542cef9a9955ad497448376a1621fcb1df592d137?s=96&d=mm&r=g","contentUrl":"https:\/\/secure.gravatar.com\/avatar\/0e2dddc1d3bf207409f5b4d542cef9a9955ad497448376a1621fcb1df592d137?s=96&d=mm&r=g","caption":"Mario Arroyo"},"description":"Licenciado en Filosof\u00eda por la Universidad Panamericana, M\u00e9xico 1996, ostenta el bachiller en Teolog\u00eda por la Pontificia Universidad de la Santa Cruz, Roma 1999. Doctor en Filosof\u00eda por la Pontificia Universidad de la Santa Cruz, Roma 2002. Ordenado sacerdote en Torreciudad, Espa\u00f1a, en 2002. Autor de: Poder, Dinero y Santidad, Lima 2012; Ciencia y Fe. Un equilibrio posible, UCSS, Lima 2015; Ciencia y Fe. Situaci\u00f3n actual, Facultad de Teolog\u00eda Pontificia y Civil de Lima, Lima 2016; La Iglesia y los Homosexuales. Un falso conflicto, Facultad de Teolog\u00eda Pontificia y Civil de Lima, Lima 2017. Coautor de Dios Busca al Hombre, CDSCO, Lima 2013; Neurona mata esp\u00edritu, Amazon, Lima 2018; Teolog\u00eda para Millennials, Amazon, Lima 2018. El padre Mario es columnista de los portales peruanos Cr\u00f3nica Viva, La abeja y Lucidez, as\u00ed como de los peri\u00f3dicos mexicanos Mural, Expreso, del portal mexicano Vox Fides y de ZENIT. Capell\u00e1n de la Universidad de Piura, Campus de Lima durante los cursos 2017 y 2018. Actualmente, profesor de Teolog\u00eda en la Universidad Panamericana, Ciudad de M\u00e9xico.","url":"https:\/\/exaudi.org\/it\/author\/padremarioarroyo\/"}]}},"jetpack_featured_media_url":"https:\/\/exaudi.org\/wp-content\/uploads\/2021\/10\/SFO3989-scaled.jpg","jetpack_shortlink":"https:\/\/wp.me\/pgKjF2-9Fx","_links":{"self":[{"href":"https:\/\/exaudi.org\/it\/wp-json\/wp\/v2\/posts\/37171","targetHints":{"allow":["GET"]}}],"collection":[{"href":"https:\/\/exaudi.org\/it\/wp-json\/wp\/v2\/posts"}],"about":[{"href":"https:\/\/exaudi.org\/it\/wp-json\/wp\/v2\/types\/post"}],"author":[{"embeddable":true,"href":"https:\/\/exaudi.org\/it\/wp-json\/wp\/v2\/users\/22"}],"replies":[{"embeddable":true,"href":"https:\/\/exaudi.org\/it\/wp-json\/wp\/v2\/comments?post=37171"}],"version-history":[{"count":0,"href":"https:\/\/exaudi.org\/it\/wp-json\/wp\/v2\/posts\/37171\/revisions"}],"wp:featuredmedia":[{"embeddable":true,"href":"https:\/\/exaudi.org\/it\/wp-json\/wp\/v2\/media\/37172"}],"wp:attachment":[{"href":"https:\/\/exaudi.org\/it\/wp-json\/wp\/v2\/media?parent=37171"}],"wp:term":[{"taxonomy":"category","embeddable":true,"href":"https:\/\/exaudi.org\/it\/wp-json\/wp\/v2\/categories?post=37171"},{"taxonomy":"post_tag","embeddable":true,"href":"https:\/\/exaudi.org\/it\/wp-json\/wp\/v2\/tags?post=37171"}],"curies":[{"name":"wp","href":"https:\/\/api.w.org\/{rel}","templated":true}]}}