{"id":36866,"date":"2021-10-15T17:23:41","date_gmt":"2021-10-15T15:23:41","guid":{"rendered":"https:\/\/exaudi.wpengine.com\/?p=36866"},"modified":"2021-10-15T17:23:41","modified_gmt":"2021-10-15T15:23:41","slug":"contro-la-fame-superare-la-logica-del-mercato","status":"publish","type":"post","link":"https:\/\/exaudi.org\/it\/contro-la-fame-superare-la-logica-del-mercato\/","title":{"rendered":"Contro la fame superare la logica del mercato"},"content":{"rendered":"<p>Contro la fame occorre superare la fredda logica del mercato, sostenere i piccoli produttori, cambiare stili di vita. Lo afferma il Papa nel messaggio inviato oggi al Direttore Generale della Fao Qu Dongyu. L&#8217;occasione \u00e8 la cerimonia, a Roma, per la Giornata mondiale dell\u2019alimentazione. Questa la traduzione fornita dalla Sala Stampa della S. Sede:<\/p>\n<p>Eccellenza, la celebrazione annuale della Giornata Mondiale dell\u2019Alimentazione ci pone di fronte a una delle sfide pi\u00f9 grandi dell\u2019umanit\u00e0: sconfiggere la fame una volta per tutte \u00e8 una meta ambiziosa. Il Vertice delle Nazioni Unite sui Sistemi Alimentari, tenutosi a New York lo scorso 23 settembre, ha messo in evidenza la perentoriet\u00e0 di adottare soluzioni innovative che possano trasformare il modo in cui produciamo e consumiamo gli alimenti per il benessere delle persone e del pianeta.<\/p>\n<p>Questo \u00e8 improrogabile per accelerare la ripresa post-pandemica, combattere l\u2019insicurezza alimentare e avanzare verso il conseguimento di tutti gli Obiettivi dell\u2019Agenda 2030. Il tema proposto quest\u2019anno dalla Fao, \u201cLe nostre azioni sono il nostro futuro. Una produzione migliore, una nutrizione migliore, un ambiente migliore e una vita migliore\u201d, sottolinea il bisogno di un\u2019azione congiunta affinch\u00e9 tutti abbiano accesso a un\u2019alimentazione che garantisca la massima sostenibilit\u00e0 ambientale e che inoltre sia adeguata e a un prezzo accessibile.<\/p>\n<h4>Fame e obesit\u00e0<\/h4>\n<p>Ognuno di noi ha una funzione da svolgere nella trasformazione dei sistemi alimentari a beneficio delle persone e del pianeta, e \u201ctutti possiamo collaborare [\u2026] per la cura della creazione, ognuno con la propria cultura ed esperienza, le proprie iniziative e capacit\u00e0\u201d. Attualmente assistiamo a un autentico paradosso in quando all\u2019accesso al cibo. Da un lato, pi\u00f9 di 3 miliardi di persone non hanno accesso a una dieta nutriente. Dall\u2019altro, quasi 2 miliardi di persone sono in sovrappeso o affetti da obesit\u00e0 per cattiva alimentazione e stile di vita sedentario. Se non vogliamo mettere in pericolo la salute del nostro pianeta e di tutta la nostra popolazione, dobbiamo favorire la partecipazione attiva al cambiamento a tutti i livelli e riorganizzare i sistemi alimentari nel loro insieme.<\/p>\n<h4>Quattro ambiti per combattere la fame<\/h4>\n<p>Vorrei indicare quattro ambiti in cui \u00e8 urgente agire: nei campi, nel mare, nella tavola e nella riduzione della perdita e dello spreco alimentare. I nostri stili di vita e le nostre pratiche di consumo quotidiane influiscono sulla dinamica globale e ambientale.<\/p>\n<p>Tuttavia, se aspiriamo a un cambiamento reale, dobbiamo esortare produttori e consumatori a prendere decisioni etiche e sostenibili e sensibilizzare le generazioni pi\u00f9 giovani sull\u2019importante compito che svolgono per rendere realt\u00e0 un mondo senza fame. Ognuno di noi pu\u00f2 offrire il suo contributo a questa nobile causa, iniziando dalla nostra vita quotidiana e dai gesti pi\u00f9 semplici.<\/p>\n<h4>Sostenere i piccoli produttori<\/h4>\n<p>Conoscere la nostra Casa Comune, proteggerla ed essere consapevoli della sua importanza \u00e8 il primo passo per essere custodi e promotori dell\u2019ambiente. La pandemia ci d\u00e0 l\u2019opportunit\u00e0 di cambiare rotta e investire in un sistema alimentare mondiale che possa far fronte con sensatezza e responsabilit\u00e0 a future crisi. In tal senso, il prezioso contributo dei piccoli produttori \u00e8 fondamentale; occorre facilitare il loro accesso all\u2019innovazione che, applicata al settore agroalimentare, pu\u00f2 rafforzare la resistenza al cambiamento climatico, aumentare la produzione di cibo e sostenere quanti lavorano nella catena di valore alimentare.<\/p>\n<h4>Superare la logica del mercato<\/h4>\n<p>La lotta contro la fame esige di superare la fredda logica del mercato, incentrata avidamente sul mero beneficio economico e sulla riduzione del cibo a una merce come tante, e rafforzare la logica della solidariet\u00e0.<\/p>\n<p>Signor Direttore Generale, la Santa Sede e la Chiesa cattolica camminano insieme alla Fao e alle altre entit\u00e0 e persone che danno il meglio di s\u00e9 affinch\u00e9 nessun essere umano veda lesi o ignorati i suoi diritti fondamentali. Che quanti spargono semi di speranza e di concordia sentano il sostegno della mia preghiera affinch\u00e9 le loro iniziative e i loro progetti siano sempre pi\u00f9 fruttuosi ed efficaci. Con questi sentimenti, invoco su di lei e su quanti con impegno e generosit\u00e0 combattono la miseria e la fame nel mondo la Benedizione di Dio Onnipotente.<\/p>\n","protected":false},"excerpt":{"rendered":"<p>Messaggio del Pontefice al direttore della Fao per la Giornata mondiale dell&#8217;alimentazione<\/p>\n","protected":false},"author":17,"featured_media":36870,"comment_status":"closed","ping_status":"closed","sticky":false,"template":"","format":"standard","meta":{"_acf_changed":false,"_crdt_document":"","inline_featured_image":false,"footnotes":""},"categories":[67,2157,297],"tags":[2280,251],"class_list":["post-36866","post","type-post","status-publish","format-standard","has-post-thumbnail","hentry","category-leone-xiv","category-top-ultime-notizie","category-ultime-notizie","tag-fame","tag-papa-francesco"],"acf":[],"yoast_head":"<!-- This site is optimized with the Yoast SEO plugin v27.5 - https:\/\/yoast.com\/product\/yoast-seo-wordpress\/ -->\n<title>Contro la fame superare la logica del mercato &#8211; Exaudi<\/title>\n<meta name=\"description\" content=\"Contro la fame occorre superare la logica del mercato, sostenere i piccoli produttori, cambiare stili di vita: messaggio del Papa alla Fao\" \/>\n<meta name=\"robots\" content=\"index, follow, max-snippet:-1, max-image-preview:large, max-video-preview:-1\" \/>\n<link rel=\"canonical\" href=\"https:\/\/exaudi.org\/it\/contro-la-fame-superare-la-logica-del-mercato\/\" \/>\n<meta property=\"og:locale\" content=\"it_IT\" \/>\n<meta property=\"og:type\" content=\"article\" \/>\n<meta property=\"og:title\" content=\"Contro la fame superare la logica del mercato &#8211; Exaudi\" \/>\n<meta property=\"og:description\" content=\"Contro la fame occorre superare la logica del mercato, sostenere i piccoli produttori, cambiare stili di vita: messaggio del Papa alla Fao\" \/>\n<meta property=\"og:url\" content=\"https:\/\/exaudi.org\/it\/contro-la-fame-superare-la-logica-del-mercato\/\" \/>\n<meta property=\"og:site_name\" content=\"Exaudi\" \/>\n<meta property=\"article:publisher\" content=\"https:\/\/www.facebook.com\/ExaudiNews\" \/>\n<meta property=\"article:author\" content=\"https:\/\/www.facebook.com\/ExaudiNotizie\/\" \/>\n<meta property=\"article:published_time\" content=\"2021-10-15T15:23:41+00:00\" \/>\n<meta property=\"og:image\" content=\"https:\/\/exaudi.org\/wp-content\/uploads\/2021\/10\/fame.jpeg\" \/>\n\t<meta property=\"og:image:width\" content=\"1500\" \/>\n\t<meta property=\"og:image:height\" content=\"844\" \/>\n\t<meta property=\"og:image:type\" content=\"image\/jpeg\" \/>\n<meta name=\"author\" content=\"Exaudi Redazione\" \/>\n<meta name=\"twitter:card\" content=\"summary_large_image\" \/>\n<meta name=\"twitter:creator\" content=\"@Exaudi_Notizie\" \/>\n<meta name=\"twitter:site\" content=\"@Exaudi_News\" \/>\n<meta name=\"twitter:label1\" content=\"Scritto da\" \/>\n\t<meta name=\"twitter:data1\" content=\"Exaudi Redazione\" \/>\n\t<meta name=\"twitter:label2\" content=\"Tempo di lettura stimato\" \/>\n\t<meta name=\"twitter:data2\" content=\"3 minuti\" \/>\n<script type=\"application\/ld+json\" class=\"yoast-schema-graph\">{\"@context\":\"https:\\\/\\\/schema.org\",\"@graph\":[{\"@type\":\"Article\",\"@id\":\"https:\\\/\\\/exaudi.org\\\/it\\\/contro-la-fame-superare-la-logica-del-mercato\\\/#article\",\"isPartOf\":{\"@id\":\"https:\\\/\\\/exaudi.org\\\/it\\\/contro-la-fame-superare-la-logica-del-mercato\\\/\"},\"author\":{\"name\":\"Exaudi Redazione\",\"@id\":\"https:\\\/\\\/exaudi.org\\\/#\\\/schema\\\/person\\\/e1ab6ed07c01774724dd96f925f3a5f0\"},\"headline\":\"Contro la fame superare la logica del mercato\",\"datePublished\":\"2021-10-15T15:23:41+00:00\",\"mainEntityOfPage\":{\"@id\":\"https:\\\/\\\/exaudi.org\\\/it\\\/contro-la-fame-superare-la-logica-del-mercato\\\/\"},\"wordCount\":681,\"image\":{\"@id\":\"https:\\\/\\\/exaudi.org\\\/it\\\/contro-la-fame-superare-la-logica-del-mercato\\\/#primaryimage\"},\"thumbnailUrl\":\"https:\\\/\\\/exaudi.org\\\/wp-content\\\/uploads\\\/2021\\\/10\\\/fame.jpeg\",\"keywords\":[\"fame\",\"Papa Francesco\"],\"articleSection\":[\"Leone XIV\",\"Top Ultime Notizie\",\"Ultime Notizie\"],\"inLanguage\":\"it-IT\"},{\"@type\":\"WebPage\",\"@id\":\"https:\\\/\\\/exaudi.org\\\/it\\\/contro-la-fame-superare-la-logica-del-mercato\\\/\",\"url\":\"https:\\\/\\\/exaudi.org\\\/it\\\/contro-la-fame-superare-la-logica-del-mercato\\\/\",\"name\":\"Contro la fame superare la logica del mercato &#8211; Exaudi\",\"isPartOf\":{\"@id\":\"https:\\\/\\\/exaudi.org\\\/#website\"},\"primaryImageOfPage\":{\"@id\":\"https:\\\/\\\/exaudi.org\\\/it\\\/contro-la-fame-superare-la-logica-del-mercato\\\/#primaryimage\"},\"image\":{\"@id\":\"https:\\\/\\\/exaudi.org\\\/it\\\/contro-la-fame-superare-la-logica-del-mercato\\\/#primaryimage\"},\"thumbnailUrl\":\"https:\\\/\\\/exaudi.org\\\/wp-content\\\/uploads\\\/2021\\\/10\\\/fame.jpeg\",\"datePublished\":\"2021-10-15T15:23:41+00:00\",\"author\":{\"@id\":\"https:\\\/\\\/exaudi.org\\\/#\\\/schema\\\/person\\\/e1ab6ed07c01774724dd96f925f3a5f0\"},\"description\":\"Contro la fame occorre superare la logica del mercato, sostenere i piccoli produttori, cambiare stili di vita: messaggio del Papa alla Fao\",\"breadcrumb\":{\"@id\":\"https:\\\/\\\/exaudi.org\\\/it\\\/contro-la-fame-superare-la-logica-del-mercato\\\/#breadcrumb\"},\"inLanguage\":\"it-IT\",\"potentialAction\":[{\"@type\":\"ReadAction\",\"target\":[\"https:\\\/\\\/exaudi.org\\\/it\\\/contro-la-fame-superare-la-logica-del-mercato\\\/\"]}]},{\"@type\":\"ImageObject\",\"inLanguage\":\"it-IT\",\"@id\":\"https:\\\/\\\/exaudi.org\\\/it\\\/contro-la-fame-superare-la-logica-del-mercato\\\/#primaryimage\",\"url\":\"https:\\\/\\\/exaudi.org\\\/wp-content\\\/uploads\\\/2021\\\/10\\\/fame.jpeg\",\"contentUrl\":\"https:\\\/\\\/exaudi.org\\\/wp-content\\\/uploads\\\/2021\\\/10\\\/fame.jpeg\",\"width\":1500,\"height\":844,\"caption\":\"La lotta agli sprechi alimentari \u00e8 uno degli ambiti indicati dal Papa (C) Vatican Media\"},{\"@type\":\"BreadcrumbList\",\"@id\":\"https:\\\/\\\/exaudi.org\\\/it\\\/contro-la-fame-superare-la-logica-del-mercato\\\/#breadcrumb\",\"itemListElement\":[{\"@type\":\"ListItem\",\"position\":1,\"name\":\"Portada\",\"item\":\"https:\\\/\\\/exaudi.org\\\/it\\\/\"},{\"@type\":\"ListItem\",\"position\":2,\"name\":\"Contro la fame superare la logica del mercato\"}]},{\"@type\":\"WebSite\",\"@id\":\"https:\\\/\\\/exaudi.org\\\/#website\",\"url\":\"https:\\\/\\\/exaudi.org\\\/\",\"name\":\"Exaudi\",\"description\":\"News\",\"potentialAction\":[{\"@type\":\"SearchAction\",\"target\":{\"@type\":\"EntryPoint\",\"urlTemplate\":\"https:\\\/\\\/exaudi.org\\\/?s={search_term_string}\"},\"query-input\":{\"@type\":\"PropertyValueSpecification\",\"valueRequired\":true,\"valueName\":\"search_term_string\"}}],\"inLanguage\":\"it-IT\"},{\"@type\":\"Person\",\"@id\":\"https:\\\/\\\/exaudi.org\\\/#\\\/schema\\\/person\\\/e1ab6ed07c01774724dd96f925f3a5f0\",\"name\":\"Exaudi Redazione\",\"image\":{\"@type\":\"ImageObject\",\"inLanguage\":\"it-IT\",\"@id\":\"https:\\\/\\\/secure.gravatar.com\\\/avatar\\\/ad6774b3ada023bf5b939d64f45c94b3adf91502dd883507d469b4308a943bb3?s=96&d=mm&r=g\",\"url\":\"https:\\\/\\\/secure.gravatar.com\\\/avatar\\\/ad6774b3ada023bf5b939d64f45c94b3adf91502dd883507d469b4308a943bb3?s=96&d=mm&r=g\",\"contentUrl\":\"https:\\\/\\\/secure.gravatar.com\\\/avatar\\\/ad6774b3ada023bf5b939d64f45c94b3adf91502dd883507d469b4308a943bb3?s=96&d=mm&r=g\",\"caption\":\"Exaudi Redazione\"},\"description\":\"Che cosa \u00e8 Exaudi News? Exaudi News \u00e8 un agenzia cattolica internazionale che informa, istruisce e trasforma quotidianamente in spagnolo, inglese e italiano. Attraverso notizie, articoli di analisi e trasmissioni in diretta degli eventi del Papa, Exaudi cerca di rafforzare l'unit\u00e0 dei cristiani e di contribuire all'evangelizzazione del mondo, sempre guidato dalla dottrina sociale della Chiesa. Lavoriamo per portare la verit\u00e0 e i valori cristiani in ogni angolo del pianeta. Aiutaci a trasformare il mondo con Exaudi! Noi di Exaudi crediamo che l'evangelizzazione e l'informazione di qualit\u00e0 possano cambiare la vita. Per continuare la nostra missione ed espandere la nostra portata, abbiamo bisogno del tuo aiuto. Stiamo anche cercando persone motivate che vogliano unirsi al nostro team. Grazie al vostro sostegno raggiungeremo pi\u00f9 persone, diffonderemo il messaggio di Cristo e rafforzeremo l'unit\u00e0 dei cristiani. Vuoi unirti alla nostra missione? Per maggiori informazioni su come contribuire, visita Exaudi.org\\\/it o contattaci direttamente: info@exaudi.org Exaudi: informa, forma e trasforma.\",\"sameAs\":[\"https:\\\/\\\/www.facebook.com\\\/ExaudiNotizie\\\/\",\"https:\\\/\\\/www.instagram.com\\\/Exaudi_notizie\\\/\",\"https:\\\/\\\/x.com\\\/Exaudi_Notizie\",\"https:\\\/\\\/www.youtube.com\\\/@exaudicatholicnews\"],\"url\":\"https:\\\/\\\/exaudi.org\\\/it\\\/author\\\/dlvedi-org\\\/\"}]}<\/script>\n<!-- \/ Yoast SEO plugin. -->","yoast_head_json":{"title":"Contro la fame superare la logica del mercato &#8211; Exaudi","description":"Contro la fame occorre superare la logica del mercato, sostenere i piccoli produttori, cambiare stili di vita: messaggio del Papa alla Fao","robots":{"index":"index","follow":"follow","max-snippet":"max-snippet:-1","max-image-preview":"max-image-preview:large","max-video-preview":"max-video-preview:-1"},"canonical":"https:\/\/exaudi.org\/it\/contro-la-fame-superare-la-logica-del-mercato\/","og_locale":"it_IT","og_type":"article","og_title":"Contro la fame superare la logica del mercato &#8211; Exaudi","og_description":"Contro la fame occorre superare la logica del mercato, sostenere i piccoli produttori, cambiare stili di vita: messaggio del Papa alla Fao","og_url":"https:\/\/exaudi.org\/it\/contro-la-fame-superare-la-logica-del-mercato\/","og_site_name":"Exaudi","article_publisher":"https:\/\/www.facebook.com\/ExaudiNews","article_author":"https:\/\/www.facebook.com\/ExaudiNotizie\/","article_published_time":"2021-10-15T15:23:41+00:00","og_image":[{"width":1500,"height":844,"url":"https:\/\/exaudi.org\/wp-content\/uploads\/2021\/10\/fame.jpeg","type":"image\/jpeg"}],"author":"Exaudi Redazione","twitter_card":"summary_large_image","twitter_creator":"@Exaudi_Notizie","twitter_site":"@Exaudi_News","twitter_misc":{"Scritto da":"Exaudi Redazione","Tempo di lettura stimato":"3 minuti"},"schema":{"@context":"https:\/\/schema.org","@graph":[{"@type":"Article","@id":"https:\/\/exaudi.org\/it\/contro-la-fame-superare-la-logica-del-mercato\/#article","isPartOf":{"@id":"https:\/\/exaudi.org\/it\/contro-la-fame-superare-la-logica-del-mercato\/"},"author":{"name":"Exaudi Redazione","@id":"https:\/\/exaudi.org\/#\/schema\/person\/e1ab6ed07c01774724dd96f925f3a5f0"},"headline":"Contro la fame superare la logica del mercato","datePublished":"2021-10-15T15:23:41+00:00","mainEntityOfPage":{"@id":"https:\/\/exaudi.org\/it\/contro-la-fame-superare-la-logica-del-mercato\/"},"wordCount":681,"image":{"@id":"https:\/\/exaudi.org\/it\/contro-la-fame-superare-la-logica-del-mercato\/#primaryimage"},"thumbnailUrl":"https:\/\/exaudi.org\/wp-content\/uploads\/2021\/10\/fame.jpeg","keywords":["fame","Papa Francesco"],"articleSection":["Leone XIV","Top Ultime Notizie","Ultime Notizie"],"inLanguage":"it-IT"},{"@type":"WebPage","@id":"https:\/\/exaudi.org\/it\/contro-la-fame-superare-la-logica-del-mercato\/","url":"https:\/\/exaudi.org\/it\/contro-la-fame-superare-la-logica-del-mercato\/","name":"Contro la fame superare la logica del mercato &#8211; Exaudi","isPartOf":{"@id":"https:\/\/exaudi.org\/#website"},"primaryImageOfPage":{"@id":"https:\/\/exaudi.org\/it\/contro-la-fame-superare-la-logica-del-mercato\/#primaryimage"},"image":{"@id":"https:\/\/exaudi.org\/it\/contro-la-fame-superare-la-logica-del-mercato\/#primaryimage"},"thumbnailUrl":"https:\/\/exaudi.org\/wp-content\/uploads\/2021\/10\/fame.jpeg","datePublished":"2021-10-15T15:23:41+00:00","author":{"@id":"https:\/\/exaudi.org\/#\/schema\/person\/e1ab6ed07c01774724dd96f925f3a5f0"},"description":"Contro la fame occorre superare la logica del mercato, sostenere i piccoli produttori, cambiare stili di vita: messaggio del Papa alla Fao","breadcrumb":{"@id":"https:\/\/exaudi.org\/it\/contro-la-fame-superare-la-logica-del-mercato\/#breadcrumb"},"inLanguage":"it-IT","potentialAction":[{"@type":"ReadAction","target":["https:\/\/exaudi.org\/it\/contro-la-fame-superare-la-logica-del-mercato\/"]}]},{"@type":"ImageObject","inLanguage":"it-IT","@id":"https:\/\/exaudi.org\/it\/contro-la-fame-superare-la-logica-del-mercato\/#primaryimage","url":"https:\/\/exaudi.org\/wp-content\/uploads\/2021\/10\/fame.jpeg","contentUrl":"https:\/\/exaudi.org\/wp-content\/uploads\/2021\/10\/fame.jpeg","width":1500,"height":844,"caption":"La lotta agli sprechi alimentari \u00e8 uno degli ambiti indicati dal Papa (C) Vatican Media"},{"@type":"BreadcrumbList","@id":"https:\/\/exaudi.org\/it\/contro-la-fame-superare-la-logica-del-mercato\/#breadcrumb","itemListElement":[{"@type":"ListItem","position":1,"name":"Portada","item":"https:\/\/exaudi.org\/it\/"},{"@type":"ListItem","position":2,"name":"Contro la fame superare la logica del mercato"}]},{"@type":"WebSite","@id":"https:\/\/exaudi.org\/#website","url":"https:\/\/exaudi.org\/","name":"Exaudi","description":"News","potentialAction":[{"@type":"SearchAction","target":{"@type":"EntryPoint","urlTemplate":"https:\/\/exaudi.org\/?s={search_term_string}"},"query-input":{"@type":"PropertyValueSpecification","valueRequired":true,"valueName":"search_term_string"}}],"inLanguage":"it-IT"},{"@type":"Person","@id":"https:\/\/exaudi.org\/#\/schema\/person\/e1ab6ed07c01774724dd96f925f3a5f0","name":"Exaudi Redazione","image":{"@type":"ImageObject","inLanguage":"it-IT","@id":"https:\/\/secure.gravatar.com\/avatar\/ad6774b3ada023bf5b939d64f45c94b3adf91502dd883507d469b4308a943bb3?s=96&d=mm&r=g","url":"https:\/\/secure.gravatar.com\/avatar\/ad6774b3ada023bf5b939d64f45c94b3adf91502dd883507d469b4308a943bb3?s=96&d=mm&r=g","contentUrl":"https:\/\/secure.gravatar.com\/avatar\/ad6774b3ada023bf5b939d64f45c94b3adf91502dd883507d469b4308a943bb3?s=96&d=mm&r=g","caption":"Exaudi Redazione"},"description":"Che cosa \u00e8 Exaudi News? Exaudi News \u00e8 un agenzia cattolica internazionale che informa, istruisce e trasforma quotidianamente in spagnolo, inglese e italiano. Attraverso notizie, articoli di analisi e trasmissioni in diretta degli eventi del Papa, Exaudi cerca di rafforzare l'unit\u00e0 dei cristiani e di contribuire all'evangelizzazione del mondo, sempre guidato dalla dottrina sociale della Chiesa. Lavoriamo per portare la verit\u00e0 e i valori cristiani in ogni angolo del pianeta. Aiutaci a trasformare il mondo con Exaudi! Noi di Exaudi crediamo che l'evangelizzazione e l'informazione di qualit\u00e0 possano cambiare la vita. Per continuare la nostra missione ed espandere la nostra portata, abbiamo bisogno del tuo aiuto. Stiamo anche cercando persone motivate che vogliano unirsi al nostro team. Grazie al vostro sostegno raggiungeremo pi\u00f9 persone, diffonderemo il messaggio di Cristo e rafforzeremo l'unit\u00e0 dei cristiani. Vuoi unirti alla nostra missione? Per maggiori informazioni su come contribuire, visita Exaudi.org\/it o contattaci direttamente: info@exaudi.org Exaudi: informa, forma e trasforma.","sameAs":["https:\/\/www.facebook.com\/ExaudiNotizie\/","https:\/\/www.instagram.com\/Exaudi_notizie\/","https:\/\/x.com\/Exaudi_Notizie","https:\/\/www.youtube.com\/@exaudicatholicnews"],"url":"https:\/\/exaudi.org\/it\/author\/dlvedi-org\/"}]}},"jetpack_featured_media_url":"https:\/\/exaudi.org\/wp-content\/uploads\/2021\/10\/fame.jpeg","jetpack_shortlink":"https:\/\/wp.me\/pgKjF2-9AC","_links":{"self":[{"href":"https:\/\/exaudi.org\/it\/wp-json\/wp\/v2\/posts\/36866","targetHints":{"allow":["GET"]}}],"collection":[{"href":"https:\/\/exaudi.org\/it\/wp-json\/wp\/v2\/posts"}],"about":[{"href":"https:\/\/exaudi.org\/it\/wp-json\/wp\/v2\/types\/post"}],"author":[{"embeddable":true,"href":"https:\/\/exaudi.org\/it\/wp-json\/wp\/v2\/users\/17"}],"replies":[{"embeddable":true,"href":"https:\/\/exaudi.org\/it\/wp-json\/wp\/v2\/comments?post=36866"}],"version-history":[{"count":0,"href":"https:\/\/exaudi.org\/it\/wp-json\/wp\/v2\/posts\/36866\/revisions"}],"wp:featuredmedia":[{"embeddable":true,"href":"https:\/\/exaudi.org\/it\/wp-json\/wp\/v2\/media\/36870"}],"wp:attachment":[{"href":"https:\/\/exaudi.org\/it\/wp-json\/wp\/v2\/media?parent=36866"}],"wp:term":[{"taxonomy":"category","embeddable":true,"href":"https:\/\/exaudi.org\/it\/wp-json\/wp\/v2\/categories?post=36866"},{"taxonomy":"post_tag","embeddable":true,"href":"https:\/\/exaudi.org\/it\/wp-json\/wp\/v2\/tags?post=36866"}],"curies":[{"name":"wp","href":"https:\/\/api.w.org\/{rel}","templated":true}]}}