{"id":36616,"date":"2021-10-14T08:00:31","date_gmt":"2021-10-14T06:00:31","guid":{"rendered":"https:\/\/exaudi.wpengine.com\/?p=36616"},"modified":"2021-10-13T17:24:06","modified_gmt":"2021-10-13T15:24:06","slug":"movimenti-popolari-incontro-mondiale-con-il-papa","status":"publish","type":"post","link":"https:\/\/exaudi.org\/it\/movimenti-popolari-incontro-mondiale-con-il-papa\/","title":{"rendered":"Movimenti popolari: incontro mondiale con il Papa"},"content":{"rendered":"<p>\u00c8 in programma sabato alle 14 la seconda sessione del IV Incontro Mondiale dei Movimenti Popolari (IV EMMP). L&#8217;incontro prevede un intervento di Papa Francesco, che affider\u00e0 un messaggio ai partecipanti. Sar\u00e0 possibile seguire l&#8217;evento attraverso le reti e i canali sociali dei Movimenti Popolari e i canali YouTube di Vatican News e del Dicastero per il Servizio dello Sviluppo Umano Integrale.<\/p>\n<p>Il quarto incontro arriva sulla scia di una <a href=\"https:\/\/exaudi.wpengine.com\/it\/una-strada-concreta-contro-le-ingiustizie-sociali\/\">riunione di lavoro<\/a> dello scorso luglio che ha riunito i rappresentanti dei movimenti popolari di quattro continenti. Nel corso dell\u2019incontro si era discusso dell&#8217;impatto del COVID-19 sui lavoratori pi\u00f9 umili, diseredati e scartati, e dei problemi che l&#8217;umanit\u00e0 si trova a dover fronteggiare attualmente. Tra questi, le cosiddette \u201c3T\u201d: terra, casa e lavoro (tierra, techo y trabajo in spagnolo), i tre &#8220;diritti sacri&#8221; che hanno dato forma ai dialoghi con Papa Francesco nei tre incontri precedenti (Vaticano, 2014 e 2016; Santa Cruz de la Sierra, 2015).<\/p>\n<h4>Le 3T nella Fratelli Tutti<\/h4>\n<p>Nella Fratelli tutti, Francesco incorpora le 3T nel magistero sociale della Chiesa come criteri fondamentali della giustizia sociale. Il Papa nota che &#8220;\u00e8 possibile desiderare un pianeta che assicuri terra, casa e lavoro a tutti&#8221; (n. 127).<\/p>\n<p>Nell&#8217;Enciclica il Papa si riferisce ampiamente ai movimenti popolari, che ha &#8220;deciso di accompagnare, nel loro cammino autonomo&#8221; per le loro pratiche di solidariet\u00e0 &#8220;tanto speciale tra coloro che soffrono&#8221; (n. 116); per il loro senso di comunit\u00e0 nel prendersi cura gli uni degli altri (n. 152); per la creativit\u00e0 e l&#8217;impegno dei movimenti popolari; per il loro &#8220;speciale senso di solidariet\u00e0&#8221; (n. 152); per la creativit\u00e0 e l&#8217;attuazione di &#8220;varie forme di economia popolare e di produzione comunitaria&#8221; su cui si deve contare &#8220;per lo sviluppo umano integrale&#8221;, nella consapevolezza &#8220;che senza di esse la democrazia si atrofizza, diventa un nominalismo, una formalit\u00e0, perde rappresentativit\u00e0, va disincarnandosi perch\u00e9 lascia fuori il popolo nella sua lotta quotidiana per la dignit\u00e0, nella costruzione del suo destino&#8221; (n 169).<\/p>\n<h4>Apostoli del cambiamento<\/h4>\n<p>Con questo in mente, il Card. Peter K.A. Turkson riconosce i movimenti popolari &#8220;come una fonte di cambiamento, di solito li chiamiamo \u2018apostoli del cambiamento\u2019 perch\u00e9 sono in contatto diretto con coloro che soffrono l&#8217;ingiustizia. I movimenti popolari stanno facendo la storia, promuovendo il cambiamento, e la sfida \u00e8 quella di superare le ragioni strutturali della povert\u00e0 e dell&#8217;ingiustizia&#8221;. Cos\u00ec, il Cardinale Turkson esorta a &#8220;unirsi per promuovere l&#8217;agenda comune dei movimenti popolari&#8221;. Non \u00e8 solo una lotta contro una struttura economica, ma contro strutture politiche, proponendo di rivitalizzare i sistemi in modo da realizzare un mondo di giustizia e uguaglianza&#8221;.<\/p>\n<h4>Il programma<\/h4>\n<p>Il IV Incontro mondiale dei Movimenti Popolari si terr\u00e0 su Zoom in spagnolo, italiano, inglese, portoghese e francese. L\u2019evento sar\u00e0 trasmesso sui canali YouTube dei Movimenti Popolari, di Vatican News e del Dicastero per il Servizio dello Sviluppo Umano Integrale. Durer\u00e0 circa due ore. I MP condivideranno con il Papa il loro lavoro e le loro lotte durante i momenti pi\u00f9 difficili della pandemia da COVID-19. Sar\u00e0 proiettato il video \u201cIl potere del noi\u201d e presenteranno il documento \u201cSalvare l&#8217;umanit\u00e0 e il pianeta\u201d, una sintesi dei loro dialoghi sulle criticit\u00e0 che affronta oggi l&#8217;umanit\u00e0. Francesco affider\u00e0 poi un messaggio a tutti i delegati partecipanti.<\/p>\n","protected":false},"excerpt":{"rendered":"<p>Sabato si terr\u00e0 la sessione on line e Francesco invier\u00e0 un messaggio<\/p>\n","protected":false},"author":17,"featured_media":36618,"comment_status":"closed","ping_status":"closed","sticky":false,"template":"","format":"standard","meta":{"_acf_changed":false,"_crdt_document":"","inline_featured_image":false,"footnotes":""},"categories":[73,93,297],"tags":[3279,251,1485],"class_list":["post-36616","post","type-post","status-publish","format-standard","has-post-thumbnail","hentry","category-chiesa-e-mondo","category-giustizia-e-pace","category-ultime-notizie","tag-movimenti-popolari","tag-papa-francesco","tag-turkson"],"acf":[],"yoast_head":"<!-- This site is optimized with the Yoast SEO plugin v27.5 - https:\/\/yoast.com\/product\/yoast-seo-wordpress\/ -->\n<title>Movimenti popolari: incontro mondiale con il Papa &#8211; Exaudi<\/title>\n<meta name=\"description\" content=\"Sabato si terr\u00e0 la sessione on line dell&#039;incontro mondiale dei Movimenti popolari: Papa Francesco invier\u00e0 un messaggio\" \/>\n<meta name=\"robots\" content=\"index, follow, max-snippet:-1, max-image-preview:large, max-video-preview:-1\" \/>\n<link rel=\"canonical\" href=\"https:\/\/exaudi.org\/it\/movimenti-popolari-incontro-mondiale-con-il-papa\/\" \/>\n<meta property=\"og:locale\" content=\"it_IT\" \/>\n<meta property=\"og:type\" content=\"article\" \/>\n<meta property=\"og:title\" content=\"Movimenti popolari: incontro mondiale con il Papa &#8211; Exaudi\" \/>\n<meta property=\"og:description\" content=\"Sabato si terr\u00e0 la sessione on line dell&#039;incontro mondiale dei Movimenti popolari: Papa Francesco invier\u00e0 un messaggio\" \/>\n<meta property=\"og:url\" content=\"https:\/\/exaudi.org\/it\/movimenti-popolari-incontro-mondiale-con-il-papa\/\" \/>\n<meta property=\"og:site_name\" content=\"Exaudi\" \/>\n<meta property=\"article:publisher\" content=\"https:\/\/www.facebook.com\/ExaudiNews\" \/>\n<meta property=\"article:author\" content=\"https:\/\/www.facebook.com\/ExaudiNotizie\/\" \/>\n<meta property=\"article:published_time\" content=\"2021-10-14T06:00:31+00:00\" \/>\n<meta property=\"og:image\" content=\"https:\/\/exaudi.org\/wp-content\/uploads\/2021\/10\/ES-IVEMMP-ESP-1-1.jpeg\" \/>\n\t<meta property=\"og:image:width\" content=\"1280\" \/>\n\t<meta property=\"og:image:height\" content=\"720\" \/>\n\t<meta property=\"og:image:type\" content=\"image\/jpeg\" \/>\n<meta name=\"author\" content=\"Exaudi Redazione\" \/>\n<meta name=\"twitter:card\" content=\"summary_large_image\" \/>\n<meta name=\"twitter:creator\" content=\"@Exaudi_Notizie\" \/>\n<meta name=\"twitter:site\" content=\"@Exaudi_News\" \/>\n<meta name=\"twitter:label1\" content=\"Scritto da\" \/>\n\t<meta name=\"twitter:data1\" content=\"Exaudi Redazione\" \/>\n\t<meta name=\"twitter:label2\" content=\"Tempo di lettura stimato\" \/>\n\t<meta name=\"twitter:data2\" content=\"3 minuti\" \/>\n<script type=\"application\/ld+json\" class=\"yoast-schema-graph\">{\"@context\":\"https:\\\/\\\/schema.org\",\"@graph\":[{\"@type\":\"Article\",\"@id\":\"https:\\\/\\\/exaudi.org\\\/it\\\/movimenti-popolari-incontro-mondiale-con-il-papa\\\/#article\",\"isPartOf\":{\"@id\":\"https:\\\/\\\/exaudi.org\\\/it\\\/movimenti-popolari-incontro-mondiale-con-il-papa\\\/\"},\"author\":{\"name\":\"Exaudi Redazione\",\"@id\":\"https:\\\/\\\/exaudi.org\\\/#\\\/schema\\\/person\\\/e1ab6ed07c01774724dd96f925f3a5f0\"},\"headline\":\"Movimenti popolari: incontro mondiale con il Papa\",\"datePublished\":\"2021-10-14T06:00:31+00:00\",\"mainEntityOfPage\":{\"@id\":\"https:\\\/\\\/exaudi.org\\\/it\\\/movimenti-popolari-incontro-mondiale-con-il-papa\\\/\"},\"wordCount\":544,\"image\":{\"@id\":\"https:\\\/\\\/exaudi.org\\\/it\\\/movimenti-popolari-incontro-mondiale-con-il-papa\\\/#primaryimage\"},\"thumbnailUrl\":\"https:\\\/\\\/exaudi.org\\\/wp-content\\\/uploads\\\/2021\\\/10\\\/ES-IVEMMP-ESP-1-1.jpeg\",\"keywords\":[\"Movimenti popolari\",\"Papa Francesco\",\"Turkson\"],\"articleSection\":[\"Chiesa e Mondo\",\"Giustizia e Pace\",\"Ultime Notizie\"],\"inLanguage\":\"it-IT\"},{\"@type\":\"WebPage\",\"@id\":\"https:\\\/\\\/exaudi.org\\\/it\\\/movimenti-popolari-incontro-mondiale-con-il-papa\\\/\",\"url\":\"https:\\\/\\\/exaudi.org\\\/it\\\/movimenti-popolari-incontro-mondiale-con-il-papa\\\/\",\"name\":\"Movimenti popolari: incontro mondiale con il Papa &#8211; Exaudi\",\"isPartOf\":{\"@id\":\"https:\\\/\\\/exaudi.org\\\/#website\"},\"primaryImageOfPage\":{\"@id\":\"https:\\\/\\\/exaudi.org\\\/it\\\/movimenti-popolari-incontro-mondiale-con-il-papa\\\/#primaryimage\"},\"image\":{\"@id\":\"https:\\\/\\\/exaudi.org\\\/it\\\/movimenti-popolari-incontro-mondiale-con-il-papa\\\/#primaryimage\"},\"thumbnailUrl\":\"https:\\\/\\\/exaudi.org\\\/wp-content\\\/uploads\\\/2021\\\/10\\\/ES-IVEMMP-ESP-1-1.jpeg\",\"datePublished\":\"2021-10-14T06:00:31+00:00\",\"author\":{\"@id\":\"https:\\\/\\\/exaudi.org\\\/#\\\/schema\\\/person\\\/e1ab6ed07c01774724dd96f925f3a5f0\"},\"description\":\"Sabato si terr\u00e0 la sessione on line dell'incontro mondiale dei Movimenti popolari: Papa Francesco invier\u00e0 un messaggio\",\"breadcrumb\":{\"@id\":\"https:\\\/\\\/exaudi.org\\\/it\\\/movimenti-popolari-incontro-mondiale-con-il-papa\\\/#breadcrumb\"},\"inLanguage\":\"it-IT\",\"potentialAction\":[{\"@type\":\"ReadAction\",\"target\":[\"https:\\\/\\\/exaudi.org\\\/it\\\/movimenti-popolari-incontro-mondiale-con-il-papa\\\/\"]}]},{\"@type\":\"ImageObject\",\"inLanguage\":\"it-IT\",\"@id\":\"https:\\\/\\\/exaudi.org\\\/it\\\/movimenti-popolari-incontro-mondiale-con-il-papa\\\/#primaryimage\",\"url\":\"https:\\\/\\\/exaudi.org\\\/wp-content\\\/uploads\\\/2021\\\/10\\\/ES-IVEMMP-ESP-1-1.jpeg\",\"contentUrl\":\"https:\\\/\\\/exaudi.org\\\/wp-content\\\/uploads\\\/2021\\\/10\\\/ES-IVEMMP-ESP-1-1.jpeg\",\"width\":1280,\"height\":720,\"caption\":\"movimenti popolari\"},{\"@type\":\"BreadcrumbList\",\"@id\":\"https:\\\/\\\/exaudi.org\\\/it\\\/movimenti-popolari-incontro-mondiale-con-il-papa\\\/#breadcrumb\",\"itemListElement\":[{\"@type\":\"ListItem\",\"position\":1,\"name\":\"Portada\",\"item\":\"https:\\\/\\\/exaudi.org\\\/it\\\/\"},{\"@type\":\"ListItem\",\"position\":2,\"name\":\"Movimenti popolari: incontro mondiale con il Papa\"}]},{\"@type\":\"WebSite\",\"@id\":\"https:\\\/\\\/exaudi.org\\\/#website\",\"url\":\"https:\\\/\\\/exaudi.org\\\/\",\"name\":\"Exaudi\",\"description\":\"News\",\"potentialAction\":[{\"@type\":\"SearchAction\",\"target\":{\"@type\":\"EntryPoint\",\"urlTemplate\":\"https:\\\/\\\/exaudi.org\\\/?s={search_term_string}\"},\"query-input\":{\"@type\":\"PropertyValueSpecification\",\"valueRequired\":true,\"valueName\":\"search_term_string\"}}],\"inLanguage\":\"it-IT\"},{\"@type\":\"Person\",\"@id\":\"https:\\\/\\\/exaudi.org\\\/#\\\/schema\\\/person\\\/e1ab6ed07c01774724dd96f925f3a5f0\",\"name\":\"Exaudi Redazione\",\"image\":{\"@type\":\"ImageObject\",\"inLanguage\":\"it-IT\",\"@id\":\"https:\\\/\\\/secure.gravatar.com\\\/avatar\\\/ad6774b3ada023bf5b939d64f45c94b3adf91502dd883507d469b4308a943bb3?s=96&d=mm&r=g\",\"url\":\"https:\\\/\\\/secure.gravatar.com\\\/avatar\\\/ad6774b3ada023bf5b939d64f45c94b3adf91502dd883507d469b4308a943bb3?s=96&d=mm&r=g\",\"contentUrl\":\"https:\\\/\\\/secure.gravatar.com\\\/avatar\\\/ad6774b3ada023bf5b939d64f45c94b3adf91502dd883507d469b4308a943bb3?s=96&d=mm&r=g\",\"caption\":\"Exaudi Redazione\"},\"description\":\"Che cosa \u00e8 Exaudi News? Exaudi News \u00e8 un agenzia cattolica internazionale che informa, istruisce e trasforma quotidianamente in spagnolo, inglese e italiano. Attraverso notizie, articoli di analisi e trasmissioni in diretta degli eventi del Papa, Exaudi cerca di rafforzare l'unit\u00e0 dei cristiani e di contribuire all'evangelizzazione del mondo, sempre guidato dalla dottrina sociale della Chiesa. Lavoriamo per portare la verit\u00e0 e i valori cristiani in ogni angolo del pianeta. Aiutaci a trasformare il mondo con Exaudi! Noi di Exaudi crediamo che l'evangelizzazione e l'informazione di qualit\u00e0 possano cambiare la vita. Per continuare la nostra missione ed espandere la nostra portata, abbiamo bisogno del tuo aiuto. Stiamo anche cercando persone motivate che vogliano unirsi al nostro team. Grazie al vostro sostegno raggiungeremo pi\u00f9 persone, diffonderemo il messaggio di Cristo e rafforzeremo l'unit\u00e0 dei cristiani. Vuoi unirti alla nostra missione? Per maggiori informazioni su come contribuire, visita Exaudi.org\\\/it o contattaci direttamente: info@exaudi.org Exaudi: informa, forma e trasforma.\",\"sameAs\":[\"https:\\\/\\\/www.facebook.com\\\/ExaudiNotizie\\\/\",\"https:\\\/\\\/www.instagram.com\\\/Exaudi_notizie\\\/\",\"https:\\\/\\\/x.com\\\/Exaudi_Notizie\",\"https:\\\/\\\/www.youtube.com\\\/@exaudicatholicnews\"],\"url\":\"https:\\\/\\\/exaudi.org\\\/it\\\/author\\\/dlvedi-org\\\/\"}]}<\/script>\n<!-- \/ Yoast SEO plugin. -->","yoast_head_json":{"title":"Movimenti popolari: incontro mondiale con il Papa &#8211; Exaudi","description":"Sabato si terr\u00e0 la sessione on line dell'incontro mondiale dei Movimenti popolari: Papa Francesco invier\u00e0 un messaggio","robots":{"index":"index","follow":"follow","max-snippet":"max-snippet:-1","max-image-preview":"max-image-preview:large","max-video-preview":"max-video-preview:-1"},"canonical":"https:\/\/exaudi.org\/it\/movimenti-popolari-incontro-mondiale-con-il-papa\/","og_locale":"it_IT","og_type":"article","og_title":"Movimenti popolari: incontro mondiale con il Papa &#8211; Exaudi","og_description":"Sabato si terr\u00e0 la sessione on line dell'incontro mondiale dei Movimenti popolari: Papa Francesco invier\u00e0 un messaggio","og_url":"https:\/\/exaudi.org\/it\/movimenti-popolari-incontro-mondiale-con-il-papa\/","og_site_name":"Exaudi","article_publisher":"https:\/\/www.facebook.com\/ExaudiNews","article_author":"https:\/\/www.facebook.com\/ExaudiNotizie\/","article_published_time":"2021-10-14T06:00:31+00:00","og_image":[{"width":1280,"height":720,"url":"https:\/\/exaudi.org\/wp-content\/uploads\/2021\/10\/ES-IVEMMP-ESP-1-1.jpeg","type":"image\/jpeg"}],"author":"Exaudi Redazione","twitter_card":"summary_large_image","twitter_creator":"@Exaudi_Notizie","twitter_site":"@Exaudi_News","twitter_misc":{"Scritto da":"Exaudi Redazione","Tempo di lettura stimato":"3 minuti"},"schema":{"@context":"https:\/\/schema.org","@graph":[{"@type":"Article","@id":"https:\/\/exaudi.org\/it\/movimenti-popolari-incontro-mondiale-con-il-papa\/#article","isPartOf":{"@id":"https:\/\/exaudi.org\/it\/movimenti-popolari-incontro-mondiale-con-il-papa\/"},"author":{"name":"Exaudi Redazione","@id":"https:\/\/exaudi.org\/#\/schema\/person\/e1ab6ed07c01774724dd96f925f3a5f0"},"headline":"Movimenti popolari: incontro mondiale con il Papa","datePublished":"2021-10-14T06:00:31+00:00","mainEntityOfPage":{"@id":"https:\/\/exaudi.org\/it\/movimenti-popolari-incontro-mondiale-con-il-papa\/"},"wordCount":544,"image":{"@id":"https:\/\/exaudi.org\/it\/movimenti-popolari-incontro-mondiale-con-il-papa\/#primaryimage"},"thumbnailUrl":"https:\/\/exaudi.org\/wp-content\/uploads\/2021\/10\/ES-IVEMMP-ESP-1-1.jpeg","keywords":["Movimenti popolari","Papa Francesco","Turkson"],"articleSection":["Chiesa e Mondo","Giustizia e Pace","Ultime Notizie"],"inLanguage":"it-IT"},{"@type":"WebPage","@id":"https:\/\/exaudi.org\/it\/movimenti-popolari-incontro-mondiale-con-il-papa\/","url":"https:\/\/exaudi.org\/it\/movimenti-popolari-incontro-mondiale-con-il-papa\/","name":"Movimenti popolari: incontro mondiale con il Papa &#8211; Exaudi","isPartOf":{"@id":"https:\/\/exaudi.org\/#website"},"primaryImageOfPage":{"@id":"https:\/\/exaudi.org\/it\/movimenti-popolari-incontro-mondiale-con-il-papa\/#primaryimage"},"image":{"@id":"https:\/\/exaudi.org\/it\/movimenti-popolari-incontro-mondiale-con-il-papa\/#primaryimage"},"thumbnailUrl":"https:\/\/exaudi.org\/wp-content\/uploads\/2021\/10\/ES-IVEMMP-ESP-1-1.jpeg","datePublished":"2021-10-14T06:00:31+00:00","author":{"@id":"https:\/\/exaudi.org\/#\/schema\/person\/e1ab6ed07c01774724dd96f925f3a5f0"},"description":"Sabato si terr\u00e0 la sessione on line dell'incontro mondiale dei Movimenti popolari: Papa Francesco invier\u00e0 un messaggio","breadcrumb":{"@id":"https:\/\/exaudi.org\/it\/movimenti-popolari-incontro-mondiale-con-il-papa\/#breadcrumb"},"inLanguage":"it-IT","potentialAction":[{"@type":"ReadAction","target":["https:\/\/exaudi.org\/it\/movimenti-popolari-incontro-mondiale-con-il-papa\/"]}]},{"@type":"ImageObject","inLanguage":"it-IT","@id":"https:\/\/exaudi.org\/it\/movimenti-popolari-incontro-mondiale-con-il-papa\/#primaryimage","url":"https:\/\/exaudi.org\/wp-content\/uploads\/2021\/10\/ES-IVEMMP-ESP-1-1.jpeg","contentUrl":"https:\/\/exaudi.org\/wp-content\/uploads\/2021\/10\/ES-IVEMMP-ESP-1-1.jpeg","width":1280,"height":720,"caption":"movimenti popolari"},{"@type":"BreadcrumbList","@id":"https:\/\/exaudi.org\/it\/movimenti-popolari-incontro-mondiale-con-il-papa\/#breadcrumb","itemListElement":[{"@type":"ListItem","position":1,"name":"Portada","item":"https:\/\/exaudi.org\/it\/"},{"@type":"ListItem","position":2,"name":"Movimenti popolari: incontro mondiale con il Papa"}]},{"@type":"WebSite","@id":"https:\/\/exaudi.org\/#website","url":"https:\/\/exaudi.org\/","name":"Exaudi","description":"News","potentialAction":[{"@type":"SearchAction","target":{"@type":"EntryPoint","urlTemplate":"https:\/\/exaudi.org\/?s={search_term_string}"},"query-input":{"@type":"PropertyValueSpecification","valueRequired":true,"valueName":"search_term_string"}}],"inLanguage":"it-IT"},{"@type":"Person","@id":"https:\/\/exaudi.org\/#\/schema\/person\/e1ab6ed07c01774724dd96f925f3a5f0","name":"Exaudi Redazione","image":{"@type":"ImageObject","inLanguage":"it-IT","@id":"https:\/\/secure.gravatar.com\/avatar\/ad6774b3ada023bf5b939d64f45c94b3adf91502dd883507d469b4308a943bb3?s=96&d=mm&r=g","url":"https:\/\/secure.gravatar.com\/avatar\/ad6774b3ada023bf5b939d64f45c94b3adf91502dd883507d469b4308a943bb3?s=96&d=mm&r=g","contentUrl":"https:\/\/secure.gravatar.com\/avatar\/ad6774b3ada023bf5b939d64f45c94b3adf91502dd883507d469b4308a943bb3?s=96&d=mm&r=g","caption":"Exaudi Redazione"},"description":"Che cosa \u00e8 Exaudi News? Exaudi News \u00e8 un agenzia cattolica internazionale che informa, istruisce e trasforma quotidianamente in spagnolo, inglese e italiano. Attraverso notizie, articoli di analisi e trasmissioni in diretta degli eventi del Papa, Exaudi cerca di rafforzare l'unit\u00e0 dei cristiani e di contribuire all'evangelizzazione del mondo, sempre guidato dalla dottrina sociale della Chiesa. Lavoriamo per portare la verit\u00e0 e i valori cristiani in ogni angolo del pianeta. Aiutaci a trasformare il mondo con Exaudi! Noi di Exaudi crediamo che l'evangelizzazione e l'informazione di qualit\u00e0 possano cambiare la vita. Per continuare la nostra missione ed espandere la nostra portata, abbiamo bisogno del tuo aiuto. Stiamo anche cercando persone motivate che vogliano unirsi al nostro team. Grazie al vostro sostegno raggiungeremo pi\u00f9 persone, diffonderemo il messaggio di Cristo e rafforzeremo l'unit\u00e0 dei cristiani. Vuoi unirti alla nostra missione? Per maggiori informazioni su come contribuire, visita Exaudi.org\/it o contattaci direttamente: info@exaudi.org Exaudi: informa, forma e trasforma.","sameAs":["https:\/\/www.facebook.com\/ExaudiNotizie\/","https:\/\/www.instagram.com\/Exaudi_notizie\/","https:\/\/x.com\/Exaudi_Notizie","https:\/\/www.youtube.com\/@exaudicatholicnews"],"url":"https:\/\/exaudi.org\/it\/author\/dlvedi-org\/"}]}},"jetpack_featured_media_url":"https:\/\/exaudi.org\/wp-content\/uploads\/2021\/10\/ES-IVEMMP-ESP-1-1.jpeg","jetpack_shortlink":"https:\/\/wp.me\/pgKjF2-9wA","_links":{"self":[{"href":"https:\/\/exaudi.org\/it\/wp-json\/wp\/v2\/posts\/36616","targetHints":{"allow":["GET"]}}],"collection":[{"href":"https:\/\/exaudi.org\/it\/wp-json\/wp\/v2\/posts"}],"about":[{"href":"https:\/\/exaudi.org\/it\/wp-json\/wp\/v2\/types\/post"}],"author":[{"embeddable":true,"href":"https:\/\/exaudi.org\/it\/wp-json\/wp\/v2\/users\/17"}],"replies":[{"embeddable":true,"href":"https:\/\/exaudi.org\/it\/wp-json\/wp\/v2\/comments?post=36616"}],"version-history":[{"count":0,"href":"https:\/\/exaudi.org\/it\/wp-json\/wp\/v2\/posts\/36616\/revisions"}],"wp:featuredmedia":[{"embeddable":true,"href":"https:\/\/exaudi.org\/it\/wp-json\/wp\/v2\/media\/36618"}],"wp:attachment":[{"href":"https:\/\/exaudi.org\/it\/wp-json\/wp\/v2\/media?parent=36616"}],"wp:term":[{"taxonomy":"category","embeddable":true,"href":"https:\/\/exaudi.org\/it\/wp-json\/wp\/v2\/categories?post=36616"},{"taxonomy":"post_tag","embeddable":true,"href":"https:\/\/exaudi.org\/it\/wp-json\/wp\/v2\/tags?post=36616"}],"curies":[{"name":"wp","href":"https:\/\/api.w.org\/{rel}","templated":true}]}}