{"id":36602,"date":"2021-10-13T16:31:15","date_gmt":"2021-10-13T14:31:15","guid":{"rendered":"https:\/\/exaudi.wpengine.com\/?p=36602"},"modified":"2021-10-13T16:31:15","modified_gmt":"2021-10-13T14:31:15","slug":"tre-seminaristi-rapiti-in-nigeria","status":"publish","type":"post","link":"https:\/\/exaudi.org\/it\/tre-seminaristi-rapiti-in-nigeria\/","title":{"rendered":"Tre seminaristi rapiti in Nigeria"},"content":{"rendered":"<p>Un commando ha rapito luned\u00ec sera tre seminaristi del seminario maggiore Christ the King di Fayat, nello Stato nigeriano di Kaduna. Nel raid altri sei sono rimasti feriti. Lo rende noto una nota della Fondazione pontificia Aiuto alla Chiesa che Soffre (ACS). I seminaristi sequestrati sono studenti del quarto anno di teologia e appartengono alla Congregazione degli Apostoli della Divina Carit\u00e0 e dei Piccoli Figli dell&#8217;Eucaristia. Al momento dell\u2019aggressione, poco dopo le 19:20 dell\u201911 ottobre, sul posto erano presenti 130 seminaristi, oltre al rettore e al personale.<\/p>\n<h4>\u201cPreghiamo per i fratelli rapiti\u201d<\/h4>\n<p>Padre Emmanuel Okolo, il cancelliere della diocesi di Kafanchan che gestisce il seminario, ha dichiarato: \u00abChiediamo la vostra vicinanza nella preghiera per il rilascio celere e in condizioni di sicurezza dei nostri fratelli rapiti. Utilizzeremo ogni mezzo legittimo per garantire il loro rilascio rapido e sicuro\u00bb. I militari sono intervenuti rapidamente e hanno soccorso i sei studenti feriti conducendoli al Salem Hospital di Kafanchan. Successivamente sono stati dimessi.<\/p>\n<h4>Appello alla comunit\u00e0 internazionale<\/h4>\n<p>Secondo Thomas Heine-Geldern, presidente esecutivo di Aiuto alla Chiesa che Soffre (ACS) Internazionale, \u00abil rapimento di giovani seminaristi innocenti in Nigeria, ancora una volta, \u00e8 un atto abominevole. Facciamo appello alla coscienza dei loro rapitori e li esortiamo a rilasciare questi giovani. Chiediamo alle persone di buona volont\u00e0 di unirsi a noi nella preghiera per la rapida liberazione dei tre seminaristi. Allo stesso tempo chiediamo alla comunit\u00e0 internazionale di non distogliere lo sguardo dalle atrocit\u00e0 che si verificano ogni giorno e dalle continue sofferenze dei cristiani a causa di Boko Haram, degli attacchi dei Fulani e degli atti di violenza dei banditi in tutto il Paese\u00bb.<\/p>\n<h4>Situazione terribile<\/h4>\n<p>I rapimenti del clero si stanno diffondendo in alcune parti della Nigeria. ACS ricorda in particolare i quattro seminaristi rapiti l&#8217;8 gennaio 2020 dal seminario maggiore Good Shepherd di Kaduna, di cui tre sono stati rilasciati mentre il quarto e pi\u00f9 giovane, il diciottenne Michael Nnadi, \u00e8 stato barbaramente ucciso.<\/p>\n<p>Descrivendo la situazione della sicurezza in Nigeria come \u00abterribile\u00bb, Heine-Geldern ha invitato il governo a garantire la sicurezza dei cittadini. In caso contrario, il Paese \u00abrischia di diventare uno Stato fallito\u00bb.<\/p>\n","protected":false},"excerpt":{"rendered":"<p>Si ripetono gli attacchi contro il clero: appello di ACS alla comunit\u00e0 internazionale<\/p>\n","protected":false},"author":17,"featured_media":36603,"comment_status":"closed","ping_status":"closed","sticky":false,"template":"","format":"standard","meta":{"_acf_changed":false,"_crdt_document":"","inline_featured_image":false,"footnotes":""},"categories":[73,2157,297],"tags":[403,1545,4522],"class_list":["post-36602","post","type-post","status-publish","format-standard","has-post-thumbnail","hentry","category-chiesa-e-mondo","category-top-ultime-notizie","category-ultime-notizie","tag-acs","tag-nigeria-it","tag-seminaristi"],"acf":[],"yoast_head":"<!-- This site is optimized with the Yoast SEO plugin v27.4 - https:\/\/yoast.com\/product\/yoast-seo-wordpress\/ -->\n<title>Tre seminaristi rapiti in Nigeria &#8211; Exaudi<\/title>\n<meta name=\"description\" content=\"Tre seminaristi sono stati rapiti luned\u00ec sera in Nigeria. Lo rende noto la Fondazione pontificia Aiuto alla Chiesa che Soffre\" \/>\n<meta name=\"robots\" content=\"index, follow, max-snippet:-1, max-image-preview:large, max-video-preview:-1\" \/>\n<link rel=\"canonical\" href=\"https:\/\/exaudi.org\/it\/tre-seminaristi-rapiti-in-nigeria\/\" \/>\n<meta property=\"og:locale\" content=\"it_IT\" \/>\n<meta property=\"og:type\" content=\"article\" \/>\n<meta property=\"og:title\" content=\"Tre seminaristi rapiti in Nigeria &#8211; Exaudi\" \/>\n<meta property=\"og:description\" content=\"Tre seminaristi sono stati rapiti luned\u00ec sera in Nigeria. Lo rende noto la Fondazione pontificia Aiuto alla Chiesa che Soffre\" \/>\n<meta property=\"og:url\" content=\"https:\/\/exaudi.org\/it\/tre-seminaristi-rapiti-in-nigeria\/\" \/>\n<meta property=\"og:site_name\" content=\"Exaudi\" \/>\n<meta property=\"article:publisher\" content=\"https:\/\/www.facebook.com\/ExaudiNews\" \/>\n<meta property=\"article:author\" content=\"https:\/\/www.facebook.com\/ExaudiNotizie\/\" \/>\n<meta property=\"article:published_time\" content=\"2021-10-13T14:31:15+00:00\" \/>\n<meta property=\"og:image\" content=\"https:\/\/exaudi.org\/wp-content\/uploads\/2021\/10\/nigeria-ACN-20190320-85563-1.jpg\" \/>\n\t<meta property=\"og:image:width\" content=\"639\" \/>\n\t<meta property=\"og:image:height\" content=\"360\" \/>\n\t<meta property=\"og:image:type\" content=\"image\/jpeg\" \/>\n<meta name=\"author\" content=\"Exaudi Redazione\" \/>\n<meta name=\"twitter:card\" content=\"summary_large_image\" \/>\n<meta name=\"twitter:creator\" content=\"@Exaudi_Notizie\" \/>\n<meta name=\"twitter:site\" content=\"@Exaudi_News\" \/>\n<meta name=\"twitter:label1\" content=\"Scritto da\" \/>\n\t<meta name=\"twitter:data1\" content=\"Exaudi Redazione\" \/>\n\t<meta name=\"twitter:label2\" content=\"Tempo di lettura stimato\" \/>\n\t<meta name=\"twitter:data2\" content=\"2 minuti\" \/>\n<script type=\"application\/ld+json\" class=\"yoast-schema-graph\">{\"@context\":\"https:\\\/\\\/schema.org\",\"@graph\":[{\"@type\":\"Article\",\"@id\":\"https:\\\/\\\/exaudi.org\\\/it\\\/tre-seminaristi-rapiti-in-nigeria\\\/#article\",\"isPartOf\":{\"@id\":\"https:\\\/\\\/exaudi.org\\\/it\\\/tre-seminaristi-rapiti-in-nigeria\\\/\"},\"author\":{\"name\":\"Exaudi Redazione\",\"@id\":\"https:\\\/\\\/exaudi.org\\\/#\\\/schema\\\/person\\\/e1ab6ed07c01774724dd96f925f3a5f0\"},\"headline\":\"Tre seminaristi rapiti in Nigeria\",\"datePublished\":\"2021-10-13T14:31:15+00:00\",\"mainEntityOfPage\":{\"@id\":\"https:\\\/\\\/exaudi.org\\\/it\\\/tre-seminaristi-rapiti-in-nigeria\\\/\"},\"wordCount\":355,\"image\":{\"@id\":\"https:\\\/\\\/exaudi.org\\\/it\\\/tre-seminaristi-rapiti-in-nigeria\\\/#primaryimage\"},\"thumbnailUrl\":\"https:\\\/\\\/exaudi.org\\\/wp-content\\\/uploads\\\/2021\\\/10\\\/nigeria-ACN-20190320-85563-1.jpg\",\"keywords\":[\"Acs\",\"nigeria\",\"seminaristi\"],\"articleSection\":[\"Chiesa e Mondo\",\"Top Ultime Notizie\",\"Ultime Notizie\"],\"inLanguage\":\"it-IT\"},{\"@type\":\"WebPage\",\"@id\":\"https:\\\/\\\/exaudi.org\\\/it\\\/tre-seminaristi-rapiti-in-nigeria\\\/\",\"url\":\"https:\\\/\\\/exaudi.org\\\/it\\\/tre-seminaristi-rapiti-in-nigeria\\\/\",\"name\":\"Tre seminaristi rapiti in Nigeria &#8211; Exaudi\",\"isPartOf\":{\"@id\":\"https:\\\/\\\/exaudi.org\\\/#website\"},\"primaryImageOfPage\":{\"@id\":\"https:\\\/\\\/exaudi.org\\\/it\\\/tre-seminaristi-rapiti-in-nigeria\\\/#primaryimage\"},\"image\":{\"@id\":\"https:\\\/\\\/exaudi.org\\\/it\\\/tre-seminaristi-rapiti-in-nigeria\\\/#primaryimage\"},\"thumbnailUrl\":\"https:\\\/\\\/exaudi.org\\\/wp-content\\\/uploads\\\/2021\\\/10\\\/nigeria-ACN-20190320-85563-1.jpg\",\"datePublished\":\"2021-10-13T14:31:15+00:00\",\"author\":{\"@id\":\"https:\\\/\\\/exaudi.org\\\/#\\\/schema\\\/person\\\/e1ab6ed07c01774724dd96f925f3a5f0\"},\"description\":\"Tre seminaristi sono stati rapiti luned\u00ec sera in Nigeria. Lo rende noto la Fondazione pontificia Aiuto alla Chiesa che Soffre\",\"breadcrumb\":{\"@id\":\"https:\\\/\\\/exaudi.org\\\/it\\\/tre-seminaristi-rapiti-in-nigeria\\\/#breadcrumb\"},\"inLanguage\":\"it-IT\",\"potentialAction\":[{\"@type\":\"ReadAction\",\"target\":[\"https:\\\/\\\/exaudi.org\\\/it\\\/tre-seminaristi-rapiti-in-nigeria\\\/\"]}]},{\"@type\":\"ImageObject\",\"inLanguage\":\"it-IT\",\"@id\":\"https:\\\/\\\/exaudi.org\\\/it\\\/tre-seminaristi-rapiti-in-nigeria\\\/#primaryimage\",\"url\":\"https:\\\/\\\/exaudi.org\\\/wp-content\\\/uploads\\\/2021\\\/10\\\/nigeria-ACN-20190320-85563-1.jpg\",\"contentUrl\":\"https:\\\/\\\/exaudi.org\\\/wp-content\\\/uploads\\\/2021\\\/10\\\/nigeria-ACN-20190320-85563-1.jpg\",\"width\":639,\"height\":360,\"caption\":\"Diocese Kafanchan, Kaduna - Nigeria 2019 The peaceful procession against the Kajuru Killings has taken pleace on Tuesday 19.03.2019 at the Unity Fountain in Abuja. Photo: \\\"Southern Kaduna stands for Peace\\\" handwritten poster at peaceful procession demonstrating against the killing in Southern Kaduna Only in very small file quality available\"},{\"@type\":\"BreadcrumbList\",\"@id\":\"https:\\\/\\\/exaudi.org\\\/it\\\/tre-seminaristi-rapiti-in-nigeria\\\/#breadcrumb\",\"itemListElement\":[{\"@type\":\"ListItem\",\"position\":1,\"name\":\"Portada\",\"item\":\"https:\\\/\\\/exaudi.org\\\/it\\\/\"},{\"@type\":\"ListItem\",\"position\":2,\"name\":\"Tre seminaristi rapiti in Nigeria\"}]},{\"@type\":\"WebSite\",\"@id\":\"https:\\\/\\\/exaudi.org\\\/#website\",\"url\":\"https:\\\/\\\/exaudi.org\\\/\",\"name\":\"Exaudi\",\"description\":\"News\",\"potentialAction\":[{\"@type\":\"SearchAction\",\"target\":{\"@type\":\"EntryPoint\",\"urlTemplate\":\"https:\\\/\\\/exaudi.org\\\/?s={search_term_string}\"},\"query-input\":{\"@type\":\"PropertyValueSpecification\",\"valueRequired\":true,\"valueName\":\"search_term_string\"}}],\"inLanguage\":\"it-IT\"},{\"@type\":\"Person\",\"@id\":\"https:\\\/\\\/exaudi.org\\\/#\\\/schema\\\/person\\\/e1ab6ed07c01774724dd96f925f3a5f0\",\"name\":\"Exaudi Redazione\",\"image\":{\"@type\":\"ImageObject\",\"inLanguage\":\"it-IT\",\"@id\":\"https:\\\/\\\/secure.gravatar.com\\\/avatar\\\/ad6774b3ada023bf5b939d64f45c94b3adf91502dd883507d469b4308a943bb3?s=96&d=mm&r=g\",\"url\":\"https:\\\/\\\/secure.gravatar.com\\\/avatar\\\/ad6774b3ada023bf5b939d64f45c94b3adf91502dd883507d469b4308a943bb3?s=96&d=mm&r=g\",\"contentUrl\":\"https:\\\/\\\/secure.gravatar.com\\\/avatar\\\/ad6774b3ada023bf5b939d64f45c94b3adf91502dd883507d469b4308a943bb3?s=96&d=mm&r=g\",\"caption\":\"Exaudi Redazione\"},\"description\":\"Che cosa \u00e8 Exaudi News? Exaudi News \u00e8 un agenzia cattolica internazionale che informa, istruisce e trasforma quotidianamente in spagnolo, inglese e italiano. Attraverso notizie, articoli di analisi e trasmissioni in diretta degli eventi del Papa, Exaudi cerca di rafforzare l'unit\u00e0 dei cristiani e di contribuire all'evangelizzazione del mondo, sempre guidato dalla dottrina sociale della Chiesa. Lavoriamo per portare la verit\u00e0 e i valori cristiani in ogni angolo del pianeta. Aiutaci a trasformare il mondo con Exaudi! Noi di Exaudi crediamo che l'evangelizzazione e l'informazione di qualit\u00e0 possano cambiare la vita. Per continuare la nostra missione ed espandere la nostra portata, abbiamo bisogno del tuo aiuto. Stiamo anche cercando persone motivate che vogliano unirsi al nostro team. Grazie al vostro sostegno raggiungeremo pi\u00f9 persone, diffonderemo il messaggio di Cristo e rafforzeremo l'unit\u00e0 dei cristiani. Vuoi unirti alla nostra missione? Per maggiori informazioni su come contribuire, visita Exaudi.org\\\/it o contattaci direttamente: info@exaudi.org Exaudi: informa, forma e trasforma.\",\"sameAs\":[\"https:\\\/\\\/www.facebook.com\\\/ExaudiNotizie\\\/\",\"https:\\\/\\\/www.instagram.com\\\/Exaudi_notizie\\\/\",\"https:\\\/\\\/x.com\\\/Exaudi_Notizie\",\"https:\\\/\\\/www.youtube.com\\\/@exaudicatholicnews\"],\"url\":\"https:\\\/\\\/exaudi.org\\\/it\\\/author\\\/dlvedi-org\\\/\"}]}<\/script>\n<!-- \/ Yoast SEO plugin. -->","yoast_head_json":{"title":"Tre seminaristi rapiti in Nigeria &#8211; Exaudi","description":"Tre seminaristi sono stati rapiti luned\u00ec sera in Nigeria. Lo rende noto la Fondazione pontificia Aiuto alla Chiesa che Soffre","robots":{"index":"index","follow":"follow","max-snippet":"max-snippet:-1","max-image-preview":"max-image-preview:large","max-video-preview":"max-video-preview:-1"},"canonical":"https:\/\/exaudi.org\/it\/tre-seminaristi-rapiti-in-nigeria\/","og_locale":"it_IT","og_type":"article","og_title":"Tre seminaristi rapiti in Nigeria &#8211; Exaudi","og_description":"Tre seminaristi sono stati rapiti luned\u00ec sera in Nigeria. Lo rende noto la Fondazione pontificia Aiuto alla Chiesa che Soffre","og_url":"https:\/\/exaudi.org\/it\/tre-seminaristi-rapiti-in-nigeria\/","og_site_name":"Exaudi","article_publisher":"https:\/\/www.facebook.com\/ExaudiNews","article_author":"https:\/\/www.facebook.com\/ExaudiNotizie\/","article_published_time":"2021-10-13T14:31:15+00:00","og_image":[{"width":639,"height":360,"url":"https:\/\/exaudi.org\/wp-content\/uploads\/2021\/10\/nigeria-ACN-20190320-85563-1.jpg","type":"image\/jpeg"}],"author":"Exaudi Redazione","twitter_card":"summary_large_image","twitter_creator":"@Exaudi_Notizie","twitter_site":"@Exaudi_News","twitter_misc":{"Scritto da":"Exaudi Redazione","Tempo di lettura stimato":"2 minuti"},"schema":{"@context":"https:\/\/schema.org","@graph":[{"@type":"Article","@id":"https:\/\/exaudi.org\/it\/tre-seminaristi-rapiti-in-nigeria\/#article","isPartOf":{"@id":"https:\/\/exaudi.org\/it\/tre-seminaristi-rapiti-in-nigeria\/"},"author":{"name":"Exaudi Redazione","@id":"https:\/\/exaudi.org\/#\/schema\/person\/e1ab6ed07c01774724dd96f925f3a5f0"},"headline":"Tre seminaristi rapiti in Nigeria","datePublished":"2021-10-13T14:31:15+00:00","mainEntityOfPage":{"@id":"https:\/\/exaudi.org\/it\/tre-seminaristi-rapiti-in-nigeria\/"},"wordCount":355,"image":{"@id":"https:\/\/exaudi.org\/it\/tre-seminaristi-rapiti-in-nigeria\/#primaryimage"},"thumbnailUrl":"https:\/\/exaudi.org\/wp-content\/uploads\/2021\/10\/nigeria-ACN-20190320-85563-1.jpg","keywords":["Acs","nigeria","seminaristi"],"articleSection":["Chiesa e Mondo","Top Ultime Notizie","Ultime Notizie"],"inLanguage":"it-IT"},{"@type":"WebPage","@id":"https:\/\/exaudi.org\/it\/tre-seminaristi-rapiti-in-nigeria\/","url":"https:\/\/exaudi.org\/it\/tre-seminaristi-rapiti-in-nigeria\/","name":"Tre seminaristi rapiti in Nigeria &#8211; Exaudi","isPartOf":{"@id":"https:\/\/exaudi.org\/#website"},"primaryImageOfPage":{"@id":"https:\/\/exaudi.org\/it\/tre-seminaristi-rapiti-in-nigeria\/#primaryimage"},"image":{"@id":"https:\/\/exaudi.org\/it\/tre-seminaristi-rapiti-in-nigeria\/#primaryimage"},"thumbnailUrl":"https:\/\/exaudi.org\/wp-content\/uploads\/2021\/10\/nigeria-ACN-20190320-85563-1.jpg","datePublished":"2021-10-13T14:31:15+00:00","author":{"@id":"https:\/\/exaudi.org\/#\/schema\/person\/e1ab6ed07c01774724dd96f925f3a5f0"},"description":"Tre seminaristi sono stati rapiti luned\u00ec sera in Nigeria. Lo rende noto la Fondazione pontificia Aiuto alla Chiesa che Soffre","breadcrumb":{"@id":"https:\/\/exaudi.org\/it\/tre-seminaristi-rapiti-in-nigeria\/#breadcrumb"},"inLanguage":"it-IT","potentialAction":[{"@type":"ReadAction","target":["https:\/\/exaudi.org\/it\/tre-seminaristi-rapiti-in-nigeria\/"]}]},{"@type":"ImageObject","inLanguage":"it-IT","@id":"https:\/\/exaudi.org\/it\/tre-seminaristi-rapiti-in-nigeria\/#primaryimage","url":"https:\/\/exaudi.org\/wp-content\/uploads\/2021\/10\/nigeria-ACN-20190320-85563-1.jpg","contentUrl":"https:\/\/exaudi.org\/wp-content\/uploads\/2021\/10\/nigeria-ACN-20190320-85563-1.jpg","width":639,"height":360,"caption":"Diocese Kafanchan, Kaduna - Nigeria 2019 The peaceful procession against the Kajuru Killings has taken pleace on Tuesday 19.03.2019 at the Unity Fountain in Abuja. Photo: \"Southern Kaduna stands for Peace\" handwritten poster at peaceful procession demonstrating against the killing in Southern Kaduna Only in very small file quality available"},{"@type":"BreadcrumbList","@id":"https:\/\/exaudi.org\/it\/tre-seminaristi-rapiti-in-nigeria\/#breadcrumb","itemListElement":[{"@type":"ListItem","position":1,"name":"Portada","item":"https:\/\/exaudi.org\/it\/"},{"@type":"ListItem","position":2,"name":"Tre seminaristi rapiti in Nigeria"}]},{"@type":"WebSite","@id":"https:\/\/exaudi.org\/#website","url":"https:\/\/exaudi.org\/","name":"Exaudi","description":"News","potentialAction":[{"@type":"SearchAction","target":{"@type":"EntryPoint","urlTemplate":"https:\/\/exaudi.org\/?s={search_term_string}"},"query-input":{"@type":"PropertyValueSpecification","valueRequired":true,"valueName":"search_term_string"}}],"inLanguage":"it-IT"},{"@type":"Person","@id":"https:\/\/exaudi.org\/#\/schema\/person\/e1ab6ed07c01774724dd96f925f3a5f0","name":"Exaudi Redazione","image":{"@type":"ImageObject","inLanguage":"it-IT","@id":"https:\/\/secure.gravatar.com\/avatar\/ad6774b3ada023bf5b939d64f45c94b3adf91502dd883507d469b4308a943bb3?s=96&d=mm&r=g","url":"https:\/\/secure.gravatar.com\/avatar\/ad6774b3ada023bf5b939d64f45c94b3adf91502dd883507d469b4308a943bb3?s=96&d=mm&r=g","contentUrl":"https:\/\/secure.gravatar.com\/avatar\/ad6774b3ada023bf5b939d64f45c94b3adf91502dd883507d469b4308a943bb3?s=96&d=mm&r=g","caption":"Exaudi Redazione"},"description":"Che cosa \u00e8 Exaudi News? Exaudi News \u00e8 un agenzia cattolica internazionale che informa, istruisce e trasforma quotidianamente in spagnolo, inglese e italiano. Attraverso notizie, articoli di analisi e trasmissioni in diretta degli eventi del Papa, Exaudi cerca di rafforzare l'unit\u00e0 dei cristiani e di contribuire all'evangelizzazione del mondo, sempre guidato dalla dottrina sociale della Chiesa. Lavoriamo per portare la verit\u00e0 e i valori cristiani in ogni angolo del pianeta. Aiutaci a trasformare il mondo con Exaudi! Noi di Exaudi crediamo che l'evangelizzazione e l'informazione di qualit\u00e0 possano cambiare la vita. Per continuare la nostra missione ed espandere la nostra portata, abbiamo bisogno del tuo aiuto. Stiamo anche cercando persone motivate che vogliano unirsi al nostro team. Grazie al vostro sostegno raggiungeremo pi\u00f9 persone, diffonderemo il messaggio di Cristo e rafforzeremo l'unit\u00e0 dei cristiani. Vuoi unirti alla nostra missione? Per maggiori informazioni su come contribuire, visita Exaudi.org\/it o contattaci direttamente: info@exaudi.org Exaudi: informa, forma e trasforma.","sameAs":["https:\/\/www.facebook.com\/ExaudiNotizie\/","https:\/\/www.instagram.com\/Exaudi_notizie\/","https:\/\/x.com\/Exaudi_Notizie","https:\/\/www.youtube.com\/@exaudicatholicnews"],"url":"https:\/\/exaudi.org\/it\/author\/dlvedi-org\/"}]}},"jetpack_featured_media_url":"https:\/\/exaudi.org\/wp-content\/uploads\/2021\/10\/nigeria-ACN-20190320-85563-1.jpg","jetpack_shortlink":"https:\/\/wp.me\/pgKjF2-9wm","_links":{"self":[{"href":"https:\/\/exaudi.org\/it\/wp-json\/wp\/v2\/posts\/36602","targetHints":{"allow":["GET"]}}],"collection":[{"href":"https:\/\/exaudi.org\/it\/wp-json\/wp\/v2\/posts"}],"about":[{"href":"https:\/\/exaudi.org\/it\/wp-json\/wp\/v2\/types\/post"}],"author":[{"embeddable":true,"href":"https:\/\/exaudi.org\/it\/wp-json\/wp\/v2\/users\/17"}],"replies":[{"embeddable":true,"href":"https:\/\/exaudi.org\/it\/wp-json\/wp\/v2\/comments?post=36602"}],"version-history":[{"count":0,"href":"https:\/\/exaudi.org\/it\/wp-json\/wp\/v2\/posts\/36602\/revisions"}],"wp:featuredmedia":[{"embeddable":true,"href":"https:\/\/exaudi.org\/it\/wp-json\/wp\/v2\/media\/36603"}],"wp:attachment":[{"href":"https:\/\/exaudi.org\/it\/wp-json\/wp\/v2\/media?parent=36602"}],"wp:term":[{"taxonomy":"category","embeddable":true,"href":"https:\/\/exaudi.org\/it\/wp-json\/wp\/v2\/categories?post=36602"},{"taxonomy":"post_tag","embeddable":true,"href":"https:\/\/exaudi.org\/it\/wp-json\/wp\/v2\/tags?post=36602"}],"curies":[{"name":"wp","href":"https:\/\/api.w.org\/{rel}","templated":true}]}}