{"id":36515,"date":"2021-10-13T12:24:11","date_gmt":"2021-10-13T10:24:11","guid":{"rendered":"https:\/\/exaudi.wpengine.com\/?p=36515"},"modified":"2021-10-13T12:24:11","modified_gmt":"2021-10-13T10:24:11","slug":"la-liberta-cristiana-e-aperta-a-tutti-i-popoli-e-culture","status":"publish","type":"post","link":"https:\/\/exaudi.org\/it\/la-liberta-cristiana-e-aperta-a-tutti-i-popoli-e-culture\/","title":{"rendered":"La libert\u00e0 cristiana \u00e8 aperta a tutti i popoli e culture"},"content":{"rendered":"<p>\u00c8 stato ancora il tema della libert\u00e0 al centro della riflessione di Papa Francesco nel corso dell\u2019udienza generale. Il S. Padre ha continuato la sua catechesi sulla Lettera di S. Paolo ai Galati parlando della \u201cLibert\u00e0 cristiana, fermento universale di liberazione\u201d. Gi\u00e0 la <a href=\"https:\/\/exaudi.wpengine.com\/it\/la-liberta-ci-deve-inquietare\/\">scorsa settimana<\/a> Francesco aveva parlato della libert\u00e0. Oggi ha sottolineato come la libert\u00e0 cristiana porti all\u2019unit\u00e0, non all\u2019uniformit\u00e0. Pertanto, la Chiesa \u00e8 cattolica perch\u00e9 aperta a tutti i popoli e alle culture di ogni tempo. Ecco le parole del Papa:<\/p>\n<p>Cari fratelli e sorelle, buongiorno! Nel nostro itinerario di catechesi sulla Lettera ai Galati, abbiamo potuto mettere a fuoco qual \u00e8 per San Paolo il nucleo centrale della libert\u00e0: il fatto che, con la morte e risurrezione di Ges\u00f9 Cristo, siamo stati liberati dalla schiavit\u00f9 del peccato e della morte. In altri termini: siamo liberi perch\u00e9 siamo stati liberati, liberati per grazia \u2013 non per pagamento -, liberati dall\u2019amore, che diventa la legge somma e nuova della vita cristiana. L\u2019amore: noi siamo liberi perch\u00e9 siamo stati liberati gratuitamente. Questo \u00e8 appunto il punto chiave.<\/p>\n<h4>Fondamentalisti di ieri e di oggi<\/h4>\n<p>Oggi vorrei sottolineare come questa novit\u00e0 di vita ci apra ad accogliere ogni popolo e cultura e nello stesso tempo apra ogni popolo e cultura a una libert\u00e0 pi\u00f9 grande. San Paolo, infatti, dice che per chi aderisce a Cristo non conta pi\u00f9 essere giudeo o pagano. Conta solo \u00abla fede che si rende operosa per mezzo della carit\u00e0\u00bb (Gal 5,6). Credere che siamo stati liberati e credere in Ges\u00f9 Cristo che ci ha liberati: questa \u00e8 la fede operosa per la carit\u00e0. I detrattori di Paolo \u2013 questi fondamentalisti che erano arrivati l\u00ec &#8211; lo attaccavano per questa novit\u00e0, sostenendo che egli avesse preso questa posizione per opportunismo pastorale, cio\u00e8 per \u201cpiacere a tutti\u201d, minimizzando le esigenze ricevute dalla sua pi\u00f9 stretta tradizione religiosa. \u00c8 lo stesso discorso dei fondamentalisti d\u2019oggi: la storia di ripete sempre<\/p>\n<p>Come si vede, la critica nei confronti di ogni novit\u00e0 evangelica non \u00e8 solo dei nostri giorni, ma ha una lunga storia alle spalle. Paolo, comunque, non rimane in silenzio. Risponde con parresia &#8211; \u00e8 una parola greca che indica coraggio, forza \u2013 e dice: \u00ab\u00c8 forse il consenso degli uomini che cerco, oppure quello di Dio? O cerco di piacere agli uomini? Se cercassi ancora di piacere agli uomini, non sarei servitore di Cristo!\u00bb (Gal 1,10). Gi\u00e0 nella sua prima Lettera ai Tessalonicesi si era espresso in termini simili, dicendo che nella sua predicazione non aveva mai usato \u00abparole di adulazione, n\u00e9 [\u2026] avuto intenzioni di cupidigia [\u2026]. E neppure [\u2026] cercato la gloria umana\u00bb (1 Ts 2,5-6), che sono le strade del \u201cfar finta di\u201d; una fede che non \u00e8 fede, \u00e8 mondanit\u00e0.<\/p>\n<h4>La libert\u00e0 non \u00e8 in conflitto con le culture<\/h4>\n<p>Il pensiero di Paolo si mostra ancora una volta di una profondit\u00e0 ispirata. Accogliere la fede comporta per lui rinunciare non al cuore delle culture e delle tradizioni, ma solo a ci\u00f2 che pu\u00f2 ostacolare la novit\u00e0 e la purezza del Vangelo. Perch\u00e9 la libert\u00e0 ottenutaci dalla morte e risurrezione del Signore non entra in conflitto con le culture, con le tradizioni che abbiamo ricevuto, ma anzi immette in esse una libert\u00e0 nuova, una novit\u00e0 liberante, quella del Vangelo.<\/p>\n<p>La liberazione ottenuta con il battesimo, infatti, ci permette di acquisire la piena dignit\u00e0 di figli di Dio, cos\u00ec che, mentre rimaniamo ben innestati nelle nostre radici culturali, al tempo stesso ci apriamo all\u2019universalismo della fede che entra in ogni cultura, ne riconosce i germi di verit\u00e0 presenti e li sviluppa portando a pienezza il bene contenuto in esse. Accettare che noi siamo stati liberati da Cristo \u2013 la sua passione, la sua morte, la sua resurrezione \u2013 \u00e8 accettare e portare la pienezza anche alle diverse tradizioni di ogni popolo. La vera pienezza.<\/p>\n<h4>Il senso dell\u2019inculturazione<\/h4>\n<p>Nella chiamata alla libert\u00e0 scopriamo il vero senso dell\u2019inculturazione del Vangelo. Qual \u00e8 questo vero senso? Essere capaci di annunciare la Buona Notizia di Cristo Salvatore rispettando ci\u00f2 che di buono e di vero esiste nelle culture. Non \u00e8 una cosa facile! Sono tante le tentazioni di voler imporre il proprio modello di vita come se fosse il pi\u00f9 evoluto e il pi\u00f9 appetibile.<\/p>\n<p>Quanti errori sono stati compiuti nella storia dell\u2019evangelizzazione volendo imporre un solo modello culturale! La uniformit\u00e0 come regola di vita non \u00e8 cristiano! L\u2019unit\u00e0 s\u00ec, l\u2019uniformit\u00e0 no! A volte, non si \u00e8 rinunciato neppure alla violenza pur di far prevalere il proprio punto di vista. Pensiamo alle guerre. In questo modo, si \u00e8 privata la Chiesa della ricchezza di tante espressioni locali che portano con s\u00e9 la tradizione culturale di intere popolazioni.<\/p>\n<h4>Rispettare la provenienza culturale<\/h4>\n<p>Ma questo \u00e8 l\u2019esatto contrario della libert\u00e0 cristiana! Per esempio, mi viene in mente quando si \u00e8 affermato il modo di fare apostolato in Cina con padre Ricci o nell\u2019India con padre De Nobili. \u2026 [Qualcuno diceva]: \u201cE no, questo non \u00e8 cristiano!\u201d. S\u00ec, \u00e8 cristiano, sta nella cultura del popolo. Insomma, la visione della libert\u00e0 propria di Paolo \u00e8 tutta illuminata e fecondata dal mistero di Cristo, che nella sua incarnazione \u2013 ricorda il Concilio Vaticano II \u2013 si \u00e8 unito in certo modo ad ogni uomo. E questo vuol dire che non c\u2019\u00e8 uniformit\u00e0, c\u2019\u00e8 invece la variet\u00e0, ma variet\u00e0 unita. Da qui deriva il dovere di rispettare la provenienza culturale di ogni persona, inserendola in uno spazio di libert\u00e0 che non sia ristretto da alcuna imposizione dettata da una sola cultura predominante.<\/p>\n<p>\u00c8 questo il senso di dirci cattolici, di parlare di Chiesa cattolica: non \u00e8 una denominazione sociologica per distinguerci da altri cristiani. Cattolico \u00e8 un aggettivo che significa universale: la cattolicit\u00e0, la universalit\u00e0. Chiesa universale, cio\u00e8 cattolica, vuol dire vuol dire che la Chiesa ha in s\u00e9, nella sua stessa natura, l\u2019apertura a tutti i popoli e le culture di ogni tempo, perch\u00e9 Cristo \u00e8 nato, morto e risorto per tutti.<\/p>\n<h4>Visione dinamica<\/h4>\n<p>La cultura, d\u2019altronde, \u00e8 per sua stessa natura in continua trasformazione. Si pensi a come siamo chiamati ad annunciare il Vangelo in questo momento storico di grande cambiamento culturale, dove una tecnologia sempre pi\u00f9 avanzata sembra avere il predominio. Se dovessimo pretendere di parlare della fede come si faceva nei secoli passati rischieremmo di non essere pi\u00f9 compresi dalle nuove generazioni. La libert\u00e0 della fede cristiana \u2013 la libert\u00e0 cristiana &#8211; non indica una visione statica della vita e della cultura, ma una visione dinamica, una visione dinamica anche della tradizione. La tradizione cresce ma sempre con la stessa natura.<\/p>\n<p>Non pretendiamo, pertanto, di avere il possesso della libert\u00e0. Abbiamo ricevuto un dono da custodire. Ed \u00e8 piuttosto la libert\u00e0 che chiede a ciascuno di essere in un costante cammino, orientati verso la sua pienezza. \u00c8 la condizione di pellegrini; \u00e8 lo stato di viandanti, in un continuo esodo: liberati dalla schiavit\u00f9 per camminare verso la pienezza della libert\u00e0. E questo \u00e8 il grande dono che ci ha dato Ges\u00f9 Cristo. Il Signore ci ha liberato dalla schiavit\u00f9 gratuitamente e ci ha messo sulla strada per camminare nella piena libert\u00e0.<\/p>\n","protected":false},"excerpt":{"rendered":"<p>Nella catechesi sulla Lettera ai Galati il Papa ha difeso l\u2019unit\u00e0 della Chiesa contro l\u2019uniformit\u00e0<\/p>\n","protected":false},"author":17,"featured_media":36516,"comment_status":"closed","ping_status":"closed","sticky":false,"template":"","format":"standard","meta":{"_acf_changed":false,"_crdt_document":"","inline_featured_image":false,"footnotes":""},"categories":[67,2157,111,297],"tags":[4512,941,2487,3120,251],"class_list":["post-36515","post","type-post","status-publish","format-standard","has-post-thumbnail","hentry","category-leone-xiv","category-top-ultime-notizie","category-udienza-generale","category-ultime-notizie","tag-chiesa-cattolica","tag-cultura","tag-featured-3","tag-liberta","tag-papa-francesco"],"acf":[],"yoast_head":"<!-- This site is optimized with the Yoast SEO plugin v27.4 - https:\/\/yoast.com\/product\/yoast-seo-wordpress\/ -->\n<title>La libert\u00e0 cristiana \u00e8 aperta a tutti i popoli e culture &#8211; Exaudi<\/title>\n<meta name=\"description\" content=\"Nella catechesi sulla Lettera ai Galati il Papa ha parlato della libert\u00e0 cristiana e ha difeso l\u2019unit\u00e0 della Chiesa contro l\u2019uniformit\u00e0\" \/>\n<meta name=\"robots\" content=\"index, follow, max-snippet:-1, max-image-preview:large, max-video-preview:-1\" \/>\n<link rel=\"canonical\" href=\"https:\/\/exaudi.org\/it\/la-liberta-cristiana-e-aperta-a-tutti-i-popoli-e-culture\/\" \/>\n<meta property=\"og:locale\" content=\"it_IT\" \/>\n<meta property=\"og:type\" content=\"article\" \/>\n<meta property=\"og:title\" content=\"La libert\u00e0 cristiana \u00e8 aperta a tutti i popoli e culture &#8211; Exaudi\" \/>\n<meta property=\"og:description\" content=\"Nella catechesi sulla Lettera ai Galati il Papa ha parlato della libert\u00e0 cristiana e ha difeso l\u2019unit\u00e0 della Chiesa contro l\u2019uniformit\u00e0\" \/>\n<meta property=\"og:url\" content=\"https:\/\/exaudi.org\/it\/la-liberta-cristiana-e-aperta-a-tutti-i-popoli-e-culture\/\" \/>\n<meta property=\"og:site_name\" content=\"Exaudi\" \/>\n<meta property=\"article:publisher\" content=\"https:\/\/www.facebook.com\/ExaudiNews\" \/>\n<meta property=\"article:author\" content=\"https:\/\/www.facebook.com\/ExaudiNotizie\/\" \/>\n<meta property=\"article:published_time\" content=\"2021-10-13T10:24:11+00:00\" \/>\n<meta property=\"og:image\" content=\"https:\/\/exaudi.org\/wp-content\/uploads\/2021\/10\/Udienza-svizzeri-scaled.jpg\" \/>\n\t<meta property=\"og:image:width\" content=\"2560\" \/>\n\t<meta property=\"og:image:height\" content=\"1707\" \/>\n\t<meta property=\"og:image:type\" content=\"image\/jpeg\" \/>\n<meta name=\"author\" content=\"Exaudi Redazione\" \/>\n<meta name=\"twitter:card\" content=\"summary_large_image\" \/>\n<meta name=\"twitter:creator\" content=\"@Exaudi_Notizie\" \/>\n<meta name=\"twitter:site\" content=\"@Exaudi_News\" \/>\n<meta name=\"twitter:label1\" content=\"Scritto da\" \/>\n\t<meta name=\"twitter:data1\" content=\"Exaudi Redazione\" \/>\n\t<meta name=\"twitter:label2\" content=\"Tempo di lettura stimato\" \/>\n\t<meta name=\"twitter:data2\" content=\"6 minuti\" \/>\n<script type=\"application\/ld+json\" class=\"yoast-schema-graph\">{\"@context\":\"https:\\\/\\\/schema.org\",\"@graph\":[{\"@type\":\"Article\",\"@id\":\"https:\\\/\\\/exaudi.org\\\/it\\\/la-liberta-cristiana-e-aperta-a-tutti-i-popoli-e-culture\\\/#article\",\"isPartOf\":{\"@id\":\"https:\\\/\\\/exaudi.org\\\/it\\\/la-liberta-cristiana-e-aperta-a-tutti-i-popoli-e-culture\\\/\"},\"author\":{\"name\":\"Exaudi Redazione\",\"@id\":\"https:\\\/\\\/exaudi.org\\\/#\\\/schema\\\/person\\\/e1ab6ed07c01774724dd96f925f3a5f0\"},\"headline\":\"La libert\u00e0 cristiana \u00e8 aperta a tutti i popoli e culture\",\"datePublished\":\"2021-10-13T10:24:11+00:00\",\"mainEntityOfPage\":{\"@id\":\"https:\\\/\\\/exaudi.org\\\/it\\\/la-liberta-cristiana-e-aperta-a-tutti-i-popoli-e-culture\\\/\"},\"wordCount\":1156,\"image\":{\"@id\":\"https:\\\/\\\/exaudi.org\\\/it\\\/la-liberta-cristiana-e-aperta-a-tutti-i-popoli-e-culture\\\/#primaryimage\"},\"thumbnailUrl\":\"https:\\\/\\\/exaudi.org\\\/wp-content\\\/uploads\\\/2021\\\/10\\\/Udienza-svizzeri-scaled.jpg\",\"keywords\":[\"Chiesa cattolica\",\"cultura\",\"Featured\",\"libert\u00e0\",\"Papa Francesco\"],\"articleSection\":[\"Leone XIV\",\"Top Ultime Notizie\",\"Udienza generale\",\"Ultime Notizie\"],\"inLanguage\":\"it-IT\"},{\"@type\":\"WebPage\",\"@id\":\"https:\\\/\\\/exaudi.org\\\/it\\\/la-liberta-cristiana-e-aperta-a-tutti-i-popoli-e-culture\\\/\",\"url\":\"https:\\\/\\\/exaudi.org\\\/it\\\/la-liberta-cristiana-e-aperta-a-tutti-i-popoli-e-culture\\\/\",\"name\":\"La libert\u00e0 cristiana \u00e8 aperta a tutti i popoli e culture &#8211; Exaudi\",\"isPartOf\":{\"@id\":\"https:\\\/\\\/exaudi.org\\\/#website\"},\"primaryImageOfPage\":{\"@id\":\"https:\\\/\\\/exaudi.org\\\/it\\\/la-liberta-cristiana-e-aperta-a-tutti-i-popoli-e-culture\\\/#primaryimage\"},\"image\":{\"@id\":\"https:\\\/\\\/exaudi.org\\\/it\\\/la-liberta-cristiana-e-aperta-a-tutti-i-popoli-e-culture\\\/#primaryimage\"},\"thumbnailUrl\":\"https:\\\/\\\/exaudi.org\\\/wp-content\\\/uploads\\\/2021\\\/10\\\/Udienza-svizzeri-scaled.jpg\",\"datePublished\":\"2021-10-13T10:24:11+00:00\",\"author\":{\"@id\":\"https:\\\/\\\/exaudi.org\\\/#\\\/schema\\\/person\\\/e1ab6ed07c01774724dd96f925f3a5f0\"},\"description\":\"Nella catechesi sulla Lettera ai Galati il Papa ha parlato della libert\u00e0 cristiana e ha difeso l\u2019unit\u00e0 della Chiesa contro l\u2019uniformit\u00e0\",\"breadcrumb\":{\"@id\":\"https:\\\/\\\/exaudi.org\\\/it\\\/la-liberta-cristiana-e-aperta-a-tutti-i-popoli-e-culture\\\/#breadcrumb\"},\"inLanguage\":\"it-IT\",\"potentialAction\":[{\"@type\":\"ReadAction\",\"target\":[\"https:\\\/\\\/exaudi.org\\\/it\\\/la-liberta-cristiana-e-aperta-a-tutti-i-popoli-e-culture\\\/\"]}]},{\"@type\":\"ImageObject\",\"inLanguage\":\"it-IT\",\"@id\":\"https:\\\/\\\/exaudi.org\\\/it\\\/la-liberta-cristiana-e-aperta-a-tutti-i-popoli-e-culture\\\/#primaryimage\",\"url\":\"https:\\\/\\\/exaudi.org\\\/wp-content\\\/uploads\\\/2021\\\/10\\\/Udienza-svizzeri-scaled.jpg\",\"contentUrl\":\"https:\\\/\\\/exaudi.org\\\/wp-content\\\/uploads\\\/2021\\\/10\\\/Udienza-svizzeri-scaled.jpg\",\"width\":2560,\"height\":1707,\"caption\":\"(C) Vatican Media\"},{\"@type\":\"BreadcrumbList\",\"@id\":\"https:\\\/\\\/exaudi.org\\\/it\\\/la-liberta-cristiana-e-aperta-a-tutti-i-popoli-e-culture\\\/#breadcrumb\",\"itemListElement\":[{\"@type\":\"ListItem\",\"position\":1,\"name\":\"Portada\",\"item\":\"https:\\\/\\\/exaudi.org\\\/it\\\/\"},{\"@type\":\"ListItem\",\"position\":2,\"name\":\"La libert\u00e0 cristiana \u00e8 aperta a tutti i popoli e culture\"}]},{\"@type\":\"WebSite\",\"@id\":\"https:\\\/\\\/exaudi.org\\\/#website\",\"url\":\"https:\\\/\\\/exaudi.org\\\/\",\"name\":\"Exaudi\",\"description\":\"News\",\"potentialAction\":[{\"@type\":\"SearchAction\",\"target\":{\"@type\":\"EntryPoint\",\"urlTemplate\":\"https:\\\/\\\/exaudi.org\\\/?s={search_term_string}\"},\"query-input\":{\"@type\":\"PropertyValueSpecification\",\"valueRequired\":true,\"valueName\":\"search_term_string\"}}],\"inLanguage\":\"it-IT\"},{\"@type\":\"Person\",\"@id\":\"https:\\\/\\\/exaudi.org\\\/#\\\/schema\\\/person\\\/e1ab6ed07c01774724dd96f925f3a5f0\",\"name\":\"Exaudi Redazione\",\"image\":{\"@type\":\"ImageObject\",\"inLanguage\":\"it-IT\",\"@id\":\"https:\\\/\\\/secure.gravatar.com\\\/avatar\\\/ad6774b3ada023bf5b939d64f45c94b3adf91502dd883507d469b4308a943bb3?s=96&d=mm&r=g\",\"url\":\"https:\\\/\\\/secure.gravatar.com\\\/avatar\\\/ad6774b3ada023bf5b939d64f45c94b3adf91502dd883507d469b4308a943bb3?s=96&d=mm&r=g\",\"contentUrl\":\"https:\\\/\\\/secure.gravatar.com\\\/avatar\\\/ad6774b3ada023bf5b939d64f45c94b3adf91502dd883507d469b4308a943bb3?s=96&d=mm&r=g\",\"caption\":\"Exaudi Redazione\"},\"description\":\"Che cosa \u00e8 Exaudi News? Exaudi News \u00e8 un agenzia cattolica internazionale che informa, istruisce e trasforma quotidianamente in spagnolo, inglese e italiano. Attraverso notizie, articoli di analisi e trasmissioni in diretta degli eventi del Papa, Exaudi cerca di rafforzare l'unit\u00e0 dei cristiani e di contribuire all'evangelizzazione del mondo, sempre guidato dalla dottrina sociale della Chiesa. Lavoriamo per portare la verit\u00e0 e i valori cristiani in ogni angolo del pianeta. Aiutaci a trasformare il mondo con Exaudi! Noi di Exaudi crediamo che l'evangelizzazione e l'informazione di qualit\u00e0 possano cambiare la vita. Per continuare la nostra missione ed espandere la nostra portata, abbiamo bisogno del tuo aiuto. Stiamo anche cercando persone motivate che vogliano unirsi al nostro team. Grazie al vostro sostegno raggiungeremo pi\u00f9 persone, diffonderemo il messaggio di Cristo e rafforzeremo l'unit\u00e0 dei cristiani. Vuoi unirti alla nostra missione? Per maggiori informazioni su come contribuire, visita Exaudi.org\\\/it o contattaci direttamente: info@exaudi.org Exaudi: informa, forma e trasforma.\",\"sameAs\":[\"https:\\\/\\\/www.facebook.com\\\/ExaudiNotizie\\\/\",\"https:\\\/\\\/www.instagram.com\\\/Exaudi_notizie\\\/\",\"https:\\\/\\\/x.com\\\/Exaudi_Notizie\",\"https:\\\/\\\/www.youtube.com\\\/@exaudicatholicnews\"],\"url\":\"https:\\\/\\\/exaudi.org\\\/it\\\/author\\\/dlvedi-org\\\/\"}]}<\/script>\n<!-- \/ Yoast SEO plugin. -->","yoast_head_json":{"title":"La libert\u00e0 cristiana \u00e8 aperta a tutti i popoli e culture &#8211; Exaudi","description":"Nella catechesi sulla Lettera ai Galati il Papa ha parlato della libert\u00e0 cristiana e ha difeso l\u2019unit\u00e0 della Chiesa contro l\u2019uniformit\u00e0","robots":{"index":"index","follow":"follow","max-snippet":"max-snippet:-1","max-image-preview":"max-image-preview:large","max-video-preview":"max-video-preview:-1"},"canonical":"https:\/\/exaudi.org\/it\/la-liberta-cristiana-e-aperta-a-tutti-i-popoli-e-culture\/","og_locale":"it_IT","og_type":"article","og_title":"La libert\u00e0 cristiana \u00e8 aperta a tutti i popoli e culture &#8211; Exaudi","og_description":"Nella catechesi sulla Lettera ai Galati il Papa ha parlato della libert\u00e0 cristiana e ha difeso l\u2019unit\u00e0 della Chiesa contro l\u2019uniformit\u00e0","og_url":"https:\/\/exaudi.org\/it\/la-liberta-cristiana-e-aperta-a-tutti-i-popoli-e-culture\/","og_site_name":"Exaudi","article_publisher":"https:\/\/www.facebook.com\/ExaudiNews","article_author":"https:\/\/www.facebook.com\/ExaudiNotizie\/","article_published_time":"2021-10-13T10:24:11+00:00","og_image":[{"width":2560,"height":1707,"url":"https:\/\/exaudi.org\/wp-content\/uploads\/2021\/10\/Udienza-svizzeri-scaled.jpg","type":"image\/jpeg"}],"author":"Exaudi Redazione","twitter_card":"summary_large_image","twitter_creator":"@Exaudi_Notizie","twitter_site":"@Exaudi_News","twitter_misc":{"Scritto da":"Exaudi Redazione","Tempo di lettura stimato":"6 minuti"},"schema":{"@context":"https:\/\/schema.org","@graph":[{"@type":"Article","@id":"https:\/\/exaudi.org\/it\/la-liberta-cristiana-e-aperta-a-tutti-i-popoli-e-culture\/#article","isPartOf":{"@id":"https:\/\/exaudi.org\/it\/la-liberta-cristiana-e-aperta-a-tutti-i-popoli-e-culture\/"},"author":{"name":"Exaudi Redazione","@id":"https:\/\/exaudi.org\/#\/schema\/person\/e1ab6ed07c01774724dd96f925f3a5f0"},"headline":"La libert\u00e0 cristiana \u00e8 aperta a tutti i popoli e culture","datePublished":"2021-10-13T10:24:11+00:00","mainEntityOfPage":{"@id":"https:\/\/exaudi.org\/it\/la-liberta-cristiana-e-aperta-a-tutti-i-popoli-e-culture\/"},"wordCount":1156,"image":{"@id":"https:\/\/exaudi.org\/it\/la-liberta-cristiana-e-aperta-a-tutti-i-popoli-e-culture\/#primaryimage"},"thumbnailUrl":"https:\/\/exaudi.org\/wp-content\/uploads\/2021\/10\/Udienza-svizzeri-scaled.jpg","keywords":["Chiesa cattolica","cultura","Featured","libert\u00e0","Papa Francesco"],"articleSection":["Leone XIV","Top Ultime Notizie","Udienza generale","Ultime Notizie"],"inLanguage":"it-IT"},{"@type":"WebPage","@id":"https:\/\/exaudi.org\/it\/la-liberta-cristiana-e-aperta-a-tutti-i-popoli-e-culture\/","url":"https:\/\/exaudi.org\/it\/la-liberta-cristiana-e-aperta-a-tutti-i-popoli-e-culture\/","name":"La libert\u00e0 cristiana \u00e8 aperta a tutti i popoli e culture &#8211; Exaudi","isPartOf":{"@id":"https:\/\/exaudi.org\/#website"},"primaryImageOfPage":{"@id":"https:\/\/exaudi.org\/it\/la-liberta-cristiana-e-aperta-a-tutti-i-popoli-e-culture\/#primaryimage"},"image":{"@id":"https:\/\/exaudi.org\/it\/la-liberta-cristiana-e-aperta-a-tutti-i-popoli-e-culture\/#primaryimage"},"thumbnailUrl":"https:\/\/exaudi.org\/wp-content\/uploads\/2021\/10\/Udienza-svizzeri-scaled.jpg","datePublished":"2021-10-13T10:24:11+00:00","author":{"@id":"https:\/\/exaudi.org\/#\/schema\/person\/e1ab6ed07c01774724dd96f925f3a5f0"},"description":"Nella catechesi sulla Lettera ai Galati il Papa ha parlato della libert\u00e0 cristiana e ha difeso l\u2019unit\u00e0 della Chiesa contro l\u2019uniformit\u00e0","breadcrumb":{"@id":"https:\/\/exaudi.org\/it\/la-liberta-cristiana-e-aperta-a-tutti-i-popoli-e-culture\/#breadcrumb"},"inLanguage":"it-IT","potentialAction":[{"@type":"ReadAction","target":["https:\/\/exaudi.org\/it\/la-liberta-cristiana-e-aperta-a-tutti-i-popoli-e-culture\/"]}]},{"@type":"ImageObject","inLanguage":"it-IT","@id":"https:\/\/exaudi.org\/it\/la-liberta-cristiana-e-aperta-a-tutti-i-popoli-e-culture\/#primaryimage","url":"https:\/\/exaudi.org\/wp-content\/uploads\/2021\/10\/Udienza-svizzeri-scaled.jpg","contentUrl":"https:\/\/exaudi.org\/wp-content\/uploads\/2021\/10\/Udienza-svizzeri-scaled.jpg","width":2560,"height":1707,"caption":"(C) Vatican Media"},{"@type":"BreadcrumbList","@id":"https:\/\/exaudi.org\/it\/la-liberta-cristiana-e-aperta-a-tutti-i-popoli-e-culture\/#breadcrumb","itemListElement":[{"@type":"ListItem","position":1,"name":"Portada","item":"https:\/\/exaudi.org\/it\/"},{"@type":"ListItem","position":2,"name":"La libert\u00e0 cristiana \u00e8 aperta a tutti i popoli e culture"}]},{"@type":"WebSite","@id":"https:\/\/exaudi.org\/#website","url":"https:\/\/exaudi.org\/","name":"Exaudi","description":"News","potentialAction":[{"@type":"SearchAction","target":{"@type":"EntryPoint","urlTemplate":"https:\/\/exaudi.org\/?s={search_term_string}"},"query-input":{"@type":"PropertyValueSpecification","valueRequired":true,"valueName":"search_term_string"}}],"inLanguage":"it-IT"},{"@type":"Person","@id":"https:\/\/exaudi.org\/#\/schema\/person\/e1ab6ed07c01774724dd96f925f3a5f0","name":"Exaudi Redazione","image":{"@type":"ImageObject","inLanguage":"it-IT","@id":"https:\/\/secure.gravatar.com\/avatar\/ad6774b3ada023bf5b939d64f45c94b3adf91502dd883507d469b4308a943bb3?s=96&d=mm&r=g","url":"https:\/\/secure.gravatar.com\/avatar\/ad6774b3ada023bf5b939d64f45c94b3adf91502dd883507d469b4308a943bb3?s=96&d=mm&r=g","contentUrl":"https:\/\/secure.gravatar.com\/avatar\/ad6774b3ada023bf5b939d64f45c94b3adf91502dd883507d469b4308a943bb3?s=96&d=mm&r=g","caption":"Exaudi Redazione"},"description":"Che cosa \u00e8 Exaudi News? Exaudi News \u00e8 un agenzia cattolica internazionale che informa, istruisce e trasforma quotidianamente in spagnolo, inglese e italiano. Attraverso notizie, articoli di analisi e trasmissioni in diretta degli eventi del Papa, Exaudi cerca di rafforzare l'unit\u00e0 dei cristiani e di contribuire all'evangelizzazione del mondo, sempre guidato dalla dottrina sociale della Chiesa. Lavoriamo per portare la verit\u00e0 e i valori cristiani in ogni angolo del pianeta. Aiutaci a trasformare il mondo con Exaudi! Noi di Exaudi crediamo che l'evangelizzazione e l'informazione di qualit\u00e0 possano cambiare la vita. Per continuare la nostra missione ed espandere la nostra portata, abbiamo bisogno del tuo aiuto. Stiamo anche cercando persone motivate che vogliano unirsi al nostro team. Grazie al vostro sostegno raggiungeremo pi\u00f9 persone, diffonderemo il messaggio di Cristo e rafforzeremo l'unit\u00e0 dei cristiani. Vuoi unirti alla nostra missione? Per maggiori informazioni su come contribuire, visita Exaudi.org\/it o contattaci direttamente: info@exaudi.org Exaudi: informa, forma e trasforma.","sameAs":["https:\/\/www.facebook.com\/ExaudiNotizie\/","https:\/\/www.instagram.com\/Exaudi_notizie\/","https:\/\/x.com\/Exaudi_Notizie","https:\/\/www.youtube.com\/@exaudicatholicnews"],"url":"https:\/\/exaudi.org\/it\/author\/dlvedi-org\/"}]}},"jetpack_featured_media_url":"https:\/\/exaudi.org\/wp-content\/uploads\/2021\/10\/Udienza-svizzeri-scaled.jpg","jetpack_shortlink":"https:\/\/wp.me\/pgKjF2-9uX","_links":{"self":[{"href":"https:\/\/exaudi.org\/it\/wp-json\/wp\/v2\/posts\/36515","targetHints":{"allow":["GET"]}}],"collection":[{"href":"https:\/\/exaudi.org\/it\/wp-json\/wp\/v2\/posts"}],"about":[{"href":"https:\/\/exaudi.org\/it\/wp-json\/wp\/v2\/types\/post"}],"author":[{"embeddable":true,"href":"https:\/\/exaudi.org\/it\/wp-json\/wp\/v2\/users\/17"}],"replies":[{"embeddable":true,"href":"https:\/\/exaudi.org\/it\/wp-json\/wp\/v2\/comments?post=36515"}],"version-history":[{"count":0,"href":"https:\/\/exaudi.org\/it\/wp-json\/wp\/v2\/posts\/36515\/revisions"}],"wp:featuredmedia":[{"embeddable":true,"href":"https:\/\/exaudi.org\/it\/wp-json\/wp\/v2\/media\/36516"}],"wp:attachment":[{"href":"https:\/\/exaudi.org\/it\/wp-json\/wp\/v2\/media?parent=36515"}],"wp:term":[{"taxonomy":"category","embeddable":true,"href":"https:\/\/exaudi.org\/it\/wp-json\/wp\/v2\/categories?post=36515"},{"taxonomy":"post_tag","embeddable":true,"href":"https:\/\/exaudi.org\/it\/wp-json\/wp\/v2\/tags?post=36515"}],"curies":[{"name":"wp","href":"https:\/\/api.w.org\/{rel}","templated":true}]}}