{"id":36439,"date":"2021-10-12T16:29:28","date_gmt":"2021-10-12T14:29:28","guid":{"rendered":"https:\/\/exaudi.wpengine.com\/?p=36439"},"modified":"2021-10-12T16:29:28","modified_gmt":"2021-10-12T14:29:28","slug":"una-chiesa-non-di-tutti-ma-per-tutti","status":"publish","type":"post","link":"https:\/\/exaudi.org\/it\/una-chiesa-non-di-tutti-ma-per-tutti\/","title":{"rendered":"Una Chiesa non di tutti ma per tutti"},"content":{"rendered":"<p>Un Messaggio ai presbiteri, ai diaconi, ai consacrati e agli operatori pastorali e una Lettera alle donne e agli uomini di buona volont\u00e0. Sono i due testi approvati dal Consiglio Episcopale Permanente della Cei. Da oggi sono disponibili sul sito del Cammino sinodale: <a href=\"http:\/\/www.camminosinodale.net\/\">www.camminosinodale.net<\/a> \u00a0camminosinodale.chiesacattolica.it. La Chiesa italiana si mette in ascolto di chiunque voglia contribuire a tracciare il percorso da seguire nei prossimi anni. L&#8217;obiettivo \u00e8 farsi sempre pi\u00f9 prossima alle persone con lo sguardo rivolto a Cristo, unico salvatore.<\/p>\n<p>\u00abLe nostre Chiese in Italia \u2013 spiegano i Vescovi nel\u00a0Messaggio\u00a0&#8211; sono coinvolte nel cambiamento epocale; allora non bastano alcuni ritocchi marginali per mettersi in ascolto di ci\u00f2 che, gemendo, lo Spirito dice alle Chiese. Siamo dentro le doglie del parto. \u00c8 tempo di sottoporre con decisione al\u00a0discernimento comunitario\u00a0l\u2019assetto della nostra pastorale, lasciando da parte le tentazioni conservative e restauratrici e, nello spirito della viva tradizione ecclesiale \u2013 tutt\u2019altra cosa dagli allestimenti museali \u2013 affrontare con decisione il tema della \u201criforma\u201d, cio\u00e8 del recupero di una \u201cforma\u201d pi\u00f9 evangelica; se la riforma \u00e8 compito\u00a0continuo\u00a0della Chiesa (\u201csemper purificanda\u201d:\u00a0Lumen Gentium\u00a08), diventa compito\u00a0strutturale, come insegna la storia, ad ogni mutamento d\u2019epoca\u00bb.<\/p>\n<h4>Processo aperto<\/h4>\n<p>Il Cammino sinodale \u00e8, dunque, un processo che vuole aiutare a \u00abriscoprire il senso dell\u2019essere comunit\u00e0, il calore di una casa accogliente e l\u2019arte della cura\u00bb. \u00abSogniamo una Chiesa aperta, in dialogo. Non pi\u00f9 \u201cdi tutti\u201d ma sempre \u201cper tutti\u201d\u00bb, scrivono i Vescovi nella Lettera indirizzata alle donne e agli uomini di buona volont\u00e0.<\/p>\n<p>\u00abTu che desideri una vita autentica, tu che sei assetato di bellezza e di giustizia, tu che non ti accontenti di facili risposte, tu che accompagni con stupore e trepidazione la crescita dei figli e dei nipoti, tu che conosci il buio della solitudine e del dolore, l\u2019inquietudine del dubbio e la fragilit\u00e0 della debolezza, tu che ringrazi per il dono dell\u2019amicizia, tu che sei giovane e cerchi fiducia e amore, tu che custodisci storie e tradizioni antiche, tu che non hai smesso di sperare e anche tu a cui il presente sembra aver rubato la speranza, tu che hai incontrato il Signore della vita o che ancora sei in ricerca o nell\u2019incertezza\u2026\u00bb.<\/p>\n<h4>Le tappe<\/h4>\n<p>Insieme ai due testi, \u00e8 stato diffuso il\u00a0crono-programma che si distende per l\u2019intero quinquennio 2021-2025, con tutte le tappe del Cammino sinodale.<\/p>\n<h4>Ascolto e priorit\u00e0 pastorali<\/h4>\n<p>Nel biennio dell\u2019ascolto (2021-2023) la fase narrativa: raccoglier\u00e0 in un primo anno i racconti, i desideri, le sofferenze e le risorse di tutti coloro che vorranno intervenire; nell\u2019anno seguente invece ci si concentrer\u00e0 su alcune priorit\u00e0 pastorali.<\/p>\n<h4>Un\u2019assemblea nel 2025<\/h4>\n<p>Seguir\u00e0 una fase sapienziale, nella quale l\u2019intero Popolo di Dio, con il supporto dei teologi e dei pastori, legger\u00e0 in profondit\u00e0 quanto emerso nelle consultazioni capillari (2023-24). Infine, la fase profetica. Sar\u00e0 un momento assembleare nel 2025, che cercher\u00e0 di assumere alcuni orientamenti profetici e coraggiosi, da riconsegnare alle Chiese nella seconda met\u00e0 del decennio. Tutti gli eventi si inseriscono nel percorso quale espressione di una Chiesa che si apre e che dialoga.<\/p>\n","protected":false},"excerpt":{"rendered":"<p>Il Messaggio e la lettera del Consiglio permanente della Cei rivolti a chiunque voglia partecipare al cammino sinodale<\/p>\n","protected":false},"author":17,"featured_media":36440,"comment_status":"closed","ping_status":"closed","sticky":false,"template":"","format":"standard","meta":{"_acf_changed":false,"_crdt_document":"","inline_featured_image":false,"footnotes":""},"categories":[73,85,2157,297],"tags":[4499,349,2484],"class_list":["post-36439","post","type-post","status-publish","format-standard","has-post-thumbnail","hentry","category-chiesa-e-mondo","category-chiese-locali","category-top-ultime-notizie","category-ultime-notizie","tag-cammino-sinodale","tag-cei","tag-chiesa-italiana"],"acf":[],"yoast_head":"<!-- This site is optimized with the Yoast SEO plugin v27.5 - https:\/\/yoast.com\/product\/yoast-seo-wordpress\/ -->\n<title>Una Chiesa non di tutti ma per tutti &#8211; Exaudi<\/title>\n<meta name=\"description\" content=\"Pubblicati il Messaggio e la lettera del Consiglio della Cei rivolti a chiunque voglia partecipare al cammino sinodale della Chiesa italiana\" \/>\n<meta name=\"robots\" content=\"index, follow, max-snippet:-1, max-image-preview:large, max-video-preview:-1\" \/>\n<link rel=\"canonical\" href=\"https:\/\/exaudi.org\/it\/una-chiesa-non-di-tutti-ma-per-tutti\/\" \/>\n<meta property=\"og:locale\" content=\"it_IT\" \/>\n<meta property=\"og:type\" content=\"article\" \/>\n<meta property=\"og:title\" content=\"Una Chiesa non di tutti ma per tutti &#8211; Exaudi\" \/>\n<meta property=\"og:description\" content=\"Pubblicati il Messaggio e la lettera del Consiglio della Cei rivolti a chiunque voglia partecipare al cammino sinodale della Chiesa italiana\" \/>\n<meta property=\"og:url\" content=\"https:\/\/exaudi.org\/it\/una-chiesa-non-di-tutti-ma-per-tutti\/\" \/>\n<meta property=\"og:site_name\" content=\"Exaudi\" \/>\n<meta property=\"article:publisher\" content=\"https:\/\/www.facebook.com\/ExaudiNews\" \/>\n<meta property=\"article:author\" content=\"https:\/\/www.facebook.com\/ExaudiNotizie\/\" \/>\n<meta property=\"article:published_time\" content=\"2021-10-12T14:29:28+00:00\" \/>\n<meta property=\"og:image\" content=\"https:\/\/exaudi.org\/wp-content\/uploads\/2021\/10\/San-Pietro-4-bis.jpg\" \/>\n\t<meta property=\"og:image:width\" content=\"914\" \/>\n\t<meta property=\"og:image:height\" content=\"439\" \/>\n\t<meta property=\"og:image:type\" content=\"image\/jpeg\" \/>\n<meta name=\"author\" content=\"Exaudi Redazione\" \/>\n<meta name=\"twitter:card\" content=\"summary_large_image\" \/>\n<meta name=\"twitter:creator\" content=\"@Exaudi_Notizie\" \/>\n<meta name=\"twitter:site\" content=\"@Exaudi_News\" \/>\n<meta name=\"twitter:label1\" content=\"Scritto da\" \/>\n\t<meta name=\"twitter:data1\" content=\"Exaudi Redazione\" \/>\n\t<meta name=\"twitter:label2\" content=\"Tempo di lettura stimato\" \/>\n\t<meta name=\"twitter:data2\" content=\"3 minuti\" \/>\n<script type=\"application\/ld+json\" class=\"yoast-schema-graph\">{\"@context\":\"https:\\\/\\\/schema.org\",\"@graph\":[{\"@type\":\"Article\",\"@id\":\"https:\\\/\\\/exaudi.org\\\/it\\\/una-chiesa-non-di-tutti-ma-per-tutti\\\/#article\",\"isPartOf\":{\"@id\":\"https:\\\/\\\/exaudi.org\\\/it\\\/una-chiesa-non-di-tutti-ma-per-tutti\\\/\"},\"author\":{\"name\":\"Exaudi Redazione\",\"@id\":\"https:\\\/\\\/exaudi.org\\\/#\\\/schema\\\/person\\\/e1ab6ed07c01774724dd96f925f3a5f0\"},\"headline\":\"Una Chiesa non di tutti ma per tutti\",\"datePublished\":\"2021-10-12T14:29:28+00:00\",\"mainEntityOfPage\":{\"@id\":\"https:\\\/\\\/exaudi.org\\\/it\\\/una-chiesa-non-di-tutti-ma-per-tutti\\\/\"},\"wordCount\":523,\"image\":{\"@id\":\"https:\\\/\\\/exaudi.org\\\/it\\\/una-chiesa-non-di-tutti-ma-per-tutti\\\/#primaryimage\"},\"thumbnailUrl\":\"https:\\\/\\\/exaudi.org\\\/wp-content\\\/uploads\\\/2021\\\/10\\\/San-Pietro-4-bis.jpg\",\"keywords\":[\"cammino sinodale\",\"Cei\",\"Chiesa italiana\"],\"articleSection\":[\"Chiesa e Mondo\",\"Chiese locali\",\"Top Ultime Notizie\",\"Ultime Notizie\"],\"inLanguage\":\"it-IT\"},{\"@type\":\"WebPage\",\"@id\":\"https:\\\/\\\/exaudi.org\\\/it\\\/una-chiesa-non-di-tutti-ma-per-tutti\\\/\",\"url\":\"https:\\\/\\\/exaudi.org\\\/it\\\/una-chiesa-non-di-tutti-ma-per-tutti\\\/\",\"name\":\"Una Chiesa non di tutti ma per tutti &#8211; Exaudi\",\"isPartOf\":{\"@id\":\"https:\\\/\\\/exaudi.org\\\/#website\"},\"primaryImageOfPage\":{\"@id\":\"https:\\\/\\\/exaudi.org\\\/it\\\/una-chiesa-non-di-tutti-ma-per-tutti\\\/#primaryimage\"},\"image\":{\"@id\":\"https:\\\/\\\/exaudi.org\\\/it\\\/una-chiesa-non-di-tutti-ma-per-tutti\\\/#primaryimage\"},\"thumbnailUrl\":\"https:\\\/\\\/exaudi.org\\\/wp-content\\\/uploads\\\/2021\\\/10\\\/San-Pietro-4-bis.jpg\",\"datePublished\":\"2021-10-12T14:29:28+00:00\",\"author\":{\"@id\":\"https:\\\/\\\/exaudi.org\\\/#\\\/schema\\\/person\\\/e1ab6ed07c01774724dd96f925f3a5f0\"},\"description\":\"Pubblicati il Messaggio e la lettera del Consiglio della Cei rivolti a chiunque voglia partecipare al cammino sinodale della Chiesa italiana\",\"breadcrumb\":{\"@id\":\"https:\\\/\\\/exaudi.org\\\/it\\\/una-chiesa-non-di-tutti-ma-per-tutti\\\/#breadcrumb\"},\"inLanguage\":\"it-IT\",\"potentialAction\":[{\"@type\":\"ReadAction\",\"target\":[\"https:\\\/\\\/exaudi.org\\\/it\\\/una-chiesa-non-di-tutti-ma-per-tutti\\\/\"]}]},{\"@type\":\"ImageObject\",\"inLanguage\":\"it-IT\",\"@id\":\"https:\\\/\\\/exaudi.org\\\/it\\\/una-chiesa-non-di-tutti-ma-per-tutti\\\/#primaryimage\",\"url\":\"https:\\\/\\\/exaudi.org\\\/wp-content\\\/uploads\\\/2021\\\/10\\\/San-Pietro-4-bis.jpg\",\"contentUrl\":\"https:\\\/\\\/exaudi.org\\\/wp-content\\\/uploads\\\/2021\\\/10\\\/San-Pietro-4-bis.jpg\",\"width\":914,\"height\":439,\"caption\":\"Chiesa italiana\"},{\"@type\":\"BreadcrumbList\",\"@id\":\"https:\\\/\\\/exaudi.org\\\/it\\\/una-chiesa-non-di-tutti-ma-per-tutti\\\/#breadcrumb\",\"itemListElement\":[{\"@type\":\"ListItem\",\"position\":1,\"name\":\"Portada\",\"item\":\"https:\\\/\\\/exaudi.org\\\/it\\\/\"},{\"@type\":\"ListItem\",\"position\":2,\"name\":\"Una Chiesa non di tutti ma per tutti\"}]},{\"@type\":\"WebSite\",\"@id\":\"https:\\\/\\\/exaudi.org\\\/#website\",\"url\":\"https:\\\/\\\/exaudi.org\\\/\",\"name\":\"Exaudi\",\"description\":\"News\",\"potentialAction\":[{\"@type\":\"SearchAction\",\"target\":{\"@type\":\"EntryPoint\",\"urlTemplate\":\"https:\\\/\\\/exaudi.org\\\/?s={search_term_string}\"},\"query-input\":{\"@type\":\"PropertyValueSpecification\",\"valueRequired\":true,\"valueName\":\"search_term_string\"}}],\"inLanguage\":\"it-IT\"},{\"@type\":\"Person\",\"@id\":\"https:\\\/\\\/exaudi.org\\\/#\\\/schema\\\/person\\\/e1ab6ed07c01774724dd96f925f3a5f0\",\"name\":\"Exaudi Redazione\",\"image\":{\"@type\":\"ImageObject\",\"inLanguage\":\"it-IT\",\"@id\":\"https:\\\/\\\/secure.gravatar.com\\\/avatar\\\/ad6774b3ada023bf5b939d64f45c94b3adf91502dd883507d469b4308a943bb3?s=96&d=mm&r=g\",\"url\":\"https:\\\/\\\/secure.gravatar.com\\\/avatar\\\/ad6774b3ada023bf5b939d64f45c94b3adf91502dd883507d469b4308a943bb3?s=96&d=mm&r=g\",\"contentUrl\":\"https:\\\/\\\/secure.gravatar.com\\\/avatar\\\/ad6774b3ada023bf5b939d64f45c94b3adf91502dd883507d469b4308a943bb3?s=96&d=mm&r=g\",\"caption\":\"Exaudi Redazione\"},\"description\":\"Che cosa \u00e8 Exaudi News? Exaudi News \u00e8 un agenzia cattolica internazionale che informa, istruisce e trasforma quotidianamente in spagnolo, inglese e italiano. Attraverso notizie, articoli di analisi e trasmissioni in diretta degli eventi del Papa, Exaudi cerca di rafforzare l'unit\u00e0 dei cristiani e di contribuire all'evangelizzazione del mondo, sempre guidato dalla dottrina sociale della Chiesa. Lavoriamo per portare la verit\u00e0 e i valori cristiani in ogni angolo del pianeta. Aiutaci a trasformare il mondo con Exaudi! Noi di Exaudi crediamo che l'evangelizzazione e l'informazione di qualit\u00e0 possano cambiare la vita. Per continuare la nostra missione ed espandere la nostra portata, abbiamo bisogno del tuo aiuto. Stiamo anche cercando persone motivate che vogliano unirsi al nostro team. Grazie al vostro sostegno raggiungeremo pi\u00f9 persone, diffonderemo il messaggio di Cristo e rafforzeremo l'unit\u00e0 dei cristiani. Vuoi unirti alla nostra missione? Per maggiori informazioni su come contribuire, visita Exaudi.org\\\/it o contattaci direttamente: info@exaudi.org Exaudi: informa, forma e trasforma.\",\"sameAs\":[\"https:\\\/\\\/www.facebook.com\\\/ExaudiNotizie\\\/\",\"https:\\\/\\\/www.instagram.com\\\/Exaudi_notizie\\\/\",\"https:\\\/\\\/x.com\\\/Exaudi_Notizie\",\"https:\\\/\\\/www.youtube.com\\\/@exaudicatholicnews\"],\"url\":\"https:\\\/\\\/exaudi.org\\\/it\\\/author\\\/dlvedi-org\\\/\"}]}<\/script>\n<!-- \/ Yoast SEO plugin. -->","yoast_head_json":{"title":"Una Chiesa non di tutti ma per tutti &#8211; Exaudi","description":"Pubblicati il Messaggio e la lettera del Consiglio della Cei rivolti a chiunque voglia partecipare al cammino sinodale della Chiesa italiana","robots":{"index":"index","follow":"follow","max-snippet":"max-snippet:-1","max-image-preview":"max-image-preview:large","max-video-preview":"max-video-preview:-1"},"canonical":"https:\/\/exaudi.org\/it\/una-chiesa-non-di-tutti-ma-per-tutti\/","og_locale":"it_IT","og_type":"article","og_title":"Una Chiesa non di tutti ma per tutti &#8211; Exaudi","og_description":"Pubblicati il Messaggio e la lettera del Consiglio della Cei rivolti a chiunque voglia partecipare al cammino sinodale della Chiesa italiana","og_url":"https:\/\/exaudi.org\/it\/una-chiesa-non-di-tutti-ma-per-tutti\/","og_site_name":"Exaudi","article_publisher":"https:\/\/www.facebook.com\/ExaudiNews","article_author":"https:\/\/www.facebook.com\/ExaudiNotizie\/","article_published_time":"2021-10-12T14:29:28+00:00","og_image":[{"width":914,"height":439,"url":"https:\/\/exaudi.org\/wp-content\/uploads\/2021\/10\/San-Pietro-4-bis.jpg","type":"image\/jpeg"}],"author":"Exaudi Redazione","twitter_card":"summary_large_image","twitter_creator":"@Exaudi_Notizie","twitter_site":"@Exaudi_News","twitter_misc":{"Scritto da":"Exaudi Redazione","Tempo di lettura stimato":"3 minuti"},"schema":{"@context":"https:\/\/schema.org","@graph":[{"@type":"Article","@id":"https:\/\/exaudi.org\/it\/una-chiesa-non-di-tutti-ma-per-tutti\/#article","isPartOf":{"@id":"https:\/\/exaudi.org\/it\/una-chiesa-non-di-tutti-ma-per-tutti\/"},"author":{"name":"Exaudi Redazione","@id":"https:\/\/exaudi.org\/#\/schema\/person\/e1ab6ed07c01774724dd96f925f3a5f0"},"headline":"Una Chiesa non di tutti ma per tutti","datePublished":"2021-10-12T14:29:28+00:00","mainEntityOfPage":{"@id":"https:\/\/exaudi.org\/it\/una-chiesa-non-di-tutti-ma-per-tutti\/"},"wordCount":523,"image":{"@id":"https:\/\/exaudi.org\/it\/una-chiesa-non-di-tutti-ma-per-tutti\/#primaryimage"},"thumbnailUrl":"https:\/\/exaudi.org\/wp-content\/uploads\/2021\/10\/San-Pietro-4-bis.jpg","keywords":["cammino sinodale","Cei","Chiesa italiana"],"articleSection":["Chiesa e Mondo","Chiese locali","Top Ultime Notizie","Ultime Notizie"],"inLanguage":"it-IT"},{"@type":"WebPage","@id":"https:\/\/exaudi.org\/it\/una-chiesa-non-di-tutti-ma-per-tutti\/","url":"https:\/\/exaudi.org\/it\/una-chiesa-non-di-tutti-ma-per-tutti\/","name":"Una Chiesa non di tutti ma per tutti &#8211; Exaudi","isPartOf":{"@id":"https:\/\/exaudi.org\/#website"},"primaryImageOfPage":{"@id":"https:\/\/exaudi.org\/it\/una-chiesa-non-di-tutti-ma-per-tutti\/#primaryimage"},"image":{"@id":"https:\/\/exaudi.org\/it\/una-chiesa-non-di-tutti-ma-per-tutti\/#primaryimage"},"thumbnailUrl":"https:\/\/exaudi.org\/wp-content\/uploads\/2021\/10\/San-Pietro-4-bis.jpg","datePublished":"2021-10-12T14:29:28+00:00","author":{"@id":"https:\/\/exaudi.org\/#\/schema\/person\/e1ab6ed07c01774724dd96f925f3a5f0"},"description":"Pubblicati il Messaggio e la lettera del Consiglio della Cei rivolti a chiunque voglia partecipare al cammino sinodale della Chiesa italiana","breadcrumb":{"@id":"https:\/\/exaudi.org\/it\/una-chiesa-non-di-tutti-ma-per-tutti\/#breadcrumb"},"inLanguage":"it-IT","potentialAction":[{"@type":"ReadAction","target":["https:\/\/exaudi.org\/it\/una-chiesa-non-di-tutti-ma-per-tutti\/"]}]},{"@type":"ImageObject","inLanguage":"it-IT","@id":"https:\/\/exaudi.org\/it\/una-chiesa-non-di-tutti-ma-per-tutti\/#primaryimage","url":"https:\/\/exaudi.org\/wp-content\/uploads\/2021\/10\/San-Pietro-4-bis.jpg","contentUrl":"https:\/\/exaudi.org\/wp-content\/uploads\/2021\/10\/San-Pietro-4-bis.jpg","width":914,"height":439,"caption":"Chiesa italiana"},{"@type":"BreadcrumbList","@id":"https:\/\/exaudi.org\/it\/una-chiesa-non-di-tutti-ma-per-tutti\/#breadcrumb","itemListElement":[{"@type":"ListItem","position":1,"name":"Portada","item":"https:\/\/exaudi.org\/it\/"},{"@type":"ListItem","position":2,"name":"Una Chiesa non di tutti ma per tutti"}]},{"@type":"WebSite","@id":"https:\/\/exaudi.org\/#website","url":"https:\/\/exaudi.org\/","name":"Exaudi","description":"News","potentialAction":[{"@type":"SearchAction","target":{"@type":"EntryPoint","urlTemplate":"https:\/\/exaudi.org\/?s={search_term_string}"},"query-input":{"@type":"PropertyValueSpecification","valueRequired":true,"valueName":"search_term_string"}}],"inLanguage":"it-IT"},{"@type":"Person","@id":"https:\/\/exaudi.org\/#\/schema\/person\/e1ab6ed07c01774724dd96f925f3a5f0","name":"Exaudi Redazione","image":{"@type":"ImageObject","inLanguage":"it-IT","@id":"https:\/\/secure.gravatar.com\/avatar\/ad6774b3ada023bf5b939d64f45c94b3adf91502dd883507d469b4308a943bb3?s=96&d=mm&r=g","url":"https:\/\/secure.gravatar.com\/avatar\/ad6774b3ada023bf5b939d64f45c94b3adf91502dd883507d469b4308a943bb3?s=96&d=mm&r=g","contentUrl":"https:\/\/secure.gravatar.com\/avatar\/ad6774b3ada023bf5b939d64f45c94b3adf91502dd883507d469b4308a943bb3?s=96&d=mm&r=g","caption":"Exaudi Redazione"},"description":"Che cosa \u00e8 Exaudi News? Exaudi News \u00e8 un agenzia cattolica internazionale che informa, istruisce e trasforma quotidianamente in spagnolo, inglese e italiano. Attraverso notizie, articoli di analisi e trasmissioni in diretta degli eventi del Papa, Exaudi cerca di rafforzare l'unit\u00e0 dei cristiani e di contribuire all'evangelizzazione del mondo, sempre guidato dalla dottrina sociale della Chiesa. Lavoriamo per portare la verit\u00e0 e i valori cristiani in ogni angolo del pianeta. Aiutaci a trasformare il mondo con Exaudi! Noi di Exaudi crediamo che l'evangelizzazione e l'informazione di qualit\u00e0 possano cambiare la vita. Per continuare la nostra missione ed espandere la nostra portata, abbiamo bisogno del tuo aiuto. Stiamo anche cercando persone motivate che vogliano unirsi al nostro team. Grazie al vostro sostegno raggiungeremo pi\u00f9 persone, diffonderemo il messaggio di Cristo e rafforzeremo l'unit\u00e0 dei cristiani. Vuoi unirti alla nostra missione? Per maggiori informazioni su come contribuire, visita Exaudi.org\/it o contattaci direttamente: info@exaudi.org Exaudi: informa, forma e trasforma.","sameAs":["https:\/\/www.facebook.com\/ExaudiNotizie\/","https:\/\/www.instagram.com\/Exaudi_notizie\/","https:\/\/x.com\/Exaudi_Notizie","https:\/\/www.youtube.com\/@exaudicatholicnews"],"url":"https:\/\/exaudi.org\/it\/author\/dlvedi-org\/"}]}},"jetpack_featured_media_url":"https:\/\/exaudi.org\/wp-content\/uploads\/2021\/10\/San-Pietro-4-bis.jpg","jetpack_shortlink":"https:\/\/wp.me\/pgKjF2-9tJ","_links":{"self":[{"href":"https:\/\/exaudi.org\/it\/wp-json\/wp\/v2\/posts\/36439","targetHints":{"allow":["GET"]}}],"collection":[{"href":"https:\/\/exaudi.org\/it\/wp-json\/wp\/v2\/posts"}],"about":[{"href":"https:\/\/exaudi.org\/it\/wp-json\/wp\/v2\/types\/post"}],"author":[{"embeddable":true,"href":"https:\/\/exaudi.org\/it\/wp-json\/wp\/v2\/users\/17"}],"replies":[{"embeddable":true,"href":"https:\/\/exaudi.org\/it\/wp-json\/wp\/v2\/comments?post=36439"}],"version-history":[{"count":0,"href":"https:\/\/exaudi.org\/it\/wp-json\/wp\/v2\/posts\/36439\/revisions"}],"wp:featuredmedia":[{"embeddable":true,"href":"https:\/\/exaudi.org\/it\/wp-json\/wp\/v2\/media\/36440"}],"wp:attachment":[{"href":"https:\/\/exaudi.org\/it\/wp-json\/wp\/v2\/media?parent=36439"}],"wp:term":[{"taxonomy":"category","embeddable":true,"href":"https:\/\/exaudi.org\/it\/wp-json\/wp\/v2\/categories?post=36439"},{"taxonomy":"post_tag","embeddable":true,"href":"https:\/\/exaudi.org\/it\/wp-json\/wp\/v2\/tags?post=36439"}],"curies":[{"name":"wp","href":"https:\/\/api.w.org\/{rel}","templated":true}]}}