{"id":36425,"date":"2021-10-12T13:11:56","date_gmt":"2021-10-12T11:11:56","guid":{"rendered":"https:\/\/exaudi.wpengine.com\/?p=36425"},"modified":"2021-10-13T08:48:48","modified_gmt":"2021-10-13T06:48:48","slug":"cosi-ci-parla-carlo-acutis","status":"publish","type":"post","link":"https:\/\/exaudi.org\/it\/cosi-ci-parla-carlo-acutis\/","title":{"rendered":"Cos\u00ec ci parla Carlo Acutis"},"content":{"rendered":"<p>Le ragazze della classe quinta di catechismo della Basilica di S. Maria Immacolata a Genova hanno fatto un\u2019intervista immaginaria a Carlo Acutis, di cui oggi ricorre la prima memoria liturgica dopo la beatificazione.<\/p>\n<p>Pu\u00f2 essere difficile parlare di Ges\u00f9 ai bambini, ma \u00e8 importante far loro sapere chi Egli \u00e8 e quanto amore ha per loro. Ce l\u2019ha chiesto Lui stesso quando ha detto: \u00abLasciate che i bambini vengano a me e non glielo impedite;\u00a0a chi \u00e8 come loro, infatti, appartiene il regno di Dio\u201d (Lc 18,16).\u00a0 Un ottimo modo per avvicinarli al Signore \u00e8 mostrare la vita dei santi.<\/p>\n<figure id=\"attachment_36429\" aria-describedby=\"caption-attachment-36429\" style=\"width: 300px\" class=\"wp-caption alignleft\"><img loading=\"lazy\" decoding=\"async\" class=\"size-medium wp-image-36429\" src=\"https:\/\/exaudi.wpengine.com\/wp-content\/uploads\/2021\/10\/acutis-300x169.jpeg\" alt=\"\" width=\"300\" height=\"169\" srcset=\"https:\/\/exaudi.org\/wp-content\/uploads\/2021\/10\/acutis-300x169.jpeg 300w, https:\/\/exaudi.org\/wp-content\/uploads\/2021\/10\/acutis-150x84.jpeg 150w, https:\/\/exaudi.org\/wp-content\/uploads\/2021\/10\/acutis.jpeg 500w\" sizes=\"auto, (max-width: 300px) 100vw, 300px\" \/><figcaption id=\"caption-attachment-36429\" class=\"wp-caption-text\">La messa di beatificazione di Acutis (C) Vatican Media<\/figcaption><\/figure>\n<p>Per questa ragione, all\u2019inizio dell\u2019anno catechistico abbiamo \u201cintervistato\u201d Carlo Acutis, un ragazzo, che come loro ha usato il pc, i social, lo smartphone. Mor\u00ec all\u2019et\u00e0 di 15 anni di leucemia nel 2006. Il primo millennial proclamato beato, il 10 ottobre 2020.<\/p>\n<p>La storia del giovane beato ha riempito di curiosit\u00e0 le ragazze e cos\u00ec attraverso domande ideate da loro stesse, ci siamo immerse in aspetti molto interessanti della sua breve, ma intensa, vita. Non potendo parlare direttamente con lui, ci siamo avvicinati alle persone che l\u2019hanno conosciuto personalmente: la madre, il parroco, il postulatore della causa, i medici che l\u2019hanno avuto in cura ci hanno raccontato molte cose interessanti. In questo modo, le nostre ragazze hanno scoperto cosa aveva di speciale questo ragazzo vissuto appena 15 anni.<\/p>\n<h4>Carolina Vassallo, Pamela Lemba e Teresa Bolla presentano il messaggio legato alla spiritualit\u00e0 vissuta da Carlo.<\/h4>\n<p><strong>Come \u00e8 stato conoscere intensamente Ges\u00f9? Come ti \u00e8 successo di credere tanto a Ges\u00f9? Chi ti ha dato il motivo per ricevere tutti giorni l\u2019Eucaristia? Come facevi a ricordarti di andare in Chiesa?<\/strong><\/p>\n<p>Ho scoperto Dio nella celebrazione della messa, per questo ho capito che era importante parteciparvi tutti i giorni. Ascoltavo e leggevo attentamente il vangelo che per me diventava sempre di pi\u00f9 la bussola della mia vita. Mi impegnavo ad andare in chiesa ogni giorno per incontrare Ges\u00f9 nell\u2019Eucaristia, in quanto credevo fermamente nella presenza di Dio nei tabernacoli delle chiese. Sentivo Ges\u00f9 Eucaristia come il mio pi\u00f9 grande amico e cercavo di stargli vicino ogni giorno. Dicevo sempre alla mia famiglia e ai miei amici che \u201cSi va diritti in paradiso se ci si accosta tutti giorni all\u2019Eucaristia\u201d.<\/p>\n<p>Sentire suonare le campane o avere una chiesa vicina risvegliava sempre in me il desiderio di stare con Ges\u00f9. Avevo molta attenzione e disponibilit\u00e0 verso chi soffriva, in quanto in loro vedevo Ges\u00f9. Sovente alla sera mi facevo accompagnare da mia mamma per le strade di Milano, dove dormivano le persone senza fissa dimora, per portare loro dei sacchi a pelo.<\/p>\n<p>Il mio pi\u00f9 grande desiderio era quello di far conoscere Ges\u00f9 agli altri, per questo ho progettato anche una mostra virtuale sui miracoli eucaristici che sono avvenuti in varie localit\u00e0 di tutto il mondo. Grazie ai miei genitori, dopo la mia morte, la mostra ha potuto essere esposta in giro per il mondo ed \u00e8 stata visitabile anche nella vostra Genova, nella chiesa di S. Marta dal 22 di ottobre al 22 novembre 2020.<\/p>\n<h4>Virginia Rossi, Paola Canessa e Eugenia Navone lo interrogano sulla malattia<\/h4>\n<p><strong>Come hai scoperto di avere la malattia? Come l\u2019hai vissuta? La tua famiglia come ha reagito quando \u00e8 stata diagnosticata? Eri contento di andare in paradiso?<\/strong><\/p>\n<p>La mia malattia \u00e8 stata fulminea, me ne sono andato in tre giorni e avevo appena compiuto 15 anni. Subito sembrava un\u2019influenza, poi i medici hanno scoperto che era leucemia. Quando la diagnosi mi \u00e8 stata comunicata, l\u2019ho accettata con molta serenit\u00e0, cercando di non lamentarmi mai. Come potete vedere in un video che ho lasciato, cercavo di essere sereno e mi ripetevo: &#8220;Sono malato, sto per morire&#8221;. Ero felice pensando che sarei andato in paradiso e avrei incontrato Ges\u00f9; anche mia mamma, mentre mi assisteva accanto al letto, ha sentito che, tra me e me, dicevo: \u201cOffro tutte le sofferenze che patisco al Signore per il Papa e la Chiesa e per poter andare dritto in Cielo\u201d.\u00a0 Ai medici che mi curavano e che cercavano di attenuare i dolori pi\u00f9 forti, ripetevo: \u201cC\u2019\u00e8 gente che soffre molto pi\u00f9 di me\u201d.<\/p>\n<h4>Annalisa Nervi, Maria Luigia Vassallo e Benedetta Balocco dopo aver ascoltato tanti esempi di virt\u00f9 di Carlo Acutis, si chiedono se fosse un ragazzo normale<\/h4>\n<p><strong>Come eri con i tuoi compagni di scuola? Avevi timore a parlare di Ges\u00f9 perch\u00e9 forse ti prendevano in giro? Eri un bambino viziato? Era bello per te vivere in questa maniera?<\/strong><\/p>\n<p>Come potete vedere da tutte le fotografie e i video che mi riguardano, ero un ragazzo normale e semplice. Da bambino giocavo come tutti, mi piaceva tuffarmi in mare, mi divertivo a usare il computer e a navigare in internet, soprattutto ritenevo che questi potessero essere strumenti per far conoscere Ges\u00f9 a molte persone. Avevo anche tanti amici. Come sanno le persone che mi hanno conosciuto sia in chiesa che a scuola, non avevo nessuna paura o vergogna a parlare di Ges\u00f9 e non temevo di essere preso in giro perch\u00e9 amavo l&#8217;Eucaristia.<\/p>\n<h4>I commenti delle ragazze<\/h4>\n<p>Questa breve storia di santit\u00e0 fa parte del grande viaggio e della grande missione dei santi. Il percorso personale di Carlo Acutis ci invita a lasciarci trasformare a poco a poco dalla grazia di Dio per dare a Dio e agli altri il meglio di noi stessi. Questa realt\u00e0 viene evidenziata dalle seguenti conclusioni delle ragazze del catechismo.<\/p>\n<figure id=\"attachment_36432\" aria-describedby=\"caption-attachment-36432\" style=\"width: 300px\" class=\"wp-caption alignright\"><img loading=\"lazy\" decoding=\"async\" class=\"size-medium wp-image-36432\" src=\"https:\/\/exaudi.wpengine.com\/wp-content\/uploads\/2021\/10\/ragazze-acutis-1-300x200.jpg\" alt=\"\" width=\"300\" height=\"200\" srcset=\"https:\/\/exaudi.org\/wp-content\/uploads\/2021\/10\/ragazze-acutis-1-300x200.jpg 300w, https:\/\/exaudi.org\/wp-content\/uploads\/2021\/10\/ragazze-acutis-1-1024x683.jpg 1024w, https:\/\/exaudi.org\/wp-content\/uploads\/2021\/10\/ragazze-acutis-1-768x512.jpg 768w, https:\/\/exaudi.org\/wp-content\/uploads\/2021\/10\/ragazze-acutis-1-1536x1024.jpg 1536w, https:\/\/exaudi.org\/wp-content\/uploads\/2021\/10\/ragazze-acutis-1-2048x1365.jpg 2048w, https:\/\/exaudi.org\/wp-content\/uploads\/2021\/10\/ragazze-acutis-1-150x100.jpg 150w, https:\/\/exaudi.org\/wp-content\/uploads\/2021\/10\/ragazze-acutis-1-696x464.jpg 696w, https:\/\/exaudi.org\/wp-content\/uploads\/2021\/10\/ragazze-acutis-1-1068x712.jpg 1068w, https:\/\/exaudi.org\/wp-content\/uploads\/2021\/10\/ragazze-acutis-1-1920x1280.jpg 1920w, https:\/\/exaudi.org\/wp-content\/uploads\/2021\/10\/ragazze-acutis-1-630x420.jpg 630w\" sizes=\"auto, (max-width: 300px) 100vw, 300px\" \/><figcaption id=\"caption-attachment-36432\" class=\"wp-caption-text\">(C) Mayra Novelo<\/figcaption><\/figure>\n<p>\u00abL\u2019intervista mi ha lasciato un segno \u2013 dice Carolina Vassallo &#8211; Ho capito quanto sia importante andare a messa, soprattutto la domenica, e fare la comunione\u00bb. \u00abMi \u00e8 dispiaciuto tanto che se ne sia dovuto andare cos\u00ec giovane &#8211; spiega Pamela Lemba &#8211; ma, con la sua vita, Carlo ha lasciato alla sua famiglia felicit\u00e0 e serenit\u00e0\u00bb. \u00abNon sapevo nulla della vita di Carlo Acutis e quando abbiamo iniziato questa intervista ero curiosa &#8211; aggiunge Teresa Bolla \u2013 ora ho imparato quanto sia importante seguire la strada che Dio ha per ciascuno di noi\u00bb. Maria Luigia Vassallo dice: \u00abLa storia di Carlo Acutis mi ha lasciato il messaggio che Ges\u00f9 esiste davvero e che l&#8217;Eucaristia \u00e8 molto importante!\u00bb.<\/p>\n<p>\u00abCon questa intervista ho preso il coraggio di andare sempre a messa &#8211; spiega Annalisa Nervi \u2013 devo raccontare agli altri la vita di Carlo Acutis e ho capito che l&#8217;amicizia con Ges\u00f9 \u00e8 qualcosa che non posso tenere solo per me stessa\u00bb. \u00abAbbiamo fatto una cosa bellissima perch\u00e9 ho capito che per Dio ognuno di noi \u00e8 unico &#8211; dice Eugenia Navone &#8211; \u00c8 una cosa meravigliosa essere amici di Ges\u00f9\u00bb. \u00abQuando abbiamo visto tutti i video su Carlo Acutis &#8211; spiega Virginia Rossi &#8211; ho capito che Ges\u00f9 \u00e8 sempre con noi e ho anche visto quanto sia importante aiutare le persone bisognose, come ha fatto Carlo Acutis che ha persino condiviso la sua merenda con i poveri\u00bb. \u00abCarlo andava a messa con piacere: questo per me \u00e8 impressionante!\u00bb \u2013 conclude Benedetta Balocco.<\/p>\n","protected":false},"excerpt":{"rendered":"<p>Alcune ragazze genovesi hanno realizzato un&#8217;intervista immaginaria al giovane beato<\/p>\n","protected":false},"author":38,"featured_media":36426,"comment_status":"closed","ping_status":"closed","sticky":false,"template":"","format":"standard","meta":{"_acf_changed":false,"_crdt_document":"","inline_featured_image":false,"footnotes":""},"categories":[73,2157,297],"tags":[4497,1384,2487,4496],"class_list":["post-36425","post","type-post","status-publish","format-standard","has-post-thumbnail","hentry","category-chiesa-e-mondo","category-top-ultime-notizie","category-ultime-notizie","tag-carlo-acutis-it","tag-eucaristia","tag-featured-3","tag-leucemia"],"acf":[],"yoast_head":"<!-- This site is optimized with the Yoast SEO plugin v27.5 - https:\/\/yoast.com\/product\/yoast-seo-wordpress\/ -->\n<title>Cos\u00ec ci parla Carlo Acutis &#8211; Exaudi<\/title>\n<meta name=\"description\" content=\"Alcune ragazze genovesi hanno realizzato un&#039;intervista immaginaria al giovane beato Carlo Acutis con le testimonianze di chi l&#039;ha conosciuto\" \/>\n<meta name=\"robots\" content=\"index, follow, max-snippet:-1, max-image-preview:large, max-video-preview:-1\" \/>\n<link rel=\"canonical\" href=\"https:\/\/exaudi.org\/it\/cosi-ci-parla-carlo-acutis\/\" \/>\n<meta property=\"og:locale\" content=\"it_IT\" \/>\n<meta property=\"og:type\" content=\"article\" \/>\n<meta property=\"og:title\" content=\"Cos\u00ec ci parla Carlo Acutis &#8211; Exaudi\" \/>\n<meta property=\"og:description\" content=\"Alcune ragazze genovesi hanno realizzato un&#039;intervista immaginaria al giovane beato Carlo Acutis con le testimonianze di chi l&#039;ha conosciuto\" \/>\n<meta property=\"og:url\" content=\"https:\/\/exaudi.org\/it\/cosi-ci-parla-carlo-acutis\/\" \/>\n<meta property=\"og:site_name\" content=\"Exaudi\" \/>\n<meta property=\"article:publisher\" content=\"https:\/\/www.facebook.com\/ExaudiNews\" \/>\n<meta property=\"article:published_time\" content=\"2021-10-12T11:11:56+00:00\" \/>\n<meta property=\"article:modified_time\" content=\"2021-10-13T06:48:48+00:00\" \/>\n<meta property=\"og:image\" content=\"https:\/\/exaudi.org\/wp-content\/uploads\/2021\/10\/ragazze-acutis3-1.jpeg\" \/>\n\t<meta property=\"og:image:width\" content=\"1024\" \/>\n\t<meta property=\"og:image:height\" content=\"768\" \/>\n\t<meta property=\"og:image:type\" content=\"image\/jpeg\" \/>\n<meta name=\"author\" content=\"Mayra Novelo\" \/>\n<meta name=\"twitter:card\" content=\"summary_large_image\" \/>\n<meta name=\"twitter:creator\" content=\"@Exaudi_News\" \/>\n<meta name=\"twitter:site\" content=\"@Exaudi_News\" \/>\n<meta name=\"twitter:label1\" content=\"Scritto da\" \/>\n\t<meta name=\"twitter:data1\" content=\"Mayra Novelo\" \/>\n\t<meta name=\"twitter:label2\" content=\"Tempo di lettura stimato\" \/>\n\t<meta name=\"twitter:data2\" content=\"6 minuti\" \/>\n<script type=\"application\/ld+json\" class=\"yoast-schema-graph\">{\"@context\":\"https:\\\/\\\/schema.org\",\"@graph\":[{\"@type\":\"Article\",\"@id\":\"https:\\\/\\\/exaudi.org\\\/it\\\/cosi-ci-parla-carlo-acutis\\\/#article\",\"isPartOf\":{\"@id\":\"https:\\\/\\\/exaudi.org\\\/it\\\/cosi-ci-parla-carlo-acutis\\\/\"},\"author\":{\"name\":\"Mayra Novelo\",\"@id\":\"https:\\\/\\\/exaudi.org\\\/#\\\/schema\\\/person\\\/7172ef2dcae2a79b5c8b78693cc9fc0a\"},\"headline\":\"Cos\u00ec ci parla Carlo Acutis\",\"datePublished\":\"2021-10-12T11:11:56+00:00\",\"dateModified\":\"2021-10-13T06:48:48+00:00\",\"mainEntityOfPage\":{\"@id\":\"https:\\\/\\\/exaudi.org\\\/it\\\/cosi-ci-parla-carlo-acutis\\\/\"},\"wordCount\":1171,\"image\":{\"@id\":\"https:\\\/\\\/exaudi.org\\\/it\\\/cosi-ci-parla-carlo-acutis\\\/#primaryimage\"},\"thumbnailUrl\":\"https:\\\/\\\/exaudi.org\\\/wp-content\\\/uploads\\\/2021\\\/10\\\/ragazze-acutis3-1.jpeg\",\"keywords\":[\"Carlo Acutis\",\"Eucaristia\",\"Featured\",\"leucemia\"],\"articleSection\":[\"Chiesa e Mondo\",\"Top Ultime Notizie\",\"Ultime Notizie\"],\"inLanguage\":\"it-IT\"},{\"@type\":\"WebPage\",\"@id\":\"https:\\\/\\\/exaudi.org\\\/it\\\/cosi-ci-parla-carlo-acutis\\\/\",\"url\":\"https:\\\/\\\/exaudi.org\\\/it\\\/cosi-ci-parla-carlo-acutis\\\/\",\"name\":\"Cos\u00ec ci parla Carlo Acutis &#8211; Exaudi\",\"isPartOf\":{\"@id\":\"https:\\\/\\\/exaudi.org\\\/#website\"},\"primaryImageOfPage\":{\"@id\":\"https:\\\/\\\/exaudi.org\\\/it\\\/cosi-ci-parla-carlo-acutis\\\/#primaryimage\"},\"image\":{\"@id\":\"https:\\\/\\\/exaudi.org\\\/it\\\/cosi-ci-parla-carlo-acutis\\\/#primaryimage\"},\"thumbnailUrl\":\"https:\\\/\\\/exaudi.org\\\/wp-content\\\/uploads\\\/2021\\\/10\\\/ragazze-acutis3-1.jpeg\",\"datePublished\":\"2021-10-12T11:11:56+00:00\",\"dateModified\":\"2021-10-13T06:48:48+00:00\",\"author\":{\"@id\":\"https:\\\/\\\/exaudi.org\\\/#\\\/schema\\\/person\\\/7172ef2dcae2a79b5c8b78693cc9fc0a\"},\"description\":\"Alcune ragazze genovesi hanno realizzato un'intervista immaginaria al giovane beato Carlo Acutis con le testimonianze di chi l'ha conosciuto\",\"breadcrumb\":{\"@id\":\"https:\\\/\\\/exaudi.org\\\/it\\\/cosi-ci-parla-carlo-acutis\\\/#breadcrumb\"},\"inLanguage\":\"it-IT\",\"potentialAction\":[{\"@type\":\"ReadAction\",\"target\":[\"https:\\\/\\\/exaudi.org\\\/it\\\/cosi-ci-parla-carlo-acutis\\\/\"]}]},{\"@type\":\"ImageObject\",\"inLanguage\":\"it-IT\",\"@id\":\"https:\\\/\\\/exaudi.org\\\/it\\\/cosi-ci-parla-carlo-acutis\\\/#primaryimage\",\"url\":\"https:\\\/\\\/exaudi.org\\\/wp-content\\\/uploads\\\/2021\\\/10\\\/ragazze-acutis3-1.jpeg\",\"contentUrl\":\"https:\\\/\\\/exaudi.org\\\/wp-content\\\/uploads\\\/2021\\\/10\\\/ragazze-acutis3-1.jpeg\",\"width\":1024,\"height\":768,\"caption\":\"Le giovani autrici dell'intervista a Carlo Acutis (C) Mayra Novelo\"},{\"@type\":\"BreadcrumbList\",\"@id\":\"https:\\\/\\\/exaudi.org\\\/it\\\/cosi-ci-parla-carlo-acutis\\\/#breadcrumb\",\"itemListElement\":[{\"@type\":\"ListItem\",\"position\":1,\"name\":\"Portada\",\"item\":\"https:\\\/\\\/exaudi.org\\\/it\\\/\"},{\"@type\":\"ListItem\",\"position\":2,\"name\":\"Cos\u00ec ci parla Carlo Acutis\"}]},{\"@type\":\"WebSite\",\"@id\":\"https:\\\/\\\/exaudi.org\\\/#website\",\"url\":\"https:\\\/\\\/exaudi.org\\\/\",\"name\":\"Exaudi\",\"description\":\"News\",\"potentialAction\":[{\"@type\":\"SearchAction\",\"target\":{\"@type\":\"EntryPoint\",\"urlTemplate\":\"https:\\\/\\\/exaudi.org\\\/?s={search_term_string}\"},\"query-input\":{\"@type\":\"PropertyValueSpecification\",\"valueRequired\":true,\"valueName\":\"search_term_string\"}}],\"inLanguage\":\"it-IT\"},{\"@type\":\"Person\",\"@id\":\"https:\\\/\\\/exaudi.org\\\/#\\\/schema\\\/person\\\/7172ef2dcae2a79b5c8b78693cc9fc0a\",\"name\":\"Mayra Novelo\",\"image\":{\"@type\":\"ImageObject\",\"inLanguage\":\"it-IT\",\"@id\":\"https:\\\/\\\/secure.gravatar.com\\\/avatar\\\/a59685cc6b7237ed11c6ceb5051fcfc8905619418ab930af70f529f7fb73daee?s=96&d=mm&r=g\",\"url\":\"https:\\\/\\\/secure.gravatar.com\\\/avatar\\\/a59685cc6b7237ed11c6ceb5051fcfc8905619418ab930af70f529f7fb73daee?s=96&d=mm&r=g\",\"contentUrl\":\"https:\\\/\\\/secure.gravatar.com\\\/avatar\\\/a59685cc6b7237ed11c6ceb5051fcfc8905619418ab930af70f529f7fb73daee?s=96&d=mm&r=g\",\"caption\":\"Mayra Novelo\"},\"description\":\"Hay muchas formas de establecer comunicaci\u00f3n entre nosotros, los seres humanos. Una de ellas es la palabra ya sea escrita o hablada. En mi trabajo cotidiano he descubierto como una mirada y una escucha atenta pueden marcar la diferencia. Como periodista me dedico a la prensa escrita y digital. Como pedagoga sigo atenci\u00f3n los temas relacionados con la educaci\u00f3n y formaci\u00f3n en valores. Y aqu\u00ed estoy para mirar, escuchar, escribir y transmitir; aportando mi granito de arena a la apasionante misi\u00f3n evangelizadora de la Iglesia. Nac\u00ed en M\u00e9xico, cruce un oc\u00e9ano, me cas\u00e9 y vivo en Italia.\",\"sameAs\":[\"https:\\\/\\\/www.linkedin.com\\\/in\\\/mayra-novelo\\\/\"],\"url\":\"https:\\\/\\\/exaudi.org\\\/it\\\/author\\\/mayranovelo\\\/\"}]}<\/script>\n<!-- \/ Yoast SEO plugin. -->","yoast_head_json":{"title":"Cos\u00ec ci parla Carlo Acutis &#8211; Exaudi","description":"Alcune ragazze genovesi hanno realizzato un'intervista immaginaria al giovane beato Carlo Acutis con le testimonianze di chi l'ha conosciuto","robots":{"index":"index","follow":"follow","max-snippet":"max-snippet:-1","max-image-preview":"max-image-preview:large","max-video-preview":"max-video-preview:-1"},"canonical":"https:\/\/exaudi.org\/it\/cosi-ci-parla-carlo-acutis\/","og_locale":"it_IT","og_type":"article","og_title":"Cos\u00ec ci parla Carlo Acutis &#8211; Exaudi","og_description":"Alcune ragazze genovesi hanno realizzato un'intervista immaginaria al giovane beato Carlo Acutis con le testimonianze di chi l'ha conosciuto","og_url":"https:\/\/exaudi.org\/it\/cosi-ci-parla-carlo-acutis\/","og_site_name":"Exaudi","article_publisher":"https:\/\/www.facebook.com\/ExaudiNews","article_published_time":"2021-10-12T11:11:56+00:00","article_modified_time":"2021-10-13T06:48:48+00:00","og_image":[{"width":1024,"height":768,"url":"https:\/\/exaudi.org\/wp-content\/uploads\/2021\/10\/ragazze-acutis3-1.jpeg","type":"image\/jpeg"}],"author":"Mayra Novelo","twitter_card":"summary_large_image","twitter_creator":"@Exaudi_News","twitter_site":"@Exaudi_News","twitter_misc":{"Scritto da":"Mayra Novelo","Tempo di lettura stimato":"6 minuti"},"schema":{"@context":"https:\/\/schema.org","@graph":[{"@type":"Article","@id":"https:\/\/exaudi.org\/it\/cosi-ci-parla-carlo-acutis\/#article","isPartOf":{"@id":"https:\/\/exaudi.org\/it\/cosi-ci-parla-carlo-acutis\/"},"author":{"name":"Mayra Novelo","@id":"https:\/\/exaudi.org\/#\/schema\/person\/7172ef2dcae2a79b5c8b78693cc9fc0a"},"headline":"Cos\u00ec ci parla Carlo Acutis","datePublished":"2021-10-12T11:11:56+00:00","dateModified":"2021-10-13T06:48:48+00:00","mainEntityOfPage":{"@id":"https:\/\/exaudi.org\/it\/cosi-ci-parla-carlo-acutis\/"},"wordCount":1171,"image":{"@id":"https:\/\/exaudi.org\/it\/cosi-ci-parla-carlo-acutis\/#primaryimage"},"thumbnailUrl":"https:\/\/exaudi.org\/wp-content\/uploads\/2021\/10\/ragazze-acutis3-1.jpeg","keywords":["Carlo Acutis","Eucaristia","Featured","leucemia"],"articleSection":["Chiesa e Mondo","Top Ultime Notizie","Ultime Notizie"],"inLanguage":"it-IT"},{"@type":"WebPage","@id":"https:\/\/exaudi.org\/it\/cosi-ci-parla-carlo-acutis\/","url":"https:\/\/exaudi.org\/it\/cosi-ci-parla-carlo-acutis\/","name":"Cos\u00ec ci parla Carlo Acutis &#8211; Exaudi","isPartOf":{"@id":"https:\/\/exaudi.org\/#website"},"primaryImageOfPage":{"@id":"https:\/\/exaudi.org\/it\/cosi-ci-parla-carlo-acutis\/#primaryimage"},"image":{"@id":"https:\/\/exaudi.org\/it\/cosi-ci-parla-carlo-acutis\/#primaryimage"},"thumbnailUrl":"https:\/\/exaudi.org\/wp-content\/uploads\/2021\/10\/ragazze-acutis3-1.jpeg","datePublished":"2021-10-12T11:11:56+00:00","dateModified":"2021-10-13T06:48:48+00:00","author":{"@id":"https:\/\/exaudi.org\/#\/schema\/person\/7172ef2dcae2a79b5c8b78693cc9fc0a"},"description":"Alcune ragazze genovesi hanno realizzato un'intervista immaginaria al giovane beato Carlo Acutis con le testimonianze di chi l'ha conosciuto","breadcrumb":{"@id":"https:\/\/exaudi.org\/it\/cosi-ci-parla-carlo-acutis\/#breadcrumb"},"inLanguage":"it-IT","potentialAction":[{"@type":"ReadAction","target":["https:\/\/exaudi.org\/it\/cosi-ci-parla-carlo-acutis\/"]}]},{"@type":"ImageObject","inLanguage":"it-IT","@id":"https:\/\/exaudi.org\/it\/cosi-ci-parla-carlo-acutis\/#primaryimage","url":"https:\/\/exaudi.org\/wp-content\/uploads\/2021\/10\/ragazze-acutis3-1.jpeg","contentUrl":"https:\/\/exaudi.org\/wp-content\/uploads\/2021\/10\/ragazze-acutis3-1.jpeg","width":1024,"height":768,"caption":"Le giovani autrici dell'intervista a Carlo Acutis (C) Mayra Novelo"},{"@type":"BreadcrumbList","@id":"https:\/\/exaudi.org\/it\/cosi-ci-parla-carlo-acutis\/#breadcrumb","itemListElement":[{"@type":"ListItem","position":1,"name":"Portada","item":"https:\/\/exaudi.org\/it\/"},{"@type":"ListItem","position":2,"name":"Cos\u00ec ci parla Carlo Acutis"}]},{"@type":"WebSite","@id":"https:\/\/exaudi.org\/#website","url":"https:\/\/exaudi.org\/","name":"Exaudi","description":"News","potentialAction":[{"@type":"SearchAction","target":{"@type":"EntryPoint","urlTemplate":"https:\/\/exaudi.org\/?s={search_term_string}"},"query-input":{"@type":"PropertyValueSpecification","valueRequired":true,"valueName":"search_term_string"}}],"inLanguage":"it-IT"},{"@type":"Person","@id":"https:\/\/exaudi.org\/#\/schema\/person\/7172ef2dcae2a79b5c8b78693cc9fc0a","name":"Mayra Novelo","image":{"@type":"ImageObject","inLanguage":"it-IT","@id":"https:\/\/secure.gravatar.com\/avatar\/a59685cc6b7237ed11c6ceb5051fcfc8905619418ab930af70f529f7fb73daee?s=96&d=mm&r=g","url":"https:\/\/secure.gravatar.com\/avatar\/a59685cc6b7237ed11c6ceb5051fcfc8905619418ab930af70f529f7fb73daee?s=96&d=mm&r=g","contentUrl":"https:\/\/secure.gravatar.com\/avatar\/a59685cc6b7237ed11c6ceb5051fcfc8905619418ab930af70f529f7fb73daee?s=96&d=mm&r=g","caption":"Mayra Novelo"},"description":"Hay muchas formas de establecer comunicaci\u00f3n entre nosotros, los seres humanos. Una de ellas es la palabra ya sea escrita o hablada. En mi trabajo cotidiano he descubierto como una mirada y una escucha atenta pueden marcar la diferencia. Como periodista me dedico a la prensa escrita y digital. Como pedagoga sigo atenci\u00f3n los temas relacionados con la educaci\u00f3n y formaci\u00f3n en valores. Y aqu\u00ed estoy para mirar, escuchar, escribir y transmitir; aportando mi granito de arena a la apasionante misi\u00f3n evangelizadora de la Iglesia. Nac\u00ed en M\u00e9xico, cruce un oc\u00e9ano, me cas\u00e9 y vivo en Italia.","sameAs":["https:\/\/www.linkedin.com\/in\/mayra-novelo\/"],"url":"https:\/\/exaudi.org\/it\/author\/mayranovelo\/"}]}},"jetpack_featured_media_url":"https:\/\/exaudi.org\/wp-content\/uploads\/2021\/10\/ragazze-acutis3-1.jpeg","jetpack_shortlink":"https:\/\/wp.me\/pgKjF2-9tv","_links":{"self":[{"href":"https:\/\/exaudi.org\/it\/wp-json\/wp\/v2\/posts\/36425","targetHints":{"allow":["GET"]}}],"collection":[{"href":"https:\/\/exaudi.org\/it\/wp-json\/wp\/v2\/posts"}],"about":[{"href":"https:\/\/exaudi.org\/it\/wp-json\/wp\/v2\/types\/post"}],"author":[{"embeddable":true,"href":"https:\/\/exaudi.org\/it\/wp-json\/wp\/v2\/users\/38"}],"replies":[{"embeddable":true,"href":"https:\/\/exaudi.org\/it\/wp-json\/wp\/v2\/comments?post=36425"}],"version-history":[{"count":0,"href":"https:\/\/exaudi.org\/it\/wp-json\/wp\/v2\/posts\/36425\/revisions"}],"wp:featuredmedia":[{"embeddable":true,"href":"https:\/\/exaudi.org\/it\/wp-json\/wp\/v2\/media\/36426"}],"wp:attachment":[{"href":"https:\/\/exaudi.org\/it\/wp-json\/wp\/v2\/media?parent=36425"}],"wp:term":[{"taxonomy":"category","embeddable":true,"href":"https:\/\/exaudi.org\/it\/wp-json\/wp\/v2\/categories?post=36425"},{"taxonomy":"post_tag","embeddable":true,"href":"https:\/\/exaudi.org\/it\/wp-json\/wp\/v2\/tags?post=36425"}],"curies":[{"name":"wp","href":"https:\/\/api.w.org\/{rel}","templated":true}]}}