{"id":36377,"date":"2021-10-11T17:11:58","date_gmt":"2021-10-11T15:11:58","guid":{"rendered":"https:\/\/exaudi.wpengine.com\/?p=36377"},"modified":"2021-10-11T17:11:58","modified_gmt":"2021-10-11T15:11:58","slug":"pianeta-sano-persone-sane-petizione-mondiale","status":"publish","type":"post","link":"https:\/\/exaudi.org\/it\/pianeta-sano-persone-sane-petizione-mondiale\/","title":{"rendered":"Pianeta Sano Persone Sane: petizione mondiale"},"content":{"rendered":"<p>Pianeta Sano, Persone Sane \u00e8 la campagna lanciata in occasione del <a href=\"https:\/\/seasonofcreation.org\/it\/home-it\/\">Tempo del Creato<\/a>. Al termine di questo evento mondiale, nella festa di San Francesco d&#8217;Assisi, Papa Francesco si \u00e8 incontrato in Vaticano con i leader religiosi in occasione dell\u2019 <a href=\"https:\/\/www.youtube.com\/watch?v=Ye4vLBfkQeo\">incontro \u201cFede e Scienza\u201d<\/a>. Insieme hanno firmato un <a href=\"https:\/\/press.vatican.va\/content\/salastampa\/it\/bollettino\/pubblico\/2021\/10\/04\/0627\/01342.html#APPELLO\">appello congiunto<\/a> ai delegati che parteciperanno alla COP26.<\/p>\n<h4>Gli spunti di riflessione<\/h4>\n<p>Il Santo Padre ha offerto tre concetti su cui riflettere con i 40 leader: \u201clo sguardo dell\u2019interdipendenza e della condivisione, il motore dell\u2019amore e la vocazione al rispetto\u201d.<\/p>\n<p>L&#8217;appello congiunto invita i governi a fissare obiettivi climatici e a intraprendere un\u2019&#8221;azione urgente, radicale e responsabile&#8221;, tenendo conto &#8220;della crisi ecologica senza precedenti e della crisi dei valori in cui viviamo&#8221;.<\/p>\n<p>\u201cLe generazioni future non ci perdoneranno mai se sprechiamo l&#8217;opportunit\u00e0 di proteggere la nostra casa comune. Abbiamo ereditato un giardino; non dobbiamo lasciare un deserto ai nostri figli\u201d, si dichiara nell\u2019appello.<\/p>\n<h4>Coinvolte 300 organizzazioni<\/h4>\n<p>Questo appello congiunto \u00e8 anche in linea con la campagna Pianeta Sano, Persone Sane, lanciata da pi\u00f9 di 300 organizzazioni cattoliche lo scorso giugno e che ha gi\u00e0 il sostegno di decine di migliaia di cattolici.<\/p>\n<p>Durante questo Tempo del Creato, migliaia di persone in tutto il mondo hanno celebrato centinaia di eventi con le loro comunit\u00e0, in un tempo ecumenico iniziato il 1\u00b0 settembre con la Giornata Mondiale di Preghiera per la Cura del Creato. Numerose <a href=\"https:\/\/laudatosimovement.org\/it\/2021\/09\/03\/seguendo-il-cammino-di-san-francesco-tempo-del-creato\/\">\u201ctende di Abramo\u201d<\/a> sono state costruite nei sei continenti, come simbolo del tema di quest&#8217;anno: \u201cUna casa per tutti? Rinnovare l&#8217;Oikos di Dio\u201d.<\/p>\n<p>Si sono svolte giornate di preghiera, riflessione e dibattito, una delle quali nella <a href=\"https:\/\/seasonofcreation.org\/it\/2021\/10\/05\/tdc-a-barcellona-siamo-tutti-necessari-e-nessuno-deve-essere-lasciato-indietro\/\">Basilica della Sagrada Familia<\/a>; eventi d&#8217;azione per la cura del creato,\u00a0 piantumazione di alberi, raccolta dei rifiuti, <a href=\"https:\/\/exaudi.wpengine.com\/it\/telles-dico-sempre-a-dio-voglio-giovani-originali\/\">come quelli organizzati in Venezuela<\/a>; e ci sono state centinaia di <a href=\"https:\/\/aica.org\/noticia-jovenes-dibujantes-argentinos-animan-a-cuidar-nuestra-casa-comun\">testimonianze di conversione<\/a> che hanno\u00a0 motivato gli altri. Ma soprattutto, i cristiani di diverse confessioni si sono riuniti per la casa comune.<\/p>\n<h4>L\u2019evento finale<\/h4>\n<p>Infine, il Comitato Ecumenico incaricato di organizzare il Tempo del Creato, ha organizzato un <a href=\"https:\/\/seasonofcreation.org\/it\/2021\/10\/05\/il-tempo-del-creato-2021-si-e-concluso-con-una-preghiera-ecumenica\/\">evento conclusivo<\/a> che ha riunito giovani di diverse regioni per pregare insieme e ringraziare per il tempo condiviso e le tante azioni che si possono realizzare.<\/p>\n<p>La relatrice principale dell&#8217;evento \u00e8 stata la giovane brasiliana Amanda Costa, ambasciatrice giovanile delle Nazioni Unite, rappresentante di Evang\u00e9licos por el Clima e fondatrice di Perifa Sustent\u00e1vel, che ha lasciato ai giovani una riflessione: \u201cPossiamo costruire un futuro? Viviamo in un mondo con molte crisi, quindi qual \u00e8 il nostro ruolo in questo mondo?<\/p>\n<p><a href=\"https:\/\/www.youtube.com\/watch?v=CMYLm3Pxp1Q\">Guarda l\u2019evento completo qui<\/a><\/p>\n<p>Maggiori informazioni sulla petizione Pianeta Sano, Persone Sane, <a href=\"https:\/\/thecatholicpetition.org\/it\/home-it\/?source=reg-commsoct-emailit\">qui<\/a>.<\/p>\n","protected":false},"excerpt":{"rendered":"<p>Lanciata in vista della COP26 per chiedere un impegno concreto a favore della casa comune<\/p>\n","protected":false},"author":17,"featured_media":36378,"comment_status":"closed","ping_status":"closed","sticky":false,"template":"","format":"standard","meta":{"_acf_changed":false,"_crdt_document":"","inline_featured_image":false,"footnotes":""},"categories":[73,79,2157,297],"tags":[1327,4486,2500,2120],"class_list":["post-36377","post","type-post","status-publish","format-standard","has-post-thumbnail","hentry","category-chiesa-e-mondo","category-ecologia","category-top-ultime-notizie","category-ultime-notizie","tag-ambiente","tag-casa-comune","tag-cop26-it","tag-laudato-si"],"acf":[],"yoast_head":"<!-- This site is optimized with the Yoast SEO plugin v27.5 - https:\/\/yoast.com\/product\/yoast-seo-wordpress\/ -->\n<title>Pianeta Sano Persone Sane: petizione mondiale &#8211; Exaudi<\/title>\n<meta name=\"description\" content=\"Pianeta Sano, Persone Sane \u00e8 la campagna lanciata in occasione del Tempo del Creato. Una petizione mondiale rivolta ai politici della COP26\" \/>\n<meta name=\"robots\" content=\"index, follow, max-snippet:-1, max-image-preview:large, max-video-preview:-1\" \/>\n<link rel=\"canonical\" href=\"https:\/\/exaudi.org\/it\/pianeta-sano-persone-sane-petizione-mondiale\/\" \/>\n<meta property=\"og:locale\" content=\"it_IT\" \/>\n<meta property=\"og:type\" content=\"article\" \/>\n<meta property=\"og:title\" content=\"Pianeta Sano Persone Sane: petizione mondiale &#8211; Exaudi\" \/>\n<meta property=\"og:description\" content=\"Pianeta Sano, Persone Sane \u00e8 la campagna lanciata in occasione del Tempo del Creato. Una petizione mondiale rivolta ai politici della COP26\" \/>\n<meta property=\"og:url\" content=\"https:\/\/exaudi.org\/it\/pianeta-sano-persone-sane-petizione-mondiale\/\" \/>\n<meta property=\"og:site_name\" content=\"Exaudi\" \/>\n<meta property=\"article:publisher\" content=\"https:\/\/www.facebook.com\/ExaudiNews\" \/>\n<meta property=\"article:author\" content=\"https:\/\/www.facebook.com\/ExaudiNotizie\/\" \/>\n<meta property=\"article:published_time\" content=\"2021-10-11T15:11:58+00:00\" \/>\n<meta property=\"og:image\" content=\"https:\/\/exaudi.org\/wp-content\/uploads\/2021\/10\/IT_Landing.jpg\" \/>\n\t<meta property=\"og:image:width\" content=\"1675\" \/>\n\t<meta property=\"og:image:height\" content=\"1080\" \/>\n\t<meta property=\"og:image:type\" content=\"image\/jpeg\" \/>\n<meta name=\"author\" content=\"Exaudi Redazione\" \/>\n<meta name=\"twitter:card\" content=\"summary_large_image\" \/>\n<meta name=\"twitter:creator\" content=\"@Exaudi_Notizie\" \/>\n<meta name=\"twitter:site\" content=\"@Exaudi_News\" \/>\n<meta name=\"twitter:label1\" content=\"Scritto da\" \/>\n\t<meta name=\"twitter:data1\" content=\"Exaudi Redazione\" \/>\n\t<meta name=\"twitter:label2\" content=\"Tempo di lettura stimato\" \/>\n\t<meta name=\"twitter:data2\" content=\"2 minuti\" \/>\n<script type=\"application\/ld+json\" class=\"yoast-schema-graph\">{\"@context\":\"https:\\\/\\\/schema.org\",\"@graph\":[{\"@type\":\"Article\",\"@id\":\"https:\\\/\\\/exaudi.org\\\/it\\\/pianeta-sano-persone-sane-petizione-mondiale\\\/#article\",\"isPartOf\":{\"@id\":\"https:\\\/\\\/exaudi.org\\\/it\\\/pianeta-sano-persone-sane-petizione-mondiale\\\/\"},\"author\":{\"name\":\"Exaudi Redazione\",\"@id\":\"https:\\\/\\\/exaudi.org\\\/#\\\/schema\\\/person\\\/e1ab6ed07c01774724dd96f925f3a5f0\"},\"headline\":\"Pianeta Sano Persone Sane: petizione mondiale\",\"datePublished\":\"2021-10-11T15:11:58+00:00\",\"mainEntityOfPage\":{\"@id\":\"https:\\\/\\\/exaudi.org\\\/it\\\/pianeta-sano-persone-sane-petizione-mondiale\\\/\"},\"wordCount\":438,\"image\":{\"@id\":\"https:\\\/\\\/exaudi.org\\\/it\\\/pianeta-sano-persone-sane-petizione-mondiale\\\/#primaryimage\"},\"thumbnailUrl\":\"https:\\\/\\\/exaudi.org\\\/wp-content\\\/uploads\\\/2021\\\/10\\\/IT_Landing.jpg\",\"keywords\":[\"ambiente\",\"casa comune\",\"cop26\",\"Laudato si'\"],\"articleSection\":[\"Chiesa e Mondo\",\"Ecologia\",\"Top Ultime Notizie\",\"Ultime Notizie\"],\"inLanguage\":\"it-IT\"},{\"@type\":\"WebPage\",\"@id\":\"https:\\\/\\\/exaudi.org\\\/it\\\/pianeta-sano-persone-sane-petizione-mondiale\\\/\",\"url\":\"https:\\\/\\\/exaudi.org\\\/it\\\/pianeta-sano-persone-sane-petizione-mondiale\\\/\",\"name\":\"Pianeta Sano Persone Sane: petizione mondiale &#8211; Exaudi\",\"isPartOf\":{\"@id\":\"https:\\\/\\\/exaudi.org\\\/#website\"},\"primaryImageOfPage\":{\"@id\":\"https:\\\/\\\/exaudi.org\\\/it\\\/pianeta-sano-persone-sane-petizione-mondiale\\\/#primaryimage\"},\"image\":{\"@id\":\"https:\\\/\\\/exaudi.org\\\/it\\\/pianeta-sano-persone-sane-petizione-mondiale\\\/#primaryimage\"},\"thumbnailUrl\":\"https:\\\/\\\/exaudi.org\\\/wp-content\\\/uploads\\\/2021\\\/10\\\/IT_Landing.jpg\",\"datePublished\":\"2021-10-11T15:11:58+00:00\",\"author\":{\"@id\":\"https:\\\/\\\/exaudi.org\\\/#\\\/schema\\\/person\\\/e1ab6ed07c01774724dd96f925f3a5f0\"},\"description\":\"Pianeta Sano, Persone Sane \u00e8 la campagna lanciata in occasione del Tempo del Creato. Una petizione mondiale rivolta ai politici della COP26\",\"breadcrumb\":{\"@id\":\"https:\\\/\\\/exaudi.org\\\/it\\\/pianeta-sano-persone-sane-petizione-mondiale\\\/#breadcrumb\"},\"inLanguage\":\"it-IT\",\"potentialAction\":[{\"@type\":\"ReadAction\",\"target\":[\"https:\\\/\\\/exaudi.org\\\/it\\\/pianeta-sano-persone-sane-petizione-mondiale\\\/\"]}]},{\"@type\":\"ImageObject\",\"inLanguage\":\"it-IT\",\"@id\":\"https:\\\/\\\/exaudi.org\\\/it\\\/pianeta-sano-persone-sane-petizione-mondiale\\\/#primaryimage\",\"url\":\"https:\\\/\\\/exaudi.org\\\/wp-content\\\/uploads\\\/2021\\\/10\\\/IT_Landing.jpg\",\"contentUrl\":\"https:\\\/\\\/exaudi.org\\\/wp-content\\\/uploads\\\/2021\\\/10\\\/IT_Landing.jpg\",\"width\":1675,\"height\":1080,\"caption\":\"Pianeta sano persone sane\"},{\"@type\":\"BreadcrumbList\",\"@id\":\"https:\\\/\\\/exaudi.org\\\/it\\\/pianeta-sano-persone-sane-petizione-mondiale\\\/#breadcrumb\",\"itemListElement\":[{\"@type\":\"ListItem\",\"position\":1,\"name\":\"Portada\",\"item\":\"https:\\\/\\\/exaudi.org\\\/it\\\/\"},{\"@type\":\"ListItem\",\"position\":2,\"name\":\"Pianeta Sano Persone Sane: petizione mondiale\"}]},{\"@type\":\"WebSite\",\"@id\":\"https:\\\/\\\/exaudi.org\\\/#website\",\"url\":\"https:\\\/\\\/exaudi.org\\\/\",\"name\":\"Exaudi\",\"description\":\"News\",\"potentialAction\":[{\"@type\":\"SearchAction\",\"target\":{\"@type\":\"EntryPoint\",\"urlTemplate\":\"https:\\\/\\\/exaudi.org\\\/?s={search_term_string}\"},\"query-input\":{\"@type\":\"PropertyValueSpecification\",\"valueRequired\":true,\"valueName\":\"search_term_string\"}}],\"inLanguage\":\"it-IT\"},{\"@type\":\"Person\",\"@id\":\"https:\\\/\\\/exaudi.org\\\/#\\\/schema\\\/person\\\/e1ab6ed07c01774724dd96f925f3a5f0\",\"name\":\"Exaudi Redazione\",\"image\":{\"@type\":\"ImageObject\",\"inLanguage\":\"it-IT\",\"@id\":\"https:\\\/\\\/secure.gravatar.com\\\/avatar\\\/ad6774b3ada023bf5b939d64f45c94b3adf91502dd883507d469b4308a943bb3?s=96&d=mm&r=g\",\"url\":\"https:\\\/\\\/secure.gravatar.com\\\/avatar\\\/ad6774b3ada023bf5b939d64f45c94b3adf91502dd883507d469b4308a943bb3?s=96&d=mm&r=g\",\"contentUrl\":\"https:\\\/\\\/secure.gravatar.com\\\/avatar\\\/ad6774b3ada023bf5b939d64f45c94b3adf91502dd883507d469b4308a943bb3?s=96&d=mm&r=g\",\"caption\":\"Exaudi Redazione\"},\"description\":\"Che cosa \u00e8 Exaudi News? Exaudi News \u00e8 un agenzia cattolica internazionale che informa, istruisce e trasforma quotidianamente in spagnolo, inglese e italiano. Attraverso notizie, articoli di analisi e trasmissioni in diretta degli eventi del Papa, Exaudi cerca di rafforzare l'unit\u00e0 dei cristiani e di contribuire all'evangelizzazione del mondo, sempre guidato dalla dottrina sociale della Chiesa. Lavoriamo per portare la verit\u00e0 e i valori cristiani in ogni angolo del pianeta. Aiutaci a trasformare il mondo con Exaudi! Noi di Exaudi crediamo che l'evangelizzazione e l'informazione di qualit\u00e0 possano cambiare la vita. Per continuare la nostra missione ed espandere la nostra portata, abbiamo bisogno del tuo aiuto. Stiamo anche cercando persone motivate che vogliano unirsi al nostro team. Grazie al vostro sostegno raggiungeremo pi\u00f9 persone, diffonderemo il messaggio di Cristo e rafforzeremo l'unit\u00e0 dei cristiani. Vuoi unirti alla nostra missione? Per maggiori informazioni su come contribuire, visita Exaudi.org\\\/it o contattaci direttamente: info@exaudi.org Exaudi: informa, forma e trasforma.\",\"sameAs\":[\"https:\\\/\\\/www.facebook.com\\\/ExaudiNotizie\\\/\",\"https:\\\/\\\/www.instagram.com\\\/Exaudi_notizie\\\/\",\"https:\\\/\\\/x.com\\\/Exaudi_Notizie\",\"https:\\\/\\\/www.youtube.com\\\/@exaudicatholicnews\"],\"url\":\"https:\\\/\\\/exaudi.org\\\/it\\\/author\\\/dlvedi-org\\\/\"}]}<\/script>\n<!-- \/ Yoast SEO plugin. -->","yoast_head_json":{"title":"Pianeta Sano Persone Sane: petizione mondiale &#8211; Exaudi","description":"Pianeta Sano, Persone Sane \u00e8 la campagna lanciata in occasione del Tempo del Creato. Una petizione mondiale rivolta ai politici della COP26","robots":{"index":"index","follow":"follow","max-snippet":"max-snippet:-1","max-image-preview":"max-image-preview:large","max-video-preview":"max-video-preview:-1"},"canonical":"https:\/\/exaudi.org\/it\/pianeta-sano-persone-sane-petizione-mondiale\/","og_locale":"it_IT","og_type":"article","og_title":"Pianeta Sano Persone Sane: petizione mondiale &#8211; Exaudi","og_description":"Pianeta Sano, Persone Sane \u00e8 la campagna lanciata in occasione del Tempo del Creato. Una petizione mondiale rivolta ai politici della COP26","og_url":"https:\/\/exaudi.org\/it\/pianeta-sano-persone-sane-petizione-mondiale\/","og_site_name":"Exaudi","article_publisher":"https:\/\/www.facebook.com\/ExaudiNews","article_author":"https:\/\/www.facebook.com\/ExaudiNotizie\/","article_published_time":"2021-10-11T15:11:58+00:00","og_image":[{"width":1675,"height":1080,"url":"https:\/\/exaudi.org\/wp-content\/uploads\/2021\/10\/IT_Landing.jpg","type":"image\/jpeg"}],"author":"Exaudi Redazione","twitter_card":"summary_large_image","twitter_creator":"@Exaudi_Notizie","twitter_site":"@Exaudi_News","twitter_misc":{"Scritto da":"Exaudi Redazione","Tempo di lettura stimato":"2 minuti"},"schema":{"@context":"https:\/\/schema.org","@graph":[{"@type":"Article","@id":"https:\/\/exaudi.org\/it\/pianeta-sano-persone-sane-petizione-mondiale\/#article","isPartOf":{"@id":"https:\/\/exaudi.org\/it\/pianeta-sano-persone-sane-petizione-mondiale\/"},"author":{"name":"Exaudi Redazione","@id":"https:\/\/exaudi.org\/#\/schema\/person\/e1ab6ed07c01774724dd96f925f3a5f0"},"headline":"Pianeta Sano Persone Sane: petizione mondiale","datePublished":"2021-10-11T15:11:58+00:00","mainEntityOfPage":{"@id":"https:\/\/exaudi.org\/it\/pianeta-sano-persone-sane-petizione-mondiale\/"},"wordCount":438,"image":{"@id":"https:\/\/exaudi.org\/it\/pianeta-sano-persone-sane-petizione-mondiale\/#primaryimage"},"thumbnailUrl":"https:\/\/exaudi.org\/wp-content\/uploads\/2021\/10\/IT_Landing.jpg","keywords":["ambiente","casa comune","cop26","Laudato si'"],"articleSection":["Chiesa e Mondo","Ecologia","Top Ultime Notizie","Ultime Notizie"],"inLanguage":"it-IT"},{"@type":"WebPage","@id":"https:\/\/exaudi.org\/it\/pianeta-sano-persone-sane-petizione-mondiale\/","url":"https:\/\/exaudi.org\/it\/pianeta-sano-persone-sane-petizione-mondiale\/","name":"Pianeta Sano Persone Sane: petizione mondiale &#8211; Exaudi","isPartOf":{"@id":"https:\/\/exaudi.org\/#website"},"primaryImageOfPage":{"@id":"https:\/\/exaudi.org\/it\/pianeta-sano-persone-sane-petizione-mondiale\/#primaryimage"},"image":{"@id":"https:\/\/exaudi.org\/it\/pianeta-sano-persone-sane-petizione-mondiale\/#primaryimage"},"thumbnailUrl":"https:\/\/exaudi.org\/wp-content\/uploads\/2021\/10\/IT_Landing.jpg","datePublished":"2021-10-11T15:11:58+00:00","author":{"@id":"https:\/\/exaudi.org\/#\/schema\/person\/e1ab6ed07c01774724dd96f925f3a5f0"},"description":"Pianeta Sano, Persone Sane \u00e8 la campagna lanciata in occasione del Tempo del Creato. Una petizione mondiale rivolta ai politici della COP26","breadcrumb":{"@id":"https:\/\/exaudi.org\/it\/pianeta-sano-persone-sane-petizione-mondiale\/#breadcrumb"},"inLanguage":"it-IT","potentialAction":[{"@type":"ReadAction","target":["https:\/\/exaudi.org\/it\/pianeta-sano-persone-sane-petizione-mondiale\/"]}]},{"@type":"ImageObject","inLanguage":"it-IT","@id":"https:\/\/exaudi.org\/it\/pianeta-sano-persone-sane-petizione-mondiale\/#primaryimage","url":"https:\/\/exaudi.org\/wp-content\/uploads\/2021\/10\/IT_Landing.jpg","contentUrl":"https:\/\/exaudi.org\/wp-content\/uploads\/2021\/10\/IT_Landing.jpg","width":1675,"height":1080,"caption":"Pianeta sano persone sane"},{"@type":"BreadcrumbList","@id":"https:\/\/exaudi.org\/it\/pianeta-sano-persone-sane-petizione-mondiale\/#breadcrumb","itemListElement":[{"@type":"ListItem","position":1,"name":"Portada","item":"https:\/\/exaudi.org\/it\/"},{"@type":"ListItem","position":2,"name":"Pianeta Sano Persone Sane: petizione mondiale"}]},{"@type":"WebSite","@id":"https:\/\/exaudi.org\/#website","url":"https:\/\/exaudi.org\/","name":"Exaudi","description":"News","potentialAction":[{"@type":"SearchAction","target":{"@type":"EntryPoint","urlTemplate":"https:\/\/exaudi.org\/?s={search_term_string}"},"query-input":{"@type":"PropertyValueSpecification","valueRequired":true,"valueName":"search_term_string"}}],"inLanguage":"it-IT"},{"@type":"Person","@id":"https:\/\/exaudi.org\/#\/schema\/person\/e1ab6ed07c01774724dd96f925f3a5f0","name":"Exaudi Redazione","image":{"@type":"ImageObject","inLanguage":"it-IT","@id":"https:\/\/secure.gravatar.com\/avatar\/ad6774b3ada023bf5b939d64f45c94b3adf91502dd883507d469b4308a943bb3?s=96&d=mm&r=g","url":"https:\/\/secure.gravatar.com\/avatar\/ad6774b3ada023bf5b939d64f45c94b3adf91502dd883507d469b4308a943bb3?s=96&d=mm&r=g","contentUrl":"https:\/\/secure.gravatar.com\/avatar\/ad6774b3ada023bf5b939d64f45c94b3adf91502dd883507d469b4308a943bb3?s=96&d=mm&r=g","caption":"Exaudi Redazione"},"description":"Che cosa \u00e8 Exaudi News? Exaudi News \u00e8 un agenzia cattolica internazionale che informa, istruisce e trasforma quotidianamente in spagnolo, inglese e italiano. Attraverso notizie, articoli di analisi e trasmissioni in diretta degli eventi del Papa, Exaudi cerca di rafforzare l'unit\u00e0 dei cristiani e di contribuire all'evangelizzazione del mondo, sempre guidato dalla dottrina sociale della Chiesa. Lavoriamo per portare la verit\u00e0 e i valori cristiani in ogni angolo del pianeta. Aiutaci a trasformare il mondo con Exaudi! Noi di Exaudi crediamo che l'evangelizzazione e l'informazione di qualit\u00e0 possano cambiare la vita. Per continuare la nostra missione ed espandere la nostra portata, abbiamo bisogno del tuo aiuto. Stiamo anche cercando persone motivate che vogliano unirsi al nostro team. Grazie al vostro sostegno raggiungeremo pi\u00f9 persone, diffonderemo il messaggio di Cristo e rafforzeremo l'unit\u00e0 dei cristiani. Vuoi unirti alla nostra missione? Per maggiori informazioni su come contribuire, visita Exaudi.org\/it o contattaci direttamente: info@exaudi.org Exaudi: informa, forma e trasforma.","sameAs":["https:\/\/www.facebook.com\/ExaudiNotizie\/","https:\/\/www.instagram.com\/Exaudi_notizie\/","https:\/\/x.com\/Exaudi_Notizie","https:\/\/www.youtube.com\/@exaudicatholicnews"],"url":"https:\/\/exaudi.org\/it\/author\/dlvedi-org\/"}]}},"jetpack_featured_media_url":"https:\/\/exaudi.org\/wp-content\/uploads\/2021\/10\/IT_Landing.jpg","jetpack_shortlink":"https:\/\/wp.me\/pgKjF2-9sJ","_links":{"self":[{"href":"https:\/\/exaudi.org\/it\/wp-json\/wp\/v2\/posts\/36377","targetHints":{"allow":["GET"]}}],"collection":[{"href":"https:\/\/exaudi.org\/it\/wp-json\/wp\/v2\/posts"}],"about":[{"href":"https:\/\/exaudi.org\/it\/wp-json\/wp\/v2\/types\/post"}],"author":[{"embeddable":true,"href":"https:\/\/exaudi.org\/it\/wp-json\/wp\/v2\/users\/17"}],"replies":[{"embeddable":true,"href":"https:\/\/exaudi.org\/it\/wp-json\/wp\/v2\/comments?post=36377"}],"version-history":[{"count":0,"href":"https:\/\/exaudi.org\/it\/wp-json\/wp\/v2\/posts\/36377\/revisions"}],"wp:featuredmedia":[{"embeddable":true,"href":"https:\/\/exaudi.org\/it\/wp-json\/wp\/v2\/media\/36378"}],"wp:attachment":[{"href":"https:\/\/exaudi.org\/it\/wp-json\/wp\/v2\/media?parent=36377"}],"wp:term":[{"taxonomy":"category","embeddable":true,"href":"https:\/\/exaudi.org\/it\/wp-json\/wp\/v2\/categories?post=36377"},{"taxonomy":"post_tag","embeddable":true,"href":"https:\/\/exaudi.org\/it\/wp-json\/wp\/v2\/tags?post=36377"}],"curies":[{"name":"wp","href":"https:\/\/api.w.org\/{rel}","templated":true}]}}