{"id":35788,"date":"2021-10-06T18:45:30","date_gmt":"2021-10-06T16:45:30","guid":{"rendered":"https:\/\/exaudi.wpengine.com\/?p=35788"},"modified":"2021-10-06T18:45:30","modified_gmt":"2021-10-06T16:45:30","slug":"presunti-abusi-in-preseminario-la-sentenza","status":"publish","type":"post","link":"https:\/\/exaudi.org\/it\/presunti-abusi-in-preseminario-la-sentenza\/","title":{"rendered":"Presunti abusi in Preseminario: la sentenza"},"content":{"rendered":"<p>Il Tribunale dello Stato della Citt\u00e0 del Vaticano ha emesso la sentenza del processo a carico di Gabriele Martinelli ed Enrico Radice, iniziato il 14 ottobre 2020, per la vicenda dei presunti abusi nel Preseminario San Pio X. Il collegio giudicante\u00a0era composto da Giuseppe Pignatone, Presidente, e dai giudici Venerando Marano e Carlo Bonzano.<\/p>\n<p>Secondo l&#8217;accusa, basata principalmente sulle dichiarazioni della persona offesa, il Martinelli, all&#8217;epoca alunno del Preseminario San Pio X in Vaticano, dal 2006 al 2012 avrebbe commesso ripetuti atti di violenza carnale e di libidine ai danni di un altro alunno, L.G. (peraltro, di soli sette mesi pi\u00f9 piccolo dell&#8217;imputato).<\/p>\n<h4>L\u2019istruttoria e le testimonianze<\/h4>\n<p>L\u2019approfondita istruttoria dibattimentale \u2013 durante la quale, oltre agli imputati, sono stati sentiti, nel contraddittorio tra le parti, numerosi testi ed \u00e8 stata acquisita ampia documentazione, ivi compresi (per la prima volta in un giudizio penale) gli atti delle investigazioni svolte in sede canonica \u2013 ha consentito di aggiungere nuovi ed importanti elementi a quelli gi\u00e0 emersi durante la fase dell&#8217;istruzione sommaria, tali da agevolare una valutazione pi\u00f9 completa soprattutto in ordine alla natura dei rapporti intercorsi fra il Martinelli e la persona offesa, al loro evolversi nel tempo ed alla attendibilit\u00e0 delle dichiarazioni in atti.<\/p>\n<p>Il Tribunale ha stabilito che debbano ritenersi accertati i rapporti sessuali, di varia natura ed intensit\u00e0, tra l&#8217;imputato e la persona offesa, effettivamente protrattisi per l&#8217;intero arco di tempo indicato; manca, tuttavia, la prova per affermare che la vittima sia stata costretta dall&#8217;imputato con la violenza o minaccia.<\/p>\n<h4>Insufficienza di prove<\/h4>\n<p>In particolare, l&#8217;impossibilit\u00e0 di ritenere la costrizione della vittima provata al di l\u00e0 di ogni ragionevole dubbio deriva da alcune significative contraddizioni ed illogicit\u00e0 presenti nelle dichiarazioni rese in diverse occasioni dalla vittima, da quanto emerge dai messaggi telefonici scambiati con il Martinelli, e dal fatto che molti dei testi presenti nelle stesse stanze in cui, di volta in volta, avrebbero avuto luogo i rapporti sessuali hanno ripetutamente affermato di non avere mai visto o sentito nulla.<\/p>\n<p>Conseguentemente il Martinelli \u00e8 stato dichiarato non punibile in relazione ai fatti contestati fino al 9 agosto 2008\u00a0perch\u00e9 all&#8217;epoca minore di 16 anni; \u00e8 stato assolto dai reati contestati per il periodo successivo all\u2019agosto 2008 per\u00a0insufficienza di prove.<\/p>\n<p>Al contempo, il Collegio ha ritenuto che i fatti relativi al periodo dal 9 agosto 2008 al 19 marzo 2009 (data in cui anche L.G. ha compiuto 16 anni) integrino comunque il reato di corruzione di minorenni che \u00e8 stato per\u00f2 dichiarato estinto per prescrizione, maturata gi\u00e0 nel 2014, cio\u00e8 molti anni prima della presentazione della querela (18 aprile 2018) e quindi dell&#8217;inizio delle indagini.<\/p>\n<h4>Le accuse contro don Radice<\/h4>\n<p>Con la stessa sentenza \u00e8 stata definita anche la posizione di don Enrico Radice, all&#8217;epoca dei fatti Rettore del Preseminario, imputato del reato di favoreggiamento in relazione a tre distinte condotte.<\/p>\n<p>La prima \u00e8 consistita nell\u2019avere inviato il 3 ottobre 2013 al vescovo di Como mons.\u00a0Coletti (incaricato delle indagini in sede canonica sulle accuse rivolte da L.G. al Martinelli, nonch\u00e9 contro lo stesso Radice per la sua inerzia) una lettera nella quale aveva affermato che le dette accuse erano prive di fondamento e contraddette dai fatti, chiedendo di archiviare la pratica, come poi era in concreto avvenuto.<\/p>\n<h4>Accertamenti superficiali<\/h4>\n<p>In proposito il Collegio ha rilevato che effettivamente le verifiche e gli accertamenti furono svolti dal Rettore del Preseminario e, ancor pi\u00f9, dal Vescovo Coletti in modo assolutamente superficiale, senza approfondire le questioni essenziali onde giungere ad una rapida archiviazione. Peraltro, mons. Coletti \u00e8 oggi gravemente malato, sicch\u00e9 non \u00e8 stato neppure possibile sentirlo in udienza. Per quanto riguarda don Radice, in relazione a questo segmento della condotta contestatagli \u00e8 stata dichiarata l&#8217;estinzione del reato per prescrizione, dato il tempo\u00a0trascorso gi\u00e0 al momento dell&#8217;inizio delle investigazioni del Promotore di\u00a0Giustizia.<\/p>\n<h4>Altre due accuse di favoreggiamento<\/h4>\n<p>Radice era poi imputato di favoreggiamento anche in relazione alla creazione\u00a0di una lettera con cui si comunicava l&#8217;imminente ordinazione sacerdotale del Martinelli e sulla quale egli avrebbe apposto la falsa firma del Vescovo di Como, mons. Coletti. In relazione a tale condotta l&#8217;imputato \u00e8 stato assolto perch\u00e9 il fatto non sussiste, in quanto essa non \u00e8 risultata idonea a costituire alcun aiuto a eludere le indagini e quindi ad integrare il reato contestato.<\/p>\n<p>Infine, Radice era imputato per le dichiarazioni da lui rese il 6\u00a0settembre 2018 al Promotore di Giustizia su quanto a sua conoscenza, nel 2013, circa i fatti oggetto del processo, dichiarazioni ritenute dall&#8217;accusa non rispondenti al vero e funzionali ad ostacolare le investigazioni nei confronti del Martinelli. Per questo segmento della condotta l&#8217;imputato \u00e8 stato dichiarato non punibile perch\u00e9, deponendo il vero, avrebbe esposto s\u00e9 stesso al rischio di incriminazione in relazione al comportamento allora tenuto: l&#8217;art. 215 c.p. impone anche nello Stato della Citt\u00e0 del Vaticano il rispetto del privilegio contro l&#8217;autoincriminazione.<\/p>\n","protected":false},"excerpt":{"rendered":"<p>Gli imputati assolti o non punibili per i reati contestati<\/p>\n","protected":false},"author":17,"featured_media":35789,"comment_status":"closed","ping_status":"closed","sticky":false,"template":"","format":"standard","meta":{"_acf_changed":false,"_crdt_document":"","inline_featured_image":false,"footnotes":""},"categories":[131],"tags":[1974,4434,4432,4433,266],"class_list":["post-35788","post","type-post","status-publish","format-standard","has-post-thumbnail","hentry","category-vaticano","tag-abusi","tag-martinelli","tag-preseminario","tag-radice","tag-vaticano"],"acf":[],"yoast_head":"<!-- This site is optimized with the Yoast SEO plugin v27.5 - https:\/\/yoast.com\/product\/yoast-seo-wordpress\/ -->\n<title>Presunti abusi in Preseminario: la sentenza &#8211; Exaudi<\/title>\n<meta name=\"description\" content=\"Il Tribunale vaticano ha emesso la sentenza per il processo sui presunti abusi nel Preseminario S. Pio X: imputati assolti o non punibili\" \/>\n<meta name=\"robots\" content=\"index, follow, max-snippet:-1, max-image-preview:large, max-video-preview:-1\" \/>\n<link rel=\"canonical\" href=\"https:\/\/exaudi.org\/it\/presunti-abusi-in-preseminario-la-sentenza\/\" \/>\n<meta property=\"og:locale\" content=\"it_IT\" \/>\n<meta property=\"og:type\" content=\"article\" \/>\n<meta property=\"og:title\" content=\"Presunti abusi in Preseminario: la sentenza &#8211; Exaudi\" \/>\n<meta property=\"og:description\" content=\"Il Tribunale vaticano ha emesso la sentenza per il processo sui presunti abusi nel Preseminario S. Pio X: imputati assolti o non punibili\" \/>\n<meta property=\"og:url\" content=\"https:\/\/exaudi.org\/it\/presunti-abusi-in-preseminario-la-sentenza\/\" \/>\n<meta property=\"og:site_name\" content=\"Exaudi\" \/>\n<meta property=\"article:publisher\" content=\"https:\/\/www.facebook.com\/ExaudiNews\" \/>\n<meta property=\"article:author\" content=\"https:\/\/www.facebook.com\/ExaudiNotizie\/\" \/>\n<meta property=\"article:published_time\" content=\"2021-10-06T16:45:30+00:00\" \/>\n<meta property=\"og:image\" content=\"https:\/\/exaudi.org\/wp-content\/uploads\/2021\/10\/Tribunale-vaticano-pignatone-scaled.jpg\" \/>\n\t<meta property=\"og:image:width\" content=\"2560\" \/>\n\t<meta property=\"og:image:height\" content=\"1703\" \/>\n\t<meta property=\"og:image:type\" content=\"image\/jpeg\" \/>\n<meta name=\"author\" content=\"Exaudi Redazione\" \/>\n<meta name=\"twitter:card\" content=\"summary_large_image\" \/>\n<meta name=\"twitter:creator\" content=\"@Exaudi_Notizie\" \/>\n<meta name=\"twitter:site\" content=\"@Exaudi_News\" \/>\n<meta name=\"twitter:label1\" content=\"Scritto da\" \/>\n\t<meta name=\"twitter:data1\" content=\"Exaudi Redazione\" \/>\n\t<meta name=\"twitter:label2\" content=\"Tempo di lettura stimato\" \/>\n\t<meta name=\"twitter:data2\" content=\"4 minuti\" \/>\n<script type=\"application\/ld+json\" class=\"yoast-schema-graph\">{\"@context\":\"https:\\\/\\\/schema.org\",\"@graph\":[{\"@type\":\"Article\",\"@id\":\"https:\\\/\\\/exaudi.org\\\/it\\\/presunti-abusi-in-preseminario-la-sentenza\\\/#article\",\"isPartOf\":{\"@id\":\"https:\\\/\\\/exaudi.org\\\/it\\\/presunti-abusi-in-preseminario-la-sentenza\\\/\"},\"author\":{\"name\":\"Exaudi Redazione\",\"@id\":\"https:\\\/\\\/exaudi.org\\\/#\\\/schema\\\/person\\\/e1ab6ed07c01774724dd96f925f3a5f0\"},\"headline\":\"Presunti abusi in Preseminario: la sentenza\",\"datePublished\":\"2021-10-06T16:45:30+00:00\",\"mainEntityOfPage\":{\"@id\":\"https:\\\/\\\/exaudi.org\\\/it\\\/presunti-abusi-in-preseminario-la-sentenza\\\/\"},\"wordCount\":803,\"image\":{\"@id\":\"https:\\\/\\\/exaudi.org\\\/it\\\/presunti-abusi-in-preseminario-la-sentenza\\\/#primaryimage\"},\"thumbnailUrl\":\"https:\\\/\\\/exaudi.org\\\/wp-content\\\/uploads\\\/2021\\\/10\\\/Tribunale-vaticano-pignatone-scaled.jpg\",\"keywords\":[\"abusi\",\"Martinelli\",\"Preseminario\",\"Radice\",\"Vaticano\"],\"articleSection\":[\"Vaticano\"],\"inLanguage\":\"it-IT\"},{\"@type\":\"WebPage\",\"@id\":\"https:\\\/\\\/exaudi.org\\\/it\\\/presunti-abusi-in-preseminario-la-sentenza\\\/\",\"url\":\"https:\\\/\\\/exaudi.org\\\/it\\\/presunti-abusi-in-preseminario-la-sentenza\\\/\",\"name\":\"Presunti abusi in Preseminario: la sentenza &#8211; Exaudi\",\"isPartOf\":{\"@id\":\"https:\\\/\\\/exaudi.org\\\/#website\"},\"primaryImageOfPage\":{\"@id\":\"https:\\\/\\\/exaudi.org\\\/it\\\/presunti-abusi-in-preseminario-la-sentenza\\\/#primaryimage\"},\"image\":{\"@id\":\"https:\\\/\\\/exaudi.org\\\/it\\\/presunti-abusi-in-preseminario-la-sentenza\\\/#primaryimage\"},\"thumbnailUrl\":\"https:\\\/\\\/exaudi.org\\\/wp-content\\\/uploads\\\/2021\\\/10\\\/Tribunale-vaticano-pignatone-scaled.jpg\",\"datePublished\":\"2021-10-06T16:45:30+00:00\",\"author\":{\"@id\":\"https:\\\/\\\/exaudi.org\\\/#\\\/schema\\\/person\\\/e1ab6ed07c01774724dd96f925f3a5f0\"},\"description\":\"Il Tribunale vaticano ha emesso la sentenza per il processo sui presunti abusi nel Preseminario S. Pio X: imputati assolti o non punibili\",\"breadcrumb\":{\"@id\":\"https:\\\/\\\/exaudi.org\\\/it\\\/presunti-abusi-in-preseminario-la-sentenza\\\/#breadcrumb\"},\"inLanguage\":\"it-IT\",\"potentialAction\":[{\"@type\":\"ReadAction\",\"target\":[\"https:\\\/\\\/exaudi.org\\\/it\\\/presunti-abusi-in-preseminario-la-sentenza\\\/\"]}]},{\"@type\":\"ImageObject\",\"inLanguage\":\"it-IT\",\"@id\":\"https:\\\/\\\/exaudi.org\\\/it\\\/presunti-abusi-in-preseminario-la-sentenza\\\/#primaryimage\",\"url\":\"https:\\\/\\\/exaudi.org\\\/wp-content\\\/uploads\\\/2021\\\/10\\\/Tribunale-vaticano-pignatone-scaled.jpg\",\"contentUrl\":\"https:\\\/\\\/exaudi.org\\\/wp-content\\\/uploads\\\/2021\\\/10\\\/Tribunale-vaticano-pignatone-scaled.jpg\",\"width\":2560,\"height\":1703,\"caption\":\"La lettura della sentenza (C) Vatican Media\"},{\"@type\":\"BreadcrumbList\",\"@id\":\"https:\\\/\\\/exaudi.org\\\/it\\\/presunti-abusi-in-preseminario-la-sentenza\\\/#breadcrumb\",\"itemListElement\":[{\"@type\":\"ListItem\",\"position\":1,\"name\":\"Portada\",\"item\":\"https:\\\/\\\/exaudi.org\\\/it\\\/\"},{\"@type\":\"ListItem\",\"position\":2,\"name\":\"Presunti abusi in Preseminario: la sentenza\"}]},{\"@type\":\"WebSite\",\"@id\":\"https:\\\/\\\/exaudi.org\\\/#website\",\"url\":\"https:\\\/\\\/exaudi.org\\\/\",\"name\":\"Exaudi\",\"description\":\"News\",\"potentialAction\":[{\"@type\":\"SearchAction\",\"target\":{\"@type\":\"EntryPoint\",\"urlTemplate\":\"https:\\\/\\\/exaudi.org\\\/?s={search_term_string}\"},\"query-input\":{\"@type\":\"PropertyValueSpecification\",\"valueRequired\":true,\"valueName\":\"search_term_string\"}}],\"inLanguage\":\"it-IT\"},{\"@type\":\"Person\",\"@id\":\"https:\\\/\\\/exaudi.org\\\/#\\\/schema\\\/person\\\/e1ab6ed07c01774724dd96f925f3a5f0\",\"name\":\"Exaudi Redazione\",\"image\":{\"@type\":\"ImageObject\",\"inLanguage\":\"it-IT\",\"@id\":\"https:\\\/\\\/secure.gravatar.com\\\/avatar\\\/ad6774b3ada023bf5b939d64f45c94b3adf91502dd883507d469b4308a943bb3?s=96&d=mm&r=g\",\"url\":\"https:\\\/\\\/secure.gravatar.com\\\/avatar\\\/ad6774b3ada023bf5b939d64f45c94b3adf91502dd883507d469b4308a943bb3?s=96&d=mm&r=g\",\"contentUrl\":\"https:\\\/\\\/secure.gravatar.com\\\/avatar\\\/ad6774b3ada023bf5b939d64f45c94b3adf91502dd883507d469b4308a943bb3?s=96&d=mm&r=g\",\"caption\":\"Exaudi Redazione\"},\"description\":\"Che cosa \u00e8 Exaudi News? Exaudi News \u00e8 un agenzia cattolica internazionale che informa, istruisce e trasforma quotidianamente in spagnolo, inglese e italiano. Attraverso notizie, articoli di analisi e trasmissioni in diretta degli eventi del Papa, Exaudi cerca di rafforzare l'unit\u00e0 dei cristiani e di contribuire all'evangelizzazione del mondo, sempre guidato dalla dottrina sociale della Chiesa. Lavoriamo per portare la verit\u00e0 e i valori cristiani in ogni angolo del pianeta. Aiutaci a trasformare il mondo con Exaudi! Noi di Exaudi crediamo che l'evangelizzazione e l'informazione di qualit\u00e0 possano cambiare la vita. Per continuare la nostra missione ed espandere la nostra portata, abbiamo bisogno del tuo aiuto. Stiamo anche cercando persone motivate che vogliano unirsi al nostro team. Grazie al vostro sostegno raggiungeremo pi\u00f9 persone, diffonderemo il messaggio di Cristo e rafforzeremo l'unit\u00e0 dei cristiani. Vuoi unirti alla nostra missione? Per maggiori informazioni su come contribuire, visita Exaudi.org\\\/it o contattaci direttamente: info@exaudi.org Exaudi: informa, forma e trasforma.\",\"sameAs\":[\"https:\\\/\\\/www.facebook.com\\\/ExaudiNotizie\\\/\",\"https:\\\/\\\/www.instagram.com\\\/Exaudi_notizie\\\/\",\"https:\\\/\\\/x.com\\\/Exaudi_Notizie\",\"https:\\\/\\\/www.youtube.com\\\/@exaudicatholicnews\"],\"url\":\"https:\\\/\\\/exaudi.org\\\/it\\\/author\\\/dlvedi-org\\\/\"}]}<\/script>\n<!-- \/ Yoast SEO plugin. -->","yoast_head_json":{"title":"Presunti abusi in Preseminario: la sentenza &#8211; Exaudi","description":"Il Tribunale vaticano ha emesso la sentenza per il processo sui presunti abusi nel Preseminario S. Pio X: imputati assolti o non punibili","robots":{"index":"index","follow":"follow","max-snippet":"max-snippet:-1","max-image-preview":"max-image-preview:large","max-video-preview":"max-video-preview:-1"},"canonical":"https:\/\/exaudi.org\/it\/presunti-abusi-in-preseminario-la-sentenza\/","og_locale":"it_IT","og_type":"article","og_title":"Presunti abusi in Preseminario: la sentenza &#8211; Exaudi","og_description":"Il Tribunale vaticano ha emesso la sentenza per il processo sui presunti abusi nel Preseminario S. Pio X: imputati assolti o non punibili","og_url":"https:\/\/exaudi.org\/it\/presunti-abusi-in-preseminario-la-sentenza\/","og_site_name":"Exaudi","article_publisher":"https:\/\/www.facebook.com\/ExaudiNews","article_author":"https:\/\/www.facebook.com\/ExaudiNotizie\/","article_published_time":"2021-10-06T16:45:30+00:00","og_image":[{"width":2560,"height":1703,"url":"https:\/\/exaudi.org\/wp-content\/uploads\/2021\/10\/Tribunale-vaticano-pignatone-scaled.jpg","type":"image\/jpeg"}],"author":"Exaudi Redazione","twitter_card":"summary_large_image","twitter_creator":"@Exaudi_Notizie","twitter_site":"@Exaudi_News","twitter_misc":{"Scritto da":"Exaudi Redazione","Tempo di lettura stimato":"4 minuti"},"schema":{"@context":"https:\/\/schema.org","@graph":[{"@type":"Article","@id":"https:\/\/exaudi.org\/it\/presunti-abusi-in-preseminario-la-sentenza\/#article","isPartOf":{"@id":"https:\/\/exaudi.org\/it\/presunti-abusi-in-preseminario-la-sentenza\/"},"author":{"name":"Exaudi Redazione","@id":"https:\/\/exaudi.org\/#\/schema\/person\/e1ab6ed07c01774724dd96f925f3a5f0"},"headline":"Presunti abusi in Preseminario: la sentenza","datePublished":"2021-10-06T16:45:30+00:00","mainEntityOfPage":{"@id":"https:\/\/exaudi.org\/it\/presunti-abusi-in-preseminario-la-sentenza\/"},"wordCount":803,"image":{"@id":"https:\/\/exaudi.org\/it\/presunti-abusi-in-preseminario-la-sentenza\/#primaryimage"},"thumbnailUrl":"https:\/\/exaudi.org\/wp-content\/uploads\/2021\/10\/Tribunale-vaticano-pignatone-scaled.jpg","keywords":["abusi","Martinelli","Preseminario","Radice","Vaticano"],"articleSection":["Vaticano"],"inLanguage":"it-IT"},{"@type":"WebPage","@id":"https:\/\/exaudi.org\/it\/presunti-abusi-in-preseminario-la-sentenza\/","url":"https:\/\/exaudi.org\/it\/presunti-abusi-in-preseminario-la-sentenza\/","name":"Presunti abusi in Preseminario: la sentenza &#8211; Exaudi","isPartOf":{"@id":"https:\/\/exaudi.org\/#website"},"primaryImageOfPage":{"@id":"https:\/\/exaudi.org\/it\/presunti-abusi-in-preseminario-la-sentenza\/#primaryimage"},"image":{"@id":"https:\/\/exaudi.org\/it\/presunti-abusi-in-preseminario-la-sentenza\/#primaryimage"},"thumbnailUrl":"https:\/\/exaudi.org\/wp-content\/uploads\/2021\/10\/Tribunale-vaticano-pignatone-scaled.jpg","datePublished":"2021-10-06T16:45:30+00:00","author":{"@id":"https:\/\/exaudi.org\/#\/schema\/person\/e1ab6ed07c01774724dd96f925f3a5f0"},"description":"Il Tribunale vaticano ha emesso la sentenza per il processo sui presunti abusi nel Preseminario S. Pio X: imputati assolti o non punibili","breadcrumb":{"@id":"https:\/\/exaudi.org\/it\/presunti-abusi-in-preseminario-la-sentenza\/#breadcrumb"},"inLanguage":"it-IT","potentialAction":[{"@type":"ReadAction","target":["https:\/\/exaudi.org\/it\/presunti-abusi-in-preseminario-la-sentenza\/"]}]},{"@type":"ImageObject","inLanguage":"it-IT","@id":"https:\/\/exaudi.org\/it\/presunti-abusi-in-preseminario-la-sentenza\/#primaryimage","url":"https:\/\/exaudi.org\/wp-content\/uploads\/2021\/10\/Tribunale-vaticano-pignatone-scaled.jpg","contentUrl":"https:\/\/exaudi.org\/wp-content\/uploads\/2021\/10\/Tribunale-vaticano-pignatone-scaled.jpg","width":2560,"height":1703,"caption":"La lettura della sentenza (C) Vatican Media"},{"@type":"BreadcrumbList","@id":"https:\/\/exaudi.org\/it\/presunti-abusi-in-preseminario-la-sentenza\/#breadcrumb","itemListElement":[{"@type":"ListItem","position":1,"name":"Portada","item":"https:\/\/exaudi.org\/it\/"},{"@type":"ListItem","position":2,"name":"Presunti abusi in Preseminario: la sentenza"}]},{"@type":"WebSite","@id":"https:\/\/exaudi.org\/#website","url":"https:\/\/exaudi.org\/","name":"Exaudi","description":"News","potentialAction":[{"@type":"SearchAction","target":{"@type":"EntryPoint","urlTemplate":"https:\/\/exaudi.org\/?s={search_term_string}"},"query-input":{"@type":"PropertyValueSpecification","valueRequired":true,"valueName":"search_term_string"}}],"inLanguage":"it-IT"},{"@type":"Person","@id":"https:\/\/exaudi.org\/#\/schema\/person\/e1ab6ed07c01774724dd96f925f3a5f0","name":"Exaudi Redazione","image":{"@type":"ImageObject","inLanguage":"it-IT","@id":"https:\/\/secure.gravatar.com\/avatar\/ad6774b3ada023bf5b939d64f45c94b3adf91502dd883507d469b4308a943bb3?s=96&d=mm&r=g","url":"https:\/\/secure.gravatar.com\/avatar\/ad6774b3ada023bf5b939d64f45c94b3adf91502dd883507d469b4308a943bb3?s=96&d=mm&r=g","contentUrl":"https:\/\/secure.gravatar.com\/avatar\/ad6774b3ada023bf5b939d64f45c94b3adf91502dd883507d469b4308a943bb3?s=96&d=mm&r=g","caption":"Exaudi Redazione"},"description":"Che cosa \u00e8 Exaudi News? Exaudi News \u00e8 un agenzia cattolica internazionale che informa, istruisce e trasforma quotidianamente in spagnolo, inglese e italiano. Attraverso notizie, articoli di analisi e trasmissioni in diretta degli eventi del Papa, Exaudi cerca di rafforzare l'unit\u00e0 dei cristiani e di contribuire all'evangelizzazione del mondo, sempre guidato dalla dottrina sociale della Chiesa. Lavoriamo per portare la verit\u00e0 e i valori cristiani in ogni angolo del pianeta. Aiutaci a trasformare il mondo con Exaudi! Noi di Exaudi crediamo che l'evangelizzazione e l'informazione di qualit\u00e0 possano cambiare la vita. Per continuare la nostra missione ed espandere la nostra portata, abbiamo bisogno del tuo aiuto. Stiamo anche cercando persone motivate che vogliano unirsi al nostro team. Grazie al vostro sostegno raggiungeremo pi\u00f9 persone, diffonderemo il messaggio di Cristo e rafforzeremo l'unit\u00e0 dei cristiani. Vuoi unirti alla nostra missione? Per maggiori informazioni su come contribuire, visita Exaudi.org\/it o contattaci direttamente: info@exaudi.org Exaudi: informa, forma e trasforma.","sameAs":["https:\/\/www.facebook.com\/ExaudiNotizie\/","https:\/\/www.instagram.com\/Exaudi_notizie\/","https:\/\/x.com\/Exaudi_Notizie","https:\/\/www.youtube.com\/@exaudicatholicnews"],"url":"https:\/\/exaudi.org\/it\/author\/dlvedi-org\/"}]}},"jetpack_featured_media_url":"https:\/\/exaudi.org\/wp-content\/uploads\/2021\/10\/Tribunale-vaticano-pignatone-scaled.jpg","jetpack_shortlink":"https:\/\/wp.me\/pgKjF2-9je","_links":{"self":[{"href":"https:\/\/exaudi.org\/it\/wp-json\/wp\/v2\/posts\/35788","targetHints":{"allow":["GET"]}}],"collection":[{"href":"https:\/\/exaudi.org\/it\/wp-json\/wp\/v2\/posts"}],"about":[{"href":"https:\/\/exaudi.org\/it\/wp-json\/wp\/v2\/types\/post"}],"author":[{"embeddable":true,"href":"https:\/\/exaudi.org\/it\/wp-json\/wp\/v2\/users\/17"}],"replies":[{"embeddable":true,"href":"https:\/\/exaudi.org\/it\/wp-json\/wp\/v2\/comments?post=35788"}],"version-history":[{"count":0,"href":"https:\/\/exaudi.org\/it\/wp-json\/wp\/v2\/posts\/35788\/revisions"}],"wp:featuredmedia":[{"embeddable":true,"href":"https:\/\/exaudi.org\/it\/wp-json\/wp\/v2\/media\/35789"}],"wp:attachment":[{"href":"https:\/\/exaudi.org\/it\/wp-json\/wp\/v2\/media?parent=35788"}],"wp:term":[{"taxonomy":"category","embeddable":true,"href":"https:\/\/exaudi.org\/it\/wp-json\/wp\/v2\/categories?post=35788"},{"taxonomy":"post_tag","embeddable":true,"href":"https:\/\/exaudi.org\/it\/wp-json\/wp\/v2\/tags?post=35788"}],"curies":[{"name":"wp","href":"https:\/\/api.w.org\/{rel}","templated":true}]}}