{"id":35448,"date":"2021-10-04T13:24:21","date_gmt":"2021-10-04T11:24:21","guid":{"rendered":"https:\/\/exaudi.wpengine.com\/?p=35448"},"modified":"2021-10-04T13:24:21","modified_gmt":"2021-10-04T11:24:21","slug":"cop26-il-testo-dellappello-firmato-in-vaticano","status":"publish","type":"post","link":"https:\/\/exaudi.org\/it\/cop26-il-testo-dellappello-firmato-in-vaticano\/","title":{"rendered":"COP26: il testo dell&#8217;appello firmato in Vaticano"},"content":{"rendered":"<p>Pubblichiamo il testo dell\u2019appello congiunto firmato in occasione dell\u2019<a href=\"https:\/\/exaudi.wpengine.com\/it\/ambiente-serve-un-cambio-di-rotta-da-fare-insieme\/\">evento<\/a> \u201cFede e scienza: verso COP26\u201d e consegnato da Papa Francesco al ministro degli Esteri italiano Luigi Di Maio e al presidente della COP26 Alok Kumar Sharma.<\/p>\n<h4>Una famiglia in una casa comune<\/h4>\n<p>Oggi siamo qui riuniti insieme, in spirito di fraternit\u00e0 umana, per accrescere la consapevolezza delle sfide senza precedenti che minacciano noi e la vita nella nostra magnifica casa comune, la Terra. Come leader e studiosi di varie tradizioni religiose, ci uniamo in spirito di umilt\u00e0, responsabilit\u00e0, rispetto reciproco e dialogo aperto. Tale dialogo non \u00e8 limitato ad un mero scambio di idee, ma \u00e8 centrato sul desiderio di camminare insieme, riconoscendo la nostra chiamata a vivere in armonia con gli altri e con la natura. Nella riunione di oggi culminano diversi mesi di intenso dialogo fraterno tra i leader religiosi e gli scienziati, riuniti insieme nella consapevolezza della necessit\u00e0 di una sempre pi\u00f9 profonda solidariet\u00e0 di fronte alla pandemia globale e alla crescente preoccupazione per la nostra casa comune.<\/p>\n<h4>La nostra consapevolezza: la natura \u00e8 un dono<\/h4>\n<p>La natura \u00e8 un dono, ma \u00e8 anche una forza vitale, senza la quale noi non potremmo esistere. Le nostre fedi e spiritualit\u00e0 insegnano il dovere, individuale e collettivo, di avere cura della famiglia umana e dell\u2019ambiente nel quale essa vive. Non siamo padroni senza limiti del nostro pianeta e delle sue risorse. Noi siamo i custodi dell\u2019ambiente naturale con l\u2019innato dovere di prendercene cura per le future generazioni e con l\u2019obbligo morale di cooperare per la preservazione del pianeta. Siamo profondamente interdipendenti tra di noi e con il mondo naturale.<\/p>\n<p>Questa connessione \u00e8 la base della solidariet\u00e0 interpersonale ed intergenerazionale e del superamento dell\u2019egoismo. Il danneggiamento dell\u2019ambiente \u00e8 il risultato, in parte, della tendenza predatoria a guardare il mondo naturale come qualcosa da sfruttare, senza tenere in considerazione quanto la sopravvivenza umana dipenda dalla biodiversit\u00e0 e dalla salute degli ecosistemi planetari e locali. Le molteplici crisi che l\u2019umanit\u00e0 sta fronteggiando stanno dimostrando i fallimenti di tale approccio; questi fallimenti sono in ultima analisi derivanti da una crisi di valori, etici e spirituali.<\/p>\n<p>La fede e la scienza sono pilastri essenziali della civilt\u00e0 umana, con valori condivisi e complementariet\u00e0. Insieme, dobbiamo affrontare le minacce che riguardano la nostra casa comune. Gli avvertimenti della comunit\u00e0 scientifica stanno diventando sempre pi\u00f9 forti e chiari, cos\u00ec come la necessit\u00e0 di azioni concrete da intraprendere. Gli scienziati affermano che il tempo si sta esaurendo. Le temperature globali sono gi\u00e0 aumentate al punto che il pianeta \u00e8 pi\u00f9 caldo di quanto non lo sia mai stato negli ultimi 200.000 anni. Stiamo andando verso un aumento delle temperature di pi\u00f9 di due gradi rispetto ai livelli preindustriali. Non \u00e8 solo un problema fisico, ma anche una sfida morale. La crisi climatica riguarda tutti noi, ma non ci coinvolge nello stesso modo, perch\u00e9 avr\u00e0 effetti diversi e devastanti sulle persone nei Paesi industrializzati e su quelle nei Paesi non industrializzati. In particolare, colpir\u00e0 i pi\u00f9 poveri, specialmente le donne e i bambini dei Paesi pi\u00f9 vulnerabili, che sono i meno responsabili di questo fenomeno.<\/p>\n<p>L\u2019umanit\u00e0 ha il potere di pensare e la libert\u00e0 di scegliere. Dobbiamo affrontare queste sfide usando la conoscenza della scienza e la saggezza della religione: sapere di pi\u00f9 e avere pi\u00f9 cura. Dovremmo cercare soluzioni all\u2019interno di noi stessi, all\u2019interno delle nostre comunit\u00e0, e con la natura, adottando un approccio integrale. Dobbiamo pensare a lungo termine per il bene dell\u2019intera umanit\u00e0, ora e nel futuro. Abbiamo bisogno di estirpare i semi dei conflitti: avidit\u00e0, indifferenza, ignoranza, paura, ingiustizia, insicurezza e violenza. Dobbiamo focalizzarci specialmente su coloro che sono ai margini.<\/p>\n<p>\u00c8 necessario agire insieme per ispirarci e darci forza l\u2019un l\u2019altro. Abbiamo bisogno di vivere in pace tra di noi e con la natura. Ora \u00e8 tempo di attivarci in maniera differente come risposta comune. Mentre la pandemia da COVID infuria, il 2021 presenta la sfida vitale di trasformare questa crisi in un\u2019opportunit\u00e0 di ripensare il mondo che vogliamo per noi stessi e per i nostri bambini. Il prendersi cura deve essere al cuore di questa conversione, a tutti i livelli.<\/p>\n<h4>La nostra chiamata: il bisogno di una pi\u00f9 grande ambizione alla COP26<\/h4>\n<p>Abbiamo bisogno di un contesto di speranza e di coraggio. Ma abbiamo anche bisogno di cambiare la narrativa dello sviluppo e di adottare un nuovo tipo di economia: un\u2019economia che metta la dignit\u00e0 umana al centro e che sia inclusiva; che sia rispettosa a livello ecologico, che abbia cura dell\u2019ambiente e che non lo sfrutti; che non sia basata sulla crescita illimitata e su desideri smisurati, ma sia un sostegno per la vita; che promuova la virt\u00f9 della temperanza e condanni la malvagit\u00e0 dell\u2019eccesso; che non sia solo guidata dalla tecnologia, ma sia anche morale ed etica.<\/p>\n<p>Ora \u00e8 tempo per un\u2019azione urgente, radicale e responsabile. Mutare la situazione presente richiede alla comunit\u00e0 internazionale di agire con un\u2019ambizione maggiore e con equit\u00e0, in tutti gli aspetti delle sue politiche e strategie. Il cambiamento climatico \u00e8 una grave minaccia. Nell\u2019interesse della giustizia e dell\u2019equit\u00e0, noi chiediamo un\u2019azione climatica comune ma differenziata a tutti i livelli, dai cambiamenti di comportamento individuali ai processi decisionali politici di alto livello. Il mondo \u00e8 chiamato all\u2019azzeramento delle emissioni nette di carbonio il pi\u00f9 presto possibile, con i Paesi pi\u00f9 ricchi che assumono un ruolo guida nella riduzione delle loro emissioni e nel finanziamento delle riduzioni di emissioni da parte delle nazioni pi\u00f9 povere.<\/p>\n<p>\u00c8 importante che tutti i governi adottino un percorso che limiti l\u2019aumento della temperatura media globale a 1,5\u00b0C al di sopra dei livelli preindustriali. Per raggiungere questi obiettivi dell\u2019Accordo di Parigi, il Vertice COP26 dovrebbe dare impulso alla realizzazione di azioni ambiziose a breve termine da parte di tutte le nazioni con responsabilit\u00e0 differenziate. C\u2019\u00e8 anche un bisogno urgente di mettere in atto azioni per gli obiettivi di medio e lungo termine. Chiediamo a gran voce alle nazioni che hanno maggiore responsabilit\u00e0 e capacit\u00e0 di: fare un salto in avanti nella loro politica climatica a livello nazionale; ottemperare agli impegni esistenti per fornire un supporto finanziario sostanziale ai Paesi vulnerabili; accordarsi sui nuovi traguardi per permettere loro di diventare resilienti ai cambiamenti climatici, cos\u00ec come di adattarsi e di affrontare il cambiamento climatico, nonch\u00e9 le perdite e i danni derivanti da tale fenomeno, che sono gi\u00e0 una realt\u00e0 per molti Paesi. Accompagneremo le nazioni nel cercare di proteggere e di investire risorse a favore dei gruppi emarginati e delle popolazioni vulnerabili all\u2019interno dei loro confini, che per troppo tempo hanno portato un peso sproporzionato e sono state maggiormente colpite dalla povert\u00e0, dall\u2019inquinamento e dalla pandemia.<\/p>\n<p>I diritti dei popoli indigeni e delle comunit\u00e0 locali devono ricevere una speciale attenzione, che li protegga da interessi economici predatori. Essi sono stati per millenni i custodi della terra. Dovremmo ascoltarli e lasciarci guidare dalla loro saggezza. Facciamo appello ai governi affinch\u00e9 elevino le loro ambizioni e la loro cooperazione internazionale per: favorire la transizione verso l\u2019energia pulita; adottare pratiche di uso sostenibile della terra che includano la prevenzione della deforestazione, il recupero delle foreste e la conservazione della biodiversit\u00e0; trasformare i sistemi alimentari affinch\u00e9 diventino ambientalmente sostenibili e rispettosi delle culture locali; debellare la fame; nonch\u00e9 promuovere stili di vita, modi di consumo e di produzione sostenibili.<\/p>\n<p>Chiediamo inoltre ai governi di considerare pienamente gli effetti che la transizione verso un\u2019economia basata sull\u2019energia pulita comporter\u00e0 per la forza lavoro. Deve essere data priorit\u00e0 alla creazione di posti di lavoro dignitosi, specialmente in quei settori che dipendono dai combustibili fossili.<\/p>\n<p>Chiediamo che venga garantita una transizione giusta effettiva e inclusiva per uno sviluppo che sia a bassa emissione di gas a effetto serra e resiliente al clima. Allo stesso tempo, li invitiamo a considerare sia le conseguenze sociali ed economiche a breve termine che quelle a lungo termine, e ad adottare un approccio bilanciato che unisca la cura per le generazioni future alla garanzia che nessuno, nella nostra epoca, sar\u00e0 privato del suo pane quotidiano. Chiediamo alle istituzioni finanziarie, alle banche e agli investitori di adottare un sistema di finanziamento responsabile per investimenti che abbiano un impatto positivo sulle persone e sul pianeta. Chiediamo alle organizzazioni della societ\u00e0 civile e a ciascuno di affrontare queste sfide con coraggio e in uno spirito di collaborazione<\/p>\n<p>Parallelamente, chiediamo ai leader che partecipano alla COP26 di assicurare che non ci siano altre perdite di biodiversit\u00e0 e che tutti gli ecosistemi terrestri e marini siano ripristinati, protetti e gestiti in modo sostenibile. Al fine di raggiungere questi obiettivi, si pone di fronte a noi un\u2019importante sfida educativa. I governi non possono gestire un cambiamento cos\u00ec ambizioso da soli. \u00c8 necessario che l\u2019intera societ\u00e0 \u2013 la famiglia, le istituzioni religiose, le scuole e le universit\u00e0, le nostre aziende e i nostri sistemi finanziari \u2013 si impegni in un processo trasparente e collaborativo, assicurando che tutte le voci siano considerate e che tutte le persone siano rappresentate nel processo decisionale, coinvolgendo coloro che sono maggiormente colpite, soprattutto le donne, e quelle comunit\u00e0 le cui voci sono spesso ignorate o sottovalutate.<\/p>\n<p>Qui \u00e8 dove noi, istituzioni e leader religiosi, possiamo dare un contributo importante. L\u2019umanit\u00e0 deve ripensare le proprie prospettive e i propri valori, rigettando il consumismo e la pervasiva cultura dello scarto, ed abbracciare una cultura della cura e della cooperazione. Sensibilizzare l\u2019opinione pubblica sar\u00e0 indispensabile per il cambio di rotta che occorre intraprendere.<\/p>\n<h4>Il nostro impegno e la nostra creativit\u00e0<\/h4>\n<p>I fedeli delle tradizioni religiose hanno un ruolo cruciale da svolgere nell\u2019affrontare la crisi della nostra casa comune. Ci impegniamo ad agire molto pi\u00f9 seriamente. I giovani stanno chiedendo a noi pi\u00f9 anziani, di dare ascolto alle indicazioni della scienza e di fare molto di pi\u00f9. In primo luogo, ci impegniamo a far avanzare la trasformazione educativa e culturale che \u00e8 cruciale per sostenere tutte le altre azioni. Sottolineiamo l\u2019importanza di: \u2013 Intensificare i nostri sforzi per cambiare i cuori tra i componenti delle nostre tradizioni religiose nel modo di relazionarsi alla terra e alle altre persone (\u201cconversione ecologica\u201d).<\/p>\n<p>Ricorderemo alle nostre comunit\u00e0 che avere cura della terra e degli altri \u00e8 un principio chiave di tutte le nostre tradizioni. Riconoscendo i segni dell\u2019armonia divina presente nel mondo naturale, ci sforzeremo di integrare questa sensibilit\u00e0 ecologica in modo pi\u00f9 consapevole nelle nostre pratiche. \u2013 Incoraggiare le nostre istituzioni educative e culturali a dare priorit\u00e0 nei loro programmi a rilevanti conoscenze scientifiche, per rafforzare un\u2019educazione ecologica integrale, e per aiutare gli studenti e le loro famiglie a relazionarsi con la natura e gli altri, con occhi nuovi. Oltre alla trasmissione di nozioni e di conoscenza tecnica, noi vogliamo infondere quelle solide virt\u00f9 necessarie per sostenere la trasformazione ecologica.<\/p>\n<p>\u2013 Partecipare attivamente e in maniera appropriata al dibattito pubblico e politico sulle questioni ambientali, condividendo le nostre prospettive religiose, morali e spirituali dando voce ai pi\u00f9 deboli, ai giovani, e a coloro che sono troppo spesso ignorati, come i popoli indigeni. Sottolineiamo l\u2019importanza di collocare i dibattiti su temi ambientali in un rinnovato quadro di riferimento affinch\u00e9 \u2013 anzich\u00e9 concentrarsi solo su questioni tecniche \u2013 includano la dimensione morale.<\/p>\n<p>\u2013 Coinvolgere le nostre congregazioni e istituzioni, insieme al loro vicinato, nella costruzione di comunit\u00e0 sostenibili, resilienti e giuste, creando e sviluppando risorse per una cooperazione locale in materia, ad esempio, di agricoltura rigenerativa su piccola scala e di cooperative per le energie rinnovabili. In secondo luogo, sottolineiamo l\u2019importanza di intraprendere un\u2019azione ambientale di ampia portata all\u2019interno delle nostre stesse istituzioni e comunit\u00e0, con le informazioni della scienza e le basi della saggezza religiosa. Mentre invitiamo i governi e le organizzazioni internazionali ad essere ambiziosi, riconosciamo anche il ruolo principale che noi svolgiamo. Sottolineiamo l\u2019importanza di:<\/p>\n<p>\u2013 Sostenere azioni volte a ridurre le emissioni di carbonio, raggiungere la neutralit\u00e0 carbonica, promuovere la riduzione del rischio di catastrofi, migliorare lo smaltimento dei rifiuti, risparmiare acqua ed energia, sviluppare energia rinnovabile, garantire spazi verdi all\u2019aperto, preservare le aree costiere, prevenire la deforestazione e ripristinare le foreste. Molte di queste azioni richiedono una collaborazione con le comunit\u00e0 agricole e di pescatori, specialmente aziende agricole a conduzione familiare e di piccole dimensioni, che noi sosterremo.<\/p>\n<p>\u2013 Lavorare per realizzare impegnativi progetti per raggiungere una piena sostenibilit\u00e0 nei nostri edifici, terreni, veicoli e altre propriet\u00e0, prendendo parte allo sforzo mondiale per salvare il nostro pianeta.<\/p>\n<p>\u2013 Incoraggiare le nostre comunit\u00e0 ad adottare nelle proprie case stili di vita semplici e sostenibili, cos\u00ec da ridurre l\u2019impronta collettiva di carbonio.<\/p>\n<p>\u2013 Sforzarsi di allineare i nostri investimenti finanziari con standard ecologicamente e socialmente responsabili, assicurando maggiore controllo e trasparenza, in quanto la tendenza ad allontanarsi dagli investimenti nei combustibili fossili verso investimenti in energia rinnovabile e agricoltura riparatrice sta diventando sempre pi\u00f9 diffusa. Incoraggeremo il settore pubblico e privato a fare lo stesso.<\/p>\n<p>\u2013 Valutare tutti i prodotti e i servizi che acquistiamo con lo stesso sguardo etico, evitando di applicare due diversi standard morali al settore delle imprese e al resto della vita sociale. Ad esempio, sensibilizzeremo le nostre comunit\u00e0 religiose riguardo alla necessit\u00e0 di analizzare le nostre scelte bancarie, assicurative e di investimento, al fine di correggerle in linea con i valori che affermiamo qui.<\/p>\n<h4>La nostra speranza: un tempo di grazia, un\u2019opportunit\u00e0 che non possiamo sprecare<\/h4>\n<p>Stiamo attualmente vivendo un momento di opportunit\u00e0 e verit\u00e0. Preghiamo affinch\u00e9 la nostra famiglia umana possa unirsi per salvare la nostra casa comune prima che sia troppo tardi. Le generazioni future non ci perdoneranno mai se sprechiamo questa preziosa opportunit\u00e0. Abbiamo ereditato un giardino: non dobbiamo lasciare un deserto ai nostri figli. Gli scienziati ci hanno avvertito che potrebbe essere rimasto solo un decennio per ripristinare il pianeta.<\/p>\n<p>Chiediamo alla comunit\u00e0 internazionale, riunita alla COP26, d\u2019intraprendere un\u2019azione rapida, responsabile e condivisa per salvaguardare, ripristinare e guarire la nostra umanit\u00e0 ferita e la casa affidata alla nostra custodia. Lanciamo un appello a tutti coloro che vivono su questo pianeta affinch\u00e9 si uniscano a noi in questo viaggio comune, sapendo bene che ci\u00f2 che possiamo ottenere dipende non solo dalle opportunit\u00e0 e dalle risorse, ma anche dalla speranza, dal coraggio e dalla buona volont\u00e0. In un\u2019epoca contrassegnata da divisioni e sconforto, guardiamo con speranza e unit\u00e0 al futuro. Cerchiamo di aiutare le persone del mondo, in particolare i poveri e le generazioni future, incoraggiando una visione profetica, un\u2019azione creativa, rispettosa e coraggiosa per il bene della Terra, la nostra casa comune.<\/p>\n","protected":false},"excerpt":{"rendered":"<p>Consegnato dal Papa al ministro Di Maio e al presidente dell&#8217;assemblea Alok Kumar Sharma<\/p>\n","protected":false},"author":17,"featured_media":35449,"comment_status":"closed","ping_status":"closed","sticky":false,"template":"","format":"standard","meta":{"_acf_changed":false,"_crdt_document":"","inline_featured_image":false,"footnotes":""},"categories":[101,297],"tags":[1327,2500,251],"class_list":["post-35448","post","type-post","status-publish","format-standard","has-post-thumbnail","hentry","category-documenti","category-ultime-notizie","tag-ambiente","tag-cop26-it","tag-papa-francesco"],"acf":[],"yoast_head":"<!-- This site is optimized with the Yoast SEO plugin v27.5 - https:\/\/yoast.com\/product\/yoast-seo-wordpress\/ -->\n<title>COP26: il testo dell&#039;appello firmato in Vaticano &#8211; Exaudi<\/title>\n<meta name=\"description\" content=\"Il testo dell&#039;appello congiunto firmato in occasione dell&#039;evento \u201cFede e scienza: verso COP26\u201d consegnato dal Papa a Di Maio e a Kumar Sharma\" \/>\n<meta name=\"robots\" content=\"index, follow, max-snippet:-1, max-image-preview:large, max-video-preview:-1\" \/>\n<link rel=\"canonical\" href=\"https:\/\/exaudi.org\/it\/cop26-il-testo-dellappello-firmato-in-vaticano\/\" \/>\n<meta property=\"og:locale\" content=\"it_IT\" \/>\n<meta property=\"og:type\" content=\"article\" \/>\n<meta property=\"og:title\" content=\"COP26: il testo dell&#039;appello firmato in Vaticano &#8211; Exaudi\" \/>\n<meta property=\"og:description\" content=\"Il testo dell&#039;appello congiunto firmato in occasione dell&#039;evento \u201cFede e scienza: verso COP26\u201d consegnato dal Papa a Di Maio e a Kumar Sharma\" \/>\n<meta property=\"og:url\" content=\"https:\/\/exaudi.org\/it\/cop26-il-testo-dellappello-firmato-in-vaticano\/\" \/>\n<meta property=\"og:site_name\" content=\"Exaudi\" \/>\n<meta property=\"article:publisher\" content=\"https:\/\/www.facebook.com\/ExaudiNews\" \/>\n<meta property=\"article:author\" content=\"https:\/\/www.facebook.com\/ExaudiNotizie\/\" \/>\n<meta property=\"article:published_time\" content=\"2021-10-04T11:24:21+00:00\" \/>\n<meta property=\"og:image\" content=\"https:\/\/exaudi.org\/wp-content\/uploads\/2021\/10\/DSC9866-scaled.jpg\" \/>\n\t<meta property=\"og:image:width\" content=\"2560\" \/>\n\t<meta property=\"og:image:height\" content=\"1707\" \/>\n\t<meta property=\"og:image:type\" content=\"image\/jpeg\" \/>\n<meta name=\"author\" content=\"Exaudi Redazione\" \/>\n<meta name=\"twitter:card\" content=\"summary_large_image\" \/>\n<meta name=\"twitter:creator\" content=\"@Exaudi_Notizie\" \/>\n<meta name=\"twitter:site\" content=\"@Exaudi_News\" \/>\n<meta name=\"twitter:label1\" content=\"Scritto da\" \/>\n\t<meta name=\"twitter:data1\" content=\"Exaudi Redazione\" \/>\n\t<meta name=\"twitter:label2\" content=\"Tempo di lettura stimato\" \/>\n\t<meta name=\"twitter:data2\" content=\"11 minuti\" \/>\n<script type=\"application\/ld+json\" class=\"yoast-schema-graph\">{\"@context\":\"https:\\\/\\\/schema.org\",\"@graph\":[{\"@type\":\"Article\",\"@id\":\"https:\\\/\\\/exaudi.org\\\/it\\\/cop26-il-testo-dellappello-firmato-in-vaticano\\\/#article\",\"isPartOf\":{\"@id\":\"https:\\\/\\\/exaudi.org\\\/it\\\/cop26-il-testo-dellappello-firmato-in-vaticano\\\/\"},\"author\":{\"name\":\"Exaudi Redazione\",\"@id\":\"https:\\\/\\\/exaudi.org\\\/#\\\/schema\\\/person\\\/e1ab6ed07c01774724dd96f925f3a5f0\"},\"headline\":\"COP26: il testo dell&#8217;appello firmato in Vaticano\",\"datePublished\":\"2021-10-04T11:24:21+00:00\",\"mainEntityOfPage\":{\"@id\":\"https:\\\/\\\/exaudi.org\\\/it\\\/cop26-il-testo-dellappello-firmato-in-vaticano\\\/\"},\"wordCount\":2411,\"image\":{\"@id\":\"https:\\\/\\\/exaudi.org\\\/it\\\/cop26-il-testo-dellappello-firmato-in-vaticano\\\/#primaryimage\"},\"thumbnailUrl\":\"https:\\\/\\\/exaudi.org\\\/wp-content\\\/uploads\\\/2021\\\/10\\\/DSC9866-scaled.jpg\",\"keywords\":[\"ambiente\",\"cop26\",\"Papa Francesco\"],\"articleSection\":[\"Documenti\",\"Ultime Notizie\"],\"inLanguage\":\"it-IT\"},{\"@type\":\"WebPage\",\"@id\":\"https:\\\/\\\/exaudi.org\\\/it\\\/cop26-il-testo-dellappello-firmato-in-vaticano\\\/\",\"url\":\"https:\\\/\\\/exaudi.org\\\/it\\\/cop26-il-testo-dellappello-firmato-in-vaticano\\\/\",\"name\":\"COP26: il testo dell'appello firmato in Vaticano &#8211; Exaudi\",\"isPartOf\":{\"@id\":\"https:\\\/\\\/exaudi.org\\\/#website\"},\"primaryImageOfPage\":{\"@id\":\"https:\\\/\\\/exaudi.org\\\/it\\\/cop26-il-testo-dellappello-firmato-in-vaticano\\\/#primaryimage\"},\"image\":{\"@id\":\"https:\\\/\\\/exaudi.org\\\/it\\\/cop26-il-testo-dellappello-firmato-in-vaticano\\\/#primaryimage\"},\"thumbnailUrl\":\"https:\\\/\\\/exaudi.org\\\/wp-content\\\/uploads\\\/2021\\\/10\\\/DSC9866-scaled.jpg\",\"datePublished\":\"2021-10-04T11:24:21+00:00\",\"author\":{\"@id\":\"https:\\\/\\\/exaudi.org\\\/#\\\/schema\\\/person\\\/e1ab6ed07c01774724dd96f925f3a5f0\"},\"description\":\"Il testo dell'appello congiunto firmato in occasione dell'evento \u201cFede e scienza: verso COP26\u201d consegnato dal Papa a Di Maio e a Kumar Sharma\",\"breadcrumb\":{\"@id\":\"https:\\\/\\\/exaudi.org\\\/it\\\/cop26-il-testo-dellappello-firmato-in-vaticano\\\/#breadcrumb\"},\"inLanguage\":\"it-IT\",\"potentialAction\":[{\"@type\":\"ReadAction\",\"target\":[\"https:\\\/\\\/exaudi.org\\\/it\\\/cop26-il-testo-dellappello-firmato-in-vaticano\\\/\"]}]},{\"@type\":\"ImageObject\",\"inLanguage\":\"it-IT\",\"@id\":\"https:\\\/\\\/exaudi.org\\\/it\\\/cop26-il-testo-dellappello-firmato-in-vaticano\\\/#primaryimage\",\"url\":\"https:\\\/\\\/exaudi.org\\\/wp-content\\\/uploads\\\/2021\\\/10\\\/DSC9866-scaled.jpg\",\"contentUrl\":\"https:\\\/\\\/exaudi.org\\\/wp-content\\\/uploads\\\/2021\\\/10\\\/DSC9866-scaled.jpg\",\"width\":2560,\"height\":1707,\"caption\":\"Il Papa consegna l'appello congiunto (C) Vatican Media\"},{\"@type\":\"BreadcrumbList\",\"@id\":\"https:\\\/\\\/exaudi.org\\\/it\\\/cop26-il-testo-dellappello-firmato-in-vaticano\\\/#breadcrumb\",\"itemListElement\":[{\"@type\":\"ListItem\",\"position\":1,\"name\":\"Portada\",\"item\":\"https:\\\/\\\/exaudi.org\\\/it\\\/\"},{\"@type\":\"ListItem\",\"position\":2,\"name\":\"COP26: il testo dell&#8217;appello firmato in Vaticano\"}]},{\"@type\":\"WebSite\",\"@id\":\"https:\\\/\\\/exaudi.org\\\/#website\",\"url\":\"https:\\\/\\\/exaudi.org\\\/\",\"name\":\"Exaudi\",\"description\":\"News\",\"potentialAction\":[{\"@type\":\"SearchAction\",\"target\":{\"@type\":\"EntryPoint\",\"urlTemplate\":\"https:\\\/\\\/exaudi.org\\\/?s={search_term_string}\"},\"query-input\":{\"@type\":\"PropertyValueSpecification\",\"valueRequired\":true,\"valueName\":\"search_term_string\"}}],\"inLanguage\":\"it-IT\"},{\"@type\":\"Person\",\"@id\":\"https:\\\/\\\/exaudi.org\\\/#\\\/schema\\\/person\\\/e1ab6ed07c01774724dd96f925f3a5f0\",\"name\":\"Exaudi Redazione\",\"image\":{\"@type\":\"ImageObject\",\"inLanguage\":\"it-IT\",\"@id\":\"https:\\\/\\\/secure.gravatar.com\\\/avatar\\\/ad6774b3ada023bf5b939d64f45c94b3adf91502dd883507d469b4308a943bb3?s=96&d=mm&r=g\",\"url\":\"https:\\\/\\\/secure.gravatar.com\\\/avatar\\\/ad6774b3ada023bf5b939d64f45c94b3adf91502dd883507d469b4308a943bb3?s=96&d=mm&r=g\",\"contentUrl\":\"https:\\\/\\\/secure.gravatar.com\\\/avatar\\\/ad6774b3ada023bf5b939d64f45c94b3adf91502dd883507d469b4308a943bb3?s=96&d=mm&r=g\",\"caption\":\"Exaudi Redazione\"},\"description\":\"Che cosa \u00e8 Exaudi News? Exaudi News \u00e8 un agenzia cattolica internazionale che informa, istruisce e trasforma quotidianamente in spagnolo, inglese e italiano. Attraverso notizie, articoli di analisi e trasmissioni in diretta degli eventi del Papa, Exaudi cerca di rafforzare l'unit\u00e0 dei cristiani e di contribuire all'evangelizzazione del mondo, sempre guidato dalla dottrina sociale della Chiesa. Lavoriamo per portare la verit\u00e0 e i valori cristiani in ogni angolo del pianeta. Aiutaci a trasformare il mondo con Exaudi! Noi di Exaudi crediamo che l'evangelizzazione e l'informazione di qualit\u00e0 possano cambiare la vita. Per continuare la nostra missione ed espandere la nostra portata, abbiamo bisogno del tuo aiuto. Stiamo anche cercando persone motivate che vogliano unirsi al nostro team. Grazie al vostro sostegno raggiungeremo pi\u00f9 persone, diffonderemo il messaggio di Cristo e rafforzeremo l'unit\u00e0 dei cristiani. Vuoi unirti alla nostra missione? Per maggiori informazioni su come contribuire, visita Exaudi.org\\\/it o contattaci direttamente: info@exaudi.org Exaudi: informa, forma e trasforma.\",\"sameAs\":[\"https:\\\/\\\/www.facebook.com\\\/ExaudiNotizie\\\/\",\"https:\\\/\\\/www.instagram.com\\\/Exaudi_notizie\\\/\",\"https:\\\/\\\/x.com\\\/Exaudi_Notizie\",\"https:\\\/\\\/www.youtube.com\\\/@exaudicatholicnews\"],\"url\":\"https:\\\/\\\/exaudi.org\\\/it\\\/author\\\/dlvedi-org\\\/\"}]}<\/script>\n<!-- \/ Yoast SEO plugin. -->","yoast_head_json":{"title":"COP26: il testo dell'appello firmato in Vaticano &#8211; Exaudi","description":"Il testo dell'appello congiunto firmato in occasione dell'evento \u201cFede e scienza: verso COP26\u201d consegnato dal Papa a Di Maio e a Kumar Sharma","robots":{"index":"index","follow":"follow","max-snippet":"max-snippet:-1","max-image-preview":"max-image-preview:large","max-video-preview":"max-video-preview:-1"},"canonical":"https:\/\/exaudi.org\/it\/cop26-il-testo-dellappello-firmato-in-vaticano\/","og_locale":"it_IT","og_type":"article","og_title":"COP26: il testo dell'appello firmato in Vaticano &#8211; Exaudi","og_description":"Il testo dell'appello congiunto firmato in occasione dell'evento \u201cFede e scienza: verso COP26\u201d consegnato dal Papa a Di Maio e a Kumar Sharma","og_url":"https:\/\/exaudi.org\/it\/cop26-il-testo-dellappello-firmato-in-vaticano\/","og_site_name":"Exaudi","article_publisher":"https:\/\/www.facebook.com\/ExaudiNews","article_author":"https:\/\/www.facebook.com\/ExaudiNotizie\/","article_published_time":"2021-10-04T11:24:21+00:00","og_image":[{"width":2560,"height":1707,"url":"https:\/\/exaudi.org\/wp-content\/uploads\/2021\/10\/DSC9866-scaled.jpg","type":"image\/jpeg"}],"author":"Exaudi Redazione","twitter_card":"summary_large_image","twitter_creator":"@Exaudi_Notizie","twitter_site":"@Exaudi_News","twitter_misc":{"Scritto da":"Exaudi Redazione","Tempo di lettura stimato":"11 minuti"},"schema":{"@context":"https:\/\/schema.org","@graph":[{"@type":"Article","@id":"https:\/\/exaudi.org\/it\/cop26-il-testo-dellappello-firmato-in-vaticano\/#article","isPartOf":{"@id":"https:\/\/exaudi.org\/it\/cop26-il-testo-dellappello-firmato-in-vaticano\/"},"author":{"name":"Exaudi Redazione","@id":"https:\/\/exaudi.org\/#\/schema\/person\/e1ab6ed07c01774724dd96f925f3a5f0"},"headline":"COP26: il testo dell&#8217;appello firmato in Vaticano","datePublished":"2021-10-04T11:24:21+00:00","mainEntityOfPage":{"@id":"https:\/\/exaudi.org\/it\/cop26-il-testo-dellappello-firmato-in-vaticano\/"},"wordCount":2411,"image":{"@id":"https:\/\/exaudi.org\/it\/cop26-il-testo-dellappello-firmato-in-vaticano\/#primaryimage"},"thumbnailUrl":"https:\/\/exaudi.org\/wp-content\/uploads\/2021\/10\/DSC9866-scaled.jpg","keywords":["ambiente","cop26","Papa Francesco"],"articleSection":["Documenti","Ultime Notizie"],"inLanguage":"it-IT"},{"@type":"WebPage","@id":"https:\/\/exaudi.org\/it\/cop26-il-testo-dellappello-firmato-in-vaticano\/","url":"https:\/\/exaudi.org\/it\/cop26-il-testo-dellappello-firmato-in-vaticano\/","name":"COP26: il testo dell'appello firmato in Vaticano &#8211; Exaudi","isPartOf":{"@id":"https:\/\/exaudi.org\/#website"},"primaryImageOfPage":{"@id":"https:\/\/exaudi.org\/it\/cop26-il-testo-dellappello-firmato-in-vaticano\/#primaryimage"},"image":{"@id":"https:\/\/exaudi.org\/it\/cop26-il-testo-dellappello-firmato-in-vaticano\/#primaryimage"},"thumbnailUrl":"https:\/\/exaudi.org\/wp-content\/uploads\/2021\/10\/DSC9866-scaled.jpg","datePublished":"2021-10-04T11:24:21+00:00","author":{"@id":"https:\/\/exaudi.org\/#\/schema\/person\/e1ab6ed07c01774724dd96f925f3a5f0"},"description":"Il testo dell'appello congiunto firmato in occasione dell'evento \u201cFede e scienza: verso COP26\u201d consegnato dal Papa a Di Maio e a Kumar Sharma","breadcrumb":{"@id":"https:\/\/exaudi.org\/it\/cop26-il-testo-dellappello-firmato-in-vaticano\/#breadcrumb"},"inLanguage":"it-IT","potentialAction":[{"@type":"ReadAction","target":["https:\/\/exaudi.org\/it\/cop26-il-testo-dellappello-firmato-in-vaticano\/"]}]},{"@type":"ImageObject","inLanguage":"it-IT","@id":"https:\/\/exaudi.org\/it\/cop26-il-testo-dellappello-firmato-in-vaticano\/#primaryimage","url":"https:\/\/exaudi.org\/wp-content\/uploads\/2021\/10\/DSC9866-scaled.jpg","contentUrl":"https:\/\/exaudi.org\/wp-content\/uploads\/2021\/10\/DSC9866-scaled.jpg","width":2560,"height":1707,"caption":"Il Papa consegna l'appello congiunto (C) Vatican Media"},{"@type":"BreadcrumbList","@id":"https:\/\/exaudi.org\/it\/cop26-il-testo-dellappello-firmato-in-vaticano\/#breadcrumb","itemListElement":[{"@type":"ListItem","position":1,"name":"Portada","item":"https:\/\/exaudi.org\/it\/"},{"@type":"ListItem","position":2,"name":"COP26: il testo dell&#8217;appello firmato in Vaticano"}]},{"@type":"WebSite","@id":"https:\/\/exaudi.org\/#website","url":"https:\/\/exaudi.org\/","name":"Exaudi","description":"News","potentialAction":[{"@type":"SearchAction","target":{"@type":"EntryPoint","urlTemplate":"https:\/\/exaudi.org\/?s={search_term_string}"},"query-input":{"@type":"PropertyValueSpecification","valueRequired":true,"valueName":"search_term_string"}}],"inLanguage":"it-IT"},{"@type":"Person","@id":"https:\/\/exaudi.org\/#\/schema\/person\/e1ab6ed07c01774724dd96f925f3a5f0","name":"Exaudi Redazione","image":{"@type":"ImageObject","inLanguage":"it-IT","@id":"https:\/\/secure.gravatar.com\/avatar\/ad6774b3ada023bf5b939d64f45c94b3adf91502dd883507d469b4308a943bb3?s=96&d=mm&r=g","url":"https:\/\/secure.gravatar.com\/avatar\/ad6774b3ada023bf5b939d64f45c94b3adf91502dd883507d469b4308a943bb3?s=96&d=mm&r=g","contentUrl":"https:\/\/secure.gravatar.com\/avatar\/ad6774b3ada023bf5b939d64f45c94b3adf91502dd883507d469b4308a943bb3?s=96&d=mm&r=g","caption":"Exaudi Redazione"},"description":"Che cosa \u00e8 Exaudi News? Exaudi News \u00e8 un agenzia cattolica internazionale che informa, istruisce e trasforma quotidianamente in spagnolo, inglese e italiano. Attraverso notizie, articoli di analisi e trasmissioni in diretta degli eventi del Papa, Exaudi cerca di rafforzare l'unit\u00e0 dei cristiani e di contribuire all'evangelizzazione del mondo, sempre guidato dalla dottrina sociale della Chiesa. Lavoriamo per portare la verit\u00e0 e i valori cristiani in ogni angolo del pianeta. Aiutaci a trasformare il mondo con Exaudi! Noi di Exaudi crediamo che l'evangelizzazione e l'informazione di qualit\u00e0 possano cambiare la vita. Per continuare la nostra missione ed espandere la nostra portata, abbiamo bisogno del tuo aiuto. Stiamo anche cercando persone motivate che vogliano unirsi al nostro team. Grazie al vostro sostegno raggiungeremo pi\u00f9 persone, diffonderemo il messaggio di Cristo e rafforzeremo l'unit\u00e0 dei cristiani. Vuoi unirti alla nostra missione? Per maggiori informazioni su come contribuire, visita Exaudi.org\/it o contattaci direttamente: info@exaudi.org Exaudi: informa, forma e trasforma.","sameAs":["https:\/\/www.facebook.com\/ExaudiNotizie\/","https:\/\/www.instagram.com\/Exaudi_notizie\/","https:\/\/x.com\/Exaudi_Notizie","https:\/\/www.youtube.com\/@exaudicatholicnews"],"url":"https:\/\/exaudi.org\/it\/author\/dlvedi-org\/"}]}},"jetpack_featured_media_url":"https:\/\/exaudi.org\/wp-content\/uploads\/2021\/10\/DSC9866-scaled.jpg","jetpack_shortlink":"https:\/\/wp.me\/pgKjF2-9dK","_links":{"self":[{"href":"https:\/\/exaudi.org\/it\/wp-json\/wp\/v2\/posts\/35448","targetHints":{"allow":["GET"]}}],"collection":[{"href":"https:\/\/exaudi.org\/it\/wp-json\/wp\/v2\/posts"}],"about":[{"href":"https:\/\/exaudi.org\/it\/wp-json\/wp\/v2\/types\/post"}],"author":[{"embeddable":true,"href":"https:\/\/exaudi.org\/it\/wp-json\/wp\/v2\/users\/17"}],"replies":[{"embeddable":true,"href":"https:\/\/exaudi.org\/it\/wp-json\/wp\/v2\/comments?post=35448"}],"version-history":[{"count":0,"href":"https:\/\/exaudi.org\/it\/wp-json\/wp\/v2\/posts\/35448\/revisions"}],"wp:featuredmedia":[{"embeddable":true,"href":"https:\/\/exaudi.org\/it\/wp-json\/wp\/v2\/media\/35449"}],"wp:attachment":[{"href":"https:\/\/exaudi.org\/it\/wp-json\/wp\/v2\/media?parent=35448"}],"wp:term":[{"taxonomy":"category","embeddable":true,"href":"https:\/\/exaudi.org\/it\/wp-json\/wp\/v2\/categories?post=35448"},{"taxonomy":"post_tag","embeddable":true,"href":"https:\/\/exaudi.org\/it\/wp-json\/wp\/v2\/tags?post=35448"}],"curies":[{"name":"wp","href":"https:\/\/api.w.org\/{rel}","templated":true}]}}