{"id":35065,"date":"2021-10-01T07:30:44","date_gmt":"2021-10-01T05:30:44","guid":{"rendered":"https:\/\/exaudi.wpengine.com\/?p=35065"},"modified":"2021-09-30T18:03:21","modified_gmt":"2021-09-30T16:03:21","slug":"sognare-insieme-il-sogno-del-padre","status":"publish","type":"post","link":"https:\/\/exaudi.org\/it\/sognare-insieme-il-sogno-del-padre\/","title":{"rendered":"Sognare insieme il sogno del Padre"},"content":{"rendered":"<p>La professoressa Mar\u00eda Elisabeth de los R\u00edos Uriarte, ricercatrice della Facolt\u00e0 di bioetica dell&#8217;Universit\u00e0 An\u00e1huac del Messico, propone ai lettori di Exaudi il suo articolo sul primo anniversario dell&#8217;enciclica di Papa Francesco <em><a href=\"https:\/\/www.vatican.va\/content\/francesco\/it\/encyclicals\/documents\/papa-francesco_20201003_enciclica-fratelli-tutti.html\">Fratelli Tutti<\/a><\/em> sulla fraternit\u00e0 e l&#8217;amicizia sociale firmata il 3 ottobre 2020. Un invito a sognare il sogno del Padre.<\/p>\n<p>\u00c8 passato un anno da quando Papa Francesco ha firmato ad Assisi, l&#8217;enciclica <em>Fratelli Tutti<\/em> e lo ha fatto ancora in un contesto di forti conseguenze sociali, economiche ed emotive derivate dalla crisi sanitaria mondiale per il coronavirus.<\/p>\n<h4>Un anno di eventi<\/h4>\n<p>Da allora sono accadute molte cose che vanno dalla scoperta del vaccino contro il SARS-CoV2, che a molti paesi ha fatto tirare il fiato dando un pizzico di speranza, fino agli scontri continui e non simmetrici tra Israele e Palestina, l&#8217;esplosione in Libano che \u00e8 costata tante vite, l&#8217;ondata di migranti sulle coste di Ceuta in Spagna e in Centroamerica, i disordini sociali a Cuba, gli arresti arbitrari in Nicaragua, le migrazioni forzate in Chiapas, in Messico, e il ritorno del governo talebano in Afghanistan, per menzionarne alcune. Ogni fatto \u00e8 avvenuto a diverse latitudini e ciascuno separatamente. Sembrerebbe che se non fosse per la crisi condivisa del coronavirus, gli esseri umani non rinuncerebbero al proprio spazio individuale per condividerlo con gli altri; sembrerebbe che, a un anno di distanza, abbiamo fatto l&#8217;esatto contrario di quanto proposto nell&#8217;enciclica.<\/p>\n<p>Affrontare le emergenze che si presentano in ogni regione \u00e8 importante ma lo \u00e8 ancora di pi\u00f9 costruire un orizzonte comune, sognare insieme e che in questo sogno ci entriamo tutti.<\/p>\n<p>Oggi \u00e8 necessario aprire i cuori e non rabbrividire solo per le proprie tragedie ma anche per quelle comunitarie e per quelle mondiali, e l&#8217;unico modo di risvegliare questa sensibilit\u00e0 \u00e8 pensare e gestire una comunit\u00e0 aperta e fraterna tra tutti e non \u201ccontro tutti\u201d (FT, 36). Ciascuna delle crisi citate \u00e8 e deve sempre essere una crisi di tutti, non solo di alcuni.<\/p>\n<h4>Contemplare l&#8217;altro come come prossimo<\/h4>\n<p>Tutto questo \u00e8 possibile se si contempla l&#8217;altro non come estraneo ma come prossimo e, anche, facendosi prossimi all&#8217;altro (FT, 81). Questa pandemia ci ha reso estranei gli uni agli altri e abbiamo imparato a guardarci in lontananza, con sospetto e perfino discriminando chi era contagiato e, in qualche modo, ci ha fatto diventare indifferenti davanti alla sofferenza del fratello malato.<\/p>\n<p>In questa ripresa della vita dopo la pandemia, risulta necessario girarci a vedere chi \u00e8 caduto lungo il cammino e cambiare lo sguardo autoreferenziale con quello capace di accogliere, curare, offrire il proprio tempo e ristabilire.<\/p>\n<p>Cosa deve succedere affinch\u00e9 ci facciamo prossimi di quelli che oggi sono estranei?<\/p>\n<p>L&#8217;idea di progresso propria della modernit\u00e0 ci ha lasciato in eredit\u00e0 una fretta che non \u00e8 conciliabile con la cultura dell&#8217;incontro. Il progresso si misura in risultati quantificabili, in ricchezze e accumulo di beni; la cultura dell&#8217;incontro, invece, si misura nella profondit\u00e0 del cuore capace di sentirsi connesso con il cuore di molti altri al di l\u00e0 delle nazionalit\u00e0 e delle frontiere.<\/p>\n<h4>La logica dell&#8217;amore<\/h4>\n<p>Costruire questi legami fraterni deve dunque passare attraverso il superamento della logica del progresso lineare e collocarsi nella logica dell&#8217;amore perch\u00e9 \u201cl&#8217;altezza spirituale di una vita umana \u00e8 segnata dall&#8217;amore\u201d (FT, 92). In questa logica, quando si ama, siamo lanciati verso un orizzonte di comprensione universale che \u00e8 anche esistenziale (FT, 97).<\/p>\n<p>\u00c8 dunque, questo vissuto esistenziale dell&#8217;amore che si traduce in amicizia sociale tra nazioni quello che ci salva dal restare sommersi nei propri problemi e indifferenti di fronte ai problemi degli altri. Questa amicizia sociale \u00e8 quella che spinge all&#8217;aiuto tra nazioni nel campo dei vaccini, perch\u00e9 esiste ancora un gap molto grande tra i paesi sviluppati e quelli in via di sviluppo in questo ambito, ancor pi\u00f9 quando sappiamo che solo l&#8217;1.1% della popolazione in questi paesi \u00e8 stata vaccinata.<\/p>\n<h4>Gratuit\u00e0<\/h4>\n<p>Le azioni di fraternit\u00e0 e solidariet\u00e0 condivise non aumentano le ricchezze e ancora meno sono redditizie ma aprono il cuore e permettono di pensare a un mondo meno disuguale, basato sul valore di ogni persona e non sulla sua utilit\u00e0 sociale. Investire sui poveri non sar\u00e0 mai redditizio ma sar\u00e0 sempre trasformante, cos\u00ec come ci ha insegnato il movimento sociale, filosofico, culturale e teologico della cosiddetta Economia di Francesco, cos\u00ec presente e vivida anche nell&#8217;anno appena trascorso.<\/p>\n<p>Avere un cuore aperto non obbedisce ha una transazione monetaria n\u00e9 a un contratto di diritto ma alla gratuit\u00e0. Si accoglie per gratuit\u00e0 e non per utilit\u00e0.<\/p>\n<p>Questi cambi comportano nelle persone, come negli Stati, un&#8217;evoluzione graduale dal dentro al fuori, dall&#8217;io all&#8217;altro. Per\u00f2, cosa incoraggia questo passaggio? La sola umanit\u00e0 sembra troppo concentrata su se stessa e sui suoi beni e piaceri; \u00e8 necessario, dunque, un ingrediente ulteriore che spinga alla donazione disinteressata, all&#8217;abbandono delle proprie sicurezze e alla dimenticanza di s\u00e9. Questo bisogna cercarlo in quello che ci rende fratelli al di sopra delle nostre differenze, naturali o ideologiche, \u00e8 qualcosa che va oltre le nostre carenze e i nostri limiti umani, \u00e8 qualcosa che muove, ispira, motiva e spinge.<\/p>\n<h4>L&#8217;orizzonte della fede<\/h4>\n<p>Il laccio che ci unisce \u00e8 basato sull&#8217;orizzonte della fede e di una fede che conferma che siamo, tutti, figlie e figli dello stesso Padre e in questo si differenzia la solidariet\u00e0 dalla fraternit\u00e0. Mentre la prima affonda le sue radici nella volont\u00e0 umana, la seconda lo fa nella fede e nella speranza divine.<\/p>\n<p>Sapersi fratelli gli uni degli altri fornisce quella sicurezza di condividere la stessa casa e di essere amorevolmente curati dal Padre. \u00c8 confidare sul fatto che nessuno rester\u00e0 indietro se tutti ci identifichiamo come fratelli.<\/p>\n<h4>Il sogno di un progetto comune<\/h4>\n<p>Da qui \u00e8 possibile sognare ed elaborare un progetto comune (FT, 150). Tale progetto richiede uomini e donne nuovi, capaci di vivere in modo diverso, sempre in uscita e con una donazione totale e fiduciosa. Sognare il sogno dell&#8217;altro e che l&#8217;altro sogni il mio significa sognare il sogno del Padre insieme, tutti, come fratelli. Abbiamo gi\u00e0 sperimentato la fragilit\u00e0 e la disuguaglianza, abbiamo gi\u00e0 sofferto e ci hanno gi\u00e0 sferzato le sciagure locali e globali; adesso non ci resta, a partire dalle rovine del nostro egoismo, che costruire un albergo condiviso.<\/p>\n","protected":false},"excerpt":{"rendered":"<p>Primo anniversario dell&#8217;enciclica Fratelli Tutti: sapersi fratelli gli uni degli altri<\/p>\n","protected":false},"author":27,"featured_media":35070,"comment_status":"closed","ping_status":"closed","sticky":false,"template":"","format":"standard","meta":{"_acf_changed":false,"_crdt_document":"","inline_featured_image":false,"footnotes":""},"categories":[2157,297,129],"tags":[473,1668,287,251,510],"class_list":["post-35065","post","type-post","status-publish","format-standard","has-post-thumbnail","hentry","category-top-ultime-notizie","category-ultime-notizie","category-voci","tag-fratelli-tutti","tag-fraternita","tag-pandemia","tag-papa-francesco","tag-solidarieta"],"acf":[],"yoast_head":"<!-- This site is optimized with the Yoast SEO plugin v27.4 - https:\/\/yoast.com\/product\/yoast-seo-wordpress\/ -->\n<title>Sognare insieme il sogno del Padre &#8211; Exaudi<\/title>\n<meta name=\"description\" content=\"Sognare insieme il sogno del Padre, tutti insieme come fratelli. A un anno dalla pubblicazione il punto sull&#039;enciclica Fratelli Tutti di Papa Francesco\" \/>\n<meta name=\"robots\" content=\"index, follow, max-snippet:-1, max-image-preview:large, max-video-preview:-1\" \/>\n<link rel=\"canonical\" href=\"https:\/\/exaudi.org\/it\/sognare-insieme-il-sogno-del-padre\/\" \/>\n<meta property=\"og:locale\" content=\"it_IT\" \/>\n<meta property=\"og:type\" content=\"article\" \/>\n<meta property=\"og:title\" content=\"Sognare insieme il sogno del Padre &#8211; Exaudi\" \/>\n<meta property=\"og:description\" content=\"Sognare insieme il sogno del Padre, tutti insieme come fratelli. A un anno dalla pubblicazione il punto sull&#039;enciclica Fratelli Tutti di Papa Francesco\" \/>\n<meta property=\"og:url\" content=\"https:\/\/exaudi.org\/it\/sognare-insieme-il-sogno-del-padre\/\" \/>\n<meta property=\"og:site_name\" content=\"Exaudi\" \/>\n<meta property=\"article:publisher\" content=\"https:\/\/www.facebook.com\/ExaudiNews\" \/>\n<meta property=\"article:published_time\" content=\"2021-10-01T05:30:44+00:00\" \/>\n<meta property=\"og:image\" content=\"https:\/\/exaudi.org\/wp-content\/uploads\/2021\/09\/VM290921095816_0827.jpg\" \/>\n\t<meta property=\"og:image:width\" content=\"1900\" \/>\n\t<meta property=\"og:image:height\" content=\"1267\" \/>\n\t<meta property=\"og:image:type\" content=\"image\/jpeg\" \/>\n<meta name=\"author\" content=\"Mar\u00eda Elizabeth de los R\u00edos\" \/>\n<meta name=\"twitter:card\" content=\"summary_large_image\" \/>\n<meta name=\"twitter:creator\" content=\"@Exaudi_News\" \/>\n<meta name=\"twitter:site\" content=\"@Exaudi_News\" \/>\n<meta name=\"twitter:label1\" content=\"Scritto da\" \/>\n\t<meta name=\"twitter:data1\" content=\"Mar\u00eda Elizabeth de los R\u00edos\" \/>\n\t<meta name=\"twitter:label2\" content=\"Tempo di lettura stimato\" \/>\n\t<meta name=\"twitter:data2\" content=\"5 minuti\" \/>\n<script type=\"application\/ld+json\" class=\"yoast-schema-graph\">{\"@context\":\"https:\\\/\\\/schema.org\",\"@graph\":[{\"@type\":\"Article\",\"@id\":\"https:\\\/\\\/exaudi.org\\\/it\\\/sognare-insieme-il-sogno-del-padre\\\/#article\",\"isPartOf\":{\"@id\":\"https:\\\/\\\/exaudi.org\\\/it\\\/sognare-insieme-il-sogno-del-padre\\\/\"},\"author\":{\"name\":\"Mar\u00eda Elizabeth de los R\u00edos\",\"@id\":\"https:\\\/\\\/exaudi.org\\\/#\\\/schema\\\/person\\\/596d1ef0c89a7ba901ad973cd653de32\"},\"headline\":\"Sognare insieme il sogno del Padre\",\"datePublished\":\"2021-10-01T05:30:44+00:00\",\"mainEntityOfPage\":{\"@id\":\"https:\\\/\\\/exaudi.org\\\/it\\\/sognare-insieme-il-sogno-del-padre\\\/\"},\"wordCount\":1040,\"image\":{\"@id\":\"https:\\\/\\\/exaudi.org\\\/it\\\/sognare-insieme-il-sogno-del-padre\\\/#primaryimage\"},\"thumbnailUrl\":\"https:\\\/\\\/exaudi.org\\\/wp-content\\\/uploads\\\/2021\\\/09\\\/VM290921095816_0827.jpg\",\"keywords\":[\"Fratelli Tutti\",\"fraternit\u00e0\",\"pandemia\",\"Papa Francesco\",\"solidariet\u00e0\"],\"articleSection\":[\"Top Ultime Notizie\",\"Ultime Notizie\",\"Voci\"],\"inLanguage\":\"it-IT\"},{\"@type\":\"WebPage\",\"@id\":\"https:\\\/\\\/exaudi.org\\\/it\\\/sognare-insieme-il-sogno-del-padre\\\/\",\"url\":\"https:\\\/\\\/exaudi.org\\\/it\\\/sognare-insieme-il-sogno-del-padre\\\/\",\"name\":\"Sognare insieme il sogno del Padre &#8211; Exaudi\",\"isPartOf\":{\"@id\":\"https:\\\/\\\/exaudi.org\\\/#website\"},\"primaryImageOfPage\":{\"@id\":\"https:\\\/\\\/exaudi.org\\\/it\\\/sognare-insieme-il-sogno-del-padre\\\/#primaryimage\"},\"image\":{\"@id\":\"https:\\\/\\\/exaudi.org\\\/it\\\/sognare-insieme-il-sogno-del-padre\\\/#primaryimage\"},\"thumbnailUrl\":\"https:\\\/\\\/exaudi.org\\\/wp-content\\\/uploads\\\/2021\\\/09\\\/VM290921095816_0827.jpg\",\"datePublished\":\"2021-10-01T05:30:44+00:00\",\"author\":{\"@id\":\"https:\\\/\\\/exaudi.org\\\/#\\\/schema\\\/person\\\/596d1ef0c89a7ba901ad973cd653de32\"},\"description\":\"Sognare insieme il sogno del Padre, tutti insieme come fratelli. A un anno dalla pubblicazione il punto sull'enciclica Fratelli Tutti di Papa Francesco\",\"breadcrumb\":{\"@id\":\"https:\\\/\\\/exaudi.org\\\/it\\\/sognare-insieme-il-sogno-del-padre\\\/#breadcrumb\"},\"inLanguage\":\"it-IT\",\"potentialAction\":[{\"@type\":\"ReadAction\",\"target\":[\"https:\\\/\\\/exaudi.org\\\/it\\\/sognare-insieme-il-sogno-del-padre\\\/\"]}]},{\"@type\":\"ImageObject\",\"inLanguage\":\"it-IT\",\"@id\":\"https:\\\/\\\/exaudi.org\\\/it\\\/sognare-insieme-il-sogno-del-padre\\\/#primaryimage\",\"url\":\"https:\\\/\\\/exaudi.org\\\/wp-content\\\/uploads\\\/2021\\\/09\\\/VM290921095816_0827.jpg\",\"contentUrl\":\"https:\\\/\\\/exaudi.org\\\/wp-content\\\/uploads\\\/2021\\\/09\\\/VM290921095816_0827.jpg\",\"width\":1900,\"height\":1267,\"caption\":\"(C) Vatican Media\"},{\"@type\":\"BreadcrumbList\",\"@id\":\"https:\\\/\\\/exaudi.org\\\/it\\\/sognare-insieme-il-sogno-del-padre\\\/#breadcrumb\",\"itemListElement\":[{\"@type\":\"ListItem\",\"position\":1,\"name\":\"Portada\",\"item\":\"https:\\\/\\\/exaudi.org\\\/it\\\/\"},{\"@type\":\"ListItem\",\"position\":2,\"name\":\"Sognare insieme il sogno del Padre\"}]},{\"@type\":\"WebSite\",\"@id\":\"https:\\\/\\\/exaudi.org\\\/#website\",\"url\":\"https:\\\/\\\/exaudi.org\\\/\",\"name\":\"Exaudi\",\"description\":\"News\",\"potentialAction\":[{\"@type\":\"SearchAction\",\"target\":{\"@type\":\"EntryPoint\",\"urlTemplate\":\"https:\\\/\\\/exaudi.org\\\/?s={search_term_string}\"},\"query-input\":{\"@type\":\"PropertyValueSpecification\",\"valueRequired\":true,\"valueName\":\"search_term_string\"}}],\"inLanguage\":\"it-IT\"},{\"@type\":\"Person\",\"@id\":\"https:\\\/\\\/exaudi.org\\\/#\\\/schema\\\/person\\\/596d1ef0c89a7ba901ad973cd653de32\",\"name\":\"Mar\u00eda Elizabeth de los R\u00edos\",\"image\":{\"@type\":\"ImageObject\",\"inLanguage\":\"it-IT\",\"@id\":\"https:\\\/\\\/secure.gravatar.com\\\/avatar\\\/f553347e62c31310ccf05d7029ee08920c654f90d37757c786ac255d9c9d6e3a?s=96&d=mm&r=g\",\"url\":\"https:\\\/\\\/secure.gravatar.com\\\/avatar\\\/f553347e62c31310ccf05d7029ee08920c654f90d37757c786ac255d9c9d6e3a?s=96&d=mm&r=g\",\"contentUrl\":\"https:\\\/\\\/secure.gravatar.com\\\/avatar\\\/f553347e62c31310ccf05d7029ee08920c654f90d37757c786ac255d9c9d6e3a?s=96&d=mm&r=g\",\"caption\":\"Mar\u00eda Elizabeth de los R\u00edos\"},\"description\":\"Doctora en Filosof\u00eda por la Universidad Iberoamericana.Maestra en Bio\u00e9tica por la Universidad An\u00e1huac M\u00e9xico Norte. Licenciada en Filosof\u00eda por la Universidad Iberoamericana.T\u00e9cnico en Atenci\u00f3n M\u00e9dica Prehospitalaria por SUUMA A.C. Scholar research de la C\u00e1tedra UNESCO en Bio\u00e9tica y Derechos Humanos. Miembro de la Academia Nacional Mexicana de Bio\u00e9tica. Miembro y Secretaria general de la Academia Mexicana para el Di\u00e1logo Ciencia-Fe. Ha impartido clases en niveles licenciatura y posgrado en diversas Universidades. Cuenta con publicaciones en revistas acad\u00e9micas y de divulgaci\u00f3n tanto nacionales como internacionales y es columnista invitado del peri\u00f3dico REFORMA. Actualmente es profesora investigadora de la Facultad de Bio\u00e9tica de la Universidad An\u00e1huac M\u00e9xico y Coordinadora de Investigaci\u00f3n en la misma Facultad.\",\"url\":\"https:\\\/\\\/exaudi.org\\\/it\\\/author\\\/mariaelizabethdelosrios\\\/\"}]}<\/script>\n<!-- \/ Yoast SEO plugin. -->","yoast_head_json":{"title":"Sognare insieme il sogno del Padre &#8211; Exaudi","description":"Sognare insieme il sogno del Padre, tutti insieme come fratelli. A un anno dalla pubblicazione il punto sull'enciclica Fratelli Tutti di Papa Francesco","robots":{"index":"index","follow":"follow","max-snippet":"max-snippet:-1","max-image-preview":"max-image-preview:large","max-video-preview":"max-video-preview:-1"},"canonical":"https:\/\/exaudi.org\/it\/sognare-insieme-il-sogno-del-padre\/","og_locale":"it_IT","og_type":"article","og_title":"Sognare insieme il sogno del Padre &#8211; Exaudi","og_description":"Sognare insieme il sogno del Padre, tutti insieme come fratelli. A un anno dalla pubblicazione il punto sull'enciclica Fratelli Tutti di Papa Francesco","og_url":"https:\/\/exaudi.org\/it\/sognare-insieme-il-sogno-del-padre\/","og_site_name":"Exaudi","article_publisher":"https:\/\/www.facebook.com\/ExaudiNews","article_published_time":"2021-10-01T05:30:44+00:00","og_image":[{"width":1900,"height":1267,"url":"https:\/\/exaudi.org\/wp-content\/uploads\/2021\/09\/VM290921095816_0827.jpg","type":"image\/jpeg"}],"author":"Mar\u00eda Elizabeth de los R\u00edos","twitter_card":"summary_large_image","twitter_creator":"@Exaudi_News","twitter_site":"@Exaudi_News","twitter_misc":{"Scritto da":"Mar\u00eda Elizabeth de los R\u00edos","Tempo di lettura stimato":"5 minuti"},"schema":{"@context":"https:\/\/schema.org","@graph":[{"@type":"Article","@id":"https:\/\/exaudi.org\/it\/sognare-insieme-il-sogno-del-padre\/#article","isPartOf":{"@id":"https:\/\/exaudi.org\/it\/sognare-insieme-il-sogno-del-padre\/"},"author":{"name":"Mar\u00eda Elizabeth de los R\u00edos","@id":"https:\/\/exaudi.org\/#\/schema\/person\/596d1ef0c89a7ba901ad973cd653de32"},"headline":"Sognare insieme il sogno del Padre","datePublished":"2021-10-01T05:30:44+00:00","mainEntityOfPage":{"@id":"https:\/\/exaudi.org\/it\/sognare-insieme-il-sogno-del-padre\/"},"wordCount":1040,"image":{"@id":"https:\/\/exaudi.org\/it\/sognare-insieme-il-sogno-del-padre\/#primaryimage"},"thumbnailUrl":"https:\/\/exaudi.org\/wp-content\/uploads\/2021\/09\/VM290921095816_0827.jpg","keywords":["Fratelli Tutti","fraternit\u00e0","pandemia","Papa Francesco","solidariet\u00e0"],"articleSection":["Top Ultime Notizie","Ultime Notizie","Voci"],"inLanguage":"it-IT"},{"@type":"WebPage","@id":"https:\/\/exaudi.org\/it\/sognare-insieme-il-sogno-del-padre\/","url":"https:\/\/exaudi.org\/it\/sognare-insieme-il-sogno-del-padre\/","name":"Sognare insieme il sogno del Padre &#8211; Exaudi","isPartOf":{"@id":"https:\/\/exaudi.org\/#website"},"primaryImageOfPage":{"@id":"https:\/\/exaudi.org\/it\/sognare-insieme-il-sogno-del-padre\/#primaryimage"},"image":{"@id":"https:\/\/exaudi.org\/it\/sognare-insieme-il-sogno-del-padre\/#primaryimage"},"thumbnailUrl":"https:\/\/exaudi.org\/wp-content\/uploads\/2021\/09\/VM290921095816_0827.jpg","datePublished":"2021-10-01T05:30:44+00:00","author":{"@id":"https:\/\/exaudi.org\/#\/schema\/person\/596d1ef0c89a7ba901ad973cd653de32"},"description":"Sognare insieme il sogno del Padre, tutti insieme come fratelli. A un anno dalla pubblicazione il punto sull'enciclica Fratelli Tutti di Papa Francesco","breadcrumb":{"@id":"https:\/\/exaudi.org\/it\/sognare-insieme-il-sogno-del-padre\/#breadcrumb"},"inLanguage":"it-IT","potentialAction":[{"@type":"ReadAction","target":["https:\/\/exaudi.org\/it\/sognare-insieme-il-sogno-del-padre\/"]}]},{"@type":"ImageObject","inLanguage":"it-IT","@id":"https:\/\/exaudi.org\/it\/sognare-insieme-il-sogno-del-padre\/#primaryimage","url":"https:\/\/exaudi.org\/wp-content\/uploads\/2021\/09\/VM290921095816_0827.jpg","contentUrl":"https:\/\/exaudi.org\/wp-content\/uploads\/2021\/09\/VM290921095816_0827.jpg","width":1900,"height":1267,"caption":"(C) Vatican Media"},{"@type":"BreadcrumbList","@id":"https:\/\/exaudi.org\/it\/sognare-insieme-il-sogno-del-padre\/#breadcrumb","itemListElement":[{"@type":"ListItem","position":1,"name":"Portada","item":"https:\/\/exaudi.org\/it\/"},{"@type":"ListItem","position":2,"name":"Sognare insieme il sogno del Padre"}]},{"@type":"WebSite","@id":"https:\/\/exaudi.org\/#website","url":"https:\/\/exaudi.org\/","name":"Exaudi","description":"News","potentialAction":[{"@type":"SearchAction","target":{"@type":"EntryPoint","urlTemplate":"https:\/\/exaudi.org\/?s={search_term_string}"},"query-input":{"@type":"PropertyValueSpecification","valueRequired":true,"valueName":"search_term_string"}}],"inLanguage":"it-IT"},{"@type":"Person","@id":"https:\/\/exaudi.org\/#\/schema\/person\/596d1ef0c89a7ba901ad973cd653de32","name":"Mar\u00eda Elizabeth de los R\u00edos","image":{"@type":"ImageObject","inLanguage":"it-IT","@id":"https:\/\/secure.gravatar.com\/avatar\/f553347e62c31310ccf05d7029ee08920c654f90d37757c786ac255d9c9d6e3a?s=96&d=mm&r=g","url":"https:\/\/secure.gravatar.com\/avatar\/f553347e62c31310ccf05d7029ee08920c654f90d37757c786ac255d9c9d6e3a?s=96&d=mm&r=g","contentUrl":"https:\/\/secure.gravatar.com\/avatar\/f553347e62c31310ccf05d7029ee08920c654f90d37757c786ac255d9c9d6e3a?s=96&d=mm&r=g","caption":"Mar\u00eda Elizabeth de los R\u00edos"},"description":"Doctora en Filosof\u00eda por la Universidad Iberoamericana.Maestra en Bio\u00e9tica por la Universidad An\u00e1huac M\u00e9xico Norte. Licenciada en Filosof\u00eda por la Universidad Iberoamericana.T\u00e9cnico en Atenci\u00f3n M\u00e9dica Prehospitalaria por SUUMA A.C. Scholar research de la C\u00e1tedra UNESCO en Bio\u00e9tica y Derechos Humanos. Miembro de la Academia Nacional Mexicana de Bio\u00e9tica. Miembro y Secretaria general de la Academia Mexicana para el Di\u00e1logo Ciencia-Fe. Ha impartido clases en niveles licenciatura y posgrado en diversas Universidades. Cuenta con publicaciones en revistas acad\u00e9micas y de divulgaci\u00f3n tanto nacionales como internacionales y es columnista invitado del peri\u00f3dico REFORMA. Actualmente es profesora investigadora de la Facultad de Bio\u00e9tica de la Universidad An\u00e1huac M\u00e9xico y Coordinadora de Investigaci\u00f3n en la misma Facultad.","url":"https:\/\/exaudi.org\/it\/author\/mariaelizabethdelosrios\/"}]}},"jetpack_featured_media_url":"https:\/\/exaudi.org\/wp-content\/uploads\/2021\/09\/VM290921095816_0827.jpg","jetpack_shortlink":"https:\/\/wp.me\/pgKjF2-97z","_links":{"self":[{"href":"https:\/\/exaudi.org\/it\/wp-json\/wp\/v2\/posts\/35065","targetHints":{"allow":["GET"]}}],"collection":[{"href":"https:\/\/exaudi.org\/it\/wp-json\/wp\/v2\/posts"}],"about":[{"href":"https:\/\/exaudi.org\/it\/wp-json\/wp\/v2\/types\/post"}],"author":[{"embeddable":true,"href":"https:\/\/exaudi.org\/it\/wp-json\/wp\/v2\/users\/27"}],"replies":[{"embeddable":true,"href":"https:\/\/exaudi.org\/it\/wp-json\/wp\/v2\/comments?post=35065"}],"version-history":[{"count":0,"href":"https:\/\/exaudi.org\/it\/wp-json\/wp\/v2\/posts\/35065\/revisions"}],"wp:featuredmedia":[{"embeddable":true,"href":"https:\/\/exaudi.org\/it\/wp-json\/wp\/v2\/media\/35070"}],"wp:attachment":[{"href":"https:\/\/exaudi.org\/it\/wp-json\/wp\/v2\/media?parent=35065"}],"wp:term":[{"taxonomy":"category","embeddable":true,"href":"https:\/\/exaudi.org\/it\/wp-json\/wp\/v2\/categories?post=35065"},{"taxonomy":"post_tag","embeddable":true,"href":"https:\/\/exaudi.org\/it\/wp-json\/wp\/v2\/tags?post=35065"}],"curies":[{"name":"wp","href":"https:\/\/api.w.org\/{rel}","templated":true}]}}