{"id":34758,"date":"2021-09-27T16:37:00","date_gmt":"2021-09-27T14:37:00","guid":{"rendered":"https:\/\/exaudi.wpengine.com\/?p=34758"},"modified":"2021-09-27T16:37:00","modified_gmt":"2021-09-27T14:37:00","slug":"il-no-alla-guerra-e-la-cura-della-casa-comune","status":"publish","type":"post","link":"https:\/\/exaudi.org\/it\/il-no-alla-guerra-e-la-cura-della-casa-comune\/","title":{"rendered":"Il no alla guerra e la cura della casa comune"},"content":{"rendered":"<p>Ci sar\u00e0 anche Papa Francesco alla conclusione dell\u2019incontro internazionale \u201cPopoli fratelli, terra futura. Religioni e culture in dialogo\u201d, organizzato dalla Comunit\u00e0 di S. Egidio per il prossimo 6 e 7 ottobre. \u00c8 il 35\u00b0 incontro nello \u201cspirito di Assisi\u201d dopo la storica giornata voluta da S. Giovanni Paolo II nel 1986. Un incontro da cui emerger\u00e0 con forza la necessit\u00e0 di dire un no senza ambiguit\u00e0 alla guerra e l&#8217;impegno per la cura della casa comune. Dopo l\u2019edizione on line dello scorso anno a causa della pandemia, il convegno torna in presenza a Roma, sia pure con le restrizioni dovute al Covid, e si terr\u00e0 alla Nuvola, all\u2019Eur, mentre la conclusione \u00e8 in programma nel pomeriggio del 7 ottobre nel piazzale davanti al Colosseo.<\/p>\n<h4>I leader presenti<\/h4>\n<p>Ma la prestigiosa presenza del Papa non \u00e8 l\u2019unica. L\u2019evento \u00e8 stato presentato dal presidente della Comunit\u00e0, Marco Impagliazzo, che ha annunciato la partecipazione di molti leaders politici e religiosi. Ci saranno tra gli altri il fondatore di S. Egidio, Andrea Riccardi, il Grande Imam di Al Azar al Tayyeb, il Patriarca ecumenico di Costantinopoli, Bartolomeo, rappresentanti dell\u2019induismo e del buddismo mondiale. E ancora il presiedente della Conferenza dei rabbini europei Pinchas Goldschmdit e l\u2019arcivescovo di Canterbury, Justin Welby.<\/p>\n<p>Tra i politici da segnalare la presenza di Angela Merkel, del ministro per la tolleranza e la convivenza degli Emirati arabi ma anche di Jeffrey Sachs, consigliere del segretario dell\u2019Onu per i temi ambientali. Per l\u2019Italia sar\u00e0 presente la ministra dell\u2019Interno Lamorgese mentre non \u00e8 ancora confermata la presenza di Draghi all\u2019evento conclusivo.<\/p>\n<h4>Fraternit\u00e0 e cura dell\u2019ambiente<\/h4>\n<p>\u201cLo scorso anno il titolo era \u201cNessuno si salva da solo\u201d. Quello di quest\u2019anno intende aprire una prospettiva su un mondo che esce, almeno speriamo, dalla pandemia, grazie ai vaccini\u201d ha spiegato Impagliazzo. Due i temi principali di quest\u2019anno: \u201cLa fraternit\u00e0 universale richiamata dal Papa nella recente enciclica Fratelli tutti e quello dell\u2019ambiente, che ha un grosso riferimento in Laudato Si\u2019\u201d.<\/p>\n<p>Il denominatore comune resta comunque \u201cl\u2019incontro fra religioni che \u00e8 alla base dello spirito di Assisi. Quale pu\u00f2 essere il ruolo delle religioni? Perch\u00e9 un nuovo convegno?\u201d si \u00e8 chiesto Impagliazzo. \u201cC\u2019\u00e8 bisogno di incontrarsi, di riprendere i fili del discorso per immaginare insieme, anche attraverso i possibili scambi di opinione dietro le quinte, il futuro del mondo\u201d. E non solo su queste \u201cdue direttrici ma anche sul tema della pace\u201d.<\/p>\n<h4>La crisi afghana e il rifiuto della guerra<\/h4>\n<p>Su questo il leader di S. Egidio ha fatto un riferimento esplicito al \u201critiro dall\u2019Afghanistan che dimostra ancora una volta quello che diceva Giovanni Paolo II: la guerra \u00e8 un\u2019avventura senza ritorno, \u00e8 uno strumento obsoleto per risolvere la crisi internazionali. Nell\u201986 c\u2019era la guerra fredda, oggi il mondo \u00e8 cambiato ma il tema della pace e del dialogo resta centrale. L\u2019incontro vuole ascoltare il grido di pace che si alza da tanti popoli e incoraggiare gli operatori di pace presenti nel mondo a tanti livelli. Devono sentirsi incoraggiati da questa riunione di Roma per capire come per costruire la vera pace \u00e8 sempre necessario il dialogo. Vogliamo arrivare al superamento della guerra\u201d.<\/p>\n<p>Argomenti indirettamente collegati sono \u201cil disarmo, che sta a cuore al Papa ma anche a molte culture religiose dell\u2019Asia\u201d, la solidariet\u00e0, i rifugiati. \u201c\u00c8 tutto da scrivere, non \u00e8 tutto impacchettato, bisogner\u00e0 lavorare su ascolto e proposta. La presenza dei giovani ci sar\u00e0 di aiuto e di stimolo\u201d. La Nuvola potr\u00e0 ospitare fino a 2000 persone e sono attesi tanti\u00a0 giovani da tutta Europa. \u201cUna cosa \u00e8 certa \u2013 ha concluso Impagliazzo &#8211; Tornare indietro, a prima della pandemia, sarebbe gravissimo, porterebbe solo a nuove crisi e lacerazioni profonde nella vita dei popoli e delle persone. Bisogna andare avanti con idee nuove, con la solidariet\u00e0, la pace e il dialogo\u201d.<\/p>\n<h4>Invitati da 40 Paesi<\/h4>\n<p>Gli invitati al convegno vengono da circa 40 Paesi: \u201cAbbiamo doppiato il G20\u201d ha scherzato Impagliazzo. L\u2019assemblea di apertura dal titolo \u201cRicominciare insieme\u201d si terr\u00e0 nel pomeriggio del 6 ottobre. La mattina del 7, sempre alla Nuvola, sono previsti quattro forum tematici: Ritrovare il noi; La cura della casa comune; La pace \u00e8 possibile?; Il futuro che vogliamo, i giovani in dialogo. Previsti gli interventi di rappresentanti di varie religioni: un rabbino , un buddista, un metropolita ortodosso russo, un missionario argentino. Saranno relazioni brevi e poi chiunque avr\u00e0 la possibilit\u00e0 di partecipare al dibattito per rendere il convegno pi\u00f9 dinamico rispetto ai precedenti.<\/p>\n<h4>La conclusione al Colosseo<\/h4>\n<p>La cerimonia al Colosseo vedr\u00e0 due momenti: la preghiera per la pace, in cui ogni religione pregher\u00e0 separatamente. I cristiani lo faranno tutti insieme, una preghiera ecumenica con il commento della Scrittura affidata al Catholicos di tutti gli armeni Karekin II, alla presenza del Papa. Quindi la conclusione con vari interventi, tra cui quello di Angela Merkel. \u201c\u00c8 una donna simbolo di un\u2019Europa che ha saputo rispondere alla crisi del Covid riproponendo uno dei temi fondativi dell\u2019Unione che \u00e8 la solidariet\u00e0 \u2013 ha commentato Impagliazzo &#8211; Il Pnrr \u00e8 una grande scelta di solidariet\u00e0 europea, Merkel per anni \u00e8 stata leader di questa Europa, che ha tanti problemi a cominciare dalle migrazioni ma che ha saputo rispondere in maniera solidale alle esigenze dei cittadini colpiti dalla crisi economica e sociale della pandemia\u201d.<\/p>\n","protected":false},"excerpt":{"rendered":"<p>All\u2019incontro internazionale di S. Egidio \u201cPopoli fratelli, terra futura\u201d ci saranno il Papa, Angela Merkel e tanti leaders religiosi<\/p>\n","protected":false},"author":18,"featured_media":34759,"comment_status":"closed","ping_status":"closed","sticky":false,"template":"","format":"standard","meta":{"_acf_changed":false,"_crdt_document":"","inline_featured_image":false,"footnotes":""},"categories":[83,2157,297],"tags":[1885,2487,785,688,251,1463],"class_list":["post-34758","post","type-post","status-publish","format-standard","has-post-thumbnail","hentry","category-eventi-internazionali","category-top-ultime-notizie","category-ultime-notizie","tag-cura-del-creato","tag-featured-3","tag-guerra","tag-pace","tag-papa-francesco","tag-s-egidio"],"acf":[],"yoast_head":"<!-- This site is optimized with the Yoast SEO plugin v27.5 - https:\/\/yoast.com\/product\/yoast-seo-wordpress\/ -->\n<title>Il no alla guerra e la cura della casa comune &#8211; Exaudi<\/title>\n<meta name=\"description\" content=\"No alla guerra e cura della casa comune, nel segno della fratellanza. Sono i temi di fondo del convegno internazionale di S. Egidio che sar\u00e0 chiuso dal Papa\" \/>\n<meta name=\"robots\" content=\"index, follow, max-snippet:-1, max-image-preview:large, max-video-preview:-1\" \/>\n<link rel=\"canonical\" href=\"https:\/\/exaudi.org\/it\/il-no-alla-guerra-e-la-cura-della-casa-comune\/\" \/>\n<meta property=\"og:locale\" content=\"it_IT\" \/>\n<meta property=\"og:type\" content=\"article\" \/>\n<meta property=\"og:title\" content=\"Il no alla guerra e la cura della casa comune &#8211; Exaudi\" \/>\n<meta property=\"og:description\" content=\"No alla guerra e cura della casa comune, nel segno della fratellanza. Sono i temi di fondo del convegno internazionale di S. Egidio che sar\u00e0 chiuso dal Papa\" \/>\n<meta property=\"og:url\" content=\"https:\/\/exaudi.org\/it\/il-no-alla-guerra-e-la-cura-della-casa-comune\/\" \/>\n<meta property=\"og:site_name\" content=\"Exaudi\" \/>\n<meta property=\"article:publisher\" content=\"https:\/\/www.facebook.com\/ExaudiNews\" \/>\n<meta property=\"article:published_time\" content=\"2021-09-27T14:37:00+00:00\" \/>\n<meta property=\"og:image\" content=\"https:\/\/exaudi.org\/wp-content\/uploads\/2021\/09\/impagliazzo-1.jpg\" \/>\n\t<meta property=\"og:image:width\" content=\"1506\" \/>\n\t<meta property=\"og:image:height\" content=\"787\" \/>\n\t<meta property=\"og:image:type\" content=\"image\/jpeg\" \/>\n<meta name=\"author\" content=\"Andrea Acali\" \/>\n<meta name=\"twitter:card\" content=\"summary_large_image\" \/>\n<meta name=\"twitter:creator\" content=\"@Exaudi_News\" \/>\n<meta name=\"twitter:site\" content=\"@Exaudi_News\" \/>\n<meta name=\"twitter:label1\" content=\"Scritto da\" \/>\n\t<meta name=\"twitter:data1\" content=\"Andrea Acali\" \/>\n\t<meta name=\"twitter:label2\" content=\"Tempo di lettura stimato\" \/>\n\t<meta name=\"twitter:data2\" content=\"4 minuti\" \/>\n<script type=\"application\/ld+json\" class=\"yoast-schema-graph\">{\"@context\":\"https:\\\/\\\/schema.org\",\"@graph\":[{\"@type\":\"Article\",\"@id\":\"https:\\\/\\\/exaudi.org\\\/it\\\/il-no-alla-guerra-e-la-cura-della-casa-comune\\\/#article\",\"isPartOf\":{\"@id\":\"https:\\\/\\\/exaudi.org\\\/it\\\/il-no-alla-guerra-e-la-cura-della-casa-comune\\\/\"},\"author\":{\"name\":\"Andrea Acali\",\"@id\":\"https:\\\/\\\/exaudi.org\\\/#\\\/schema\\\/person\\\/127735be832481a6d3c410c5837bb61a\"},\"headline\":\"Il no alla guerra e la cura della casa comune\",\"datePublished\":\"2021-09-27T14:37:00+00:00\",\"mainEntityOfPage\":{\"@id\":\"https:\\\/\\\/exaudi.org\\\/it\\\/il-no-alla-guerra-e-la-cura-della-casa-comune\\\/\"},\"wordCount\":873,\"image\":{\"@id\":\"https:\\\/\\\/exaudi.org\\\/it\\\/il-no-alla-guerra-e-la-cura-della-casa-comune\\\/#primaryimage\"},\"thumbnailUrl\":\"https:\\\/\\\/exaudi.org\\\/wp-content\\\/uploads\\\/2021\\\/09\\\/impagliazzo-1.jpg\",\"keywords\":[\"cura del creato\",\"Featured\",\"guerra\",\"pace\",\"Papa Francesco\",\"S. Egidio\"],\"articleSection\":[\"Eventi internazionali\",\"Top Ultime Notizie\",\"Ultime Notizie\"],\"inLanguage\":\"it-IT\"},{\"@type\":\"WebPage\",\"@id\":\"https:\\\/\\\/exaudi.org\\\/it\\\/il-no-alla-guerra-e-la-cura-della-casa-comune\\\/\",\"url\":\"https:\\\/\\\/exaudi.org\\\/it\\\/il-no-alla-guerra-e-la-cura-della-casa-comune\\\/\",\"name\":\"Il no alla guerra e la cura della casa comune &#8211; Exaudi\",\"isPartOf\":{\"@id\":\"https:\\\/\\\/exaudi.org\\\/#website\"},\"primaryImageOfPage\":{\"@id\":\"https:\\\/\\\/exaudi.org\\\/it\\\/il-no-alla-guerra-e-la-cura-della-casa-comune\\\/#primaryimage\"},\"image\":{\"@id\":\"https:\\\/\\\/exaudi.org\\\/it\\\/il-no-alla-guerra-e-la-cura-della-casa-comune\\\/#primaryimage\"},\"thumbnailUrl\":\"https:\\\/\\\/exaudi.org\\\/wp-content\\\/uploads\\\/2021\\\/09\\\/impagliazzo-1.jpg\",\"datePublished\":\"2021-09-27T14:37:00+00:00\",\"author\":{\"@id\":\"https:\\\/\\\/exaudi.org\\\/#\\\/schema\\\/person\\\/127735be832481a6d3c410c5837bb61a\"},\"description\":\"No alla guerra e cura della casa comune, nel segno della fratellanza. Sono i temi di fondo del convegno internazionale di S. Egidio che sar\u00e0 chiuso dal Papa\",\"breadcrumb\":{\"@id\":\"https:\\\/\\\/exaudi.org\\\/it\\\/il-no-alla-guerra-e-la-cura-della-casa-comune\\\/#breadcrumb\"},\"inLanguage\":\"it-IT\",\"potentialAction\":[{\"@type\":\"ReadAction\",\"target\":[\"https:\\\/\\\/exaudi.org\\\/it\\\/il-no-alla-guerra-e-la-cura-della-casa-comune\\\/\"]}]},{\"@type\":\"ImageObject\",\"inLanguage\":\"it-IT\",\"@id\":\"https:\\\/\\\/exaudi.org\\\/it\\\/il-no-alla-guerra-e-la-cura-della-casa-comune\\\/#primaryimage\",\"url\":\"https:\\\/\\\/exaudi.org\\\/wp-content\\\/uploads\\\/2021\\\/09\\\/impagliazzo-1.jpg\",\"contentUrl\":\"https:\\\/\\\/exaudi.org\\\/wp-content\\\/uploads\\\/2021\\\/09\\\/impagliazzo-1.jpg\",\"width\":1506,\"height\":787,\"caption\":\"Marco Impagliazzo (C) Acali \\\/ Exaudi\"},{\"@type\":\"BreadcrumbList\",\"@id\":\"https:\\\/\\\/exaudi.org\\\/it\\\/il-no-alla-guerra-e-la-cura-della-casa-comune\\\/#breadcrumb\",\"itemListElement\":[{\"@type\":\"ListItem\",\"position\":1,\"name\":\"Portada\",\"item\":\"https:\\\/\\\/exaudi.org\\\/it\\\/\"},{\"@type\":\"ListItem\",\"position\":2,\"name\":\"Il no alla guerra e la cura della casa comune\"}]},{\"@type\":\"WebSite\",\"@id\":\"https:\\\/\\\/exaudi.org\\\/#website\",\"url\":\"https:\\\/\\\/exaudi.org\\\/\",\"name\":\"Exaudi\",\"description\":\"News\",\"potentialAction\":[{\"@type\":\"SearchAction\",\"target\":{\"@type\":\"EntryPoint\",\"urlTemplate\":\"https:\\\/\\\/exaudi.org\\\/?s={search_term_string}\"},\"query-input\":{\"@type\":\"PropertyValueSpecification\",\"valueRequired\":true,\"valueName\":\"search_term_string\"}}],\"inLanguage\":\"it-IT\"},{\"@type\":\"Person\",\"@id\":\"https:\\\/\\\/exaudi.org\\\/#\\\/schema\\\/person\\\/127735be832481a6d3c410c5837bb61a\",\"name\":\"Andrea Acali\",\"image\":{\"@type\":\"ImageObject\",\"inLanguage\":\"it-IT\",\"@id\":\"https:\\\/\\\/secure.gravatar.com\\\/avatar\\\/2abf8e528c4f8c571ab456e5ef9ac66b04b987863e3ab3fd9546150699bb9259?s=96&d=mm&r=g\",\"url\":\"https:\\\/\\\/secure.gravatar.com\\\/avatar\\\/2abf8e528c4f8c571ab456e5ef9ac66b04b987863e3ab3fd9546150699bb9259?s=96&d=mm&r=g\",\"contentUrl\":\"https:\\\/\\\/secure.gravatar.com\\\/avatar\\\/2abf8e528c4f8c571ab456e5ef9ac66b04b987863e3ab3fd9546150699bb9259?s=96&d=mm&r=g\",\"caption\":\"Andrea Acali\"},\"description\":\"Andrea Acali es un periodista y comunicador italiano con una larga trayectoria en el \u00e1mbito de la informaci\u00f3n religiosa, social y deportiva. Durante casi treinta a\u00f1os trabaj\u00f3 en el diario Il Tempo como vaticanista y jefe de secci\u00f3n, especializ\u00e1ndose en la cobertura de la actualidad del Vaticano y de la Iglesia cat\u00f3lica. Desde 2016 colabora como periodista web en RomaSette y tambi\u00e9n escribe para el peri\u00f3dico Avvenire. Desde 2019 ejerce como comunicador en la Delegazione della Generalitat de Catalunya in Italia, con sede en Roma, donde combina su experiencia period\u00edstica con la comunicaci\u00f3n institucional\",\"sameAs\":[\"https:\\\/\\\/www.linkedin.com\\\/in\\\/andrea-acali-505567125\\\/?originalSubdomain=it\"],\"url\":\"https:\\\/\\\/exaudi.org\\\/it\\\/author\\\/aacaliexaudi-org\\\/\"}]}<\/script>\n<!-- \/ Yoast SEO plugin. -->","yoast_head_json":{"title":"Il no alla guerra e la cura della casa comune &#8211; Exaudi","description":"No alla guerra e cura della casa comune, nel segno della fratellanza. Sono i temi di fondo del convegno internazionale di S. Egidio che sar\u00e0 chiuso dal Papa","robots":{"index":"index","follow":"follow","max-snippet":"max-snippet:-1","max-image-preview":"max-image-preview:large","max-video-preview":"max-video-preview:-1"},"canonical":"https:\/\/exaudi.org\/it\/il-no-alla-guerra-e-la-cura-della-casa-comune\/","og_locale":"it_IT","og_type":"article","og_title":"Il no alla guerra e la cura della casa comune &#8211; Exaudi","og_description":"No alla guerra e cura della casa comune, nel segno della fratellanza. Sono i temi di fondo del convegno internazionale di S. Egidio che sar\u00e0 chiuso dal Papa","og_url":"https:\/\/exaudi.org\/it\/il-no-alla-guerra-e-la-cura-della-casa-comune\/","og_site_name":"Exaudi","article_publisher":"https:\/\/www.facebook.com\/ExaudiNews","article_published_time":"2021-09-27T14:37:00+00:00","og_image":[{"width":1506,"height":787,"url":"https:\/\/exaudi.org\/wp-content\/uploads\/2021\/09\/impagliazzo-1.jpg","type":"image\/jpeg"}],"author":"Andrea Acali","twitter_card":"summary_large_image","twitter_creator":"@Exaudi_News","twitter_site":"@Exaudi_News","twitter_misc":{"Scritto da":"Andrea Acali","Tempo di lettura stimato":"4 minuti"},"schema":{"@context":"https:\/\/schema.org","@graph":[{"@type":"Article","@id":"https:\/\/exaudi.org\/it\/il-no-alla-guerra-e-la-cura-della-casa-comune\/#article","isPartOf":{"@id":"https:\/\/exaudi.org\/it\/il-no-alla-guerra-e-la-cura-della-casa-comune\/"},"author":{"name":"Andrea Acali","@id":"https:\/\/exaudi.org\/#\/schema\/person\/127735be832481a6d3c410c5837bb61a"},"headline":"Il no alla guerra e la cura della casa comune","datePublished":"2021-09-27T14:37:00+00:00","mainEntityOfPage":{"@id":"https:\/\/exaudi.org\/it\/il-no-alla-guerra-e-la-cura-della-casa-comune\/"},"wordCount":873,"image":{"@id":"https:\/\/exaudi.org\/it\/il-no-alla-guerra-e-la-cura-della-casa-comune\/#primaryimage"},"thumbnailUrl":"https:\/\/exaudi.org\/wp-content\/uploads\/2021\/09\/impagliazzo-1.jpg","keywords":["cura del creato","Featured","guerra","pace","Papa Francesco","S. Egidio"],"articleSection":["Eventi internazionali","Top Ultime Notizie","Ultime Notizie"],"inLanguage":"it-IT"},{"@type":"WebPage","@id":"https:\/\/exaudi.org\/it\/il-no-alla-guerra-e-la-cura-della-casa-comune\/","url":"https:\/\/exaudi.org\/it\/il-no-alla-guerra-e-la-cura-della-casa-comune\/","name":"Il no alla guerra e la cura della casa comune &#8211; Exaudi","isPartOf":{"@id":"https:\/\/exaudi.org\/#website"},"primaryImageOfPage":{"@id":"https:\/\/exaudi.org\/it\/il-no-alla-guerra-e-la-cura-della-casa-comune\/#primaryimage"},"image":{"@id":"https:\/\/exaudi.org\/it\/il-no-alla-guerra-e-la-cura-della-casa-comune\/#primaryimage"},"thumbnailUrl":"https:\/\/exaudi.org\/wp-content\/uploads\/2021\/09\/impagliazzo-1.jpg","datePublished":"2021-09-27T14:37:00+00:00","author":{"@id":"https:\/\/exaudi.org\/#\/schema\/person\/127735be832481a6d3c410c5837bb61a"},"description":"No alla guerra e cura della casa comune, nel segno della fratellanza. Sono i temi di fondo del convegno internazionale di S. Egidio che sar\u00e0 chiuso dal Papa","breadcrumb":{"@id":"https:\/\/exaudi.org\/it\/il-no-alla-guerra-e-la-cura-della-casa-comune\/#breadcrumb"},"inLanguage":"it-IT","potentialAction":[{"@type":"ReadAction","target":["https:\/\/exaudi.org\/it\/il-no-alla-guerra-e-la-cura-della-casa-comune\/"]}]},{"@type":"ImageObject","inLanguage":"it-IT","@id":"https:\/\/exaudi.org\/it\/il-no-alla-guerra-e-la-cura-della-casa-comune\/#primaryimage","url":"https:\/\/exaudi.org\/wp-content\/uploads\/2021\/09\/impagliazzo-1.jpg","contentUrl":"https:\/\/exaudi.org\/wp-content\/uploads\/2021\/09\/impagliazzo-1.jpg","width":1506,"height":787,"caption":"Marco Impagliazzo (C) Acali \/ Exaudi"},{"@type":"BreadcrumbList","@id":"https:\/\/exaudi.org\/it\/il-no-alla-guerra-e-la-cura-della-casa-comune\/#breadcrumb","itemListElement":[{"@type":"ListItem","position":1,"name":"Portada","item":"https:\/\/exaudi.org\/it\/"},{"@type":"ListItem","position":2,"name":"Il no alla guerra e la cura della casa comune"}]},{"@type":"WebSite","@id":"https:\/\/exaudi.org\/#website","url":"https:\/\/exaudi.org\/","name":"Exaudi","description":"News","potentialAction":[{"@type":"SearchAction","target":{"@type":"EntryPoint","urlTemplate":"https:\/\/exaudi.org\/?s={search_term_string}"},"query-input":{"@type":"PropertyValueSpecification","valueRequired":true,"valueName":"search_term_string"}}],"inLanguage":"it-IT"},{"@type":"Person","@id":"https:\/\/exaudi.org\/#\/schema\/person\/127735be832481a6d3c410c5837bb61a","name":"Andrea Acali","image":{"@type":"ImageObject","inLanguage":"it-IT","@id":"https:\/\/secure.gravatar.com\/avatar\/2abf8e528c4f8c571ab456e5ef9ac66b04b987863e3ab3fd9546150699bb9259?s=96&d=mm&r=g","url":"https:\/\/secure.gravatar.com\/avatar\/2abf8e528c4f8c571ab456e5ef9ac66b04b987863e3ab3fd9546150699bb9259?s=96&d=mm&r=g","contentUrl":"https:\/\/secure.gravatar.com\/avatar\/2abf8e528c4f8c571ab456e5ef9ac66b04b987863e3ab3fd9546150699bb9259?s=96&d=mm&r=g","caption":"Andrea Acali"},"description":"Andrea Acali es un periodista y comunicador italiano con una larga trayectoria en el \u00e1mbito de la informaci\u00f3n religiosa, social y deportiva. Durante casi treinta a\u00f1os trabaj\u00f3 en el diario Il Tempo como vaticanista y jefe de secci\u00f3n, especializ\u00e1ndose en la cobertura de la actualidad del Vaticano y de la Iglesia cat\u00f3lica. Desde 2016 colabora como periodista web en RomaSette y tambi\u00e9n escribe para el peri\u00f3dico Avvenire. Desde 2019 ejerce como comunicador en la Delegazione della Generalitat de Catalunya in Italia, con sede en Roma, donde combina su experiencia period\u00edstica con la comunicaci\u00f3n institucional","sameAs":["https:\/\/www.linkedin.com\/in\/andrea-acali-505567125\/?originalSubdomain=it"],"url":"https:\/\/exaudi.org\/it\/author\/aacaliexaudi-org\/"}]}},"jetpack_featured_media_url":"https:\/\/exaudi.org\/wp-content\/uploads\/2021\/09\/impagliazzo-1.jpg","jetpack_shortlink":"https:\/\/wp.me\/pgKjF2-92C","_links":{"self":[{"href":"https:\/\/exaudi.org\/it\/wp-json\/wp\/v2\/posts\/34758","targetHints":{"allow":["GET"]}}],"collection":[{"href":"https:\/\/exaudi.org\/it\/wp-json\/wp\/v2\/posts"}],"about":[{"href":"https:\/\/exaudi.org\/it\/wp-json\/wp\/v2\/types\/post"}],"author":[{"embeddable":true,"href":"https:\/\/exaudi.org\/it\/wp-json\/wp\/v2\/users\/18"}],"replies":[{"embeddable":true,"href":"https:\/\/exaudi.org\/it\/wp-json\/wp\/v2\/comments?post=34758"}],"version-history":[{"count":0,"href":"https:\/\/exaudi.org\/it\/wp-json\/wp\/v2\/posts\/34758\/revisions"}],"wp:featuredmedia":[{"embeddable":true,"href":"https:\/\/exaudi.org\/it\/wp-json\/wp\/v2\/media\/34759"}],"wp:attachment":[{"href":"https:\/\/exaudi.org\/it\/wp-json\/wp\/v2\/media?parent=34758"}],"wp:term":[{"taxonomy":"category","embeddable":true,"href":"https:\/\/exaudi.org\/it\/wp-json\/wp\/v2\/categories?post=34758"},{"taxonomy":"post_tag","embeddable":true,"href":"https:\/\/exaudi.org\/it\/wp-json\/wp\/v2\/tags?post=34758"}],"curies":[{"name":"wp","href":"https:\/\/api.w.org\/{rel}","templated":true}]}}