{"id":34594,"date":"2021-09-24T17:06:05","date_gmt":"2021-09-24T15:06:05","guid":{"rendered":"https:\/\/exaudi.wpengine.com\/?p=34594"},"modified":"2021-09-24T17:06:05","modified_gmt":"2021-09-24T15:06:05","slug":"la-famiglia-vincenziana-festeggia-il-fondatore","status":"publish","type":"post","link":"https:\/\/exaudi.org\/it\/la-famiglia-vincenziana-festeggia-il-fondatore\/","title":{"rendered":"La Famiglia Vincenziana festeggia il fondatore"},"content":{"rendered":"<p>Mese di settembre, mese vincenziano. Cos\u00ec padre Toma\u017e Mavri\u010d CM, Superiore Generale della Congregazione della Missione, definisce questo mese nel suo messaggio alla Famiglia Vincenziana in occasione della memoria liturgica di San Vincenzo de\u2019 Paoli il prossimo 27 settembre.<\/p>\n<h4>Il messaggio di padre Mavri\u010d<\/h4>\n<p>\u201cIl mese di settembre \u00e8 chiamato vincenziano perch\u00e9 noi, membri della Famiglia vincenziana di tutto il mondo, ci prepariamo a celebrare insieme la festa di San Vincenzo de Paoli con Eucaristie preparate accuratamente, liturgie della Parola e altri momenti di preghiera che impegnano tutti i rami della Famiglia vincenziana in una determinata Parrocchia, un paese, una citt\u00e0, una regione o una Nazione &#8211; spiega il Superiore Generale della Congregazione della Missione &#8211; Ci prepariamo, inoltre, a celebrare la festa con azioni concrete di servizio corporale e spirituale dei nostri Signori e Padroni\u201d.<\/p>\n<p>Parole di gratitudine e riconoscenza quelle di padre Mavri\u010d verso gli oltre 160 Rami che compongono la <a href=\"https:\/\/exaudi.wpengine.com\/it\/la-famiglia-vincenziana-si-riunisce-on-line\/\">Famiglia Vincenziana<\/a>. La creativit\u00e0 che da sempre contraddistingue la carit\u00e0 vincenziana, anche in questo periodo di grande difficolt\u00e0 e crisi per la pandemia, non si \u00e8 fatta cogliere impreparata.<\/p>\n<p>Nel suo messaggio il Superiore Generale elogia la capacit\u00e0 tecnologica che ognuno ha dovuto esercitare in questo periodo di \u201cdistanza\u201d fisica. Tuttavia, esorta, laddove possibile, a tornare ad incrociare lo sguardo dell\u2019altro, del fratello. Si tratta di riprendere a organizzare raduni ed incontri tanto indispensabili per poter proseguire insieme il cammino comune di movimento dedicato ai poveri.<\/p>\n<h4>Collaborazione tra i Rami della Famiglia<\/h4>\n<p>Tre gli inviti-esortazioni principali. Il primo \u00e8 il massimo coinvolgimento di tutti i Rami ai Consigli nazionali della Famiglia vincenziana nei 162 Paesi dove \u00e8 presente oggi. L\u2019appello \u00e8 quello alla collaborazione reciproca tra i Rami della Famiglia presente nei diversi Paesi. L\u2019obiettivo \u00e8 infatti s\u00ec quello del coinvolgimento, ma anche dell\u2019intensificazione di questi raduni affinch\u00e9 ci sia una stretta collaborazione ed uno scambio reciproco.<\/p>\n<h4>Una risposta efficace alle emergenze<\/h4>\n<p>Il secondo \u00e8 lo sviluppo di un sistema internazionale, nazionale, regionale e locale per rispondere il pi\u00f9 efficacemente possibile alle catastrofi naturali, alle guerre e ad altre calamit\u00e0. Non dunque come un ramo singolo, ma come Famiglia vincenziana tutt\u2019intera.<\/p>\n<h4>La campagna per i senza tetto<\/h4>\n<p>Infine, la promozione della Famvin Homless Alliance (FHA) e della campagna 13 Case all\u2019interno della Famiglia Vincenziana. E&#8217; un\u2019iniziativa caritativa che riunisce la Famiglia vincenziana e che, come tale, va promossa, introdotta ed estesa in tutti i Paesi in cui \u00e8 presente, in modo che nessuna Congregazione o associazione ne resti fuori.<\/p>\n<p>L\u2019obiettivo \u00e8 arrivare rapidamente al punto dove il problema dei senza dimora non viene affrontato individualmente ma come Famiglia a livello locale, nazionale e internazionale.<\/p>\n","protected":false},"excerpt":{"rendered":"<p>Il messaggio del superiore generale per la ricorrenza di San Vincenzo de\u2019 Paoli<\/p>\n","protected":false},"author":17,"featured_media":34597,"comment_status":"closed","ping_status":"closed","sticky":false,"template":"","format":"standard","meta":{"_acf_changed":false,"_crdt_document":"","inline_featured_image":false,"footnotes":""},"categories":[95,297],"tags":[1045,3593,1043],"class_list":["post-34594","post","type-post","status-publish","format-standard","has-post-thumbnail","hentry","category-spiritualita","category-ultime-notizie","tag-carita","tag-famiglia-vincenziana","tag-poveri"],"acf":[],"yoast_head":"<!-- This site is optimized with the Yoast SEO plugin v27.5 - https:\/\/yoast.com\/product\/yoast-seo-wordpress\/ -->\n<title>La Famiglia Vincenziana festeggia il fondatore &#8211; Exaudi<\/title>\n<meta name=\"description\" content=\"La Famiglia Vincenziana si appresta a vivere la festa del fondatore. Messaggio del superiore generale padre Toma\u017e Mavri\u010d che fissa tre obiettivi\" \/>\n<meta name=\"robots\" content=\"index, follow, max-snippet:-1, max-image-preview:large, max-video-preview:-1\" \/>\n<link rel=\"canonical\" href=\"https:\/\/exaudi.org\/it\/la-famiglia-vincenziana-festeggia-il-fondatore\/\" \/>\n<meta property=\"og:locale\" content=\"it_IT\" \/>\n<meta property=\"og:type\" content=\"article\" \/>\n<meta property=\"og:title\" content=\"La Famiglia Vincenziana festeggia il fondatore &#8211; Exaudi\" \/>\n<meta property=\"og:description\" content=\"La Famiglia Vincenziana si appresta a vivere la festa del fondatore. Messaggio del superiore generale padre Toma\u017e Mavri\u010d che fissa tre obiettivi\" \/>\n<meta property=\"og:url\" content=\"https:\/\/exaudi.org\/it\/la-famiglia-vincenziana-festeggia-il-fondatore\/\" \/>\n<meta property=\"og:site_name\" content=\"Exaudi\" \/>\n<meta property=\"article:publisher\" content=\"https:\/\/www.facebook.com\/ExaudiNews\" \/>\n<meta property=\"article:author\" content=\"https:\/\/www.facebook.com\/ExaudiNotizie\/\" \/>\n<meta property=\"article:published_time\" content=\"2021-09-24T15:06:05+00:00\" \/>\n<meta property=\"og:image\" content=\"https:\/\/exaudi.org\/wp-content\/uploads\/2021\/09\/Father-Tomaz-House-scaled.jpg\" \/>\n\t<meta property=\"og:image:width\" content=\"2560\" \/>\n\t<meta property=\"og:image:height\" content=\"1882\" \/>\n\t<meta property=\"og:image:type\" content=\"image\/jpeg\" \/>\n<meta name=\"author\" content=\"Exaudi Redazione\" \/>\n<meta name=\"twitter:card\" content=\"summary_large_image\" \/>\n<meta name=\"twitter:creator\" content=\"@Exaudi_Notizie\" \/>\n<meta name=\"twitter:site\" content=\"@Exaudi_News\" \/>\n<meta name=\"twitter:label1\" content=\"Scritto da\" \/>\n\t<meta name=\"twitter:data1\" content=\"Exaudi Redazione\" \/>\n\t<meta name=\"twitter:label2\" content=\"Tempo di lettura stimato\" \/>\n\t<meta name=\"twitter:data2\" content=\"2 minuti\" \/>\n<script type=\"application\/ld+json\" class=\"yoast-schema-graph\">{\"@context\":\"https:\\\/\\\/schema.org\",\"@graph\":[{\"@type\":\"Article\",\"@id\":\"https:\\\/\\\/exaudi.org\\\/it\\\/la-famiglia-vincenziana-festeggia-il-fondatore\\\/#article\",\"isPartOf\":{\"@id\":\"https:\\\/\\\/exaudi.org\\\/it\\\/la-famiglia-vincenziana-festeggia-il-fondatore\\\/\"},\"author\":{\"name\":\"Exaudi Redazione\",\"@id\":\"https:\\\/\\\/exaudi.org\\\/#\\\/schema\\\/person\\\/e1ab6ed07c01774724dd96f925f3a5f0\"},\"headline\":\"La Famiglia Vincenziana festeggia il fondatore\",\"datePublished\":\"2021-09-24T15:06:05+00:00\",\"mainEntityOfPage\":{\"@id\":\"https:\\\/\\\/exaudi.org\\\/it\\\/la-famiglia-vincenziana-festeggia-il-fondatore\\\/\"},\"wordCount\":438,\"image\":{\"@id\":\"https:\\\/\\\/exaudi.org\\\/it\\\/la-famiglia-vincenziana-festeggia-il-fondatore\\\/#primaryimage\"},\"thumbnailUrl\":\"https:\\\/\\\/exaudi.org\\\/wp-content\\\/uploads\\\/2021\\\/09\\\/Father-Tomaz-House-scaled.jpg\",\"keywords\":[\"carit\u00e0\",\"Famiglia vincenziana\",\"poveri\"],\"articleSection\":[\"Spiritualit\u00e0\",\"Ultime Notizie\"],\"inLanguage\":\"it-IT\"},{\"@type\":\"WebPage\",\"@id\":\"https:\\\/\\\/exaudi.org\\\/it\\\/la-famiglia-vincenziana-festeggia-il-fondatore\\\/\",\"url\":\"https:\\\/\\\/exaudi.org\\\/it\\\/la-famiglia-vincenziana-festeggia-il-fondatore\\\/\",\"name\":\"La Famiglia Vincenziana festeggia il fondatore &#8211; Exaudi\",\"isPartOf\":{\"@id\":\"https:\\\/\\\/exaudi.org\\\/#website\"},\"primaryImageOfPage\":{\"@id\":\"https:\\\/\\\/exaudi.org\\\/it\\\/la-famiglia-vincenziana-festeggia-il-fondatore\\\/#primaryimage\"},\"image\":{\"@id\":\"https:\\\/\\\/exaudi.org\\\/it\\\/la-famiglia-vincenziana-festeggia-il-fondatore\\\/#primaryimage\"},\"thumbnailUrl\":\"https:\\\/\\\/exaudi.org\\\/wp-content\\\/uploads\\\/2021\\\/09\\\/Father-Tomaz-House-scaled.jpg\",\"datePublished\":\"2021-09-24T15:06:05+00:00\",\"author\":{\"@id\":\"https:\\\/\\\/exaudi.org\\\/#\\\/schema\\\/person\\\/e1ab6ed07c01774724dd96f925f3a5f0\"},\"description\":\"La Famiglia Vincenziana si appresta a vivere la festa del fondatore. Messaggio del superiore generale padre Toma\u017e Mavri\u010d che fissa tre obiettivi\",\"breadcrumb\":{\"@id\":\"https:\\\/\\\/exaudi.org\\\/it\\\/la-famiglia-vincenziana-festeggia-il-fondatore\\\/#breadcrumb\"},\"inLanguage\":\"it-IT\",\"potentialAction\":[{\"@type\":\"ReadAction\",\"target\":[\"https:\\\/\\\/exaudi.org\\\/it\\\/la-famiglia-vincenziana-festeggia-il-fondatore\\\/\"]}]},{\"@type\":\"ImageObject\",\"inLanguage\":\"it-IT\",\"@id\":\"https:\\\/\\\/exaudi.org\\\/it\\\/la-famiglia-vincenziana-festeggia-il-fondatore\\\/#primaryimage\",\"url\":\"https:\\\/\\\/exaudi.org\\\/wp-content\\\/uploads\\\/2021\\\/09\\\/Father-Tomaz-House-scaled.jpg\",\"contentUrl\":\"https:\\\/\\\/exaudi.org\\\/wp-content\\\/uploads\\\/2021\\\/09\\\/Father-Tomaz-House-scaled.jpg\",\"width\":2560,\"height\":1882,\"caption\":\"Padre Toma\u017e Mavri\u010d CM ed il Vescovo di Caraguatatuba (Brasile) Jos\u00e9 Carlos Chacorowski CM\"},{\"@type\":\"BreadcrumbList\",\"@id\":\"https:\\\/\\\/exaudi.org\\\/it\\\/la-famiglia-vincenziana-festeggia-il-fondatore\\\/#breadcrumb\",\"itemListElement\":[{\"@type\":\"ListItem\",\"position\":1,\"name\":\"Portada\",\"item\":\"https:\\\/\\\/exaudi.org\\\/it\\\/\"},{\"@type\":\"ListItem\",\"position\":2,\"name\":\"La Famiglia Vincenziana festeggia il fondatore\"}]},{\"@type\":\"WebSite\",\"@id\":\"https:\\\/\\\/exaudi.org\\\/#website\",\"url\":\"https:\\\/\\\/exaudi.org\\\/\",\"name\":\"Exaudi\",\"description\":\"News\",\"potentialAction\":[{\"@type\":\"SearchAction\",\"target\":{\"@type\":\"EntryPoint\",\"urlTemplate\":\"https:\\\/\\\/exaudi.org\\\/?s={search_term_string}\"},\"query-input\":{\"@type\":\"PropertyValueSpecification\",\"valueRequired\":true,\"valueName\":\"search_term_string\"}}],\"inLanguage\":\"it-IT\"},{\"@type\":\"Person\",\"@id\":\"https:\\\/\\\/exaudi.org\\\/#\\\/schema\\\/person\\\/e1ab6ed07c01774724dd96f925f3a5f0\",\"name\":\"Exaudi Redazione\",\"image\":{\"@type\":\"ImageObject\",\"inLanguage\":\"it-IT\",\"@id\":\"https:\\\/\\\/secure.gravatar.com\\\/avatar\\\/ad6774b3ada023bf5b939d64f45c94b3adf91502dd883507d469b4308a943bb3?s=96&d=mm&r=g\",\"url\":\"https:\\\/\\\/secure.gravatar.com\\\/avatar\\\/ad6774b3ada023bf5b939d64f45c94b3adf91502dd883507d469b4308a943bb3?s=96&d=mm&r=g\",\"contentUrl\":\"https:\\\/\\\/secure.gravatar.com\\\/avatar\\\/ad6774b3ada023bf5b939d64f45c94b3adf91502dd883507d469b4308a943bb3?s=96&d=mm&r=g\",\"caption\":\"Exaudi Redazione\"},\"description\":\"Che cosa \u00e8 Exaudi News? Exaudi News \u00e8 un agenzia cattolica internazionale che informa, istruisce e trasforma quotidianamente in spagnolo, inglese e italiano. Attraverso notizie, articoli di analisi e trasmissioni in diretta degli eventi del Papa, Exaudi cerca di rafforzare l'unit\u00e0 dei cristiani e di contribuire all'evangelizzazione del mondo, sempre guidato dalla dottrina sociale della Chiesa. Lavoriamo per portare la verit\u00e0 e i valori cristiani in ogni angolo del pianeta. Aiutaci a trasformare il mondo con Exaudi! Noi di Exaudi crediamo che l'evangelizzazione e l'informazione di qualit\u00e0 possano cambiare la vita. Per continuare la nostra missione ed espandere la nostra portata, abbiamo bisogno del tuo aiuto. Stiamo anche cercando persone motivate che vogliano unirsi al nostro team. Grazie al vostro sostegno raggiungeremo pi\u00f9 persone, diffonderemo il messaggio di Cristo e rafforzeremo l'unit\u00e0 dei cristiani. Vuoi unirti alla nostra missione? Per maggiori informazioni su come contribuire, visita Exaudi.org\\\/it o contattaci direttamente: info@exaudi.org Exaudi: informa, forma e trasforma.\",\"sameAs\":[\"https:\\\/\\\/www.facebook.com\\\/ExaudiNotizie\\\/\",\"https:\\\/\\\/www.instagram.com\\\/Exaudi_notizie\\\/\",\"https:\\\/\\\/x.com\\\/Exaudi_Notizie\",\"https:\\\/\\\/www.youtube.com\\\/@exaudicatholicnews\"],\"url\":\"https:\\\/\\\/exaudi.org\\\/it\\\/author\\\/dlvedi-org\\\/\"}]}<\/script>\n<!-- \/ Yoast SEO plugin. -->","yoast_head_json":{"title":"La Famiglia Vincenziana festeggia il fondatore &#8211; Exaudi","description":"La Famiglia Vincenziana si appresta a vivere la festa del fondatore. Messaggio del superiore generale padre Toma\u017e Mavri\u010d che fissa tre obiettivi","robots":{"index":"index","follow":"follow","max-snippet":"max-snippet:-1","max-image-preview":"max-image-preview:large","max-video-preview":"max-video-preview:-1"},"canonical":"https:\/\/exaudi.org\/it\/la-famiglia-vincenziana-festeggia-il-fondatore\/","og_locale":"it_IT","og_type":"article","og_title":"La Famiglia Vincenziana festeggia il fondatore &#8211; Exaudi","og_description":"La Famiglia Vincenziana si appresta a vivere la festa del fondatore. Messaggio del superiore generale padre Toma\u017e Mavri\u010d che fissa tre obiettivi","og_url":"https:\/\/exaudi.org\/it\/la-famiglia-vincenziana-festeggia-il-fondatore\/","og_site_name":"Exaudi","article_publisher":"https:\/\/www.facebook.com\/ExaudiNews","article_author":"https:\/\/www.facebook.com\/ExaudiNotizie\/","article_published_time":"2021-09-24T15:06:05+00:00","og_image":[{"width":2560,"height":1882,"url":"https:\/\/exaudi.org\/wp-content\/uploads\/2021\/09\/Father-Tomaz-House-scaled.jpg","type":"image\/jpeg"}],"author":"Exaudi Redazione","twitter_card":"summary_large_image","twitter_creator":"@Exaudi_Notizie","twitter_site":"@Exaudi_News","twitter_misc":{"Scritto da":"Exaudi Redazione","Tempo di lettura stimato":"2 minuti"},"schema":{"@context":"https:\/\/schema.org","@graph":[{"@type":"Article","@id":"https:\/\/exaudi.org\/it\/la-famiglia-vincenziana-festeggia-il-fondatore\/#article","isPartOf":{"@id":"https:\/\/exaudi.org\/it\/la-famiglia-vincenziana-festeggia-il-fondatore\/"},"author":{"name":"Exaudi Redazione","@id":"https:\/\/exaudi.org\/#\/schema\/person\/e1ab6ed07c01774724dd96f925f3a5f0"},"headline":"La Famiglia Vincenziana festeggia il fondatore","datePublished":"2021-09-24T15:06:05+00:00","mainEntityOfPage":{"@id":"https:\/\/exaudi.org\/it\/la-famiglia-vincenziana-festeggia-il-fondatore\/"},"wordCount":438,"image":{"@id":"https:\/\/exaudi.org\/it\/la-famiglia-vincenziana-festeggia-il-fondatore\/#primaryimage"},"thumbnailUrl":"https:\/\/exaudi.org\/wp-content\/uploads\/2021\/09\/Father-Tomaz-House-scaled.jpg","keywords":["carit\u00e0","Famiglia vincenziana","poveri"],"articleSection":["Spiritualit\u00e0","Ultime Notizie"],"inLanguage":"it-IT"},{"@type":"WebPage","@id":"https:\/\/exaudi.org\/it\/la-famiglia-vincenziana-festeggia-il-fondatore\/","url":"https:\/\/exaudi.org\/it\/la-famiglia-vincenziana-festeggia-il-fondatore\/","name":"La Famiglia Vincenziana festeggia il fondatore &#8211; Exaudi","isPartOf":{"@id":"https:\/\/exaudi.org\/#website"},"primaryImageOfPage":{"@id":"https:\/\/exaudi.org\/it\/la-famiglia-vincenziana-festeggia-il-fondatore\/#primaryimage"},"image":{"@id":"https:\/\/exaudi.org\/it\/la-famiglia-vincenziana-festeggia-il-fondatore\/#primaryimage"},"thumbnailUrl":"https:\/\/exaudi.org\/wp-content\/uploads\/2021\/09\/Father-Tomaz-House-scaled.jpg","datePublished":"2021-09-24T15:06:05+00:00","author":{"@id":"https:\/\/exaudi.org\/#\/schema\/person\/e1ab6ed07c01774724dd96f925f3a5f0"},"description":"La Famiglia Vincenziana si appresta a vivere la festa del fondatore. Messaggio del superiore generale padre Toma\u017e Mavri\u010d che fissa tre obiettivi","breadcrumb":{"@id":"https:\/\/exaudi.org\/it\/la-famiglia-vincenziana-festeggia-il-fondatore\/#breadcrumb"},"inLanguage":"it-IT","potentialAction":[{"@type":"ReadAction","target":["https:\/\/exaudi.org\/it\/la-famiglia-vincenziana-festeggia-il-fondatore\/"]}]},{"@type":"ImageObject","inLanguage":"it-IT","@id":"https:\/\/exaudi.org\/it\/la-famiglia-vincenziana-festeggia-il-fondatore\/#primaryimage","url":"https:\/\/exaudi.org\/wp-content\/uploads\/2021\/09\/Father-Tomaz-House-scaled.jpg","contentUrl":"https:\/\/exaudi.org\/wp-content\/uploads\/2021\/09\/Father-Tomaz-House-scaled.jpg","width":2560,"height":1882,"caption":"Padre Toma\u017e Mavri\u010d CM ed il Vescovo di Caraguatatuba (Brasile) Jos\u00e9 Carlos Chacorowski CM"},{"@type":"BreadcrumbList","@id":"https:\/\/exaudi.org\/it\/la-famiglia-vincenziana-festeggia-il-fondatore\/#breadcrumb","itemListElement":[{"@type":"ListItem","position":1,"name":"Portada","item":"https:\/\/exaudi.org\/it\/"},{"@type":"ListItem","position":2,"name":"La Famiglia Vincenziana festeggia il fondatore"}]},{"@type":"WebSite","@id":"https:\/\/exaudi.org\/#website","url":"https:\/\/exaudi.org\/","name":"Exaudi","description":"News","potentialAction":[{"@type":"SearchAction","target":{"@type":"EntryPoint","urlTemplate":"https:\/\/exaudi.org\/?s={search_term_string}"},"query-input":{"@type":"PropertyValueSpecification","valueRequired":true,"valueName":"search_term_string"}}],"inLanguage":"it-IT"},{"@type":"Person","@id":"https:\/\/exaudi.org\/#\/schema\/person\/e1ab6ed07c01774724dd96f925f3a5f0","name":"Exaudi Redazione","image":{"@type":"ImageObject","inLanguage":"it-IT","@id":"https:\/\/secure.gravatar.com\/avatar\/ad6774b3ada023bf5b939d64f45c94b3adf91502dd883507d469b4308a943bb3?s=96&d=mm&r=g","url":"https:\/\/secure.gravatar.com\/avatar\/ad6774b3ada023bf5b939d64f45c94b3adf91502dd883507d469b4308a943bb3?s=96&d=mm&r=g","contentUrl":"https:\/\/secure.gravatar.com\/avatar\/ad6774b3ada023bf5b939d64f45c94b3adf91502dd883507d469b4308a943bb3?s=96&d=mm&r=g","caption":"Exaudi Redazione"},"description":"Che cosa \u00e8 Exaudi News? Exaudi News \u00e8 un agenzia cattolica internazionale che informa, istruisce e trasforma quotidianamente in spagnolo, inglese e italiano. Attraverso notizie, articoli di analisi e trasmissioni in diretta degli eventi del Papa, Exaudi cerca di rafforzare l'unit\u00e0 dei cristiani e di contribuire all'evangelizzazione del mondo, sempre guidato dalla dottrina sociale della Chiesa. Lavoriamo per portare la verit\u00e0 e i valori cristiani in ogni angolo del pianeta. Aiutaci a trasformare il mondo con Exaudi! Noi di Exaudi crediamo che l'evangelizzazione e l'informazione di qualit\u00e0 possano cambiare la vita. Per continuare la nostra missione ed espandere la nostra portata, abbiamo bisogno del tuo aiuto. Stiamo anche cercando persone motivate che vogliano unirsi al nostro team. Grazie al vostro sostegno raggiungeremo pi\u00f9 persone, diffonderemo il messaggio di Cristo e rafforzeremo l'unit\u00e0 dei cristiani. Vuoi unirti alla nostra missione? Per maggiori informazioni su come contribuire, visita Exaudi.org\/it o contattaci direttamente: info@exaudi.org Exaudi: informa, forma e trasforma.","sameAs":["https:\/\/www.facebook.com\/ExaudiNotizie\/","https:\/\/www.instagram.com\/Exaudi_notizie\/","https:\/\/x.com\/Exaudi_Notizie","https:\/\/www.youtube.com\/@exaudicatholicnews"],"url":"https:\/\/exaudi.org\/it\/author\/dlvedi-org\/"}]}},"jetpack_featured_media_url":"https:\/\/exaudi.org\/wp-content\/uploads\/2021\/09\/Father-Tomaz-House-scaled.jpg","jetpack_shortlink":"https:\/\/wp.me\/pgKjF2-8ZY","_links":{"self":[{"href":"https:\/\/exaudi.org\/it\/wp-json\/wp\/v2\/posts\/34594","targetHints":{"allow":["GET"]}}],"collection":[{"href":"https:\/\/exaudi.org\/it\/wp-json\/wp\/v2\/posts"}],"about":[{"href":"https:\/\/exaudi.org\/it\/wp-json\/wp\/v2\/types\/post"}],"author":[{"embeddable":true,"href":"https:\/\/exaudi.org\/it\/wp-json\/wp\/v2\/users\/17"}],"replies":[{"embeddable":true,"href":"https:\/\/exaudi.org\/it\/wp-json\/wp\/v2\/comments?post=34594"}],"version-history":[{"count":0,"href":"https:\/\/exaudi.org\/it\/wp-json\/wp\/v2\/posts\/34594\/revisions"}],"wp:featuredmedia":[{"embeddable":true,"href":"https:\/\/exaudi.org\/it\/wp-json\/wp\/v2\/media\/34597"}],"wp:attachment":[{"href":"https:\/\/exaudi.org\/it\/wp-json\/wp\/v2\/media?parent=34594"}],"wp:term":[{"taxonomy":"category","embeddable":true,"href":"https:\/\/exaudi.org\/it\/wp-json\/wp\/v2\/categories?post=34594"},{"taxonomy":"post_tag","embeddable":true,"href":"https:\/\/exaudi.org\/it\/wp-json\/wp\/v2\/tags?post=34594"}],"curies":[{"name":"wp","href":"https:\/\/api.w.org\/{rel}","templated":true}]}}