{"id":34226,"date":"2021-09-23T07:30:28","date_gmt":"2021-09-23T05:30:28","guid":{"rendered":"https:\/\/exaudi.wpengine.com\/?p=34226"},"modified":"2021-09-23T09:27:06","modified_gmt":"2021-09-23T07:27:06","slug":"un-viaggio-in-bici-per-aiutare-a-salvare-il-mondo","status":"publish","type":"post","link":"https:\/\/exaudi.org\/it\/un-viaggio-in-bici-per-aiutare-a-salvare-il-mondo\/","title":{"rendered":"Un viaggio in bici per aiutare a salvare il mondo"},"content":{"rendered":"<p>Hai fatto qualcosa per salvare il mondo durante le tue vacanze estive? La maggior parte di noi probabilmente no. \u00c8 pi\u00f9 probabile che pensando alle vacanze estive tornino in mente il tempo trascorso in spiaggia, una baita nel Northwoods, o la lettura di quel libro che stiamo cercando di decifrare da mesi.\u00a0Yoram e Aaron Kannangara avevano un progetto diverso: viaggiare in bici da Amsterdam fino a Roma, pubblicando un <a href=\"https:\/\/www.instagram.com\/kannangaras_for_climate\/\">blog su Instagram<\/a> lungo il tragitto e diffondendo cos\u00ec la consapevolezza del cambiamento climatico in atto.<\/p>\n<h4>I figli dell\u2019ambasciatrice<\/h4>\n<p>Due settimane sui pedali, gomme sgonfie, muscoli doloranti e qualche livido: i due ciclisti hanno completato cos\u00ec il tipo di viaggio che la gran parte della gente intende fare ma che probabilmente non intraprender\u00e0 mai. Potete vedere tutti i loro post (sono una lettura divertente!) e vedere un sacco di belle foto sul loro blog. Se poi vi chiedete perch\u00e9 Exaudi dovrebbe interessarsi alle attivit\u00e0 estive di questo singolare duo, allora dobbiamo rivelarvi che si tratta dei figli di Caroline Weijers, ambasciatrice olandese presso la Santa Sede.<\/p>\n<p>La traversata dei fratelli Kannangara dall&#8217;Olanda all&#8217;Italia \u00e8 stata una risposta agli appelli lanciati da Papa Francesco, con coerenza, per la cura del creato. E&#8217; stato lui, \u00e8 noto, il primo papa a scrivere un&#8217;enciclica sull&#8217;ambiente. E le cronache giornalistiche ripetono \u2013 pur senza conferma ufficiale, per ora, da parte del Vaticano \u2013 che Francesco compir\u00e0 un breve a viaggio a Glasgow, in Scozia, per la COP 26, la conferenza mondiale delle Nazioni Unite sui cambiamenti climatici.<\/p>\n<p>Di seguito la testimonianza di Yoram Kannangara, il fratello maggiore, sul viaggio a Roma.<\/p>\n<h4>In bici da Amsterdam a Roma<\/h4>\n<p>Mi chiamo Yoram Kannangara, ho compiuto 30 anni durante il mio viaggio Amsterdam-Roma. Sono un consulente politico presso il Ministero della Giustizia e della Sicurezza olandese. Mio fratello, A\u00e4ron Kannangara, 26 anni, attualmente sta finendo il suo master in Informatica all&#8217;Universit\u00e0 di Leiden (ICT in Business and Public Sector).<\/p>\n<p>Sono partito da Amsterdam in bici lo scorso 14 agosto. Dato che mio fratello vive a l&#8217;Aia, sono passato a prenderlo e da l\u00ec abbiamo pedalato fino ad Anversa, in Belgio, il primo giorno. Il viaggio \u00e8 finito a Roma il 31 agosto scorso. Lo scopo del blog che abbiamo tenuto, dedicato al nostro viaggio e alle questioni del clima, era informare, esprimere le nostre preoccupazioni e documentare l&#8217;impatto che le nostre azioni individuali possono avere.<\/p>\n<h4>Affrontare i cambiamenti climatici<\/h4>\n<p>Ognuno dei prossimi tre decenni sar\u00e0 probabilmente il pi\u00f9 caldo mai registrato nella storia umana. Ulteriori prove di ci\u00f2 sono state appena fornite dal recente rapporto dell&#8217;IPCC (Intergovernmental Panel on Climate Change, \u201cGruppo intergovernativo sul cambiamento climatico\u201d). Non entrer\u00f2 nel dettaglio dei sintomi. E tuttavia c&#8217;\u00e8 bisogno che si parli di pi\u00f9, tra la gente, di cambiamenti climatici; che si parli non solo del fatto che sono un enorme problema, ma anche di come la societ\u00e0, i leader, la politica, il mondo degli affari e la gente stessa possano contribuire ad affrontarlo.<\/p>\n<figure id=\"attachment_34231\" aria-describedby=\"caption-attachment-34231\" style=\"width: 300px\" class=\"wp-caption alignleft\"><img loading=\"lazy\" decoding=\"async\" class=\"size-medium wp-image-34231\" src=\"https:\/\/exaudi.wpengine.com\/wp-content\/uploads\/2021\/09\/svizzera-300x238.jpg\" alt=\"\" width=\"300\" height=\"238\" srcset=\"https:\/\/exaudi.org\/wp-content\/uploads\/2021\/09\/svizzera-300x238.jpg 300w, https:\/\/exaudi.org\/wp-content\/uploads\/2021\/09\/svizzera-768x609.jpg 768w, https:\/\/exaudi.org\/wp-content\/uploads\/2021\/09\/svizzera-150x119.jpg 150w, https:\/\/exaudi.org\/wp-content\/uploads\/2021\/09\/svizzera-696x552.jpg 696w, https:\/\/exaudi.org\/wp-content\/uploads\/2021\/09\/svizzera-530x420.jpg 530w, https:\/\/exaudi.org\/wp-content\/uploads\/2021\/09\/svizzera.jpg 844w\" sizes=\"auto, (max-width: 300px) 100vw, 300px\" \/><figcaption id=\"caption-attachment-34231\" class=\"wp-caption-text\">I due fratelli in Svizzera (da Instagram)<\/figcaption><\/figure>\n<p>Cambiare \u00e8 qualcosa che raramente gode del consenso popolare, soprattutto quando significa una trasformazione della societ\u00e0 e certamente quando il cambiamento riguarda i nostri standard di vita, i nostri modi di vivere, ci\u00f2 su cui sono incentrati le nostre norme e i nostri valori, con cui siamo stati cresciuti. Eppure, dobbiamo cambiare il modo in cui ci spostiamo, ci alimentiamo, riscaldiamo (o raffreddiamo) le nostre case. Non dimentichiamo i vantaggi di questi cambiamenti!<\/p>\n<h4>Ognuno pu\u00f2 fare qualcosa<\/h4>\n<p>Solo per citarne alcuni: passando a una dieta prevalentemente vegetariana, osserviamo uno stile di vita pi\u00f9 sano. Isolando meglio le case, possiamo ridurre significativamente le nostre spese in energia a lungo termine. Rinunciando a viaggiare in aereo per andare in bici, io e mio fratello abbiamo avuto pi\u00f9 tempo di qualit\u00e0 e abbiamo vissuto una bella avventura. Riducendo la quantit\u00e0 di gas di scarico, forniamo un&#8217;aria pi\u00f9 pulita alle generazioni future, riducendo le loro probabilit\u00e0 di contrarre malattie. E questo \u00e8 solo uno della moltitudine di benefici!<\/p>\n<p>Ancora una volta, questi son solo alcuni esempi elementari di ci\u00f2 che la gente pu\u00f2 fare (o fare meno) per assumersi la propria responsabilit\u00e0 e accrescere la consapevolezza della situazione. Avviare un dibattito per lavorare insieme ad un obiettivo comune. Se ci limitiamo a puntare il dito contro gli altri per risolvere i nostri problemi nella vita, \u00e8 altamente improbabile che i problemi spariscano.<\/p>\n<p>Credo che questo sia tutto!<\/p>\n","protected":false},"excerpt":{"rendered":"<p>Yoram e Aaron Kannangara sperano di destare attenzione attorno al cambiamento climatico<\/p>\n","protected":false},"author":4,"featured_media":34228,"comment_status":"closed","ping_status":"closed","sticky":false,"template":"","format":"standard","meta":{"_acf_changed":false,"_crdt_document":"","inline_featured_image":false,"footnotes":""},"categories":[97,2157,297],"tags":[1327,4223,4221,4222],"class_list":["post-34226","post","type-post","status-publish","format-standard","has-post-thumbnail","hentry","category-testimoni","category-top-ultime-notizie","category-ultime-notizie","tag-ambiente","tag-bici","tag-cambiamenti-climatici","tag-stili-di-vita"],"acf":[],"yoast_head":"<!-- This site is optimized with the Yoast SEO plugin v27.4 - https:\/\/yoast.com\/product\/yoast-seo-wordpress\/ -->\n<title>Un viaggio in bici per aiutare a salvare il mondo &#8211; Exaudi<\/title>\n<meta name=\"description\" content=\"In bici da Amsterdam a Roma: il blog dei fratelli Kannangara, figli dell&#039;ambasciatrice olandese presso la S. Sede, per sensibilizzare sull&#039;ambiente\" \/>\n<meta name=\"robots\" content=\"index, follow, max-snippet:-1, max-image-preview:large, max-video-preview:-1\" \/>\n<link rel=\"canonical\" href=\"https:\/\/exaudi.org\/it\/un-viaggio-in-bici-per-aiutare-a-salvare-il-mondo\/\" \/>\n<meta property=\"og:locale\" content=\"it_IT\" \/>\n<meta property=\"og:type\" content=\"article\" \/>\n<meta property=\"og:title\" content=\"Un viaggio in bici per aiutare a salvare il mondo &#8211; Exaudi\" \/>\n<meta property=\"og:description\" content=\"In bici da Amsterdam a Roma: il blog dei fratelli Kannangara, figli dell&#039;ambasciatrice olandese presso la S. Sede, per sensibilizzare sull&#039;ambiente\" \/>\n<meta property=\"og:url\" content=\"https:\/\/exaudi.org\/it\/un-viaggio-in-bici-per-aiutare-a-salvare-il-mondo\/\" \/>\n<meta property=\"og:site_name\" content=\"Exaudi\" \/>\n<meta property=\"article:publisher\" content=\"https:\/\/www.facebook.com\/ExaudiNews\" \/>\n<meta property=\"article:published_time\" content=\"2021-09-23T05:30:28+00:00\" \/>\n<meta property=\"article:modified_time\" content=\"2021-09-23T07:27:06+00:00\" \/>\n<meta property=\"og:image\" content=\"https:\/\/exaudi.org\/wp-content\/uploads\/2021\/09\/kannangara.jpg\" \/>\n\t<meta property=\"og:image:width\" content=\"841\" \/>\n\t<meta property=\"og:image:height\" content=\"595\" \/>\n\t<meta property=\"og:image:type\" content=\"image\/jpeg\" \/>\n<meta name=\"author\" content=\"Jim Fair\" \/>\n<meta name=\"twitter:card\" content=\"summary_large_image\" \/>\n<meta name=\"twitter:creator\" content=\"@Exaudi_News\" \/>\n<meta name=\"twitter:site\" content=\"@Exaudi_News\" \/>\n<meta name=\"twitter:label1\" content=\"Scritto da\" \/>\n\t<meta name=\"twitter:data1\" content=\"Jim Fair\" \/>\n\t<meta name=\"twitter:label2\" content=\"Tempo di lettura stimato\" \/>\n\t<meta name=\"twitter:data2\" content=\"4 minuti\" \/>\n<script type=\"application\/ld+json\" class=\"yoast-schema-graph\">{\"@context\":\"https:\\\/\\\/schema.org\",\"@graph\":[{\"@type\":\"Article\",\"@id\":\"https:\\\/\\\/exaudi.org\\\/it\\\/un-viaggio-in-bici-per-aiutare-a-salvare-il-mondo\\\/#article\",\"isPartOf\":{\"@id\":\"https:\\\/\\\/exaudi.org\\\/it\\\/un-viaggio-in-bici-per-aiutare-a-salvare-il-mondo\\\/\"},\"author\":{\"name\":\"Jim Fair\",\"@id\":\"https:\\\/\\\/exaudi.org\\\/#\\\/schema\\\/person\\\/010bdf0d65f801cd06f263d9b37ae0f4\"},\"headline\":\"Un viaggio in bici per aiutare a salvare il mondo\",\"datePublished\":\"2021-09-23T05:30:28+00:00\",\"dateModified\":\"2021-09-23T07:27:06+00:00\",\"mainEntityOfPage\":{\"@id\":\"https:\\\/\\\/exaudi.org\\\/it\\\/un-viaggio-in-bici-per-aiutare-a-salvare-il-mondo\\\/\"},\"wordCount\":748,\"image\":{\"@id\":\"https:\\\/\\\/exaudi.org\\\/it\\\/un-viaggio-in-bici-per-aiutare-a-salvare-il-mondo\\\/#primaryimage\"},\"thumbnailUrl\":\"https:\\\/\\\/exaudi.org\\\/wp-content\\\/uploads\\\/2021\\\/09\\\/kannangara.jpg\",\"keywords\":[\"ambiente\",\"bici\",\"cambiamenti climatici\",\"stili di vita\"],\"articleSection\":[\"Testimoni\",\"Top Ultime Notizie\",\"Ultime Notizie\"],\"inLanguage\":\"it-IT\"},{\"@type\":\"WebPage\",\"@id\":\"https:\\\/\\\/exaudi.org\\\/it\\\/un-viaggio-in-bici-per-aiutare-a-salvare-il-mondo\\\/\",\"url\":\"https:\\\/\\\/exaudi.org\\\/it\\\/un-viaggio-in-bici-per-aiutare-a-salvare-il-mondo\\\/\",\"name\":\"Un viaggio in bici per aiutare a salvare il mondo &#8211; Exaudi\",\"isPartOf\":{\"@id\":\"https:\\\/\\\/exaudi.org\\\/#website\"},\"primaryImageOfPage\":{\"@id\":\"https:\\\/\\\/exaudi.org\\\/it\\\/un-viaggio-in-bici-per-aiutare-a-salvare-il-mondo\\\/#primaryimage\"},\"image\":{\"@id\":\"https:\\\/\\\/exaudi.org\\\/it\\\/un-viaggio-in-bici-per-aiutare-a-salvare-il-mondo\\\/#primaryimage\"},\"thumbnailUrl\":\"https:\\\/\\\/exaudi.org\\\/wp-content\\\/uploads\\\/2021\\\/09\\\/kannangara.jpg\",\"datePublished\":\"2021-09-23T05:30:28+00:00\",\"dateModified\":\"2021-09-23T07:27:06+00:00\",\"author\":{\"@id\":\"https:\\\/\\\/exaudi.org\\\/#\\\/schema\\\/person\\\/010bdf0d65f801cd06f263d9b37ae0f4\"},\"description\":\"In bici da Amsterdam a Roma: il blog dei fratelli Kannangara, figli dell'ambasciatrice olandese presso la S. Sede, per sensibilizzare sull'ambiente\",\"breadcrumb\":{\"@id\":\"https:\\\/\\\/exaudi.org\\\/it\\\/un-viaggio-in-bici-per-aiutare-a-salvare-il-mondo\\\/#breadcrumb\"},\"inLanguage\":\"it-IT\",\"potentialAction\":[{\"@type\":\"ReadAction\",\"target\":[\"https:\\\/\\\/exaudi.org\\\/it\\\/un-viaggio-in-bici-per-aiutare-a-salvare-il-mondo\\\/\"]}]},{\"@type\":\"ImageObject\",\"inLanguage\":\"it-IT\",\"@id\":\"https:\\\/\\\/exaudi.org\\\/it\\\/un-viaggio-in-bici-per-aiutare-a-salvare-il-mondo\\\/#primaryimage\",\"url\":\"https:\\\/\\\/exaudi.org\\\/wp-content\\\/uploads\\\/2021\\\/09\\\/kannangara.jpg\",\"contentUrl\":\"https:\\\/\\\/exaudi.org\\\/wp-content\\\/uploads\\\/2021\\\/09\\\/kannangara.jpg\",\"width\":841,\"height\":595,\"caption\":\"I fratelli Kannangara e due amici a San Pietro (da Instagram)\"},{\"@type\":\"BreadcrumbList\",\"@id\":\"https:\\\/\\\/exaudi.org\\\/it\\\/un-viaggio-in-bici-per-aiutare-a-salvare-il-mondo\\\/#breadcrumb\",\"itemListElement\":[{\"@type\":\"ListItem\",\"position\":1,\"name\":\"Portada\",\"item\":\"https:\\\/\\\/exaudi.org\\\/it\\\/\"},{\"@type\":\"ListItem\",\"position\":2,\"name\":\"Un viaggio in bici per aiutare a salvare il mondo\"}]},{\"@type\":\"WebSite\",\"@id\":\"https:\\\/\\\/exaudi.org\\\/#website\",\"url\":\"https:\\\/\\\/exaudi.org\\\/\",\"name\":\"Exaudi\",\"description\":\"News\",\"potentialAction\":[{\"@type\":\"SearchAction\",\"target\":{\"@type\":\"EntryPoint\",\"urlTemplate\":\"https:\\\/\\\/exaudi.org\\\/?s={search_term_string}\"},\"query-input\":{\"@type\":\"PropertyValueSpecification\",\"valueRequired\":true,\"valueName\":\"search_term_string\"}}],\"inLanguage\":\"it-IT\"},{\"@type\":\"Person\",\"@id\":\"https:\\\/\\\/exaudi.org\\\/#\\\/schema\\\/person\\\/010bdf0d65f801cd06f263d9b37ae0f4\",\"name\":\"Jim Fair\",\"image\":{\"@type\":\"ImageObject\",\"inLanguage\":\"it-IT\",\"@id\":\"https:\\\/\\\/secure.gravatar.com\\\/avatar\\\/d9e9a2d31abad3e51c5d8f0279fc9b21b66199b8a85886455445ed562fd46934?s=96&d=mm&r=g\",\"url\":\"https:\\\/\\\/secure.gravatar.com\\\/avatar\\\/d9e9a2d31abad3e51c5d8f0279fc9b21b66199b8a85886455445ed562fd46934?s=96&d=mm&r=g\",\"contentUrl\":\"https:\\\/\\\/secure.gravatar.com\\\/avatar\\\/d9e9a2d31abad3e51c5d8f0279fc9b21b66199b8a85886455445ed562fd46934?s=96&d=mm&r=g\",\"caption\":\"Jim Fair\"},\"description\":\"Jim Fair has spent the past two decades as a communicator for Catholic organizations. He is a convert to the Catholic faith and is grateful to his wife, Charmaine, for her continuing efforts to save his soul. They have a son and daughter, both happily married, and four grandchildren. Before devoting his life full-time to things Catholic, Jim enjoyed a 23-year career in various communications roles for large corporations. Before that, he worked as a newspaper reporter, photographer, and editor. He has served as president of the Chicago Public Relations Forum, chairman of the American Petroleum Institute General Committee on Communications, and a fellow of Greater Leadership Chicago. He was a member of the founding committee of the chemical industry\u2019s Responsible Care Program. Jim is an active member of St. John Vianney Parish in Northlake, Illinois, where he chairs the finance council.\",\"url\":\"https:\\\/\\\/exaudi.org\\\/it\\\/author\\\/jfairexaudi-org\\\/\"}]}<\/script>\n<!-- \/ Yoast SEO plugin. -->","yoast_head_json":{"title":"Un viaggio in bici per aiutare a salvare il mondo &#8211; Exaudi","description":"In bici da Amsterdam a Roma: il blog dei fratelli Kannangara, figli dell'ambasciatrice olandese presso la S. Sede, per sensibilizzare sull'ambiente","robots":{"index":"index","follow":"follow","max-snippet":"max-snippet:-1","max-image-preview":"max-image-preview:large","max-video-preview":"max-video-preview:-1"},"canonical":"https:\/\/exaudi.org\/it\/un-viaggio-in-bici-per-aiutare-a-salvare-il-mondo\/","og_locale":"it_IT","og_type":"article","og_title":"Un viaggio in bici per aiutare a salvare il mondo &#8211; Exaudi","og_description":"In bici da Amsterdam a Roma: il blog dei fratelli Kannangara, figli dell'ambasciatrice olandese presso la S. Sede, per sensibilizzare sull'ambiente","og_url":"https:\/\/exaudi.org\/it\/un-viaggio-in-bici-per-aiutare-a-salvare-il-mondo\/","og_site_name":"Exaudi","article_publisher":"https:\/\/www.facebook.com\/ExaudiNews","article_published_time":"2021-09-23T05:30:28+00:00","article_modified_time":"2021-09-23T07:27:06+00:00","og_image":[{"width":841,"height":595,"url":"https:\/\/exaudi.org\/wp-content\/uploads\/2021\/09\/kannangara.jpg","type":"image\/jpeg"}],"author":"Jim Fair","twitter_card":"summary_large_image","twitter_creator":"@Exaudi_News","twitter_site":"@Exaudi_News","twitter_misc":{"Scritto da":"Jim Fair","Tempo di lettura stimato":"4 minuti"},"schema":{"@context":"https:\/\/schema.org","@graph":[{"@type":"Article","@id":"https:\/\/exaudi.org\/it\/un-viaggio-in-bici-per-aiutare-a-salvare-il-mondo\/#article","isPartOf":{"@id":"https:\/\/exaudi.org\/it\/un-viaggio-in-bici-per-aiutare-a-salvare-il-mondo\/"},"author":{"name":"Jim Fair","@id":"https:\/\/exaudi.org\/#\/schema\/person\/010bdf0d65f801cd06f263d9b37ae0f4"},"headline":"Un viaggio in bici per aiutare a salvare il mondo","datePublished":"2021-09-23T05:30:28+00:00","dateModified":"2021-09-23T07:27:06+00:00","mainEntityOfPage":{"@id":"https:\/\/exaudi.org\/it\/un-viaggio-in-bici-per-aiutare-a-salvare-il-mondo\/"},"wordCount":748,"image":{"@id":"https:\/\/exaudi.org\/it\/un-viaggio-in-bici-per-aiutare-a-salvare-il-mondo\/#primaryimage"},"thumbnailUrl":"https:\/\/exaudi.org\/wp-content\/uploads\/2021\/09\/kannangara.jpg","keywords":["ambiente","bici","cambiamenti climatici","stili di vita"],"articleSection":["Testimoni","Top Ultime Notizie","Ultime Notizie"],"inLanguage":"it-IT"},{"@type":"WebPage","@id":"https:\/\/exaudi.org\/it\/un-viaggio-in-bici-per-aiutare-a-salvare-il-mondo\/","url":"https:\/\/exaudi.org\/it\/un-viaggio-in-bici-per-aiutare-a-salvare-il-mondo\/","name":"Un viaggio in bici per aiutare a salvare il mondo &#8211; Exaudi","isPartOf":{"@id":"https:\/\/exaudi.org\/#website"},"primaryImageOfPage":{"@id":"https:\/\/exaudi.org\/it\/un-viaggio-in-bici-per-aiutare-a-salvare-il-mondo\/#primaryimage"},"image":{"@id":"https:\/\/exaudi.org\/it\/un-viaggio-in-bici-per-aiutare-a-salvare-il-mondo\/#primaryimage"},"thumbnailUrl":"https:\/\/exaudi.org\/wp-content\/uploads\/2021\/09\/kannangara.jpg","datePublished":"2021-09-23T05:30:28+00:00","dateModified":"2021-09-23T07:27:06+00:00","author":{"@id":"https:\/\/exaudi.org\/#\/schema\/person\/010bdf0d65f801cd06f263d9b37ae0f4"},"description":"In bici da Amsterdam a Roma: il blog dei fratelli Kannangara, figli dell'ambasciatrice olandese presso la S. Sede, per sensibilizzare sull'ambiente","breadcrumb":{"@id":"https:\/\/exaudi.org\/it\/un-viaggio-in-bici-per-aiutare-a-salvare-il-mondo\/#breadcrumb"},"inLanguage":"it-IT","potentialAction":[{"@type":"ReadAction","target":["https:\/\/exaudi.org\/it\/un-viaggio-in-bici-per-aiutare-a-salvare-il-mondo\/"]}]},{"@type":"ImageObject","inLanguage":"it-IT","@id":"https:\/\/exaudi.org\/it\/un-viaggio-in-bici-per-aiutare-a-salvare-il-mondo\/#primaryimage","url":"https:\/\/exaudi.org\/wp-content\/uploads\/2021\/09\/kannangara.jpg","contentUrl":"https:\/\/exaudi.org\/wp-content\/uploads\/2021\/09\/kannangara.jpg","width":841,"height":595,"caption":"I fratelli Kannangara e due amici a San Pietro (da Instagram)"},{"@type":"BreadcrumbList","@id":"https:\/\/exaudi.org\/it\/un-viaggio-in-bici-per-aiutare-a-salvare-il-mondo\/#breadcrumb","itemListElement":[{"@type":"ListItem","position":1,"name":"Portada","item":"https:\/\/exaudi.org\/it\/"},{"@type":"ListItem","position":2,"name":"Un viaggio in bici per aiutare a salvare il mondo"}]},{"@type":"WebSite","@id":"https:\/\/exaudi.org\/#website","url":"https:\/\/exaudi.org\/","name":"Exaudi","description":"News","potentialAction":[{"@type":"SearchAction","target":{"@type":"EntryPoint","urlTemplate":"https:\/\/exaudi.org\/?s={search_term_string}"},"query-input":{"@type":"PropertyValueSpecification","valueRequired":true,"valueName":"search_term_string"}}],"inLanguage":"it-IT"},{"@type":"Person","@id":"https:\/\/exaudi.org\/#\/schema\/person\/010bdf0d65f801cd06f263d9b37ae0f4","name":"Jim Fair","image":{"@type":"ImageObject","inLanguage":"it-IT","@id":"https:\/\/secure.gravatar.com\/avatar\/d9e9a2d31abad3e51c5d8f0279fc9b21b66199b8a85886455445ed562fd46934?s=96&d=mm&r=g","url":"https:\/\/secure.gravatar.com\/avatar\/d9e9a2d31abad3e51c5d8f0279fc9b21b66199b8a85886455445ed562fd46934?s=96&d=mm&r=g","contentUrl":"https:\/\/secure.gravatar.com\/avatar\/d9e9a2d31abad3e51c5d8f0279fc9b21b66199b8a85886455445ed562fd46934?s=96&d=mm&r=g","caption":"Jim Fair"},"description":"Jim Fair has spent the past two decades as a communicator for Catholic organizations. He is a convert to the Catholic faith and is grateful to his wife, Charmaine, for her continuing efforts to save his soul. They have a son and daughter, both happily married, and four grandchildren. Before devoting his life full-time to things Catholic, Jim enjoyed a 23-year career in various communications roles for large corporations. Before that, he worked as a newspaper reporter, photographer, and editor. He has served as president of the Chicago Public Relations Forum, chairman of the American Petroleum Institute General Committee on Communications, and a fellow of Greater Leadership Chicago. He was a member of the founding committee of the chemical industry\u2019s Responsible Care Program. Jim is an active member of St. John Vianney Parish in Northlake, Illinois, where he chairs the finance council.","url":"https:\/\/exaudi.org\/it\/author\/jfairexaudi-org\/"}]}},"jetpack_featured_media_url":"https:\/\/exaudi.org\/wp-content\/uploads\/2021\/09\/kannangara.jpg","jetpack_shortlink":"https:\/\/wp.me\/pgKjF2-8U2","_links":{"self":[{"href":"https:\/\/exaudi.org\/it\/wp-json\/wp\/v2\/posts\/34226","targetHints":{"allow":["GET"]}}],"collection":[{"href":"https:\/\/exaudi.org\/it\/wp-json\/wp\/v2\/posts"}],"about":[{"href":"https:\/\/exaudi.org\/it\/wp-json\/wp\/v2\/types\/post"}],"author":[{"embeddable":true,"href":"https:\/\/exaudi.org\/it\/wp-json\/wp\/v2\/users\/4"}],"replies":[{"embeddable":true,"href":"https:\/\/exaudi.org\/it\/wp-json\/wp\/v2\/comments?post=34226"}],"version-history":[{"count":0,"href":"https:\/\/exaudi.org\/it\/wp-json\/wp\/v2\/posts\/34226\/revisions"}],"wp:featuredmedia":[{"embeddable":true,"href":"https:\/\/exaudi.org\/it\/wp-json\/wp\/v2\/media\/34228"}],"wp:attachment":[{"href":"https:\/\/exaudi.org\/it\/wp-json\/wp\/v2\/media?parent=34226"}],"wp:term":[{"taxonomy":"category","embeddable":true,"href":"https:\/\/exaudi.org\/it\/wp-json\/wp\/v2\/categories?post=34226"},{"taxonomy":"post_tag","embeddable":true,"href":"https:\/\/exaudi.org\/it\/wp-json\/wp\/v2\/tags?post=34226"}],"curies":[{"name":"wp","href":"https:\/\/api.w.org\/{rel}","templated":true}]}}