{"id":33830,"date":"2021-09-17T07:30:33","date_gmt":"2021-09-17T05:30:33","guid":{"rendered":"https:\/\/exaudi.wpengine.com\/?p=33830"},"modified":"2021-09-20T16:14:17","modified_gmt":"2021-09-20T14:14:17","slug":"il-papa-invita-gli-slovacchi-a-mettersi-in-cammino-per-la-missione","status":"publish","type":"post","link":"https:\/\/exaudi.org\/it\/il-papa-invita-gli-slovacchi-a-mettersi-in-cammino-per-la-missione\/","title":{"rendered":"Il Papa invita gli slovacchi a &#8220;mettersi in cammino per la missione\u201d"},"content":{"rendered":"<p>Don Oscar ritiene che l&#8217;omelia di Papa Francesco nel santuario nazionale di \u0160a\u0161tin \u00e8 la miglior sintesi della sua visita in Slovacchia e di quello che chiede agli slovacchi: \u201cmettersi in cammino per la missione \u2013 una fede che si mette in cammino \u2013 essere profeti \u2013 senza mettersi contro \u2013 e compassione. Tre cose che ha applicato alla Vergine Maria\u201d.<\/p>\n<p>Il Santo Padre \u00e8 tornato da poco dal suo 34\u00b0 viaggio internazionale a Budapest, in Ungheria, per la conclusione del <a href=\"https:\/\/iec2020.hu\/it\">52\u00b0 Congresso eucaristico internazionale<\/a> il 12 settembre, e poi in Slovacchia, dove \u00e8 rimasto fino al 15 e ha visitato Bratislava Ko\u0161ice, Pre\u0161ov e \u0160a\u0161tin.<\/p>\n<h4>Festa della Madonna dei sette dolori<\/h4>\n<p>In questo paese, che fu visitato tre volte da San Giovanni Paolo II nel 1990, 1995 e 2003, Francesco ha avuto, tra gli altri, incontri con le comunit\u00e0 ebraica e rom, con giovani, sacerdoti, religiosi, seminaristi e catechisti e una Divina Liturgia bizantina. Francesco si \u00e8 recato anche al santuario di \u0160a\u0161tin, dove si trova la basilica della Madonna dei sette dolori, patrona della Slovacchia, per la celebrazione della Santa Messa sulla spianata della basilica, proprio nel giorno della sua festa, il 15 settembre.<\/p>\n<p>\u00c8 stato il momento centrale nel paese perch\u00e9 il Papa desiderava che la sua visita in Slovacchia fosse un pellegrinaggio di preghiera alla Madonna dei sette dolori, cos\u00ec importante per il popolo slovacco.<\/p>\n<p>Exaudi ha intervistato due persone che hanno assistito ad alcuni degli eventi di questo viaggio del Pontefice: don \u00d3scar Beorlegui, sacerdote spagnolo della Prelatura dell\u2019Opus Dei, che ha partecipato all&#8217;incontro del Papa con vescovi, sacerdoti, seminaristi, religiosi e catechisti il 13 e all\u2019Eucaristia di \u0160a\u0161tin; e Maruska Mikolasikova Borovska, comunicatrice e giovane madre di famiglia che ha assistito alla stessa Messa.<\/p>\n<h4>Preparazione del viaggio del Santo Padre<\/h4>\n<p>Don Oscar fu ordinato sacerdote nel 2008 e si trasfer\u00ec 10 anni fa a Bratislava, dove \u00e8 cappellano di una residenza universitaria. Inoltre, \u00e8 collaboratore nella cattedrale della capitale slovacca e assistente in un centro di cure palliative e in un collegio avviato tre anni fa.<\/p>\n<p>Sulla preparazione di questo viaggio, il sacerdote spiega che da una parte \u201csi \u00e8 fatta in maniera tradizionale, come si preparano i viaggi del Papa: con la preghiera. Si sono organizzate catene di preghiera, di rosari. Le parrocchie si sono mobilitate per pregare\u201d.<\/p>\n<figure id=\"attachment_33835\" aria-describedby=\"caption-attachment-33835\" style=\"width: 300px\" class=\"wp-caption alignleft\"><img loading=\"lazy\" decoding=\"async\" class=\"size-medium wp-image-33835\" src=\"https:\/\/exaudi.wpengine.com\/wp-content\/uploads\/2021\/09\/2.-D.-Oscar-con-chicos-eslovacos-\u00a9-Oscar-Beorlegui-300x225.jpeg\" alt=\"\" width=\"300\" height=\"225\" srcset=\"https:\/\/exaudi.org\/wp-content\/uploads\/2021\/09\/2.-D.-Oscar-con-chicos-eslovacos-\u00a9-Oscar-Beorlegui-300x225.jpeg 300w, https:\/\/exaudi.org\/wp-content\/uploads\/2021\/09\/2.-D.-Oscar-con-chicos-eslovacos-\u00a9-Oscar-Beorlegui-1024x768.jpeg 1024w, https:\/\/exaudi.org\/wp-content\/uploads\/2021\/09\/2.-D.-Oscar-con-chicos-eslovacos-\u00a9-Oscar-Beorlegui-768x576.jpeg 768w, https:\/\/exaudi.org\/wp-content\/uploads\/2021\/09\/2.-D.-Oscar-con-chicos-eslovacos-\u00a9-Oscar-Beorlegui-1536x1152.jpeg 1536w, https:\/\/exaudi.org\/wp-content\/uploads\/2021\/09\/2.-D.-Oscar-con-chicos-eslovacos-\u00a9-Oscar-Beorlegui-150x113.jpeg 150w, https:\/\/exaudi.org\/wp-content\/uploads\/2021\/09\/2.-D.-Oscar-con-chicos-eslovacos-\u00a9-Oscar-Beorlegui-696x522.jpeg 696w, https:\/\/exaudi.org\/wp-content\/uploads\/2021\/09\/2.-D.-Oscar-con-chicos-eslovacos-\u00a9-Oscar-Beorlegui-1068x801.jpeg 1068w, https:\/\/exaudi.org\/wp-content\/uploads\/2021\/09\/2.-D.-Oscar-con-chicos-eslovacos-\u00a9-Oscar-Beorlegui-560x420.jpeg 560w, https:\/\/exaudi.org\/wp-content\/uploads\/2021\/09\/2.-D.-Oscar-con-chicos-eslovacos-\u00a9-Oscar-Beorlegui-80x60.jpeg 80w, https:\/\/exaudi.org\/wp-content\/uploads\/2021\/09\/2.-D.-Oscar-con-chicos-eslovacos-\u00a9-Oscar-Beorlegui-265x198.jpeg 265w, https:\/\/exaudi.org\/wp-content\/uploads\/2021\/09\/2.-D.-Oscar-con-chicos-eslovacos-\u00a9-Oscar-Beorlegui.jpeg 1600w\" sizes=\"auto, (max-width: 300px) 100vw, 300px\" \/><figcaption id=\"caption-attachment-33835\" class=\"wp-caption-text\">D. \u00d3scar con alcuni ragazzi slovacchi \u00a9 \u00d3scar Beorlegui<\/figcaption><\/figure>\n<p>Dall&#8217;altro, continua, \u201cnon possiamo dimenticarci che siamo in tempi di pandemia. C&#8217;\u00e8 stata una difficolt\u00e0 aggiuntiva: il tema del vaccino. Il governo &#8211; che organizza il viaggio &#8211; ha deciso che potevano assistere agli eventi solo persone vaccinate\u201d.<\/p>\n<p>Questo \u201cha provocato una grande contestazione. Alla fine, sono stati ammessi vaccinati e non vaccinati ma con test o persone che avessero superato l&#8217;infezione di Covid. Grazie a Dio, questo ha consentito che si potessero registrare pi\u00f9 persone\u201d fino ad arrivare a circa 90.000.<\/p>\n<p>Nonostante questo, il problema \u00e8 che a causa della pandemia che continua \u201cci sono state molte restrizioni che hanno impedito a molti anziani di assistere. Un altro problema \u00e8 stato l&#8217;obbligo di registrazione per assistere ai diversi eventi con il Papa e questo ha complicato un po&#8217; le cose\u201d.<\/p>\n<p>In ogni caso, sottolinea che \u201cmano a mano che si avvicinavano i giorni della visita del Papa, grazie a Dio il numero dei partecipanti ai vari eventi \u00e8 cresciuto esponenzialmente\u201d.<\/p>\n<h4>La fede degli slovacchi<\/h4>\n<p>Sulla fede degli slovacchi, don Oscar riferisce che quando arrivi nel paese \u201cti rendi conto che si torna indietro nel tempo di alcuni anni. Non nel senso economico o culturale. In questo \u00e8 molto simile al resto dell&#8217;Europa\u201d. Invece, \u201csembra di tornare indietro di 40 anni, come se fossimo nella Spagna degli anni 60: lunghe code per confessarsi, la consuetudine dei primi venerd\u00ec del mese, le adorazioni eucaristiche\u2026\u201d.<\/p>\n<p>La liturgia e i sacramenti \u201csi vivono in modo tradizionale. Per esempio, fino a prima della pandemia in Slovacchia era obbligatorio comunicarsi in bocca\u201d e \u201cin linea di principio si torner\u00e0 a fare cos\u00ec\u201d.<\/p>\n<h4>Il Papa ha messo gli occhi su un paese piccolo<\/h4>\n<p>Per tutto ci\u00f2, \u201cla visita di Papa Francesco \u00e8 un avvenimento molto importante per il paese. La gente \u00e8 impressionata dal fatto che il Santo Padre abbia prestato attenzione a un paese cos\u00ec piccolo. Sono molto entusiasti della visita\u201d.<\/p>\n<p>Tuttavia, il sacerdote sottolinea anche che \u201cc\u2019\u00e8 stato un certo shock dovuto alla pandemia. Per mesi la gente \u00e8 rimasta chiusa in casa. Sto pensando soprattutto alle persone anziane. Poich\u00e9 per diversi mesi le chiese sono state chiuse, le messe si seguivano in televisione. L\u2019altro giorno mi diceva un sacerdote di Bratislava che c&#8217;\u00e8 un certo timore che la gente si sia abituata ad assistere alla messa in televisione, che ora alle persone costi di pi\u00f9 andare in chiesa. Per questo c&#8217;era una certa paura che non ci fosse molta gente ad accogliere il Santo Padre\u201d.<\/p>\n<figure id=\"attachment_33838\" aria-describedby=\"caption-attachment-33838\" style=\"width: 300px\" class=\"wp-caption alignright\"><img loading=\"lazy\" decoding=\"async\" class=\"wp-image-33838 size-medium\" src=\"https:\/\/exaudi.wpengine.com\/wp-content\/uploads\/2021\/09\/3-D.-Oscar-con-chicos-eslovacos-\u00a9-Oscar-Beorlegui-300x225.jpeg\" alt=\"missione\" width=\"300\" height=\"225\" srcset=\"https:\/\/exaudi.org\/wp-content\/uploads\/2021\/09\/3-D.-Oscar-con-chicos-eslovacos-\u00a9-Oscar-Beorlegui-300x225.jpeg 300w, https:\/\/exaudi.org\/wp-content\/uploads\/2021\/09\/3-D.-Oscar-con-chicos-eslovacos-\u00a9-Oscar-Beorlegui-1024x768.jpeg 1024w, https:\/\/exaudi.org\/wp-content\/uploads\/2021\/09\/3-D.-Oscar-con-chicos-eslovacos-\u00a9-Oscar-Beorlegui-768x576.jpeg 768w, https:\/\/exaudi.org\/wp-content\/uploads\/2021\/09\/3-D.-Oscar-con-chicos-eslovacos-\u00a9-Oscar-Beorlegui-1536x1152.jpeg 1536w, https:\/\/exaudi.org\/wp-content\/uploads\/2021\/09\/3-D.-Oscar-con-chicos-eslovacos-\u00a9-Oscar-Beorlegui-150x113.jpeg 150w, https:\/\/exaudi.org\/wp-content\/uploads\/2021\/09\/3-D.-Oscar-con-chicos-eslovacos-\u00a9-Oscar-Beorlegui-696x522.jpeg 696w, https:\/\/exaudi.org\/wp-content\/uploads\/2021\/09\/3-D.-Oscar-con-chicos-eslovacos-\u00a9-Oscar-Beorlegui-1068x801.jpeg 1068w, https:\/\/exaudi.org\/wp-content\/uploads\/2021\/09\/3-D.-Oscar-con-chicos-eslovacos-\u00a9-Oscar-Beorlegui-560x420.jpeg 560w, https:\/\/exaudi.org\/wp-content\/uploads\/2021\/09\/3-D.-Oscar-con-chicos-eslovacos-\u00a9-Oscar-Beorlegui-80x60.jpeg 80w, https:\/\/exaudi.org\/wp-content\/uploads\/2021\/09\/3-D.-Oscar-con-chicos-eslovacos-\u00a9-Oscar-Beorlegui-265x198.jpeg 265w, https:\/\/exaudi.org\/wp-content\/uploads\/2021\/09\/3-D.-Oscar-con-chicos-eslovacos-\u00a9-Oscar-Beorlegui.jpeg 1600w\" sizes=\"auto, (max-width: 300px) 100vw, 300px\" \/><figcaption id=\"caption-attachment-33838\" class=\"wp-caption-text\">\u00a9 \u00d3scar Beorlegui<\/figcaption><\/figure>\n<p>Infine, il prete spagnolo considera che \u201c\u00e8 presto per dire cosa comporter\u00e0 questa visita del Santo Padre in Slovacchia. L\u2019altro giorno leggevo quello che diceva un vaticanista italiano esperto nei viaggi del pontefice quando gli facevano notare che gli slovacchi erano un po\u2019 freddi di fronte alla visita di Francesco. Diceva di non preoccuparci, perch\u00e9 colpisce come nei viaggi il Papa riesce a risollevare gli animi\u201d.<\/p>\n<h4>Libert\u00e0, creativit\u00e0 e dialogo<\/h4>\n<p>Sull\u2019incontro con il clero slovacco e i catechisti, al quale ha partecipato, racconta che il Successore di Pietro si \u00e8 mostrato \u201cmolto vicino\u201d. \u201cSi vede che il Papa ha insistito per vedere e salutare le persone ed \u00e8 ammirevole perch\u00e9 ha subito un&#8217;operazione seria\u201d nel mese di luglio, ricorda.<\/p>\n<p>\u201cCi siamo fatti pi\u00f9 di una risata. Ha fatto commenti molto ispirati che ci hanno fatto ridere. Si ferma a commentare le cose, esce dal discorso preparato. Per esempio, sull\u2019omelia. Ha insistito molto. Ha ribadito che non devono durare pi\u00f9 di 10 o 15 minuti. Sicuramente gli hanno raccontato che in Slovacchia a molti sacerdoti piace tenere omelie che sembrano lezioni\u2026\u201d afferma.<\/p>\n<p>Allo stesso tempo, sottolinea che Francesco, nel suo discorso, \u201cha utilizzato tre parole: libert\u00e0, creativit\u00e0 e dialogo. Penso che in queste tre parole \u00e8 sintetizzato abbastanza bene ci\u00f2 di cui la Chiesa slovacca pu\u00f2 aver bisogno al momento di lavorare nei prossimi anni. \u00c8 possibile che al Papa abbiano fatto notare che molti membri della Chiesa slovacca possono aver bisogno di un certo rinnovamento per fuggire dalla rigidit\u00e0\u201d.<\/p>\n<h4>A Francesco interessano le pecore \u201cperdute\u201d<\/h4>\n<p>Alla domanda su ci\u00f2 che ha visto e sentito e sul messaggio del vescovo di Roma, don Oscar considera che \u201c\u00e8 evidente che al Papa interessano molto le pecore \u2018perdute\u2019\u201d. E questo \u00e8 qualcosa che si \u00e8 percepito fin dalla pianificazione del viaggio, per esempio, \u201cla riunione con la comunit\u00e0 rom, che nell&#8217;est della Slovacchia \u00e8 numerosa\u201d o a Bratislava dove \u201cha visitato il centro gestito dalle suore di Madre Teresa\u201d,<\/p>\n<figure id=\"attachment_33844\" aria-describedby=\"caption-attachment-33844\" style=\"width: 300px\" class=\"wp-caption alignleft\"><img loading=\"lazy\" decoding=\"async\" class=\"size-medium wp-image-33844\" src=\"https:\/\/exaudi.wpengine.com\/wp-content\/uploads\/2021\/09\/papamobile-1-300x225.jpg\" alt=\"\" width=\"300\" height=\"225\" srcset=\"https:\/\/exaudi.org\/wp-content\/uploads\/2021\/09\/papamobile-1-300x225.jpg 300w, https:\/\/exaudi.org\/wp-content\/uploads\/2021\/09\/papamobile-1-768x576.jpg 768w, https:\/\/exaudi.org\/wp-content\/uploads\/2021\/09\/papamobile-1-150x113.jpg 150w, https:\/\/exaudi.org\/wp-content\/uploads\/2021\/09\/papamobile-1-696x522.jpg 696w, https:\/\/exaudi.org\/wp-content\/uploads\/2021\/09\/papamobile-1-560x420.jpg 560w, https:\/\/exaudi.org\/wp-content\/uploads\/2021\/09\/papamobile-1-80x60.jpg 80w, https:\/\/exaudi.org\/wp-content\/uploads\/2021\/09\/papamobile-1-265x198.jpg 265w, https:\/\/exaudi.org\/wp-content\/uploads\/2021\/09\/papamobile-1.jpg 1024w\" sizes=\"auto, (max-width: 300px) 100vw, 300px\" \/><figcaption id=\"caption-attachment-33844\" class=\"wp-caption-text\">Il Papa sulla spianata del santuario di \u0160a\u0161t\u00edn (C) Beatriz G\u00f3mez<\/figcaption><\/figure>\n<p>\u201cSi vede chiaramente che si ferma davanti alle persone che o non contano per la societ\u00e0 o sono lontane da Dio\u201d. In tal senso, ha sottolineato che si \u00e8 saputo \u201cche ha ricevuto la famiglia dell&#8217;arcivescovo emerito di Trnava, destituito 9 anni fa perch\u00e9 non c&#8217;era unit\u00e0 tra i vescovi\u201d. \u201cHa concelebrato nella messa conclusiva (al santuario nazionale). Vedremo se lo aiuter\u00e0 a tornare all&#8217;unit\u00e0 con il resto dei vescovi\u201d.<\/p>\n<h4>Mettersi in cammino per la missione<\/h4>\n<p>Infine, sui frutti spirituali, l&#8217;aspetto pi\u00f9 importante dei viaggi papali, il sacerdote spagnolo spera in \u201cun maggiore impulso missionario\u201d. E riferendosi all\u2019<a href=\"https:\/\/exaudi.wpengine.com\/it\/la-fede-non-e-zucchero-per-addolcire-la-vita\/\">omelia del Papa nel santuario di \u0160a\u0161tin<\/a>, afferma che \u00e8 il miglior riassunto della visita e di quello che il Papa chiede agli slovacchi: mettersi in cammino per la missione &#8211; una fede che si mette in cammino -, \u2013 essere profeti \u2013 senza mettersi contro \u2013 e compassione. Tre cose che ha applicato alla Vergine Maria\u201d.<\/p>\n<p>\u201cVedremo nei prossimi mesi come le persone assimileranno il messaggio\u201d conclude.<\/p>\n<h4>\u201c\u00c8 stato molto emozionante\u201d<\/h4>\n<p>Da parte sua, Maruska racconta che il 15 settembre, festa della patrona della Slovacchia, si \u00e8 alzata molto presto per poter essere al santuario e partecipare all&#8217;Eucaristia. \u201c\u00c8 stato molto emozionante, ho avuto la fortuna di poter vedere il S. Padre sulla papamobile\u201d. Suo padre era andato alle 5 di mattina a prendere il posto sulla spianata perch\u00e9 tutti insieme potessero accompagnare Sua Santit\u00e0.<\/p>\n<figure id=\"attachment_33841\" aria-describedby=\"caption-attachment-33841\" style=\"width: 300px\" class=\"wp-caption alignright\"><img loading=\"lazy\" decoding=\"async\" class=\"size-medium wp-image-33841\" src=\"https:\/\/exaudi.wpengine.com\/wp-content\/uploads\/2021\/09\/4.-Maruska-y-sus-padres-en-el-santuario-de-Sastin-\u00a9-Familia-Borovsky-300x225.jpeg\" alt=\"\" width=\"300\" height=\"225\" srcset=\"https:\/\/exaudi.org\/wp-content\/uploads\/2021\/09\/4.-Maruska-y-sus-padres-en-el-santuario-de-Sastin-\u00a9-Familia-Borovsky-300x225.jpeg 300w, https:\/\/exaudi.org\/wp-content\/uploads\/2021\/09\/4.-Maruska-y-sus-padres-en-el-santuario-de-Sastin-\u00a9-Familia-Borovsky-768x576.jpeg 768w, https:\/\/exaudi.org\/wp-content\/uploads\/2021\/09\/4.-Maruska-y-sus-padres-en-el-santuario-de-Sastin-\u00a9-Familia-Borovsky-150x113.jpeg 150w, https:\/\/exaudi.org\/wp-content\/uploads\/2021\/09\/4.-Maruska-y-sus-padres-en-el-santuario-de-Sastin-\u00a9-Familia-Borovsky-696x522.jpeg 696w, https:\/\/exaudi.org\/wp-content\/uploads\/2021\/09\/4.-Maruska-y-sus-padres-en-el-santuario-de-Sastin-\u00a9-Familia-Borovsky-560x420.jpeg 560w, https:\/\/exaudi.org\/wp-content\/uploads\/2021\/09\/4.-Maruska-y-sus-padres-en-el-santuario-de-Sastin-\u00a9-Familia-Borovsky-80x60.jpeg 80w, https:\/\/exaudi.org\/wp-content\/uploads\/2021\/09\/4.-Maruska-y-sus-padres-en-el-santuario-de-Sastin-\u00a9-Familia-Borovsky-265x198.jpeg 265w, https:\/\/exaudi.org\/wp-content\/uploads\/2021\/09\/4.-Maruska-y-sus-padres-en-el-santuario-de-Sastin-\u00a9-Familia-Borovsky.jpeg 1024w\" sizes=\"auto, (max-width: 300px) 100vw, 300px\" \/><figcaption id=\"caption-attachment-33841\" class=\"wp-caption-text\">Maruska e i suoi genitori nel santuario di \u0160a\u0161tin \u00a9 Famiglia Borovsky<\/figcaption><\/figure>\n<p>Dell\u2019omelia, la giovane madre sottolinea le seguenti parole: \u201cnon si pu\u00f2 ridurre la fede a zucchero per addolcire la vita\u201d, che \u201cGes\u00f9 \u00e8 segno di contraddizione\u201d e \u201c\u00e8 venuto per portare la luce dove ci sono le tenebre, facendole uscire allo scoperto e obbligandole ad arrendersi\u201d.<\/p>\n<p>E anche che \u201cla fede di Maria \u00e8 una fede che si mette in cammino. La giovane di Nazaret, appena ricevuto l&#8217;annuncio dell&#8217;angelo, \u201cand\u00f2 in fretta verso la regione montuosa per andare a visitare e aiutare sua cugina Elisabetta\u201d (\u2026) \u201cAlla comodit\u00e0 della routine prefer\u00ec le incertezze del viaggio; alla stabilit\u00e0 della casa, la stanchezza del cammino; alla sicurezza di una religiosit\u00e0 tranquilla, il rischio di una fede che si mette in gioco, facendosi dono di amore per l&#8217;altro\u201d.<\/p>\n","protected":false},"excerpt":{"rendered":"<p>Don Oscar, sacerdote spagnolo che vive in Slovacchia, e Maruska, madre di famiglia, parlano della recente visita di Francesco nel paese<\/p>\n","protected":false},"author":5,"featured_media":33832,"comment_status":"closed","ping_status":"closed","sticky":false,"template":"","format":"standard","meta":{"_acf_changed":false,"_crdt_document":"","inline_featured_image":false,"footnotes":""},"categories":[107,2157,297],"tags":[1209,251,3200],"class_list":["post-33830","post","type-post","status-publish","format-standard","has-post-thumbnail","hentry","category-interviste","category-top-ultime-notizie","category-ultime-notizie","tag-fede","tag-papa-francesco","tag-slovacchia"],"acf":[],"yoast_head":"<!-- This site is optimized with the Yoast SEO plugin v27.4 - https:\/\/yoast.com\/product\/yoast-seo-wordpress\/ -->\n<title>Il Papa invita gli slovacchi a &quot;mettersi in cammino per la missione\u201d &#8211; Exaudi<\/title>\n<meta name=\"description\" content=\"Mettersi in cammino per la missione: \u00e8 il mandato del Papa agli slovacchi dopo il suo viaggio. Intervista a un sacerdote e a una madre di famiglia\" \/>\n<meta name=\"robots\" content=\"index, follow, max-snippet:-1, max-image-preview:large, max-video-preview:-1\" \/>\n<link rel=\"canonical\" href=\"https:\/\/exaudi.org\/it\/il-papa-invita-gli-slovacchi-a-mettersi-in-cammino-per-la-missione\/\" \/>\n<meta property=\"og:locale\" content=\"it_IT\" \/>\n<meta property=\"og:type\" content=\"article\" \/>\n<meta property=\"og:title\" content=\"Il Papa invita gli slovacchi a &quot;mettersi in cammino per la missione\u201d &#8211; Exaudi\" \/>\n<meta property=\"og:description\" content=\"Mettersi in cammino per la missione: \u00e8 il mandato del Papa agli slovacchi dopo il suo viaggio. Intervista a un sacerdote e a una madre di famiglia\" \/>\n<meta property=\"og:url\" content=\"https:\/\/exaudi.org\/it\/il-papa-invita-gli-slovacchi-a-mettersi-in-cammino-per-la-missione\/\" \/>\n<meta property=\"og:site_name\" content=\"Exaudi\" \/>\n<meta property=\"article:publisher\" content=\"https:\/\/www.facebook.com\/ExaudiNews\" \/>\n<meta property=\"article:published_time\" content=\"2021-09-17T05:30:33+00:00\" \/>\n<meta property=\"article:modified_time\" content=\"2021-09-20T14:14:17+00:00\" \/>\n<meta property=\"og:image\" content=\"https:\/\/exaudi.org\/wp-content\/uploads\/2021\/09\/1.-D.-Oscar-Beorlegui-a-la-derecha-en-el-santuario-de-copia.jpeg\" \/>\n\t<meta property=\"og:image:width\" content=\"1600\" \/>\n\t<meta property=\"og:image:height\" content=\"1600\" \/>\n\t<meta property=\"og:image:type\" content=\"image\/jpeg\" \/>\n<meta name=\"author\" content=\"Larissa I. L\u00f3pez\" \/>\n<meta name=\"twitter:card\" content=\"summary_large_image\" \/>\n<meta name=\"twitter:creator\" content=\"@Exaudi_News\" \/>\n<meta name=\"twitter:site\" content=\"@Exaudi_News\" \/>\n<meta name=\"twitter:label1\" content=\"Scritto da\" \/>\n\t<meta name=\"twitter:data1\" content=\"Larissa I. L\u00f3pez\" \/>\n\t<meta name=\"twitter:label2\" content=\"Tempo di lettura stimato\" \/>\n\t<meta name=\"twitter:data2\" content=\"8 minuti\" \/>\n<script type=\"application\/ld+json\" class=\"yoast-schema-graph\">{\"@context\":\"https:\\\/\\\/schema.org\",\"@graph\":[{\"@type\":\"Article\",\"@id\":\"https:\\\/\\\/exaudi.org\\\/it\\\/il-papa-invita-gli-slovacchi-a-mettersi-in-cammino-per-la-missione\\\/#article\",\"isPartOf\":{\"@id\":\"https:\\\/\\\/exaudi.org\\\/it\\\/il-papa-invita-gli-slovacchi-a-mettersi-in-cammino-per-la-missione\\\/\"},\"author\":{\"name\":\"Larissa I. L\u00f3pez\",\"@id\":\"https:\\\/\\\/exaudi.org\\\/#\\\/schema\\\/person\\\/7d2f77db033c2c0929edfab6dbe8c588\"},\"headline\":\"Il Papa invita gli slovacchi a &#8220;mettersi in cammino per la missione\u201d\",\"datePublished\":\"2021-09-17T05:30:33+00:00\",\"dateModified\":\"2021-09-20T14:14:17+00:00\",\"mainEntityOfPage\":{\"@id\":\"https:\\\/\\\/exaudi.org\\\/it\\\/il-papa-invita-gli-slovacchi-a-mettersi-in-cammino-per-la-missione\\\/\"},\"wordCount\":1530,\"image\":{\"@id\":\"https:\\\/\\\/exaudi.org\\\/it\\\/il-papa-invita-gli-slovacchi-a-mettersi-in-cammino-per-la-missione\\\/#primaryimage\"},\"thumbnailUrl\":\"https:\\\/\\\/exaudi.org\\\/wp-content\\\/uploads\\\/2021\\\/09\\\/1.-D.-Oscar-Beorlegui-a-la-derecha-en-el-santuario-de-copia.jpeg\",\"keywords\":[\"fede\",\"Papa Francesco\",\"Slovacchia\"],\"articleSection\":[\"Interviste\",\"Top Ultime Notizie\",\"Ultime Notizie\"],\"inLanguage\":\"it-IT\"},{\"@type\":\"WebPage\",\"@id\":\"https:\\\/\\\/exaudi.org\\\/it\\\/il-papa-invita-gli-slovacchi-a-mettersi-in-cammino-per-la-missione\\\/\",\"url\":\"https:\\\/\\\/exaudi.org\\\/it\\\/il-papa-invita-gli-slovacchi-a-mettersi-in-cammino-per-la-missione\\\/\",\"name\":\"Il Papa invita gli slovacchi a \\\"mettersi in cammino per la missione\u201d &#8211; Exaudi\",\"isPartOf\":{\"@id\":\"https:\\\/\\\/exaudi.org\\\/#website\"},\"primaryImageOfPage\":{\"@id\":\"https:\\\/\\\/exaudi.org\\\/it\\\/il-papa-invita-gli-slovacchi-a-mettersi-in-cammino-per-la-missione\\\/#primaryimage\"},\"image\":{\"@id\":\"https:\\\/\\\/exaudi.org\\\/it\\\/il-papa-invita-gli-slovacchi-a-mettersi-in-cammino-per-la-missione\\\/#primaryimage\"},\"thumbnailUrl\":\"https:\\\/\\\/exaudi.org\\\/wp-content\\\/uploads\\\/2021\\\/09\\\/1.-D.-Oscar-Beorlegui-a-la-derecha-en-el-santuario-de-copia.jpeg\",\"datePublished\":\"2021-09-17T05:30:33+00:00\",\"dateModified\":\"2021-09-20T14:14:17+00:00\",\"author\":{\"@id\":\"https:\\\/\\\/exaudi.org\\\/#\\\/schema\\\/person\\\/7d2f77db033c2c0929edfab6dbe8c588\"},\"description\":\"Mettersi in cammino per la missione: \u00e8 il mandato del Papa agli slovacchi dopo il suo viaggio. Intervista a un sacerdote e a una madre di famiglia\",\"breadcrumb\":{\"@id\":\"https:\\\/\\\/exaudi.org\\\/it\\\/il-papa-invita-gli-slovacchi-a-mettersi-in-cammino-per-la-missione\\\/#breadcrumb\"},\"inLanguage\":\"it-IT\",\"potentialAction\":[{\"@type\":\"ReadAction\",\"target\":[\"https:\\\/\\\/exaudi.org\\\/it\\\/il-papa-invita-gli-slovacchi-a-mettersi-in-cammino-per-la-missione\\\/\"]}]},{\"@type\":\"ImageObject\",\"inLanguage\":\"it-IT\",\"@id\":\"https:\\\/\\\/exaudi.org\\\/it\\\/il-papa-invita-gli-slovacchi-a-mettersi-in-cammino-per-la-missione\\\/#primaryimage\",\"url\":\"https:\\\/\\\/exaudi.org\\\/wp-content\\\/uploads\\\/2021\\\/09\\\/1.-D.-Oscar-Beorlegui-a-la-derecha-en-el-santuario-de-copia.jpeg\",\"contentUrl\":\"https:\\\/\\\/exaudi.org\\\/wp-content\\\/uploads\\\/2021\\\/09\\\/1.-D.-Oscar-Beorlegui-a-la-derecha-en-el-santuario-de-copia.jpeg\",\"width\":1600,\"height\":1600,\"caption\":\"Don Oscar (a destra) nel santuario di \u0160a\u0161tin\"},{\"@type\":\"BreadcrumbList\",\"@id\":\"https:\\\/\\\/exaudi.org\\\/it\\\/il-papa-invita-gli-slovacchi-a-mettersi-in-cammino-per-la-missione\\\/#breadcrumb\",\"itemListElement\":[{\"@type\":\"ListItem\",\"position\":1,\"name\":\"Portada\",\"item\":\"https:\\\/\\\/exaudi.org\\\/it\\\/\"},{\"@type\":\"ListItem\",\"position\":2,\"name\":\"Il Papa invita gli slovacchi a &#8220;mettersi in cammino per la missione\u201d\"}]},{\"@type\":\"WebSite\",\"@id\":\"https:\\\/\\\/exaudi.org\\\/#website\",\"url\":\"https:\\\/\\\/exaudi.org\\\/\",\"name\":\"Exaudi\",\"description\":\"News\",\"potentialAction\":[{\"@type\":\"SearchAction\",\"target\":{\"@type\":\"EntryPoint\",\"urlTemplate\":\"https:\\\/\\\/exaudi.org\\\/?s={search_term_string}\"},\"query-input\":{\"@type\":\"PropertyValueSpecification\",\"valueRequired\":true,\"valueName\":\"search_term_string\"}}],\"inLanguage\":\"it-IT\"},{\"@type\":\"Person\",\"@id\":\"https:\\\/\\\/exaudi.org\\\/#\\\/schema\\\/person\\\/7d2f77db033c2c0929edfab6dbe8c588\",\"name\":\"Larissa I. L\u00f3pez\",\"image\":{\"@type\":\"ImageObject\",\"inLanguage\":\"it-IT\",\"@id\":\"https:\\\/\\\/secure.gravatar.com\\\/avatar\\\/db3ef399ff343d0bb9d25dc5198bc8ece5ac6d621eca79876697a354dabc1e3f?s=96&d=mm&r=g\",\"url\":\"https:\\\/\\\/secure.gravatar.com\\\/avatar\\\/db3ef399ff343d0bb9d25dc5198bc8ece5ac6d621eca79876697a354dabc1e3f?s=96&d=mm&r=g\",\"contentUrl\":\"https:\\\/\\\/secure.gravatar.com\\\/avatar\\\/db3ef399ff343d0bb9d25dc5198bc8ece5ac6d621eca79876697a354dabc1e3f?s=96&d=mm&r=g\",\"caption\":\"Larissa I. L\u00f3pez\"},\"description\":\"Doctora en Comunicaci\u00f3n. Mi trayectoria profesional ha transcurrido entre el \u00e1mbito de la comunicaci\u00f3n y el de la docencia. En los \u00faltimos a\u00f1os, he trabajado como coordinadora y redactora de la edici\u00f3n de ZENIT en espa\u00f1ol. Como profesora, he impartido clases en la universidad y en centros de FP y bachillerato. Cordobesa de nacimiento, tambi\u00e9n he vivido en Sevilla, Madrid y Roma\",\"url\":\"https:\\\/\\\/exaudi.org\\\/it\\\/author\\\/llopezexaudi-org\\\/\"}]}<\/script>\n<!-- \/ Yoast SEO plugin. -->","yoast_head_json":{"title":"Il Papa invita gli slovacchi a \"mettersi in cammino per la missione\u201d &#8211; Exaudi","description":"Mettersi in cammino per la missione: \u00e8 il mandato del Papa agli slovacchi dopo il suo viaggio. Intervista a un sacerdote e a una madre di famiglia","robots":{"index":"index","follow":"follow","max-snippet":"max-snippet:-1","max-image-preview":"max-image-preview:large","max-video-preview":"max-video-preview:-1"},"canonical":"https:\/\/exaudi.org\/it\/il-papa-invita-gli-slovacchi-a-mettersi-in-cammino-per-la-missione\/","og_locale":"it_IT","og_type":"article","og_title":"Il Papa invita gli slovacchi a \"mettersi in cammino per la missione\u201d &#8211; Exaudi","og_description":"Mettersi in cammino per la missione: \u00e8 il mandato del Papa agli slovacchi dopo il suo viaggio. Intervista a un sacerdote e a una madre di famiglia","og_url":"https:\/\/exaudi.org\/it\/il-papa-invita-gli-slovacchi-a-mettersi-in-cammino-per-la-missione\/","og_site_name":"Exaudi","article_publisher":"https:\/\/www.facebook.com\/ExaudiNews","article_published_time":"2021-09-17T05:30:33+00:00","article_modified_time":"2021-09-20T14:14:17+00:00","og_image":[{"width":1600,"height":1600,"url":"https:\/\/exaudi.org\/wp-content\/uploads\/2021\/09\/1.-D.-Oscar-Beorlegui-a-la-derecha-en-el-santuario-de-copia.jpeg","type":"image\/jpeg"}],"author":"Larissa I. L\u00f3pez","twitter_card":"summary_large_image","twitter_creator":"@Exaudi_News","twitter_site":"@Exaudi_News","twitter_misc":{"Scritto da":"Larissa I. L\u00f3pez","Tempo di lettura stimato":"8 minuti"},"schema":{"@context":"https:\/\/schema.org","@graph":[{"@type":"Article","@id":"https:\/\/exaudi.org\/it\/il-papa-invita-gli-slovacchi-a-mettersi-in-cammino-per-la-missione\/#article","isPartOf":{"@id":"https:\/\/exaudi.org\/it\/il-papa-invita-gli-slovacchi-a-mettersi-in-cammino-per-la-missione\/"},"author":{"name":"Larissa I. L\u00f3pez","@id":"https:\/\/exaudi.org\/#\/schema\/person\/7d2f77db033c2c0929edfab6dbe8c588"},"headline":"Il Papa invita gli slovacchi a &#8220;mettersi in cammino per la missione\u201d","datePublished":"2021-09-17T05:30:33+00:00","dateModified":"2021-09-20T14:14:17+00:00","mainEntityOfPage":{"@id":"https:\/\/exaudi.org\/it\/il-papa-invita-gli-slovacchi-a-mettersi-in-cammino-per-la-missione\/"},"wordCount":1530,"image":{"@id":"https:\/\/exaudi.org\/it\/il-papa-invita-gli-slovacchi-a-mettersi-in-cammino-per-la-missione\/#primaryimage"},"thumbnailUrl":"https:\/\/exaudi.org\/wp-content\/uploads\/2021\/09\/1.-D.-Oscar-Beorlegui-a-la-derecha-en-el-santuario-de-copia.jpeg","keywords":["fede","Papa Francesco","Slovacchia"],"articleSection":["Interviste","Top Ultime Notizie","Ultime Notizie"],"inLanguage":"it-IT"},{"@type":"WebPage","@id":"https:\/\/exaudi.org\/it\/il-papa-invita-gli-slovacchi-a-mettersi-in-cammino-per-la-missione\/","url":"https:\/\/exaudi.org\/it\/il-papa-invita-gli-slovacchi-a-mettersi-in-cammino-per-la-missione\/","name":"Il Papa invita gli slovacchi a \"mettersi in cammino per la missione\u201d &#8211; Exaudi","isPartOf":{"@id":"https:\/\/exaudi.org\/#website"},"primaryImageOfPage":{"@id":"https:\/\/exaudi.org\/it\/il-papa-invita-gli-slovacchi-a-mettersi-in-cammino-per-la-missione\/#primaryimage"},"image":{"@id":"https:\/\/exaudi.org\/it\/il-papa-invita-gli-slovacchi-a-mettersi-in-cammino-per-la-missione\/#primaryimage"},"thumbnailUrl":"https:\/\/exaudi.org\/wp-content\/uploads\/2021\/09\/1.-D.-Oscar-Beorlegui-a-la-derecha-en-el-santuario-de-copia.jpeg","datePublished":"2021-09-17T05:30:33+00:00","dateModified":"2021-09-20T14:14:17+00:00","author":{"@id":"https:\/\/exaudi.org\/#\/schema\/person\/7d2f77db033c2c0929edfab6dbe8c588"},"description":"Mettersi in cammino per la missione: \u00e8 il mandato del Papa agli slovacchi dopo il suo viaggio. Intervista a un sacerdote e a una madre di famiglia","breadcrumb":{"@id":"https:\/\/exaudi.org\/it\/il-papa-invita-gli-slovacchi-a-mettersi-in-cammino-per-la-missione\/#breadcrumb"},"inLanguage":"it-IT","potentialAction":[{"@type":"ReadAction","target":["https:\/\/exaudi.org\/it\/il-papa-invita-gli-slovacchi-a-mettersi-in-cammino-per-la-missione\/"]}]},{"@type":"ImageObject","inLanguage":"it-IT","@id":"https:\/\/exaudi.org\/it\/il-papa-invita-gli-slovacchi-a-mettersi-in-cammino-per-la-missione\/#primaryimage","url":"https:\/\/exaudi.org\/wp-content\/uploads\/2021\/09\/1.-D.-Oscar-Beorlegui-a-la-derecha-en-el-santuario-de-copia.jpeg","contentUrl":"https:\/\/exaudi.org\/wp-content\/uploads\/2021\/09\/1.-D.-Oscar-Beorlegui-a-la-derecha-en-el-santuario-de-copia.jpeg","width":1600,"height":1600,"caption":"Don Oscar (a destra) nel santuario di \u0160a\u0161tin"},{"@type":"BreadcrumbList","@id":"https:\/\/exaudi.org\/it\/il-papa-invita-gli-slovacchi-a-mettersi-in-cammino-per-la-missione\/#breadcrumb","itemListElement":[{"@type":"ListItem","position":1,"name":"Portada","item":"https:\/\/exaudi.org\/it\/"},{"@type":"ListItem","position":2,"name":"Il Papa invita gli slovacchi a &#8220;mettersi in cammino per la missione\u201d"}]},{"@type":"WebSite","@id":"https:\/\/exaudi.org\/#website","url":"https:\/\/exaudi.org\/","name":"Exaudi","description":"News","potentialAction":[{"@type":"SearchAction","target":{"@type":"EntryPoint","urlTemplate":"https:\/\/exaudi.org\/?s={search_term_string}"},"query-input":{"@type":"PropertyValueSpecification","valueRequired":true,"valueName":"search_term_string"}}],"inLanguage":"it-IT"},{"@type":"Person","@id":"https:\/\/exaudi.org\/#\/schema\/person\/7d2f77db033c2c0929edfab6dbe8c588","name":"Larissa I. L\u00f3pez","image":{"@type":"ImageObject","inLanguage":"it-IT","@id":"https:\/\/secure.gravatar.com\/avatar\/db3ef399ff343d0bb9d25dc5198bc8ece5ac6d621eca79876697a354dabc1e3f?s=96&d=mm&r=g","url":"https:\/\/secure.gravatar.com\/avatar\/db3ef399ff343d0bb9d25dc5198bc8ece5ac6d621eca79876697a354dabc1e3f?s=96&d=mm&r=g","contentUrl":"https:\/\/secure.gravatar.com\/avatar\/db3ef399ff343d0bb9d25dc5198bc8ece5ac6d621eca79876697a354dabc1e3f?s=96&d=mm&r=g","caption":"Larissa I. L\u00f3pez"},"description":"Doctora en Comunicaci\u00f3n. Mi trayectoria profesional ha transcurrido entre el \u00e1mbito de la comunicaci\u00f3n y el de la docencia. En los \u00faltimos a\u00f1os, he trabajado como coordinadora y redactora de la edici\u00f3n de ZENIT en espa\u00f1ol. Como profesora, he impartido clases en la universidad y en centros de FP y bachillerato. Cordobesa de nacimiento, tambi\u00e9n he vivido en Sevilla, Madrid y Roma","url":"https:\/\/exaudi.org\/it\/author\/llopezexaudi-org\/"}]}},"jetpack_featured_media_url":"https:\/\/exaudi.org\/wp-content\/uploads\/2021\/09\/1.-D.-Oscar-Beorlegui-a-la-derecha-en-el-santuario-de-copia.jpeg","jetpack_shortlink":"https:\/\/wp.me\/pgKjF2-8NE","_links":{"self":[{"href":"https:\/\/exaudi.org\/it\/wp-json\/wp\/v2\/posts\/33830","targetHints":{"allow":["GET"]}}],"collection":[{"href":"https:\/\/exaudi.org\/it\/wp-json\/wp\/v2\/posts"}],"about":[{"href":"https:\/\/exaudi.org\/it\/wp-json\/wp\/v2\/types\/post"}],"author":[{"embeddable":true,"href":"https:\/\/exaudi.org\/it\/wp-json\/wp\/v2\/users\/5"}],"replies":[{"embeddable":true,"href":"https:\/\/exaudi.org\/it\/wp-json\/wp\/v2\/comments?post=33830"}],"version-history":[{"count":0,"href":"https:\/\/exaudi.org\/it\/wp-json\/wp\/v2\/posts\/33830\/revisions"}],"wp:featuredmedia":[{"embeddable":true,"href":"https:\/\/exaudi.org\/it\/wp-json\/wp\/v2\/media\/33832"}],"wp:attachment":[{"href":"https:\/\/exaudi.org\/it\/wp-json\/wp\/v2\/media?parent=33830"}],"wp:term":[{"taxonomy":"category","embeddable":true,"href":"https:\/\/exaudi.org\/it\/wp-json\/wp\/v2\/categories?post=33830"},{"taxonomy":"post_tag","embeddable":true,"href":"https:\/\/exaudi.org\/it\/wp-json\/wp\/v2\/tags?post=33830"}],"curies":[{"name":"wp","href":"https:\/\/api.w.org\/{rel}","templated":true}]}}