{"id":33773,"date":"2021-09-16T14:44:53","date_gmt":"2021-09-16T12:44:53","guid":{"rendered":"https:\/\/exaudi.wpengine.com\/?p=33773"},"modified":"2021-09-16T14:44:53","modified_gmt":"2021-09-16T12:44:53","slug":"documentario-sullenciclica-laudato-si","status":"publish","type":"post","link":"https:\/\/exaudi.org\/it\/documentario-sullenciclica-laudato-si\/","title":{"rendered":"Documentario sull&#8217;enciclica Laudato Si&#8217;"},"content":{"rendered":"<p>Papa Francesco e la sua enciclica Laudato Si\u2019, che ha motivato milioni di persone a prendersi cura della nostra casa comune e a lavorare contro la crisi climatica, saranno l\u2019oggetto di un documentario che uscir\u00e0 all&#8217;inizio del 2022.<\/p>\n<p>Il film, intitolato provvisoriamente &#8220;Laudato si'&#8221;, vede la partecipazione di Papa Francesco. Seguono le storie dei leader in prima linea di tutto il mondo, ognuno dei quali sta affrontando gli effetti della nostra crisi planetaria. Questi leader entrano in dialogo tra loro e con il Santo Padre e costruiscono nuovi legami per affrontare il futuro con speranza.<\/p>\n<p>&#8220;L&#8217;enciclica Laudato Si&#8217; di Papa Francesco ha spinto milioni di persone a prendersi cura del creato di Dio e ad unirsi contro la pericolosa crisi climatica&#8221;, ha affermato Tom\u00e1s Insua, Direttore Esecutivo del <a href=\"https:\/\/laudatosimovement.org\/it\/homepage-original-4\/\">Movimento Laudato Si<\/a>.&#8221;Questo straordinario documentario sar\u00e0 un&#8217;incredibile opportunit\u00e0 per tutti i cattolici e le persone di buona volont\u00e0 per riorientare i propri sforzi e creare un futuro migliore per tutta la creazione&#8221;.<\/p>\n<p>Il Vaticano ha partecipato alla realizzazione del film. Il documentario \u00e8 prodotto e diretto da una squadra vincitrice di Oscar, Emmy e BAFTA, che include Off the Fence (&#8220;My Octopus Teacher&#8221;) e Nicolas Brown (&#8220;The Serengeti Rules&#8221;).<\/p>\n<p>Il documentario sar\u00e0 disponibile in streaming gratuito attraverso YouTube Originals. &#8220;La sostenibilit\u00e0 e l&#8217;azione per il clima sono aree chiave di attenzione per la nostra programmazione YouTube Originals&#8221;, ha affermato Nadine Zylstra, coordinatrice di Head of Family e Learning and Impact per YouTube Originals.<\/p>\n<h4>Il Movimento Laudato Si\u2019<\/h4>\n<p>Il Movimento Laudato Si&#8217; opera con la famiglia cattolica di tutto il mondo per trasformare l&#8217;enciclica Laudato Si&#8217; in azioni per la giustizia climatica ed ecologica. Il movimento di base del Movimento Laudato Si&#8217; conta sull\u2019apporto di quasi 800 organizzazioni membri e migliaia di volontari che contribuiscono a dare vita al messaggio dell&#8217;enciclica.<\/p>\n<h4>Off the Fence<\/h4>\n<p>Off the Fence \u00e8 una societ\u00e0 leader di contenuti di saggistica su scala mondiale, che produce e distribuisce un&#8217;eccezionale programmazione. Fondata nel 1994, dal 2019 \u00e8 di propriet\u00e0 di ZDF Enterprises. OTF sviluppa, finanzia, produce e coproduce programmi internazionali di saggistica in una vasta gamma di generi tra cui Storia naturale, Scienza, Viaggi e Avventura, Stili di vita, Storia, Persone e Cultura, Crimine e Documentari tematici di approfondimento.<\/p>\n<h4>YouTube Originals<\/h4>\n<p>Gli YouTube Originals sono serie e film pluripremiati, creativi e coinvolgenti. Sono basati su musica, personalit\u00e0 e apprendimento per i fan di tutto il mondo. Mettendo in luce sia i creatori di YouTube che le pi\u00f9 grandi star di Hollywood, YouTube Originals offre un&#8217;esperienza che solo YouTube pu\u00f2 offrire. YouTube Originals \u00e8 disponibile in quasi 80 paesi in tutto il mondo.<\/p>\n","protected":false},"excerpt":{"rendered":"<p>Vedr\u00e0 protagonista lo stesso Papa Francesco e sar\u00e0 disponibile su Youtube Originals dal prossimo anno<\/p>\n","protected":false},"author":17,"featured_media":33738,"comment_status":"closed","ping_status":"closed","sticky":false,"template":"","format":"standard","meta":{"_acf_changed":false,"_crdt_document":"","inline_featured_image":false,"footnotes":""},"categories":[79,2157,297],"tags":[1327,2707,2120,251],"class_list":["post-33773","post","type-post","status-publish","format-standard","has-post-thumbnail","hentry","category-ecologia","category-top-ultime-notizie","category-ultime-notizie","tag-ambiente","tag-cambiamento-climatico","tag-laudato-si","tag-papa-francesco"],"acf":[],"yoast_head":"<!-- This site is optimized with the Yoast SEO plugin v27.5 - https:\/\/yoast.com\/product\/yoast-seo-wordpress\/ -->\n<title>Documentario sull&#039;enciclica Laudato Si&#039; &#8211; Exaudi<\/title>\n<meta name=\"description\" content=\"Un documentario sull&#039;enciclica di Papa Francesco Laudato Si&#039; uscir\u00e0 in streaming all&#039;inizio del prossimo anno su Youtube Originals\" \/>\n<meta name=\"robots\" content=\"index, follow, max-snippet:-1, max-image-preview:large, max-video-preview:-1\" \/>\n<link rel=\"canonical\" href=\"https:\/\/exaudi.org\/it\/documentario-sullenciclica-laudato-si\/\" \/>\n<meta property=\"og:locale\" content=\"it_IT\" \/>\n<meta property=\"og:type\" content=\"article\" \/>\n<meta property=\"og:title\" content=\"Documentario sull&#039;enciclica Laudato Si&#039; &#8211; Exaudi\" \/>\n<meta property=\"og:description\" content=\"Un documentario sull&#039;enciclica di Papa Francesco Laudato Si&#039; uscir\u00e0 in streaming all&#039;inizio del prossimo anno su Youtube Originals\" \/>\n<meta property=\"og:url\" content=\"https:\/\/exaudi.org\/it\/documentario-sullenciclica-laudato-si\/\" \/>\n<meta property=\"og:site_name\" content=\"Exaudi\" \/>\n<meta property=\"article:publisher\" content=\"https:\/\/www.facebook.com\/ExaudiNews\" \/>\n<meta property=\"article:author\" content=\"https:\/\/www.facebook.com\/ExaudiNotizie\/\" \/>\n<meta property=\"article:published_time\" content=\"2021-09-16T12:44:53+00:00\" \/>\n<meta property=\"og:image\" content=\"https:\/\/exaudi.org\/wp-content\/uploads\/2021\/09\/23ccc.jpeg\" \/>\n\t<meta property=\"og:image:width\" content=\"1447\" \/>\n\t<meta property=\"og:image:height\" content=\"815\" \/>\n\t<meta property=\"og:image:type\" content=\"image\/jpeg\" \/>\n<meta name=\"author\" content=\"Exaudi Redazione\" \/>\n<meta name=\"twitter:card\" content=\"summary_large_image\" \/>\n<meta name=\"twitter:creator\" content=\"@Exaudi_Notizie\" \/>\n<meta name=\"twitter:site\" content=\"@Exaudi_News\" \/>\n<meta name=\"twitter:label1\" content=\"Scritto da\" \/>\n\t<meta name=\"twitter:data1\" content=\"Exaudi Redazione\" \/>\n\t<meta name=\"twitter:label2\" content=\"Tempo di lettura stimato\" \/>\n\t<meta name=\"twitter:data2\" content=\"2 minuti\" \/>\n<script type=\"application\/ld+json\" class=\"yoast-schema-graph\">{\"@context\":\"https:\\\/\\\/schema.org\",\"@graph\":[{\"@type\":\"Article\",\"@id\":\"https:\\\/\\\/exaudi.org\\\/it\\\/documentario-sullenciclica-laudato-si\\\/#article\",\"isPartOf\":{\"@id\":\"https:\\\/\\\/exaudi.org\\\/it\\\/documentario-sullenciclica-laudato-si\\\/\"},\"author\":{\"name\":\"Exaudi Redazione\",\"@id\":\"https:\\\/\\\/exaudi.org\\\/#\\\/schema\\\/person\\\/e1ab6ed07c01774724dd96f925f3a5f0\"},\"headline\":\"Documentario sull&#8217;enciclica Laudato Si&#8217;\",\"datePublished\":\"2021-09-16T12:44:53+00:00\",\"mainEntityOfPage\":{\"@id\":\"https:\\\/\\\/exaudi.org\\\/it\\\/documentario-sullenciclica-laudato-si\\\/\"},\"wordCount\":440,\"image\":{\"@id\":\"https:\\\/\\\/exaudi.org\\\/it\\\/documentario-sullenciclica-laudato-si\\\/#primaryimage\"},\"thumbnailUrl\":\"https:\\\/\\\/exaudi.org\\\/wp-content\\\/uploads\\\/2021\\\/09\\\/23ccc.jpeg\",\"keywords\":[\"ambiente\",\"cambiamento climatico\",\"Laudato si'\",\"Papa Francesco\"],\"articleSection\":[\"Ecologia\",\"Top Ultime Notizie\",\"Ultime Notizie\"],\"inLanguage\":\"it-IT\"},{\"@type\":\"WebPage\",\"@id\":\"https:\\\/\\\/exaudi.org\\\/it\\\/documentario-sullenciclica-laudato-si\\\/\",\"url\":\"https:\\\/\\\/exaudi.org\\\/it\\\/documentario-sullenciclica-laudato-si\\\/\",\"name\":\"Documentario sull'enciclica Laudato Si' &#8211; Exaudi\",\"isPartOf\":{\"@id\":\"https:\\\/\\\/exaudi.org\\\/#website\"},\"primaryImageOfPage\":{\"@id\":\"https:\\\/\\\/exaudi.org\\\/it\\\/documentario-sullenciclica-laudato-si\\\/#primaryimage\"},\"image\":{\"@id\":\"https:\\\/\\\/exaudi.org\\\/it\\\/documentario-sullenciclica-laudato-si\\\/#primaryimage\"},\"thumbnailUrl\":\"https:\\\/\\\/exaudi.org\\\/wp-content\\\/uploads\\\/2021\\\/09\\\/23ccc.jpeg\",\"datePublished\":\"2021-09-16T12:44:53+00:00\",\"author\":{\"@id\":\"https:\\\/\\\/exaudi.org\\\/#\\\/schema\\\/person\\\/e1ab6ed07c01774724dd96f925f3a5f0\"},\"description\":\"Un documentario sull'enciclica di Papa Francesco Laudato Si' uscir\u00e0 in streaming all'inizio del prossimo anno su Youtube Originals\",\"breadcrumb\":{\"@id\":\"https:\\\/\\\/exaudi.org\\\/it\\\/documentario-sullenciclica-laudato-si\\\/#breadcrumb\"},\"inLanguage\":\"it-IT\",\"potentialAction\":[{\"@type\":\"ReadAction\",\"target\":[\"https:\\\/\\\/exaudi.org\\\/it\\\/documentario-sullenciclica-laudato-si\\\/\"]}]},{\"@type\":\"ImageObject\",\"inLanguage\":\"it-IT\",\"@id\":\"https:\\\/\\\/exaudi.org\\\/it\\\/documentario-sullenciclica-laudato-si\\\/#primaryimage\",\"url\":\"https:\\\/\\\/exaudi.org\\\/wp-content\\\/uploads\\\/2021\\\/09\\\/23ccc.jpeg\",\"contentUrl\":\"https:\\\/\\\/exaudi.org\\\/wp-content\\\/uploads\\\/2021\\\/09\\\/23ccc.jpeg\",\"width\":1447,\"height\":815,\"caption\":\"The Pope at the Mass in \u0160a\u0161t\u00edn, Slovakia \u00a9 Vatican Media\"},{\"@type\":\"BreadcrumbList\",\"@id\":\"https:\\\/\\\/exaudi.org\\\/it\\\/documentario-sullenciclica-laudato-si\\\/#breadcrumb\",\"itemListElement\":[{\"@type\":\"ListItem\",\"position\":1,\"name\":\"Portada\",\"item\":\"https:\\\/\\\/exaudi.org\\\/it\\\/\"},{\"@type\":\"ListItem\",\"position\":2,\"name\":\"Documentario sull&#8217;enciclica Laudato Si&#8217;\"}]},{\"@type\":\"WebSite\",\"@id\":\"https:\\\/\\\/exaudi.org\\\/#website\",\"url\":\"https:\\\/\\\/exaudi.org\\\/\",\"name\":\"Exaudi\",\"description\":\"News\",\"potentialAction\":[{\"@type\":\"SearchAction\",\"target\":{\"@type\":\"EntryPoint\",\"urlTemplate\":\"https:\\\/\\\/exaudi.org\\\/?s={search_term_string}\"},\"query-input\":{\"@type\":\"PropertyValueSpecification\",\"valueRequired\":true,\"valueName\":\"search_term_string\"}}],\"inLanguage\":\"it-IT\"},{\"@type\":\"Person\",\"@id\":\"https:\\\/\\\/exaudi.org\\\/#\\\/schema\\\/person\\\/e1ab6ed07c01774724dd96f925f3a5f0\",\"name\":\"Exaudi Redazione\",\"image\":{\"@type\":\"ImageObject\",\"inLanguage\":\"it-IT\",\"@id\":\"https:\\\/\\\/secure.gravatar.com\\\/avatar\\\/ad6774b3ada023bf5b939d64f45c94b3adf91502dd883507d469b4308a943bb3?s=96&d=mm&r=g\",\"url\":\"https:\\\/\\\/secure.gravatar.com\\\/avatar\\\/ad6774b3ada023bf5b939d64f45c94b3adf91502dd883507d469b4308a943bb3?s=96&d=mm&r=g\",\"contentUrl\":\"https:\\\/\\\/secure.gravatar.com\\\/avatar\\\/ad6774b3ada023bf5b939d64f45c94b3adf91502dd883507d469b4308a943bb3?s=96&d=mm&r=g\",\"caption\":\"Exaudi Redazione\"},\"description\":\"Che cosa \u00e8 Exaudi News? Exaudi News \u00e8 un agenzia cattolica internazionale che informa, istruisce e trasforma quotidianamente in spagnolo, inglese e italiano. Attraverso notizie, articoli di analisi e trasmissioni in diretta degli eventi del Papa, Exaudi cerca di rafforzare l'unit\u00e0 dei cristiani e di contribuire all'evangelizzazione del mondo, sempre guidato dalla dottrina sociale della Chiesa. Lavoriamo per portare la verit\u00e0 e i valori cristiani in ogni angolo del pianeta. Aiutaci a trasformare il mondo con Exaudi! Noi di Exaudi crediamo che l'evangelizzazione e l'informazione di qualit\u00e0 possano cambiare la vita. Per continuare la nostra missione ed espandere la nostra portata, abbiamo bisogno del tuo aiuto. Stiamo anche cercando persone motivate che vogliano unirsi al nostro team. Grazie al vostro sostegno raggiungeremo pi\u00f9 persone, diffonderemo il messaggio di Cristo e rafforzeremo l'unit\u00e0 dei cristiani. Vuoi unirti alla nostra missione? Per maggiori informazioni su come contribuire, visita Exaudi.org\\\/it o contattaci direttamente: info@exaudi.org Exaudi: informa, forma e trasforma.\",\"sameAs\":[\"https:\\\/\\\/www.facebook.com\\\/ExaudiNotizie\\\/\",\"https:\\\/\\\/www.instagram.com\\\/Exaudi_notizie\\\/\",\"https:\\\/\\\/x.com\\\/Exaudi_Notizie\",\"https:\\\/\\\/www.youtube.com\\\/@exaudicatholicnews\"],\"url\":\"https:\\\/\\\/exaudi.org\\\/it\\\/author\\\/dlvedi-org\\\/\"}]}<\/script>\n<!-- \/ Yoast SEO plugin. -->","yoast_head_json":{"title":"Documentario sull'enciclica Laudato Si' &#8211; Exaudi","description":"Un documentario sull'enciclica di Papa Francesco Laudato Si' uscir\u00e0 in streaming all'inizio del prossimo anno su Youtube Originals","robots":{"index":"index","follow":"follow","max-snippet":"max-snippet:-1","max-image-preview":"max-image-preview:large","max-video-preview":"max-video-preview:-1"},"canonical":"https:\/\/exaudi.org\/it\/documentario-sullenciclica-laudato-si\/","og_locale":"it_IT","og_type":"article","og_title":"Documentario sull'enciclica Laudato Si' &#8211; Exaudi","og_description":"Un documentario sull'enciclica di Papa Francesco Laudato Si' uscir\u00e0 in streaming all'inizio del prossimo anno su Youtube Originals","og_url":"https:\/\/exaudi.org\/it\/documentario-sullenciclica-laudato-si\/","og_site_name":"Exaudi","article_publisher":"https:\/\/www.facebook.com\/ExaudiNews","article_author":"https:\/\/www.facebook.com\/ExaudiNotizie\/","article_published_time":"2021-09-16T12:44:53+00:00","og_image":[{"width":1447,"height":815,"url":"https:\/\/exaudi.org\/wp-content\/uploads\/2021\/09\/23ccc.jpeg","type":"image\/jpeg"}],"author":"Exaudi Redazione","twitter_card":"summary_large_image","twitter_creator":"@Exaudi_Notizie","twitter_site":"@Exaudi_News","twitter_misc":{"Scritto da":"Exaudi Redazione","Tempo di lettura stimato":"2 minuti"},"schema":{"@context":"https:\/\/schema.org","@graph":[{"@type":"Article","@id":"https:\/\/exaudi.org\/it\/documentario-sullenciclica-laudato-si\/#article","isPartOf":{"@id":"https:\/\/exaudi.org\/it\/documentario-sullenciclica-laudato-si\/"},"author":{"name":"Exaudi Redazione","@id":"https:\/\/exaudi.org\/#\/schema\/person\/e1ab6ed07c01774724dd96f925f3a5f0"},"headline":"Documentario sull&#8217;enciclica Laudato Si&#8217;","datePublished":"2021-09-16T12:44:53+00:00","mainEntityOfPage":{"@id":"https:\/\/exaudi.org\/it\/documentario-sullenciclica-laudato-si\/"},"wordCount":440,"image":{"@id":"https:\/\/exaudi.org\/it\/documentario-sullenciclica-laudato-si\/#primaryimage"},"thumbnailUrl":"https:\/\/exaudi.org\/wp-content\/uploads\/2021\/09\/23ccc.jpeg","keywords":["ambiente","cambiamento climatico","Laudato si'","Papa Francesco"],"articleSection":["Ecologia","Top Ultime Notizie","Ultime Notizie"],"inLanguage":"it-IT"},{"@type":"WebPage","@id":"https:\/\/exaudi.org\/it\/documentario-sullenciclica-laudato-si\/","url":"https:\/\/exaudi.org\/it\/documentario-sullenciclica-laudato-si\/","name":"Documentario sull'enciclica Laudato Si' &#8211; Exaudi","isPartOf":{"@id":"https:\/\/exaudi.org\/#website"},"primaryImageOfPage":{"@id":"https:\/\/exaudi.org\/it\/documentario-sullenciclica-laudato-si\/#primaryimage"},"image":{"@id":"https:\/\/exaudi.org\/it\/documentario-sullenciclica-laudato-si\/#primaryimage"},"thumbnailUrl":"https:\/\/exaudi.org\/wp-content\/uploads\/2021\/09\/23ccc.jpeg","datePublished":"2021-09-16T12:44:53+00:00","author":{"@id":"https:\/\/exaudi.org\/#\/schema\/person\/e1ab6ed07c01774724dd96f925f3a5f0"},"description":"Un documentario sull'enciclica di Papa Francesco Laudato Si' uscir\u00e0 in streaming all'inizio del prossimo anno su Youtube Originals","breadcrumb":{"@id":"https:\/\/exaudi.org\/it\/documentario-sullenciclica-laudato-si\/#breadcrumb"},"inLanguage":"it-IT","potentialAction":[{"@type":"ReadAction","target":["https:\/\/exaudi.org\/it\/documentario-sullenciclica-laudato-si\/"]}]},{"@type":"ImageObject","inLanguage":"it-IT","@id":"https:\/\/exaudi.org\/it\/documentario-sullenciclica-laudato-si\/#primaryimage","url":"https:\/\/exaudi.org\/wp-content\/uploads\/2021\/09\/23ccc.jpeg","contentUrl":"https:\/\/exaudi.org\/wp-content\/uploads\/2021\/09\/23ccc.jpeg","width":1447,"height":815,"caption":"The Pope at the Mass in \u0160a\u0161t\u00edn, Slovakia \u00a9 Vatican Media"},{"@type":"BreadcrumbList","@id":"https:\/\/exaudi.org\/it\/documentario-sullenciclica-laudato-si\/#breadcrumb","itemListElement":[{"@type":"ListItem","position":1,"name":"Portada","item":"https:\/\/exaudi.org\/it\/"},{"@type":"ListItem","position":2,"name":"Documentario sull&#8217;enciclica Laudato Si&#8217;"}]},{"@type":"WebSite","@id":"https:\/\/exaudi.org\/#website","url":"https:\/\/exaudi.org\/","name":"Exaudi","description":"News","potentialAction":[{"@type":"SearchAction","target":{"@type":"EntryPoint","urlTemplate":"https:\/\/exaudi.org\/?s={search_term_string}"},"query-input":{"@type":"PropertyValueSpecification","valueRequired":true,"valueName":"search_term_string"}}],"inLanguage":"it-IT"},{"@type":"Person","@id":"https:\/\/exaudi.org\/#\/schema\/person\/e1ab6ed07c01774724dd96f925f3a5f0","name":"Exaudi Redazione","image":{"@type":"ImageObject","inLanguage":"it-IT","@id":"https:\/\/secure.gravatar.com\/avatar\/ad6774b3ada023bf5b939d64f45c94b3adf91502dd883507d469b4308a943bb3?s=96&d=mm&r=g","url":"https:\/\/secure.gravatar.com\/avatar\/ad6774b3ada023bf5b939d64f45c94b3adf91502dd883507d469b4308a943bb3?s=96&d=mm&r=g","contentUrl":"https:\/\/secure.gravatar.com\/avatar\/ad6774b3ada023bf5b939d64f45c94b3adf91502dd883507d469b4308a943bb3?s=96&d=mm&r=g","caption":"Exaudi Redazione"},"description":"Che cosa \u00e8 Exaudi News? Exaudi News \u00e8 un agenzia cattolica internazionale che informa, istruisce e trasforma quotidianamente in spagnolo, inglese e italiano. Attraverso notizie, articoli di analisi e trasmissioni in diretta degli eventi del Papa, Exaudi cerca di rafforzare l'unit\u00e0 dei cristiani e di contribuire all'evangelizzazione del mondo, sempre guidato dalla dottrina sociale della Chiesa. Lavoriamo per portare la verit\u00e0 e i valori cristiani in ogni angolo del pianeta. Aiutaci a trasformare il mondo con Exaudi! Noi di Exaudi crediamo che l'evangelizzazione e l'informazione di qualit\u00e0 possano cambiare la vita. Per continuare la nostra missione ed espandere la nostra portata, abbiamo bisogno del tuo aiuto. Stiamo anche cercando persone motivate che vogliano unirsi al nostro team. Grazie al vostro sostegno raggiungeremo pi\u00f9 persone, diffonderemo il messaggio di Cristo e rafforzeremo l'unit\u00e0 dei cristiani. Vuoi unirti alla nostra missione? Per maggiori informazioni su come contribuire, visita Exaudi.org\/it o contattaci direttamente: info@exaudi.org Exaudi: informa, forma e trasforma.","sameAs":["https:\/\/www.facebook.com\/ExaudiNotizie\/","https:\/\/www.instagram.com\/Exaudi_notizie\/","https:\/\/x.com\/Exaudi_Notizie","https:\/\/www.youtube.com\/@exaudicatholicnews"],"url":"https:\/\/exaudi.org\/it\/author\/dlvedi-org\/"}]}},"jetpack_featured_media_url":"https:\/\/exaudi.org\/wp-content\/uploads\/2021\/09\/23ccc.jpeg","jetpack_shortlink":"https:\/\/wp.me\/pgKjF2-8MJ","_links":{"self":[{"href":"https:\/\/exaudi.org\/it\/wp-json\/wp\/v2\/posts\/33773","targetHints":{"allow":["GET"]}}],"collection":[{"href":"https:\/\/exaudi.org\/it\/wp-json\/wp\/v2\/posts"}],"about":[{"href":"https:\/\/exaudi.org\/it\/wp-json\/wp\/v2\/types\/post"}],"author":[{"embeddable":true,"href":"https:\/\/exaudi.org\/it\/wp-json\/wp\/v2\/users\/17"}],"replies":[{"embeddable":true,"href":"https:\/\/exaudi.org\/it\/wp-json\/wp\/v2\/comments?post=33773"}],"version-history":[{"count":0,"href":"https:\/\/exaudi.org\/it\/wp-json\/wp\/v2\/posts\/33773\/revisions"}],"wp:featuredmedia":[{"embeddable":true,"href":"https:\/\/exaudi.org\/it\/wp-json\/wp\/v2\/media\/33738"}],"wp:attachment":[{"href":"https:\/\/exaudi.org\/it\/wp-json\/wp\/v2\/media?parent=33773"}],"wp:term":[{"taxonomy":"category","embeddable":true,"href":"https:\/\/exaudi.org\/it\/wp-json\/wp\/v2\/categories?post=33773"},{"taxonomy":"post_tag","embeddable":true,"href":"https:\/\/exaudi.org\/it\/wp-json\/wp\/v2\/tags?post=33773"}],"curies":[{"name":"wp","href":"https:\/\/api.w.org\/{rel}","templated":true}]}}