{"id":33558,"date":"2021-09-15T09:35:32","date_gmt":"2021-09-15T07:35:32","guid":{"rendered":"https:\/\/exaudi.wpengine.com\/?p=33558"},"modified":"2021-09-15T09:05:53","modified_gmt":"2021-09-15T07:05:53","slug":"francesco-affida-la-slovacchia-a-maria","status":"publish","type":"post","link":"https:\/\/exaudi.org\/it\/francesco-affida-la-slovacchia-a-maria\/","title":{"rendered":"Francesco affida la Slovacchia a Maria"},"content":{"rendered":"<p>Ultimo giorno del viaggio apostolico in Slovacchia di Papa Francesco. Dopo gli incontri di ieri, tra cui quello con i <a href=\"https:\/\/exaudi.wpengine.com\/it\/la-confessione-e-il-sacramento-della-gioia\/\">giovani<\/a>, il Pontefice questa mattina ha lasciato la Nunziatura a Bratislava e si \u00e8 recato in auto al Santuario Nazionale di \u0160a\u0161t\u00edn. Nel giorno in cui la Chiesa fa memoria della Madonna Addolorata, Patrona del Paese, il S. Padre, prima di celebrare la Messa, ha pregato con i vescovi nella Basilica dei Sette Dolori della Vergine Maria. Ecco il testo della preghiera di affidamento che il Papa ha pronunciato insieme ai vescovi slovacchi:<\/p>\n<h4>Affidamento a Maria<\/h4>\n<p>Nostra Signora dei sette dolori, siamo riuniti qui davanti a te come fratelli, grati al Signore per il Suo amore misericordioso. E tu sei qui con noi, come con gli Apostoli nel Cenacolo. Madre della Chiesa e Consolatrice degli afflitti, con fiducia ci rivolgiamo a te, nelle gioie e nelle fatiche del nostro ministero. Guardaci con tenerezza e accoglici tra le tue braccia.<\/p>\n<p>Regina degli Apostoli e Rifugio dei peccatori, che conosci i nostri limiti umani, i fallimenti spirituali, il dolore per la solitudine e l\u2019abbandono: risana con la tua dolcezza le nostre ferite. Madre di Dio e Madre nostra, ti affidiamo la nostra vita e la nostra patria, ti affidiamo la nostra stessa comunione episcopale. Ottienici la grazia di vivere con fedelt\u00e0 quotidiana le parole che il tuo Figlio Ges\u00f9 ci ha insegnato e che ora, in lui e con lui, rivolgiamo a Dio nostro Padre.<\/p>\n<p>Dopo la recita del Padre Nostro, il Papa ha concluso il momento di preghiera con questa orazione: O Dio, che concedi alla tua Chiesa di imitare la beata Vergine Maria nella contemplazione della passione di Cristo, donaci, per sua intercessione, di conformarci sempre pi\u00f9 al tuo Figlio unigenito e di giungere alla pienezza della sua grazia. Egli vive e regna nei secoli dei secoli.<\/p>\n<p>Il Santo Padre ha quindi fatto un giro a bordo della papamobile tra i fedeli prima di accingersi a celebrare la Messa.<\/p>\n","protected":false},"excerpt":{"rendered":"<p>Preghiera con i vescovi nel giorno della festa dell&#8217;Addolorata, patrona del Paese<\/p>\n","protected":false},"author":17,"featured_media":33559,"comment_status":"closed","ping_status":"closed","sticky":false,"template":"","format":"standard","meta":{"_acf_changed":false,"_crdt_document":"","inline_featured_image":false,"footnotes":""},"categories":[67,297,119],"tags":[4154,2487,1156,251,578,3200],"class_list":["post-33558","post","type-post","status-publish","format-standard","has-post-thumbnail","hentry","category-leone-xiv","category-ultime-notizie","category-viaggi","tag-addolorata","tag-featured-3","tag-maria","tag-papa-francesco","tag-preghiera","tag-slovacchia"],"acf":[],"yoast_head":"<!-- This site is optimized with the Yoast SEO plugin v27.5 - https:\/\/yoast.com\/product\/yoast-seo-wordpress\/ -->\n<title>Francesco affida la Slovacchia a Maria &#8211; Exaudi<\/title>\n<meta name=\"description\" content=\"Ultimo giorno della visita del Papa in Slovacchia: nel santuario di \u0160a\u0161t\u00edn preghiera con i vescovi per affidare il Paese a Maria\" \/>\n<meta name=\"robots\" content=\"index, follow, max-snippet:-1, max-image-preview:large, max-video-preview:-1\" \/>\n<link rel=\"canonical\" href=\"https:\/\/exaudi.org\/it\/francesco-affida-la-slovacchia-a-maria\/\" \/>\n<meta property=\"og:locale\" content=\"it_IT\" \/>\n<meta property=\"og:type\" content=\"article\" \/>\n<meta property=\"og:title\" content=\"Francesco affida la Slovacchia a Maria &#8211; Exaudi\" \/>\n<meta property=\"og:description\" content=\"Ultimo giorno della visita del Papa in Slovacchia: nel santuario di \u0160a\u0161t\u00edn preghiera con i vescovi per affidare il Paese a Maria\" \/>\n<meta property=\"og:url\" content=\"https:\/\/exaudi.org\/it\/francesco-affida-la-slovacchia-a-maria\/\" \/>\n<meta property=\"og:site_name\" content=\"Exaudi\" \/>\n<meta property=\"article:publisher\" content=\"https:\/\/www.facebook.com\/ExaudiNews\" \/>\n<meta property=\"article:author\" content=\"https:\/\/www.facebook.com\/ExaudiNotizie\/\" \/>\n<meta property=\"article:published_time\" content=\"2021-09-15T07:35:32+00:00\" \/>\n<meta property=\"og:image\" content=\"https:\/\/exaudi.org\/wp-content\/uploads\/2021\/09\/SANTUARIO.jpg\" \/>\n\t<meta property=\"og:image:width\" content=\"1350\" \/>\n\t<meta property=\"og:image:height\" content=\"750\" \/>\n\t<meta property=\"og:image:type\" content=\"image\/jpeg\" \/>\n<meta name=\"author\" content=\"Exaudi Redazione\" \/>\n<meta name=\"twitter:card\" content=\"summary_large_image\" \/>\n<meta name=\"twitter:creator\" content=\"@Exaudi_Notizie\" \/>\n<meta name=\"twitter:site\" content=\"@Exaudi_News\" \/>\n<meta name=\"twitter:label1\" content=\"Scritto da\" \/>\n\t<meta name=\"twitter:data1\" content=\"Exaudi Redazione\" \/>\n\t<meta name=\"twitter:label2\" content=\"Tempo di lettura stimato\" \/>\n\t<meta name=\"twitter:data2\" content=\"2 minuti\" \/>\n<script type=\"application\/ld+json\" class=\"yoast-schema-graph\">{\"@context\":\"https:\\\/\\\/schema.org\",\"@graph\":[{\"@type\":\"Article\",\"@id\":\"https:\\\/\\\/exaudi.org\\\/it\\\/francesco-affida-la-slovacchia-a-maria\\\/#article\",\"isPartOf\":{\"@id\":\"https:\\\/\\\/exaudi.org\\\/it\\\/francesco-affida-la-slovacchia-a-maria\\\/\"},\"author\":{\"name\":\"Exaudi Redazione\",\"@id\":\"https:\\\/\\\/exaudi.org\\\/#\\\/schema\\\/person\\\/e1ab6ed07c01774724dd96f925f3a5f0\"},\"headline\":\"Francesco affida la Slovacchia a Maria\",\"datePublished\":\"2021-09-15T07:35:32+00:00\",\"mainEntityOfPage\":{\"@id\":\"https:\\\/\\\/exaudi.org\\\/it\\\/francesco-affida-la-slovacchia-a-maria\\\/\"},\"wordCount\":337,\"image\":{\"@id\":\"https:\\\/\\\/exaudi.org\\\/it\\\/francesco-affida-la-slovacchia-a-maria\\\/#primaryimage\"},\"thumbnailUrl\":\"https:\\\/\\\/exaudi.org\\\/wp-content\\\/uploads\\\/2021\\\/09\\\/SANTUARIO.jpg\",\"keywords\":[\"Addolorata\",\"Featured\",\"Maria\",\"Papa Francesco\",\"preghiera\",\"Slovacchia\"],\"articleSection\":[\"Leone XIV\",\"Ultime Notizie\",\"Viaggi\"],\"inLanguage\":\"it-IT\"},{\"@type\":\"WebPage\",\"@id\":\"https:\\\/\\\/exaudi.org\\\/it\\\/francesco-affida-la-slovacchia-a-maria\\\/\",\"url\":\"https:\\\/\\\/exaudi.org\\\/it\\\/francesco-affida-la-slovacchia-a-maria\\\/\",\"name\":\"Francesco affida la Slovacchia a Maria &#8211; Exaudi\",\"isPartOf\":{\"@id\":\"https:\\\/\\\/exaudi.org\\\/#website\"},\"primaryImageOfPage\":{\"@id\":\"https:\\\/\\\/exaudi.org\\\/it\\\/francesco-affida-la-slovacchia-a-maria\\\/#primaryimage\"},\"image\":{\"@id\":\"https:\\\/\\\/exaudi.org\\\/it\\\/francesco-affida-la-slovacchia-a-maria\\\/#primaryimage\"},\"thumbnailUrl\":\"https:\\\/\\\/exaudi.org\\\/wp-content\\\/uploads\\\/2021\\\/09\\\/SANTUARIO.jpg\",\"datePublished\":\"2021-09-15T07:35:32+00:00\",\"author\":{\"@id\":\"https:\\\/\\\/exaudi.org\\\/#\\\/schema\\\/person\\\/e1ab6ed07c01774724dd96f925f3a5f0\"},\"description\":\"Ultimo giorno della visita del Papa in Slovacchia: nel santuario di \u0160a\u0161t\u00edn preghiera con i vescovi per affidare il Paese a Maria\",\"breadcrumb\":{\"@id\":\"https:\\\/\\\/exaudi.org\\\/it\\\/francesco-affida-la-slovacchia-a-maria\\\/#breadcrumb\"},\"inLanguage\":\"it-IT\",\"potentialAction\":[{\"@type\":\"ReadAction\",\"target\":[\"https:\\\/\\\/exaudi.org\\\/it\\\/francesco-affida-la-slovacchia-a-maria\\\/\"]}]},{\"@type\":\"ImageObject\",\"inLanguage\":\"it-IT\",\"@id\":\"https:\\\/\\\/exaudi.org\\\/it\\\/francesco-affida-la-slovacchia-a-maria\\\/#primaryimage\",\"url\":\"https:\\\/\\\/exaudi.org\\\/wp-content\\\/uploads\\\/2021\\\/09\\\/SANTUARIO.jpg\",\"contentUrl\":\"https:\\\/\\\/exaudi.org\\\/wp-content\\\/uploads\\\/2021\\\/09\\\/SANTUARIO.jpg\",\"width\":1350,\"height\":750,\"caption\":\"Il santuario della Madonna dei sette dolori a \u0160a\u0161t\u00edn (C) Vatican Media\"},{\"@type\":\"BreadcrumbList\",\"@id\":\"https:\\\/\\\/exaudi.org\\\/it\\\/francesco-affida-la-slovacchia-a-maria\\\/#breadcrumb\",\"itemListElement\":[{\"@type\":\"ListItem\",\"position\":1,\"name\":\"Portada\",\"item\":\"https:\\\/\\\/exaudi.org\\\/it\\\/\"},{\"@type\":\"ListItem\",\"position\":2,\"name\":\"Francesco affida la Slovacchia a Maria\"}]},{\"@type\":\"WebSite\",\"@id\":\"https:\\\/\\\/exaudi.org\\\/#website\",\"url\":\"https:\\\/\\\/exaudi.org\\\/\",\"name\":\"Exaudi\",\"description\":\"News\",\"potentialAction\":[{\"@type\":\"SearchAction\",\"target\":{\"@type\":\"EntryPoint\",\"urlTemplate\":\"https:\\\/\\\/exaudi.org\\\/?s={search_term_string}\"},\"query-input\":{\"@type\":\"PropertyValueSpecification\",\"valueRequired\":true,\"valueName\":\"search_term_string\"}}],\"inLanguage\":\"it-IT\"},{\"@type\":\"Person\",\"@id\":\"https:\\\/\\\/exaudi.org\\\/#\\\/schema\\\/person\\\/e1ab6ed07c01774724dd96f925f3a5f0\",\"name\":\"Exaudi Redazione\",\"image\":{\"@type\":\"ImageObject\",\"inLanguage\":\"it-IT\",\"@id\":\"https:\\\/\\\/secure.gravatar.com\\\/avatar\\\/ad6774b3ada023bf5b939d64f45c94b3adf91502dd883507d469b4308a943bb3?s=96&d=mm&r=g\",\"url\":\"https:\\\/\\\/secure.gravatar.com\\\/avatar\\\/ad6774b3ada023bf5b939d64f45c94b3adf91502dd883507d469b4308a943bb3?s=96&d=mm&r=g\",\"contentUrl\":\"https:\\\/\\\/secure.gravatar.com\\\/avatar\\\/ad6774b3ada023bf5b939d64f45c94b3adf91502dd883507d469b4308a943bb3?s=96&d=mm&r=g\",\"caption\":\"Exaudi Redazione\"},\"description\":\"Che cosa \u00e8 Exaudi News? Exaudi News \u00e8 un agenzia cattolica internazionale che informa, istruisce e trasforma quotidianamente in spagnolo, inglese e italiano. Attraverso notizie, articoli di analisi e trasmissioni in diretta degli eventi del Papa, Exaudi cerca di rafforzare l'unit\u00e0 dei cristiani e di contribuire all'evangelizzazione del mondo, sempre guidato dalla dottrina sociale della Chiesa. Lavoriamo per portare la verit\u00e0 e i valori cristiani in ogni angolo del pianeta. Aiutaci a trasformare il mondo con Exaudi! Noi di Exaudi crediamo che l'evangelizzazione e l'informazione di qualit\u00e0 possano cambiare la vita. Per continuare la nostra missione ed espandere la nostra portata, abbiamo bisogno del tuo aiuto. Stiamo anche cercando persone motivate che vogliano unirsi al nostro team. Grazie al vostro sostegno raggiungeremo pi\u00f9 persone, diffonderemo il messaggio di Cristo e rafforzeremo l'unit\u00e0 dei cristiani. Vuoi unirti alla nostra missione? Per maggiori informazioni su come contribuire, visita Exaudi.org\\\/it o contattaci direttamente: info@exaudi.org Exaudi: informa, forma e trasforma.\",\"sameAs\":[\"https:\\\/\\\/www.facebook.com\\\/ExaudiNotizie\\\/\",\"https:\\\/\\\/www.instagram.com\\\/Exaudi_notizie\\\/\",\"https:\\\/\\\/x.com\\\/Exaudi_Notizie\",\"https:\\\/\\\/www.youtube.com\\\/@exaudicatholicnews\"],\"url\":\"https:\\\/\\\/exaudi.org\\\/it\\\/author\\\/dlvedi-org\\\/\"}]}<\/script>\n<!-- \/ Yoast SEO plugin. -->","yoast_head_json":{"title":"Francesco affida la Slovacchia a Maria &#8211; Exaudi","description":"Ultimo giorno della visita del Papa in Slovacchia: nel santuario di \u0160a\u0161t\u00edn preghiera con i vescovi per affidare il Paese a Maria","robots":{"index":"index","follow":"follow","max-snippet":"max-snippet:-1","max-image-preview":"max-image-preview:large","max-video-preview":"max-video-preview:-1"},"canonical":"https:\/\/exaudi.org\/it\/francesco-affida-la-slovacchia-a-maria\/","og_locale":"it_IT","og_type":"article","og_title":"Francesco affida la Slovacchia a Maria &#8211; Exaudi","og_description":"Ultimo giorno della visita del Papa in Slovacchia: nel santuario di \u0160a\u0161t\u00edn preghiera con i vescovi per affidare il Paese a Maria","og_url":"https:\/\/exaudi.org\/it\/francesco-affida-la-slovacchia-a-maria\/","og_site_name":"Exaudi","article_publisher":"https:\/\/www.facebook.com\/ExaudiNews","article_author":"https:\/\/www.facebook.com\/ExaudiNotizie\/","article_published_time":"2021-09-15T07:35:32+00:00","og_image":[{"width":1350,"height":750,"url":"https:\/\/exaudi.org\/wp-content\/uploads\/2021\/09\/SANTUARIO.jpg","type":"image\/jpeg"}],"author":"Exaudi Redazione","twitter_card":"summary_large_image","twitter_creator":"@Exaudi_Notizie","twitter_site":"@Exaudi_News","twitter_misc":{"Scritto da":"Exaudi Redazione","Tempo di lettura stimato":"2 minuti"},"schema":{"@context":"https:\/\/schema.org","@graph":[{"@type":"Article","@id":"https:\/\/exaudi.org\/it\/francesco-affida-la-slovacchia-a-maria\/#article","isPartOf":{"@id":"https:\/\/exaudi.org\/it\/francesco-affida-la-slovacchia-a-maria\/"},"author":{"name":"Exaudi Redazione","@id":"https:\/\/exaudi.org\/#\/schema\/person\/e1ab6ed07c01774724dd96f925f3a5f0"},"headline":"Francesco affida la Slovacchia a Maria","datePublished":"2021-09-15T07:35:32+00:00","mainEntityOfPage":{"@id":"https:\/\/exaudi.org\/it\/francesco-affida-la-slovacchia-a-maria\/"},"wordCount":337,"image":{"@id":"https:\/\/exaudi.org\/it\/francesco-affida-la-slovacchia-a-maria\/#primaryimage"},"thumbnailUrl":"https:\/\/exaudi.org\/wp-content\/uploads\/2021\/09\/SANTUARIO.jpg","keywords":["Addolorata","Featured","Maria","Papa Francesco","preghiera","Slovacchia"],"articleSection":["Leone XIV","Ultime Notizie","Viaggi"],"inLanguage":"it-IT"},{"@type":"WebPage","@id":"https:\/\/exaudi.org\/it\/francesco-affida-la-slovacchia-a-maria\/","url":"https:\/\/exaudi.org\/it\/francesco-affida-la-slovacchia-a-maria\/","name":"Francesco affida la Slovacchia a Maria &#8211; Exaudi","isPartOf":{"@id":"https:\/\/exaudi.org\/#website"},"primaryImageOfPage":{"@id":"https:\/\/exaudi.org\/it\/francesco-affida-la-slovacchia-a-maria\/#primaryimage"},"image":{"@id":"https:\/\/exaudi.org\/it\/francesco-affida-la-slovacchia-a-maria\/#primaryimage"},"thumbnailUrl":"https:\/\/exaudi.org\/wp-content\/uploads\/2021\/09\/SANTUARIO.jpg","datePublished":"2021-09-15T07:35:32+00:00","author":{"@id":"https:\/\/exaudi.org\/#\/schema\/person\/e1ab6ed07c01774724dd96f925f3a5f0"},"description":"Ultimo giorno della visita del Papa in Slovacchia: nel santuario di \u0160a\u0161t\u00edn preghiera con i vescovi per affidare il Paese a Maria","breadcrumb":{"@id":"https:\/\/exaudi.org\/it\/francesco-affida-la-slovacchia-a-maria\/#breadcrumb"},"inLanguage":"it-IT","potentialAction":[{"@type":"ReadAction","target":["https:\/\/exaudi.org\/it\/francesco-affida-la-slovacchia-a-maria\/"]}]},{"@type":"ImageObject","inLanguage":"it-IT","@id":"https:\/\/exaudi.org\/it\/francesco-affida-la-slovacchia-a-maria\/#primaryimage","url":"https:\/\/exaudi.org\/wp-content\/uploads\/2021\/09\/SANTUARIO.jpg","contentUrl":"https:\/\/exaudi.org\/wp-content\/uploads\/2021\/09\/SANTUARIO.jpg","width":1350,"height":750,"caption":"Il santuario della Madonna dei sette dolori a \u0160a\u0161t\u00edn (C) Vatican Media"},{"@type":"BreadcrumbList","@id":"https:\/\/exaudi.org\/it\/francesco-affida-la-slovacchia-a-maria\/#breadcrumb","itemListElement":[{"@type":"ListItem","position":1,"name":"Portada","item":"https:\/\/exaudi.org\/it\/"},{"@type":"ListItem","position":2,"name":"Francesco affida la Slovacchia a Maria"}]},{"@type":"WebSite","@id":"https:\/\/exaudi.org\/#website","url":"https:\/\/exaudi.org\/","name":"Exaudi","description":"News","potentialAction":[{"@type":"SearchAction","target":{"@type":"EntryPoint","urlTemplate":"https:\/\/exaudi.org\/?s={search_term_string}"},"query-input":{"@type":"PropertyValueSpecification","valueRequired":true,"valueName":"search_term_string"}}],"inLanguage":"it-IT"},{"@type":"Person","@id":"https:\/\/exaudi.org\/#\/schema\/person\/e1ab6ed07c01774724dd96f925f3a5f0","name":"Exaudi Redazione","image":{"@type":"ImageObject","inLanguage":"it-IT","@id":"https:\/\/secure.gravatar.com\/avatar\/ad6774b3ada023bf5b939d64f45c94b3adf91502dd883507d469b4308a943bb3?s=96&d=mm&r=g","url":"https:\/\/secure.gravatar.com\/avatar\/ad6774b3ada023bf5b939d64f45c94b3adf91502dd883507d469b4308a943bb3?s=96&d=mm&r=g","contentUrl":"https:\/\/secure.gravatar.com\/avatar\/ad6774b3ada023bf5b939d64f45c94b3adf91502dd883507d469b4308a943bb3?s=96&d=mm&r=g","caption":"Exaudi Redazione"},"description":"Che cosa \u00e8 Exaudi News? Exaudi News \u00e8 un agenzia cattolica internazionale che informa, istruisce e trasforma quotidianamente in spagnolo, inglese e italiano. Attraverso notizie, articoli di analisi e trasmissioni in diretta degli eventi del Papa, Exaudi cerca di rafforzare l'unit\u00e0 dei cristiani e di contribuire all'evangelizzazione del mondo, sempre guidato dalla dottrina sociale della Chiesa. Lavoriamo per portare la verit\u00e0 e i valori cristiani in ogni angolo del pianeta. Aiutaci a trasformare il mondo con Exaudi! Noi di Exaudi crediamo che l'evangelizzazione e l'informazione di qualit\u00e0 possano cambiare la vita. Per continuare la nostra missione ed espandere la nostra portata, abbiamo bisogno del tuo aiuto. Stiamo anche cercando persone motivate che vogliano unirsi al nostro team. Grazie al vostro sostegno raggiungeremo pi\u00f9 persone, diffonderemo il messaggio di Cristo e rafforzeremo l'unit\u00e0 dei cristiani. Vuoi unirti alla nostra missione? Per maggiori informazioni su come contribuire, visita Exaudi.org\/it o contattaci direttamente: info@exaudi.org Exaudi: informa, forma e trasforma.","sameAs":["https:\/\/www.facebook.com\/ExaudiNotizie\/","https:\/\/www.instagram.com\/Exaudi_notizie\/","https:\/\/x.com\/Exaudi_Notizie","https:\/\/www.youtube.com\/@exaudicatholicnews"],"url":"https:\/\/exaudi.org\/it\/author\/dlvedi-org\/"}]}},"jetpack_featured_media_url":"https:\/\/exaudi.org\/wp-content\/uploads\/2021\/09\/SANTUARIO.jpg","jetpack_shortlink":"https:\/\/wp.me\/pgKjF2-8Jg","_links":{"self":[{"href":"https:\/\/exaudi.org\/it\/wp-json\/wp\/v2\/posts\/33558","targetHints":{"allow":["GET"]}}],"collection":[{"href":"https:\/\/exaudi.org\/it\/wp-json\/wp\/v2\/posts"}],"about":[{"href":"https:\/\/exaudi.org\/it\/wp-json\/wp\/v2\/types\/post"}],"author":[{"embeddable":true,"href":"https:\/\/exaudi.org\/it\/wp-json\/wp\/v2\/users\/17"}],"replies":[{"embeddable":true,"href":"https:\/\/exaudi.org\/it\/wp-json\/wp\/v2\/comments?post=33558"}],"version-history":[{"count":0,"href":"https:\/\/exaudi.org\/it\/wp-json\/wp\/v2\/posts\/33558\/revisions"}],"wp:featuredmedia":[{"embeddable":true,"href":"https:\/\/exaudi.org\/it\/wp-json\/wp\/v2\/media\/33559"}],"wp:attachment":[{"href":"https:\/\/exaudi.org\/it\/wp-json\/wp\/v2\/media?parent=33558"}],"wp:term":[{"taxonomy":"category","embeddable":true,"href":"https:\/\/exaudi.org\/it\/wp-json\/wp\/v2\/categories?post=33558"},{"taxonomy":"post_tag","embeddable":true,"href":"https:\/\/exaudi.org\/it\/wp-json\/wp\/v2\/tags?post=33558"}],"curies":[{"name":"wp","href":"https:\/\/api.w.org\/{rel}","templated":true}]}}