{"id":33321,"date":"2021-09-14T13:44:14","date_gmt":"2021-09-14T11:44:14","guid":{"rendered":"https:\/\/exaudi.wpengine.com\/?p=33321"},"modified":"2021-09-14T13:44:14","modified_gmt":"2021-09-14T11:44:14","slug":"senza-croce-il-cristianesimo-e-mondano-e-sterile","status":"publish","type":"post","link":"https:\/\/exaudi.org\/it\/senza-croce-il-cristianesimo-e-mondano-e-sterile\/","title":{"rendered":"Senza Croce il cristianesimo \u00e8 mondano e sterile"},"content":{"rendered":"<p>Nella festa dell\u2019Esaltazione della S. Croce, il Papa ha ricordato che \u201cil cristianesimo senza Croce \u00e8 mondano\u201d. Il terzo giorno del <a href=\"https:\/\/exaudi.wpengine.com\/it\/la-chiesa-sia-segno-di-liberta-e-accoglienza\/\">viaggio<\/a> del S. Padre in Slovacchia \u00e8 iniziato con il trasferimento in aereo da Bratislava a Ko\u0161ice. Qui il Papa \u00e8 stato accolto dall\u2019Arcivescovo mons. Bernard Bober, e dall\u2019Eparca di Ko\u0161ice per i cattolici di rito bizantino, mons. Cyril Vasil\u2019 (che per oltre 10 anni \u00e8 stato segretario della Congregazione per le Chiese orientali in Vaticano), dal sindaco e da altre autorit\u00e0. Quindi il trasferimento in auto al Mestsk\u00e1 \u0160portova hala di Pre\u0161ov.<\/p>\n<figure id=\"attachment_33348\" aria-describedby=\"caption-attachment-33348\" style=\"width: 300px\" class=\"wp-caption alignleft\"><img loading=\"lazy\" decoding=\"async\" class=\"size-medium wp-image-33348\" src=\"https:\/\/exaudi.wpengine.com\/wp-content\/uploads\/2021\/09\/papa-sale-300x200.jpg\" alt=\"\" width=\"300\" height=\"200\" srcset=\"https:\/\/exaudi.org\/wp-content\/uploads\/2021\/09\/papa-sale-300x200.jpg 300w, https:\/\/exaudi.org\/wp-content\/uploads\/2021\/09\/papa-sale-1024x683.jpg 1024w, https:\/\/exaudi.org\/wp-content\/uploads\/2021\/09\/papa-sale-768x512.jpg 768w, https:\/\/exaudi.org\/wp-content\/uploads\/2021\/09\/papa-sale-1536x1024.jpg 1536w, https:\/\/exaudi.org\/wp-content\/uploads\/2021\/09\/papa-sale-2048x1366.jpg 2048w, https:\/\/exaudi.org\/wp-content\/uploads\/2021\/09\/papa-sale-150x100.jpg 150w, https:\/\/exaudi.org\/wp-content\/uploads\/2021\/09\/papa-sale-696x464.jpg 696w, https:\/\/exaudi.org\/wp-content\/uploads\/2021\/09\/papa-sale-1068x712.jpg 1068w, https:\/\/exaudi.org\/wp-content\/uploads\/2021\/09\/papa-sale-1920x1280.jpg 1920w, https:\/\/exaudi.org\/wp-content\/uploads\/2021\/09\/papa-sale-630x420.jpg 630w\" sizes=\"auto, (max-width: 300px) 100vw, 300px\" \/><figcaption id=\"caption-attachment-33348\" class=\"wp-caption-text\">(C) Vatican Media<\/figcaption><\/figure>\n<p>Ad accogliere Papa Francesco nella citt\u00e0 della Slovacchia orientale, a pochi chilometri dal confine ungherese, il Metropolita di Pre\u0161ov, mons. J\u00e1n Babjak, S.I., con cui il Santo Padre ha fatto alcuni giri tra i fedeli nella piazza a bordo della papamobile. Alle 10.30 \u00e8 iniziata la Divina Liturgia Bizantina di San Giovanni Crisostomo, un rito piuttosto lungo rispetto a quello latino, al quale hanno partecipato oltre 30.000 fedeli.\u00a0 Queste le parole del Papa all\u2019omelia:<\/p>\n<h4>Da uno strumento di morte \u00e8 giunta la vita<\/h4>\n<p>\u00abNoi \u2013 dichiara san Paolo \u2013 annunciamo Cristo crocifisso [\u2026], potenza di Dio e sapienza di Dio\u00bb. D\u2019altra parte, l\u2019Apostolo non nasconde che la croce, agli occhi della sapienza umana, rappresenta tutt\u2019altro: \u00e8 \u00abscandalo\u00bb, \u00abstoltezza\u00bb. La croce era strumento di morte, eppure da l\u00ec \u00e8 venuta la vita. Era ci\u00f2 che nessuno voleva guardare, eppure ci ha rivelato la bellezza dell\u2019amore di Dio. Per questo il santo Popolo di Dio la venera e la Liturgia la celebra nella festa odierna.<\/p>\n<figure id=\"attachment_33354\" aria-describedby=\"caption-attachment-33354\" style=\"width: 300px\" class=\"wp-caption alignright\"><img loading=\"lazy\" decoding=\"async\" class=\"size-medium wp-image-33354\" src=\"https:\/\/exaudi.wpengine.com\/wp-content\/uploads\/2021\/09\/papamobile-300x200.jpg\" alt=\"\" width=\"300\" height=\"200\" srcset=\"https:\/\/exaudi.org\/wp-content\/uploads\/2021\/09\/papamobile-300x200.jpg 300w, https:\/\/exaudi.org\/wp-content\/uploads\/2021\/09\/papamobile-1024x683.jpg 1024w, https:\/\/exaudi.org\/wp-content\/uploads\/2021\/09\/papamobile-768x512.jpg 768w, https:\/\/exaudi.org\/wp-content\/uploads\/2021\/09\/papamobile-1536x1024.jpg 1536w, https:\/\/exaudi.org\/wp-content\/uploads\/2021\/09\/papamobile-2048x1365.jpg 2048w, https:\/\/exaudi.org\/wp-content\/uploads\/2021\/09\/papamobile-150x100.jpg 150w, https:\/\/exaudi.org\/wp-content\/uploads\/2021\/09\/papamobile-696x464.jpg 696w, https:\/\/exaudi.org\/wp-content\/uploads\/2021\/09\/papamobile-1068x712.jpg 1068w, https:\/\/exaudi.org\/wp-content\/uploads\/2021\/09\/papamobile-1920x1280.jpg 1920w, https:\/\/exaudi.org\/wp-content\/uploads\/2021\/09\/papamobile-630x420.jpg 630w\" sizes=\"auto, (max-width: 300px) 100vw, 300px\" \/><figcaption id=\"caption-attachment-33354\" class=\"wp-caption-text\">Il Papa tra i fedeli in piazza (C) Vatican Media<\/figcaption><\/figure>\n<p>Il Vangelo di San Giovanni ci prende per mano e ci aiuta a entrare in questo mistero. L\u2019evangelista, infatti, stava proprio l\u00ec, sotto la croce. Contempla Ges\u00f9, gi\u00e0 morto, appeso al legno, e scrive: \u00abChi ha visto ne d\u00e0 testimonianza\u00bb. San Giovanni vede e testimonia. Prima di tutto c\u2019\u00e8 il vedere. Ma che cosa ha visto Giovanni sotto la croce? Certamente quello che hanno visto gli altri: Ges\u00f9, innocente e buono, muore brutalmente tra due malfattori. Una delle tante ingiustizie, uno dei tanti sacrifici cruenti che non cambiano la storia, l\u2019ennesima dimostrazione che il corso delle vicende nel mondo non muta: i buoni vengono tolti di mezzo e i malvagi vincono e prosperano.<\/p>\n<h4>Il \u201cfallimento\u201d della Croce<\/h4>\n<p>Agli occhi del mondo la croce \u00e8 un fallimento. E anche noi rischiamo di fermarci a questo primo sguardo, superficiale, di non accettare la logica della croce; non accettare che Dio ci salvi lasciando che si scateni su di s\u00e9 il male del mondo. Non accettare, se non a parole, il Dio debole e crocifisso, e sognare un dio forte e trionfante. \u00c8 una grande tentazione. Quante volte aspiriamo a un cristianesimo da vincitori, a un cristianesimo trionfalistico, che abbia rilevanza e importanza, che riceva gloria e onore. Ma un cristianesimo senza croce \u00e8 mondano e diventa sterile.<\/p>\n<figure id=\"attachment_33345\" aria-describedby=\"caption-attachment-33345\" style=\"width: 300px\" class=\"wp-caption alignleft\"><img loading=\"lazy\" decoding=\"async\" class=\"wp-image-33345 size-medium\" src=\"https:\/\/exaudi.wpengine.com\/wp-content\/uploads\/2021\/09\/divina-liturgia-300x159.jpg\" alt=\"croce\" width=\"300\" height=\"159\" srcset=\"https:\/\/exaudi.org\/wp-content\/uploads\/2021\/09\/divina-liturgia-300x159.jpg 300w, https:\/\/exaudi.org\/wp-content\/uploads\/2021\/09\/divina-liturgia-1024x542.jpg 1024w, https:\/\/exaudi.org\/wp-content\/uploads\/2021\/09\/divina-liturgia-768x407.jpg 768w, https:\/\/exaudi.org\/wp-content\/uploads\/2021\/09\/divina-liturgia-1536x813.jpg 1536w, https:\/\/exaudi.org\/wp-content\/uploads\/2021\/09\/divina-liturgia-2048x1084.jpg 2048w, https:\/\/exaudi.org\/wp-content\/uploads\/2021\/09\/divina-liturgia-150x79.jpg 150w, https:\/\/exaudi.org\/wp-content\/uploads\/2021\/09\/divina-liturgia-696x369.jpg 696w, https:\/\/exaudi.org\/wp-content\/uploads\/2021\/09\/divina-liturgia-1068x566.jpg 1068w, https:\/\/exaudi.org\/wp-content\/uploads\/2021\/09\/divina-liturgia-1920x1017.jpg 1920w, https:\/\/exaudi.org\/wp-content\/uploads\/2021\/09\/divina-liturgia-793x420.jpg 793w\" sizes=\"auto, (max-width: 300px) 100vw, 300px\" \/><figcaption id=\"caption-attachment-33345\" class=\"wp-caption-text\">(C) Vatican Media<\/figcaption><\/figure>\n<p>San Giovanni, invece, ha visto nella croce l\u2019opera di Dio. Ha riconosciuto in Cristo crocifisso la gloria di Dio. Ha visto che Egli, malgrado le apparenze, non \u00e8 un perdente, ma \u00e8 Dio che volontariamente si offre per ogni uomo. Perch\u00e9 lo ha fatto? Avrebbe potuto risparmiarsi la vita, avrebbe potuto tenersi a distanza dalla nostra storia pi\u00f9 misera e cruda. Invece ha voluto entrarci dentro, immergersi in essa.<\/p>\n<p>Per questo ha scelto la via pi\u00f9 difficile: la croce. Perch\u00e9 non ci dev\u2019essere in Terra nessuna persona tanto disperata da non poterlo incontrare, persino l\u00ec, nell\u2019angoscia, nel buio, nell\u2019abbandono, nello scandalo della propria miseria e dei propri sbagli. Proprio l\u00ec, dove si pensa che Dio non possa esserci, Dio \u00e8 giunto. Per salvare chiunque \u00e8 disperato ha voluto lambire la disperazione, per fare suo il nostro pi\u00f9 amaro sconforto ha gridato sulla croce: \u00abDio mio, Dio mio, perch\u00e9 mi hai abbandonato?\u00bb.<\/p>\n<h4>Aprire il cuore al Crocifisso<\/h4>\n<p>Un grido che salva. Salva perch\u00e9 Dio ha fatto suo perfino il nostro abbandono. E noi, ora, con Lui, non siamo pi\u00f9 soli, mai. Come possiamo imparare a vedere la gloria nella croce? Alcuni santi hanno insegnato che la croce \u00e8 come un libro che, per conoscerlo, bisogna aprire e leggere. Non basta acquistare un libro, dargli un\u2019occhiata e metterlo in bella mostra in casa. Lo stesso vale per la croce: \u00e8 dipinta o scolpita in ogni angolo delle nostre chiese. Non si contano i crocifissi: al collo, in casa, in macchina, in tasca.<\/p>\n<p>Ma non serve se non ci fermiamo a guardare il Crocifisso e non gli apriamo il cuore, se non ci lasciamo stupire dalle sue piaghe aperte per noi, se il cuore non si gonfia di commozione e non piangiamo davanti al Dio ferito d\u2019amore per noi. Se non facciamo cos\u00ec, la croce rimane un libro non letto, di cui si conoscono bene il titolo e l\u2019autore, ma che non incide nella vita.<\/p>\n<h4>La croce non \u00e8 un simbolo politico<\/h4>\n<p>Non riduciamo la croce a un oggetto di devozione, tanto meno a un simbolo politico, a un segno di rilevanza religiosa e sociale. Dal contemplare il Crocifisso scaturisce il secondo passo: il testimoniare. Se si immerge lo sguardo in Ges\u00f9, il suo volto comincia a riflettersi sul nostro: i suoi lineamenti diventano i nostri, l\u2019amore di Cristo ci conquista e ci trasforma<\/p>\n<h4>La testimonianza dei martiri<\/h4>\n<p>Penso ai martiri, che hanno testimoniato in questa nazione l\u2019amore di Cristo in tempi molto difficili, quando tutto consigliava di tacere, di mettersi al riparo, di non professare la fede. Ma non potevano, non potevano non testimoniare. Quante persone generose hanno patito e sono morte qui in Slovacchia a causa del nome di Ges\u00f9! Una testimonianza compiuta per amore di Colui che avevano lungamente contemplato. Tanto da somigliargli, anche nella morte. Ma penso anche ai nostri tempi, in cui non mancano occasioni per testimoniare. Qui, grazie a Dio, non c\u2019\u00e8 chi perseguita i cristiani come in troppe altre parti del mondo. Ma la testimonianza pu\u00f2 essere inficiata dalla mondanit\u00e0 e dalla mediocrit\u00e0. La croce esige invece una testimonianza limpida. Perch\u00e9 la croce non vuol essere una bandiera da innalzare, ma la sorgente pura di un modo nuovo di vivere. Quale? Quello del Vangelo, quello delle Beatitudini<\/p>\n<figure id=\"attachment_33358\" aria-describedby=\"caption-attachment-33358\" style=\"width: 200px\" class=\"wp-caption alignright\"><img loading=\"lazy\" decoding=\"async\" class=\"wp-image-33358 size-medium\" src=\"https:\/\/exaudi.wpengine.com\/wp-content\/uploads\/2021\/09\/omaggio-200x300.jpg\" alt=\"croce\" width=\"200\" height=\"300\" srcset=\"https:\/\/exaudi.org\/wp-content\/uploads\/2021\/09\/omaggio-200x300.jpg 200w, https:\/\/exaudi.org\/wp-content\/uploads\/2021\/09\/omaggio-683x1024.jpg 683w, https:\/\/exaudi.org\/wp-content\/uploads\/2021\/09\/omaggio-768x1152.jpg 768w, https:\/\/exaudi.org\/wp-content\/uploads\/2021\/09\/omaggio-1024x1536.jpg 1024w, https:\/\/exaudi.org\/wp-content\/uploads\/2021\/09\/omaggio-1365x2048.jpg 1365w, https:\/\/exaudi.org\/wp-content\/uploads\/2021\/09\/omaggio-150x225.jpg 150w, https:\/\/exaudi.org\/wp-content\/uploads\/2021\/09\/omaggio-300x450.jpg 300w, https:\/\/exaudi.org\/wp-content\/uploads\/2021\/09\/omaggio-696x1044.jpg 696w, https:\/\/exaudi.org\/wp-content\/uploads\/2021\/09\/omaggio-1068x1602.jpg 1068w, https:\/\/exaudi.org\/wp-content\/uploads\/2021\/09\/omaggio-1920x2880.jpg 1920w, https:\/\/exaudi.org\/wp-content\/uploads\/2021\/09\/omaggio-280x420.jpg 280w, https:\/\/exaudi.org\/wp-content\/uploads\/2021\/09\/omaggio-scaled.jpg 1706w\" sizes=\"auto, (max-width: 200px) 100vw, 200px\" \/><figcaption id=\"caption-attachment-33358\" class=\"wp-caption-text\">(C) Vatican Media<\/figcaption><\/figure>\n<p>Il testimone che ha la croce nel cuore e non soltanto al collo non vede nessuno come nemico, ma tutti come fratelli e sorelle per cui Ges\u00f9 ha dato la vita. Il testimone della croce non ricorda i torti del passato e non si lamenta del presente. Il testimone della croce non usa le vie dell\u2019inganno e della potenza mondana: non vuole imporre s\u00e9 stesso e i suoi, ma dare la propria vita per gli altri. Non ricerca i propri vantaggi per poi mostrarsi devoto: questa sarebbe una religione della doppiezza, non la testimonianza del Dio crocifisso. Il testimone della croce persegue una sola strategia, quella del Maestro: l\u2019amore umile. Non attende trionfi quaggi\u00f9, perch\u00e9 sa che l\u2019amore di Cristo \u00e8 fecondo nella quotidianit\u00e0 e fa nuove tutte le cose dal di dentro, come seme caduto in terra, che muore e produce frutto.<\/p>\n<h4>Gli eroi della quotidianit\u00e0<\/h4>\n<p>Cari fratelli e sorelle, avete visto dei testimoni. Conservate il ricordo caro di persone che vi hanno allattato e cresciuto nella fede. Persone umili e semplici, che hanno dato la vita amando fino alla fine. Sono loro i nostri eroi, gli eroi della quotidianit\u00e0, e sono le loro vite a cambiare la storia. I testimoni generano altri testimoni, perch\u00e9 sono donatori di vita. \u00c8 cos\u00ec che si diffonde la fede: non con la potenza del mondo, ma con la sapienza della croce; non con le strutture, ma con la testimonianza.<\/p>\n<figure id=\"attachment_33361\" aria-describedby=\"caption-attachment-33361\" style=\"width: 300px\" class=\"wp-caption aligncenter\"><img loading=\"lazy\" decoding=\"async\" class=\"size-medium wp-image-33361\" src=\"https:\/\/exaudi.wpengine.com\/wp-content\/uploads\/2021\/09\/DSC0283-300x200.jpg\" alt=\"\" width=\"300\" height=\"200\" srcset=\"https:\/\/exaudi.org\/wp-content\/uploads\/2021\/09\/DSC0283-300x200.jpg 300w, https:\/\/exaudi.org\/wp-content\/uploads\/2021\/09\/DSC0283-1024x683.jpg 1024w, https:\/\/exaudi.org\/wp-content\/uploads\/2021\/09\/DSC0283-768x512.jpg 768w, https:\/\/exaudi.org\/wp-content\/uploads\/2021\/09\/DSC0283-1536x1024.jpg 1536w, https:\/\/exaudi.org\/wp-content\/uploads\/2021\/09\/DSC0283-2048x1366.jpg 2048w, https:\/\/exaudi.org\/wp-content\/uploads\/2021\/09\/DSC0283-150x100.jpg 150w, https:\/\/exaudi.org\/wp-content\/uploads\/2021\/09\/DSC0283-696x464.jpg 696w, https:\/\/exaudi.org\/wp-content\/uploads\/2021\/09\/DSC0283-1068x712.jpg 1068w, https:\/\/exaudi.org\/wp-content\/uploads\/2021\/09\/DSC0283-1920x1280.jpg 1920w, https:\/\/exaudi.org\/wp-content\/uploads\/2021\/09\/DSC0283-630x420.jpg 630w\" sizes=\"auto, (max-width: 300px) 100vw, 300px\" \/><figcaption id=\"caption-attachment-33361\" class=\"wp-caption-text\">Il saluto col metropolita di Pre\u0161ov (C) Vatican Media<\/figcaption><\/figure>\n<p>E oggi il Signore, dal silenzio vibrante della croce, chiede a tutti noi, chiede anche a te, a te, a te, a me: \u201cVuoi essere mio testimone?\u201d. Con Giovanni, sul Calvario, c\u2019era la Santa Madre di Dio. Nessuno come lei ha visto aperto il libro della croce e l\u2019ha testimoniato attraverso l\u2019amore umile. Per sua intercessione, chiediamo la grazia di convertire lo sguardo del cuore al Crocifisso. Allora la nostra fede potr\u00e0 fiorire in pienezza, allora matureranno i frutti della nostra testimonianza.<\/p>\n<figure id=\"attachment_33338\" aria-describedby=\"caption-attachment-33338\" style=\"width: 225px\" class=\"wp-caption alignleft\"><img loading=\"lazy\" decoding=\"async\" class=\"size-medium wp-image-33338\" src=\"https:\/\/exaudi.wpengine.com\/wp-content\/uploads\/2021\/09\/gesuiti-1-225x300.jpg\" alt=\"\" width=\"225\" height=\"300\" srcset=\"https:\/\/exaudi.org\/wp-content\/uploads\/2021\/09\/gesuiti-1-225x300.jpg 225w, https:\/\/exaudi.org\/wp-content\/uploads\/2021\/09\/gesuiti-1-768x1024.jpg 768w, https:\/\/exaudi.org\/wp-content\/uploads\/2021\/09\/gesuiti-1-1152x1536.jpg 1152w, https:\/\/exaudi.org\/wp-content\/uploads\/2021\/09\/gesuiti-1-1536x2048.jpg 1536w, https:\/\/exaudi.org\/wp-content\/uploads\/2021\/09\/gesuiti-1-150x200.jpg?crop=1 150w, https:\/\/exaudi.org\/wp-content\/uploads\/2021\/09\/gesuiti-1-300x400.jpg?crop=1 300w, https:\/\/exaudi.org\/wp-content\/uploads\/2021\/09\/gesuiti-1-696x928.jpg 696w, https:\/\/exaudi.org\/wp-content\/uploads\/2021\/09\/gesuiti-1-1068x1424.jpg 1068w, https:\/\/exaudi.org\/wp-content\/uploads\/2021\/09\/gesuiti-1-scaled.jpg 1920w, https:\/\/exaudi.org\/wp-content\/uploads\/2021\/09\/gesuiti-1-315x420.jpg 315w\" sizes=\"auto, (max-width: 225px) 100vw, 225px\" \/><figcaption id=\"caption-attachment-33338\" class=\"wp-caption-text\">Il Papa nella casa dei gesuiti di Presov (C) twitter @antoniospadaro<\/figcaption><\/figure>\n<p>Prima di recarsi in auto al Seminario di Ko\u0161ice per il pranzo, il S. Padre ha voluto fare una visita fuori programma alla comunit\u00e0 e al personale della casa di esercizi dei gesuiti di Pre\u0161ov.<\/p>\n","protected":false},"excerpt":{"rendered":"<p>Il Papa agli slovacchi: Conservate il ricordo caro di persone che vi hanno allattato e cresciuto nella fede<\/p>\n","protected":false},"author":16,"featured_media":33342,"comment_status":"closed","ping_status":"closed","sticky":false,"template":"","format":"standard","meta":{"_acf_changed":false,"_crdt_document":"","inline_featured_image":false,"footnotes":""},"categories":[67,2157,297,119],"tags":[1064,2487,679,251,3200],"class_list":["post-33321","post","type-post","status-publish","format-standard","has-post-thumbnail","hentry","category-leone-xiv","category-top-ultime-notizie","category-ultime-notizie","category-viaggi","tag-croce","tag-featured-3","tag-martiri","tag-papa-francesco","tag-slovacchia"],"acf":[],"yoast_head":"<!-- This site is optimized with the Yoast SEO plugin v27.4 - https:\/\/yoast.com\/product\/yoast-seo-wordpress\/ -->\n<title>Senza Croce il cristianesimo \u00e8 mondano e sterile &#8211; Exaudi<\/title>\n<meta name=\"description\" content=\"Il Papa ha celebrato la Divina Liturgia e ha ricordato che il cristianesimo senza Croce \u00e8 mondano. Visita a sorpresa alla casa dei gesuiti\" \/>\n<meta name=\"robots\" content=\"index, follow, max-snippet:-1, max-image-preview:large, max-video-preview:-1\" \/>\n<link rel=\"canonical\" href=\"https:\/\/exaudi.org\/it\/senza-croce-il-cristianesimo-e-mondano-e-sterile\/\" \/>\n<meta property=\"og:locale\" content=\"it_IT\" \/>\n<meta property=\"og:type\" content=\"article\" \/>\n<meta property=\"og:title\" content=\"Senza Croce il cristianesimo \u00e8 mondano e sterile &#8211; Exaudi\" \/>\n<meta property=\"og:description\" content=\"Il Papa ha celebrato la Divina Liturgia e ha ricordato che il cristianesimo senza Croce \u00e8 mondano. Visita a sorpresa alla casa dei gesuiti\" \/>\n<meta property=\"og:url\" content=\"https:\/\/exaudi.org\/it\/senza-croce-il-cristianesimo-e-mondano-e-sterile\/\" \/>\n<meta property=\"og:site_name\" content=\"Exaudi\" \/>\n<meta property=\"article:publisher\" content=\"https:\/\/www.facebook.com\/ExaudiNews\" \/>\n<meta property=\"article:published_time\" content=\"2021-09-14T11:44:14+00:00\" \/>\n<meta property=\"og:image\" content=\"https:\/\/exaudi.org\/wp-content\/uploads\/2021\/09\/divina-liturgia-1-scaled.jpg\" \/>\n\t<meta property=\"og:image:width\" content=\"2560\" \/>\n\t<meta property=\"og:image:height\" content=\"1707\" \/>\n\t<meta property=\"og:image:type\" content=\"image\/jpeg\" \/>\n<meta name=\"author\" content=\"Andrea Acali\" \/>\n<meta name=\"twitter:card\" content=\"summary_large_image\" \/>\n<meta name=\"twitter:creator\" content=\"@Exaudi_News\" \/>\n<meta name=\"twitter:site\" content=\"@Exaudi_News\" \/>\n<meta name=\"twitter:label1\" content=\"Scritto da\" \/>\n\t<meta name=\"twitter:data1\" content=\"Andrea Acali\" \/>\n\t<meta name=\"twitter:label2\" content=\"Tempo di lettura stimato\" \/>\n\t<meta name=\"twitter:data2\" content=\"8 minuti\" \/>\n<script type=\"application\/ld+json\" class=\"yoast-schema-graph\">{\"@context\":\"https:\\\/\\\/schema.org\",\"@graph\":[{\"@type\":\"Article\",\"@id\":\"https:\\\/\\\/exaudi.org\\\/it\\\/senza-croce-il-cristianesimo-e-mondano-e-sterile\\\/#article\",\"isPartOf\":{\"@id\":\"https:\\\/\\\/exaudi.org\\\/it\\\/senza-croce-il-cristianesimo-e-mondano-e-sterile\\\/\"},\"author\":{\"name\":\"Andrea Acali\",\"@id\":\"https:\\\/\\\/exaudi.org\\\/#\\\/schema\\\/person\\\/b8e8ff2fce804e1cda53a9d7b1559b58\"},\"headline\":\"Senza Croce il cristianesimo \u00e8 mondano e sterile\",\"datePublished\":\"2021-09-14T11:44:14+00:00\",\"mainEntityOfPage\":{\"@id\":\"https:\\\/\\\/exaudi.org\\\/it\\\/senza-croce-il-cristianesimo-e-mondano-e-sterile\\\/\"},\"wordCount\":1463,\"image\":{\"@id\":\"https:\\\/\\\/exaudi.org\\\/it\\\/senza-croce-il-cristianesimo-e-mondano-e-sterile\\\/#primaryimage\"},\"thumbnailUrl\":\"https:\\\/\\\/exaudi.org\\\/wp-content\\\/uploads\\\/2021\\\/09\\\/divina-liturgia-1-scaled.jpg\",\"keywords\":[\"croce\",\"Featured\",\"martiri\",\"Papa Francesco\",\"Slovacchia\"],\"articleSection\":[\"Leone XIV\",\"Top Ultime Notizie\",\"Ultime Notizie\",\"Viaggi\"],\"inLanguage\":\"it-IT\"},{\"@type\":\"WebPage\",\"@id\":\"https:\\\/\\\/exaudi.org\\\/it\\\/senza-croce-il-cristianesimo-e-mondano-e-sterile\\\/\",\"url\":\"https:\\\/\\\/exaudi.org\\\/it\\\/senza-croce-il-cristianesimo-e-mondano-e-sterile\\\/\",\"name\":\"Senza Croce il cristianesimo \u00e8 mondano e sterile &#8211; Exaudi\",\"isPartOf\":{\"@id\":\"https:\\\/\\\/exaudi.org\\\/#website\"},\"primaryImageOfPage\":{\"@id\":\"https:\\\/\\\/exaudi.org\\\/it\\\/senza-croce-il-cristianesimo-e-mondano-e-sterile\\\/#primaryimage\"},\"image\":{\"@id\":\"https:\\\/\\\/exaudi.org\\\/it\\\/senza-croce-il-cristianesimo-e-mondano-e-sterile\\\/#primaryimage\"},\"thumbnailUrl\":\"https:\\\/\\\/exaudi.org\\\/wp-content\\\/uploads\\\/2021\\\/09\\\/divina-liturgia-1-scaled.jpg\",\"datePublished\":\"2021-09-14T11:44:14+00:00\",\"author\":{\"@id\":\"https:\\\/\\\/exaudi.org\\\/#\\\/schema\\\/person\\\/b8e8ff2fce804e1cda53a9d7b1559b58\"},\"description\":\"Il Papa ha celebrato la Divina Liturgia e ha ricordato che il cristianesimo senza Croce \u00e8 mondano. Visita a sorpresa alla casa dei gesuiti\",\"breadcrumb\":{\"@id\":\"https:\\\/\\\/exaudi.org\\\/it\\\/senza-croce-il-cristianesimo-e-mondano-e-sterile\\\/#breadcrumb\"},\"inLanguage\":\"it-IT\",\"potentialAction\":[{\"@type\":\"ReadAction\",\"target\":[\"https:\\\/\\\/exaudi.org\\\/it\\\/senza-croce-il-cristianesimo-e-mondano-e-sterile\\\/\"]}]},{\"@type\":\"ImageObject\",\"inLanguage\":\"it-IT\",\"@id\":\"https:\\\/\\\/exaudi.org\\\/it\\\/senza-croce-il-cristianesimo-e-mondano-e-sterile\\\/#primaryimage\",\"url\":\"https:\\\/\\\/exaudi.org\\\/wp-content\\\/uploads\\\/2021\\\/09\\\/divina-liturgia-1-scaled.jpg\",\"contentUrl\":\"https:\\\/\\\/exaudi.org\\\/wp-content\\\/uploads\\\/2021\\\/09\\\/divina-liturgia-1-scaled.jpg\",\"width\":2560,\"height\":1707,\"caption\":\"(C) Vatican Media\"},{\"@type\":\"BreadcrumbList\",\"@id\":\"https:\\\/\\\/exaudi.org\\\/it\\\/senza-croce-il-cristianesimo-e-mondano-e-sterile\\\/#breadcrumb\",\"itemListElement\":[{\"@type\":\"ListItem\",\"position\":1,\"name\":\"Portada\",\"item\":\"https:\\\/\\\/exaudi.org\\\/it\\\/\"},{\"@type\":\"ListItem\",\"position\":2,\"name\":\"Senza Croce il cristianesimo \u00e8 mondano e sterile\"}]},{\"@type\":\"WebSite\",\"@id\":\"https:\\\/\\\/exaudi.org\\\/#website\",\"url\":\"https:\\\/\\\/exaudi.org\\\/\",\"name\":\"Exaudi\",\"description\":\"News\",\"potentialAction\":[{\"@type\":\"SearchAction\",\"target\":{\"@type\":\"EntryPoint\",\"urlTemplate\":\"https:\\\/\\\/exaudi.org\\\/?s={search_term_string}\"},\"query-input\":{\"@type\":\"PropertyValueSpecification\",\"valueRequired\":true,\"valueName\":\"search_term_string\"}}],\"inLanguage\":\"it-IT\"},{\"@type\":\"Person\",\"@id\":\"https:\\\/\\\/exaudi.org\\\/#\\\/schema\\\/person\\\/b8e8ff2fce804e1cda53a9d7b1559b58\",\"name\":\"Andrea Acali\",\"image\":{\"@type\":\"ImageObject\",\"inLanguage\":\"it-IT\",\"@id\":\"https:\\\/\\\/secure.gravatar.com\\\/avatar\\\/d4ea222b8a5a507f1fb0e11ae86fdca2e5aa45c01e90d0bf7b168dbb9cba667d?s=96&d=mm&r=g\",\"url\":\"https:\\\/\\\/secure.gravatar.com\\\/avatar\\\/d4ea222b8a5a507f1fb0e11ae86fdca2e5aa45c01e90d0bf7b168dbb9cba667d?s=96&d=mm&r=g\",\"contentUrl\":\"https:\\\/\\\/secure.gravatar.com\\\/avatar\\\/d4ea222b8a5a507f1fb0e11ae86fdca2e5aa45c01e90d0bf7b168dbb9cba667d?s=96&d=mm&r=g\",\"caption\":\"Andrea Acali\"},\"url\":\"https:\\\/\\\/exaudi.org\\\/it\\\/author\\\/dli-org\\\/\"}]}<\/script>\n<!-- \/ Yoast SEO plugin. -->","yoast_head_json":{"title":"Senza Croce il cristianesimo \u00e8 mondano e sterile &#8211; Exaudi","description":"Il Papa ha celebrato la Divina Liturgia e ha ricordato che il cristianesimo senza Croce \u00e8 mondano. Visita a sorpresa alla casa dei gesuiti","robots":{"index":"index","follow":"follow","max-snippet":"max-snippet:-1","max-image-preview":"max-image-preview:large","max-video-preview":"max-video-preview:-1"},"canonical":"https:\/\/exaudi.org\/it\/senza-croce-il-cristianesimo-e-mondano-e-sterile\/","og_locale":"it_IT","og_type":"article","og_title":"Senza Croce il cristianesimo \u00e8 mondano e sterile &#8211; Exaudi","og_description":"Il Papa ha celebrato la Divina Liturgia e ha ricordato che il cristianesimo senza Croce \u00e8 mondano. Visita a sorpresa alla casa dei gesuiti","og_url":"https:\/\/exaudi.org\/it\/senza-croce-il-cristianesimo-e-mondano-e-sterile\/","og_site_name":"Exaudi","article_publisher":"https:\/\/www.facebook.com\/ExaudiNews","article_published_time":"2021-09-14T11:44:14+00:00","og_image":[{"width":2560,"height":1707,"url":"https:\/\/exaudi.org\/wp-content\/uploads\/2021\/09\/divina-liturgia-1-scaled.jpg","type":"image\/jpeg"}],"author":"Andrea Acali","twitter_card":"summary_large_image","twitter_creator":"@Exaudi_News","twitter_site":"@Exaudi_News","twitter_misc":{"Scritto da":"Andrea Acali","Tempo di lettura stimato":"8 minuti"},"schema":{"@context":"https:\/\/schema.org","@graph":[{"@type":"Article","@id":"https:\/\/exaudi.org\/it\/senza-croce-il-cristianesimo-e-mondano-e-sterile\/#article","isPartOf":{"@id":"https:\/\/exaudi.org\/it\/senza-croce-il-cristianesimo-e-mondano-e-sterile\/"},"author":{"name":"Andrea Acali","@id":"https:\/\/exaudi.org\/#\/schema\/person\/b8e8ff2fce804e1cda53a9d7b1559b58"},"headline":"Senza Croce il cristianesimo \u00e8 mondano e sterile","datePublished":"2021-09-14T11:44:14+00:00","mainEntityOfPage":{"@id":"https:\/\/exaudi.org\/it\/senza-croce-il-cristianesimo-e-mondano-e-sterile\/"},"wordCount":1463,"image":{"@id":"https:\/\/exaudi.org\/it\/senza-croce-il-cristianesimo-e-mondano-e-sterile\/#primaryimage"},"thumbnailUrl":"https:\/\/exaudi.org\/wp-content\/uploads\/2021\/09\/divina-liturgia-1-scaled.jpg","keywords":["croce","Featured","martiri","Papa Francesco","Slovacchia"],"articleSection":["Leone XIV","Top Ultime Notizie","Ultime Notizie","Viaggi"],"inLanguage":"it-IT"},{"@type":"WebPage","@id":"https:\/\/exaudi.org\/it\/senza-croce-il-cristianesimo-e-mondano-e-sterile\/","url":"https:\/\/exaudi.org\/it\/senza-croce-il-cristianesimo-e-mondano-e-sterile\/","name":"Senza Croce il cristianesimo \u00e8 mondano e sterile &#8211; Exaudi","isPartOf":{"@id":"https:\/\/exaudi.org\/#website"},"primaryImageOfPage":{"@id":"https:\/\/exaudi.org\/it\/senza-croce-il-cristianesimo-e-mondano-e-sterile\/#primaryimage"},"image":{"@id":"https:\/\/exaudi.org\/it\/senza-croce-il-cristianesimo-e-mondano-e-sterile\/#primaryimage"},"thumbnailUrl":"https:\/\/exaudi.org\/wp-content\/uploads\/2021\/09\/divina-liturgia-1-scaled.jpg","datePublished":"2021-09-14T11:44:14+00:00","author":{"@id":"https:\/\/exaudi.org\/#\/schema\/person\/b8e8ff2fce804e1cda53a9d7b1559b58"},"description":"Il Papa ha celebrato la Divina Liturgia e ha ricordato che il cristianesimo senza Croce \u00e8 mondano. Visita a sorpresa alla casa dei gesuiti","breadcrumb":{"@id":"https:\/\/exaudi.org\/it\/senza-croce-il-cristianesimo-e-mondano-e-sterile\/#breadcrumb"},"inLanguage":"it-IT","potentialAction":[{"@type":"ReadAction","target":["https:\/\/exaudi.org\/it\/senza-croce-il-cristianesimo-e-mondano-e-sterile\/"]}]},{"@type":"ImageObject","inLanguage":"it-IT","@id":"https:\/\/exaudi.org\/it\/senza-croce-il-cristianesimo-e-mondano-e-sterile\/#primaryimage","url":"https:\/\/exaudi.org\/wp-content\/uploads\/2021\/09\/divina-liturgia-1-scaled.jpg","contentUrl":"https:\/\/exaudi.org\/wp-content\/uploads\/2021\/09\/divina-liturgia-1-scaled.jpg","width":2560,"height":1707,"caption":"(C) Vatican Media"},{"@type":"BreadcrumbList","@id":"https:\/\/exaudi.org\/it\/senza-croce-il-cristianesimo-e-mondano-e-sterile\/#breadcrumb","itemListElement":[{"@type":"ListItem","position":1,"name":"Portada","item":"https:\/\/exaudi.org\/it\/"},{"@type":"ListItem","position":2,"name":"Senza Croce il cristianesimo \u00e8 mondano e sterile"}]},{"@type":"WebSite","@id":"https:\/\/exaudi.org\/#website","url":"https:\/\/exaudi.org\/","name":"Exaudi","description":"News","potentialAction":[{"@type":"SearchAction","target":{"@type":"EntryPoint","urlTemplate":"https:\/\/exaudi.org\/?s={search_term_string}"},"query-input":{"@type":"PropertyValueSpecification","valueRequired":true,"valueName":"search_term_string"}}],"inLanguage":"it-IT"},{"@type":"Person","@id":"https:\/\/exaudi.org\/#\/schema\/person\/b8e8ff2fce804e1cda53a9d7b1559b58","name":"Andrea Acali","image":{"@type":"ImageObject","inLanguage":"it-IT","@id":"https:\/\/secure.gravatar.com\/avatar\/d4ea222b8a5a507f1fb0e11ae86fdca2e5aa45c01e90d0bf7b168dbb9cba667d?s=96&d=mm&r=g","url":"https:\/\/secure.gravatar.com\/avatar\/d4ea222b8a5a507f1fb0e11ae86fdca2e5aa45c01e90d0bf7b168dbb9cba667d?s=96&d=mm&r=g","contentUrl":"https:\/\/secure.gravatar.com\/avatar\/d4ea222b8a5a507f1fb0e11ae86fdca2e5aa45c01e90d0bf7b168dbb9cba667d?s=96&d=mm&r=g","caption":"Andrea Acali"},"url":"https:\/\/exaudi.org\/it\/author\/dli-org\/"}]}},"jetpack_featured_media_url":"https:\/\/exaudi.org\/wp-content\/uploads\/2021\/09\/divina-liturgia-1-scaled.jpg","jetpack_shortlink":"https:\/\/wp.me\/pgKjF2-8Fr","_links":{"self":[{"href":"https:\/\/exaudi.org\/it\/wp-json\/wp\/v2\/posts\/33321","targetHints":{"allow":["GET"]}}],"collection":[{"href":"https:\/\/exaudi.org\/it\/wp-json\/wp\/v2\/posts"}],"about":[{"href":"https:\/\/exaudi.org\/it\/wp-json\/wp\/v2\/types\/post"}],"author":[{"embeddable":true,"href":"https:\/\/exaudi.org\/it\/wp-json\/wp\/v2\/users\/16"}],"replies":[{"embeddable":true,"href":"https:\/\/exaudi.org\/it\/wp-json\/wp\/v2\/comments?post=33321"}],"version-history":[{"count":0,"href":"https:\/\/exaudi.org\/it\/wp-json\/wp\/v2\/posts\/33321\/revisions"}],"wp:featuredmedia":[{"embeddable":true,"href":"https:\/\/exaudi.org\/it\/wp-json\/wp\/v2\/media\/33342"}],"wp:attachment":[{"href":"https:\/\/exaudi.org\/it\/wp-json\/wp\/v2\/media?parent=33321"}],"wp:term":[{"taxonomy":"category","embeddable":true,"href":"https:\/\/exaudi.org\/it\/wp-json\/wp\/v2\/categories?post=33321"},{"taxonomy":"post_tag","embeddable":true,"href":"https:\/\/exaudi.org\/it\/wp-json\/wp\/v2\/tags?post=33321"}],"curies":[{"name":"wp","href":"https:\/\/api.w.org\/{rel}","templated":true}]}}