{"id":32946,"date":"2021-09-12T15:45:55","date_gmt":"2021-09-12T13:45:55","guid":{"rendered":"https:\/\/exaudi.wpengine.com\/?p=32946"},"modified":"2021-09-12T15:45:55","modified_gmt":"2021-09-12T13:45:55","slug":"la-croce-ponte-tra-passato-e-futuro-dellungheria","status":"publish","type":"post","link":"https:\/\/exaudi.org\/it\/la-croce-ponte-tra-passato-e-futuro-dellungheria\/","title":{"rendered":"La Croce ponte tra passato e futuro dell\u2019Ungheria"},"content":{"rendered":"<p>Al termine della <a href=\"https:\/\/exaudi.wpengine.com\/it\/francesco-l-eucaristia-ci-ricorda-chi-e-dio\/\">Santa Messa<\/a>, Papa Francesco ha guidato la recita dell\u2019Angelus con i fedeli presenti nella Piazza degli Eroi. Il S. Padre, prima di congedarsi dall\u2019Ungheria, ha augurato al popolo magiaro che \u201cla croce sia il vostro ponte tra il passato e il futuro\u201d. Ecco le parole del Papa nell\u2019introdurre la preghiera mariana:<\/p>\n<p>Cari fratelli e sorelle, Eucaristia significa \u201cazione di grazie\u201d e al termine di questa Celebrazione, che chiude il Congresso Eucaristico e la mia visita a Budapest, vorrei di cuore rendere grazie. Grazie alla grande famiglia cristiana ungherese, che desidero abbracciare nei suoi riti, nella sua storia, nelle sorelle e nei fratelli cattolici e di altre Confessioni, tutti in cammino verso la piena unit\u00e0. A questo proposito saluto di cuore il Patriarca Bartolomeo, Fratello che ci onora con la sua presenza. Grazie, in particolare, ai miei amati Fratelli vescovi, ai sacerdoti, ai consacrati e alle consacrate, e a tutti voi, cari fedeli! Un ringraziamento grande a chi tanto si \u00e8 adoperato per la realizzazione del Congresso Eucaristico e di questa giornata.<\/p>\n<h4>La gratitudine al popolo di Ungheria<\/h4>\n<p>Nel rinnovare la gratitudine alle Autorit\u00e0 civili e religiose che mi hanno accolto, vorrei dire k\u00f6sz\u00f6n\u00f6m [grazie]: grazie a te, popolo di Ungheria. L\u2019Inno che ha accompagnato il Congresso si rivolge a te cos\u00ec: \u00abPer mille anni la croce fu colonna della tua salvezza, anche ora il segno di Cristo sia per te la promessa di un futuro migliore\u00bb. Questo vi auguro, che la croce sia il vostro ponte tra il passato e il futuro! Il sentimento religioso \u00e8 la linfa di questa nazione, tanto attaccata alle sue radici. Ma la croce, piantata nel terreno, oltre a invitarci a radicarci bene, innalza ed estende le sue braccia verso tutti: esorta a mantenere salde le radici, ma senza arroccamenti; ad attingere alle sorgenti, aprendoci agli assetati del nostro tempo. Il mio augurio \u00e8 che siate cos\u00ec: fondati e aperti, radicati e rispettosi. Isten \u00e9ltessen! [Auguri!]<\/p>\n<h4>Le beatificazioni in Polonia<\/h4>\n<p>La \u201cCroce della missione\u201d \u00e8 il simbolo di questo Congresso: vi porti ad annunciare con la vita il Vangelo liberante della tenerezza sconfinata di Dio per ciascuno. Nella carestia di amore di oggi, \u00e8 il nutrimento che l\u2019uomo attende. Oggi, non lontano da qua, a Varsavia, vengono proclamati Beati due testimoni del Vangelo: il Cardinale Stefan Wyszy\u0144ski ed Elisabetta Czacka, fondatrice delle Suore Francescane Serve della Croce. Due figure che conobbero da vicino la croce: il Primate di Polonia, arrestato e segregato, fu sempre pastore coraggioso secondo il cuore di Cristo, araldo della libert\u00e0 e della dignit\u00e0 dell\u2019uomo; Suor Elisabetta, che giovanissima perse la vista, dedic\u00f2 tutta la vita ad aiutare i ciechi. L\u2019esempio dei nuovi Beati ci stimoli a trasformare le tenebre in luce con la forza dell\u2019amore.<\/p>\n<h4>Il nome di Maria<\/h4>\n<p>Infine, preghiamo l\u2019Angelus, nel giorno in cui veneriamo il santissimo nome di Maria. Anticamente, per rispetto, voi ungheresi non pronunciavate il nome di Maria, ma la chiamavate con lo stesso titolo onorifico utilizzato per la regina. La \u201cBeata Regina, vostra antica patrona\u201d vi accompagni e vi benedica! La mia Benedizione, da questa grande citt\u00e0, vuole raggiungere tutti, in particolare i bambini e i giovani, gli anziani e gli ammalati, i poveri e gli esclusi. Con voi e per voi dico: Isten, \u00e1ldd meg a magyart! [Dio benedica gli ungheresi!].<\/p>\n<p>Dopo la recita dell\u2019Angelus e la benedizione finale, il Santo Padre si \u00e8 trasferito in auto all\u2019Aeroporto Internazionale di Budapest per la cerimonia di congedo dall\u2019Ungheria.L\u2019 A320 dell\u2019Alitalia \u00e8 partito alla volta di Bratislava alle 14.57.<\/p>\n","protected":false},"excerpt":{"rendered":"<p>Le parole del Papa all\u2019Angelus prima del congedo e del viaggio verso la Slovacchia<\/p>\n","protected":false},"author":17,"featured_media":32948,"comment_status":"closed","ping_status":"closed","sticky":false,"template":"","format":"standard","meta":{"_acf_changed":false,"_crdt_document":"","inline_featured_image":false,"footnotes":""},"categories":[67,2157,297,119],"tags":[250,1156,251,3200,4056],"class_list":["post-32946","post","type-post","status-publish","format-standard","has-post-thumbnail","hentry","category-leone-xiv","category-top-ultime-notizie","category-ultime-notizie","category-viaggi","tag-angelus-it","tag-maria","tag-papa-francesco","tag-slovacchia","tag-ungheria"],"acf":[],"yoast_head":"<!-- This site is optimized with the Yoast SEO plugin v27.4 - https:\/\/yoast.com\/product\/yoast-seo-wordpress\/ -->\n<title>La Croce ponte tra passato e futuro dell\u2019Ungheria &#8211; Exaudi<\/title>\n<meta name=\"description\" content=\"Papa Francesco ha pregato l&#039;Angelus al termine della Messa celebrata a Budapest poi ha salutato l&#039;Ungheria diretto alla volta della Slovacchia\" \/>\n<meta name=\"robots\" content=\"index, follow, max-snippet:-1, max-image-preview:large, max-video-preview:-1\" \/>\n<link rel=\"canonical\" href=\"https:\/\/exaudi.org\/it\/la-croce-ponte-tra-passato-e-futuro-dellungheria\/\" \/>\n<meta property=\"og:locale\" content=\"it_IT\" \/>\n<meta property=\"og:type\" content=\"article\" \/>\n<meta property=\"og:title\" content=\"La Croce ponte tra passato e futuro dell\u2019Ungheria &#8211; Exaudi\" \/>\n<meta property=\"og:description\" content=\"Papa Francesco ha pregato l&#039;Angelus al termine della Messa celebrata a Budapest poi ha salutato l&#039;Ungheria diretto alla volta della Slovacchia\" \/>\n<meta property=\"og:url\" content=\"https:\/\/exaudi.org\/it\/la-croce-ponte-tra-passato-e-futuro-dellungheria\/\" \/>\n<meta property=\"og:site_name\" content=\"Exaudi\" \/>\n<meta property=\"article:publisher\" content=\"https:\/\/www.facebook.com\/ExaudiNews\" \/>\n<meta property=\"article:author\" content=\"https:\/\/www.facebook.com\/ExaudiNotizie\/\" \/>\n<meta property=\"article:published_time\" content=\"2021-09-12T13:45:55+00:00\" \/>\n<meta property=\"og:image\" content=\"https:\/\/exaudi.org\/wp-content\/uploads\/2021\/09\/maria-scaled.jpg\" \/>\n\t<meta property=\"og:image:width\" content=\"2560\" \/>\n\t<meta property=\"og:image:height\" content=\"1707\" \/>\n\t<meta property=\"og:image:type\" content=\"image\/jpeg\" \/>\n<meta name=\"author\" content=\"Exaudi Redazione\" \/>\n<meta name=\"twitter:card\" content=\"summary_large_image\" \/>\n<meta name=\"twitter:creator\" content=\"@Exaudi_Notizie\" \/>\n<meta name=\"twitter:site\" content=\"@Exaudi_News\" \/>\n<meta name=\"twitter:label1\" content=\"Scritto da\" \/>\n\t<meta name=\"twitter:data1\" content=\"Exaudi Redazione\" \/>\n\t<meta name=\"twitter:label2\" content=\"Tempo di lettura stimato\" \/>\n\t<meta name=\"twitter:data2\" content=\"3 minuti\" \/>\n<script type=\"application\/ld+json\" class=\"yoast-schema-graph\">{\"@context\":\"https:\\\/\\\/schema.org\",\"@graph\":[{\"@type\":\"Article\",\"@id\":\"https:\\\/\\\/exaudi.org\\\/it\\\/la-croce-ponte-tra-passato-e-futuro-dellungheria\\\/#article\",\"isPartOf\":{\"@id\":\"https:\\\/\\\/exaudi.org\\\/it\\\/la-croce-ponte-tra-passato-e-futuro-dellungheria\\\/\"},\"author\":{\"name\":\"Exaudi Redazione\",\"@id\":\"https:\\\/\\\/exaudi.org\\\/#\\\/schema\\\/person\\\/e1ab6ed07c01774724dd96f925f3a5f0\"},\"headline\":\"La Croce ponte tra passato e futuro dell\u2019Ungheria\",\"datePublished\":\"2021-09-12T13:45:55+00:00\",\"mainEntityOfPage\":{\"@id\":\"https:\\\/\\\/exaudi.org\\\/it\\\/la-croce-ponte-tra-passato-e-futuro-dellungheria\\\/\"},\"wordCount\":605,\"image\":{\"@id\":\"https:\\\/\\\/exaudi.org\\\/it\\\/la-croce-ponte-tra-passato-e-futuro-dellungheria\\\/#primaryimage\"},\"thumbnailUrl\":\"https:\\\/\\\/exaudi.org\\\/wp-content\\\/uploads\\\/2021\\\/09\\\/maria-scaled.jpg\",\"keywords\":[\"\u00e1ngelus\",\"Maria\",\"Papa Francesco\",\"Slovacchia\",\"Ungheria\"],\"articleSection\":[\"Leone XIV\",\"Top Ultime Notizie\",\"Ultime Notizie\",\"Viaggi\"],\"inLanguage\":\"it-IT\"},{\"@type\":\"WebPage\",\"@id\":\"https:\\\/\\\/exaudi.org\\\/it\\\/la-croce-ponte-tra-passato-e-futuro-dellungheria\\\/\",\"url\":\"https:\\\/\\\/exaudi.org\\\/it\\\/la-croce-ponte-tra-passato-e-futuro-dellungheria\\\/\",\"name\":\"La Croce ponte tra passato e futuro dell\u2019Ungheria &#8211; Exaudi\",\"isPartOf\":{\"@id\":\"https:\\\/\\\/exaudi.org\\\/#website\"},\"primaryImageOfPage\":{\"@id\":\"https:\\\/\\\/exaudi.org\\\/it\\\/la-croce-ponte-tra-passato-e-futuro-dellungheria\\\/#primaryimage\"},\"image\":{\"@id\":\"https:\\\/\\\/exaudi.org\\\/it\\\/la-croce-ponte-tra-passato-e-futuro-dellungheria\\\/#primaryimage\"},\"thumbnailUrl\":\"https:\\\/\\\/exaudi.org\\\/wp-content\\\/uploads\\\/2021\\\/09\\\/maria-scaled.jpg\",\"datePublished\":\"2021-09-12T13:45:55+00:00\",\"author\":{\"@id\":\"https:\\\/\\\/exaudi.org\\\/#\\\/schema\\\/person\\\/e1ab6ed07c01774724dd96f925f3a5f0\"},\"description\":\"Papa Francesco ha pregato l'Angelus al termine della Messa celebrata a Budapest poi ha salutato l'Ungheria diretto alla volta della Slovacchia\",\"breadcrumb\":{\"@id\":\"https:\\\/\\\/exaudi.org\\\/it\\\/la-croce-ponte-tra-passato-e-futuro-dellungheria\\\/#breadcrumb\"},\"inLanguage\":\"it-IT\",\"potentialAction\":[{\"@type\":\"ReadAction\",\"target\":[\"https:\\\/\\\/exaudi.org\\\/it\\\/la-croce-ponte-tra-passato-e-futuro-dellungheria\\\/\"]}]},{\"@type\":\"ImageObject\",\"inLanguage\":\"it-IT\",\"@id\":\"https:\\\/\\\/exaudi.org\\\/it\\\/la-croce-ponte-tra-passato-e-futuro-dellungheria\\\/#primaryimage\",\"url\":\"https:\\\/\\\/exaudi.org\\\/wp-content\\\/uploads\\\/2021\\\/09\\\/maria-scaled.jpg\",\"contentUrl\":\"https:\\\/\\\/exaudi.org\\\/wp-content\\\/uploads\\\/2021\\\/09\\\/maria-scaled.jpg\",\"width\":2560,\"height\":1707,\"caption\":\"(C) Vatican Media\"},{\"@type\":\"BreadcrumbList\",\"@id\":\"https:\\\/\\\/exaudi.org\\\/it\\\/la-croce-ponte-tra-passato-e-futuro-dellungheria\\\/#breadcrumb\",\"itemListElement\":[{\"@type\":\"ListItem\",\"position\":1,\"name\":\"Portada\",\"item\":\"https:\\\/\\\/exaudi.org\\\/it\\\/\"},{\"@type\":\"ListItem\",\"position\":2,\"name\":\"La Croce ponte tra passato e futuro dell\u2019Ungheria\"}]},{\"@type\":\"WebSite\",\"@id\":\"https:\\\/\\\/exaudi.org\\\/#website\",\"url\":\"https:\\\/\\\/exaudi.org\\\/\",\"name\":\"Exaudi\",\"description\":\"News\",\"potentialAction\":[{\"@type\":\"SearchAction\",\"target\":{\"@type\":\"EntryPoint\",\"urlTemplate\":\"https:\\\/\\\/exaudi.org\\\/?s={search_term_string}\"},\"query-input\":{\"@type\":\"PropertyValueSpecification\",\"valueRequired\":true,\"valueName\":\"search_term_string\"}}],\"inLanguage\":\"it-IT\"},{\"@type\":\"Person\",\"@id\":\"https:\\\/\\\/exaudi.org\\\/#\\\/schema\\\/person\\\/e1ab6ed07c01774724dd96f925f3a5f0\",\"name\":\"Exaudi Redazione\",\"image\":{\"@type\":\"ImageObject\",\"inLanguage\":\"it-IT\",\"@id\":\"https:\\\/\\\/secure.gravatar.com\\\/avatar\\\/ad6774b3ada023bf5b939d64f45c94b3adf91502dd883507d469b4308a943bb3?s=96&d=mm&r=g\",\"url\":\"https:\\\/\\\/secure.gravatar.com\\\/avatar\\\/ad6774b3ada023bf5b939d64f45c94b3adf91502dd883507d469b4308a943bb3?s=96&d=mm&r=g\",\"contentUrl\":\"https:\\\/\\\/secure.gravatar.com\\\/avatar\\\/ad6774b3ada023bf5b939d64f45c94b3adf91502dd883507d469b4308a943bb3?s=96&d=mm&r=g\",\"caption\":\"Exaudi Redazione\"},\"description\":\"Che cosa \u00e8 Exaudi News? Exaudi News \u00e8 un agenzia cattolica internazionale che informa, istruisce e trasforma quotidianamente in spagnolo, inglese e italiano. Attraverso notizie, articoli di analisi e trasmissioni in diretta degli eventi del Papa, Exaudi cerca di rafforzare l'unit\u00e0 dei cristiani e di contribuire all'evangelizzazione del mondo, sempre guidato dalla dottrina sociale della Chiesa. Lavoriamo per portare la verit\u00e0 e i valori cristiani in ogni angolo del pianeta. Aiutaci a trasformare il mondo con Exaudi! Noi di Exaudi crediamo che l'evangelizzazione e l'informazione di qualit\u00e0 possano cambiare la vita. Per continuare la nostra missione ed espandere la nostra portata, abbiamo bisogno del tuo aiuto. Stiamo anche cercando persone motivate che vogliano unirsi al nostro team. Grazie al vostro sostegno raggiungeremo pi\u00f9 persone, diffonderemo il messaggio di Cristo e rafforzeremo l'unit\u00e0 dei cristiani. Vuoi unirti alla nostra missione? Per maggiori informazioni su come contribuire, visita Exaudi.org\\\/it o contattaci direttamente: info@exaudi.org Exaudi: informa, forma e trasforma.\",\"sameAs\":[\"https:\\\/\\\/www.facebook.com\\\/ExaudiNotizie\\\/\",\"https:\\\/\\\/www.instagram.com\\\/Exaudi_notizie\\\/\",\"https:\\\/\\\/x.com\\\/Exaudi_Notizie\",\"https:\\\/\\\/www.youtube.com\\\/@exaudicatholicnews\"],\"url\":\"https:\\\/\\\/exaudi.org\\\/it\\\/author\\\/dlvedi-org\\\/\"}]}<\/script>\n<!-- \/ Yoast SEO plugin. -->","yoast_head_json":{"title":"La Croce ponte tra passato e futuro dell\u2019Ungheria &#8211; Exaudi","description":"Papa Francesco ha pregato l'Angelus al termine della Messa celebrata a Budapest poi ha salutato l'Ungheria diretto alla volta della Slovacchia","robots":{"index":"index","follow":"follow","max-snippet":"max-snippet:-1","max-image-preview":"max-image-preview:large","max-video-preview":"max-video-preview:-1"},"canonical":"https:\/\/exaudi.org\/it\/la-croce-ponte-tra-passato-e-futuro-dellungheria\/","og_locale":"it_IT","og_type":"article","og_title":"La Croce ponte tra passato e futuro dell\u2019Ungheria &#8211; Exaudi","og_description":"Papa Francesco ha pregato l'Angelus al termine della Messa celebrata a Budapest poi ha salutato l'Ungheria diretto alla volta della Slovacchia","og_url":"https:\/\/exaudi.org\/it\/la-croce-ponte-tra-passato-e-futuro-dellungheria\/","og_site_name":"Exaudi","article_publisher":"https:\/\/www.facebook.com\/ExaudiNews","article_author":"https:\/\/www.facebook.com\/ExaudiNotizie\/","article_published_time":"2021-09-12T13:45:55+00:00","og_image":[{"width":2560,"height":1707,"url":"https:\/\/exaudi.org\/wp-content\/uploads\/2021\/09\/maria-scaled.jpg","type":"image\/jpeg"}],"author":"Exaudi Redazione","twitter_card":"summary_large_image","twitter_creator":"@Exaudi_Notizie","twitter_site":"@Exaudi_News","twitter_misc":{"Scritto da":"Exaudi Redazione","Tempo di lettura stimato":"3 minuti"},"schema":{"@context":"https:\/\/schema.org","@graph":[{"@type":"Article","@id":"https:\/\/exaudi.org\/it\/la-croce-ponte-tra-passato-e-futuro-dellungheria\/#article","isPartOf":{"@id":"https:\/\/exaudi.org\/it\/la-croce-ponte-tra-passato-e-futuro-dellungheria\/"},"author":{"name":"Exaudi Redazione","@id":"https:\/\/exaudi.org\/#\/schema\/person\/e1ab6ed07c01774724dd96f925f3a5f0"},"headline":"La Croce ponte tra passato e futuro dell\u2019Ungheria","datePublished":"2021-09-12T13:45:55+00:00","mainEntityOfPage":{"@id":"https:\/\/exaudi.org\/it\/la-croce-ponte-tra-passato-e-futuro-dellungheria\/"},"wordCount":605,"image":{"@id":"https:\/\/exaudi.org\/it\/la-croce-ponte-tra-passato-e-futuro-dellungheria\/#primaryimage"},"thumbnailUrl":"https:\/\/exaudi.org\/wp-content\/uploads\/2021\/09\/maria-scaled.jpg","keywords":["\u00e1ngelus","Maria","Papa Francesco","Slovacchia","Ungheria"],"articleSection":["Leone XIV","Top Ultime Notizie","Ultime Notizie","Viaggi"],"inLanguage":"it-IT"},{"@type":"WebPage","@id":"https:\/\/exaudi.org\/it\/la-croce-ponte-tra-passato-e-futuro-dellungheria\/","url":"https:\/\/exaudi.org\/it\/la-croce-ponte-tra-passato-e-futuro-dellungheria\/","name":"La Croce ponte tra passato e futuro dell\u2019Ungheria &#8211; Exaudi","isPartOf":{"@id":"https:\/\/exaudi.org\/#website"},"primaryImageOfPage":{"@id":"https:\/\/exaudi.org\/it\/la-croce-ponte-tra-passato-e-futuro-dellungheria\/#primaryimage"},"image":{"@id":"https:\/\/exaudi.org\/it\/la-croce-ponte-tra-passato-e-futuro-dellungheria\/#primaryimage"},"thumbnailUrl":"https:\/\/exaudi.org\/wp-content\/uploads\/2021\/09\/maria-scaled.jpg","datePublished":"2021-09-12T13:45:55+00:00","author":{"@id":"https:\/\/exaudi.org\/#\/schema\/person\/e1ab6ed07c01774724dd96f925f3a5f0"},"description":"Papa Francesco ha pregato l'Angelus al termine della Messa celebrata a Budapest poi ha salutato l'Ungheria diretto alla volta della Slovacchia","breadcrumb":{"@id":"https:\/\/exaudi.org\/it\/la-croce-ponte-tra-passato-e-futuro-dellungheria\/#breadcrumb"},"inLanguage":"it-IT","potentialAction":[{"@type":"ReadAction","target":["https:\/\/exaudi.org\/it\/la-croce-ponte-tra-passato-e-futuro-dellungheria\/"]}]},{"@type":"ImageObject","inLanguage":"it-IT","@id":"https:\/\/exaudi.org\/it\/la-croce-ponte-tra-passato-e-futuro-dellungheria\/#primaryimage","url":"https:\/\/exaudi.org\/wp-content\/uploads\/2021\/09\/maria-scaled.jpg","contentUrl":"https:\/\/exaudi.org\/wp-content\/uploads\/2021\/09\/maria-scaled.jpg","width":2560,"height":1707,"caption":"(C) Vatican Media"},{"@type":"BreadcrumbList","@id":"https:\/\/exaudi.org\/it\/la-croce-ponte-tra-passato-e-futuro-dellungheria\/#breadcrumb","itemListElement":[{"@type":"ListItem","position":1,"name":"Portada","item":"https:\/\/exaudi.org\/it\/"},{"@type":"ListItem","position":2,"name":"La Croce ponte tra passato e futuro dell\u2019Ungheria"}]},{"@type":"WebSite","@id":"https:\/\/exaudi.org\/#website","url":"https:\/\/exaudi.org\/","name":"Exaudi","description":"News","potentialAction":[{"@type":"SearchAction","target":{"@type":"EntryPoint","urlTemplate":"https:\/\/exaudi.org\/?s={search_term_string}"},"query-input":{"@type":"PropertyValueSpecification","valueRequired":true,"valueName":"search_term_string"}}],"inLanguage":"it-IT"},{"@type":"Person","@id":"https:\/\/exaudi.org\/#\/schema\/person\/e1ab6ed07c01774724dd96f925f3a5f0","name":"Exaudi Redazione","image":{"@type":"ImageObject","inLanguage":"it-IT","@id":"https:\/\/secure.gravatar.com\/avatar\/ad6774b3ada023bf5b939d64f45c94b3adf91502dd883507d469b4308a943bb3?s=96&d=mm&r=g","url":"https:\/\/secure.gravatar.com\/avatar\/ad6774b3ada023bf5b939d64f45c94b3adf91502dd883507d469b4308a943bb3?s=96&d=mm&r=g","contentUrl":"https:\/\/secure.gravatar.com\/avatar\/ad6774b3ada023bf5b939d64f45c94b3adf91502dd883507d469b4308a943bb3?s=96&d=mm&r=g","caption":"Exaudi Redazione"},"description":"Che cosa \u00e8 Exaudi News? Exaudi News \u00e8 un agenzia cattolica internazionale che informa, istruisce e trasforma quotidianamente in spagnolo, inglese e italiano. Attraverso notizie, articoli di analisi e trasmissioni in diretta degli eventi del Papa, Exaudi cerca di rafforzare l'unit\u00e0 dei cristiani e di contribuire all'evangelizzazione del mondo, sempre guidato dalla dottrina sociale della Chiesa. Lavoriamo per portare la verit\u00e0 e i valori cristiani in ogni angolo del pianeta. Aiutaci a trasformare il mondo con Exaudi! Noi di Exaudi crediamo che l'evangelizzazione e l'informazione di qualit\u00e0 possano cambiare la vita. Per continuare la nostra missione ed espandere la nostra portata, abbiamo bisogno del tuo aiuto. Stiamo anche cercando persone motivate che vogliano unirsi al nostro team. Grazie al vostro sostegno raggiungeremo pi\u00f9 persone, diffonderemo il messaggio di Cristo e rafforzeremo l'unit\u00e0 dei cristiani. Vuoi unirti alla nostra missione? Per maggiori informazioni su come contribuire, visita Exaudi.org\/it o contattaci direttamente: info@exaudi.org Exaudi: informa, forma e trasforma.","sameAs":["https:\/\/www.facebook.com\/ExaudiNotizie\/","https:\/\/www.instagram.com\/Exaudi_notizie\/","https:\/\/x.com\/Exaudi_Notizie","https:\/\/www.youtube.com\/@exaudicatholicnews"],"url":"https:\/\/exaudi.org\/it\/author\/dlvedi-org\/"}]}},"jetpack_featured_media_url":"https:\/\/exaudi.org\/wp-content\/uploads\/2021\/09\/maria-scaled.jpg","jetpack_shortlink":"https:\/\/wp.me\/pgKjF2-8zo","_links":{"self":[{"href":"https:\/\/exaudi.org\/it\/wp-json\/wp\/v2\/posts\/32946","targetHints":{"allow":["GET"]}}],"collection":[{"href":"https:\/\/exaudi.org\/it\/wp-json\/wp\/v2\/posts"}],"about":[{"href":"https:\/\/exaudi.org\/it\/wp-json\/wp\/v2\/types\/post"}],"author":[{"embeddable":true,"href":"https:\/\/exaudi.org\/it\/wp-json\/wp\/v2\/users\/17"}],"replies":[{"embeddable":true,"href":"https:\/\/exaudi.org\/it\/wp-json\/wp\/v2\/comments?post=32946"}],"version-history":[{"count":0,"href":"https:\/\/exaudi.org\/it\/wp-json\/wp\/v2\/posts\/32946\/revisions"}],"wp:featuredmedia":[{"embeddable":true,"href":"https:\/\/exaudi.org\/it\/wp-json\/wp\/v2\/media\/32948"}],"wp:attachment":[{"href":"https:\/\/exaudi.org\/it\/wp-json\/wp\/v2\/media?parent=32946"}],"wp:term":[{"taxonomy":"category","embeddable":true,"href":"https:\/\/exaudi.org\/it\/wp-json\/wp\/v2\/categories?post=32946"},{"taxonomy":"post_tag","embeddable":true,"href":"https:\/\/exaudi.org\/it\/wp-json\/wp\/v2\/tags?post=32946"}],"curies":[{"name":"wp","href":"https:\/\/api.w.org\/{rel}","templated":true}]}}