{"id":32780,"date":"2021-09-12T10:40:13","date_gmt":"2021-09-12T08:40:13","guid":{"rendered":"https:\/\/exaudi.wpengine.com\/?p=32780"},"modified":"2021-09-12T10:40:13","modified_gmt":"2021-09-12T08:40:13","slug":"lultimo-volo-del-papa-con-alitalia","status":"publish","type":"post","link":"https:\/\/exaudi.org\/it\/lultimo-volo-del-papa-con-alitalia\/","title":{"rendered":"L\u2019ultimo volo del Papa con Alitalia"},"content":{"rendered":"<p>Sull\u2019aereo che questa mattina lo portava a Budapest e in Slovacchia per il Suo 34\u00b0 Viaggio Apostolico Internazionale, il Santo Padre Francesco come di consueto si \u00e8 recato a salutare gli operatori dei media che lo accompagnano sul volo papale. Introdotto dal saluto del Direttore della Sala Stampa della Santa Sede, Matteo Bruni, il Papa ha rivolto ai giornalisti alcune parole. In particolare ha sottolineato come si tratti di un viaggio di congedo dal suo cerimoniere, mons. Marini, nominato vescovo, ma anche dall&#8217;Alitalia, che tra breve cesser\u00e0 di esistere. Ecco le parole del S. Padre:<\/p>\n<p><strong>Bruni<\/strong> Buongiorno a tutti. Buongiorno Santo Padre.<\/p>\n<p><strong>Papa<\/strong> Buongiorno a tutti.<\/p>\n<p><strong>Bruni<\/strong> Penso di condividere il pensiero di tutti nel dire che siamo felici e grati di vederla. Siamo settantotto giornalisti e operatori dei mezzi di comunicazione, di cui otto dai Paesi dove andremo, quindi cinque dall\u2019Ungheria e tre dalla Slovacchia. Grazie, Santo Padre, per questo saluto e per le parole che vorr\u00e0 rivolgerci.<\/p>\n<p><strong>Papa<\/strong> Buongiorno a voi. Grazie per la compagnia. Questo volo ha un po\u2019 il gusto del congedo, perch\u00e9 ci lascia il Maestro delle cerimonie: \u00e8 l\u2019ultimo viaggio, perch\u00e9 \u00e8 diventato vescovo. Poi ci lascia \u201cil dittatore di turno\u201d [si volta e guarda sorridendo Mons. Datonou]. \u00c8 bravo\u2026 anche lui \u00e8 stato nominato vescovo e lascia il posto a un Monsignore, Giorgio si chiama, indiano: sempre sorride, sempre. Sar\u00e0 \u201cun dittatore con il sorriso\u201d! Ci lascia l\u2019Alitalia\u2026 Tanti congedi, ma riprendiamo i viaggi e questa \u00e8 una cosa molto importante, perch\u00e9 andremo a portare la parola e il saluto a tanta gente. Grazie di essere venuti, grazie Mons. Dieudonn\u00e9, grazie Mons. Giorgio, \u201cdittatore che sorride\u201d. Grazie a Mons. Marini, grazie a tutti voi e grazie all\u2019Alitalia che ci ha portati fino ad ora.<\/p>\n<p>Oggi non c\u2019\u00e8 la decana, anche in questo volo Valentina [Alazraki] non c\u2019\u00e8, ma c\u2019\u00e8 [Philip] Pullella, credo: eccolo l\u00ec, vedo la pista di atterraggio [indica la testa di Pullella]. Andiamo avanti, ricordando sempre coloro che non sono sul volo perch\u00e9 sono nostri compagni. Adesso io passer\u00f2 per salutarvi, un po\u2019 di fretta perch\u00e9 i tempi sono stretti. Grazie.<\/p>\n<h4>Il telegramma a Mattarella<\/h4>\n<p>Il Papa dopo aver lasciato casa S. Marta si era imbarcato a Fiumicino alle 6 su un A320 dell\u2019Alitalia. Come di consueto, al momento di lasciare il territorio italiano, il Santo Padre Francesco ha fatto pervenire al Presidente della Repubblica Italiana, On. Sergio Mattarella, il seguente telegramma:<br \/>\nNel momento in cui mi accingo a partire per Budapest in occasione della giornata conclusiva del Congresso Eucaristico internazionale, diretto poi in Slovacchia per incontrare i fratelli nella fede e gli altri abitanti di quella nazione, mi \u00e8 gradito rivolgere a Lei, signor Presidente, e all&#8217;intero popolo italiano il mio cordiale pensiero che accompagno con sinceri auspici di serenit\u00e0 e di generoso impegno per il bene comune.<\/p>\n<h4>L&#8217;arrivo a Budapest<\/h4>\n<p>All\u2019arrivo all\u2019Aeroporto Internazionale di Budapest, il Santo Padre \u00e8 stato accolto dal Vice-Primo Ministro della Repubblica di Ungheria, Zsolt Semj\u00e9n. Due bambini in abito tradizionale hanno consegnato un omaggio floreale al Papa. Dopo la presentazione delle rispettive Delegazioni, il Papa e il Vice-Primo Ministro si sono trasferiti in auto al Museo delle Belle Arti di Budapest.<\/p>\n<p>Al suo arrivo al Museo, il Santo Padre \u00e8 stato accolto dal Presidente della Repubblica, J\u00e1nos \u00c1der, e dal Primo Ministro, Viktor Orb\u00e1n, e si sono recati nella Sala Romanica del Museo. Quindi, dopo la foto ufficiale, ha avuto luogo l\u2019incontro privato. Al termine dell\u2019incontro, dopo lo scambio dei doni, Papa Francesco si \u00e8 recato nella Sala Rinascimentale del Museo delle Belle Arti per l\u2019incontro con i Vescovi della Conferenza Episcopale Ungherese.<\/p>\n","protected":false},"excerpt":{"rendered":"<p>Le parole del S. Padre durante il volo verso l\u2019Ungheria. Il congedo dal cerimoniere mons. Marini nominato vescovo<\/p>\n","protected":false},"author":17,"featured_media":32793,"comment_status":"closed","ping_status":"closed","sticky":false,"template":"","format":"standard","meta":{"_acf_changed":false,"_crdt_document":"","inline_featured_image":false,"footnotes":""},"categories":[67,119],"tags":[4110,2487,251,3200,4056],"class_list":["post-32780","post","type-post","status-publish","format-standard","has-post-thumbnail","hentry","category-leone-xiv","category-viaggi","tag-alitalia","tag-featured-3","tag-papa-francesco","tag-slovacchia","tag-ungheria"],"acf":[],"yoast_head":"<!-- This site is optimized with the Yoast SEO plugin v27.5 - https:\/\/yoast.com\/product\/yoast-seo-wordpress\/ -->\n<title>L\u2019ultimo volo del Papa con Alitalia &#8211; Exaudi<\/title>\n<meta name=\"description\" content=\"Il Papa \u00e8 partito per il viaggio in Ungheria e Slovacchia. Sul volo, l&#039;ultimo con Alitalia, si \u00e8 congedato dal cerimoniere mons. Marini, eletto vescovo\" \/>\n<meta name=\"robots\" content=\"index, follow, max-snippet:-1, max-image-preview:large, max-video-preview:-1\" \/>\n<link rel=\"canonical\" href=\"https:\/\/exaudi.org\/it\/lultimo-volo-del-papa-con-alitalia\/\" \/>\n<meta property=\"og:locale\" content=\"it_IT\" \/>\n<meta property=\"og:type\" content=\"article\" \/>\n<meta property=\"og:title\" content=\"L\u2019ultimo volo del Papa con Alitalia &#8211; Exaudi\" \/>\n<meta property=\"og:description\" content=\"Il Papa \u00e8 partito per il viaggio in Ungheria e Slovacchia. Sul volo, l&#039;ultimo con Alitalia, si \u00e8 congedato dal cerimoniere mons. Marini, eletto vescovo\" \/>\n<meta property=\"og:url\" content=\"https:\/\/exaudi.org\/it\/lultimo-volo-del-papa-con-alitalia\/\" \/>\n<meta property=\"og:site_name\" content=\"Exaudi\" \/>\n<meta property=\"article:publisher\" content=\"https:\/\/www.facebook.com\/ExaudiNews\" \/>\n<meta property=\"article:author\" content=\"https:\/\/www.facebook.com\/ExaudiNotizie\/\" \/>\n<meta property=\"article:published_time\" content=\"2021-09-12T08:40:13+00:00\" \/>\n<meta property=\"og:image\" content=\"https:\/\/exaudi.org\/wp-content\/uploads\/2021\/09\/budapest-1-scaled.jpg\" \/>\n\t<meta property=\"og:image:width\" content=\"2560\" \/>\n\t<meta property=\"og:image:height\" content=\"1707\" \/>\n\t<meta property=\"og:image:type\" content=\"image\/jpeg\" \/>\n<meta name=\"author\" content=\"Exaudi Redazione\" \/>\n<meta name=\"twitter:card\" content=\"summary_large_image\" \/>\n<meta name=\"twitter:creator\" content=\"@Exaudi_Notizie\" \/>\n<meta name=\"twitter:site\" content=\"@Exaudi_News\" \/>\n<meta name=\"twitter:label1\" content=\"Scritto da\" \/>\n\t<meta name=\"twitter:data1\" content=\"Exaudi Redazione\" \/>\n\t<meta name=\"twitter:label2\" content=\"Tempo di lettura stimato\" \/>\n\t<meta name=\"twitter:data2\" content=\"3 minuti\" \/>\n<script type=\"application\/ld+json\" class=\"yoast-schema-graph\">{\"@context\":\"https:\\\/\\\/schema.org\",\"@graph\":[{\"@type\":\"Article\",\"@id\":\"https:\\\/\\\/exaudi.org\\\/it\\\/lultimo-volo-del-papa-con-alitalia\\\/#article\",\"isPartOf\":{\"@id\":\"https:\\\/\\\/exaudi.org\\\/it\\\/lultimo-volo-del-papa-con-alitalia\\\/\"},\"author\":{\"name\":\"Exaudi Redazione\",\"@id\":\"https:\\\/\\\/exaudi.org\\\/#\\\/schema\\\/person\\\/e1ab6ed07c01774724dd96f925f3a5f0\"},\"headline\":\"L\u2019ultimo volo del Papa con Alitalia\",\"datePublished\":\"2021-09-12T08:40:13+00:00\",\"mainEntityOfPage\":{\"@id\":\"https:\\\/\\\/exaudi.org\\\/it\\\/lultimo-volo-del-papa-con-alitalia\\\/\"},\"wordCount\":611,\"image\":{\"@id\":\"https:\\\/\\\/exaudi.org\\\/it\\\/lultimo-volo-del-papa-con-alitalia\\\/#primaryimage\"},\"thumbnailUrl\":\"https:\\\/\\\/exaudi.org\\\/wp-content\\\/uploads\\\/2021\\\/09\\\/budapest-1-scaled.jpg\",\"keywords\":[\"Alitalia\",\"Featured\",\"Papa Francesco\",\"Slovacchia\",\"Ungheria\"],\"articleSection\":[\"Leone XIV\",\"Viaggi\"],\"inLanguage\":\"it-IT\"},{\"@type\":\"WebPage\",\"@id\":\"https:\\\/\\\/exaudi.org\\\/it\\\/lultimo-volo-del-papa-con-alitalia\\\/\",\"url\":\"https:\\\/\\\/exaudi.org\\\/it\\\/lultimo-volo-del-papa-con-alitalia\\\/\",\"name\":\"L\u2019ultimo volo del Papa con Alitalia &#8211; Exaudi\",\"isPartOf\":{\"@id\":\"https:\\\/\\\/exaudi.org\\\/#website\"},\"primaryImageOfPage\":{\"@id\":\"https:\\\/\\\/exaudi.org\\\/it\\\/lultimo-volo-del-papa-con-alitalia\\\/#primaryimage\"},\"image\":{\"@id\":\"https:\\\/\\\/exaudi.org\\\/it\\\/lultimo-volo-del-papa-con-alitalia\\\/#primaryimage\"},\"thumbnailUrl\":\"https:\\\/\\\/exaudi.org\\\/wp-content\\\/uploads\\\/2021\\\/09\\\/budapest-1-scaled.jpg\",\"datePublished\":\"2021-09-12T08:40:13+00:00\",\"author\":{\"@id\":\"https:\\\/\\\/exaudi.org\\\/#\\\/schema\\\/person\\\/e1ab6ed07c01774724dd96f925f3a5f0\"},\"description\":\"Il Papa \u00e8 partito per il viaggio in Ungheria e Slovacchia. Sul volo, l'ultimo con Alitalia, si \u00e8 congedato dal cerimoniere mons. Marini, eletto vescovo\",\"breadcrumb\":{\"@id\":\"https:\\\/\\\/exaudi.org\\\/it\\\/lultimo-volo-del-papa-con-alitalia\\\/#breadcrumb\"},\"inLanguage\":\"it-IT\",\"potentialAction\":[{\"@type\":\"ReadAction\",\"target\":[\"https:\\\/\\\/exaudi.org\\\/it\\\/lultimo-volo-del-papa-con-alitalia\\\/\"]}]},{\"@type\":\"ImageObject\",\"inLanguage\":\"it-IT\",\"@id\":\"https:\\\/\\\/exaudi.org\\\/it\\\/lultimo-volo-del-papa-con-alitalia\\\/#primaryimage\",\"url\":\"https:\\\/\\\/exaudi.org\\\/wp-content\\\/uploads\\\/2021\\\/09\\\/budapest-1-scaled.jpg\",\"contentUrl\":\"https:\\\/\\\/exaudi.org\\\/wp-content\\\/uploads\\\/2021\\\/09\\\/budapest-1-scaled.jpg\",\"width\":2560,\"height\":1707,\"caption\":\"L'arrivo del Papa a Budapest (C) Vatican Media\"},{\"@type\":\"BreadcrumbList\",\"@id\":\"https:\\\/\\\/exaudi.org\\\/it\\\/lultimo-volo-del-papa-con-alitalia\\\/#breadcrumb\",\"itemListElement\":[{\"@type\":\"ListItem\",\"position\":1,\"name\":\"Portada\",\"item\":\"https:\\\/\\\/exaudi.org\\\/it\\\/\"},{\"@type\":\"ListItem\",\"position\":2,\"name\":\"L\u2019ultimo volo del Papa con Alitalia\"}]},{\"@type\":\"WebSite\",\"@id\":\"https:\\\/\\\/exaudi.org\\\/#website\",\"url\":\"https:\\\/\\\/exaudi.org\\\/\",\"name\":\"Exaudi\",\"description\":\"News\",\"potentialAction\":[{\"@type\":\"SearchAction\",\"target\":{\"@type\":\"EntryPoint\",\"urlTemplate\":\"https:\\\/\\\/exaudi.org\\\/?s={search_term_string}\"},\"query-input\":{\"@type\":\"PropertyValueSpecification\",\"valueRequired\":true,\"valueName\":\"search_term_string\"}}],\"inLanguage\":\"it-IT\"},{\"@type\":\"Person\",\"@id\":\"https:\\\/\\\/exaudi.org\\\/#\\\/schema\\\/person\\\/e1ab6ed07c01774724dd96f925f3a5f0\",\"name\":\"Exaudi Redazione\",\"image\":{\"@type\":\"ImageObject\",\"inLanguage\":\"it-IT\",\"@id\":\"https:\\\/\\\/secure.gravatar.com\\\/avatar\\\/ad6774b3ada023bf5b939d64f45c94b3adf91502dd883507d469b4308a943bb3?s=96&d=mm&r=g\",\"url\":\"https:\\\/\\\/secure.gravatar.com\\\/avatar\\\/ad6774b3ada023bf5b939d64f45c94b3adf91502dd883507d469b4308a943bb3?s=96&d=mm&r=g\",\"contentUrl\":\"https:\\\/\\\/secure.gravatar.com\\\/avatar\\\/ad6774b3ada023bf5b939d64f45c94b3adf91502dd883507d469b4308a943bb3?s=96&d=mm&r=g\",\"caption\":\"Exaudi Redazione\"},\"description\":\"Che cosa \u00e8 Exaudi News? Exaudi News \u00e8 un agenzia cattolica internazionale che informa, istruisce e trasforma quotidianamente in spagnolo, inglese e italiano. Attraverso notizie, articoli di analisi e trasmissioni in diretta degli eventi del Papa, Exaudi cerca di rafforzare l'unit\u00e0 dei cristiani e di contribuire all'evangelizzazione del mondo, sempre guidato dalla dottrina sociale della Chiesa. Lavoriamo per portare la verit\u00e0 e i valori cristiani in ogni angolo del pianeta. Aiutaci a trasformare il mondo con Exaudi! Noi di Exaudi crediamo che l'evangelizzazione e l'informazione di qualit\u00e0 possano cambiare la vita. Per continuare la nostra missione ed espandere la nostra portata, abbiamo bisogno del tuo aiuto. Stiamo anche cercando persone motivate che vogliano unirsi al nostro team. Grazie al vostro sostegno raggiungeremo pi\u00f9 persone, diffonderemo il messaggio di Cristo e rafforzeremo l'unit\u00e0 dei cristiani. Vuoi unirti alla nostra missione? Per maggiori informazioni su come contribuire, visita Exaudi.org\\\/it o contattaci direttamente: info@exaudi.org Exaudi: informa, forma e trasforma.\",\"sameAs\":[\"https:\\\/\\\/www.facebook.com\\\/ExaudiNotizie\\\/\",\"https:\\\/\\\/www.instagram.com\\\/Exaudi_notizie\\\/\",\"https:\\\/\\\/x.com\\\/Exaudi_Notizie\",\"https:\\\/\\\/www.youtube.com\\\/@exaudicatholicnews\"],\"url\":\"https:\\\/\\\/exaudi.org\\\/it\\\/author\\\/dlvedi-org\\\/\"}]}<\/script>\n<!-- \/ Yoast SEO plugin. -->","yoast_head_json":{"title":"L\u2019ultimo volo del Papa con Alitalia &#8211; Exaudi","description":"Il Papa \u00e8 partito per il viaggio in Ungheria e Slovacchia. Sul volo, l'ultimo con Alitalia, si \u00e8 congedato dal cerimoniere mons. Marini, eletto vescovo","robots":{"index":"index","follow":"follow","max-snippet":"max-snippet:-1","max-image-preview":"max-image-preview:large","max-video-preview":"max-video-preview:-1"},"canonical":"https:\/\/exaudi.org\/it\/lultimo-volo-del-papa-con-alitalia\/","og_locale":"it_IT","og_type":"article","og_title":"L\u2019ultimo volo del Papa con Alitalia &#8211; Exaudi","og_description":"Il Papa \u00e8 partito per il viaggio in Ungheria e Slovacchia. Sul volo, l'ultimo con Alitalia, si \u00e8 congedato dal cerimoniere mons. Marini, eletto vescovo","og_url":"https:\/\/exaudi.org\/it\/lultimo-volo-del-papa-con-alitalia\/","og_site_name":"Exaudi","article_publisher":"https:\/\/www.facebook.com\/ExaudiNews","article_author":"https:\/\/www.facebook.com\/ExaudiNotizie\/","article_published_time":"2021-09-12T08:40:13+00:00","og_image":[{"width":2560,"height":1707,"url":"https:\/\/exaudi.org\/wp-content\/uploads\/2021\/09\/budapest-1-scaled.jpg","type":"image\/jpeg"}],"author":"Exaudi Redazione","twitter_card":"summary_large_image","twitter_creator":"@Exaudi_Notizie","twitter_site":"@Exaudi_News","twitter_misc":{"Scritto da":"Exaudi Redazione","Tempo di lettura stimato":"3 minuti"},"schema":{"@context":"https:\/\/schema.org","@graph":[{"@type":"Article","@id":"https:\/\/exaudi.org\/it\/lultimo-volo-del-papa-con-alitalia\/#article","isPartOf":{"@id":"https:\/\/exaudi.org\/it\/lultimo-volo-del-papa-con-alitalia\/"},"author":{"name":"Exaudi Redazione","@id":"https:\/\/exaudi.org\/#\/schema\/person\/e1ab6ed07c01774724dd96f925f3a5f0"},"headline":"L\u2019ultimo volo del Papa con Alitalia","datePublished":"2021-09-12T08:40:13+00:00","mainEntityOfPage":{"@id":"https:\/\/exaudi.org\/it\/lultimo-volo-del-papa-con-alitalia\/"},"wordCount":611,"image":{"@id":"https:\/\/exaudi.org\/it\/lultimo-volo-del-papa-con-alitalia\/#primaryimage"},"thumbnailUrl":"https:\/\/exaudi.org\/wp-content\/uploads\/2021\/09\/budapest-1-scaled.jpg","keywords":["Alitalia","Featured","Papa Francesco","Slovacchia","Ungheria"],"articleSection":["Leone XIV","Viaggi"],"inLanguage":"it-IT"},{"@type":"WebPage","@id":"https:\/\/exaudi.org\/it\/lultimo-volo-del-papa-con-alitalia\/","url":"https:\/\/exaudi.org\/it\/lultimo-volo-del-papa-con-alitalia\/","name":"L\u2019ultimo volo del Papa con Alitalia &#8211; Exaudi","isPartOf":{"@id":"https:\/\/exaudi.org\/#website"},"primaryImageOfPage":{"@id":"https:\/\/exaudi.org\/it\/lultimo-volo-del-papa-con-alitalia\/#primaryimage"},"image":{"@id":"https:\/\/exaudi.org\/it\/lultimo-volo-del-papa-con-alitalia\/#primaryimage"},"thumbnailUrl":"https:\/\/exaudi.org\/wp-content\/uploads\/2021\/09\/budapest-1-scaled.jpg","datePublished":"2021-09-12T08:40:13+00:00","author":{"@id":"https:\/\/exaudi.org\/#\/schema\/person\/e1ab6ed07c01774724dd96f925f3a5f0"},"description":"Il Papa \u00e8 partito per il viaggio in Ungheria e Slovacchia. Sul volo, l'ultimo con Alitalia, si \u00e8 congedato dal cerimoniere mons. Marini, eletto vescovo","breadcrumb":{"@id":"https:\/\/exaudi.org\/it\/lultimo-volo-del-papa-con-alitalia\/#breadcrumb"},"inLanguage":"it-IT","potentialAction":[{"@type":"ReadAction","target":["https:\/\/exaudi.org\/it\/lultimo-volo-del-papa-con-alitalia\/"]}]},{"@type":"ImageObject","inLanguage":"it-IT","@id":"https:\/\/exaudi.org\/it\/lultimo-volo-del-papa-con-alitalia\/#primaryimage","url":"https:\/\/exaudi.org\/wp-content\/uploads\/2021\/09\/budapest-1-scaled.jpg","contentUrl":"https:\/\/exaudi.org\/wp-content\/uploads\/2021\/09\/budapest-1-scaled.jpg","width":2560,"height":1707,"caption":"L'arrivo del Papa a Budapest (C) Vatican Media"},{"@type":"BreadcrumbList","@id":"https:\/\/exaudi.org\/it\/lultimo-volo-del-papa-con-alitalia\/#breadcrumb","itemListElement":[{"@type":"ListItem","position":1,"name":"Portada","item":"https:\/\/exaudi.org\/it\/"},{"@type":"ListItem","position":2,"name":"L\u2019ultimo volo del Papa con Alitalia"}]},{"@type":"WebSite","@id":"https:\/\/exaudi.org\/#website","url":"https:\/\/exaudi.org\/","name":"Exaudi","description":"News","potentialAction":[{"@type":"SearchAction","target":{"@type":"EntryPoint","urlTemplate":"https:\/\/exaudi.org\/?s={search_term_string}"},"query-input":{"@type":"PropertyValueSpecification","valueRequired":true,"valueName":"search_term_string"}}],"inLanguage":"it-IT"},{"@type":"Person","@id":"https:\/\/exaudi.org\/#\/schema\/person\/e1ab6ed07c01774724dd96f925f3a5f0","name":"Exaudi Redazione","image":{"@type":"ImageObject","inLanguage":"it-IT","@id":"https:\/\/secure.gravatar.com\/avatar\/ad6774b3ada023bf5b939d64f45c94b3adf91502dd883507d469b4308a943bb3?s=96&d=mm&r=g","url":"https:\/\/secure.gravatar.com\/avatar\/ad6774b3ada023bf5b939d64f45c94b3adf91502dd883507d469b4308a943bb3?s=96&d=mm&r=g","contentUrl":"https:\/\/secure.gravatar.com\/avatar\/ad6774b3ada023bf5b939d64f45c94b3adf91502dd883507d469b4308a943bb3?s=96&d=mm&r=g","caption":"Exaudi Redazione"},"description":"Che cosa \u00e8 Exaudi News? Exaudi News \u00e8 un agenzia cattolica internazionale che informa, istruisce e trasforma quotidianamente in spagnolo, inglese e italiano. Attraverso notizie, articoli di analisi e trasmissioni in diretta degli eventi del Papa, Exaudi cerca di rafforzare l'unit\u00e0 dei cristiani e di contribuire all'evangelizzazione del mondo, sempre guidato dalla dottrina sociale della Chiesa. Lavoriamo per portare la verit\u00e0 e i valori cristiani in ogni angolo del pianeta. Aiutaci a trasformare il mondo con Exaudi! Noi di Exaudi crediamo che l'evangelizzazione e l'informazione di qualit\u00e0 possano cambiare la vita. Per continuare la nostra missione ed espandere la nostra portata, abbiamo bisogno del tuo aiuto. Stiamo anche cercando persone motivate che vogliano unirsi al nostro team. Grazie al vostro sostegno raggiungeremo pi\u00f9 persone, diffonderemo il messaggio di Cristo e rafforzeremo l'unit\u00e0 dei cristiani. Vuoi unirti alla nostra missione? Per maggiori informazioni su come contribuire, visita Exaudi.org\/it o contattaci direttamente: info@exaudi.org Exaudi: informa, forma e trasforma.","sameAs":["https:\/\/www.facebook.com\/ExaudiNotizie\/","https:\/\/www.instagram.com\/Exaudi_notizie\/","https:\/\/x.com\/Exaudi_Notizie","https:\/\/www.youtube.com\/@exaudicatholicnews"],"url":"https:\/\/exaudi.org\/it\/author\/dlvedi-org\/"}]}},"jetpack_featured_media_url":"https:\/\/exaudi.org\/wp-content\/uploads\/2021\/09\/budapest-1-scaled.jpg","jetpack_shortlink":"https:\/\/wp.me\/pgKjF2-8wI","_links":{"self":[{"href":"https:\/\/exaudi.org\/it\/wp-json\/wp\/v2\/posts\/32780","targetHints":{"allow":["GET"]}}],"collection":[{"href":"https:\/\/exaudi.org\/it\/wp-json\/wp\/v2\/posts"}],"about":[{"href":"https:\/\/exaudi.org\/it\/wp-json\/wp\/v2\/types\/post"}],"author":[{"embeddable":true,"href":"https:\/\/exaudi.org\/it\/wp-json\/wp\/v2\/users\/17"}],"replies":[{"embeddable":true,"href":"https:\/\/exaudi.org\/it\/wp-json\/wp\/v2\/comments?post=32780"}],"version-history":[{"count":0,"href":"https:\/\/exaudi.org\/it\/wp-json\/wp\/v2\/posts\/32780\/revisions"}],"wp:featuredmedia":[{"embeddable":true,"href":"https:\/\/exaudi.org\/it\/wp-json\/wp\/v2\/media\/32793"}],"wp:attachment":[{"href":"https:\/\/exaudi.org\/it\/wp-json\/wp\/v2\/media?parent=32780"}],"wp:term":[{"taxonomy":"category","embeddable":true,"href":"https:\/\/exaudi.org\/it\/wp-json\/wp\/v2\/categories?post=32780"},{"taxonomy":"post_tag","embeddable":true,"href":"https:\/\/exaudi.org\/it\/wp-json\/wp\/v2\/tags?post=32780"}],"curies":[{"name":"wp","href":"https:\/\/api.w.org\/{rel}","templated":true}]}}