{"id":32642,"date":"2021-09-11T16:39:41","date_gmt":"2021-09-11T14:39:41","guid":{"rendered":"https:\/\/exaudi.wpengine.com\/?p=32642"},"modified":"2021-09-11T16:39:41","modified_gmt":"2021-09-11T14:39:41","slug":"il-papa-ai-carmelitani-fedelta-al-carisma","status":"publish","type":"post","link":"https:\/\/exaudi.org\/it\/il-papa-ai-carmelitani-fedelta-al-carisma\/","title":{"rendered":"Il Papa ai carmelitani: &#8220;Fedelt\u00e0 al carisma&#8221;"},"content":{"rendered":"<p>La vita consacrata \u00e8 parte integrante della Chiesa. E la fedelt\u00e0 al carisma \u00e8 fondamentale quanto il rinnovamento della missione. Lo ha ricordato Papa Francesco ai partecipanti al Capitolo Generale dell\u2019Ordine dei Frati Carmelitani Scalzi che ha ricevuto questa mattina in Udienza nel Palazzo Apostolico. Ecco il suo discorso, durante il quale ha anche \u201crimproverato l\u2019Osservatore romano:<\/p>\n<p>Cari fratelli, sono lieto di dare il benvenuto a voi, radunati per il Capitolo Generale da diverse regioni del mondo, in rappresentanza dei circa quattromila frati che fanno parte del vostro Ordine. Il mio saluto si estende anche a loro, come pure alle monache Carmelitane Scalze e a tutti i membri della famiglia carmelitana, che in questi giorni seguono i vostri lavori con la preghiera. Ringrazio il nuovo Priore Generale per le sue parole, e il Priore Generale uscente per il servizio compiuto. Grazie. Avete iniziato il Capitolo guidati da tre testi biblici molto significativi. Primo: ascoltare ci\u00f2 che dice lo Spirito (cfr Ap 2,7); secondo: discernere i segni dei tempi (cfr Mt 16,3); terzo: diventare testimoni sino ai confini della terra (cfr At 1,8).<\/p>\n<h4>Ascolto<\/h4>\n<p>Ascoltare \u00e8 l\u2019atteggiamento fondamentale del discepolo, di chi si mette alla scuola di Ges\u00f9 e vuole rispondere a quello che Lui ci chiede in questo momento difficile ma sempre bello, perch\u00e9 \u00e8 tempo di Dio. Ascoltare lo Spirito, per poter discernere ci\u00f2 che viene del Signore e che gli \u00e8 contrario e, in questo modo, rispondere, a partire dal Vangelo, rispondere ai segni dei tempi attraverso i quali il Signore della storia ci parla e si rivela.<\/p>\n<p>Ascolto e discernimento, in vista della testimonianza, della missione portata avanti con l\u2019annuncio del Vangelo, sia con le parole sia, soprattutto, con la vita. In questo tempo, nel quale la pandemia ci ha messo tutti di fronte a tante domande e che ha visto il crollo di tante sicurezze, siete chiamati, in quanto figli di Santa Teresa, a prendere cura della vostra fedelt\u00e0 agli elementi perenni del vostro carisma. Questa crisi, se ha qualcosa di buono \u2013 e certamente lo ha \u2013 \u00e8 proprio di riportarci all\u2019essenziale, a non vivere distratti da false sicurezze. Tale contesto \u00e8 favorevole anche perch\u00e9 voi possiate esaminare lo stato di salute del vostro Ordine e alimentare il fuoco delle vostre origini.<\/p>\n<h4>I pessimisti saranno smentiti<\/h4>\n<p>A volte qualcuno si domanda quale sia il futuro della vita consacrata; e qualche profeta di sventura dice che questo futuro \u00e8 breve, che la vita consacrata \u00e8 in esaurimento. Ma, cari fratelli, queste visioni pessimistiche sono destinate ad essere smentite come quelle sulla Chiesa stessa, perch\u00e9 la vita consacrata \u00e8 parte integrante della Chiesa, della sua indole escatologica, della sua genuinit\u00e0 evangelica. La vita consacrata \u00e8 parte della Chiesa cos\u00ec come l\u2019ha voluta Ges\u00f9 e come lo Spirito continuamente la genera.<\/p>\n<p>Dunque, si deve allontanare la tentazione di preoccuparsi di sopravvivere, invece che di vivere in pienezza accogliendo la grazia del presente, anche con i rischi che comporta. Alla scuola di Cristo, si tratta di essere fedeli al presente e nello stesso tempo liberi e aperti all\u2019orizzonte di Dio, immersi nel suo mistero d\u2019amore.<\/p>\n<h4>Vita contemplativa<\/h4>\n<p>La vita carmelitana \u00e8 vita contemplativa. \u00c8 questo il dono che lo Spirito ha fatto alla Chiesa con Santa Teresa di Ges\u00f9 e San Giovanni della Croce, e poi con i santi e le sante carmelitani, sono tanti. Fedele a questo dono, la vita carmelitana \u00e8 una risposta alla sete dell\u2019uomo contemporaneo, che nel profondo \u00e8 sete di Dio, sete di eterno e tante volte non lo capisce, lo sta cercando dappertutto. Ed \u00e8 al riparo da psicologismi, spiritualismi, o da falsi aggiornamenti che nascondono uno spirito di mondanit\u00e0.<\/p>\n<h4>Attenti alla mondanit\u00e0 spirituale<\/h4>\n<figure id=\"attachment_32646\" aria-describedby=\"caption-attachment-32646\" style=\"width: 300px\" class=\"wp-caption alignleft\"><img loading=\"lazy\" decoding=\"async\" class=\"size-medium wp-image-32646\" src=\"https:\/\/exaudi.wpengine.com\/wp-content\/uploads\/2021\/09\/carmelitani-1-300x200.jpg\" alt=\"\" width=\"300\" height=\"200\" srcset=\"https:\/\/exaudi.org\/wp-content\/uploads\/2021\/09\/carmelitani-1-300x200.jpg 300w, https:\/\/exaudi.org\/wp-content\/uploads\/2021\/09\/carmelitani-1-1024x683.jpg 1024w, https:\/\/exaudi.org\/wp-content\/uploads\/2021\/09\/carmelitani-1-768x512.jpg 768w, https:\/\/exaudi.org\/wp-content\/uploads\/2021\/09\/carmelitani-1-1536x1024.jpg 1536w, https:\/\/exaudi.org\/wp-content\/uploads\/2021\/09\/carmelitani-1-2048x1365.jpg 2048w, https:\/\/exaudi.org\/wp-content\/uploads\/2021\/09\/carmelitani-1-150x100.jpg 150w, https:\/\/exaudi.org\/wp-content\/uploads\/2021\/09\/carmelitani-1-696x464.jpg 696w, https:\/\/exaudi.org\/wp-content\/uploads\/2021\/09\/carmelitani-1-1068x712.jpg 1068w, https:\/\/exaudi.org\/wp-content\/uploads\/2021\/09\/carmelitani-1-1920x1280.jpg 1920w, https:\/\/exaudi.org\/wp-content\/uploads\/2021\/09\/carmelitani-1-630x420.jpg 630w\" sizes=\"auto, (max-width: 300px) 100vw, 300px\" \/><figcaption id=\"caption-attachment-32646\" class=\"wp-caption-text\">(C) Vatican Media<\/figcaption><\/figure>\n<p>Voi conoscete bene la tentazione degli psicologismi, degli spiritualismi e degli aggiornamenti mondani, lo spirito di mondanit\u00e0. E su questo vi chiedo, per favore: state attenti alla mondanit\u00e0 spirituale, che \u00e8 il peggio del male che pu\u00f2 accadere alla Chiesa. Quando io ho letto questo nelle ultime pagine di Meditazione sulla Chiesa del padre de Lubac \u2013 leggete le ultime quattro pagine \u2013 non potevo crederlo: ma come mai \u2013 ancora ero a Buenos Aires \u2013, come mai succede questo? Cosa \u00e8 questa mondanit\u00e0 spirituale? \u00c8 molto sottile, \u00e8 molto sottile, entra e noi non ci accorgiamo di questo. Il testo cita un padre spirituale benedettino, de Lubac assume quel testo e dice: \u201c\u00c8 il peggio dei mali che pu\u00f2 accadere alla Chiesa, anzi peggio di quel tempo dei Papi concubinari\u201d. Questo l\u2019ho detto anche ai claretiani l\u2019altro giorno\u2026 Si vede che l\u2019Osservatore Romano si \u00e8 spaventato di questo testo, che non \u00e8 mio, \u00e8 di de Lubac, e ha messo \u201cpeggio dei padri concubinari\u201d; aveva paura della verit\u00e0, spero che l\u2019Osservatore si corregga bene.<\/p>\n<h4>I demoni educati<\/h4>\n<p>La mondanit\u00e0 spirituale \u00e8 terribile, ti entra dentro. C\u2019\u00e8 nel Vangelo, lo ha detto Ges\u00f9, quando parla dei \u201cdemoni educati\u201d, dei \u201cdiavoli educati\u201d, perch\u00e9 Ges\u00f9 dice cos\u00ec: quando lo spirito immondo \u00e8 stato cacciato via dall\u2019anima di una persona comincia a girare per luoghi deserti e poi \u201csi annoia\u201d, \u201cnon ha lavoro\u201d, e dice: \u201cTorner\u00f2 a vedere com\u2019era quella mia casa\u201d. Torna e vede che tutto \u00e8 pulito, tutto \u00e8 in ordine e, dice Ges\u00f9: \u201cVa e prende sette diavoli peggiori di lui e entrano. E la fine di quell\u2019uomo \u00e8 peggiore del principio\u201d. Ma come entrano questi sette demoni? Non come ladri, no: suonano il campanello, dicono buongiorno e entrano poco a poco, vanno entrando poco a poco e tu non ti accorgi che hanno preso possesso della tua casa.<\/p>\n<p>Questo \u00e8 lo spirito della mondanit\u00e0. Entra poco a poco, entra anche nella preghiera, entra. State attenti a questo. \u00c8 il peggiore dei mali che pu\u00f2 accadere alla Chiesa e, se non credete a me, leggete le ultime quattro pagine di Meditazione sulla Chiesa del padre de Lubac. Guardatevi dalla mondanit\u00e0 spirituale. Ricordiamoci che la fedelt\u00e0 evangelica non \u00e8 stabilit\u00e0 di luogo, ma stabilit\u00e0 del cuore; che non consiste nel rifiutare il cambiamento, ma nel fare i cambiamenti necessari per venire incontro a quanto ci chiede il Signore, qui e adesso. E pertanto la fedelt\u00e0 richiede un fermo impegno sui valori del Vangelo e del proprio carisma e la rinuncia a ci\u00f2 che impedisce di dare il meglio di s\u00e9 al Signore e agli altri.<\/p>\n<p>In questa prospettiva, vi incoraggio a tenere legate l\u2019amicizia con Dio, la vita fraterna in comunit\u00e0 e la missione, come si legge nei documenti preparatori del vostro Capitolo. L\u2019amicizia con il Signore \u00e8 per Santa Teresa vivere in comunione con Lui, \u00e8 non solo pregare, ma fare della vita una preghiera, \u00e8 camminare \u2013 come dice la vostra Regola \u2013 \u201cin obsequio Iesu Christi\u201d, e farlo nella gioia.<\/p>\n<h4>La gioia<\/h4>\n<p>Un\u2019altra cosa che vorrei sottolineare: la gioia. \u00c8 brutto vedere consacrati o consacrate con una faccia da veglia funebre. \u00c8 brutto, \u00e8 brutto. La gioia deve venire da dentro: quella gioia che \u00e8 pace, espressione di amicizia. Un\u2019altra cosa che ho messo nell\u2019Esortazione sulla santit\u00e0: il senso dell\u2019umorismo. Per favore non perdete il senso dell\u2019umorismo. In Gaudete et exsultate ho inserito, in quel capitolo, una preghiera di San Tommaso Moro per chiedere il senso dell\u2019umorismo. Pregatela, vi far\u00e0 bene. Sempre con quella gioia degli umili, che accolgono le cose normali, quotidiane della vita per vivere nella gioia. In questa prospettiva, vi incoraggio a tenere legate l\u2019amicizia con Dio, la vita fraterna in comunit\u00e0 e la missione, come ho detto.<\/p>\n<h4>Vita comunitaria<\/h4>\n<p>L\u2019amicizia con Dio matura nel silenzio, nel raccoglimento, nell\u2019ascolto della Parola di Dio; \u00e8 un fuoco che va alimentato e custodito giorno per giorno. Il calore di questo fuoco interiore aiuta anche a praticare la vita fraterna in comunit\u00e0. Essa non \u00e8 un elemento accessorio, \u00e8 sostanziale. A voi lo ricorda il vostro stesso nome: \u201cFratelli scalzi\u201d. Radicati nella relazione con Dio, Trinit\u00e0 d\u2019Amore, siete chiamati a coltivare le relazioni nello Spirito, in una sana tensione tra lo stare soli e lo stare con gli altri, controcorrente rispetto all\u2019individualismo e alla massificazione del mondo. L\u2019individualismo e la massificazione. Vita comunitaria. La santa madre Teresa esorta allo \u201cstile di fraternit\u00e0\u201d, \u201cel estilo de hermandad\u201d. \u00c8 un\u2019arte che si impara giorno per giorno: essere famiglia unita in Cristo, \u201cfratelli scalzi di Maria\u201d, tenendo come modelli la santa Famiglia di Nazaret e la comunit\u00e0 apostolica.<\/p>\n<h4>San Giuseppe<\/h4>\n<p>La santa Famiglia di Nazaret: grazie per aver menzionato san Giuseppe, non dimenticatelo! Uno di voi mi aveva regalato a suo tempo un\u2019immaginetta di San Giuseppe con una preghiera, un\u2019umile preghiera che dice: \u201cAccettami, come hai accettato Ges\u00f9\u201d. Bella preghiera, la prego tutti i giorni. Chiede a san Giuseppe che ci accetti e ci faccia progredire nella vita spirituale, che sia un po\u2019 il nostro padre spirituale, come \u00e8 stato padre per Ges\u00f9 e nella sacra Famiglia. A partire dell\u2019amicizia con Dio e dallo stile di fraternit\u00e0 siete chiamati a ripensare anche la vostra missione, con creativit\u00e0 e un deciso slancio apostolico, prestando grande attenzione al mondo di oggi.<\/p>\n<h4>Rinnovamento della missione<\/h4>\n<p>Vorrei insistere su ci\u00f2 che ho gi\u00e0 accennato sopra: questo rinnovamento della vostra missione \u00e8 inscindibilmente legato alla fedelt\u00e0 alla vocazione contemplativa: cercate voi come farlo, ma \u00e8 legato. Non dovete imitare la missione di altri carismi, ma essere fedeli al vostro, per dare al mondo ci\u00f2 che il Signore ha donato a voi per il bene di tutti, cio\u00e8 l\u2019acqua viva della contemplazione. Essa infatti non \u00e8 evasione dalla realt\u00e0, chiusura in un\u2019oasi protetta, ma apertura del cuore e della vita alla forza che veramente trasforma il mondo, cio\u00e8 l\u2019amore di Dio. \u00c8 nella prolungata preghiera solitaria che Ges\u00f9 riceveva la spinta per \u201cspezzare\u201d ogni giorno la sua vita in mezzo alla gente. E cos\u00ec i santi e le sante: la generosit\u00e0 e il coraggio del loro apostolato sono frutto della loro profonda unione con Dio.<\/p>\n<p>Cari fratelli, l\u2019armonia tra questi tre elementi: amicizia con Dio, vita fraterna e missione, \u00e8 una meta affascinante, capace di motivare le vostre scelte presenti e future. Lo Spirito Santo \u2013 \u00e8 proprio Lui che crea l\u2019armonia \u2013 illumini e guidi i vostri passi su questa strada. La Vergine Santa vi protegga e vi accompagni. Vi benedico di cuore. Mi raccomando, non dimenticatevi di pregare per me, ne ho bisogno. Grazie!<\/p>\n","protected":false},"excerpt":{"rendered":"<p>E durante l&#8217;udienza il S. Padre tira le orecchie all&#8217;Osservatore romano per aver corretto un passaggio di un suo discorso<\/p>\n","protected":false},"author":17,"featured_media":32643,"comment_status":"closed","ping_status":"closed","sticky":false,"template":"","format":"standard","meta":{"_acf_changed":false,"_crdt_document":"","inline_featured_image":false,"footnotes":""},"categories":[67,2157,297],"tags":[4095,2487,3301,251,3334],"class_list":["post-32642","post","type-post","status-publish","format-standard","has-post-thumbnail","hentry","category-leone-xiv","category-top-ultime-notizie","category-ultime-notizie","tag-carmelitani","tag-featured-3","tag-fedelta","tag-papa-francesco","tag-religiosi"],"acf":[],"yoast_head":"<!-- This site is optimized with the Yoast SEO plugin v27.4 - https:\/\/yoast.com\/product\/yoast-seo-wordpress\/ -->\n<title>Il Papa ai carmelitani: &quot;Fedelt\u00e0 al carisma&quot; &#8211; Exaudi<\/title>\n<meta name=\"description\" content=\"Il Papa ha ricevuto i partecipanti al capitolo dei carmelitani scalzi invitandoli a rinnovare la loro missione nella fedelt\u00e0 al carisma\" \/>\n<meta name=\"robots\" content=\"index, follow, max-snippet:-1, max-image-preview:large, max-video-preview:-1\" \/>\n<link rel=\"canonical\" href=\"https:\/\/exaudi.org\/it\/il-papa-ai-carmelitani-fedelta-al-carisma\/\" \/>\n<meta property=\"og:locale\" content=\"it_IT\" \/>\n<meta property=\"og:type\" content=\"article\" \/>\n<meta property=\"og:title\" content=\"Il Papa ai carmelitani: &quot;Fedelt\u00e0 al carisma&quot; &#8211; Exaudi\" \/>\n<meta property=\"og:description\" content=\"Il Papa ha ricevuto i partecipanti al capitolo dei carmelitani scalzi invitandoli a rinnovare la loro missione nella fedelt\u00e0 al carisma\" \/>\n<meta property=\"og:url\" content=\"https:\/\/exaudi.org\/it\/il-papa-ai-carmelitani-fedelta-al-carisma\/\" \/>\n<meta property=\"og:site_name\" content=\"Exaudi\" \/>\n<meta property=\"article:publisher\" content=\"https:\/\/www.facebook.com\/ExaudiNews\" \/>\n<meta property=\"article:author\" content=\"https:\/\/www.facebook.com\/ExaudiNotizie\/\" \/>\n<meta property=\"article:published_time\" content=\"2021-09-11T14:39:41+00:00\" \/>\n<meta property=\"og:image\" content=\"https:\/\/exaudi.org\/wp-content\/uploads\/2021\/09\/carmelitani-scaled.jpg\" \/>\n\t<meta property=\"og:image:width\" content=\"2560\" \/>\n\t<meta property=\"og:image:height\" content=\"1707\" \/>\n\t<meta property=\"og:image:type\" content=\"image\/jpeg\" \/>\n<meta name=\"author\" content=\"Exaudi Redazione\" \/>\n<meta name=\"twitter:card\" content=\"summary_large_image\" \/>\n<meta name=\"twitter:creator\" content=\"@Exaudi_Notizie\" \/>\n<meta name=\"twitter:site\" content=\"@Exaudi_News\" \/>\n<meta name=\"twitter:label1\" content=\"Scritto da\" \/>\n\t<meta name=\"twitter:data1\" content=\"Exaudi Redazione\" \/>\n\t<meta name=\"twitter:label2\" content=\"Tempo di lettura stimato\" \/>\n\t<meta name=\"twitter:data2\" content=\"8 minuti\" \/>\n<script type=\"application\/ld+json\" class=\"yoast-schema-graph\">{\"@context\":\"https:\\\/\\\/schema.org\",\"@graph\":[{\"@type\":\"Article\",\"@id\":\"https:\\\/\\\/exaudi.org\\\/it\\\/il-papa-ai-carmelitani-fedelta-al-carisma\\\/#article\",\"isPartOf\":{\"@id\":\"https:\\\/\\\/exaudi.org\\\/it\\\/il-papa-ai-carmelitani-fedelta-al-carisma\\\/\"},\"author\":{\"name\":\"Exaudi Redazione\",\"@id\":\"https:\\\/\\\/exaudi.org\\\/#\\\/schema\\\/person\\\/e1ab6ed07c01774724dd96f925f3a5f0\"},\"headline\":\"Il Papa ai carmelitani: &#8220;Fedelt\u00e0 al carisma&#8221;\",\"datePublished\":\"2021-09-11T14:39:41+00:00\",\"mainEntityOfPage\":{\"@id\":\"https:\\\/\\\/exaudi.org\\\/it\\\/il-papa-ai-carmelitani-fedelta-al-carisma\\\/\"},\"wordCount\":1693,\"image\":{\"@id\":\"https:\\\/\\\/exaudi.org\\\/it\\\/il-papa-ai-carmelitani-fedelta-al-carisma\\\/#primaryimage\"},\"thumbnailUrl\":\"https:\\\/\\\/exaudi.org\\\/wp-content\\\/uploads\\\/2021\\\/09\\\/carmelitani-scaled.jpg\",\"keywords\":[\"carmelitani\",\"Featured\",\"fedelt\u00e0\",\"Papa Francesco\",\"religiosi\"],\"articleSection\":[\"Leone XIV\",\"Top Ultime Notizie\",\"Ultime Notizie\"],\"inLanguage\":\"it-IT\"},{\"@type\":\"WebPage\",\"@id\":\"https:\\\/\\\/exaudi.org\\\/it\\\/il-papa-ai-carmelitani-fedelta-al-carisma\\\/\",\"url\":\"https:\\\/\\\/exaudi.org\\\/it\\\/il-papa-ai-carmelitani-fedelta-al-carisma\\\/\",\"name\":\"Il Papa ai carmelitani: \\\"Fedelt\u00e0 al carisma\\\" &#8211; Exaudi\",\"isPartOf\":{\"@id\":\"https:\\\/\\\/exaudi.org\\\/#website\"},\"primaryImageOfPage\":{\"@id\":\"https:\\\/\\\/exaudi.org\\\/it\\\/il-papa-ai-carmelitani-fedelta-al-carisma\\\/#primaryimage\"},\"image\":{\"@id\":\"https:\\\/\\\/exaudi.org\\\/it\\\/il-papa-ai-carmelitani-fedelta-al-carisma\\\/#primaryimage\"},\"thumbnailUrl\":\"https:\\\/\\\/exaudi.org\\\/wp-content\\\/uploads\\\/2021\\\/09\\\/carmelitani-scaled.jpg\",\"datePublished\":\"2021-09-11T14:39:41+00:00\",\"author\":{\"@id\":\"https:\\\/\\\/exaudi.org\\\/#\\\/schema\\\/person\\\/e1ab6ed07c01774724dd96f925f3a5f0\"},\"description\":\"Il Papa ha ricevuto i partecipanti al capitolo dei carmelitani scalzi invitandoli a rinnovare la loro missione nella fedelt\u00e0 al carisma\",\"breadcrumb\":{\"@id\":\"https:\\\/\\\/exaudi.org\\\/it\\\/il-papa-ai-carmelitani-fedelta-al-carisma\\\/#breadcrumb\"},\"inLanguage\":\"it-IT\",\"potentialAction\":[{\"@type\":\"ReadAction\",\"target\":[\"https:\\\/\\\/exaudi.org\\\/it\\\/il-papa-ai-carmelitani-fedelta-al-carisma\\\/\"]}]},{\"@type\":\"ImageObject\",\"inLanguage\":\"it-IT\",\"@id\":\"https:\\\/\\\/exaudi.org\\\/it\\\/il-papa-ai-carmelitani-fedelta-al-carisma\\\/#primaryimage\",\"url\":\"https:\\\/\\\/exaudi.org\\\/wp-content\\\/uploads\\\/2021\\\/09\\\/carmelitani-scaled.jpg\",\"contentUrl\":\"https:\\\/\\\/exaudi.org\\\/wp-content\\\/uploads\\\/2021\\\/09\\\/carmelitani-scaled.jpg\",\"width\":2560,\"height\":1707,\"caption\":\"(C) Vatican Media\"},{\"@type\":\"BreadcrumbList\",\"@id\":\"https:\\\/\\\/exaudi.org\\\/it\\\/il-papa-ai-carmelitani-fedelta-al-carisma\\\/#breadcrumb\",\"itemListElement\":[{\"@type\":\"ListItem\",\"position\":1,\"name\":\"Portada\",\"item\":\"https:\\\/\\\/exaudi.org\\\/it\\\/\"},{\"@type\":\"ListItem\",\"position\":2,\"name\":\"Il Papa ai carmelitani: &#8220;Fedelt\u00e0 al carisma&#8221;\"}]},{\"@type\":\"WebSite\",\"@id\":\"https:\\\/\\\/exaudi.org\\\/#website\",\"url\":\"https:\\\/\\\/exaudi.org\\\/\",\"name\":\"Exaudi\",\"description\":\"News\",\"potentialAction\":[{\"@type\":\"SearchAction\",\"target\":{\"@type\":\"EntryPoint\",\"urlTemplate\":\"https:\\\/\\\/exaudi.org\\\/?s={search_term_string}\"},\"query-input\":{\"@type\":\"PropertyValueSpecification\",\"valueRequired\":true,\"valueName\":\"search_term_string\"}}],\"inLanguage\":\"it-IT\"},{\"@type\":\"Person\",\"@id\":\"https:\\\/\\\/exaudi.org\\\/#\\\/schema\\\/person\\\/e1ab6ed07c01774724dd96f925f3a5f0\",\"name\":\"Exaudi Redazione\",\"image\":{\"@type\":\"ImageObject\",\"inLanguage\":\"it-IT\",\"@id\":\"https:\\\/\\\/secure.gravatar.com\\\/avatar\\\/ad6774b3ada023bf5b939d64f45c94b3adf91502dd883507d469b4308a943bb3?s=96&d=mm&r=g\",\"url\":\"https:\\\/\\\/secure.gravatar.com\\\/avatar\\\/ad6774b3ada023bf5b939d64f45c94b3adf91502dd883507d469b4308a943bb3?s=96&d=mm&r=g\",\"contentUrl\":\"https:\\\/\\\/secure.gravatar.com\\\/avatar\\\/ad6774b3ada023bf5b939d64f45c94b3adf91502dd883507d469b4308a943bb3?s=96&d=mm&r=g\",\"caption\":\"Exaudi Redazione\"},\"description\":\"Che cosa \u00e8 Exaudi News? Exaudi News \u00e8 un agenzia cattolica internazionale che informa, istruisce e trasforma quotidianamente in spagnolo, inglese e italiano. Attraverso notizie, articoli di analisi e trasmissioni in diretta degli eventi del Papa, Exaudi cerca di rafforzare l'unit\u00e0 dei cristiani e di contribuire all'evangelizzazione del mondo, sempre guidato dalla dottrina sociale della Chiesa. Lavoriamo per portare la verit\u00e0 e i valori cristiani in ogni angolo del pianeta. Aiutaci a trasformare il mondo con Exaudi! Noi di Exaudi crediamo che l'evangelizzazione e l'informazione di qualit\u00e0 possano cambiare la vita. Per continuare la nostra missione ed espandere la nostra portata, abbiamo bisogno del tuo aiuto. Stiamo anche cercando persone motivate che vogliano unirsi al nostro team. Grazie al vostro sostegno raggiungeremo pi\u00f9 persone, diffonderemo il messaggio di Cristo e rafforzeremo l'unit\u00e0 dei cristiani. Vuoi unirti alla nostra missione? Per maggiori informazioni su come contribuire, visita Exaudi.org\\\/it o contattaci direttamente: info@exaudi.org Exaudi: informa, forma e trasforma.\",\"sameAs\":[\"https:\\\/\\\/www.facebook.com\\\/ExaudiNotizie\\\/\",\"https:\\\/\\\/www.instagram.com\\\/Exaudi_notizie\\\/\",\"https:\\\/\\\/x.com\\\/Exaudi_Notizie\",\"https:\\\/\\\/www.youtube.com\\\/@exaudicatholicnews\"],\"url\":\"https:\\\/\\\/exaudi.org\\\/it\\\/author\\\/dlvedi-org\\\/\"}]}<\/script>\n<!-- \/ Yoast SEO plugin. -->","yoast_head_json":{"title":"Il Papa ai carmelitani: \"Fedelt\u00e0 al carisma\" &#8211; Exaudi","description":"Il Papa ha ricevuto i partecipanti al capitolo dei carmelitani scalzi invitandoli a rinnovare la loro missione nella fedelt\u00e0 al carisma","robots":{"index":"index","follow":"follow","max-snippet":"max-snippet:-1","max-image-preview":"max-image-preview:large","max-video-preview":"max-video-preview:-1"},"canonical":"https:\/\/exaudi.org\/it\/il-papa-ai-carmelitani-fedelta-al-carisma\/","og_locale":"it_IT","og_type":"article","og_title":"Il Papa ai carmelitani: \"Fedelt\u00e0 al carisma\" &#8211; Exaudi","og_description":"Il Papa ha ricevuto i partecipanti al capitolo dei carmelitani scalzi invitandoli a rinnovare la loro missione nella fedelt\u00e0 al carisma","og_url":"https:\/\/exaudi.org\/it\/il-papa-ai-carmelitani-fedelta-al-carisma\/","og_site_name":"Exaudi","article_publisher":"https:\/\/www.facebook.com\/ExaudiNews","article_author":"https:\/\/www.facebook.com\/ExaudiNotizie\/","article_published_time":"2021-09-11T14:39:41+00:00","og_image":[{"width":2560,"height":1707,"url":"https:\/\/exaudi.org\/wp-content\/uploads\/2021\/09\/carmelitani-scaled.jpg","type":"image\/jpeg"}],"author":"Exaudi Redazione","twitter_card":"summary_large_image","twitter_creator":"@Exaudi_Notizie","twitter_site":"@Exaudi_News","twitter_misc":{"Scritto da":"Exaudi Redazione","Tempo di lettura stimato":"8 minuti"},"schema":{"@context":"https:\/\/schema.org","@graph":[{"@type":"Article","@id":"https:\/\/exaudi.org\/it\/il-papa-ai-carmelitani-fedelta-al-carisma\/#article","isPartOf":{"@id":"https:\/\/exaudi.org\/it\/il-papa-ai-carmelitani-fedelta-al-carisma\/"},"author":{"name":"Exaudi Redazione","@id":"https:\/\/exaudi.org\/#\/schema\/person\/e1ab6ed07c01774724dd96f925f3a5f0"},"headline":"Il Papa ai carmelitani: &#8220;Fedelt\u00e0 al carisma&#8221;","datePublished":"2021-09-11T14:39:41+00:00","mainEntityOfPage":{"@id":"https:\/\/exaudi.org\/it\/il-papa-ai-carmelitani-fedelta-al-carisma\/"},"wordCount":1693,"image":{"@id":"https:\/\/exaudi.org\/it\/il-papa-ai-carmelitani-fedelta-al-carisma\/#primaryimage"},"thumbnailUrl":"https:\/\/exaudi.org\/wp-content\/uploads\/2021\/09\/carmelitani-scaled.jpg","keywords":["carmelitani","Featured","fedelt\u00e0","Papa Francesco","religiosi"],"articleSection":["Leone XIV","Top Ultime Notizie","Ultime Notizie"],"inLanguage":"it-IT"},{"@type":"WebPage","@id":"https:\/\/exaudi.org\/it\/il-papa-ai-carmelitani-fedelta-al-carisma\/","url":"https:\/\/exaudi.org\/it\/il-papa-ai-carmelitani-fedelta-al-carisma\/","name":"Il Papa ai carmelitani: \"Fedelt\u00e0 al carisma\" &#8211; Exaudi","isPartOf":{"@id":"https:\/\/exaudi.org\/#website"},"primaryImageOfPage":{"@id":"https:\/\/exaudi.org\/it\/il-papa-ai-carmelitani-fedelta-al-carisma\/#primaryimage"},"image":{"@id":"https:\/\/exaudi.org\/it\/il-papa-ai-carmelitani-fedelta-al-carisma\/#primaryimage"},"thumbnailUrl":"https:\/\/exaudi.org\/wp-content\/uploads\/2021\/09\/carmelitani-scaled.jpg","datePublished":"2021-09-11T14:39:41+00:00","author":{"@id":"https:\/\/exaudi.org\/#\/schema\/person\/e1ab6ed07c01774724dd96f925f3a5f0"},"description":"Il Papa ha ricevuto i partecipanti al capitolo dei carmelitani scalzi invitandoli a rinnovare la loro missione nella fedelt\u00e0 al carisma","breadcrumb":{"@id":"https:\/\/exaudi.org\/it\/il-papa-ai-carmelitani-fedelta-al-carisma\/#breadcrumb"},"inLanguage":"it-IT","potentialAction":[{"@type":"ReadAction","target":["https:\/\/exaudi.org\/it\/il-papa-ai-carmelitani-fedelta-al-carisma\/"]}]},{"@type":"ImageObject","inLanguage":"it-IT","@id":"https:\/\/exaudi.org\/it\/il-papa-ai-carmelitani-fedelta-al-carisma\/#primaryimage","url":"https:\/\/exaudi.org\/wp-content\/uploads\/2021\/09\/carmelitani-scaled.jpg","contentUrl":"https:\/\/exaudi.org\/wp-content\/uploads\/2021\/09\/carmelitani-scaled.jpg","width":2560,"height":1707,"caption":"(C) Vatican Media"},{"@type":"BreadcrumbList","@id":"https:\/\/exaudi.org\/it\/il-papa-ai-carmelitani-fedelta-al-carisma\/#breadcrumb","itemListElement":[{"@type":"ListItem","position":1,"name":"Portada","item":"https:\/\/exaudi.org\/it\/"},{"@type":"ListItem","position":2,"name":"Il Papa ai carmelitani: &#8220;Fedelt\u00e0 al carisma&#8221;"}]},{"@type":"WebSite","@id":"https:\/\/exaudi.org\/#website","url":"https:\/\/exaudi.org\/","name":"Exaudi","description":"News","potentialAction":[{"@type":"SearchAction","target":{"@type":"EntryPoint","urlTemplate":"https:\/\/exaudi.org\/?s={search_term_string}"},"query-input":{"@type":"PropertyValueSpecification","valueRequired":true,"valueName":"search_term_string"}}],"inLanguage":"it-IT"},{"@type":"Person","@id":"https:\/\/exaudi.org\/#\/schema\/person\/e1ab6ed07c01774724dd96f925f3a5f0","name":"Exaudi Redazione","image":{"@type":"ImageObject","inLanguage":"it-IT","@id":"https:\/\/secure.gravatar.com\/avatar\/ad6774b3ada023bf5b939d64f45c94b3adf91502dd883507d469b4308a943bb3?s=96&d=mm&r=g","url":"https:\/\/secure.gravatar.com\/avatar\/ad6774b3ada023bf5b939d64f45c94b3adf91502dd883507d469b4308a943bb3?s=96&d=mm&r=g","contentUrl":"https:\/\/secure.gravatar.com\/avatar\/ad6774b3ada023bf5b939d64f45c94b3adf91502dd883507d469b4308a943bb3?s=96&d=mm&r=g","caption":"Exaudi Redazione"},"description":"Che cosa \u00e8 Exaudi News? Exaudi News \u00e8 un agenzia cattolica internazionale che informa, istruisce e trasforma quotidianamente in spagnolo, inglese e italiano. Attraverso notizie, articoli di analisi e trasmissioni in diretta degli eventi del Papa, Exaudi cerca di rafforzare l'unit\u00e0 dei cristiani e di contribuire all'evangelizzazione del mondo, sempre guidato dalla dottrina sociale della Chiesa. Lavoriamo per portare la verit\u00e0 e i valori cristiani in ogni angolo del pianeta. Aiutaci a trasformare il mondo con Exaudi! Noi di Exaudi crediamo che l'evangelizzazione e l'informazione di qualit\u00e0 possano cambiare la vita. Per continuare la nostra missione ed espandere la nostra portata, abbiamo bisogno del tuo aiuto. Stiamo anche cercando persone motivate che vogliano unirsi al nostro team. Grazie al vostro sostegno raggiungeremo pi\u00f9 persone, diffonderemo il messaggio di Cristo e rafforzeremo l'unit\u00e0 dei cristiani. Vuoi unirti alla nostra missione? Per maggiori informazioni su come contribuire, visita Exaudi.org\/it o contattaci direttamente: info@exaudi.org Exaudi: informa, forma e trasforma.","sameAs":["https:\/\/www.facebook.com\/ExaudiNotizie\/","https:\/\/www.instagram.com\/Exaudi_notizie\/","https:\/\/x.com\/Exaudi_Notizie","https:\/\/www.youtube.com\/@exaudicatholicnews"],"url":"https:\/\/exaudi.org\/it\/author\/dlvedi-org\/"}]}},"jetpack_featured_media_url":"https:\/\/exaudi.org\/wp-content\/uploads\/2021\/09\/carmelitani-scaled.jpg","jetpack_shortlink":"https:\/\/wp.me\/pgKjF2-8uu","_links":{"self":[{"href":"https:\/\/exaudi.org\/it\/wp-json\/wp\/v2\/posts\/32642","targetHints":{"allow":["GET"]}}],"collection":[{"href":"https:\/\/exaudi.org\/it\/wp-json\/wp\/v2\/posts"}],"about":[{"href":"https:\/\/exaudi.org\/it\/wp-json\/wp\/v2\/types\/post"}],"author":[{"embeddable":true,"href":"https:\/\/exaudi.org\/it\/wp-json\/wp\/v2\/users\/17"}],"replies":[{"embeddable":true,"href":"https:\/\/exaudi.org\/it\/wp-json\/wp\/v2\/comments?post=32642"}],"version-history":[{"count":0,"href":"https:\/\/exaudi.org\/it\/wp-json\/wp\/v2\/posts\/32642\/revisions"}],"wp:featuredmedia":[{"embeddable":true,"href":"https:\/\/exaudi.org\/it\/wp-json\/wp\/v2\/media\/32643"}],"wp:attachment":[{"href":"https:\/\/exaudi.org\/it\/wp-json\/wp\/v2\/media?parent=32642"}],"wp:term":[{"taxonomy":"category","embeddable":true,"href":"https:\/\/exaudi.org\/it\/wp-json\/wp\/v2\/categories?post=32642"},{"taxonomy":"post_tag","embeddable":true,"href":"https:\/\/exaudi.org\/it\/wp-json\/wp\/v2\/tags?post=32642"}],"curies":[{"name":"wp","href":"https:\/\/api.w.org\/{rel}","templated":true}]}}